{"id":63273,"date":"2019-09-25T07:00:46","date_gmt":"2019-09-25T10:00:46","guid":{"rendered":"http:\/\/patagoniambiental.com.ar\/info\/?p=63273"},"modified":"2019-09-23T13:40:33","modified_gmt":"2019-09-23T16:40:33","slug":"el-tour-vivencial-mapuche-del-lago-lleulleu","status":"publish","type":"post","link":"https:\/\/patagoniambiental.com.ar\/info\/el-tour-vivencial-mapuche-del-lago-lleulleu\/","title":{"rendered":"El tour vivencial mapuche del lago Lleulleu"},"content":{"rendered":"<div class=\"border-bottom-1 titulo-nota\">\n<div class=\"main-wrapper\">\n<div class=\"left-cat border-right-1\">\n<h4>Alojar con un pe\u00f1i, cocinar con la familia o acompa\u00f1ar a la machi: con esta oferta, siete circuitos tur\u00edsticos de Arauco crecen en visitas.<\/h4>\n<\/div>\n<\/div>\n<\/div>\n<div class=\"main-wrapper\">\n<div class=\"barra-top-dfp\">\n<div id=\"div-gpt-lt-interior-9\" data-google-query-id=\"CNT_0taH5-QCFWUNZQodRoEOXA\">\n<div id=\"google_ads_iframe_\/124506296\/La_Tercera_com\/LT_interior\/interior_barra_0__container__\"><!--more--><\/div>\n<\/div>\n<\/div>\n<section class=\"grid-x clearfix\">\n<div class=\"main-col\">\n<div class=\"container-fluid\">\n<div class=\"row m-bottom-10\">\n<div class=\"col-sm-6\">\n<h4 class=\"margin-0 m-top-10\">Autor:\u00a0<a href=\"https:\/\/www.latercera.com\/nacional\/noticia\/tour-vivencial-mapuche-del-lago-lleulleu\/829407\/#\">Karin Hillmann, desde Concepci\u00f3n<\/a><\/h4>\n<\/div>\n<div class=\"col-sm-6 col-md-5 text-right text-left-xs\">\n<h4 class=\"margin-0 article-date\"><\/h4>\n<\/div>\n<\/div>\n<div class=\"row\">\n<div class=\"col-md-11 col-article-main\">\n<div class=\"row\">\n<div class=\"col-md-12\">\n<figure class=\"mainimg border-top-blue-5\"><img decoding=\"async\" src=\"https:\/\/www.latercera.com\/wp-content\/uploads\/2019\/09\/Imagen-SAM_WEB.jpg\" alt=\"\" \/><\/figure>\n<\/div>\n<\/div>\n<div class=\"row data-wrapped\">\n<div class=\"envoltorio\">\n<div class=\"col-md-1 col-lg-2\">\n<div class=\"position-lside\"><\/div>\n<\/div>\n<div id=\"affix-single-top\" class=\"col-md-11 col-lg-10\">\n<div class=\"bg-gray bajada-art\">\n<h2><\/h2>\n<\/div>\n<\/div>\n<div id=\"ambideXtro\" class=\"col-md-11 col-lg-10 col-md-offset-1 col-lg-offset-2 nota-interior-tx p-top-30\">\n<div class=\"content-conteniendo-contenido\">\n<p>La vida de las comunidades mapuches que habitan el borde del lago Lleulleu, en la provincia de Arauco, Regi\u00f3n del Biob\u00edo, ha cambiado, y mucho. Actualmente, con m\u00e1s de alg\u00fan veh\u00edculo 4\u00d74 e idiomas extranjeros escuch\u00e1ndose por los alrededores, se ha convertido en un nuevo atractivo tanto para turistas nacionales como provenientes del exterior, quienes llegan a fascinarse con la cotidianidad del campo mapuche.<\/p>\n<p>Ubicado en plena Cordillera de Nahuelbuta, este cuerpo de agua es un territorio compartido por las comunas de Contulmo, Ca\u00f1ete y Tir\u00faa. En su extensa ribera, que tiene varias decenas de kil\u00f3metros, viven 30 comunidades ind\u00edgenas que hist\u00f3ricamente han protegido el lugar. Quiz\u00e1 por eso es el lago con las aguas m\u00e1s limpias del pa\u00eds, seg\u00fan un estudio realizado por la Direcci\u00f3n General de Aguas (DGA).<\/p>\n<p>All\u00ed, desde 2008, la cooperativa de trabajo Aukinko Leubu, apoyada por la empresa CMPC, se ha dedicado a realizar lo que ellos mismos denominan \u201cturismo vivencial\u201d en las comunidades. Es una iniciativa en la que el visitante vive, camina y respira como mapuche.<\/p>\n<p>Bajo ese concepto, tras 10 a\u00f1os de trabajo colaborativo y con m\u00e1s de 30 socios, esta cooperativa ha logrado poner en funcionamiento siete circuitos que hoy se ofrecen hasta en el extranjero.<\/p>\n<p>\u201cTodos los a\u00f1os tenemos un aumento de casi 40% de turistas nacionales y esta temporada pueden ser a\u00fan m\u00e1s, porque nos llegar\u00e1n turistas extranjeros gracias a los convenios que tiene el programa Arauko Ties, que potencia a la provincia de Arauco. Por ejemplo, este a\u00f1o nos han visitado 11 turistas franceses, un mexicano y una familia de Brasil\u201d, cuenta Neftaly Nahuelqueo, gerente de la cooperativa e integrante de la comunidad Juan Llanquileo P\u00fc.<\/p>\n<p>\u201cEl circuito de inmersi\u00f3n en territorio mapuche, de tres d\u00edas y dos noches, es el que m\u00e1s se vende en el extranjero. Los turistas pueden alojar en una caba\u00f1a o en la casa de un pe\u00f1i o lamien, donde despu\u00e9s comparten con la familia, forman parte de las labores del campo, salen a pescar y andar a caballo o visitan a la machi de la comunidad\u201d, explica.<\/p>\n<h2>Contacto con la machi<\/h2>\n<p>Los circuitos incluyen servicios como desayunos, almuerzos, caba\u00f1as, gu\u00eda y traslado desde Contulmo. Luis Quintana, socio de la cooperativa, evalu\u00f3 positivamente esta iniciativa, que le ha permitido aumentar las estad\u00edas en su caba\u00f1a y camping, ambos ubicados en el sector Coihueco.<\/p>\n<p>\u201cPara nosotros ha sido gratificante. Nos dimos cuenta de que ten\u00edamos un producto innovador muy solicitado y que permite generar un ingreso extra\u201d, reconoce.<\/p>\n<p>Alicia Llanquileo vive en el sector Huallep\u00e9n Alto. En su casa ofrece almuerzos y productos de su propia huerta. \u201cTrabajar en red con mis vecinos me ha ayudado a fortalecer mi emprendiendo, ya que vivimos en un lugar alejado de la ciudad. Cada vecino recibe su pago al final de cada circuito y gana lo que vale su servicio. Y cada vez llegan m\u00e1s turistas, la demanda es todo el a\u00f1o\u201d, describe.<\/p>\n<p>Rupu Mapuche es otra empresa de turismo comunitario que asocia a ocho organizaciones de turismo cultural, pertenecientes a las comunas de Ca\u00f1ete, Tir\u00faa, Carahue y Teodoro Schmidt. Con el apoyo de Corfo Biob\u00edo y con una inversi\u00f3n superior a $ 40 millones, su objetivo es que los emprendedores puedan adquirir competencias t\u00e9cnicas para implementar la oferta tur\u00edstica.<\/p>\n<p>\u201cCon esto demostramos que s\u00ed podemos trabajar el turismo de experiencia mapuche\u201d, recalca Nahuelqueo.<\/p>\n<p>Fuente:\u00a0https:\/\/www.latercera.com\/nacional\/noticia\/tour-vivencial-mapuche-del-lago-lleulleu\/829407\/<\/p>\n<\/div>\n<\/div>\n<\/div>\n<\/div>\n<\/div>\n<\/div>\n<\/div>\n<\/div>\n<\/section>\n<\/div>\n<p>&nbsp;<\/p>\n","protected":false},"excerpt":{"rendered":"<p>Alojar con un pe\u00f1i, cocinar con la familia o acompa\u00f1ar a la machi: con esta oferta, siete circuitos tur\u00edsticos de [&hellip;]<\/p>\n","protected":false},"author":2,"featured_media":63274,"comment_status":"open","ping_status":"open","sticky":false,"template":"","format":"standard","meta":{"site-sidebar-layout":"default","site-content-layout":"","ast-site-content-layout":"default","site-content-style":"default","site-sidebar-style":"default","ast-global-header-display":"","ast-banner-title-visibility":"","ast-main-header-display":"","ast-hfb-above-header-display":"","ast-hfb-below-header-display":"","ast-hfb-mobile-header-display":"","site-post-title":"","ast-breadcrumbs-content":"","ast-featured-img":"","footer-sml-layout":"","ast-disable-related-posts":"","theme-transparent-header-meta":"","adv-header-id-meta":"","stick-header-meta":"","header-above-stick-meta":"","header-main-stick-meta":"","header-below-stick-meta":"","astra-migrate-meta-layouts":"default","ast-page-background-enabled":"default","ast-page-background-meta":{"desktop":{"background-color":"var(--ast-global-color-5)","background-image":"","background-repeat":"repeat","background-position":"center center","background-size":"auto","background-attachment":"scroll","background-type":"","background-media":"","overlay-type":"","overlay-color":"","overlay-opacity":"","overlay-gradient":""},"tablet":{"background-color":"","background-image":"","background-repeat":"repeat","background-position":"center center","background-size":"auto","background-attachment":"scroll","background-type":"","background-media":"","overlay-type":"","overlay-color":"","overlay-opacity":"","overlay-gradient":""},"mobile":{"background-color":"","background-image":"","background-repeat":"repeat","background-position":"center center","background-size":"auto","background-attachment":"scroll","background-type":"","background-media":"","overlay-type":"","overlay-color":"","overlay-opacity":"","overlay-gradient":""}},"ast-content-background-meta":{"desktop":{"background-color":"var(--ast-global-color-4)","background-image":"","background-repeat":"repeat","background-position":"center center","background-size":"auto","background-attachment":"scroll","background-type":"","background-media":"","overlay-type":"","overlay-color":"","overlay-opacity":"","overlay-gradient":""},"tablet":{"background-color":"var(--ast-global-color-4)","background-image":"","background-repeat":"repeat","background-position":"center center","background-size":"auto","background-attachment":"scroll","background-type":"","background-media":"","overlay-type":"","overlay-color":"","overlay-opacity":"","overlay-gradient":""},"mobile":{"background-color":"var(--ast-global-color-4)","background-image":"","background-repeat":"repeat","background-position":"center center","background-size":"auto","background-attachment":"scroll","background-type":"","background-media":"","overlay-type":"","overlay-color":"","overlay-opacity":"","overlay-gradient":""}},"footnotes":""},"categories":[11,23,1,10],"tags":[],"class_list":["post-63273","post","type-post","status-publish","format-standard","has-post-thumbnail","hentry","category-boletin","category-internacionales","category-noticias","category-rotador"],"yoast_head":"<!-- This site is optimized with the Yoast SEO Premium plugin v23.0 (Yoast SEO v27.5) - https:\/\/yoast.com\/product\/yoast-seo-premium-wordpress\/ -->\n<title>El tour vivencial mapuche del lago Lleulleu<\/title>\n<meta name=\"robots\" content=\"index, follow, max-snippet:-1, max-image-preview:large, max-video-preview:-1\" \/>\n<link rel=\"canonical\" href=\"https:\/\/patagoniambiental.com.ar\/info\/el-tour-vivencial-mapuche-del-lago-lleulleu\/\" \/>\n<meta property=\"og:locale\" content=\"es_ES\" \/>\n<meta property=\"og:type\" content=\"article\" \/>\n<meta property=\"og:title\" content=\"El tour vivencial mapuche del lago Lleulleu\" \/>\n<meta property=\"og:description\" content=\"Alojar con un pe\u00f1i, cocinar con la familia o acompa\u00f1ar a la machi: con esta oferta, siete circuitos tur\u00edsticos de [&hellip;]\" \/>\n<meta property=\"og:url\" content=\"https:\/\/patagoniambiental.com.ar\/info\/el-tour-vivencial-mapuche-del-lago-lleulleu\/\" \/>\n<meta property=\"og:site_name\" content=\"Patagonia Ambiental\" \/>\n<meta property=\"article:publisher\" content=\"https:\/\/www.facebook.com\/patagonia.ambiental\" \/>\n<meta property=\"article:author\" content=\"https:\/\/www.facebook.com\/share\/1C1V8Gv9BX\/?mibextid=qi2Omg\" \/>\n<meta property=\"article:published_time\" content=\"2019-09-25T10:00:46+00:00\" \/>\n<meta property=\"og:image\" content=\"https:\/\/patagoniambiental.com.ar\/info\/wp-content\/uploads\/2019\/09\/Imagen-SAM_WEB.jpg\" \/>\n\t<meta property=\"og:image:width\" content=\"900\" \/>\n\t<meta property=\"og:image:height\" content=\"600\" \/>\n\t<meta property=\"og:image:type\" content=\"image\/jpeg\" \/>\n<meta name=\"author\" content=\"Patagonia Ambiental\" \/>\n<meta name=\"twitter:card\" content=\"summary_large_image\" \/>\n<meta name=\"twitter:creator\" content=\"@PatAmb\" \/>\n<meta name=\"twitter:site\" content=\"@PatAmb\" \/>\n<script type=\"application\/ld+json\" class=\"yoast-schema-graph\">{\"@context\":\"https:\\\/\\\/schema.org\",\"@graph\":[{\"@type\":\"Article\",\"@id\":\"https:\\\/\\\/patagoniambiental.com.ar\\\/info\\\/el-tour-vivencial-mapuche-del-lago-lleulleu\\\/#article\",\"isPartOf\":{\"@id\":\"https:\\\/\\\/patagoniambiental.com.ar\\\/info\\\/el-tour-vivencial-mapuche-del-lago-lleulleu\\\/\"},\"author\":{\"name\":\"Patagonia Ambiental\",\"@id\":\"https:\\\/\\\/patagoniambiental.com.ar\\\/info\\\/#\\\/schema\\\/person\\\/db12bff64bbcbf6a253710bf0ea37b5d\"},\"headline\":\"El tour vivencial mapuche del lago Lleulleu\",\"datePublished\":\"2019-09-25T10:00:46+00:00\",\"mainEntityOfPage\":{\"@id\":\"https:\\\/\\\/patagoniambiental.com.ar\\\/info\\\/el-tour-vivencial-mapuche-del-lago-lleulleu\\\/\"},\"wordCount\":639,\"commentCount\":0,\"publisher\":{\"@id\":\"https:\\\/\\\/patagoniambiental.com.ar\\\/info\\\/#organization\"},\"image\":{\"@id\":\"https:\\\/\\\/patagoniambiental.com.ar\\\/info\\\/el-tour-vivencial-mapuche-del-lago-lleulleu\\\/#primaryimage\"},\"thumbnailUrl\":\"https:\\\/\\\/patagoniambiental.com.ar\\\/info\\\/wp-content\\\/uploads\\\/2019\\\/09\\\/Imagen-SAM_WEB.jpg\",\"articleSection\":[\"Bolet\u00edn\",\"Internacionales\",\"Noticias\",\"Rotador\"],\"inLanguage\":\"es\",\"potentialAction\":[{\"@type\":\"CommentAction\",\"name\":\"Comment\",\"target\":[\"https:\\\/\\\/patagoniambiental.com.ar\\\/info\\\/el-tour-vivencial-mapuche-del-lago-lleulleu\\\/#respond\"]}]},{\"@type\":\"WebPage\",\"@id\":\"https:\\\/\\\/patagoniambiental.com.ar\\\/info\\\/el-tour-vivencial-mapuche-del-lago-lleulleu\\\/\",\"url\":\"https:\\\/\\\/patagoniambiental.com.ar\\\/info\\\/el-tour-vivencial-mapuche-del-lago-lleulleu\\\/\",\"name\":\"El tour vivencial mapuche del lago Lleulleu\",\"isPartOf\":{\"@id\":\"https:\\\/\\\/patagoniambiental.com.ar\\\/info\\\/#website\"},\"primaryImageOfPage\":{\"@id\":\"https:\\\/\\\/patagoniambiental.com.ar\\\/info\\\/el-tour-vivencial-mapuche-del-lago-lleulleu\\\/#primaryimage\"},\"image\":{\"@id\":\"https:\\\/\\\/patagoniambiental.com.ar\\\/info\\\/el-tour-vivencial-mapuche-del-lago-lleulleu\\\/#primaryimage\"},\"thumbnailUrl\":\"https:\\\/\\\/patagoniambiental.com.ar\\\/info\\\/wp-content\\\/uploads\\\/2019\\\/09\\\/Imagen-SAM_WEB.jpg\",\"datePublished\":\"2019-09-25T10:00:46+00:00\",\"breadcrumb\":{\"@id\":\"https:\\\/\\\/patagoniambiental.com.ar\\\/info\\\/el-tour-vivencial-mapuche-del-lago-lleulleu\\\/#breadcrumb\"},\"inLanguage\":\"es\",\"potentialAction\":[{\"@type\":\"ReadAction\",\"target\":[\"https:\\\/\\\/patagoniambiental.com.ar\\\/info\\\/el-tour-vivencial-mapuche-del-lago-lleulleu\\\/\"]}]},{\"@type\":\"ImageObject\",\"inLanguage\":\"es\",\"@id\":\"https:\\\/\\\/patagoniambiental.com.ar\\\/info\\\/el-tour-vivencial-mapuche-del-lago-lleulleu\\\/#primaryimage\",\"url\":\"https:\\\/\\\/patagoniambiental.com.ar\\\/info\\\/wp-content\\\/uploads\\\/2019\\\/09\\\/Imagen-SAM_WEB.jpg\",\"contentUrl\":\"https:\\\/\\\/patagoniambiental.com.ar\\\/info\\\/wp-content\\\/uploads\\\/2019\\\/09\\\/Imagen-SAM_WEB.jpg\",\"width\":900,\"height\":600},{\"@type\":\"BreadcrumbList\",\"@id\":\"https:\\\/\\\/patagoniambiental.com.ar\\\/info\\\/el-tour-vivencial-mapuche-del-lago-lleulleu\\\/#breadcrumb\",\"itemListElement\":[{\"@type\":\"ListItem\",\"position\":1,\"name\":\"Inicio\",\"item\":\"https:\\\/\\\/patagoniambiental.com.ar\\\/info\\\/\"},{\"@type\":\"ListItem\",\"position\":2,\"name\":\"El tour vivencial mapuche del lago Lleulleu\"}]},{\"@type\":\"WebSite\",\"@id\":\"https:\\\/\\\/patagoniambiental.com.ar\\\/info\\\/#website\",\"url\":\"https:\\\/\\\/patagoniambiental.com.ar\\\/info\\\/\",\"name\":\"Patagonia Ambiental\",\"description\":\"Monitoreo y an\u00e1lisis de la situaci\u00f3n geopol\u00edtica en el mundo y su implicancia en la Patagonia\",\"publisher\":{\"@id\":\"https:\\\/\\\/patagoniambiental.com.ar\\\/info\\\/#organization\"},\"potentialAction\":[{\"@type\":\"SearchAction\",\"target\":{\"@type\":\"EntryPoint\",\"urlTemplate\":\"https:\\\/\\\/patagoniambiental.com.ar\\\/info\\\/?s={search_term_string}\"},\"query-input\":{\"@type\":\"PropertyValueSpecification\",\"valueRequired\":true,\"valueName\":\"search_term_string\"}}],\"inLanguage\":\"es\"},{\"@type\":\"Organization\",\"@id\":\"https:\\\/\\\/patagoniambiental.com.ar\\\/info\\\/#organization\",\"name\":\"Patagonia Ambiental\",\"url\":\"https:\\\/\\\/patagoniambiental.com.ar\\\/info\\\/\",\"logo\":{\"@type\":\"ImageObject\",\"inLanguage\":\"es\",\"@id\":\"https:\\\/\\\/patagoniambiental.com.ar\\\/info\\\/#\\\/schema\\\/logo\\\/image\\\/\",\"url\":\"https:\\\/\\\/patagoniambiental.com.ar\\\/info\\\/wp-content\\\/uploads\\\/2025\\\/05\\\/LOGO-PATAGONIA-AMBIENTAL.png\",\"contentUrl\":\"https:\\\/\\\/patagoniambiental.com.ar\\\/info\\\/wp-content\\\/uploads\\\/2025\\\/05\\\/LOGO-PATAGONIA-AMBIENTAL.png\",\"width\":433,\"height\":250,\"caption\":\"Patagonia Ambiental\"},\"image\":{\"@id\":\"https:\\\/\\\/patagoniambiental.com.ar\\\/info\\\/#\\\/schema\\\/logo\\\/image\\\/\"},\"sameAs\":[\"https:\\\/\\\/www.facebook.com\\\/patagonia.ambiental\",\"https:\\\/\\\/x.com\\\/PatAmb\"]},{\"@type\":\"Person\",\"@id\":\"https:\\\/\\\/patagoniambiental.com.ar\\\/info\\\/#\\\/schema\\\/person\\\/db12bff64bbcbf6a253710bf0ea37b5d\",\"name\":\"Patagonia Ambiental\",\"description\":\"Andr\u00e9s Nievas T\u00e9cnico en manejo ambiental, consultor Ambiental y escritor para medios locales e internacionales sobre temas de geopolitica y medio ambiente.\",\"sameAs\":[\"http:\\\/\\\/www.patagoniambiental.com.ar\",\"https:\\\/\\\/www.facebook.com\\\/share\\\/1C1V8Gv9BX\\\/?mibextid=qi2Omg\",\"@patagoniambiental\",\"https:\\\/\\\/youtube.com\\\/@patagoniaambiental2023?si=BLt58t0wuXquxlYZ\"]}]}<\/script>\n<!-- \/ Yoast SEO Premium plugin. -->","yoast_head_json":{"title":"El tour vivencial mapuche del lago Lleulleu","robots":{"index":"index","follow":"follow","max-snippet":"max-snippet:-1","max-image-preview":"max-image-preview:large","max-video-preview":"max-video-preview:-1"},"canonical":"https:\/\/patagoniambiental.com.ar\/info\/el-tour-vivencial-mapuche-del-lago-lleulleu\/","og_locale":"es_ES","og_type":"article","og_title":"El tour vivencial mapuche del lago Lleulleu","og_description":"Alojar con un pe\u00f1i, cocinar con la familia o acompa\u00f1ar a la machi: con esta oferta, siete circuitos tur\u00edsticos de [&hellip;]","og_url":"https:\/\/patagoniambiental.com.ar\/info\/el-tour-vivencial-mapuche-del-lago-lleulleu\/","og_site_name":"Patagonia Ambiental","article_publisher":"https:\/\/www.facebook.com\/patagonia.ambiental","article_author":"https:\/\/www.facebook.com\/share\/1C1V8Gv9BX\/?mibextid=qi2Omg","article_published_time":"2019-09-25T10:00:46+00:00","og_image":[{"width":900,"height":600,"url":"https:\/\/patagoniambiental.com.ar\/info\/wp-content\/uploads\/2019\/09\/Imagen-SAM_WEB.jpg","type":"image\/jpeg"}],"author":"Patagonia Ambiental","twitter_card":"summary_large_image","twitter_creator":"@PatAmb","twitter_site":"@PatAmb","schema":{"@context":"https:\/\/schema.org","@graph":[{"@type":"Article","@id":"https:\/\/patagoniambiental.com.ar\/info\/el-tour-vivencial-mapuche-del-lago-lleulleu\/#article","isPartOf":{"@id":"https:\/\/patagoniambiental.com.ar\/info\/el-tour-vivencial-mapuche-del-lago-lleulleu\/"},"author":{"name":"Patagonia Ambiental","@id":"https:\/\/patagoniambiental.com.ar\/info\/#\/schema\/person\/db12bff64bbcbf6a253710bf0ea37b5d"},"headline":"El tour vivencial mapuche del lago Lleulleu","datePublished":"2019-09-25T10:00:46+00:00","mainEntityOfPage":{"@id":"https:\/\/patagoniambiental.com.ar\/info\/el-tour-vivencial-mapuche-del-lago-lleulleu\/"},"wordCount":639,"commentCount":0,"publisher":{"@id":"https:\/\/patagoniambiental.com.ar\/info\/#organization"},"image":{"@id":"https:\/\/patagoniambiental.com.ar\/info\/el-tour-vivencial-mapuche-del-lago-lleulleu\/#primaryimage"},"thumbnailUrl":"https:\/\/patagoniambiental.com.ar\/info\/wp-content\/uploads\/2019\/09\/Imagen-SAM_WEB.jpg","articleSection":["Bolet\u00edn","Internacionales","Noticias","Rotador"],"inLanguage":"es","potentialAction":[{"@type":"CommentAction","name":"Comment","target":["https:\/\/patagoniambiental.com.ar\/info\/el-tour-vivencial-mapuche-del-lago-lleulleu\/#respond"]}]},{"@type":"WebPage","@id":"https:\/\/patagoniambiental.com.ar\/info\/el-tour-vivencial-mapuche-del-lago-lleulleu\/","url":"https:\/\/patagoniambiental.com.ar\/info\/el-tour-vivencial-mapuche-del-lago-lleulleu\/","name":"El tour vivencial mapuche del lago Lleulleu","isPartOf":{"@id":"https:\/\/patagoniambiental.com.ar\/info\/#website"},"primaryImageOfPage":{"@id":"https:\/\/patagoniambiental.com.ar\/info\/el-tour-vivencial-mapuche-del-lago-lleulleu\/#primaryimage"},"image":{"@id":"https:\/\/patagoniambiental.com.ar\/info\/el-tour-vivencial-mapuche-del-lago-lleulleu\/#primaryimage"},"thumbnailUrl":"https:\/\/patagoniambiental.com.ar\/info\/wp-content\/uploads\/2019\/09\/Imagen-SAM_WEB.jpg","datePublished":"2019-09-25T10:00:46+00:00","breadcrumb":{"@id":"https:\/\/patagoniambiental.com.ar\/info\/el-tour-vivencial-mapuche-del-lago-lleulleu\/#breadcrumb"},"inLanguage":"es","potentialAction":[{"@type":"ReadAction","target":["https:\/\/patagoniambiental.com.ar\/info\/el-tour-vivencial-mapuche-del-lago-lleulleu\/"]}]},{"@type":"ImageObject","inLanguage":"es","@id":"https:\/\/patagoniambiental.com.ar\/info\/el-tour-vivencial-mapuche-del-lago-lleulleu\/#primaryimage","url":"https:\/\/patagoniambiental.com.ar\/info\/wp-content\/uploads\/2019\/09\/Imagen-SAM_WEB.jpg","contentUrl":"https:\/\/patagoniambiental.com.ar\/info\/wp-content\/uploads\/2019\/09\/Imagen-SAM_WEB.jpg","width":900,"height":600},{"@type":"BreadcrumbList","@id":"https:\/\/patagoniambiental.com.ar\/info\/el-tour-vivencial-mapuche-del-lago-lleulleu\/#breadcrumb","itemListElement":[{"@type":"ListItem","position":1,"name":"Inicio","item":"https:\/\/patagoniambiental.com.ar\/info\/"},{"@type":"ListItem","position":2,"name":"El tour vivencial mapuche del lago Lleulleu"}]},{"@type":"WebSite","@id":"https:\/\/patagoniambiental.com.ar\/info\/#website","url":"https:\/\/patagoniambiental.com.ar\/info\/","name":"Patagonia Ambiental","description":"Monitoreo y an\u00e1lisis de la situaci\u00f3n geopol\u00edtica en el mundo y su implicancia en la Patagonia","publisher":{"@id":"https:\/\/patagoniambiental.com.ar\/info\/#organization"},"potentialAction":[{"@type":"SearchAction","target":{"@type":"EntryPoint","urlTemplate":"https:\/\/patagoniambiental.com.ar\/info\/?s={search_term_string}"},"query-input":{"@type":"PropertyValueSpecification","valueRequired":true,"valueName":"search_term_string"}}],"inLanguage":"es"},{"@type":"Organization","@id":"https:\/\/patagoniambiental.com.ar\/info\/#organization","name":"Patagonia Ambiental","url":"https:\/\/patagoniambiental.com.ar\/info\/","logo":{"@type":"ImageObject","inLanguage":"es","@id":"https:\/\/patagoniambiental.com.ar\/info\/#\/schema\/logo\/image\/","url":"https:\/\/patagoniambiental.com.ar\/info\/wp-content\/uploads\/2025\/05\/LOGO-PATAGONIA-AMBIENTAL.png","contentUrl":"https:\/\/patagoniambiental.com.ar\/info\/wp-content\/uploads\/2025\/05\/LOGO-PATAGONIA-AMBIENTAL.png","width":433,"height":250,"caption":"Patagonia Ambiental"},"image":{"@id":"https:\/\/patagoniambiental.com.ar\/info\/#\/schema\/logo\/image\/"},"sameAs":["https:\/\/www.facebook.com\/patagonia.ambiental","https:\/\/x.com\/PatAmb"]},{"@type":"Person","@id":"https:\/\/patagoniambiental.com.ar\/info\/#\/schema\/person\/db12bff64bbcbf6a253710bf0ea37b5d","name":"Patagonia Ambiental","description":"Andr\u00e9s Nievas T\u00e9cnico en manejo ambiental, consultor Ambiental y escritor para medios locales e internacionales sobre temas de geopolitica y medio ambiente.","sameAs":["http:\/\/www.patagoniambiental.com.ar","https:\/\/www.facebook.com\/share\/1C1V8Gv9BX\/?mibextid=qi2Omg","@patagoniambiental","https:\/\/youtube.com\/@patagoniaambiental2023?si=BLt58t0wuXquxlYZ"]}]}},"_links":{"self":[{"href":"https:\/\/patagoniambiental.com.ar\/info\/wp-json\/wp\/v2\/posts\/63273","targetHints":{"allow":["GET"]}}],"collection":[{"href":"https:\/\/patagoniambiental.com.ar\/info\/wp-json\/wp\/v2\/posts"}],"about":[{"href":"https:\/\/patagoniambiental.com.ar\/info\/wp-json\/wp\/v2\/types\/post"}],"author":[{"embeddable":true,"href":"https:\/\/patagoniambiental.com.ar\/info\/wp-json\/wp\/v2\/users\/2"}],"replies":[{"embeddable":true,"href":"https:\/\/patagoniambiental.com.ar\/info\/wp-json\/wp\/v2\/comments?post=63273"}],"version-history":[{"count":0,"href":"https:\/\/patagoniambiental.com.ar\/info\/wp-json\/wp\/v2\/posts\/63273\/revisions"}],"wp:featuredmedia":[{"embeddable":true,"href":"https:\/\/patagoniambiental.com.ar\/info\/wp-json\/wp\/v2\/media\/63274"}],"wp:attachment":[{"href":"https:\/\/patagoniambiental.com.ar\/info\/wp-json\/wp\/v2\/media?parent=63273"}],"wp:term":[{"taxonomy":"category","embeddable":true,"href":"https:\/\/patagoniambiental.com.ar\/info\/wp-json\/wp\/v2\/categories?post=63273"},{"taxonomy":"post_tag","embeddable":true,"href":"https:\/\/patagoniambiental.com.ar\/info\/wp-json\/wp\/v2\/tags?post=63273"}],"curies":[{"name":"wp","href":"https:\/\/api.w.org\/{rel}","templated":true}]}}