{"id":63340,"date":"2019-09-28T07:00:54","date_gmt":"2019-09-28T10:00:54","guid":{"rendered":"http:\/\/patagoniambiental.com.ar\/info\/?p=63340"},"modified":"2019-09-27T10:49:09","modified_gmt":"2019-09-27T13:49:09","slug":"mas-arboles-para-tierra-del-fuego-la-provincia-suma-mas-de-40-mil-nuevos-arboles-para-reforestar-el-lote-93","status":"publish","type":"post","link":"https:\/\/patagoniambiental.com.ar\/info\/mas-arboles-para-tierra-del-fuego-la-provincia-suma-mas-de-40-mil-nuevos-arboles-para-reforestar-el-lote-93\/","title":{"rendered":"M\u00c1S \u00c1RBOLES PARA TIERRA DEL FUEGO LA PROVINCIA SUMA MAS DE 40 MIL NUEVOS \u00c1RBOLES PARA REFORESTAR EL LOTE 93"},"content":{"rendered":"<header class=\"article-header entry-header\">\n<p class=\"entry-author author\">Tierra del Fuego, AIAS.-Por\u00a0Armando Cabral. Juev 26\/09\/19.- Se trata de 71 nuevas hect\u00e1reas recuperadas en el marco del Plan de Restauraci\u00f3n del Lote 93, que se suman a los 200.000 nuevos \u00e1rboles que la provincia lleva intervenidos, junto a ONG ambientalistas, en la zona de Bahia Torito.<!--more--><\/p>\n<\/header>\n<section class=\"entry-content cf\">\n<div class=\"entry-share\">\n<div class=\"a2a_kit a2a_kit_size_32 addtoany_list\" data-a2a-url=\"http:\/\/www.lalicuadoratdf.com.ar\/2019\/09\/mas-arboles-para-tierra-del-fuego-la-provincia-suma-mas-de-40-mil-nuevos-arboles-para-reforestar-el-lote-93\/\" data-a2a-title=\"M\u00c1S \u00c1RBOLES PARA TIERRA DEL FUEGO  LA PROVINCIA SUMA MAS DE 40 MIL NUEVOS \u00c1RBOLES PARA REFORESTAR EL LOTE 93\"><\/div>\n<\/div>\n<p>La iniciativa ejecutada por el Ministerio de Agricultura, Ganader\u00eda y Pesca, se lleva adelante por medio de un vivero propio, ubicado en la localidad de Tolhuin, donde se recr\u00edan y acondicionan los plantines, que posteriormente ser\u00e1n trasplantados en la zona afectada.<\/p>\n<p>Este vivero tiene la capacidad de producir mas de 14.000 plantas por a\u00f1o.<\/p>\n<p>El plan de restauraci\u00f3n es financiado con fondos provenientes de la Ley 26.331 de Presupuestos M\u00ednimos para la Conservaci\u00f3n de Bosques Nativos, y el objetivo es llegar a intervenir 643 hect\u00e1reas de bosques, en un plazo de 20 a\u00f1os, por lo que se trata de un proyecto de largo plazo.<\/p>\n<p>La recuperaci\u00f3n de estas 71 hect\u00e1reas del Lote 93 es una acci\u00f3n directa frente a los incendios forestales ocurridos en el lugar, entre el 2008 y el a\u00f1o 2015, donde se perdi\u00f3 una importante superficie de bosque nativo, con las consecuencias que ello presenta.<\/p>\n<p>La semana que viene se dar\u00e1 inicio a la temporada 2019 de plantaci\u00f3n, la cual tendr\u00e1 lugar en diferentes \u00e1reas planificadas previamente y contara con la participaci\u00f3n de mas de 50 estudiantes de 5to y 6to a\u00f1o del colegio Trejo Noel de la ciudad de Tolhuin, con el objetivo de lograr 3000 nuevas plantas, ya que se pretende que los alumnos formen parte, junto a los t\u00e9cnicos de la Direcci\u00f3n General de Desarrollo Forestal, de los procesos de recuperaci\u00f3n de las zonas afectadas.<\/p>\n<p>Asimismo, el Ministerio se encuentra desarrollando talleres sobre reforestaci\u00f3n en escuelas y jardines provinciales. En el d\u00eda de ayer, participaron alumnos del jard\u00edn N\u00b0 13 \u201cZhioshi\u201d, donde a trav\u00e9s de actividades recreativas, se les permite conocer de diferentes maneras, nuestros recursos naturales, plantando y generando juguetes con material reciclado provenientes de la industria forestal, siempre generando conciencia sobre la importancia del cuidado del medio ambiente.<img decoding=\"async\" class=\"alignnone  wp-image-163593\" src=\"http:\/\/www.lalicuadoratdf.com.ar\/wp-content\/uploads\/2019\/09\/whatsapp-image-2019-09-26-at-17-17-14-300x300.jpeg\" sizes=\"(max-width: 300px) 100vw, 300px\" srcset=\"http:\/\/www.lalicuadoratdf.com.ar\/wp-content\/uploads\/2019\/09\/whatsapp-image-2019-09-26-at-17-17-14-300x300.jpeg 300w, http:\/\/www.lalicuadoratdf.com.ar\/wp-content\/uploads\/2019\/09\/whatsapp-image-2019-09-26-at-17-17-14-160x160.jpeg 160w\" alt=\"\" width=\"189\" height=\"189\" \/>\u00a0<img fetchpriority=\"high\" decoding=\"async\" class=\"alignnone size-medium wp-image-163594\" src=\"http:\/\/www.lalicuadoratdf.com.ar\/wp-content\/uploads\/2019\/09\/whatsapp-image-2019-09-26-at-17-17-15-300x231.jpeg\" alt=\"\" width=\"300\" height=\"231\" \/>\u00a0<img decoding=\"async\" class=\"alignnone size-medium wp-image-163595\" src=\"http:\/\/www.lalicuadoratdf.com.ar\/wp-content\/uploads\/2019\/09\/whatsapp-image-2019-09-26-at-17-17-16-300x300.jpeg\" sizes=\"(max-width: 300px) 100vw, 300px\" srcset=\"http:\/\/www.lalicuadoratdf.com.ar\/wp-content\/uploads\/2019\/09\/whatsapp-image-2019-09-26-at-17-17-16-300x300.jpeg 300w, http:\/\/www.lalicuadoratdf.com.ar\/wp-content\/uploads\/2019\/09\/whatsapp-image-2019-09-26-at-17-17-16-160x160.jpeg 160w\" alt=\"\" width=\"300\" height=\"300\" \/>\u00a0<img loading=\"lazy\" decoding=\"async\" class=\"alignnone size-medium wp-image-163596\" src=\"http:\/\/www.lalicuadoratdf.com.ar\/wp-content\/uploads\/2019\/09\/whatsapp-image-2019-09-26-at-17-17-19-300x300.jpeg\" sizes=\"(max-width: 300px) 100vw, 300px\" srcset=\"http:\/\/www.lalicuadoratdf.com.ar\/wp-content\/uploads\/2019\/09\/whatsapp-image-2019-09-26-at-17-17-19-300x300.jpeg 300w, http:\/\/www.lalicuadoratdf.com.ar\/wp-content\/uploads\/2019\/09\/whatsapp-image-2019-09-26-at-17-17-19-160x160.jpeg 160w\" alt=\"\" width=\"300\" height=\"300\" \/>\u00a0<img loading=\"lazy\" decoding=\"async\" class=\"alignnone size-medium wp-image-163597\" src=\"http:\/\/www.lalicuadoratdf.com.ar\/wp-content\/uploads\/2019\/09\/whatsapp-image-2019-09-26-at-17-17-20-300x300.jpeg\" sizes=\"(max-width: 300px) 100vw, 300px\" srcset=\"http:\/\/www.lalicuadoratdf.com.ar\/wp-content\/uploads\/2019\/09\/whatsapp-image-2019-09-26-at-17-17-20-300x300.jpeg 300w, http:\/\/www.lalicuadoratdf.com.ar\/wp-content\/uploads\/2019\/09\/whatsapp-image-2019-09-26-at-17-17-20-160x160.jpeg 160w\" alt=\"\" width=\"300\" height=\"300\" \/>\u00a0<img loading=\"lazy\" decoding=\"async\" class=\"alignnone size-medium wp-image-163598\" src=\"http:\/\/www.lalicuadoratdf.com.ar\/wp-content\/uploads\/2019\/09\/whatsapp-image-2019-09-26-at-17-17-21-300x300.jpeg\" sizes=\"(max-width: 300px) 100vw, 300px\" srcset=\"http:\/\/www.lalicuadoratdf.com.ar\/wp-content\/uploads\/2019\/09\/whatsapp-image-2019-09-26-at-17-17-21-300x300.jpeg 300w, http:\/\/www.lalicuadoratdf.com.ar\/wp-content\/uploads\/2019\/09\/whatsapp-image-2019-09-26-at-17-17-21-160x160.jpeg 160w\" alt=\"\" width=\"300\" height=\"300\" \/>\u00a0<img loading=\"lazy\" decoding=\"async\" class=\"alignnone size-medium wp-image-163599\" src=\"http:\/\/www.lalicuadoratdf.com.ar\/wp-content\/uploads\/2019\/09\/whatsapp-image-2019-09-26-at-17-17-22-1-300x300.jpeg\" sizes=\"(max-width: 300px) 100vw, 300px\" srcset=\"http:\/\/www.lalicuadoratdf.com.ar\/wp-content\/uploads\/2019\/09\/whatsapp-image-2019-09-26-at-17-17-22-1-300x300.jpeg 300w, http:\/\/www.lalicuadoratdf.com.ar\/wp-content\/uploads\/2019\/09\/whatsapp-image-2019-09-26-at-17-17-22-1-160x160.jpeg 160w\" alt=\"\" width=\"300\" height=\"300\" \/>\u00a0<img loading=\"lazy\" decoding=\"async\" class=\"alignnone size-medium wp-image-163600\" src=\"http:\/\/www.lalicuadoratdf.com.ar\/wp-content\/uploads\/2019\/09\/whatsapp-image-2019-09-26-at-17-17-23-300x300.jpeg\" sizes=\"(max-width: 300px) 100vw, 300px\" srcset=\"http:\/\/www.lalicuadoratdf.com.ar\/wp-content\/uploads\/2019\/09\/whatsapp-image-2019-09-26-at-17-17-23-300x300.jpeg 300w, http:\/\/www.lalicuadoratdf.com.ar\/wp-content\/uploads\/2019\/09\/whatsapp-image-2019-09-26-at-17-17-23-160x160.jpeg 160w, http:\/\/www.lalicuadoratdf.com.ar\/wp-content\/uploads\/2019\/09\/whatsapp-image-2019-09-26-at-17-17-23.jpeg 512w\" alt=\"\" width=\"300\" height=\"300\" \/>\u00a0<img loading=\"lazy\" decoding=\"async\" class=\"alignnone size-medium wp-image-163601\" src=\"http:\/\/www.lalicuadoratdf.com.ar\/wp-content\/uploads\/2019\/09\/whatsapp-image-2019-09-26-at-17-17-24-300x300.jpeg\" sizes=\"(max-width: 300px) 100vw, 300px\" srcset=\"http:\/\/www.lalicuadoratdf.com.ar\/wp-content\/uploads\/2019\/09\/whatsapp-image-2019-09-26-at-17-17-24-300x300.jpeg 300w, http:\/\/www.lalicuadoratdf.com.ar\/wp-content\/uploads\/2019\/09\/whatsapp-image-2019-09-26-at-17-17-24-160x160.jpeg 160w\" alt=\"\" width=\"300\" height=\"300\" \/>\u00a0<img loading=\"lazy\" decoding=\"async\" class=\"alignnone size-medium wp-image-163602\" src=\"http:\/\/www.lalicuadoratdf.com.ar\/wp-content\/uploads\/2019\/09\/whatsapp-image-2019-09-26-at-17-17-25-300x300.jpeg\" sizes=\"(max-width: 300px) 100vw, 300px\" srcset=\"http:\/\/www.lalicuadoratdf.com.ar\/wp-content\/uploads\/2019\/09\/whatsapp-image-2019-09-26-at-17-17-25-300x300.jpeg 300w, http:\/\/www.lalicuadoratdf.com.ar\/wp-content\/uploads\/2019\/09\/whatsapp-image-2019-09-26-at-17-17-25-160x160.jpeg 160w\" alt=\"\" width=\"300\" height=\"300\" \/><\/p>\n<\/section>\n<p>&nbsp;<\/p>\n<footer class=\"article-footer\">\n<p class=\"tags\">Fuente: La Licuadora TDF<\/p>\n<\/footer>\n","protected":false},"excerpt":{"rendered":"<p>Tierra del Fuego, AIAS.-Por\u00a0Armando Cabral. Juev 26\/09\/19.- Se trata de 71 nuevas hect\u00e1reas recuperadas en el marco del Plan de [&hellip;]<\/p>\n","protected":false},"author":2,"featured_media":63341,"comment_status":"open","ping_status":"open","sticky":false,"template":"","format":"standard","meta":{"site-sidebar-layout":"default","site-content-layout":"","ast-site-content-layout":"default","site-content-style":"default","site-sidebar-style":"default","ast-global-header-display":"","ast-banner-title-visibility":"","ast-main-header-display":"","ast-hfb-above-header-display":"","ast-hfb-below-header-display":"","ast-hfb-mobile-header-display":"","site-post-title":"","ast-breadcrumbs-content":"","ast-featured-img":"","footer-sml-layout":"","ast-disable-related-posts":"","theme-transparent-header-meta":"","adv-header-id-meta":"","stick-header-meta":"","header-above-stick-meta":"","header-main-stick-meta":"","header-below-stick-meta":"","astra-migrate-meta-layouts":"default","ast-page-background-enabled":"default","ast-page-background-meta":{"desktop":{"background-color":"var(--ast-global-color-5)","background-image":"","background-repeat":"repeat","background-position":"center center","background-size":"auto","background-attachment":"scroll","background-type":"","background-media":"","overlay-type":"","overlay-color":"","overlay-opacity":"","overlay-gradient":""},"tablet":{"background-color":"","background-image":"","background-repeat":"repeat","background-position":"center center","background-size":"auto","background-attachment":"scroll","background-type":"","background-media":"","overlay-type":"","overlay-color":"","overlay-opacity":"","overlay-gradient":""},"mobile":{"background-color":"","background-image":"","background-repeat":"repeat","background-position":"center center","background-size":"auto","background-attachment":"scroll","background-type":"","background-media":"","overlay-type":"","overlay-color":"","overlay-opacity":"","overlay-gradient":""}},"ast-content-background-meta":{"desktop":{"background-color":"var(--ast-global-color-4)","background-image":"","background-repeat":"repeat","background-position":"center center","background-size":"auto","background-attachment":"scroll","background-type":"","background-media":"","overlay-type":"","overlay-color":"","overlay-opacity":"","overlay-gradient":""},"tablet":{"background-color":"var(--ast-global-color-4)","background-image":"","background-repeat":"repeat","background-position":"center center","background-size":"auto","background-attachment":"scroll","background-type":"","background-media":"","overlay-type":"","overlay-color":"","overlay-opacity":"","overlay-gradient":""},"mobile":{"background-color":"var(--ast-global-color-4)","background-image":"","background-repeat":"repeat","background-position":"center center","background-size":"auto","background-attachment":"scroll","background-type":"","background-media":"","overlay-type":"","overlay-color":"","overlay-opacity":"","overlay-gradient":""}},"footnotes":""},"categories":[1,13,25],"tags":[],"class_list":["post-63340","post","type-post","status-publish","format-standard","has-post-thumbnail","hentry","category-noticias","category-provinciales","category-tierra-del-fuego"],"yoast_head":"<!-- This site is optimized with the Yoast SEO Premium plugin v23.0 (Yoast SEO v27.5) - https:\/\/yoast.com\/product\/yoast-seo-premium-wordpress\/ -->\n<title>M\u00c1S \u00c1RBOLES PARA TIERRA DEL FUEGO LA PROVINCIA SUMA MAS DE 40 MIL NUEVOS \u00c1RBOLES PARA REFORESTAR EL LOTE 93<\/title>\n<meta name=\"robots\" content=\"index, follow, max-snippet:-1, max-image-preview:large, max-video-preview:-1\" \/>\n<link rel=\"canonical\" href=\"https:\/\/patagoniambiental.com.ar\/info\/mas-arboles-para-tierra-del-fuego-la-provincia-suma-mas-de-40-mil-nuevos-arboles-para-reforestar-el-lote-93\/\" \/>\n<meta property=\"og:locale\" content=\"es_ES\" \/>\n<meta property=\"og:type\" content=\"article\" \/>\n<meta property=\"og:title\" content=\"M\u00c1S \u00c1RBOLES PARA TIERRA DEL FUEGO LA PROVINCIA SUMA MAS DE 40 MIL NUEVOS \u00c1RBOLES PARA REFORESTAR EL LOTE 93\" \/>\n<meta property=\"og:description\" content=\"Tierra del Fuego, AIAS.-Por\u00a0Armando Cabral. Juev 26\/09\/19.- Se trata de 71 nuevas hect\u00e1reas recuperadas en el marco del Plan de [&hellip;]\" \/>\n<meta property=\"og:url\" content=\"https:\/\/patagoniambiental.com.ar\/info\/mas-arboles-para-tierra-del-fuego-la-provincia-suma-mas-de-40-mil-nuevos-arboles-para-reforestar-el-lote-93\/\" \/>\n<meta property=\"og:site_name\" content=\"Patagonia Ambiental\" \/>\n<meta property=\"article:publisher\" content=\"https:\/\/www.facebook.com\/patagonia.ambiental\" \/>\n<meta property=\"article:author\" content=\"https:\/\/www.facebook.com\/share\/1C1V8Gv9BX\/?mibextid=qi2Omg\" \/>\n<meta property=\"article:published_time\" content=\"2019-09-28T10:00:54+00:00\" \/>\n<meta property=\"og:image\" content=\"https:\/\/patagoniambiental.com.ar\/info\/wp-content\/uploads\/2019\/09\/whatsapp-image-2019-09-26-at-17-17-23-300x300.jpeg\" \/>\n\t<meta property=\"og:image:width\" content=\"300\" \/>\n\t<meta property=\"og:image:height\" content=\"300\" \/>\n\t<meta property=\"og:image:type\" content=\"image\/jpeg\" \/>\n<meta name=\"author\" content=\"Patagonia Ambiental\" \/>\n<meta name=\"twitter:card\" content=\"summary_large_image\" \/>\n<meta name=\"twitter:creator\" content=\"@PatAmb\" \/>\n<meta name=\"twitter:site\" content=\"@PatAmb\" \/>\n<script type=\"application\/ld+json\" class=\"yoast-schema-graph\">{\"@context\":\"https:\\\/\\\/schema.org\",\"@graph\":[{\"@type\":\"Article\",\"@id\":\"https:\\\/\\\/patagoniambiental.com.ar\\\/info\\\/mas-arboles-para-tierra-del-fuego-la-provincia-suma-mas-de-40-mil-nuevos-arboles-para-reforestar-el-lote-93\\\/#article\",\"isPartOf\":{\"@id\":\"https:\\\/\\\/patagoniambiental.com.ar\\\/info\\\/mas-arboles-para-tierra-del-fuego-la-provincia-suma-mas-de-40-mil-nuevos-arboles-para-reforestar-el-lote-93\\\/\"},\"author\":{\"name\":\"Patagonia Ambiental\",\"@id\":\"https:\\\/\\\/patagoniambiental.com.ar\\\/info\\\/#\\\/schema\\\/person\\\/db12bff64bbcbf6a253710bf0ea37b5d\"},\"headline\":\"M\u00c1S \u00c1RBOLES PARA TIERRA DEL FUEGO LA PROVINCIA SUMA MAS DE 40 MIL NUEVOS \u00c1RBOLES PARA REFORESTAR EL LOTE 93\",\"datePublished\":\"2019-09-28T10:00:54+00:00\",\"mainEntityOfPage\":{\"@id\":\"https:\\\/\\\/patagoniambiental.com.ar\\\/info\\\/mas-arboles-para-tierra-del-fuego-la-provincia-suma-mas-de-40-mil-nuevos-arboles-para-reforestar-el-lote-93\\\/\"},\"wordCount\":379,\"commentCount\":0,\"publisher\":{\"@id\":\"https:\\\/\\\/patagoniambiental.com.ar\\\/info\\\/#organization\"},\"image\":{\"@id\":\"https:\\\/\\\/patagoniambiental.com.ar\\\/info\\\/mas-arboles-para-tierra-del-fuego-la-provincia-suma-mas-de-40-mil-nuevos-arboles-para-reforestar-el-lote-93\\\/#primaryimage\"},\"thumbnailUrl\":\"https:\\\/\\\/patagoniambiental.com.ar\\\/info\\\/wp-content\\\/uploads\\\/2019\\\/09\\\/whatsapp-image-2019-09-26-at-17-17-23-300x300.jpeg\",\"articleSection\":[\"Noticias\",\"Provinciales\",\"Tierra del Fuego\"],\"inLanguage\":\"es\",\"potentialAction\":[{\"@type\":\"CommentAction\",\"name\":\"Comment\",\"target\":[\"https:\\\/\\\/patagoniambiental.com.ar\\\/info\\\/mas-arboles-para-tierra-del-fuego-la-provincia-suma-mas-de-40-mil-nuevos-arboles-para-reforestar-el-lote-93\\\/#respond\"]}]},{\"@type\":\"WebPage\",\"@id\":\"https:\\\/\\\/patagoniambiental.com.ar\\\/info\\\/mas-arboles-para-tierra-del-fuego-la-provincia-suma-mas-de-40-mil-nuevos-arboles-para-reforestar-el-lote-93\\\/\",\"url\":\"https:\\\/\\\/patagoniambiental.com.ar\\\/info\\\/mas-arboles-para-tierra-del-fuego-la-provincia-suma-mas-de-40-mil-nuevos-arboles-para-reforestar-el-lote-93\\\/\",\"name\":\"M\u00c1S \u00c1RBOLES PARA TIERRA DEL FUEGO LA PROVINCIA SUMA MAS DE 40 MIL NUEVOS \u00c1RBOLES PARA REFORESTAR EL LOTE 93\",\"isPartOf\":{\"@id\":\"https:\\\/\\\/patagoniambiental.com.ar\\\/info\\\/#website\"},\"primaryImageOfPage\":{\"@id\":\"https:\\\/\\\/patagoniambiental.com.ar\\\/info\\\/mas-arboles-para-tierra-del-fuego-la-provincia-suma-mas-de-40-mil-nuevos-arboles-para-reforestar-el-lote-93\\\/#primaryimage\"},\"image\":{\"@id\":\"https:\\\/\\\/patagoniambiental.com.ar\\\/info\\\/mas-arboles-para-tierra-del-fuego-la-provincia-suma-mas-de-40-mil-nuevos-arboles-para-reforestar-el-lote-93\\\/#primaryimage\"},\"thumbnailUrl\":\"https:\\\/\\\/patagoniambiental.com.ar\\\/info\\\/wp-content\\\/uploads\\\/2019\\\/09\\\/whatsapp-image-2019-09-26-at-17-17-23-300x300.jpeg\",\"datePublished\":\"2019-09-28T10:00:54+00:00\",\"breadcrumb\":{\"@id\":\"https:\\\/\\\/patagoniambiental.com.ar\\\/info\\\/mas-arboles-para-tierra-del-fuego-la-provincia-suma-mas-de-40-mil-nuevos-arboles-para-reforestar-el-lote-93\\\/#breadcrumb\"},\"inLanguage\":\"es\",\"potentialAction\":[{\"@type\":\"ReadAction\",\"target\":[\"https:\\\/\\\/patagoniambiental.com.ar\\\/info\\\/mas-arboles-para-tierra-del-fuego-la-provincia-suma-mas-de-40-mil-nuevos-arboles-para-reforestar-el-lote-93\\\/\"]}]},{\"@type\":\"ImageObject\",\"inLanguage\":\"es\",\"@id\":\"https:\\\/\\\/patagoniambiental.com.ar\\\/info\\\/mas-arboles-para-tierra-del-fuego-la-provincia-suma-mas-de-40-mil-nuevos-arboles-para-reforestar-el-lote-93\\\/#primaryimage\",\"url\":\"https:\\\/\\\/patagoniambiental.com.ar\\\/info\\\/wp-content\\\/uploads\\\/2019\\\/09\\\/whatsapp-image-2019-09-26-at-17-17-23-300x300.jpeg\",\"contentUrl\":\"https:\\\/\\\/patagoniambiental.com.ar\\\/info\\\/wp-content\\\/uploads\\\/2019\\\/09\\\/whatsapp-image-2019-09-26-at-17-17-23-300x300.jpeg\",\"width\":300,\"height\":300},{\"@type\":\"BreadcrumbList\",\"@id\":\"https:\\\/\\\/patagoniambiental.com.ar\\\/info\\\/mas-arboles-para-tierra-del-fuego-la-provincia-suma-mas-de-40-mil-nuevos-arboles-para-reforestar-el-lote-93\\\/#breadcrumb\",\"itemListElement\":[{\"@type\":\"ListItem\",\"position\":1,\"name\":\"Inicio\",\"item\":\"https:\\\/\\\/patagoniambiental.com.ar\\\/info\\\/\"},{\"@type\":\"ListItem\",\"position\":2,\"name\":\"M\u00c1S \u00c1RBOLES PARA TIERRA DEL FUEGO LA PROVINCIA SUMA MAS DE 40 MIL NUEVOS \u00c1RBOLES PARA REFORESTAR EL LOTE 93\"}]},{\"@type\":\"WebSite\",\"@id\":\"https:\\\/\\\/patagoniambiental.com.ar\\\/info\\\/#website\",\"url\":\"https:\\\/\\\/patagoniambiental.com.ar\\\/info\\\/\",\"name\":\"Patagonia Ambiental\",\"description\":\"Monitoreo y an\u00e1lisis de la situaci\u00f3n geopol\u00edtica en el mundo y su implicancia en la Patagonia\",\"publisher\":{\"@id\":\"https:\\\/\\\/patagoniambiental.com.ar\\\/info\\\/#organization\"},\"potentialAction\":[{\"@type\":\"SearchAction\",\"target\":{\"@type\":\"EntryPoint\",\"urlTemplate\":\"https:\\\/\\\/patagoniambiental.com.ar\\\/info\\\/?s={search_term_string}\"},\"query-input\":{\"@type\":\"PropertyValueSpecification\",\"valueRequired\":true,\"valueName\":\"search_term_string\"}}],\"inLanguage\":\"es\"},{\"@type\":\"Organization\",\"@id\":\"https:\\\/\\\/patagoniambiental.com.ar\\\/info\\\/#organization\",\"name\":\"Patagonia Ambiental\",\"url\":\"https:\\\/\\\/patagoniambiental.com.ar\\\/info\\\/\",\"logo\":{\"@type\":\"ImageObject\",\"inLanguage\":\"es\",\"@id\":\"https:\\\/\\\/patagoniambiental.com.ar\\\/info\\\/#\\\/schema\\\/logo\\\/image\\\/\",\"url\":\"https:\\\/\\\/patagoniambiental.com.ar\\\/info\\\/wp-content\\\/uploads\\\/2025\\\/05\\\/LOGO-PATAGONIA-AMBIENTAL.png\",\"contentUrl\":\"https:\\\/\\\/patagoniambiental.com.ar\\\/info\\\/wp-content\\\/uploads\\\/2025\\\/05\\\/LOGO-PATAGONIA-AMBIENTAL.png\",\"width\":433,\"height\":250,\"caption\":\"Patagonia Ambiental\"},\"image\":{\"@id\":\"https:\\\/\\\/patagoniambiental.com.ar\\\/info\\\/#\\\/schema\\\/logo\\\/image\\\/\"},\"sameAs\":[\"https:\\\/\\\/www.facebook.com\\\/patagonia.ambiental\",\"https:\\\/\\\/x.com\\\/PatAmb\"]},{\"@type\":\"Person\",\"@id\":\"https:\\\/\\\/patagoniambiental.com.ar\\\/info\\\/#\\\/schema\\\/person\\\/db12bff64bbcbf6a253710bf0ea37b5d\",\"name\":\"Patagonia Ambiental\",\"description\":\"Andr\u00e9s Nievas T\u00e9cnico en manejo ambiental, consultor Ambiental y escritor para medios locales e internacionales sobre temas de geopolitica y medio ambiente.\",\"sameAs\":[\"http:\\\/\\\/www.patagoniambiental.com.ar\",\"https:\\\/\\\/www.facebook.com\\\/share\\\/1C1V8Gv9BX\\\/?mibextid=qi2Omg\",\"@patagoniambiental\",\"https:\\\/\\\/youtube.com\\\/@patagoniaambiental2023?si=BLt58t0wuXquxlYZ\"]}]}<\/script>\n<!-- \/ Yoast SEO Premium plugin. -->","yoast_head_json":{"title":"M\u00c1S \u00c1RBOLES PARA TIERRA DEL FUEGO LA PROVINCIA SUMA MAS DE 40 MIL NUEVOS \u00c1RBOLES PARA REFORESTAR EL LOTE 93","robots":{"index":"index","follow":"follow","max-snippet":"max-snippet:-1","max-image-preview":"max-image-preview:large","max-video-preview":"max-video-preview:-1"},"canonical":"https:\/\/patagoniambiental.com.ar\/info\/mas-arboles-para-tierra-del-fuego-la-provincia-suma-mas-de-40-mil-nuevos-arboles-para-reforestar-el-lote-93\/","og_locale":"es_ES","og_type":"article","og_title":"M\u00c1S \u00c1RBOLES PARA TIERRA DEL FUEGO LA PROVINCIA SUMA MAS DE 40 MIL NUEVOS \u00c1RBOLES PARA REFORESTAR EL LOTE 93","og_description":"Tierra del Fuego, AIAS.-Por\u00a0Armando Cabral. Juev 26\/09\/19.- Se trata de 71 nuevas hect\u00e1reas recuperadas en el marco del Plan de [&hellip;]","og_url":"https:\/\/patagoniambiental.com.ar\/info\/mas-arboles-para-tierra-del-fuego-la-provincia-suma-mas-de-40-mil-nuevos-arboles-para-reforestar-el-lote-93\/","og_site_name":"Patagonia Ambiental","article_publisher":"https:\/\/www.facebook.com\/patagonia.ambiental","article_author":"https:\/\/www.facebook.com\/share\/1C1V8Gv9BX\/?mibextid=qi2Omg","article_published_time":"2019-09-28T10:00:54+00:00","og_image":[{"width":300,"height":300,"url":"https:\/\/patagoniambiental.com.ar\/info\/wp-content\/uploads\/2019\/09\/whatsapp-image-2019-09-26-at-17-17-23-300x300.jpeg","type":"image\/jpeg"}],"author":"Patagonia Ambiental","twitter_card":"summary_large_image","twitter_creator":"@PatAmb","twitter_site":"@PatAmb","schema":{"@context":"https:\/\/schema.org","@graph":[{"@type":"Article","@id":"https:\/\/patagoniambiental.com.ar\/info\/mas-arboles-para-tierra-del-fuego-la-provincia-suma-mas-de-40-mil-nuevos-arboles-para-reforestar-el-lote-93\/#article","isPartOf":{"@id":"https:\/\/patagoniambiental.com.ar\/info\/mas-arboles-para-tierra-del-fuego-la-provincia-suma-mas-de-40-mil-nuevos-arboles-para-reforestar-el-lote-93\/"},"author":{"name":"Patagonia Ambiental","@id":"https:\/\/patagoniambiental.com.ar\/info\/#\/schema\/person\/db12bff64bbcbf6a253710bf0ea37b5d"},"headline":"M\u00c1S \u00c1RBOLES PARA TIERRA DEL FUEGO LA PROVINCIA SUMA MAS DE 40 MIL NUEVOS \u00c1RBOLES PARA REFORESTAR EL LOTE 93","datePublished":"2019-09-28T10:00:54+00:00","mainEntityOfPage":{"@id":"https:\/\/patagoniambiental.com.ar\/info\/mas-arboles-para-tierra-del-fuego-la-provincia-suma-mas-de-40-mil-nuevos-arboles-para-reforestar-el-lote-93\/"},"wordCount":379,"commentCount":0,"publisher":{"@id":"https:\/\/patagoniambiental.com.ar\/info\/#organization"},"image":{"@id":"https:\/\/patagoniambiental.com.ar\/info\/mas-arboles-para-tierra-del-fuego-la-provincia-suma-mas-de-40-mil-nuevos-arboles-para-reforestar-el-lote-93\/#primaryimage"},"thumbnailUrl":"https:\/\/patagoniambiental.com.ar\/info\/wp-content\/uploads\/2019\/09\/whatsapp-image-2019-09-26-at-17-17-23-300x300.jpeg","articleSection":["Noticias","Provinciales","Tierra del Fuego"],"inLanguage":"es","potentialAction":[{"@type":"CommentAction","name":"Comment","target":["https:\/\/patagoniambiental.com.ar\/info\/mas-arboles-para-tierra-del-fuego-la-provincia-suma-mas-de-40-mil-nuevos-arboles-para-reforestar-el-lote-93\/#respond"]}]},{"@type":"WebPage","@id":"https:\/\/patagoniambiental.com.ar\/info\/mas-arboles-para-tierra-del-fuego-la-provincia-suma-mas-de-40-mil-nuevos-arboles-para-reforestar-el-lote-93\/","url":"https:\/\/patagoniambiental.com.ar\/info\/mas-arboles-para-tierra-del-fuego-la-provincia-suma-mas-de-40-mil-nuevos-arboles-para-reforestar-el-lote-93\/","name":"M\u00c1S \u00c1RBOLES PARA TIERRA DEL FUEGO LA PROVINCIA SUMA MAS DE 40 MIL NUEVOS \u00c1RBOLES PARA REFORESTAR EL LOTE 93","isPartOf":{"@id":"https:\/\/patagoniambiental.com.ar\/info\/#website"},"primaryImageOfPage":{"@id":"https:\/\/patagoniambiental.com.ar\/info\/mas-arboles-para-tierra-del-fuego-la-provincia-suma-mas-de-40-mil-nuevos-arboles-para-reforestar-el-lote-93\/#primaryimage"},"image":{"@id":"https:\/\/patagoniambiental.com.ar\/info\/mas-arboles-para-tierra-del-fuego-la-provincia-suma-mas-de-40-mil-nuevos-arboles-para-reforestar-el-lote-93\/#primaryimage"},"thumbnailUrl":"https:\/\/patagoniambiental.com.ar\/info\/wp-content\/uploads\/2019\/09\/whatsapp-image-2019-09-26-at-17-17-23-300x300.jpeg","datePublished":"2019-09-28T10:00:54+00:00","breadcrumb":{"@id":"https:\/\/patagoniambiental.com.ar\/info\/mas-arboles-para-tierra-del-fuego-la-provincia-suma-mas-de-40-mil-nuevos-arboles-para-reforestar-el-lote-93\/#breadcrumb"},"inLanguage":"es","potentialAction":[{"@type":"ReadAction","target":["https:\/\/patagoniambiental.com.ar\/info\/mas-arboles-para-tierra-del-fuego-la-provincia-suma-mas-de-40-mil-nuevos-arboles-para-reforestar-el-lote-93\/"]}]},{"@type":"ImageObject","inLanguage":"es","@id":"https:\/\/patagoniambiental.com.ar\/info\/mas-arboles-para-tierra-del-fuego-la-provincia-suma-mas-de-40-mil-nuevos-arboles-para-reforestar-el-lote-93\/#primaryimage","url":"https:\/\/patagoniambiental.com.ar\/info\/wp-content\/uploads\/2019\/09\/whatsapp-image-2019-09-26-at-17-17-23-300x300.jpeg","contentUrl":"https:\/\/patagoniambiental.com.ar\/info\/wp-content\/uploads\/2019\/09\/whatsapp-image-2019-09-26-at-17-17-23-300x300.jpeg","width":300,"height":300},{"@type":"BreadcrumbList","@id":"https:\/\/patagoniambiental.com.ar\/info\/mas-arboles-para-tierra-del-fuego-la-provincia-suma-mas-de-40-mil-nuevos-arboles-para-reforestar-el-lote-93\/#breadcrumb","itemListElement":[{"@type":"ListItem","position":1,"name":"Inicio","item":"https:\/\/patagoniambiental.com.ar\/info\/"},{"@type":"ListItem","position":2,"name":"M\u00c1S \u00c1RBOLES PARA TIERRA DEL FUEGO LA PROVINCIA SUMA MAS DE 40 MIL NUEVOS \u00c1RBOLES PARA REFORESTAR EL LOTE 93"}]},{"@type":"WebSite","@id":"https:\/\/patagoniambiental.com.ar\/info\/#website","url":"https:\/\/patagoniambiental.com.ar\/info\/","name":"Patagonia Ambiental","description":"Monitoreo y an\u00e1lisis de la situaci\u00f3n geopol\u00edtica en el mundo y su implicancia en la Patagonia","publisher":{"@id":"https:\/\/patagoniambiental.com.ar\/info\/#organization"},"potentialAction":[{"@type":"SearchAction","target":{"@type":"EntryPoint","urlTemplate":"https:\/\/patagoniambiental.com.ar\/info\/?s={search_term_string}"},"query-input":{"@type":"PropertyValueSpecification","valueRequired":true,"valueName":"search_term_string"}}],"inLanguage":"es"},{"@type":"Organization","@id":"https:\/\/patagoniambiental.com.ar\/info\/#organization","name":"Patagonia Ambiental","url":"https:\/\/patagoniambiental.com.ar\/info\/","logo":{"@type":"ImageObject","inLanguage":"es","@id":"https:\/\/patagoniambiental.com.ar\/info\/#\/schema\/logo\/image\/","url":"https:\/\/patagoniambiental.com.ar\/info\/wp-content\/uploads\/2025\/05\/LOGO-PATAGONIA-AMBIENTAL.png","contentUrl":"https:\/\/patagoniambiental.com.ar\/info\/wp-content\/uploads\/2025\/05\/LOGO-PATAGONIA-AMBIENTAL.png","width":433,"height":250,"caption":"Patagonia Ambiental"},"image":{"@id":"https:\/\/patagoniambiental.com.ar\/info\/#\/schema\/logo\/image\/"},"sameAs":["https:\/\/www.facebook.com\/patagonia.ambiental","https:\/\/x.com\/PatAmb"]},{"@type":"Person","@id":"https:\/\/patagoniambiental.com.ar\/info\/#\/schema\/person\/db12bff64bbcbf6a253710bf0ea37b5d","name":"Patagonia Ambiental","description":"Andr\u00e9s Nievas T\u00e9cnico en manejo ambiental, consultor Ambiental y escritor para medios locales e internacionales sobre temas de geopolitica y medio ambiente.","sameAs":["http:\/\/www.patagoniambiental.com.ar","https:\/\/www.facebook.com\/share\/1C1V8Gv9BX\/?mibextid=qi2Omg","@patagoniambiental","https:\/\/youtube.com\/@patagoniaambiental2023?si=BLt58t0wuXquxlYZ"]}]}},"_links":{"self":[{"href":"https:\/\/patagoniambiental.com.ar\/info\/wp-json\/wp\/v2\/posts\/63340","targetHints":{"allow":["GET"]}}],"collection":[{"href":"https:\/\/patagoniambiental.com.ar\/info\/wp-json\/wp\/v2\/posts"}],"about":[{"href":"https:\/\/patagoniambiental.com.ar\/info\/wp-json\/wp\/v2\/types\/post"}],"author":[{"embeddable":true,"href":"https:\/\/patagoniambiental.com.ar\/info\/wp-json\/wp\/v2\/users\/2"}],"replies":[{"embeddable":true,"href":"https:\/\/patagoniambiental.com.ar\/info\/wp-json\/wp\/v2\/comments?post=63340"}],"version-history":[{"count":0,"href":"https:\/\/patagoniambiental.com.ar\/info\/wp-json\/wp\/v2\/posts\/63340\/revisions"}],"wp:featuredmedia":[{"embeddable":true,"href":"https:\/\/patagoniambiental.com.ar\/info\/wp-json\/wp\/v2\/media\/63341"}],"wp:attachment":[{"href":"https:\/\/patagoniambiental.com.ar\/info\/wp-json\/wp\/v2\/media?parent=63340"}],"wp:term":[{"taxonomy":"category","embeddable":true,"href":"https:\/\/patagoniambiental.com.ar\/info\/wp-json\/wp\/v2\/categories?post=63340"},{"taxonomy":"post_tag","embeddable":true,"href":"https:\/\/patagoniambiental.com.ar\/info\/wp-json\/wp\/v2\/tags?post=63340"}],"curies":[{"name":"wp","href":"https:\/\/api.w.org\/{rel}","templated":true}]}}