{"id":6338,"date":"2014-12-15T16:00:59","date_gmt":"2014-12-15T19:00:59","guid":{"rendered":"http:\/\/patagoniambiental.com.ar\/?p=6338"},"modified":"2014-12-15T16:00:59","modified_gmt":"2014-12-15T19:00:59","slug":"fijan-el-medano-para-urbanizar-la-baliza","status":"publish","type":"post","link":"https:\/\/patagoniambiental.com.ar\/info\/fijan-el-medano-para-urbanizar-la-baliza\/","title":{"rendered":"Fijan el m\u00e9dano para urbanizar La Baliza"},"content":{"rendered":"<p style=\"text-align: justify\">Patagones &#8211; La Subsecretar\u00eda de Planificaci\u00f3n y Patrimonio Hist\u00f3rico confirm\u00f3 que integrantes del equipo de la Direcci\u00f3n de Bosques del Ministerio de Asuntos Agrarios de la provincia de Buenos Aires recorrieron la Villa 7 de Marzo (La Baliza) con el fin de evaluar los avances en la consolidaci\u00f3n del m\u00e9dano existente como paso previo a la urbanizaci\u00f3n del sector.<!--more--><\/p>\n<p style=\"text-align: justify\">En la oportunidad se hizo presente el director provincial de la Estaci\u00f3n Forestal Ernesto Tornquist, Ing. Forestal Claudio Iribarren y el Ing. Forestal Gustavo Boyer, quienes estuvieron acompa\u00f1ados por el director de Producci\u00f3n de Patagones, Fernando Spoth. Durante el recorrido, verificaron el avance de los trabajos planificados para el lugar. Los mismos consisten en la colocaci\u00f3n de m\u00e1s de 5.000 ejemplares de tamarisco que fueron proporcionados por el Vivero Municipal.<\/p>\n<p style=\"text-align: justify\">Cabe resaltar que para lograr la fijaci\u00f3n del m\u00e9dano la Direcci\u00f3n de Producci\u00f3n realiza un proceso de forestaci\u00f3n que con el tiempo se afianzar\u00e1 como cortina. En este sentido, \u00ablos t\u00e9cnicos provinciales destacaron el avance muy positivo de la plantaci\u00f3n de tamariscos en el lugar\u00bb, afirm\u00f3 Spoth.<\/p>\n<p style=\"text-align: justify\">Por su parte, la subsecretaria de Planificaci\u00f3n y Patrimonio, M\u00f3nica Herrero, manifest\u00f3 que \u00ablas acciones que se realizan desde el estado municipal est\u00e1n orientadas a garantizar, como parte del trabajo que lleva a cabo la Direcci\u00f3n de Planeamiento Urbano, el cumplimiento de diferentes etapas que demuestran que el m\u00e9dano est\u00e1 fijado y que no habr\u00e1 un acci\u00f3n de costa que invalide el proyecto de urbanizaci\u00f3n\u00bb.<\/p>\n<p style=\"text-align: justify\">Este proceso de forestaci\u00f3n se llevar\u00e1 adelante a trav\u00e9s de la participaci\u00f3n de la Direcci\u00f3n de Producci\u00f3n.<\/p>\n<p style=\"text-align: justify\">ABSA tiene que devolver plata<\/p>\n<p style=\"text-align: justify\">Por el fallo de la Suprema Corte de Justicia provincial, ABSA tendr\u00eda que devolver 1.800 millones de pesos.<\/p>\n<p style=\"text-align: justify\">As\u00ed lo estiman distintas fuentes del \u00e1mbito provincial por la nulidad del decreto que estableci\u00f3 un ajuste y oblig\u00f3 a devolver los montos cobrados en ese sentido.<\/p>\n<p style=\"text-align: justify\">FUENTE: Diario Noticias de la Costa<\/p>\n","protected":false},"excerpt":{"rendered":"<p>Patagones &#8211; La Subsecretar\u00eda de Planificaci\u00f3n y Patrimonio Hist\u00f3rico confirm\u00f3 que integrantes del equipo de la Direcci\u00f3n de Bosques del [&hellip;]<\/p>\n","protected":false},"author":2,"featured_media":6339,"comment_status":"closed","ping_status":"closed","sticky":false,"template":"","format":"standard","meta":{"site-sidebar-layout":"default","site-content-layout":"","ast-site-content-layout":"default","site-content-style":"default","site-sidebar-style":"default","ast-global-header-display":"","ast-banner-title-visibility":"","ast-main-header-display":"","ast-hfb-above-header-display":"","ast-hfb-below-header-display":"","ast-hfb-mobile-header-display":"","site-post-title":"","ast-breadcrumbs-content":"","ast-featured-img":"","footer-sml-layout":"","ast-disable-related-posts":"","theme-transparent-header-meta":"","adv-header-id-meta":"","stick-header-meta":"","header-above-stick-meta":"","header-main-stick-meta":"","header-below-stick-meta":"","astra-migrate-meta-layouts":"default","ast-page-background-enabled":"default","ast-page-background-meta":{"desktop":{"background-color":"var(--ast-global-color-5)","background-image":"","background-repeat":"repeat","background-position":"center center","background-size":"auto","background-attachment":"scroll","background-type":"","background-media":"","overlay-type":"","overlay-color":"","overlay-opacity":"","overlay-gradient":""},"tablet":{"background-color":"","background-image":"","background-repeat":"repeat","background-position":"center center","background-size":"auto","background-attachment":"scroll","background-type":"","background-media":"","overlay-type":"","overlay-color":"","overlay-opacity":"","overlay-gradient":""},"mobile":{"background-color":"","background-image":"","background-repeat":"repeat","background-position":"center center","background-size":"auto","background-attachment":"scroll","background-type":"","background-media":"","overlay-type":"","overlay-color":"","overlay-opacity":"","overlay-gradient":""}},"ast-content-background-meta":{"desktop":{"background-color":"var(--ast-global-color-4)","background-image":"","background-repeat":"repeat","background-position":"center center","background-size":"auto","background-attachment":"scroll","background-type":"","background-media":"","overlay-type":"","overlay-color":"","overlay-opacity":"","overlay-gradient":""},"tablet":{"background-color":"var(--ast-global-color-4)","background-image":"","background-repeat":"repeat","background-position":"center center","background-size":"auto","background-attachment":"scroll","background-type":"","background-media":"","overlay-type":"","overlay-color":"","overlay-opacity":"","overlay-gradient":""},"mobile":{"background-color":"var(--ast-global-color-4)","background-image":"","background-repeat":"repeat","background-position":"center center","background-size":"auto","background-attachment":"scroll","background-type":"","background-media":"","overlay-type":"","overlay-color":"","overlay-opacity":"","overlay-gradient":""}},"footnotes":""},"categories":[16,1],"tags":[1874,1875,1663,1876],"class_list":["post-6338","post","type-post","status-publish","format-standard","has-post-thumbnail","hentry","category-municipales","category-noticias","tag-la-baliza","tag-medano","tag-planificacion","tag-urbanizar"],"yoast_head":"<!-- This site is optimized with the Yoast SEO Premium plugin v23.0 (Yoast SEO v27.5) - https:\/\/yoast.com\/product\/yoast-seo-premium-wordpress\/ -->\n<title>Fijan el m\u00e9dano para urbanizar La Baliza<\/title>\n<meta name=\"robots\" content=\"index, follow, max-snippet:-1, max-image-preview:large, max-video-preview:-1\" \/>\n<link rel=\"canonical\" href=\"https:\/\/patagoniambiental.com.ar\/info\/fijan-el-medano-para-urbanizar-la-baliza\/\" \/>\n<meta property=\"og:locale\" content=\"es_ES\" \/>\n<meta property=\"og:type\" content=\"article\" \/>\n<meta property=\"og:title\" content=\"Fijan el m\u00e9dano para urbanizar La Baliza\" \/>\n<meta property=\"og:description\" content=\"Patagones &#8211; La Subsecretar\u00eda de Planificaci\u00f3n y Patrimonio Hist\u00f3rico confirm\u00f3 que integrantes del equipo de la Direcci\u00f3n de Bosques del [&hellip;]\" \/>\n<meta property=\"og:url\" content=\"https:\/\/patagoniambiental.com.ar\/info\/fijan-el-medano-para-urbanizar-la-baliza\/\" \/>\n<meta property=\"og:site_name\" content=\"Patagonia Ambiental\" \/>\n<meta property=\"article:publisher\" content=\"https:\/\/www.facebook.com\/patagonia.ambiental\" \/>\n<meta property=\"article:author\" content=\"https:\/\/www.facebook.com\/share\/1C1V8Gv9BX\/?mibextid=qi2Omg\" \/>\n<meta property=\"article:published_time\" content=\"2014-12-15T19:00:59+00:00\" \/>\n<meta name=\"author\" content=\"Patagonia Ambiental\" \/>\n<meta name=\"twitter:card\" content=\"summary_large_image\" \/>\n<meta name=\"twitter:creator\" content=\"@PatAmb\" \/>\n<meta name=\"twitter:site\" content=\"@PatAmb\" \/>\n<script type=\"application\/ld+json\" class=\"yoast-schema-graph\">{\"@context\":\"https:\\\/\\\/schema.org\",\"@graph\":[{\"@type\":\"Article\",\"@id\":\"https:\\\/\\\/patagoniambiental.com.ar\\\/info\\\/fijan-el-medano-para-urbanizar-la-baliza\\\/#article\",\"isPartOf\":{\"@id\":\"https:\\\/\\\/patagoniambiental.com.ar\\\/info\\\/fijan-el-medano-para-urbanizar-la-baliza\\\/\"},\"author\":{\"name\":\"Patagonia Ambiental\",\"@id\":\"https:\\\/\\\/patagoniambiental.com.ar\\\/info\\\/#\\\/schema\\\/person\\\/db12bff64bbcbf6a253710bf0ea37b5d\"},\"headline\":\"Fijan el m\u00e9dano para urbanizar La Baliza\",\"datePublished\":\"2014-12-15T19:00:59+00:00\",\"mainEntityOfPage\":{\"@id\":\"https:\\\/\\\/patagoniambiental.com.ar\\\/info\\\/fijan-el-medano-para-urbanizar-la-baliza\\\/\"},\"wordCount\":351,\"publisher\":{\"@id\":\"https:\\\/\\\/patagoniambiental.com.ar\\\/info\\\/#organization\"},\"image\":{\"@id\":\"https:\\\/\\\/patagoniambiental.com.ar\\\/info\\\/fijan-el-medano-para-urbanizar-la-baliza\\\/#primaryimage\"},\"thumbnailUrl\":\"\",\"keywords\":[\"la baliza\",\"m\u00e9dano\",\"planificaci\u00f3n\",\"urbanizar\"],\"articleSection\":[\"Municipales\",\"Noticias\"],\"inLanguage\":\"es\"},{\"@type\":\"WebPage\",\"@id\":\"https:\\\/\\\/patagoniambiental.com.ar\\\/info\\\/fijan-el-medano-para-urbanizar-la-baliza\\\/\",\"url\":\"https:\\\/\\\/patagoniambiental.com.ar\\\/info\\\/fijan-el-medano-para-urbanizar-la-baliza\\\/\",\"name\":\"Fijan el m\u00e9dano para urbanizar La Baliza\",\"isPartOf\":{\"@id\":\"https:\\\/\\\/patagoniambiental.com.ar\\\/info\\\/#website\"},\"primaryImageOfPage\":{\"@id\":\"https:\\\/\\\/patagoniambiental.com.ar\\\/info\\\/fijan-el-medano-para-urbanizar-la-baliza\\\/#primaryimage\"},\"image\":{\"@id\":\"https:\\\/\\\/patagoniambiental.com.ar\\\/info\\\/fijan-el-medano-para-urbanizar-la-baliza\\\/#primaryimage\"},\"thumbnailUrl\":\"\",\"datePublished\":\"2014-12-15T19:00:59+00:00\",\"breadcrumb\":{\"@id\":\"https:\\\/\\\/patagoniambiental.com.ar\\\/info\\\/fijan-el-medano-para-urbanizar-la-baliza\\\/#breadcrumb\"},\"inLanguage\":\"es\",\"potentialAction\":[{\"@type\":\"ReadAction\",\"target\":[\"https:\\\/\\\/patagoniambiental.com.ar\\\/info\\\/fijan-el-medano-para-urbanizar-la-baliza\\\/\"]}]},{\"@type\":\"ImageObject\",\"inLanguage\":\"es\",\"@id\":\"https:\\\/\\\/patagoniambiental.com.ar\\\/info\\\/fijan-el-medano-para-urbanizar-la-baliza\\\/#primaryimage\",\"url\":\"\",\"contentUrl\":\"\"},{\"@type\":\"BreadcrumbList\",\"@id\":\"https:\\\/\\\/patagoniambiental.com.ar\\\/info\\\/fijan-el-medano-para-urbanizar-la-baliza\\\/#breadcrumb\",\"itemListElement\":[{\"@type\":\"ListItem\",\"position\":1,\"name\":\"Inicio\",\"item\":\"https:\\\/\\\/patagoniambiental.com.ar\\\/info\\\/\"},{\"@type\":\"ListItem\",\"position\":2,\"name\":\"Fijan el m\u00e9dano para urbanizar La Baliza\"}]},{\"@type\":\"WebSite\",\"@id\":\"https:\\\/\\\/patagoniambiental.com.ar\\\/info\\\/#website\",\"url\":\"https:\\\/\\\/patagoniambiental.com.ar\\\/info\\\/\",\"name\":\"Patagonia Ambiental\",\"description\":\"Monitoreo y an\u00e1lisis de la situaci\u00f3n geopol\u00edtica en el mundo y su implicancia en la Patagonia\",\"publisher\":{\"@id\":\"https:\\\/\\\/patagoniambiental.com.ar\\\/info\\\/#organization\"},\"potentialAction\":[{\"@type\":\"SearchAction\",\"target\":{\"@type\":\"EntryPoint\",\"urlTemplate\":\"https:\\\/\\\/patagoniambiental.com.ar\\\/info\\\/?s={search_term_string}\"},\"query-input\":{\"@type\":\"PropertyValueSpecification\",\"valueRequired\":true,\"valueName\":\"search_term_string\"}}],\"inLanguage\":\"es\"},{\"@type\":\"Organization\",\"@id\":\"https:\\\/\\\/patagoniambiental.com.ar\\\/info\\\/#organization\",\"name\":\"Patagonia Ambiental\",\"url\":\"https:\\\/\\\/patagoniambiental.com.ar\\\/info\\\/\",\"logo\":{\"@type\":\"ImageObject\",\"inLanguage\":\"es\",\"@id\":\"https:\\\/\\\/patagoniambiental.com.ar\\\/info\\\/#\\\/schema\\\/logo\\\/image\\\/\",\"url\":\"https:\\\/\\\/patagoniambiental.com.ar\\\/info\\\/wp-content\\\/uploads\\\/2025\\\/05\\\/LOGO-PATAGONIA-AMBIENTAL.png\",\"contentUrl\":\"https:\\\/\\\/patagoniambiental.com.ar\\\/info\\\/wp-content\\\/uploads\\\/2025\\\/05\\\/LOGO-PATAGONIA-AMBIENTAL.png\",\"width\":433,\"height\":250,\"caption\":\"Patagonia Ambiental\"},\"image\":{\"@id\":\"https:\\\/\\\/patagoniambiental.com.ar\\\/info\\\/#\\\/schema\\\/logo\\\/image\\\/\"},\"sameAs\":[\"https:\\\/\\\/www.facebook.com\\\/patagonia.ambiental\",\"https:\\\/\\\/x.com\\\/PatAmb\"]},{\"@type\":\"Person\",\"@id\":\"https:\\\/\\\/patagoniambiental.com.ar\\\/info\\\/#\\\/schema\\\/person\\\/db12bff64bbcbf6a253710bf0ea37b5d\",\"name\":\"Patagonia Ambiental\",\"description\":\"Andr\u00e9s Nievas T\u00e9cnico en manejo ambiental, consultor Ambiental y escritor para medios locales e internacionales sobre temas de geopolitica y medio ambiente.\",\"sameAs\":[\"http:\\\/\\\/www.patagoniambiental.com.ar\",\"https:\\\/\\\/www.facebook.com\\\/share\\\/1C1V8Gv9BX\\\/?mibextid=qi2Omg\",\"@patagoniambiental\",\"https:\\\/\\\/youtube.com\\\/@patagoniaambiental2023?si=BLt58t0wuXquxlYZ\"]}]}<\/script>\n<!-- \/ Yoast SEO Premium plugin. -->","yoast_head_json":{"title":"Fijan el m\u00e9dano para urbanizar La Baliza","robots":{"index":"index","follow":"follow","max-snippet":"max-snippet:-1","max-image-preview":"max-image-preview:large","max-video-preview":"max-video-preview:-1"},"canonical":"https:\/\/patagoniambiental.com.ar\/info\/fijan-el-medano-para-urbanizar-la-baliza\/","og_locale":"es_ES","og_type":"article","og_title":"Fijan el m\u00e9dano para urbanizar La Baliza","og_description":"Patagones &#8211; La Subsecretar\u00eda de Planificaci\u00f3n y Patrimonio Hist\u00f3rico confirm\u00f3 que integrantes del equipo de la Direcci\u00f3n de Bosques del [&hellip;]","og_url":"https:\/\/patagoniambiental.com.ar\/info\/fijan-el-medano-para-urbanizar-la-baliza\/","og_site_name":"Patagonia Ambiental","article_publisher":"https:\/\/www.facebook.com\/patagonia.ambiental","article_author":"https:\/\/www.facebook.com\/share\/1C1V8Gv9BX\/?mibextid=qi2Omg","article_published_time":"2014-12-15T19:00:59+00:00","author":"Patagonia Ambiental","twitter_card":"summary_large_image","twitter_creator":"@PatAmb","twitter_site":"@PatAmb","schema":{"@context":"https:\/\/schema.org","@graph":[{"@type":"Article","@id":"https:\/\/patagoniambiental.com.ar\/info\/fijan-el-medano-para-urbanizar-la-baliza\/#article","isPartOf":{"@id":"https:\/\/patagoniambiental.com.ar\/info\/fijan-el-medano-para-urbanizar-la-baliza\/"},"author":{"name":"Patagonia Ambiental","@id":"https:\/\/patagoniambiental.com.ar\/info\/#\/schema\/person\/db12bff64bbcbf6a253710bf0ea37b5d"},"headline":"Fijan el m\u00e9dano para urbanizar La Baliza","datePublished":"2014-12-15T19:00:59+00:00","mainEntityOfPage":{"@id":"https:\/\/patagoniambiental.com.ar\/info\/fijan-el-medano-para-urbanizar-la-baliza\/"},"wordCount":351,"publisher":{"@id":"https:\/\/patagoniambiental.com.ar\/info\/#organization"},"image":{"@id":"https:\/\/patagoniambiental.com.ar\/info\/fijan-el-medano-para-urbanizar-la-baliza\/#primaryimage"},"thumbnailUrl":"","keywords":["la baliza","m\u00e9dano","planificaci\u00f3n","urbanizar"],"articleSection":["Municipales","Noticias"],"inLanguage":"es"},{"@type":"WebPage","@id":"https:\/\/patagoniambiental.com.ar\/info\/fijan-el-medano-para-urbanizar-la-baliza\/","url":"https:\/\/patagoniambiental.com.ar\/info\/fijan-el-medano-para-urbanizar-la-baliza\/","name":"Fijan el m\u00e9dano para urbanizar La Baliza","isPartOf":{"@id":"https:\/\/patagoniambiental.com.ar\/info\/#website"},"primaryImageOfPage":{"@id":"https:\/\/patagoniambiental.com.ar\/info\/fijan-el-medano-para-urbanizar-la-baliza\/#primaryimage"},"image":{"@id":"https:\/\/patagoniambiental.com.ar\/info\/fijan-el-medano-para-urbanizar-la-baliza\/#primaryimage"},"thumbnailUrl":"","datePublished":"2014-12-15T19:00:59+00:00","breadcrumb":{"@id":"https:\/\/patagoniambiental.com.ar\/info\/fijan-el-medano-para-urbanizar-la-baliza\/#breadcrumb"},"inLanguage":"es","potentialAction":[{"@type":"ReadAction","target":["https:\/\/patagoniambiental.com.ar\/info\/fijan-el-medano-para-urbanizar-la-baliza\/"]}]},{"@type":"ImageObject","inLanguage":"es","@id":"https:\/\/patagoniambiental.com.ar\/info\/fijan-el-medano-para-urbanizar-la-baliza\/#primaryimage","url":"","contentUrl":""},{"@type":"BreadcrumbList","@id":"https:\/\/patagoniambiental.com.ar\/info\/fijan-el-medano-para-urbanizar-la-baliza\/#breadcrumb","itemListElement":[{"@type":"ListItem","position":1,"name":"Inicio","item":"https:\/\/patagoniambiental.com.ar\/info\/"},{"@type":"ListItem","position":2,"name":"Fijan el m\u00e9dano para urbanizar La Baliza"}]},{"@type":"WebSite","@id":"https:\/\/patagoniambiental.com.ar\/info\/#website","url":"https:\/\/patagoniambiental.com.ar\/info\/","name":"Patagonia Ambiental","description":"Monitoreo y an\u00e1lisis de la situaci\u00f3n geopol\u00edtica en el mundo y su implicancia en la Patagonia","publisher":{"@id":"https:\/\/patagoniambiental.com.ar\/info\/#organization"},"potentialAction":[{"@type":"SearchAction","target":{"@type":"EntryPoint","urlTemplate":"https:\/\/patagoniambiental.com.ar\/info\/?s={search_term_string}"},"query-input":{"@type":"PropertyValueSpecification","valueRequired":true,"valueName":"search_term_string"}}],"inLanguage":"es"},{"@type":"Organization","@id":"https:\/\/patagoniambiental.com.ar\/info\/#organization","name":"Patagonia Ambiental","url":"https:\/\/patagoniambiental.com.ar\/info\/","logo":{"@type":"ImageObject","inLanguage":"es","@id":"https:\/\/patagoniambiental.com.ar\/info\/#\/schema\/logo\/image\/","url":"https:\/\/patagoniambiental.com.ar\/info\/wp-content\/uploads\/2025\/05\/LOGO-PATAGONIA-AMBIENTAL.png","contentUrl":"https:\/\/patagoniambiental.com.ar\/info\/wp-content\/uploads\/2025\/05\/LOGO-PATAGONIA-AMBIENTAL.png","width":433,"height":250,"caption":"Patagonia Ambiental"},"image":{"@id":"https:\/\/patagoniambiental.com.ar\/info\/#\/schema\/logo\/image\/"},"sameAs":["https:\/\/www.facebook.com\/patagonia.ambiental","https:\/\/x.com\/PatAmb"]},{"@type":"Person","@id":"https:\/\/patagoniambiental.com.ar\/info\/#\/schema\/person\/db12bff64bbcbf6a253710bf0ea37b5d","name":"Patagonia Ambiental","description":"Andr\u00e9s Nievas T\u00e9cnico en manejo ambiental, consultor Ambiental y escritor para medios locales e internacionales sobre temas de geopolitica y medio ambiente.","sameAs":["http:\/\/www.patagoniambiental.com.ar","https:\/\/www.facebook.com\/share\/1C1V8Gv9BX\/?mibextid=qi2Omg","@patagoniambiental","https:\/\/youtube.com\/@patagoniaambiental2023?si=BLt58t0wuXquxlYZ"]}]}},"_links":{"self":[{"href":"https:\/\/patagoniambiental.com.ar\/info\/wp-json\/wp\/v2\/posts\/6338","targetHints":{"allow":["GET"]}}],"collection":[{"href":"https:\/\/patagoniambiental.com.ar\/info\/wp-json\/wp\/v2\/posts"}],"about":[{"href":"https:\/\/patagoniambiental.com.ar\/info\/wp-json\/wp\/v2\/types\/post"}],"author":[{"embeddable":true,"href":"https:\/\/patagoniambiental.com.ar\/info\/wp-json\/wp\/v2\/users\/2"}],"replies":[{"embeddable":true,"href":"https:\/\/patagoniambiental.com.ar\/info\/wp-json\/wp\/v2\/comments?post=6338"}],"version-history":[{"count":0,"href":"https:\/\/patagoniambiental.com.ar\/info\/wp-json\/wp\/v2\/posts\/6338\/revisions"}],"wp:featuredmedia":[{"embeddable":true,"href":"https:\/\/patagoniambiental.com.ar\/info\/wp-json\/"}],"wp:attachment":[{"href":"https:\/\/patagoniambiental.com.ar\/info\/wp-json\/wp\/v2\/media?parent=6338"}],"wp:term":[{"taxonomy":"category","embeddable":true,"href":"https:\/\/patagoniambiental.com.ar\/info\/wp-json\/wp\/v2\/categories?post=6338"},{"taxonomy":"post_tag","embeddable":true,"href":"https:\/\/patagoniambiental.com.ar\/info\/wp-json\/wp\/v2\/tags?post=6338"}],"curies":[{"name":"wp","href":"https:\/\/api.w.org\/{rel}","templated":true}]}}