{"id":63450,"date":"2019-10-03T19:00:47","date_gmt":"2019-10-03T22:00:47","guid":{"rendered":"http:\/\/patagoniambiental.com.ar\/info\/?p=63450"},"modified":"2019-10-03T17:10:27","modified_gmt":"2019-10-03T20:10:27","slug":"la-diputada-silvia-horne-presento-una-medida-cuatelar-para-frenarlo-nueva-orden-de-desalojo-a-una-comunidad-mapuche-en-rio-negro","status":"publish","type":"post","link":"https:\/\/patagoniambiental.com.ar\/info\/la-diputada-silvia-horne-presento-una-medida-cuatelar-para-frenarlo-nueva-orden-de-desalojo-a-una-comunidad-mapuche-en-rio-negro\/","title":{"rendered":"La diputada Silvia Horne present\u00f3 una medida cuatelar para frenarlo  Nueva orden de desalojo a una comunidad mapuche en R\u00edo Negro"},"content":{"rendered":"<p><span style=\"font-family: Calibri, sans-serif;\"><span style=\"font-size: small;\">Choele Choel.-La diputada nacional Silvia Horne interpuso una medida cautelar para frenar el desalojo de la comunidad mapuche Pino Qui\u00f1e, en la zona de Choele Choel, que se encuentra comprendida dentro del relevamiento de comunidades originarias de la Ley 26.160, que impide su desalojo. Este nuevo intento de desalojo a una comunidad mapuche fue ordenado por la Dra. Natalia Costanzo, titular del Juzgado N \u00ba 31, con sede en Choele Choel.<\/span><\/span><\/p>\n<p><!--more--><\/p>\n<p><span style=\"font-family: Calibri, sans-serif;\"><span style=\"font-size: small;\">La diputada rionegrina present\u00f3 el recurso en los t\u00e9rminos del art. 2 Ley 26160 y Ley provincial 4275, solicitando se proceda de manera inmediata a la suspensi\u00f3n de la resoluci\u00f3n judicial. Horne argument\u00f3 que \u201cel Sr. isa\u00edas Pino Bustos, detenta la posesi\u00f3n pac\u00edfica y p\u00fablica de las tierras ubicadas en el Lote 5, Fracci\u00f3n A, Secci\u00f3n XXI del Departamento de Avellaneda, que se ha identificado como integrante del pueblo originario (identificaci\u00f3n que se prueba con documental que obra en actuaciones e informes del INAI) y que se encuentra en relevamiento de acuerdo a lo establecido a la Ley 26.160.<\/span><\/span><\/p>\n<p><span style=\"font-family: Calibri, sans-serif;\"><span style=\"font-size: small;\">Se\u00f1al\u00f3 que el 30 de agosto el Juzgado libr\u00f3 mandamiento de desalojo, autorizando al oficial de justicia Eduardo Tejada, para el diligenciamiento, con instrucciones para que se proceda a la desocupaci\u00f3n y entrega del inmueble rural emplazado en el paraje La Japonesa.<\/span><\/span><\/p>\n<p><span style=\"font-family: Calibri, sans-serif;\"><span style=\"font-size: small;\">La diputada Horne destac\u00f3 que \u201cen el caso concreto de esta comunidad, se trata de familias que se auto-identifican como mapuche e manifest\u00e1ndose a trav\u00e9s de su reorganizaci\u00f3n como COMUNIDAD PINO QUI\u00d1E, conforme lo normado en el Art. 3 in fine ley provincial N\u00ba 2287, que invocan ejercicio de posesi\u00f3n tradicional, actual y p\u00fablica como continuadores de los originarios antes nombrados y su calidad de hijos y nietos. Que en tal sentido, como Comunidad han ejercitado el derecho de ser reconocidos con personar\u00eda jur\u00eddica seg\u00fan la norma del art. 75 inc. 17 de la Constituci\u00f3n Nacional por ante el CODECI\u201d.<\/span><\/span><\/p>\n<p>\u201c<span style=\"font-family: Calibri, sans-serif;\"><span style=\"font-size: small;\">Incluso esta comunidad evidencia la real y efectiva posesi\u00f3n actual con el uso y ocupaci\u00f3n del territorio. En particular, en las tierras hoy en conflicto, la usan y ocupan, para la actividad de pastoreo de animales y actividades de plantaci\u00f3n de pasturas (alfalfa) que realizan en otro sector de tierras. La construcci\u00f3n de vivienda ha permitido mantener la posesi\u00f3n de estas tierras, que usan como refugio en \u00e9pocas de inviernos para la custodia de sus animales y para descanso y recreaci\u00f3n familiar en \u00e9poca estival, ejerciendo el derecho de control territorial\u201d, expres\u00f3 Silvia Horne.<\/span><\/span><\/p>\n<p><span style=\"font-family: Calibri, sans-serif;\"><span style=\"font-size: small;\">Finamente, expres\u00f3 en su presentaci\u00f3n que \u201clas tierras en conflicto fueron y son propiedad de esta comunidad y los s\u00edmbolos de posesi\u00f3n descritos dan cuenta, evidencian y configuran posesi\u00f3n de car\u00e1cter tradicional, de naturaleza ind\u00edgena\u201d.<\/span><\/span><\/p>\n<p><span style=\"font-family: Calibri, sans-serif;\"><span style=\"font-size: small;\">Por tal motivo, requiri\u00f3 a la Justicia que \u201cse suspenda el desalojo dispuesto en los autos \u2018Rielves S.A. c\/ Pino Bustos, Carlos Isa\u00edas s\/ ejecuci\u00f3n de sentencia\u201d.<\/span><\/span><\/p>\n<p>Fuente: Noticias Universitarias Comahue<\/p>\n","protected":false},"excerpt":{"rendered":"<p>Choele Choel.-La diputada nacional Silvia Horne interpuso una medida cautelar para frenar el desalojo de la comunidad mapuche Pino Qui\u00f1e, [&hellip;]<\/p>\n","protected":false},"author":2,"featured_media":63451,"comment_status":"open","ping_status":"open","sticky":false,"template":"","format":"standard","meta":{"site-sidebar-layout":"default","site-content-layout":"","ast-site-content-layout":"default","site-content-style":"default","site-sidebar-style":"default","ast-global-header-display":"","ast-banner-title-visibility":"","ast-main-header-display":"","ast-hfb-above-header-display":"","ast-hfb-below-header-display":"","ast-hfb-mobile-header-display":"","site-post-title":"","ast-breadcrumbs-content":"","ast-featured-img":"","footer-sml-layout":"","ast-disable-related-posts":"","theme-transparent-header-meta":"","adv-header-id-meta":"","stick-header-meta":"","header-above-stick-meta":"","header-main-stick-meta":"","header-below-stick-meta":"","astra-migrate-meta-layouts":"default","ast-page-background-enabled":"default","ast-page-background-meta":{"desktop":{"background-color":"var(--ast-global-color-5)","background-image":"","background-repeat":"repeat","background-position":"center center","background-size":"auto","background-attachment":"scroll","background-type":"","background-media":"","overlay-type":"","overlay-color":"","overlay-opacity":"","overlay-gradient":""},"tablet":{"background-color":"","background-image":"","background-repeat":"repeat","background-position":"center center","background-size":"auto","background-attachment":"scroll","background-type":"","background-media":"","overlay-type":"","overlay-color":"","overlay-opacity":"","overlay-gradient":""},"mobile":{"background-color":"","background-image":"","background-repeat":"repeat","background-position":"center center","background-size":"auto","background-attachment":"scroll","background-type":"","background-media":"","overlay-type":"","overlay-color":"","overlay-opacity":"","overlay-gradient":""}},"ast-content-background-meta":{"desktop":{"background-color":"var(--ast-global-color-4)","background-image":"","background-repeat":"repeat","background-position":"center center","background-size":"auto","background-attachment":"scroll","background-type":"","background-media":"","overlay-type":"","overlay-color":"","overlay-opacity":"","overlay-gradient":""},"tablet":{"background-color":"var(--ast-global-color-4)","background-image":"","background-repeat":"repeat","background-position":"center center","background-size":"auto","background-attachment":"scroll","background-type":"","background-media":"","overlay-type":"","overlay-color":"","overlay-opacity":"","overlay-gradient":""},"mobile":{"background-color":"var(--ast-global-color-4)","background-image":"","background-repeat":"repeat","background-position":"center center","background-size":"auto","background-attachment":"scroll","background-type":"","background-media":"","overlay-type":"","overlay-color":"","overlay-opacity":"","overlay-gradient":""}},"footnotes":""},"categories":[1,13,14],"tags":[],"class_list":["post-63450","post","type-post","status-publish","format-standard","has-post-thumbnail","hentry","category-noticias","category-provinciales","category-rio-negro"],"yoast_head":"<!-- This site is optimized with the Yoast SEO Premium plugin v23.0 (Yoast SEO v27.5) - https:\/\/yoast.com\/product\/yoast-seo-premium-wordpress\/ -->\n<title>La diputada Silvia Horne present\u00f3 una medida cuatelar para frenarlo Nueva orden de desalojo a una comunidad mapuche en R\u00edo Negro<\/title>\n<meta name=\"robots\" content=\"index, follow, max-snippet:-1, max-image-preview:large, max-video-preview:-1\" \/>\n<link rel=\"canonical\" href=\"https:\/\/patagoniambiental.com.ar\/info\/la-diputada-silvia-horne-presento-una-medida-cuatelar-para-frenarlo-nueva-orden-de-desalojo-a-una-comunidad-mapuche-en-rio-negro\/\" \/>\n<meta property=\"og:locale\" content=\"es_ES\" \/>\n<meta property=\"og:type\" content=\"article\" \/>\n<meta property=\"og:title\" content=\"La diputada Silvia Horne present\u00f3 una medida cuatelar para frenarlo Nueva orden de desalojo a una comunidad mapuche en R\u00edo Negro\" \/>\n<meta property=\"og:description\" content=\"Choele Choel.-La diputada nacional Silvia Horne interpuso una medida cautelar para frenar el desalojo de la comunidad mapuche Pino Qui\u00f1e, [&hellip;]\" \/>\n<meta property=\"og:url\" content=\"https:\/\/patagoniambiental.com.ar\/info\/la-diputada-silvia-horne-presento-una-medida-cuatelar-para-frenarlo-nueva-orden-de-desalojo-a-una-comunidad-mapuche-en-rio-negro\/\" \/>\n<meta property=\"og:site_name\" content=\"Patagonia Ambiental\" \/>\n<meta property=\"article:publisher\" content=\"https:\/\/www.facebook.com\/patagonia.ambiental\" \/>\n<meta property=\"article:author\" content=\"https:\/\/www.facebook.com\/share\/1C1V8Gv9BX\/?mibextid=qi2Omg\" \/>\n<meta property=\"article:published_time\" content=\"2019-10-03T22:00:47+00:00\" \/>\n<meta property=\"og:image\" content=\"https:\/\/patagoniambiental.com.ar\/info\/wp-content\/uploads\/2019\/10\/Silvia-Horne.jpg\" \/>\n\t<meta property=\"og:image:width\" content=\"918\" \/>\n\t<meta property=\"og:image:height\" content=\"667\" \/>\n\t<meta property=\"og:image:type\" content=\"image\/jpeg\" \/>\n<meta name=\"author\" content=\"Patagonia Ambiental\" \/>\n<meta name=\"twitter:card\" content=\"summary_large_image\" \/>\n<meta name=\"twitter:creator\" content=\"@PatAmb\" \/>\n<meta name=\"twitter:site\" content=\"@PatAmb\" \/>\n<script type=\"application\/ld+json\" class=\"yoast-schema-graph\">{\"@context\":\"https:\\\/\\\/schema.org\",\"@graph\":[{\"@type\":\"Article\",\"@id\":\"https:\\\/\\\/patagoniambiental.com.ar\\\/info\\\/la-diputada-silvia-horne-presento-una-medida-cuatelar-para-frenarlo-nueva-orden-de-desalojo-a-una-comunidad-mapuche-en-rio-negro\\\/#article\",\"isPartOf\":{\"@id\":\"https:\\\/\\\/patagoniambiental.com.ar\\\/info\\\/la-diputada-silvia-horne-presento-una-medida-cuatelar-para-frenarlo-nueva-orden-de-desalojo-a-una-comunidad-mapuche-en-rio-negro\\\/\"},\"author\":{\"name\":\"Patagonia Ambiental\",\"@id\":\"https:\\\/\\\/patagoniambiental.com.ar\\\/info\\\/#\\\/schema\\\/person\\\/db12bff64bbcbf6a253710bf0ea37b5d\"},\"headline\":\"La diputada Silvia Horne present\u00f3 una medida cuatelar para frenarlo Nueva orden de desalojo a una comunidad mapuche en R\u00edo Negro\",\"datePublished\":\"2019-10-03T22:00:47+00:00\",\"mainEntityOfPage\":{\"@id\":\"https:\\\/\\\/patagoniambiental.com.ar\\\/info\\\/la-diputada-silvia-horne-presento-una-medida-cuatelar-para-frenarlo-nueva-orden-de-desalojo-a-una-comunidad-mapuche-en-rio-negro\\\/\"},\"wordCount\":520,\"commentCount\":0,\"publisher\":{\"@id\":\"https:\\\/\\\/patagoniambiental.com.ar\\\/info\\\/#organization\"},\"image\":{\"@id\":\"https:\\\/\\\/patagoniambiental.com.ar\\\/info\\\/la-diputada-silvia-horne-presento-una-medida-cuatelar-para-frenarlo-nueva-orden-de-desalojo-a-una-comunidad-mapuche-en-rio-negro\\\/#primaryimage\"},\"thumbnailUrl\":\"https:\\\/\\\/patagoniambiental.com.ar\\\/info\\\/wp-content\\\/uploads\\\/2019\\\/10\\\/Silvia-Horne.jpg\",\"articleSection\":[\"Noticias\",\"Provinciales\",\"R\u00edo Negro\"],\"inLanguage\":\"es\",\"potentialAction\":[{\"@type\":\"CommentAction\",\"name\":\"Comment\",\"target\":[\"https:\\\/\\\/patagoniambiental.com.ar\\\/info\\\/la-diputada-silvia-horne-presento-una-medida-cuatelar-para-frenarlo-nueva-orden-de-desalojo-a-una-comunidad-mapuche-en-rio-negro\\\/#respond\"]}]},{\"@type\":\"WebPage\",\"@id\":\"https:\\\/\\\/patagoniambiental.com.ar\\\/info\\\/la-diputada-silvia-horne-presento-una-medida-cuatelar-para-frenarlo-nueva-orden-de-desalojo-a-una-comunidad-mapuche-en-rio-negro\\\/\",\"url\":\"https:\\\/\\\/patagoniambiental.com.ar\\\/info\\\/la-diputada-silvia-horne-presento-una-medida-cuatelar-para-frenarlo-nueva-orden-de-desalojo-a-una-comunidad-mapuche-en-rio-negro\\\/\",\"name\":\"La diputada Silvia Horne present\u00f3 una medida cuatelar para frenarlo Nueva orden de desalojo a una comunidad mapuche en R\u00edo Negro\",\"isPartOf\":{\"@id\":\"https:\\\/\\\/patagoniambiental.com.ar\\\/info\\\/#website\"},\"primaryImageOfPage\":{\"@id\":\"https:\\\/\\\/patagoniambiental.com.ar\\\/info\\\/la-diputada-silvia-horne-presento-una-medida-cuatelar-para-frenarlo-nueva-orden-de-desalojo-a-una-comunidad-mapuche-en-rio-negro\\\/#primaryimage\"},\"image\":{\"@id\":\"https:\\\/\\\/patagoniambiental.com.ar\\\/info\\\/la-diputada-silvia-horne-presento-una-medida-cuatelar-para-frenarlo-nueva-orden-de-desalojo-a-una-comunidad-mapuche-en-rio-negro\\\/#primaryimage\"},\"thumbnailUrl\":\"https:\\\/\\\/patagoniambiental.com.ar\\\/info\\\/wp-content\\\/uploads\\\/2019\\\/10\\\/Silvia-Horne.jpg\",\"datePublished\":\"2019-10-03T22:00:47+00:00\",\"breadcrumb\":{\"@id\":\"https:\\\/\\\/patagoniambiental.com.ar\\\/info\\\/la-diputada-silvia-horne-presento-una-medida-cuatelar-para-frenarlo-nueva-orden-de-desalojo-a-una-comunidad-mapuche-en-rio-negro\\\/#breadcrumb\"},\"inLanguage\":\"es\",\"potentialAction\":[{\"@type\":\"ReadAction\",\"target\":[\"https:\\\/\\\/patagoniambiental.com.ar\\\/info\\\/la-diputada-silvia-horne-presento-una-medida-cuatelar-para-frenarlo-nueva-orden-de-desalojo-a-una-comunidad-mapuche-en-rio-negro\\\/\"]}]},{\"@type\":\"ImageObject\",\"inLanguage\":\"es\",\"@id\":\"https:\\\/\\\/patagoniambiental.com.ar\\\/info\\\/la-diputada-silvia-horne-presento-una-medida-cuatelar-para-frenarlo-nueva-orden-de-desalojo-a-una-comunidad-mapuche-en-rio-negro\\\/#primaryimage\",\"url\":\"https:\\\/\\\/patagoniambiental.com.ar\\\/info\\\/wp-content\\\/uploads\\\/2019\\\/10\\\/Silvia-Horne.jpg\",\"contentUrl\":\"https:\\\/\\\/patagoniambiental.com.ar\\\/info\\\/wp-content\\\/uploads\\\/2019\\\/10\\\/Silvia-Horne.jpg\",\"width\":826,\"height\":600},{\"@type\":\"BreadcrumbList\",\"@id\":\"https:\\\/\\\/patagoniambiental.com.ar\\\/info\\\/la-diputada-silvia-horne-presento-una-medida-cuatelar-para-frenarlo-nueva-orden-de-desalojo-a-una-comunidad-mapuche-en-rio-negro\\\/#breadcrumb\",\"itemListElement\":[{\"@type\":\"ListItem\",\"position\":1,\"name\":\"Inicio\",\"item\":\"https:\\\/\\\/patagoniambiental.com.ar\\\/info\\\/\"},{\"@type\":\"ListItem\",\"position\":2,\"name\":\"La diputada Silvia Horne present\u00f3 una medida cuatelar para frenarlo Nueva orden de desalojo a una comunidad mapuche en R\u00edo Negro\"}]},{\"@type\":\"WebSite\",\"@id\":\"https:\\\/\\\/patagoniambiental.com.ar\\\/info\\\/#website\",\"url\":\"https:\\\/\\\/patagoniambiental.com.ar\\\/info\\\/\",\"name\":\"Patagonia Ambiental\",\"description\":\"Monitoreo y an\u00e1lisis de la situaci\u00f3n geopol\u00edtica en el mundo y su implicancia en la Patagonia\",\"publisher\":{\"@id\":\"https:\\\/\\\/patagoniambiental.com.ar\\\/info\\\/#organization\"},\"potentialAction\":[{\"@type\":\"SearchAction\",\"target\":{\"@type\":\"EntryPoint\",\"urlTemplate\":\"https:\\\/\\\/patagoniambiental.com.ar\\\/info\\\/?s={search_term_string}\"},\"query-input\":{\"@type\":\"PropertyValueSpecification\",\"valueRequired\":true,\"valueName\":\"search_term_string\"}}],\"inLanguage\":\"es\"},{\"@type\":\"Organization\",\"@id\":\"https:\\\/\\\/patagoniambiental.com.ar\\\/info\\\/#organization\",\"name\":\"Patagonia Ambiental\",\"url\":\"https:\\\/\\\/patagoniambiental.com.ar\\\/info\\\/\",\"logo\":{\"@type\":\"ImageObject\",\"inLanguage\":\"es\",\"@id\":\"https:\\\/\\\/patagoniambiental.com.ar\\\/info\\\/#\\\/schema\\\/logo\\\/image\\\/\",\"url\":\"https:\\\/\\\/patagoniambiental.com.ar\\\/info\\\/wp-content\\\/uploads\\\/2025\\\/05\\\/LOGO-PATAGONIA-AMBIENTAL.png\",\"contentUrl\":\"https:\\\/\\\/patagoniambiental.com.ar\\\/info\\\/wp-content\\\/uploads\\\/2025\\\/05\\\/LOGO-PATAGONIA-AMBIENTAL.png\",\"width\":433,\"height\":250,\"caption\":\"Patagonia Ambiental\"},\"image\":{\"@id\":\"https:\\\/\\\/patagoniambiental.com.ar\\\/info\\\/#\\\/schema\\\/logo\\\/image\\\/\"},\"sameAs\":[\"https:\\\/\\\/www.facebook.com\\\/patagonia.ambiental\",\"https:\\\/\\\/x.com\\\/PatAmb\"]},{\"@type\":\"Person\",\"@id\":\"https:\\\/\\\/patagoniambiental.com.ar\\\/info\\\/#\\\/schema\\\/person\\\/db12bff64bbcbf6a253710bf0ea37b5d\",\"name\":\"Patagonia Ambiental\",\"description\":\"Andr\u00e9s Nievas T\u00e9cnico en manejo ambiental, consultor Ambiental y escritor para medios locales e internacionales sobre temas de geopolitica y medio ambiente.\",\"sameAs\":[\"http:\\\/\\\/www.patagoniambiental.com.ar\",\"https:\\\/\\\/www.facebook.com\\\/share\\\/1C1V8Gv9BX\\\/?mibextid=qi2Omg\",\"@patagoniambiental\",\"https:\\\/\\\/youtube.com\\\/@patagoniaambiental2023?si=BLt58t0wuXquxlYZ\"]}]}<\/script>\n<!-- \/ Yoast SEO Premium plugin. -->","yoast_head_json":{"title":"La diputada Silvia Horne present\u00f3 una medida cuatelar para frenarlo Nueva orden de desalojo a una comunidad mapuche en R\u00edo Negro","robots":{"index":"index","follow":"follow","max-snippet":"max-snippet:-1","max-image-preview":"max-image-preview:large","max-video-preview":"max-video-preview:-1"},"canonical":"https:\/\/patagoniambiental.com.ar\/info\/la-diputada-silvia-horne-presento-una-medida-cuatelar-para-frenarlo-nueva-orden-de-desalojo-a-una-comunidad-mapuche-en-rio-negro\/","og_locale":"es_ES","og_type":"article","og_title":"La diputada Silvia Horne present\u00f3 una medida cuatelar para frenarlo Nueva orden de desalojo a una comunidad mapuche en R\u00edo Negro","og_description":"Choele Choel.-La diputada nacional Silvia Horne interpuso una medida cautelar para frenar el desalojo de la comunidad mapuche Pino Qui\u00f1e, [&hellip;]","og_url":"https:\/\/patagoniambiental.com.ar\/info\/la-diputada-silvia-horne-presento-una-medida-cuatelar-para-frenarlo-nueva-orden-de-desalojo-a-una-comunidad-mapuche-en-rio-negro\/","og_site_name":"Patagonia Ambiental","article_publisher":"https:\/\/www.facebook.com\/patagonia.ambiental","article_author":"https:\/\/www.facebook.com\/share\/1C1V8Gv9BX\/?mibextid=qi2Omg","article_published_time":"2019-10-03T22:00:47+00:00","og_image":[{"width":918,"height":667,"url":"https:\/\/patagoniambiental.com.ar\/info\/wp-content\/uploads\/2019\/10\/Silvia-Horne.jpg","type":"image\/jpeg"}],"author":"Patagonia Ambiental","twitter_card":"summary_large_image","twitter_creator":"@PatAmb","twitter_site":"@PatAmb","schema":{"@context":"https:\/\/schema.org","@graph":[{"@type":"Article","@id":"https:\/\/patagoniambiental.com.ar\/info\/la-diputada-silvia-horne-presento-una-medida-cuatelar-para-frenarlo-nueva-orden-de-desalojo-a-una-comunidad-mapuche-en-rio-negro\/#article","isPartOf":{"@id":"https:\/\/patagoniambiental.com.ar\/info\/la-diputada-silvia-horne-presento-una-medida-cuatelar-para-frenarlo-nueva-orden-de-desalojo-a-una-comunidad-mapuche-en-rio-negro\/"},"author":{"name":"Patagonia Ambiental","@id":"https:\/\/patagoniambiental.com.ar\/info\/#\/schema\/person\/db12bff64bbcbf6a253710bf0ea37b5d"},"headline":"La diputada Silvia Horne present\u00f3 una medida cuatelar para frenarlo Nueva orden de desalojo a una comunidad mapuche en R\u00edo Negro","datePublished":"2019-10-03T22:00:47+00:00","mainEntityOfPage":{"@id":"https:\/\/patagoniambiental.com.ar\/info\/la-diputada-silvia-horne-presento-una-medida-cuatelar-para-frenarlo-nueva-orden-de-desalojo-a-una-comunidad-mapuche-en-rio-negro\/"},"wordCount":520,"commentCount":0,"publisher":{"@id":"https:\/\/patagoniambiental.com.ar\/info\/#organization"},"image":{"@id":"https:\/\/patagoniambiental.com.ar\/info\/la-diputada-silvia-horne-presento-una-medida-cuatelar-para-frenarlo-nueva-orden-de-desalojo-a-una-comunidad-mapuche-en-rio-negro\/#primaryimage"},"thumbnailUrl":"https:\/\/patagoniambiental.com.ar\/info\/wp-content\/uploads\/2019\/10\/Silvia-Horne.jpg","articleSection":["Noticias","Provinciales","R\u00edo Negro"],"inLanguage":"es","potentialAction":[{"@type":"CommentAction","name":"Comment","target":["https:\/\/patagoniambiental.com.ar\/info\/la-diputada-silvia-horne-presento-una-medida-cuatelar-para-frenarlo-nueva-orden-de-desalojo-a-una-comunidad-mapuche-en-rio-negro\/#respond"]}]},{"@type":"WebPage","@id":"https:\/\/patagoniambiental.com.ar\/info\/la-diputada-silvia-horne-presento-una-medida-cuatelar-para-frenarlo-nueva-orden-de-desalojo-a-una-comunidad-mapuche-en-rio-negro\/","url":"https:\/\/patagoniambiental.com.ar\/info\/la-diputada-silvia-horne-presento-una-medida-cuatelar-para-frenarlo-nueva-orden-de-desalojo-a-una-comunidad-mapuche-en-rio-negro\/","name":"La diputada Silvia Horne present\u00f3 una medida cuatelar para frenarlo Nueva orden de desalojo a una comunidad mapuche en R\u00edo Negro","isPartOf":{"@id":"https:\/\/patagoniambiental.com.ar\/info\/#website"},"primaryImageOfPage":{"@id":"https:\/\/patagoniambiental.com.ar\/info\/la-diputada-silvia-horne-presento-una-medida-cuatelar-para-frenarlo-nueva-orden-de-desalojo-a-una-comunidad-mapuche-en-rio-negro\/#primaryimage"},"image":{"@id":"https:\/\/patagoniambiental.com.ar\/info\/la-diputada-silvia-horne-presento-una-medida-cuatelar-para-frenarlo-nueva-orden-de-desalojo-a-una-comunidad-mapuche-en-rio-negro\/#primaryimage"},"thumbnailUrl":"https:\/\/patagoniambiental.com.ar\/info\/wp-content\/uploads\/2019\/10\/Silvia-Horne.jpg","datePublished":"2019-10-03T22:00:47+00:00","breadcrumb":{"@id":"https:\/\/patagoniambiental.com.ar\/info\/la-diputada-silvia-horne-presento-una-medida-cuatelar-para-frenarlo-nueva-orden-de-desalojo-a-una-comunidad-mapuche-en-rio-negro\/#breadcrumb"},"inLanguage":"es","potentialAction":[{"@type":"ReadAction","target":["https:\/\/patagoniambiental.com.ar\/info\/la-diputada-silvia-horne-presento-una-medida-cuatelar-para-frenarlo-nueva-orden-de-desalojo-a-una-comunidad-mapuche-en-rio-negro\/"]}]},{"@type":"ImageObject","inLanguage":"es","@id":"https:\/\/patagoniambiental.com.ar\/info\/la-diputada-silvia-horne-presento-una-medida-cuatelar-para-frenarlo-nueva-orden-de-desalojo-a-una-comunidad-mapuche-en-rio-negro\/#primaryimage","url":"https:\/\/patagoniambiental.com.ar\/info\/wp-content\/uploads\/2019\/10\/Silvia-Horne.jpg","contentUrl":"https:\/\/patagoniambiental.com.ar\/info\/wp-content\/uploads\/2019\/10\/Silvia-Horne.jpg","width":826,"height":600},{"@type":"BreadcrumbList","@id":"https:\/\/patagoniambiental.com.ar\/info\/la-diputada-silvia-horne-presento-una-medida-cuatelar-para-frenarlo-nueva-orden-de-desalojo-a-una-comunidad-mapuche-en-rio-negro\/#breadcrumb","itemListElement":[{"@type":"ListItem","position":1,"name":"Inicio","item":"https:\/\/patagoniambiental.com.ar\/info\/"},{"@type":"ListItem","position":2,"name":"La diputada Silvia Horne present\u00f3 una medida cuatelar para frenarlo Nueva orden de desalojo a una comunidad mapuche en R\u00edo Negro"}]},{"@type":"WebSite","@id":"https:\/\/patagoniambiental.com.ar\/info\/#website","url":"https:\/\/patagoniambiental.com.ar\/info\/","name":"Patagonia Ambiental","description":"Monitoreo y an\u00e1lisis de la situaci\u00f3n geopol\u00edtica en el mundo y su implicancia en la Patagonia","publisher":{"@id":"https:\/\/patagoniambiental.com.ar\/info\/#organization"},"potentialAction":[{"@type":"SearchAction","target":{"@type":"EntryPoint","urlTemplate":"https:\/\/patagoniambiental.com.ar\/info\/?s={search_term_string}"},"query-input":{"@type":"PropertyValueSpecification","valueRequired":true,"valueName":"search_term_string"}}],"inLanguage":"es"},{"@type":"Organization","@id":"https:\/\/patagoniambiental.com.ar\/info\/#organization","name":"Patagonia Ambiental","url":"https:\/\/patagoniambiental.com.ar\/info\/","logo":{"@type":"ImageObject","inLanguage":"es","@id":"https:\/\/patagoniambiental.com.ar\/info\/#\/schema\/logo\/image\/","url":"https:\/\/patagoniambiental.com.ar\/info\/wp-content\/uploads\/2025\/05\/LOGO-PATAGONIA-AMBIENTAL.png","contentUrl":"https:\/\/patagoniambiental.com.ar\/info\/wp-content\/uploads\/2025\/05\/LOGO-PATAGONIA-AMBIENTAL.png","width":433,"height":250,"caption":"Patagonia Ambiental"},"image":{"@id":"https:\/\/patagoniambiental.com.ar\/info\/#\/schema\/logo\/image\/"},"sameAs":["https:\/\/www.facebook.com\/patagonia.ambiental","https:\/\/x.com\/PatAmb"]},{"@type":"Person","@id":"https:\/\/patagoniambiental.com.ar\/info\/#\/schema\/person\/db12bff64bbcbf6a253710bf0ea37b5d","name":"Patagonia Ambiental","description":"Andr\u00e9s Nievas T\u00e9cnico en manejo ambiental, consultor Ambiental y escritor para medios locales e internacionales sobre temas de geopolitica y medio ambiente.","sameAs":["http:\/\/www.patagoniambiental.com.ar","https:\/\/www.facebook.com\/share\/1C1V8Gv9BX\/?mibextid=qi2Omg","@patagoniambiental","https:\/\/youtube.com\/@patagoniaambiental2023?si=BLt58t0wuXquxlYZ"]}]}},"_links":{"self":[{"href":"https:\/\/patagoniambiental.com.ar\/info\/wp-json\/wp\/v2\/posts\/63450","targetHints":{"allow":["GET"]}}],"collection":[{"href":"https:\/\/patagoniambiental.com.ar\/info\/wp-json\/wp\/v2\/posts"}],"about":[{"href":"https:\/\/patagoniambiental.com.ar\/info\/wp-json\/wp\/v2\/types\/post"}],"author":[{"embeddable":true,"href":"https:\/\/patagoniambiental.com.ar\/info\/wp-json\/wp\/v2\/users\/2"}],"replies":[{"embeddable":true,"href":"https:\/\/patagoniambiental.com.ar\/info\/wp-json\/wp\/v2\/comments?post=63450"}],"version-history":[{"count":0,"href":"https:\/\/patagoniambiental.com.ar\/info\/wp-json\/wp\/v2\/posts\/63450\/revisions"}],"wp:featuredmedia":[{"embeddable":true,"href":"https:\/\/patagoniambiental.com.ar\/info\/wp-json\/wp\/v2\/media\/63451"}],"wp:attachment":[{"href":"https:\/\/patagoniambiental.com.ar\/info\/wp-json\/wp\/v2\/media?parent=63450"}],"wp:term":[{"taxonomy":"category","embeddable":true,"href":"https:\/\/patagoniambiental.com.ar\/info\/wp-json\/wp\/v2\/categories?post=63450"},{"taxonomy":"post_tag","embeddable":true,"href":"https:\/\/patagoniambiental.com.ar\/info\/wp-json\/wp\/v2\/tags?post=63450"}],"curies":[{"name":"wp","href":"https:\/\/api.w.org\/{rel}","templated":true}]}}