{"id":63467,"date":"2019-10-04T19:00:35","date_gmt":"2019-10-04T22:00:35","guid":{"rendered":"http:\/\/patagoniambiental.com.ar\/info\/?p=63467"},"modified":"2019-10-04T12:09:52","modified_gmt":"2019-10-04T15:09:52","slug":"premio-nacional-a-egresado-de-ingenieria-ambiental-de-la-sede-andina","status":"publish","type":"post","link":"https:\/\/patagoniambiental.com.ar\/info\/premio-nacional-a-egresado-de-ingenieria-ambiental-de-la-sede-andina\/","title":{"rendered":"Premio nacional a egresado de Ingenier\u00eda Ambiental de la Sede Andina"},"content":{"rendered":"<p class=\"x_gmail-Normal1\"><i>Bariloche, 4 de octubre de 2019<\/i>.- Se trata de Emanuel Nikolas Zenz, quien recibi\u00f3 el premio anual al mejor egresado de Argentina, otorgado por el Consejo Profesional de Ingenier\u00eda Mec\u00e1nica y Electricista.<\/p>\n<p class=\"x_gmail-CuerpoA\"><!--more--><\/p>\n<p class=\"x_gmail-CuerpoA\">El pasado 26 de septiembre el rector de la Universidad Nacional de R\u00edo Negro (UNRN), Juan Carlos Del Bello, el vicerrector de la Sede Andina UNRN, Diego Aguiar, y la directora general de Investigaci\u00f3n, Desarrollo y Transferencia de Tecnolog\u00eda, Carolina Garc\u00eda Sartor, se reunieron con el ingeniero Emanuel Nikolas Zenz, egresado en el 2018 de la carrera Ingenier\u00eda Ambiental de la Sede Andina. Felicitaron a dicho graduado por haber recibido el premio anual a mejor egresado de Argentina del Consejo Profesional de Ingenier\u00eda Mec\u00e1nica y Electricista, premio al que fue postulado por la UNRN.<\/p>\n<p class=\"x_gmail-CuerpoA\"><img fetchpriority=\"high\" decoding=\"async\" class=\"wp-image-63470 alignleft\" src=\"https:\/\/patagoniambiental.com.ar\/info\/wp-content\/uploads\/2019\/10\/thumbnail_Premio-Estudiante-IAmb-web-II-1-600x338.jpg\" alt=\"\" width=\"383\" height=\"216\" \/><\/p>\n<p class=\"x_gmail-CuerpoA\">Todos los a\u00f1os, en una calificada ceremonia, el Consejo Profesional de Ingenier\u00eda Mec\u00e1nica y Electricista entrega un reconocimiento a los mejores egresados y egresadas de todas las universidades del pa\u00eds de carreras de grado en las ramas mec\u00e1nica, electricista, higiene y seguridad, medio ambiente y especialidades afines.<\/p>\n<p class=\"x_gmail-CuerpoA\">\n<p class=\"x_gmail-CuerpoA\">Las autoridades de la universidad, adem\u00e1s de reconocer el gran desempe\u00f1o a nivel nacional del graduado, conversaron con \u00e9l sobre su inserci\u00f3n laboral en San Carlos de Bariloche, sobre la carrera de Ingenier\u00eda Ambiental y la contribuci\u00f3n que pueden hacer estos profesionales para mejorar esta ciudad.<\/p>\n<div><span style=\"color: #ff0000;\"><i>\u00a0<\/i><\/span><\/div>\n<div><span style=\"color: #ff0000;\"><i>\u00a0<\/i><\/span><\/div>\n<p>&#8212;<\/p>\n<div class=\"x_gmail_signature\" dir=\"ltr\">\n<div dir=\"ltr\">\n<div>\n<div dir=\"ltr\">\n<div dir=\"ltr\">\n<div dir=\"ltr\">\n<div dir=\"ltr\">\n<div dir=\"ltr\">\n<div dir=\"ltr\">\n<div dir=\"ltr\">\n<div dir=\"ltr\">\n<div dir=\"ltr\">\n<div>\n<div><span style=\"font-family: trebuchet ms, sans-serif;\">Departamento de Comunicaci\u00f3n<\/span><\/div>\n<div><span style=\"font-family: trebuchet ms, sans-serif;\">Universidad Nacional de R\u00edo Negro &#8211; Sede Andina\u00a0<\/span><\/div>\n<div><span style=\"font-family: trebuchet ms, sans-serif;\">Mitre 630 1\u00ba \u00abB\u00bb &#8211; San Carlos de Bariloche<\/span><\/div>\n<div><span style=\"font-family: trebuchet ms, sans-serif;\">(0294) 474 6118<\/span><\/div>\n<div><span style=\"font-family: trebuchet ms, sans-serif;\"><a href=\"mailto:comunicacion.andina@unrn.edu.ar\" target=\"_blank\" rel=\"noopener noreferrer\" data-auth=\"NotApplicable\">comunicacion.andina@unrn.edu.ar<\/a><\/span><\/div>\n<div><span style=\"font-family: trebuchet ms, sans-serif;\"><a href=\"http:\/\/www.unrn.edu.ar\/\" target=\"_blank\" rel=\"noopener noreferrer\" data-auth=\"NotApplicable\">www.unrn.edu.ar<\/a><\/span><\/div>\n<div><span style=\"font-family: trebuchet ms, sans-serif;\">Facebook:\u00a0<a href=\"https:\/\/www.facebook.com\/unrnsedeandina\" target=\"_blank\" rel=\"noopener noreferrer\" data-auth=\"NotApplicable\">https:\/\/www.facebook.com\/unrnsedeandina<\/a><br \/>\n<\/span><\/div>\n<div><span style=\"font-family: trebuchet ms, sans-serif;\">Twitter: @unrnsedeandina<\/span><\/div>\n<div><span style=\"font-family: trebuchet ms, sans-serif;\">\u00a0<\/span><\/div>\n<div><span style=\"font-family: trebuchet ms, sans-serif;\">Intagram: Instagram\/@unrionegro<\/span><\/div>\n<div><span style=\"font-family: trebuchet ms, sans-serif;\"><a href=\"http:\/\/www.unrn.tv\/\" target=\"_blank\" rel=\"noopener noreferrer\" data-auth=\"NotApplicable\">www.unrn.tv<\/a><br \/>\n<\/span><\/div>\n<div><span style=\"font-family: trebuchet ms, sans-serif;\">www.raund.media<\/span><\/div>\n<\/div>\n<\/div>\n<\/div>\n<\/div>\n<\/div>\n<\/div>\n<\/div>\n<\/div>\n<\/div>\n<\/div>\n<\/div>\n<\/div>\n<\/div>\n","protected":false},"excerpt":{"rendered":"<p>Bariloche, 4 de octubre de 2019.- Se trata de Emanuel Nikolas Zenz, quien recibi\u00f3 el premio anual al mejor egresado [&hellip;]<\/p>\n","protected":false},"author":2,"featured_media":63469,"comment_status":"open","ping_status":"open","sticky":false,"template":"","format":"standard","meta":{"site-sidebar-layout":"default","site-content-layout":"","ast-site-content-layout":"default","site-content-style":"default","site-sidebar-style":"default","ast-global-header-display":"","ast-banner-title-visibility":"","ast-main-header-display":"","ast-hfb-above-header-display":"","ast-hfb-below-header-display":"","ast-hfb-mobile-header-display":"","site-post-title":"","ast-breadcrumbs-content":"","ast-featured-img":"","footer-sml-layout":"","ast-disable-related-posts":"","theme-transparent-header-meta":"","adv-header-id-meta":"","stick-header-meta":"","header-above-stick-meta":"","header-main-stick-meta":"","header-below-stick-meta":"","astra-migrate-meta-layouts":"default","ast-page-background-enabled":"default","ast-page-background-meta":{"desktop":{"background-color":"var(--ast-global-color-5)","background-image":"","background-repeat":"repeat","background-position":"center center","background-size":"auto","background-attachment":"scroll","background-type":"","background-media":"","overlay-type":"","overlay-color":"","overlay-opacity":"","overlay-gradient":""},"tablet":{"background-color":"","background-image":"","background-repeat":"repeat","background-position":"center center","background-size":"auto","background-attachment":"scroll","background-type":"","background-media":"","overlay-type":"","overlay-color":"","overlay-opacity":"","overlay-gradient":""},"mobile":{"background-color":"","background-image":"","background-repeat":"repeat","background-position":"center center","background-size":"auto","background-attachment":"scroll","background-type":"","background-media":"","overlay-type":"","overlay-color":"","overlay-opacity":"","overlay-gradient":""}},"ast-content-background-meta":{"desktop":{"background-color":"var(--ast-global-color-4)","background-image":"","background-repeat":"repeat","background-position":"center center","background-size":"auto","background-attachment":"scroll","background-type":"","background-media":"","overlay-type":"","overlay-color":"","overlay-opacity":"","overlay-gradient":""},"tablet":{"background-color":"var(--ast-global-color-4)","background-image":"","background-repeat":"repeat","background-position":"center center","background-size":"auto","background-attachment":"scroll","background-type":"","background-media":"","overlay-type":"","overlay-color":"","overlay-opacity":"","overlay-gradient":""},"mobile":{"background-color":"var(--ast-global-color-4)","background-image":"","background-repeat":"repeat","background-position":"center center","background-size":"auto","background-attachment":"scroll","background-type":"","background-media":"","overlay-type":"","overlay-color":"","overlay-opacity":"","overlay-gradient":""}},"footnotes":""},"categories":[19,1],"tags":[],"class_list":["post-63467","post","type-post","status-publish","format-standard","has-post-thumbnail","hentry","category-nacionales","category-noticias"],"yoast_head":"<!-- This site is optimized with the Yoast SEO Premium plugin v23.0 (Yoast SEO v27.5) - https:\/\/yoast.com\/product\/yoast-seo-premium-wordpress\/ -->\n<title>Premio nacional a egresado de Ingenier\u00eda Ambiental de la Sede Andina<\/title>\n<meta name=\"robots\" content=\"index, follow, max-snippet:-1, max-image-preview:large, max-video-preview:-1\" \/>\n<link rel=\"canonical\" href=\"https:\/\/patagoniambiental.com.ar\/info\/premio-nacional-a-egresado-de-ingenieria-ambiental-de-la-sede-andina\/\" \/>\n<meta property=\"og:locale\" content=\"es_ES\" \/>\n<meta property=\"og:type\" content=\"article\" \/>\n<meta property=\"og:title\" content=\"Premio nacional a egresado de Ingenier\u00eda Ambiental de la Sede Andina\" \/>\n<meta property=\"og:description\" content=\"Bariloche, 4 de octubre de 2019.- Se trata de Emanuel Nikolas Zenz, quien recibi\u00f3 el premio anual al mejor egresado [&hellip;]\" \/>\n<meta property=\"og:url\" content=\"https:\/\/patagoniambiental.com.ar\/info\/premio-nacional-a-egresado-de-ingenieria-ambiental-de-la-sede-andina\/\" \/>\n<meta property=\"og:site_name\" content=\"Patagonia Ambiental\" \/>\n<meta property=\"article:publisher\" content=\"https:\/\/www.facebook.com\/patagonia.ambiental\" \/>\n<meta property=\"article:author\" content=\"https:\/\/www.facebook.com\/share\/1C1V8Gv9BX\/?mibextid=qi2Omg\" \/>\n<meta property=\"article:published_time\" content=\"2019-10-04T22:00:35+00:00\" \/>\n<meta property=\"og:image\" content=\"https:\/\/patagoniambiental.com.ar\/info\/wp-content\/uploads\/2019\/10\/thumbnail_Premio-Estudiante-IAmb-web.jpg\" \/>\n\t<meta property=\"og:image:width\" content=\"1280\" \/>\n\t<meta property=\"og:image:height\" content=\"720\" \/>\n\t<meta property=\"og:image:type\" content=\"image\/jpeg\" \/>\n<meta name=\"author\" content=\"Patagonia Ambiental\" \/>\n<meta name=\"twitter:card\" content=\"summary_large_image\" \/>\n<meta name=\"twitter:creator\" content=\"@PatAmb\" \/>\n<meta name=\"twitter:site\" content=\"@PatAmb\" \/>\n<script type=\"application\/ld+json\" class=\"yoast-schema-graph\">{\"@context\":\"https:\\\/\\\/schema.org\",\"@graph\":[{\"@type\":\"Article\",\"@id\":\"https:\\\/\\\/patagoniambiental.com.ar\\\/info\\\/premio-nacional-a-egresado-de-ingenieria-ambiental-de-la-sede-andina\\\/#article\",\"isPartOf\":{\"@id\":\"https:\\\/\\\/patagoniambiental.com.ar\\\/info\\\/premio-nacional-a-egresado-de-ingenieria-ambiental-de-la-sede-andina\\\/\"},\"author\":{\"name\":\"Patagonia Ambiental\",\"@id\":\"https:\\\/\\\/patagoniambiental.com.ar\\\/info\\\/#\\\/schema\\\/person\\\/db12bff64bbcbf6a253710bf0ea37b5d\"},\"headline\":\"Premio nacional a egresado de Ingenier\u00eda Ambiental de la Sede Andina\",\"datePublished\":\"2019-10-04T22:00:35+00:00\",\"mainEntityOfPage\":{\"@id\":\"https:\\\/\\\/patagoniambiental.com.ar\\\/info\\\/premio-nacional-a-egresado-de-ingenieria-ambiental-de-la-sede-andina\\\/\"},\"wordCount\":294,\"commentCount\":0,\"publisher\":{\"@id\":\"https:\\\/\\\/patagoniambiental.com.ar\\\/info\\\/#organization\"},\"image\":{\"@id\":\"https:\\\/\\\/patagoniambiental.com.ar\\\/info\\\/premio-nacional-a-egresado-de-ingenieria-ambiental-de-la-sede-andina\\\/#primaryimage\"},\"thumbnailUrl\":\"https:\\\/\\\/patagoniambiental.com.ar\\\/info\\\/wp-content\\\/uploads\\\/2019\\\/10\\\/thumbnail_Premio-Estudiante-IAmb-web.jpg\",\"articleSection\":[\"Nacionales\",\"Noticias\"],\"inLanguage\":\"es\",\"potentialAction\":[{\"@type\":\"CommentAction\",\"name\":\"Comment\",\"target\":[\"https:\\\/\\\/patagoniambiental.com.ar\\\/info\\\/premio-nacional-a-egresado-de-ingenieria-ambiental-de-la-sede-andina\\\/#respond\"]}]},{\"@type\":\"WebPage\",\"@id\":\"https:\\\/\\\/patagoniambiental.com.ar\\\/info\\\/premio-nacional-a-egresado-de-ingenieria-ambiental-de-la-sede-andina\\\/\",\"url\":\"https:\\\/\\\/patagoniambiental.com.ar\\\/info\\\/premio-nacional-a-egresado-de-ingenieria-ambiental-de-la-sede-andina\\\/\",\"name\":\"Premio nacional a egresado de Ingenier\u00eda Ambiental de la Sede Andina\",\"isPartOf\":{\"@id\":\"https:\\\/\\\/patagoniambiental.com.ar\\\/info\\\/#website\"},\"primaryImageOfPage\":{\"@id\":\"https:\\\/\\\/patagoniambiental.com.ar\\\/info\\\/premio-nacional-a-egresado-de-ingenieria-ambiental-de-la-sede-andina\\\/#primaryimage\"},\"image\":{\"@id\":\"https:\\\/\\\/patagoniambiental.com.ar\\\/info\\\/premio-nacional-a-egresado-de-ingenieria-ambiental-de-la-sede-andina\\\/#primaryimage\"},\"thumbnailUrl\":\"https:\\\/\\\/patagoniambiental.com.ar\\\/info\\\/wp-content\\\/uploads\\\/2019\\\/10\\\/thumbnail_Premio-Estudiante-IAmb-web.jpg\",\"datePublished\":\"2019-10-04T22:00:35+00:00\",\"breadcrumb\":{\"@id\":\"https:\\\/\\\/patagoniambiental.com.ar\\\/info\\\/premio-nacional-a-egresado-de-ingenieria-ambiental-de-la-sede-andina\\\/#breadcrumb\"},\"inLanguage\":\"es\",\"potentialAction\":[{\"@type\":\"ReadAction\",\"target\":[\"https:\\\/\\\/patagoniambiental.com.ar\\\/info\\\/premio-nacional-a-egresado-de-ingenieria-ambiental-de-la-sede-andina\\\/\"]}]},{\"@type\":\"ImageObject\",\"inLanguage\":\"es\",\"@id\":\"https:\\\/\\\/patagoniambiental.com.ar\\\/info\\\/premio-nacional-a-egresado-de-ingenieria-ambiental-de-la-sede-andina\\\/#primaryimage\",\"url\":\"https:\\\/\\\/patagoniambiental.com.ar\\\/info\\\/wp-content\\\/uploads\\\/2019\\\/10\\\/thumbnail_Premio-Estudiante-IAmb-web.jpg\",\"contentUrl\":\"https:\\\/\\\/patagoniambiental.com.ar\\\/info\\\/wp-content\\\/uploads\\\/2019\\\/10\\\/thumbnail_Premio-Estudiante-IAmb-web.jpg\",\"width\":1067,\"height\":600},{\"@type\":\"BreadcrumbList\",\"@id\":\"https:\\\/\\\/patagoniambiental.com.ar\\\/info\\\/premio-nacional-a-egresado-de-ingenieria-ambiental-de-la-sede-andina\\\/#breadcrumb\",\"itemListElement\":[{\"@type\":\"ListItem\",\"position\":1,\"name\":\"Inicio\",\"item\":\"https:\\\/\\\/patagoniambiental.com.ar\\\/info\\\/\"},{\"@type\":\"ListItem\",\"position\":2,\"name\":\"Premio nacional a egresado de Ingenier\u00eda Ambiental de la Sede Andina\"}]},{\"@type\":\"WebSite\",\"@id\":\"https:\\\/\\\/patagoniambiental.com.ar\\\/info\\\/#website\",\"url\":\"https:\\\/\\\/patagoniambiental.com.ar\\\/info\\\/\",\"name\":\"Patagonia Ambiental\",\"description\":\"Monitoreo y an\u00e1lisis de la situaci\u00f3n geopol\u00edtica en el mundo y su implicancia en la Patagonia\",\"publisher\":{\"@id\":\"https:\\\/\\\/patagoniambiental.com.ar\\\/info\\\/#organization\"},\"potentialAction\":[{\"@type\":\"SearchAction\",\"target\":{\"@type\":\"EntryPoint\",\"urlTemplate\":\"https:\\\/\\\/patagoniambiental.com.ar\\\/info\\\/?s={search_term_string}\"},\"query-input\":{\"@type\":\"PropertyValueSpecification\",\"valueRequired\":true,\"valueName\":\"search_term_string\"}}],\"inLanguage\":\"es\"},{\"@type\":\"Organization\",\"@id\":\"https:\\\/\\\/patagoniambiental.com.ar\\\/info\\\/#organization\",\"name\":\"Patagonia Ambiental\",\"url\":\"https:\\\/\\\/patagoniambiental.com.ar\\\/info\\\/\",\"logo\":{\"@type\":\"ImageObject\",\"inLanguage\":\"es\",\"@id\":\"https:\\\/\\\/patagoniambiental.com.ar\\\/info\\\/#\\\/schema\\\/logo\\\/image\\\/\",\"url\":\"https:\\\/\\\/patagoniambiental.com.ar\\\/info\\\/wp-content\\\/uploads\\\/2025\\\/05\\\/LOGO-PATAGONIA-AMBIENTAL.png\",\"contentUrl\":\"https:\\\/\\\/patagoniambiental.com.ar\\\/info\\\/wp-content\\\/uploads\\\/2025\\\/05\\\/LOGO-PATAGONIA-AMBIENTAL.png\",\"width\":433,\"height\":250,\"caption\":\"Patagonia Ambiental\"},\"image\":{\"@id\":\"https:\\\/\\\/patagoniambiental.com.ar\\\/info\\\/#\\\/schema\\\/logo\\\/image\\\/\"},\"sameAs\":[\"https:\\\/\\\/www.facebook.com\\\/patagonia.ambiental\",\"https:\\\/\\\/x.com\\\/PatAmb\"]},{\"@type\":\"Person\",\"@id\":\"https:\\\/\\\/patagoniambiental.com.ar\\\/info\\\/#\\\/schema\\\/person\\\/db12bff64bbcbf6a253710bf0ea37b5d\",\"name\":\"Patagonia Ambiental\",\"description\":\"Andr\u00e9s Nievas T\u00e9cnico en manejo ambiental, consultor Ambiental y escritor para medios locales e internacionales sobre temas de geopolitica y medio ambiente.\",\"sameAs\":[\"http:\\\/\\\/www.patagoniambiental.com.ar\",\"https:\\\/\\\/www.facebook.com\\\/share\\\/1C1V8Gv9BX\\\/?mibextid=qi2Omg\",\"@patagoniambiental\",\"https:\\\/\\\/youtube.com\\\/@patagoniaambiental2023?si=BLt58t0wuXquxlYZ\"]}]}<\/script>\n<!-- \/ Yoast SEO Premium plugin. -->","yoast_head_json":{"title":"Premio nacional a egresado de Ingenier\u00eda Ambiental de la Sede Andina","robots":{"index":"index","follow":"follow","max-snippet":"max-snippet:-1","max-image-preview":"max-image-preview:large","max-video-preview":"max-video-preview:-1"},"canonical":"https:\/\/patagoniambiental.com.ar\/info\/premio-nacional-a-egresado-de-ingenieria-ambiental-de-la-sede-andina\/","og_locale":"es_ES","og_type":"article","og_title":"Premio nacional a egresado de Ingenier\u00eda Ambiental de la Sede Andina","og_description":"Bariloche, 4 de octubre de 2019.- Se trata de Emanuel Nikolas Zenz, quien recibi\u00f3 el premio anual al mejor egresado [&hellip;]","og_url":"https:\/\/patagoniambiental.com.ar\/info\/premio-nacional-a-egresado-de-ingenieria-ambiental-de-la-sede-andina\/","og_site_name":"Patagonia Ambiental","article_publisher":"https:\/\/www.facebook.com\/patagonia.ambiental","article_author":"https:\/\/www.facebook.com\/share\/1C1V8Gv9BX\/?mibextid=qi2Omg","article_published_time":"2019-10-04T22:00:35+00:00","og_image":[{"width":1280,"height":720,"url":"https:\/\/patagoniambiental.com.ar\/info\/wp-content\/uploads\/2019\/10\/thumbnail_Premio-Estudiante-IAmb-web.jpg","type":"image\/jpeg"}],"author":"Patagonia Ambiental","twitter_card":"summary_large_image","twitter_creator":"@PatAmb","twitter_site":"@PatAmb","schema":{"@context":"https:\/\/schema.org","@graph":[{"@type":"Article","@id":"https:\/\/patagoniambiental.com.ar\/info\/premio-nacional-a-egresado-de-ingenieria-ambiental-de-la-sede-andina\/#article","isPartOf":{"@id":"https:\/\/patagoniambiental.com.ar\/info\/premio-nacional-a-egresado-de-ingenieria-ambiental-de-la-sede-andina\/"},"author":{"name":"Patagonia Ambiental","@id":"https:\/\/patagoniambiental.com.ar\/info\/#\/schema\/person\/db12bff64bbcbf6a253710bf0ea37b5d"},"headline":"Premio nacional a egresado de Ingenier\u00eda Ambiental de la Sede Andina","datePublished":"2019-10-04T22:00:35+00:00","mainEntityOfPage":{"@id":"https:\/\/patagoniambiental.com.ar\/info\/premio-nacional-a-egresado-de-ingenieria-ambiental-de-la-sede-andina\/"},"wordCount":294,"commentCount":0,"publisher":{"@id":"https:\/\/patagoniambiental.com.ar\/info\/#organization"},"image":{"@id":"https:\/\/patagoniambiental.com.ar\/info\/premio-nacional-a-egresado-de-ingenieria-ambiental-de-la-sede-andina\/#primaryimage"},"thumbnailUrl":"https:\/\/patagoniambiental.com.ar\/info\/wp-content\/uploads\/2019\/10\/thumbnail_Premio-Estudiante-IAmb-web.jpg","articleSection":["Nacionales","Noticias"],"inLanguage":"es","potentialAction":[{"@type":"CommentAction","name":"Comment","target":["https:\/\/patagoniambiental.com.ar\/info\/premio-nacional-a-egresado-de-ingenieria-ambiental-de-la-sede-andina\/#respond"]}]},{"@type":"WebPage","@id":"https:\/\/patagoniambiental.com.ar\/info\/premio-nacional-a-egresado-de-ingenieria-ambiental-de-la-sede-andina\/","url":"https:\/\/patagoniambiental.com.ar\/info\/premio-nacional-a-egresado-de-ingenieria-ambiental-de-la-sede-andina\/","name":"Premio nacional a egresado de Ingenier\u00eda Ambiental de la Sede Andina","isPartOf":{"@id":"https:\/\/patagoniambiental.com.ar\/info\/#website"},"primaryImageOfPage":{"@id":"https:\/\/patagoniambiental.com.ar\/info\/premio-nacional-a-egresado-de-ingenieria-ambiental-de-la-sede-andina\/#primaryimage"},"image":{"@id":"https:\/\/patagoniambiental.com.ar\/info\/premio-nacional-a-egresado-de-ingenieria-ambiental-de-la-sede-andina\/#primaryimage"},"thumbnailUrl":"https:\/\/patagoniambiental.com.ar\/info\/wp-content\/uploads\/2019\/10\/thumbnail_Premio-Estudiante-IAmb-web.jpg","datePublished":"2019-10-04T22:00:35+00:00","breadcrumb":{"@id":"https:\/\/patagoniambiental.com.ar\/info\/premio-nacional-a-egresado-de-ingenieria-ambiental-de-la-sede-andina\/#breadcrumb"},"inLanguage":"es","potentialAction":[{"@type":"ReadAction","target":["https:\/\/patagoniambiental.com.ar\/info\/premio-nacional-a-egresado-de-ingenieria-ambiental-de-la-sede-andina\/"]}]},{"@type":"ImageObject","inLanguage":"es","@id":"https:\/\/patagoniambiental.com.ar\/info\/premio-nacional-a-egresado-de-ingenieria-ambiental-de-la-sede-andina\/#primaryimage","url":"https:\/\/patagoniambiental.com.ar\/info\/wp-content\/uploads\/2019\/10\/thumbnail_Premio-Estudiante-IAmb-web.jpg","contentUrl":"https:\/\/patagoniambiental.com.ar\/info\/wp-content\/uploads\/2019\/10\/thumbnail_Premio-Estudiante-IAmb-web.jpg","width":1067,"height":600},{"@type":"BreadcrumbList","@id":"https:\/\/patagoniambiental.com.ar\/info\/premio-nacional-a-egresado-de-ingenieria-ambiental-de-la-sede-andina\/#breadcrumb","itemListElement":[{"@type":"ListItem","position":1,"name":"Inicio","item":"https:\/\/patagoniambiental.com.ar\/info\/"},{"@type":"ListItem","position":2,"name":"Premio nacional a egresado de Ingenier\u00eda Ambiental de la Sede Andina"}]},{"@type":"WebSite","@id":"https:\/\/patagoniambiental.com.ar\/info\/#website","url":"https:\/\/patagoniambiental.com.ar\/info\/","name":"Patagonia Ambiental","description":"Monitoreo y an\u00e1lisis de la situaci\u00f3n geopol\u00edtica en el mundo y su implicancia en la Patagonia","publisher":{"@id":"https:\/\/patagoniambiental.com.ar\/info\/#organization"},"potentialAction":[{"@type":"SearchAction","target":{"@type":"EntryPoint","urlTemplate":"https:\/\/patagoniambiental.com.ar\/info\/?s={search_term_string}"},"query-input":{"@type":"PropertyValueSpecification","valueRequired":true,"valueName":"search_term_string"}}],"inLanguage":"es"},{"@type":"Organization","@id":"https:\/\/patagoniambiental.com.ar\/info\/#organization","name":"Patagonia Ambiental","url":"https:\/\/patagoniambiental.com.ar\/info\/","logo":{"@type":"ImageObject","inLanguage":"es","@id":"https:\/\/patagoniambiental.com.ar\/info\/#\/schema\/logo\/image\/","url":"https:\/\/patagoniambiental.com.ar\/info\/wp-content\/uploads\/2025\/05\/LOGO-PATAGONIA-AMBIENTAL.png","contentUrl":"https:\/\/patagoniambiental.com.ar\/info\/wp-content\/uploads\/2025\/05\/LOGO-PATAGONIA-AMBIENTAL.png","width":433,"height":250,"caption":"Patagonia Ambiental"},"image":{"@id":"https:\/\/patagoniambiental.com.ar\/info\/#\/schema\/logo\/image\/"},"sameAs":["https:\/\/www.facebook.com\/patagonia.ambiental","https:\/\/x.com\/PatAmb"]},{"@type":"Person","@id":"https:\/\/patagoniambiental.com.ar\/info\/#\/schema\/person\/db12bff64bbcbf6a253710bf0ea37b5d","name":"Patagonia Ambiental","description":"Andr\u00e9s Nievas T\u00e9cnico en manejo ambiental, consultor Ambiental y escritor para medios locales e internacionales sobre temas de geopolitica y medio ambiente.","sameAs":["http:\/\/www.patagoniambiental.com.ar","https:\/\/www.facebook.com\/share\/1C1V8Gv9BX\/?mibextid=qi2Omg","@patagoniambiental","https:\/\/youtube.com\/@patagoniaambiental2023?si=BLt58t0wuXquxlYZ"]}]}},"_links":{"self":[{"href":"https:\/\/patagoniambiental.com.ar\/info\/wp-json\/wp\/v2\/posts\/63467","targetHints":{"allow":["GET"]}}],"collection":[{"href":"https:\/\/patagoniambiental.com.ar\/info\/wp-json\/wp\/v2\/posts"}],"about":[{"href":"https:\/\/patagoniambiental.com.ar\/info\/wp-json\/wp\/v2\/types\/post"}],"author":[{"embeddable":true,"href":"https:\/\/patagoniambiental.com.ar\/info\/wp-json\/wp\/v2\/users\/2"}],"replies":[{"embeddable":true,"href":"https:\/\/patagoniambiental.com.ar\/info\/wp-json\/wp\/v2\/comments?post=63467"}],"version-history":[{"count":0,"href":"https:\/\/patagoniambiental.com.ar\/info\/wp-json\/wp\/v2\/posts\/63467\/revisions"}],"wp:featuredmedia":[{"embeddable":true,"href":"https:\/\/patagoniambiental.com.ar\/info\/wp-json\/wp\/v2\/media\/63469"}],"wp:attachment":[{"href":"https:\/\/patagoniambiental.com.ar\/info\/wp-json\/wp\/v2\/media?parent=63467"}],"wp:term":[{"taxonomy":"category","embeddable":true,"href":"https:\/\/patagoniambiental.com.ar\/info\/wp-json\/wp\/v2\/categories?post=63467"},{"taxonomy":"post_tag","embeddable":true,"href":"https:\/\/patagoniambiental.com.ar\/info\/wp-json\/wp\/v2\/tags?post=63467"}],"curies":[{"name":"wp","href":"https:\/\/api.w.org\/{rel}","templated":true}]}}