{"id":63481,"date":"2019-10-07T19:00:34","date_gmt":"2019-10-07T22:00:34","guid":{"rendered":"http:\/\/patagoniambiental.com.ar\/info\/?p=63481"},"modified":"2019-10-07T13:03:22","modified_gmt":"2019-10-07T16:03:22","slug":"fit-2019-turismo-inclusivo-una-mision-rionegrina","status":"publish","type":"post","link":"https:\/\/patagoniambiental.com.ar\/info\/fit-2019-turismo-inclusivo-una-mision-rionegrina\/","title":{"rendered":"FIT 2019: turismo inclusivo, una misi\u00f3n rionegrina"},"content":{"rendered":"<div>Buenos Aires.-El Ministerio de Turismo, Cultura y Deporte junto a la Fundaci\u00f3n Challenge de Bariloche, present\u00f3 en la Feria Internacional de Turismo de Latinoam\u00e9rica la nueva silla para realizar trekking adaptado, dando un paso m\u00e1s hacia la inclusi\u00f3n tur\u00edstica.<\/div>\n<p><!--more--><\/p>\n<div><\/div>\n<div id=\"x_cuerpo\">La Feria Internacional de Turismo de Latinoam\u00e9rica abri\u00f3 sus puertas en el predio de La Rural ubicado en Palermo, Buenos Aires, donde R\u00edo Negro promociona sus destinos. En la jornada inaugural la Provincia present\u00f3 ante el p\u00fablico general, invitados especiales y la prensa, productos tur\u00edsticos como La Trochita y el Parque Subacu\u00e1tico de Las Grutas, y acompa\u00f1\u00f3 a la Fundaci\u00f3n Challenge en la presentaci\u00f3n de la nueva silla para realizar trekking adaptado.<\/p>\n<p>La Fundaci\u00f3n Challenge, con sede en San Carlos de Bariloche, brinda durante la temporada de invierno clases de ski adaptado y ahora suma una silla de trekking que le permitir\u00e1 ampliar las experiencias de los visitantes a todo el a\u00f1o.<\/p>\n<p>En este sentido, la ministra de Turismo, Cultura y Deporte, Martha V\u00e9lez, sostuvo que \u201csin dudas el trabajo que hace la Fundaci\u00f3n es muy importante porque tiene dos funciones muy marcadas, la social de acercar a las personas con discapacidad a la monta\u00f1a, y por otro tur\u00edstico, de seguir impulsando los destinos\u201d.<\/p>\n<p>La presentaci\u00f3n fue realizada por el presidente de la Fundaci\u00f3n Challenge, Mart\u00edn Bacer y el instructor Alejandro Pichone.<\/p>\n<p>Por otro lado, los visitantes del primer d\u00eda de FIT pudieron degustar manzanas del Alto Valle rionegrino, vinos, sidras y licores de las diferentes regiones y cerveza artesanal de Las Grutas.<\/p>\n<p>En la cocina del stand Patagonia el chef Juan Solorza, de Catriel y Carlos Puricell, de Cipolletti, realizaron desgustaciones de costillas de cerdo laqueadas en barbacoa de chocolate, ciervo ahumado cocido a baja temperatura con crumble de hongo, merluz\u00f3n de anzuelo confitado con espuma de langostinos y cilantro, mientras que el sommelier Alejandro Mart\u00ednez, ofreci\u00f3 vinos rionegrinos y sidra de manzana para acompa\u00f1ar los platos.<\/p>\n<p>Este domingo,R\u00edo Negro continuar\u00e1 la promoci\u00f3n de sus destinos junto a los municipios de San Antonio Oeste, Sierra Grande, Viedma, Villa Regina, El Bols\u00f3n, R\u00edo Colorado, Dina Huapi, General Roca, Cinco Saltos, los Entes Mixtos de Promoci\u00f3n Tur\u00edstica de Bariloche y de Las Grutas y operadores tur\u00edsticos. La actividad ser\u00e1 de 14 a 21.<\/p>\n<div><\/div>\n<div>A las 15.30 los profesionales gastron\u00f3micos rionegrinos ofrecer\u00e1n degustaci\u00f3n de platos y bebidas regionales, mientras que en el cors\u00f3dromo del predio se presentar\u00e1 a las 17.45 la pareja de tango ganadora del \u00faltimo Mundial en la modalidad escenario, Estefan\u00eda G\u00f3mez y Fernando Rodr\u00edguez de Las Grutas.<\/p>\n<div><\/div>\n<\/div>\n<\/div>\n<p>M\u00e1s informaci\u00f3n:\u00a0<a id=\"LPlnk881724\" href=\"http:\/\/www.rionegro.gov.ar\/?contID=54847\" target=\"_blank\" rel=\"noopener noreferrer\" data-auth=\"NotApplicable\">http:\/\/www.rionegro.gov.ar\/?contID=54847<\/a><\/p>\n<p>&#8212;&#8212;&#8212;&#8212;&#8212;-<br \/>\nGOBIERNO DE R\u00cdO NEGRO<br \/>\nSecretar\u00eda de Medios<\/p>\n<p>prensa@coordinacion.rionegro.gov.ar<br \/>\nT +54 02920 425700 \/ Interno 217<\/p>\n<p>www.twitter.com\/ComunicacionRN<br \/>\nwww.facebook.com\/comunicacion.rionegro<br \/>\nwww.youtube.com\/ComunicacionRN<br \/>\nwww.flickr.com\/comunicacionrionegro<\/p>\n","protected":false},"excerpt":{"rendered":"<p>Buenos Aires.-El Ministerio de Turismo, Cultura y Deporte junto a la Fundaci\u00f3n Challenge de Bariloche, present\u00f3 en la Feria Internacional [&hellip;]<\/p>\n","protected":false},"author":2,"featured_media":63482,"comment_status":"open","ping_status":"open","sticky":false,"template":"","format":"standard","meta":{"site-sidebar-layout":"default","site-content-layout":"","ast-site-content-layout":"default","site-content-style":"default","site-sidebar-style":"default","ast-global-header-display":"","ast-banner-title-visibility":"","ast-main-header-display":"","ast-hfb-above-header-display":"","ast-hfb-below-header-display":"","ast-hfb-mobile-header-display":"","site-post-title":"","ast-breadcrumbs-content":"","ast-featured-img":"","footer-sml-layout":"","ast-disable-related-posts":"","theme-transparent-header-meta":"","adv-header-id-meta":"","stick-header-meta":"","header-above-stick-meta":"","header-main-stick-meta":"","header-below-stick-meta":"","astra-migrate-meta-layouts":"default","ast-page-background-enabled":"default","ast-page-background-meta":{"desktop":{"background-color":"var(--ast-global-color-5)","background-image":"","background-repeat":"repeat","background-position":"center center","background-size":"auto","background-attachment":"scroll","background-type":"","background-media":"","overlay-type":"","overlay-color":"","overlay-opacity":"","overlay-gradient":""},"tablet":{"background-color":"","background-image":"","background-repeat":"repeat","background-position":"center center","background-size":"auto","background-attachment":"scroll","background-type":"","background-media":"","overlay-type":"","overlay-color":"","overlay-opacity":"","overlay-gradient":""},"mobile":{"background-color":"","background-image":"","background-repeat":"repeat","background-position":"center center","background-size":"auto","background-attachment":"scroll","background-type":"","background-media":"","overlay-type":"","overlay-color":"","overlay-opacity":"","overlay-gradient":""}},"ast-content-background-meta":{"desktop":{"background-color":"var(--ast-global-color-4)","background-image":"","background-repeat":"repeat","background-position":"center center","background-size":"auto","background-attachment":"scroll","background-type":"","background-media":"","overlay-type":"","overlay-color":"","overlay-opacity":"","overlay-gradient":""},"tablet":{"background-color":"var(--ast-global-color-4)","background-image":"","background-repeat":"repeat","background-position":"center center","background-size":"auto","background-attachment":"scroll","background-type":"","background-media":"","overlay-type":"","overlay-color":"","overlay-opacity":"","overlay-gradient":""},"mobile":{"background-color":"var(--ast-global-color-4)","background-image":"","background-repeat":"repeat","background-position":"center center","background-size":"auto","background-attachment":"scroll","background-type":"","background-media":"","overlay-type":"","overlay-color":"","overlay-opacity":"","overlay-gradient":""}},"footnotes":""},"categories":[12,1],"tags":[],"class_list":["post-63481","post","type-post","status-publish","format-standard","has-post-thumbnail","hentry","category-agenda-ambiental","category-noticias"],"yoast_head":"<!-- This site is optimized with the Yoast SEO Premium plugin v23.0 (Yoast SEO v27.5) - https:\/\/yoast.com\/product\/yoast-seo-premium-wordpress\/ -->\n<title>FIT 2019: turismo inclusivo, una misi\u00f3n rionegrina<\/title>\n<meta name=\"robots\" content=\"index, follow, max-snippet:-1, max-image-preview:large, max-video-preview:-1\" \/>\n<link rel=\"canonical\" href=\"https:\/\/patagoniambiental.com.ar\/info\/fit-2019-turismo-inclusivo-una-mision-rionegrina\/\" \/>\n<meta property=\"og:locale\" content=\"es_ES\" \/>\n<meta property=\"og:type\" content=\"article\" \/>\n<meta property=\"og:title\" content=\"FIT 2019: turismo inclusivo, una misi\u00f3n rionegrina\" \/>\n<meta property=\"og:description\" content=\"Buenos Aires.-El Ministerio de Turismo, Cultura y Deporte junto a la Fundaci\u00f3n Challenge de Bariloche, present\u00f3 en la Feria Internacional [&hellip;]\" \/>\n<meta property=\"og:url\" content=\"https:\/\/patagoniambiental.com.ar\/info\/fit-2019-turismo-inclusivo-una-mision-rionegrina\/\" \/>\n<meta property=\"og:site_name\" content=\"Patagonia Ambiental\" \/>\n<meta property=\"article:publisher\" content=\"https:\/\/www.facebook.com\/patagonia.ambiental\" \/>\n<meta property=\"article:author\" content=\"https:\/\/www.facebook.com\/share\/1C1V8Gv9BX\/?mibextid=qi2Omg\" \/>\n<meta property=\"article:published_time\" content=\"2019-10-07T22:00:34+00:00\" \/>\n<meta property=\"og:image\" content=\"https:\/\/patagoniambiental.com.ar\/info\/wp-content\/uploads\/2019\/10\/00045178.jpg\" \/>\n\t<meta property=\"og:image:width\" content=\"924\" \/>\n\t<meta property=\"og:image:height\" content=\"616\" \/>\n\t<meta property=\"og:image:type\" content=\"image\/jpeg\" \/>\n<meta name=\"author\" content=\"Patagonia Ambiental\" \/>\n<meta name=\"twitter:card\" content=\"summary_large_image\" \/>\n<meta name=\"twitter:creator\" content=\"@PatAmb\" \/>\n<meta name=\"twitter:site\" content=\"@PatAmb\" \/>\n<script type=\"application\/ld+json\" class=\"yoast-schema-graph\">{\"@context\":\"https:\\\/\\\/schema.org\",\"@graph\":[{\"@type\":\"Article\",\"@id\":\"https:\\\/\\\/patagoniambiental.com.ar\\\/info\\\/fit-2019-turismo-inclusivo-una-mision-rionegrina\\\/#article\",\"isPartOf\":{\"@id\":\"https:\\\/\\\/patagoniambiental.com.ar\\\/info\\\/fit-2019-turismo-inclusivo-una-mision-rionegrina\\\/\"},\"author\":{\"name\":\"Patagonia Ambiental\",\"@id\":\"https:\\\/\\\/patagoniambiental.com.ar\\\/info\\\/#\\\/schema\\\/person\\\/db12bff64bbcbf6a253710bf0ea37b5d\"},\"headline\":\"FIT 2019: turismo inclusivo, una misi\u00f3n rionegrina\",\"datePublished\":\"2019-10-07T22:00:34+00:00\",\"mainEntityOfPage\":{\"@id\":\"https:\\\/\\\/patagoniambiental.com.ar\\\/info\\\/fit-2019-turismo-inclusivo-una-mision-rionegrina\\\/\"},\"wordCount\":505,\"commentCount\":0,\"publisher\":{\"@id\":\"https:\\\/\\\/patagoniambiental.com.ar\\\/info\\\/#organization\"},\"image\":{\"@id\":\"https:\\\/\\\/patagoniambiental.com.ar\\\/info\\\/fit-2019-turismo-inclusivo-una-mision-rionegrina\\\/#primaryimage\"},\"thumbnailUrl\":\"https:\\\/\\\/patagoniambiental.com.ar\\\/info\\\/wp-content\\\/uploads\\\/2019\\\/10\\\/00045178.jpg\",\"articleSection\":[\"Agenda Ambiental\",\"Noticias\"],\"inLanguage\":\"es\",\"potentialAction\":[{\"@type\":\"CommentAction\",\"name\":\"Comment\",\"target\":[\"https:\\\/\\\/patagoniambiental.com.ar\\\/info\\\/fit-2019-turismo-inclusivo-una-mision-rionegrina\\\/#respond\"]}]},{\"@type\":\"WebPage\",\"@id\":\"https:\\\/\\\/patagoniambiental.com.ar\\\/info\\\/fit-2019-turismo-inclusivo-una-mision-rionegrina\\\/\",\"url\":\"https:\\\/\\\/patagoniambiental.com.ar\\\/info\\\/fit-2019-turismo-inclusivo-una-mision-rionegrina\\\/\",\"name\":\"FIT 2019: turismo inclusivo, una misi\u00f3n rionegrina\",\"isPartOf\":{\"@id\":\"https:\\\/\\\/patagoniambiental.com.ar\\\/info\\\/#website\"},\"primaryImageOfPage\":{\"@id\":\"https:\\\/\\\/patagoniambiental.com.ar\\\/info\\\/fit-2019-turismo-inclusivo-una-mision-rionegrina\\\/#primaryimage\"},\"image\":{\"@id\":\"https:\\\/\\\/patagoniambiental.com.ar\\\/info\\\/fit-2019-turismo-inclusivo-una-mision-rionegrina\\\/#primaryimage\"},\"thumbnailUrl\":\"https:\\\/\\\/patagoniambiental.com.ar\\\/info\\\/wp-content\\\/uploads\\\/2019\\\/10\\\/00045178.jpg\",\"datePublished\":\"2019-10-07T22:00:34+00:00\",\"breadcrumb\":{\"@id\":\"https:\\\/\\\/patagoniambiental.com.ar\\\/info\\\/fit-2019-turismo-inclusivo-una-mision-rionegrina\\\/#breadcrumb\"},\"inLanguage\":\"es\",\"potentialAction\":[{\"@type\":\"ReadAction\",\"target\":[\"https:\\\/\\\/patagoniambiental.com.ar\\\/info\\\/fit-2019-turismo-inclusivo-una-mision-rionegrina\\\/\"]}]},{\"@type\":\"ImageObject\",\"inLanguage\":\"es\",\"@id\":\"https:\\\/\\\/patagoniambiental.com.ar\\\/info\\\/fit-2019-turismo-inclusivo-una-mision-rionegrina\\\/#primaryimage\",\"url\":\"https:\\\/\\\/patagoniambiental.com.ar\\\/info\\\/wp-content\\\/uploads\\\/2019\\\/10\\\/00045178.jpg\",\"contentUrl\":\"https:\\\/\\\/patagoniambiental.com.ar\\\/info\\\/wp-content\\\/uploads\\\/2019\\\/10\\\/00045178.jpg\",\"width\":900,\"height\":600},{\"@type\":\"BreadcrumbList\",\"@id\":\"https:\\\/\\\/patagoniambiental.com.ar\\\/info\\\/fit-2019-turismo-inclusivo-una-mision-rionegrina\\\/#breadcrumb\",\"itemListElement\":[{\"@type\":\"ListItem\",\"position\":1,\"name\":\"Inicio\",\"item\":\"https:\\\/\\\/patagoniambiental.com.ar\\\/info\\\/\"},{\"@type\":\"ListItem\",\"position\":2,\"name\":\"FIT 2019: turismo inclusivo, una misi\u00f3n rionegrina\"}]},{\"@type\":\"WebSite\",\"@id\":\"https:\\\/\\\/patagoniambiental.com.ar\\\/info\\\/#website\",\"url\":\"https:\\\/\\\/patagoniambiental.com.ar\\\/info\\\/\",\"name\":\"Patagonia Ambiental\",\"description\":\"Monitoreo y an\u00e1lisis de la situaci\u00f3n geopol\u00edtica en el mundo y su implicancia en la Patagonia\",\"publisher\":{\"@id\":\"https:\\\/\\\/patagoniambiental.com.ar\\\/info\\\/#organization\"},\"potentialAction\":[{\"@type\":\"SearchAction\",\"target\":{\"@type\":\"EntryPoint\",\"urlTemplate\":\"https:\\\/\\\/patagoniambiental.com.ar\\\/info\\\/?s={search_term_string}\"},\"query-input\":{\"@type\":\"PropertyValueSpecification\",\"valueRequired\":true,\"valueName\":\"search_term_string\"}}],\"inLanguage\":\"es\"},{\"@type\":\"Organization\",\"@id\":\"https:\\\/\\\/patagoniambiental.com.ar\\\/info\\\/#organization\",\"name\":\"Patagonia Ambiental\",\"url\":\"https:\\\/\\\/patagoniambiental.com.ar\\\/info\\\/\",\"logo\":{\"@type\":\"ImageObject\",\"inLanguage\":\"es\",\"@id\":\"https:\\\/\\\/patagoniambiental.com.ar\\\/info\\\/#\\\/schema\\\/logo\\\/image\\\/\",\"url\":\"https:\\\/\\\/patagoniambiental.com.ar\\\/info\\\/wp-content\\\/uploads\\\/2025\\\/05\\\/LOGO-PATAGONIA-AMBIENTAL.png\",\"contentUrl\":\"https:\\\/\\\/patagoniambiental.com.ar\\\/info\\\/wp-content\\\/uploads\\\/2025\\\/05\\\/LOGO-PATAGONIA-AMBIENTAL.png\",\"width\":433,\"height\":250,\"caption\":\"Patagonia Ambiental\"},\"image\":{\"@id\":\"https:\\\/\\\/patagoniambiental.com.ar\\\/info\\\/#\\\/schema\\\/logo\\\/image\\\/\"},\"sameAs\":[\"https:\\\/\\\/www.facebook.com\\\/patagonia.ambiental\",\"https:\\\/\\\/x.com\\\/PatAmb\"]},{\"@type\":\"Person\",\"@id\":\"https:\\\/\\\/patagoniambiental.com.ar\\\/info\\\/#\\\/schema\\\/person\\\/db12bff64bbcbf6a253710bf0ea37b5d\",\"name\":\"Patagonia Ambiental\",\"description\":\"Andr\u00e9s Nievas T\u00e9cnico en manejo ambiental, consultor Ambiental y escritor para medios locales e internacionales sobre temas de geopolitica y medio ambiente.\",\"sameAs\":[\"http:\\\/\\\/www.patagoniambiental.com.ar\",\"https:\\\/\\\/www.facebook.com\\\/share\\\/1C1V8Gv9BX\\\/?mibextid=qi2Omg\",\"@patagoniambiental\",\"https:\\\/\\\/youtube.com\\\/@patagoniaambiental2023?si=BLt58t0wuXquxlYZ\"]}]}<\/script>\n<!-- \/ Yoast SEO Premium plugin. -->","yoast_head_json":{"title":"FIT 2019: turismo inclusivo, una misi\u00f3n rionegrina","robots":{"index":"index","follow":"follow","max-snippet":"max-snippet:-1","max-image-preview":"max-image-preview:large","max-video-preview":"max-video-preview:-1"},"canonical":"https:\/\/patagoniambiental.com.ar\/info\/fit-2019-turismo-inclusivo-una-mision-rionegrina\/","og_locale":"es_ES","og_type":"article","og_title":"FIT 2019: turismo inclusivo, una misi\u00f3n rionegrina","og_description":"Buenos Aires.-El Ministerio de Turismo, Cultura y Deporte junto a la Fundaci\u00f3n Challenge de Bariloche, present\u00f3 en la Feria Internacional [&hellip;]","og_url":"https:\/\/patagoniambiental.com.ar\/info\/fit-2019-turismo-inclusivo-una-mision-rionegrina\/","og_site_name":"Patagonia Ambiental","article_publisher":"https:\/\/www.facebook.com\/patagonia.ambiental","article_author":"https:\/\/www.facebook.com\/share\/1C1V8Gv9BX\/?mibextid=qi2Omg","article_published_time":"2019-10-07T22:00:34+00:00","og_image":[{"width":924,"height":616,"url":"https:\/\/patagoniambiental.com.ar\/info\/wp-content\/uploads\/2019\/10\/00045178.jpg","type":"image\/jpeg"}],"author":"Patagonia Ambiental","twitter_card":"summary_large_image","twitter_creator":"@PatAmb","twitter_site":"@PatAmb","schema":{"@context":"https:\/\/schema.org","@graph":[{"@type":"Article","@id":"https:\/\/patagoniambiental.com.ar\/info\/fit-2019-turismo-inclusivo-una-mision-rionegrina\/#article","isPartOf":{"@id":"https:\/\/patagoniambiental.com.ar\/info\/fit-2019-turismo-inclusivo-una-mision-rionegrina\/"},"author":{"name":"Patagonia Ambiental","@id":"https:\/\/patagoniambiental.com.ar\/info\/#\/schema\/person\/db12bff64bbcbf6a253710bf0ea37b5d"},"headline":"FIT 2019: turismo inclusivo, una misi\u00f3n rionegrina","datePublished":"2019-10-07T22:00:34+00:00","mainEntityOfPage":{"@id":"https:\/\/patagoniambiental.com.ar\/info\/fit-2019-turismo-inclusivo-una-mision-rionegrina\/"},"wordCount":505,"commentCount":0,"publisher":{"@id":"https:\/\/patagoniambiental.com.ar\/info\/#organization"},"image":{"@id":"https:\/\/patagoniambiental.com.ar\/info\/fit-2019-turismo-inclusivo-una-mision-rionegrina\/#primaryimage"},"thumbnailUrl":"https:\/\/patagoniambiental.com.ar\/info\/wp-content\/uploads\/2019\/10\/00045178.jpg","articleSection":["Agenda Ambiental","Noticias"],"inLanguage":"es","potentialAction":[{"@type":"CommentAction","name":"Comment","target":["https:\/\/patagoniambiental.com.ar\/info\/fit-2019-turismo-inclusivo-una-mision-rionegrina\/#respond"]}]},{"@type":"WebPage","@id":"https:\/\/patagoniambiental.com.ar\/info\/fit-2019-turismo-inclusivo-una-mision-rionegrina\/","url":"https:\/\/patagoniambiental.com.ar\/info\/fit-2019-turismo-inclusivo-una-mision-rionegrina\/","name":"FIT 2019: turismo inclusivo, una misi\u00f3n rionegrina","isPartOf":{"@id":"https:\/\/patagoniambiental.com.ar\/info\/#website"},"primaryImageOfPage":{"@id":"https:\/\/patagoniambiental.com.ar\/info\/fit-2019-turismo-inclusivo-una-mision-rionegrina\/#primaryimage"},"image":{"@id":"https:\/\/patagoniambiental.com.ar\/info\/fit-2019-turismo-inclusivo-una-mision-rionegrina\/#primaryimage"},"thumbnailUrl":"https:\/\/patagoniambiental.com.ar\/info\/wp-content\/uploads\/2019\/10\/00045178.jpg","datePublished":"2019-10-07T22:00:34+00:00","breadcrumb":{"@id":"https:\/\/patagoniambiental.com.ar\/info\/fit-2019-turismo-inclusivo-una-mision-rionegrina\/#breadcrumb"},"inLanguage":"es","potentialAction":[{"@type":"ReadAction","target":["https:\/\/patagoniambiental.com.ar\/info\/fit-2019-turismo-inclusivo-una-mision-rionegrina\/"]}]},{"@type":"ImageObject","inLanguage":"es","@id":"https:\/\/patagoniambiental.com.ar\/info\/fit-2019-turismo-inclusivo-una-mision-rionegrina\/#primaryimage","url":"https:\/\/patagoniambiental.com.ar\/info\/wp-content\/uploads\/2019\/10\/00045178.jpg","contentUrl":"https:\/\/patagoniambiental.com.ar\/info\/wp-content\/uploads\/2019\/10\/00045178.jpg","width":900,"height":600},{"@type":"BreadcrumbList","@id":"https:\/\/patagoniambiental.com.ar\/info\/fit-2019-turismo-inclusivo-una-mision-rionegrina\/#breadcrumb","itemListElement":[{"@type":"ListItem","position":1,"name":"Inicio","item":"https:\/\/patagoniambiental.com.ar\/info\/"},{"@type":"ListItem","position":2,"name":"FIT 2019: turismo inclusivo, una misi\u00f3n rionegrina"}]},{"@type":"WebSite","@id":"https:\/\/patagoniambiental.com.ar\/info\/#website","url":"https:\/\/patagoniambiental.com.ar\/info\/","name":"Patagonia Ambiental","description":"Monitoreo y an\u00e1lisis de la situaci\u00f3n geopol\u00edtica en el mundo y su implicancia en la Patagonia","publisher":{"@id":"https:\/\/patagoniambiental.com.ar\/info\/#organization"},"potentialAction":[{"@type":"SearchAction","target":{"@type":"EntryPoint","urlTemplate":"https:\/\/patagoniambiental.com.ar\/info\/?s={search_term_string}"},"query-input":{"@type":"PropertyValueSpecification","valueRequired":true,"valueName":"search_term_string"}}],"inLanguage":"es"},{"@type":"Organization","@id":"https:\/\/patagoniambiental.com.ar\/info\/#organization","name":"Patagonia Ambiental","url":"https:\/\/patagoniambiental.com.ar\/info\/","logo":{"@type":"ImageObject","inLanguage":"es","@id":"https:\/\/patagoniambiental.com.ar\/info\/#\/schema\/logo\/image\/","url":"https:\/\/patagoniambiental.com.ar\/info\/wp-content\/uploads\/2025\/05\/LOGO-PATAGONIA-AMBIENTAL.png","contentUrl":"https:\/\/patagoniambiental.com.ar\/info\/wp-content\/uploads\/2025\/05\/LOGO-PATAGONIA-AMBIENTAL.png","width":433,"height":250,"caption":"Patagonia Ambiental"},"image":{"@id":"https:\/\/patagoniambiental.com.ar\/info\/#\/schema\/logo\/image\/"},"sameAs":["https:\/\/www.facebook.com\/patagonia.ambiental","https:\/\/x.com\/PatAmb"]},{"@type":"Person","@id":"https:\/\/patagoniambiental.com.ar\/info\/#\/schema\/person\/db12bff64bbcbf6a253710bf0ea37b5d","name":"Patagonia Ambiental","description":"Andr\u00e9s Nievas T\u00e9cnico en manejo ambiental, consultor Ambiental y escritor para medios locales e internacionales sobre temas de geopolitica y medio ambiente.","sameAs":["http:\/\/www.patagoniambiental.com.ar","https:\/\/www.facebook.com\/share\/1C1V8Gv9BX\/?mibextid=qi2Omg","@patagoniambiental","https:\/\/youtube.com\/@patagoniaambiental2023?si=BLt58t0wuXquxlYZ"]}]}},"_links":{"self":[{"href":"https:\/\/patagoniambiental.com.ar\/info\/wp-json\/wp\/v2\/posts\/63481","targetHints":{"allow":["GET"]}}],"collection":[{"href":"https:\/\/patagoniambiental.com.ar\/info\/wp-json\/wp\/v2\/posts"}],"about":[{"href":"https:\/\/patagoniambiental.com.ar\/info\/wp-json\/wp\/v2\/types\/post"}],"author":[{"embeddable":true,"href":"https:\/\/patagoniambiental.com.ar\/info\/wp-json\/wp\/v2\/users\/2"}],"replies":[{"embeddable":true,"href":"https:\/\/patagoniambiental.com.ar\/info\/wp-json\/wp\/v2\/comments?post=63481"}],"version-history":[{"count":0,"href":"https:\/\/patagoniambiental.com.ar\/info\/wp-json\/wp\/v2\/posts\/63481\/revisions"}],"wp:featuredmedia":[{"embeddable":true,"href":"https:\/\/patagoniambiental.com.ar\/info\/wp-json\/wp\/v2\/media\/63482"}],"wp:attachment":[{"href":"https:\/\/patagoniambiental.com.ar\/info\/wp-json\/wp\/v2\/media?parent=63481"}],"wp:term":[{"taxonomy":"category","embeddable":true,"href":"https:\/\/patagoniambiental.com.ar\/info\/wp-json\/wp\/v2\/categories?post=63481"},{"taxonomy":"post_tag","embeddable":true,"href":"https:\/\/patagoniambiental.com.ar\/info\/wp-json\/wp\/v2\/tags?post=63481"}],"curies":[{"name":"wp","href":"https:\/\/api.w.org\/{rel}","templated":true}]}}