{"id":63527,"date":"2019-10-10T19:00:06","date_gmt":"2019-10-10T22:00:06","guid":{"rendered":"http:\/\/patagoniambiental.com.ar\/info\/?p=63527"},"modified":"2019-10-10T12:02:17","modified_gmt":"2019-10-10T15:02:17","slug":"mineria-sastre-reitero-que-hay-que-dar-el-debate-en-chubut","status":"publish","type":"post","link":"https:\/\/patagoniambiental.com.ar\/info\/mineria-sastre-reitero-que-hay-que-dar-el-debate-en-chubut\/","title":{"rendered":"Miner\u00eda: Sastre reiter\u00f3 que \u00abhay que dar el debate\u00bb en Chubut"},"content":{"rendered":"<header class=\"article-header\" data-tadevel-template=\"web\/article-header\">\n<p class=\"article-deck\">Chubut.-Este martes a la ma\u00f1ana, el intendente electo de Puerto Madryn, Gustavo Sastre, se mostr\u00f3 a favor sobre el debate minero en Chubut.<img decoding=\"async\" class=\"share-button style-scope\" src=\"https:\/\/adnsur-app.tadevel.xyz\/hostname\/www.adnsur.com.ar\/img\/voice.svg?v=0a56b729bda3b1bb0d3176369ff0d5bb\" alt=\"Escuchar el art\u00edculo\" \/><\/p>\n<\/header>\n<p><!--more--><\/p>\n<div data-tadevel-template=\"web\/article-multimedia\">\n<div class=\"picture-container\"><picture><source srcset=\"https:\/\/adnsur-cdn.tadevel.xyz\/5d9c99eaf2394f4ed7fde771\/720.webp\" type=\"image\/webp\" \/><source srcset=\"https:\/\/adnsur-cdn.tadevel.xyz\/5d9c99eaf2394f4ed7fde771\/720.jpeg\" type=\"image\/jpeg\" \/><source srcset=\"https:\/\/adnsur-cdn.tadevel.xyz\/5d9c99eaf2394f4ed7fde771\/360.jpeg\" type=\"image\/jpeg\" \/><source srcset=\"https:\/\/adnsur-cdn.tadevel.xyz\/5d9c99eaf2394f4ed7fde771\/180.jpeg\" type=\"image\/jpeg\" \/><source srcset=\"https:\/\/adnsur-cdn.tadevel.xyz\/5d9c99eaf2394f4ed7fde771\/t360.jpeg\" type=\"image\/jpeg\" \/><img decoding=\"async\" class=\"aspect-ratio-1-63888889 multimedia-placeholder\" src=\"https:\/\/www.adnsur.com.ar\/politica\/mineria--sastre-reitero-que--hay-que-dar-el-debate--en-chubut-_a5d9c7df9f2394f4ed7fdcfa0\" alt=\"\" \/><\/picture><picture><source srcset=\"https:\/\/adnsur-cdn.tadevel.xyz\/5d9c99eaf2394f4ed7fde771\/720.webp\" type=\"image\/webp\" \/><source srcset=\"https:\/\/adnsur-cdn.tadevel.xyz\/5d9c99eaf2394f4ed7fde771\/720.jpeg\" type=\"image\/jpeg\" \/><source srcset=\"https:\/\/adnsur-cdn.tadevel.xyz\/5d9c99eaf2394f4ed7fde771\/360.jpeg\" type=\"image\/jpeg\" \/><source srcset=\"https:\/\/adnsur-cdn.tadevel.xyz\/5d9c99eaf2394f4ed7fde771\/180.jpeg\" type=\"image\/jpeg\" \/><source srcset=\"https:\/\/adnsur-cdn.tadevel.xyz\/5d9c99eaf2394f4ed7fde771\/t360.jpeg\" type=\"image\/jpeg\" \/><\/picture>\n<div class=\"overlay\"><\/div>\n<picture><img decoding=\"async\" class=\"aspect-ratio-1-63888889\" src=\"https:\/\/www.adnsur.com.ar\/politica\/mineria--sastre-reitero-que--hay-que-dar-el-debate--en-chubut-_a5d9c7df9f2394f4ed7fdcfa0\" alt=\"\" \/><\/picture><\/div>\n<\/div>\n<div class=\"article-body\" data-tadevel-template=\"web\/article-body\">\n<p>TRELEW (ADNSUR) &#8211; El intendente electo de Puerto Madryn, Gustavo Sastre,\u00a0 se mostr\u00f3 a favor del debate minero en la provincia:\u00a0<strong><em>\u00abHay que dar el debate\u00bb<\/em><\/strong>, dijo este martes en\u00a0<em>radio Chubut<\/em>\u00a0y consider\u00f3 que si bien\u00a0<em>\u00abes una alternativa de activaci\u00f3n de la econom\u00eda, no tiene que hacer da\u00f1o\u00bb<\/em>\u00a0al medio ambiente.<\/p>\n<div>\n<div class=\"wrapper\">\n<div class=\"content\">\n<blockquote class=\"twitter-tweet twitter-tweet-error\" data-twitter-extracted-i1570718831439644566=\"true\"><p>\u201c#APH2019 | MINERIA &gt; @Gus_Sastre \u00abhay que dar el debate\u00bb en #Chubut. \u00abEs una alternativa de activaci\u00f3n de la econom\u00eda pero no tiene que hacer da\u00f1o\u00bb.\u201d\u2014 Rodrigo Mansilla on Twitter\u00a0<a href=\"https:\/\/twitter.com\/rperiodismo\/status\/1181524511717507072\">Link<\/a><\/p><\/blockquote>\n<\/div>\n<\/div>\n<div class=\"description\">Rodrigo Mansilla on Twitter<\/div>\n<\/div>\n<div id=\"random-049188713636498993\" class=\"centered-content\" data-google-query-id=\"CKLz1M33keUCFQtswQodZKMM0w\">\n<div id=\"google_ads_iframe_\/21801055960\/INTERIOR-Intermedio-01_0__container__\"><\/div>\n<\/div>\n<p>Por otra parte, Sastre habl\u00f3 del Partido Justicialista y dijo que \u00ablos que somos peronistas tenemos que estar bajo el mismo paraguas\u00bb, y consider\u00f3 que \u00abhay que terminar con chicanas y ver qui\u00e9n tiene ganas de trabajar o si vamos a seguir conformando un espacio para sacar ventaja\u00bb.<\/p>\n<p>Fuente:\u00a0https:\/\/www.adnsur.com.ar\/politica\/mineria&#8211;sastre-reitero-que&#8211;hay-que-dar-el-debate&#8211;en-chubut-_a5d9c7df9f2394f4ed7fdcfa0<\/p>\n<p>&nbsp;<\/p>\n<\/div>\n","protected":false},"excerpt":{"rendered":"<p>Chubut.-Este martes a la ma\u00f1ana, el intendente electo de Puerto Madryn, Gustavo Sastre, se mostr\u00f3 a favor sobre el debate [&hellip;]<\/p>\n","protected":false},"author":2,"featured_media":63528,"comment_status":"open","ping_status":"open","sticky":false,"template":"","format":"standard","meta":{"site-sidebar-layout":"default","site-content-layout":"","ast-site-content-layout":"default","site-content-style":"default","site-sidebar-style":"default","ast-global-header-display":"","ast-banner-title-visibility":"","ast-main-header-display":"","ast-hfb-above-header-display":"","ast-hfb-below-header-display":"","ast-hfb-mobile-header-display":"","site-post-title":"","ast-breadcrumbs-content":"","ast-featured-img":"","footer-sml-layout":"","ast-disable-related-posts":"","theme-transparent-header-meta":"","adv-header-id-meta":"","stick-header-meta":"","header-above-stick-meta":"","header-main-stick-meta":"","header-below-stick-meta":"","astra-migrate-meta-layouts":"default","ast-page-background-enabled":"default","ast-page-background-meta":{"desktop":{"background-color":"var(--ast-global-color-5)","background-image":"","background-repeat":"repeat","background-position":"center center","background-size":"auto","background-attachment":"scroll","background-type":"","background-media":"","overlay-type":"","overlay-color":"","overlay-opacity":"","overlay-gradient":""},"tablet":{"background-color":"","background-image":"","background-repeat":"repeat","background-position":"center center","background-size":"auto","background-attachment":"scroll","background-type":"","background-media":"","overlay-type":"","overlay-color":"","overlay-opacity":"","overlay-gradient":""},"mobile":{"background-color":"","background-image":"","background-repeat":"repeat","background-position":"center center","background-size":"auto","background-attachment":"scroll","background-type":"","background-media":"","overlay-type":"","overlay-color":"","overlay-opacity":"","overlay-gradient":""}},"ast-content-background-meta":{"desktop":{"background-color":"var(--ast-global-color-4)","background-image":"","background-repeat":"repeat","background-position":"center center","background-size":"auto","background-attachment":"scroll","background-type":"","background-media":"","overlay-type":"","overlay-color":"","overlay-opacity":"","overlay-gradient":""},"tablet":{"background-color":"var(--ast-global-color-4)","background-image":"","background-repeat":"repeat","background-position":"center center","background-size":"auto","background-attachment":"scroll","background-type":"","background-media":"","overlay-type":"","overlay-color":"","overlay-opacity":"","overlay-gradient":""},"mobile":{"background-color":"var(--ast-global-color-4)","background-image":"","background-repeat":"repeat","background-position":"center center","background-size":"auto","background-attachment":"scroll","background-type":"","background-media":"","overlay-type":"","overlay-color":"","overlay-opacity":"","overlay-gradient":""}},"footnotes":""},"categories":[26,1,13],"tags":[],"class_list":["post-63527","post","type-post","status-publish","format-standard","has-post-thumbnail","hentry","category-chubut","category-noticias","category-provinciales"],"yoast_head":"<!-- This site is optimized with the Yoast SEO Premium plugin v23.0 (Yoast SEO v27.5) - https:\/\/yoast.com\/product\/yoast-seo-premium-wordpress\/ -->\n<title>Miner\u00eda: Sastre reiter\u00f3 que &quot;hay que dar el debate&quot; en Chubut<\/title>\n<meta name=\"robots\" content=\"index, follow, max-snippet:-1, max-image-preview:large, max-video-preview:-1\" \/>\n<link rel=\"canonical\" href=\"https:\/\/patagoniambiental.com.ar\/info\/mineria-sastre-reitero-que-hay-que-dar-el-debate-en-chubut\/\" \/>\n<meta property=\"og:locale\" content=\"es_ES\" \/>\n<meta property=\"og:type\" content=\"article\" \/>\n<meta property=\"og:title\" content=\"Miner\u00eda: Sastre reiter\u00f3 que &quot;hay que dar el debate&quot; en Chubut\" \/>\n<meta property=\"og:description\" content=\"Chubut.-Este martes a la ma\u00f1ana, el intendente electo de Puerto Madryn, Gustavo Sastre, se mostr\u00f3 a favor sobre el debate [&hellip;]\" \/>\n<meta property=\"og:url\" content=\"https:\/\/patagoniambiental.com.ar\/info\/mineria-sastre-reitero-que-hay-que-dar-el-debate-en-chubut\/\" \/>\n<meta property=\"og:site_name\" content=\"Patagonia Ambiental\" \/>\n<meta property=\"article:publisher\" content=\"https:\/\/www.facebook.com\/patagonia.ambiental\" \/>\n<meta property=\"article:author\" content=\"https:\/\/www.facebook.com\/share\/1C1V8Gv9BX\/?mibextid=qi2Omg\" \/>\n<meta property=\"article:published_time\" content=\"2019-10-10T22:00:06+00:00\" \/>\n<meta property=\"og:image\" content=\"https:\/\/patagoniambiental.com.ar\/info\/wp-content\/uploads\/2019\/10\/Sin-t\u00edtulo-3.jpg\" \/>\n\t<meta property=\"og:image:width\" content=\"831\" \/>\n\t<meta property=\"og:image:height\" content=\"410\" \/>\n\t<meta property=\"og:image:type\" content=\"image\/jpeg\" \/>\n<meta name=\"author\" content=\"Patagonia Ambiental\" \/>\n<meta name=\"twitter:card\" content=\"summary_large_image\" \/>\n<meta name=\"twitter:creator\" content=\"@PatAmb\" \/>\n<meta name=\"twitter:site\" content=\"@PatAmb\" \/>\n<script type=\"application\/ld+json\" class=\"yoast-schema-graph\">{\"@context\":\"https:\\\/\\\/schema.org\",\"@graph\":[{\"@type\":\"Article\",\"@id\":\"https:\\\/\\\/patagoniambiental.com.ar\\\/info\\\/mineria-sastre-reitero-que-hay-que-dar-el-debate-en-chubut\\\/#article\",\"isPartOf\":{\"@id\":\"https:\\\/\\\/patagoniambiental.com.ar\\\/info\\\/mineria-sastre-reitero-que-hay-que-dar-el-debate-en-chubut\\\/\"},\"author\":{\"name\":\"Patagonia Ambiental\",\"@id\":\"https:\\\/\\\/patagoniambiental.com.ar\\\/info\\\/#\\\/schema\\\/person\\\/db12bff64bbcbf6a253710bf0ea37b5d\"},\"headline\":\"Miner\u00eda: Sastre reiter\u00f3 que \u00abhay que dar el debate\u00bb en Chubut\",\"datePublished\":\"2019-10-10T22:00:06+00:00\",\"mainEntityOfPage\":{\"@id\":\"https:\\\/\\\/patagoniambiental.com.ar\\\/info\\\/mineria-sastre-reitero-que-hay-que-dar-el-debate-en-chubut\\\/\"},\"wordCount\":197,\"commentCount\":0,\"publisher\":{\"@id\":\"https:\\\/\\\/patagoniambiental.com.ar\\\/info\\\/#organization\"},\"image\":{\"@id\":\"https:\\\/\\\/patagoniambiental.com.ar\\\/info\\\/mineria-sastre-reitero-que-hay-que-dar-el-debate-en-chubut\\\/#primaryimage\"},\"thumbnailUrl\":\"https:\\\/\\\/patagoniambiental.com.ar\\\/info\\\/wp-content\\\/uploads\\\/2019\\\/10\\\/Sin-t\u00edtulo-3.jpg\",\"articleSection\":[\"Chubut\",\"Noticias\",\"Provinciales\"],\"inLanguage\":\"es\",\"potentialAction\":[{\"@type\":\"CommentAction\",\"name\":\"Comment\",\"target\":[\"https:\\\/\\\/patagoniambiental.com.ar\\\/info\\\/mineria-sastre-reitero-que-hay-que-dar-el-debate-en-chubut\\\/#respond\"]}]},{\"@type\":\"WebPage\",\"@id\":\"https:\\\/\\\/patagoniambiental.com.ar\\\/info\\\/mineria-sastre-reitero-que-hay-que-dar-el-debate-en-chubut\\\/\",\"url\":\"https:\\\/\\\/patagoniambiental.com.ar\\\/info\\\/mineria-sastre-reitero-que-hay-que-dar-el-debate-en-chubut\\\/\",\"name\":\"Miner\u00eda: Sastre reiter\u00f3 que \\\"hay que dar el debate\\\" en Chubut\",\"isPartOf\":{\"@id\":\"https:\\\/\\\/patagoniambiental.com.ar\\\/info\\\/#website\"},\"primaryImageOfPage\":{\"@id\":\"https:\\\/\\\/patagoniambiental.com.ar\\\/info\\\/mineria-sastre-reitero-que-hay-que-dar-el-debate-en-chubut\\\/#primaryimage\"},\"image\":{\"@id\":\"https:\\\/\\\/patagoniambiental.com.ar\\\/info\\\/mineria-sastre-reitero-que-hay-que-dar-el-debate-en-chubut\\\/#primaryimage\"},\"thumbnailUrl\":\"https:\\\/\\\/patagoniambiental.com.ar\\\/info\\\/wp-content\\\/uploads\\\/2019\\\/10\\\/Sin-t\u00edtulo-3.jpg\",\"datePublished\":\"2019-10-10T22:00:06+00:00\",\"breadcrumb\":{\"@id\":\"https:\\\/\\\/patagoniambiental.com.ar\\\/info\\\/mineria-sastre-reitero-que-hay-que-dar-el-debate-en-chubut\\\/#breadcrumb\"},\"inLanguage\":\"es\",\"potentialAction\":[{\"@type\":\"ReadAction\",\"target\":[\"https:\\\/\\\/patagoniambiental.com.ar\\\/info\\\/mineria-sastre-reitero-que-hay-que-dar-el-debate-en-chubut\\\/\"]}]},{\"@type\":\"ImageObject\",\"inLanguage\":\"es\",\"@id\":\"https:\\\/\\\/patagoniambiental.com.ar\\\/info\\\/mineria-sastre-reitero-que-hay-que-dar-el-debate-en-chubut\\\/#primaryimage\",\"url\":\"https:\\\/\\\/patagoniambiental.com.ar\\\/info\\\/wp-content\\\/uploads\\\/2019\\\/10\\\/Sin-t\u00edtulo-3.jpg\",\"contentUrl\":\"https:\\\/\\\/patagoniambiental.com.ar\\\/info\\\/wp-content\\\/uploads\\\/2019\\\/10\\\/Sin-t\u00edtulo-3.jpg\",\"width\":831,\"height\":410},{\"@type\":\"BreadcrumbList\",\"@id\":\"https:\\\/\\\/patagoniambiental.com.ar\\\/info\\\/mineria-sastre-reitero-que-hay-que-dar-el-debate-en-chubut\\\/#breadcrumb\",\"itemListElement\":[{\"@type\":\"ListItem\",\"position\":1,\"name\":\"Inicio\",\"item\":\"https:\\\/\\\/patagoniambiental.com.ar\\\/info\\\/\"},{\"@type\":\"ListItem\",\"position\":2,\"name\":\"Miner\u00eda: Sastre reiter\u00f3 que \u00abhay que dar el debate\u00bb en Chubut\"}]},{\"@type\":\"WebSite\",\"@id\":\"https:\\\/\\\/patagoniambiental.com.ar\\\/info\\\/#website\",\"url\":\"https:\\\/\\\/patagoniambiental.com.ar\\\/info\\\/\",\"name\":\"Patagonia Ambiental\",\"description\":\"Monitoreo y an\u00e1lisis de la situaci\u00f3n geopol\u00edtica en el mundo y su implicancia en la Patagonia\",\"publisher\":{\"@id\":\"https:\\\/\\\/patagoniambiental.com.ar\\\/info\\\/#organization\"},\"potentialAction\":[{\"@type\":\"SearchAction\",\"target\":{\"@type\":\"EntryPoint\",\"urlTemplate\":\"https:\\\/\\\/patagoniambiental.com.ar\\\/info\\\/?s={search_term_string}\"},\"query-input\":{\"@type\":\"PropertyValueSpecification\",\"valueRequired\":true,\"valueName\":\"search_term_string\"}}],\"inLanguage\":\"es\"},{\"@type\":\"Organization\",\"@id\":\"https:\\\/\\\/patagoniambiental.com.ar\\\/info\\\/#organization\",\"name\":\"Patagonia Ambiental\",\"url\":\"https:\\\/\\\/patagoniambiental.com.ar\\\/info\\\/\",\"logo\":{\"@type\":\"ImageObject\",\"inLanguage\":\"es\",\"@id\":\"https:\\\/\\\/patagoniambiental.com.ar\\\/info\\\/#\\\/schema\\\/logo\\\/image\\\/\",\"url\":\"https:\\\/\\\/patagoniambiental.com.ar\\\/info\\\/wp-content\\\/uploads\\\/2025\\\/05\\\/LOGO-PATAGONIA-AMBIENTAL.png\",\"contentUrl\":\"https:\\\/\\\/patagoniambiental.com.ar\\\/info\\\/wp-content\\\/uploads\\\/2025\\\/05\\\/LOGO-PATAGONIA-AMBIENTAL.png\",\"width\":433,\"height\":250,\"caption\":\"Patagonia Ambiental\"},\"image\":{\"@id\":\"https:\\\/\\\/patagoniambiental.com.ar\\\/info\\\/#\\\/schema\\\/logo\\\/image\\\/\"},\"sameAs\":[\"https:\\\/\\\/www.facebook.com\\\/patagonia.ambiental\",\"https:\\\/\\\/x.com\\\/PatAmb\"]},{\"@type\":\"Person\",\"@id\":\"https:\\\/\\\/patagoniambiental.com.ar\\\/info\\\/#\\\/schema\\\/person\\\/db12bff64bbcbf6a253710bf0ea37b5d\",\"name\":\"Patagonia Ambiental\",\"description\":\"Andr\u00e9s Nievas T\u00e9cnico en manejo ambiental, consultor Ambiental y escritor para medios locales e internacionales sobre temas de geopolitica y medio ambiente.\",\"sameAs\":[\"http:\\\/\\\/www.patagoniambiental.com.ar\",\"https:\\\/\\\/www.facebook.com\\\/share\\\/1C1V8Gv9BX\\\/?mibextid=qi2Omg\",\"@patagoniambiental\",\"https:\\\/\\\/youtube.com\\\/@patagoniaambiental2023?si=BLt58t0wuXquxlYZ\"]}]}<\/script>\n<!-- \/ Yoast SEO Premium plugin. -->","yoast_head_json":{"title":"Miner\u00eda: Sastre reiter\u00f3 que \"hay que dar el debate\" en Chubut","robots":{"index":"index","follow":"follow","max-snippet":"max-snippet:-1","max-image-preview":"max-image-preview:large","max-video-preview":"max-video-preview:-1"},"canonical":"https:\/\/patagoniambiental.com.ar\/info\/mineria-sastre-reitero-que-hay-que-dar-el-debate-en-chubut\/","og_locale":"es_ES","og_type":"article","og_title":"Miner\u00eda: Sastre reiter\u00f3 que \"hay que dar el debate\" en Chubut","og_description":"Chubut.-Este martes a la ma\u00f1ana, el intendente electo de Puerto Madryn, Gustavo Sastre, se mostr\u00f3 a favor sobre el debate [&hellip;]","og_url":"https:\/\/patagoniambiental.com.ar\/info\/mineria-sastre-reitero-que-hay-que-dar-el-debate-en-chubut\/","og_site_name":"Patagonia Ambiental","article_publisher":"https:\/\/www.facebook.com\/patagonia.ambiental","article_author":"https:\/\/www.facebook.com\/share\/1C1V8Gv9BX\/?mibextid=qi2Omg","article_published_time":"2019-10-10T22:00:06+00:00","og_image":[{"width":831,"height":410,"url":"https:\/\/patagoniambiental.com.ar\/info\/wp-content\/uploads\/2019\/10\/Sin-t\u00edtulo-3.jpg","type":"image\/jpeg"}],"author":"Patagonia Ambiental","twitter_card":"summary_large_image","twitter_creator":"@PatAmb","twitter_site":"@PatAmb","schema":{"@context":"https:\/\/schema.org","@graph":[{"@type":"Article","@id":"https:\/\/patagoniambiental.com.ar\/info\/mineria-sastre-reitero-que-hay-que-dar-el-debate-en-chubut\/#article","isPartOf":{"@id":"https:\/\/patagoniambiental.com.ar\/info\/mineria-sastre-reitero-que-hay-que-dar-el-debate-en-chubut\/"},"author":{"name":"Patagonia Ambiental","@id":"https:\/\/patagoniambiental.com.ar\/info\/#\/schema\/person\/db12bff64bbcbf6a253710bf0ea37b5d"},"headline":"Miner\u00eda: Sastre reiter\u00f3 que \u00abhay que dar el debate\u00bb en Chubut","datePublished":"2019-10-10T22:00:06+00:00","mainEntityOfPage":{"@id":"https:\/\/patagoniambiental.com.ar\/info\/mineria-sastre-reitero-que-hay-que-dar-el-debate-en-chubut\/"},"wordCount":197,"commentCount":0,"publisher":{"@id":"https:\/\/patagoniambiental.com.ar\/info\/#organization"},"image":{"@id":"https:\/\/patagoniambiental.com.ar\/info\/mineria-sastre-reitero-que-hay-que-dar-el-debate-en-chubut\/#primaryimage"},"thumbnailUrl":"https:\/\/patagoniambiental.com.ar\/info\/wp-content\/uploads\/2019\/10\/Sin-t\u00edtulo-3.jpg","articleSection":["Chubut","Noticias","Provinciales"],"inLanguage":"es","potentialAction":[{"@type":"CommentAction","name":"Comment","target":["https:\/\/patagoniambiental.com.ar\/info\/mineria-sastre-reitero-que-hay-que-dar-el-debate-en-chubut\/#respond"]}]},{"@type":"WebPage","@id":"https:\/\/patagoniambiental.com.ar\/info\/mineria-sastre-reitero-que-hay-que-dar-el-debate-en-chubut\/","url":"https:\/\/patagoniambiental.com.ar\/info\/mineria-sastre-reitero-que-hay-que-dar-el-debate-en-chubut\/","name":"Miner\u00eda: Sastre reiter\u00f3 que \"hay que dar el debate\" en Chubut","isPartOf":{"@id":"https:\/\/patagoniambiental.com.ar\/info\/#website"},"primaryImageOfPage":{"@id":"https:\/\/patagoniambiental.com.ar\/info\/mineria-sastre-reitero-que-hay-que-dar-el-debate-en-chubut\/#primaryimage"},"image":{"@id":"https:\/\/patagoniambiental.com.ar\/info\/mineria-sastre-reitero-que-hay-que-dar-el-debate-en-chubut\/#primaryimage"},"thumbnailUrl":"https:\/\/patagoniambiental.com.ar\/info\/wp-content\/uploads\/2019\/10\/Sin-t\u00edtulo-3.jpg","datePublished":"2019-10-10T22:00:06+00:00","breadcrumb":{"@id":"https:\/\/patagoniambiental.com.ar\/info\/mineria-sastre-reitero-que-hay-que-dar-el-debate-en-chubut\/#breadcrumb"},"inLanguage":"es","potentialAction":[{"@type":"ReadAction","target":["https:\/\/patagoniambiental.com.ar\/info\/mineria-sastre-reitero-que-hay-que-dar-el-debate-en-chubut\/"]}]},{"@type":"ImageObject","inLanguage":"es","@id":"https:\/\/patagoniambiental.com.ar\/info\/mineria-sastre-reitero-que-hay-que-dar-el-debate-en-chubut\/#primaryimage","url":"https:\/\/patagoniambiental.com.ar\/info\/wp-content\/uploads\/2019\/10\/Sin-t\u00edtulo-3.jpg","contentUrl":"https:\/\/patagoniambiental.com.ar\/info\/wp-content\/uploads\/2019\/10\/Sin-t\u00edtulo-3.jpg","width":831,"height":410},{"@type":"BreadcrumbList","@id":"https:\/\/patagoniambiental.com.ar\/info\/mineria-sastre-reitero-que-hay-que-dar-el-debate-en-chubut\/#breadcrumb","itemListElement":[{"@type":"ListItem","position":1,"name":"Inicio","item":"https:\/\/patagoniambiental.com.ar\/info\/"},{"@type":"ListItem","position":2,"name":"Miner\u00eda: Sastre reiter\u00f3 que \u00abhay que dar el debate\u00bb en Chubut"}]},{"@type":"WebSite","@id":"https:\/\/patagoniambiental.com.ar\/info\/#website","url":"https:\/\/patagoniambiental.com.ar\/info\/","name":"Patagonia Ambiental","description":"Monitoreo y an\u00e1lisis de la situaci\u00f3n geopol\u00edtica en el mundo y su implicancia en la Patagonia","publisher":{"@id":"https:\/\/patagoniambiental.com.ar\/info\/#organization"},"potentialAction":[{"@type":"SearchAction","target":{"@type":"EntryPoint","urlTemplate":"https:\/\/patagoniambiental.com.ar\/info\/?s={search_term_string}"},"query-input":{"@type":"PropertyValueSpecification","valueRequired":true,"valueName":"search_term_string"}}],"inLanguage":"es"},{"@type":"Organization","@id":"https:\/\/patagoniambiental.com.ar\/info\/#organization","name":"Patagonia Ambiental","url":"https:\/\/patagoniambiental.com.ar\/info\/","logo":{"@type":"ImageObject","inLanguage":"es","@id":"https:\/\/patagoniambiental.com.ar\/info\/#\/schema\/logo\/image\/","url":"https:\/\/patagoniambiental.com.ar\/info\/wp-content\/uploads\/2025\/05\/LOGO-PATAGONIA-AMBIENTAL.png","contentUrl":"https:\/\/patagoniambiental.com.ar\/info\/wp-content\/uploads\/2025\/05\/LOGO-PATAGONIA-AMBIENTAL.png","width":433,"height":250,"caption":"Patagonia Ambiental"},"image":{"@id":"https:\/\/patagoniambiental.com.ar\/info\/#\/schema\/logo\/image\/"},"sameAs":["https:\/\/www.facebook.com\/patagonia.ambiental","https:\/\/x.com\/PatAmb"]},{"@type":"Person","@id":"https:\/\/patagoniambiental.com.ar\/info\/#\/schema\/person\/db12bff64bbcbf6a253710bf0ea37b5d","name":"Patagonia Ambiental","description":"Andr\u00e9s Nievas T\u00e9cnico en manejo ambiental, consultor Ambiental y escritor para medios locales e internacionales sobre temas de geopolitica y medio ambiente.","sameAs":["http:\/\/www.patagoniambiental.com.ar","https:\/\/www.facebook.com\/share\/1C1V8Gv9BX\/?mibextid=qi2Omg","@patagoniambiental","https:\/\/youtube.com\/@patagoniaambiental2023?si=BLt58t0wuXquxlYZ"]}]}},"_links":{"self":[{"href":"https:\/\/patagoniambiental.com.ar\/info\/wp-json\/wp\/v2\/posts\/63527","targetHints":{"allow":["GET"]}}],"collection":[{"href":"https:\/\/patagoniambiental.com.ar\/info\/wp-json\/wp\/v2\/posts"}],"about":[{"href":"https:\/\/patagoniambiental.com.ar\/info\/wp-json\/wp\/v2\/types\/post"}],"author":[{"embeddable":true,"href":"https:\/\/patagoniambiental.com.ar\/info\/wp-json\/wp\/v2\/users\/2"}],"replies":[{"embeddable":true,"href":"https:\/\/patagoniambiental.com.ar\/info\/wp-json\/wp\/v2\/comments?post=63527"}],"version-history":[{"count":0,"href":"https:\/\/patagoniambiental.com.ar\/info\/wp-json\/wp\/v2\/posts\/63527\/revisions"}],"wp:featuredmedia":[{"embeddable":true,"href":"https:\/\/patagoniambiental.com.ar\/info\/wp-json\/wp\/v2\/media\/63528"}],"wp:attachment":[{"href":"https:\/\/patagoniambiental.com.ar\/info\/wp-json\/wp\/v2\/media?parent=63527"}],"wp:term":[{"taxonomy":"category","embeddable":true,"href":"https:\/\/patagoniambiental.com.ar\/info\/wp-json\/wp\/v2\/categories?post=63527"},{"taxonomy":"post_tag","embeddable":true,"href":"https:\/\/patagoniambiental.com.ar\/info\/wp-json\/wp\/v2\/tags?post=63527"}],"curies":[{"name":"wp","href":"https:\/\/api.w.org\/{rel}","templated":true}]}}