{"id":63547,"date":"2019-10-12T07:00:50","date_gmt":"2019-10-12T10:00:50","guid":{"rendered":"http:\/\/patagoniambiental.com.ar\/info\/?p=63547"},"modified":"2019-10-11T10:28:56","modified_gmt":"2019-10-11T13:28:56","slug":"quieren-declarar-de-interes-historico-y-cultural-la-cueva-de-don-antonio-curin","status":"publish","type":"post","link":"https:\/\/patagoniambiental.com.ar\/info\/quieren-declarar-de-interes-historico-y-cultural-la-cueva-de-don-antonio-curin\/","title":{"rendered":"Quieren declarar de inter\u00e9s hist\u00f3rico y cultural la Cueva de Don Antonio Cur\u00edn"},"content":{"rendered":"<p>Viedma.-La legisladora Maria Liliana Gemignani del Bloque JSRN presento una iniciativa donde se propone declarar de inter\u00e9s hist\u00f3rico y cultural \u00a0la Cueva de Don Antonio Curin. Se trata del lugar donde vivi\u00f3 el primer poblador blanco de la Meseta de Somuncura ubicada a unos 125 km del paraje Chipauquil.<\/p>\n<p><strong><!--more--><br \/>\n<\/strong>La Meseta de Somuncura es un paisaje \u00fanico e irrepetible que deja en el alma del visitante una sensaci\u00f3n de majestuosidad que perdura en el tiempo. Sus altos cerros, las lagunas, la soledad, el reino del viento y del basalto, la regi\u00f3n como su nombre lo indica donde las piedras hablan.<\/p>\n<p>La siempre recordada Maria In\u00e9s Kopp, que fue directora del Museo de Valcheta que hoy lleva su nombre, dej\u00f3 en amenas pinceladas la descripci\u00f3n del habitante m\u00e1s misterioso y pintoresco de Somuncura: don Antonio Curin.<\/p>\n<p>Cuenta que el \u201cprimer poblador blanco que vino a vivir en la meseta de Somuncura fue Antonio Curin, de origen chileno y lo hizo por el a\u00f1o 1908. Fue un hombre que tuvo muchas yeguadas y mulares. Era soltero y envejeci\u00f3 en la meseta muriendo en el mismo lugar donde viv\u00eda. Sab\u00eda leer y escribir, siendo instruido. Ten\u00eda una letra muy hermosa con la que<br \/>\nescrib\u00eda un libro diario con sus experiencias m\u00e1s destacadas\u201d. \u201cSu patr\u00f3n era Nacianceno Rial que le da ovejas de Carmen de Patagones y cuando las trae a la meseta encuentra que hay muchos leones (pumas) no d\u00e1ndole el resultado esperado. Devuelve las ovejas y trae yeguarizos, alcanzando a tener hasta 400, entre caballada de andar y mulares\u201d.<\/p>\n<figure id=\"attachment_63548\" aria-describedby=\"caption-attachment-63548\" style=\"width: 600px\" class=\"wp-caption alignleft\"><img fetchpriority=\"high\" decoding=\"async\" class=\"wp-image-63548 size-medium\" src=\"https:\/\/patagoniambiental.com.ar\/info\/wp-content\/uploads\/2019\/10\/CURIN-DOS-600x450.jpg\" alt=\"\" width=\"600\" height=\"450\" \/><figcaption id=\"caption-attachment-63548\" class=\"wp-caption-text\">https:\/\/www.masrionegro.com\/2019\/08\/31\/antonio-curin-el-personaje-mas-misterioso-y-pintoresco-de-la-meseta-de-somuncura\/<\/figcaption><\/figure>\n<p>El le\u00f3n desaparece cuando el zorro colorado se extiende por la meseta. En oportunidad de una expedici\u00f3n en esa Zona de la meseta, guiados por un nieto de don Germanio Qui\u00f1elaf- relata Maria Ines- por entre cerros se lleg\u00f3 al lugar donde vivi\u00f3 Curin por m\u00e1s de 30 a\u00f1os. Es una cueva muy pintoresca a la que le ha dado forma de habitaciones. Ha<br \/>\nlevantado una pared de piedras donde hizo una peque\u00f1a ventana y la arcada de una puerta. Muy amplia y c\u00f3moda donde ten\u00eda hasta su fog\u00f3n\u201d.<\/p>\n<p>En la cueva contigua otra habitaci\u00f3n con gradas bien realizadas en las cuales pod\u00edan estar c\u00f3modamente sentadas varias personas.<\/p>\n<p>&nbsp;<\/p>\n<p>All\u00ed cuenta don Germanio que Curin ten\u00eda su catre. Un poco m\u00e1s lejos sobre unos cueros de guanaco, dorm\u00edan sus perros,\u00a0 tambi\u00e9n su caballo\u201c. En ese libro diario relat\u00f3 la llegada de Juan Bairoletto con dos o tres bandoleros m\u00e1s que lo acompa\u00f1aban y que hicieron noche en el lugar pero que en ning\u00fan momento hubo mal trato por parte de ellos. Todos estaban muy bien pertrechados, con sus rifles Winchester y balas 44.<\/p>\n<p>Curin -prosigue Mar\u00eda In\u00e9s tambi\u00e9n ten\u00eda sus caballerizas al lado de la cueva y muy cerca de all\u00ed un gran corral de piedras. Para abastecerse de agua lo hac\u00eda de un lugar llamado \u201cLa Gotera\u201d, en un zurr\u00f3n de cuero de guanaco que llenaba de agua para tener para varios d\u00edas.<\/p>\n<p>Muy cerca de la cueva hay una cruz, donde Curin quiso que lo<br \/>\nenterraran en el a\u00f1o 1934, cuando le lleg\u00f3 la hora de su muerte,<br \/>\npidiendo que lo hicieran junto a su pe\u00f3n Juan Painecura.<\/p>\n<p>Curin hoy solo es un recuerdo, y aunque han pasado much\u00edsimos a\u00f1os su cruz se mantiene intacta y respetada por todos los pobladores del lugar y su casa de piedras es una de las grandes atracciones de la misteriosa meseta de Somuncura. Sera responsabilidad de las autoridades provinciales y municipal tomar las medidas necesarias para resguardar este patrimonio.<\/p>\n<p>Fuente: Legislatura de Rio Negro<\/p>\n","protected":false},"excerpt":{"rendered":"<p>Viedma.-La legisladora Maria Liliana Gemignani del Bloque JSRN presento una iniciativa donde se propone declarar de inter\u00e9s hist\u00f3rico y cultural [&hellip;]<\/p>\n","protected":false},"author":2,"featured_media":63548,"comment_status":"open","ping_status":"open","sticky":false,"template":"","format":"standard","meta":{"site-sidebar-layout":"default","site-content-layout":"","ast-site-content-layout":"default","site-content-style":"default","site-sidebar-style":"default","ast-global-header-display":"","ast-banner-title-visibility":"","ast-main-header-display":"","ast-hfb-above-header-display":"","ast-hfb-below-header-display":"","ast-hfb-mobile-header-display":"","site-post-title":"","ast-breadcrumbs-content":"","ast-featured-img":"","footer-sml-layout":"","ast-disable-related-posts":"","theme-transparent-header-meta":"","adv-header-id-meta":"","stick-header-meta":"","header-above-stick-meta":"","header-main-stick-meta":"","header-below-stick-meta":"","astra-migrate-meta-layouts":"default","ast-page-background-enabled":"default","ast-page-background-meta":{"desktop":{"background-color":"var(--ast-global-color-5)","background-image":"","background-repeat":"repeat","background-position":"center center","background-size":"auto","background-attachment":"scroll","background-type":"","background-media":"","overlay-type":"","overlay-color":"","overlay-opacity":"","overlay-gradient":""},"tablet":{"background-color":"","background-image":"","background-repeat":"repeat","background-position":"center center","background-size":"auto","background-attachment":"scroll","background-type":"","background-media":"","overlay-type":"","overlay-color":"","overlay-opacity":"","overlay-gradient":""},"mobile":{"background-color":"","background-image":"","background-repeat":"repeat","background-position":"center center","background-size":"auto","background-attachment":"scroll","background-type":"","background-media":"","overlay-type":"","overlay-color":"","overlay-opacity":"","overlay-gradient":""}},"ast-content-background-meta":{"desktop":{"background-color":"var(--ast-global-color-4)","background-image":"","background-repeat":"repeat","background-position":"center center","background-size":"auto","background-attachment":"scroll","background-type":"","background-media":"","overlay-type":"","overlay-color":"","overlay-opacity":"","overlay-gradient":""},"tablet":{"background-color":"var(--ast-global-color-4)","background-image":"","background-repeat":"repeat","background-position":"center center","background-size":"auto","background-attachment":"scroll","background-type":"","background-media":"","overlay-type":"","overlay-color":"","overlay-opacity":"","overlay-gradient":""},"mobile":{"background-color":"var(--ast-global-color-4)","background-image":"","background-repeat":"repeat","background-position":"center center","background-size":"auto","background-attachment":"scroll","background-type":"","background-media":"","overlay-type":"","overlay-color":"","overlay-opacity":"","overlay-gradient":""}},"footnotes":""},"categories":[11,1,13,14,10],"tags":[],"class_list":["post-63547","post","type-post","status-publish","format-standard","has-post-thumbnail","hentry","category-boletin","category-noticias","category-provinciales","category-rio-negro","category-rotador"],"yoast_head":"<!-- This site is optimized with the Yoast SEO Premium plugin v23.0 (Yoast SEO v27.5) - https:\/\/yoast.com\/product\/yoast-seo-premium-wordpress\/ -->\n<title>Quieren declarar de inter\u00e9s hist\u00f3rico y cultural la Cueva de Don Antonio Cur\u00edn<\/title>\n<meta name=\"robots\" content=\"index, follow, max-snippet:-1, max-image-preview:large, max-video-preview:-1\" \/>\n<link rel=\"canonical\" href=\"https:\/\/patagoniambiental.com.ar\/info\/quieren-declarar-de-interes-historico-y-cultural-la-cueva-de-don-antonio-curin\/\" \/>\n<meta property=\"og:locale\" content=\"es_ES\" \/>\n<meta property=\"og:type\" content=\"article\" \/>\n<meta property=\"og:title\" content=\"Quieren declarar de inter\u00e9s hist\u00f3rico y cultural la Cueva de Don Antonio Cur\u00edn\" \/>\n<meta property=\"og:description\" content=\"Viedma.-La legisladora Maria Liliana Gemignani del Bloque JSRN presento una iniciativa donde se propone declarar de inter\u00e9s hist\u00f3rico y cultural [&hellip;]\" \/>\n<meta property=\"og:url\" content=\"https:\/\/patagoniambiental.com.ar\/info\/quieren-declarar-de-interes-historico-y-cultural-la-cueva-de-don-antonio-curin\/\" \/>\n<meta property=\"og:site_name\" content=\"Patagonia Ambiental\" \/>\n<meta property=\"article:publisher\" content=\"https:\/\/www.facebook.com\/patagonia.ambiental\" \/>\n<meta property=\"article:author\" content=\"https:\/\/www.facebook.com\/share\/1C1V8Gv9BX\/?mibextid=qi2Omg\" \/>\n<meta property=\"article:published_time\" content=\"2019-10-12T10:00:50+00:00\" \/>\n<meta property=\"og:image\" content=\"https:\/\/patagoniambiental.com.ar\/info\/wp-content\/uploads\/2019\/10\/CURIN-DOS.jpg\" \/>\n\t<meta property=\"og:image:width\" content=\"640\" \/>\n\t<meta property=\"og:image:height\" content=\"480\" \/>\n\t<meta property=\"og:image:type\" content=\"image\/jpeg\" \/>\n<meta name=\"author\" content=\"Patagonia Ambiental\" \/>\n<meta name=\"twitter:card\" content=\"summary_large_image\" \/>\n<meta name=\"twitter:creator\" content=\"@PatAmb\" \/>\n<meta name=\"twitter:site\" content=\"@PatAmb\" \/>\n<script type=\"application\/ld+json\" class=\"yoast-schema-graph\">{\"@context\":\"https:\\\/\\\/schema.org\",\"@graph\":[{\"@type\":\"Article\",\"@id\":\"https:\\\/\\\/patagoniambiental.com.ar\\\/info\\\/quieren-declarar-de-interes-historico-y-cultural-la-cueva-de-don-antonio-curin\\\/#article\",\"isPartOf\":{\"@id\":\"https:\\\/\\\/patagoniambiental.com.ar\\\/info\\\/quieren-declarar-de-interes-historico-y-cultural-la-cueva-de-don-antonio-curin\\\/\"},\"author\":{\"name\":\"Patagonia Ambiental\",\"@id\":\"https:\\\/\\\/patagoniambiental.com.ar\\\/info\\\/#\\\/schema\\\/person\\\/db12bff64bbcbf6a253710bf0ea37b5d\"},\"headline\":\"Quieren declarar de inter\u00e9s hist\u00f3rico y cultural la Cueva de Don Antonio Cur\u00edn\",\"datePublished\":\"2019-10-12T10:00:50+00:00\",\"mainEntityOfPage\":{\"@id\":\"https:\\\/\\\/patagoniambiental.com.ar\\\/info\\\/quieren-declarar-de-interes-historico-y-cultural-la-cueva-de-don-antonio-curin\\\/\"},\"wordCount\":658,\"commentCount\":0,\"publisher\":{\"@id\":\"https:\\\/\\\/patagoniambiental.com.ar\\\/info\\\/#organization\"},\"image\":{\"@id\":\"https:\\\/\\\/patagoniambiental.com.ar\\\/info\\\/quieren-declarar-de-interes-historico-y-cultural-la-cueva-de-don-antonio-curin\\\/#primaryimage\"},\"thumbnailUrl\":\"https:\\\/\\\/patagoniambiental.com.ar\\\/info\\\/wp-content\\\/uploads\\\/2019\\\/10\\\/CURIN-DOS.jpg\",\"articleSection\":[\"Bolet\u00edn\",\"Noticias\",\"Provinciales\",\"R\u00edo Negro\",\"Rotador\"],\"inLanguage\":\"es\",\"potentialAction\":[{\"@type\":\"CommentAction\",\"name\":\"Comment\",\"target\":[\"https:\\\/\\\/patagoniambiental.com.ar\\\/info\\\/quieren-declarar-de-interes-historico-y-cultural-la-cueva-de-don-antonio-curin\\\/#respond\"]}]},{\"@type\":\"WebPage\",\"@id\":\"https:\\\/\\\/patagoniambiental.com.ar\\\/info\\\/quieren-declarar-de-interes-historico-y-cultural-la-cueva-de-don-antonio-curin\\\/\",\"url\":\"https:\\\/\\\/patagoniambiental.com.ar\\\/info\\\/quieren-declarar-de-interes-historico-y-cultural-la-cueva-de-don-antonio-curin\\\/\",\"name\":\"Quieren declarar de inter\u00e9s hist\u00f3rico y cultural la Cueva de Don Antonio Cur\u00edn\",\"isPartOf\":{\"@id\":\"https:\\\/\\\/patagoniambiental.com.ar\\\/info\\\/#website\"},\"primaryImageOfPage\":{\"@id\":\"https:\\\/\\\/patagoniambiental.com.ar\\\/info\\\/quieren-declarar-de-interes-historico-y-cultural-la-cueva-de-don-antonio-curin\\\/#primaryimage\"},\"image\":{\"@id\":\"https:\\\/\\\/patagoniambiental.com.ar\\\/info\\\/quieren-declarar-de-interes-historico-y-cultural-la-cueva-de-don-antonio-curin\\\/#primaryimage\"},\"thumbnailUrl\":\"https:\\\/\\\/patagoniambiental.com.ar\\\/info\\\/wp-content\\\/uploads\\\/2019\\\/10\\\/CURIN-DOS.jpg\",\"datePublished\":\"2019-10-12T10:00:50+00:00\",\"breadcrumb\":{\"@id\":\"https:\\\/\\\/patagoniambiental.com.ar\\\/info\\\/quieren-declarar-de-interes-historico-y-cultural-la-cueva-de-don-antonio-curin\\\/#breadcrumb\"},\"inLanguage\":\"es\",\"potentialAction\":[{\"@type\":\"ReadAction\",\"target\":[\"https:\\\/\\\/patagoniambiental.com.ar\\\/info\\\/quieren-declarar-de-interes-historico-y-cultural-la-cueva-de-don-antonio-curin\\\/\"]}]},{\"@type\":\"ImageObject\",\"inLanguage\":\"es\",\"@id\":\"https:\\\/\\\/patagoniambiental.com.ar\\\/info\\\/quieren-declarar-de-interes-historico-y-cultural-la-cueva-de-don-antonio-curin\\\/#primaryimage\",\"url\":\"https:\\\/\\\/patagoniambiental.com.ar\\\/info\\\/wp-content\\\/uploads\\\/2019\\\/10\\\/CURIN-DOS.jpg\",\"contentUrl\":\"https:\\\/\\\/patagoniambiental.com.ar\\\/info\\\/wp-content\\\/uploads\\\/2019\\\/10\\\/CURIN-DOS.jpg\",\"width\":640,\"height\":480},{\"@type\":\"BreadcrumbList\",\"@id\":\"https:\\\/\\\/patagoniambiental.com.ar\\\/info\\\/quieren-declarar-de-interes-historico-y-cultural-la-cueva-de-don-antonio-curin\\\/#breadcrumb\",\"itemListElement\":[{\"@type\":\"ListItem\",\"position\":1,\"name\":\"Inicio\",\"item\":\"https:\\\/\\\/patagoniambiental.com.ar\\\/info\\\/\"},{\"@type\":\"ListItem\",\"position\":2,\"name\":\"Quieren declarar de inter\u00e9s hist\u00f3rico y cultural la Cueva de Don Antonio Cur\u00edn\"}]},{\"@type\":\"WebSite\",\"@id\":\"https:\\\/\\\/patagoniambiental.com.ar\\\/info\\\/#website\",\"url\":\"https:\\\/\\\/patagoniambiental.com.ar\\\/info\\\/\",\"name\":\"Patagonia Ambiental\",\"description\":\"Monitoreo y an\u00e1lisis de la situaci\u00f3n geopol\u00edtica en el mundo y su implicancia en la Patagonia\",\"publisher\":{\"@id\":\"https:\\\/\\\/patagoniambiental.com.ar\\\/info\\\/#organization\"},\"potentialAction\":[{\"@type\":\"SearchAction\",\"target\":{\"@type\":\"EntryPoint\",\"urlTemplate\":\"https:\\\/\\\/patagoniambiental.com.ar\\\/info\\\/?s={search_term_string}\"},\"query-input\":{\"@type\":\"PropertyValueSpecification\",\"valueRequired\":true,\"valueName\":\"search_term_string\"}}],\"inLanguage\":\"es\"},{\"@type\":\"Organization\",\"@id\":\"https:\\\/\\\/patagoniambiental.com.ar\\\/info\\\/#organization\",\"name\":\"Patagonia Ambiental\",\"url\":\"https:\\\/\\\/patagoniambiental.com.ar\\\/info\\\/\",\"logo\":{\"@type\":\"ImageObject\",\"inLanguage\":\"es\",\"@id\":\"https:\\\/\\\/patagoniambiental.com.ar\\\/info\\\/#\\\/schema\\\/logo\\\/image\\\/\",\"url\":\"https:\\\/\\\/patagoniambiental.com.ar\\\/info\\\/wp-content\\\/uploads\\\/2025\\\/05\\\/LOGO-PATAGONIA-AMBIENTAL.png\",\"contentUrl\":\"https:\\\/\\\/patagoniambiental.com.ar\\\/info\\\/wp-content\\\/uploads\\\/2025\\\/05\\\/LOGO-PATAGONIA-AMBIENTAL.png\",\"width\":433,\"height\":250,\"caption\":\"Patagonia Ambiental\"},\"image\":{\"@id\":\"https:\\\/\\\/patagoniambiental.com.ar\\\/info\\\/#\\\/schema\\\/logo\\\/image\\\/\"},\"sameAs\":[\"https:\\\/\\\/www.facebook.com\\\/patagonia.ambiental\",\"https:\\\/\\\/x.com\\\/PatAmb\"]},{\"@type\":\"Person\",\"@id\":\"https:\\\/\\\/patagoniambiental.com.ar\\\/info\\\/#\\\/schema\\\/person\\\/db12bff64bbcbf6a253710bf0ea37b5d\",\"name\":\"Patagonia Ambiental\",\"description\":\"Andr\u00e9s Nievas T\u00e9cnico en manejo ambiental, consultor Ambiental y escritor para medios locales e internacionales sobre temas de geopolitica y medio ambiente.\",\"sameAs\":[\"http:\\\/\\\/www.patagoniambiental.com.ar\",\"https:\\\/\\\/www.facebook.com\\\/share\\\/1C1V8Gv9BX\\\/?mibextid=qi2Omg\",\"@patagoniambiental\",\"https:\\\/\\\/youtube.com\\\/@patagoniaambiental2023?si=BLt58t0wuXquxlYZ\"]}]}<\/script>\n<!-- \/ Yoast SEO Premium plugin. -->","yoast_head_json":{"title":"Quieren declarar de inter\u00e9s hist\u00f3rico y cultural la Cueva de Don Antonio Cur\u00edn","robots":{"index":"index","follow":"follow","max-snippet":"max-snippet:-1","max-image-preview":"max-image-preview:large","max-video-preview":"max-video-preview:-1"},"canonical":"https:\/\/patagoniambiental.com.ar\/info\/quieren-declarar-de-interes-historico-y-cultural-la-cueva-de-don-antonio-curin\/","og_locale":"es_ES","og_type":"article","og_title":"Quieren declarar de inter\u00e9s hist\u00f3rico y cultural la Cueva de Don Antonio Cur\u00edn","og_description":"Viedma.-La legisladora Maria Liliana Gemignani del Bloque JSRN presento una iniciativa donde se propone declarar de inter\u00e9s hist\u00f3rico y cultural [&hellip;]","og_url":"https:\/\/patagoniambiental.com.ar\/info\/quieren-declarar-de-interes-historico-y-cultural-la-cueva-de-don-antonio-curin\/","og_site_name":"Patagonia Ambiental","article_publisher":"https:\/\/www.facebook.com\/patagonia.ambiental","article_author":"https:\/\/www.facebook.com\/share\/1C1V8Gv9BX\/?mibextid=qi2Omg","article_published_time":"2019-10-12T10:00:50+00:00","og_image":[{"width":640,"height":480,"url":"https:\/\/patagoniambiental.com.ar\/info\/wp-content\/uploads\/2019\/10\/CURIN-DOS.jpg","type":"image\/jpeg"}],"author":"Patagonia Ambiental","twitter_card":"summary_large_image","twitter_creator":"@PatAmb","twitter_site":"@PatAmb","schema":{"@context":"https:\/\/schema.org","@graph":[{"@type":"Article","@id":"https:\/\/patagoniambiental.com.ar\/info\/quieren-declarar-de-interes-historico-y-cultural-la-cueva-de-don-antonio-curin\/#article","isPartOf":{"@id":"https:\/\/patagoniambiental.com.ar\/info\/quieren-declarar-de-interes-historico-y-cultural-la-cueva-de-don-antonio-curin\/"},"author":{"name":"Patagonia Ambiental","@id":"https:\/\/patagoniambiental.com.ar\/info\/#\/schema\/person\/db12bff64bbcbf6a253710bf0ea37b5d"},"headline":"Quieren declarar de inter\u00e9s hist\u00f3rico y cultural la Cueva de Don Antonio Cur\u00edn","datePublished":"2019-10-12T10:00:50+00:00","mainEntityOfPage":{"@id":"https:\/\/patagoniambiental.com.ar\/info\/quieren-declarar-de-interes-historico-y-cultural-la-cueva-de-don-antonio-curin\/"},"wordCount":658,"commentCount":0,"publisher":{"@id":"https:\/\/patagoniambiental.com.ar\/info\/#organization"},"image":{"@id":"https:\/\/patagoniambiental.com.ar\/info\/quieren-declarar-de-interes-historico-y-cultural-la-cueva-de-don-antonio-curin\/#primaryimage"},"thumbnailUrl":"https:\/\/patagoniambiental.com.ar\/info\/wp-content\/uploads\/2019\/10\/CURIN-DOS.jpg","articleSection":["Bolet\u00edn","Noticias","Provinciales","R\u00edo Negro","Rotador"],"inLanguage":"es","potentialAction":[{"@type":"CommentAction","name":"Comment","target":["https:\/\/patagoniambiental.com.ar\/info\/quieren-declarar-de-interes-historico-y-cultural-la-cueva-de-don-antonio-curin\/#respond"]}]},{"@type":"WebPage","@id":"https:\/\/patagoniambiental.com.ar\/info\/quieren-declarar-de-interes-historico-y-cultural-la-cueva-de-don-antonio-curin\/","url":"https:\/\/patagoniambiental.com.ar\/info\/quieren-declarar-de-interes-historico-y-cultural-la-cueva-de-don-antonio-curin\/","name":"Quieren declarar de inter\u00e9s hist\u00f3rico y cultural la Cueva de Don Antonio Cur\u00edn","isPartOf":{"@id":"https:\/\/patagoniambiental.com.ar\/info\/#website"},"primaryImageOfPage":{"@id":"https:\/\/patagoniambiental.com.ar\/info\/quieren-declarar-de-interes-historico-y-cultural-la-cueva-de-don-antonio-curin\/#primaryimage"},"image":{"@id":"https:\/\/patagoniambiental.com.ar\/info\/quieren-declarar-de-interes-historico-y-cultural-la-cueva-de-don-antonio-curin\/#primaryimage"},"thumbnailUrl":"https:\/\/patagoniambiental.com.ar\/info\/wp-content\/uploads\/2019\/10\/CURIN-DOS.jpg","datePublished":"2019-10-12T10:00:50+00:00","breadcrumb":{"@id":"https:\/\/patagoniambiental.com.ar\/info\/quieren-declarar-de-interes-historico-y-cultural-la-cueva-de-don-antonio-curin\/#breadcrumb"},"inLanguage":"es","potentialAction":[{"@type":"ReadAction","target":["https:\/\/patagoniambiental.com.ar\/info\/quieren-declarar-de-interes-historico-y-cultural-la-cueva-de-don-antonio-curin\/"]}]},{"@type":"ImageObject","inLanguage":"es","@id":"https:\/\/patagoniambiental.com.ar\/info\/quieren-declarar-de-interes-historico-y-cultural-la-cueva-de-don-antonio-curin\/#primaryimage","url":"https:\/\/patagoniambiental.com.ar\/info\/wp-content\/uploads\/2019\/10\/CURIN-DOS.jpg","contentUrl":"https:\/\/patagoniambiental.com.ar\/info\/wp-content\/uploads\/2019\/10\/CURIN-DOS.jpg","width":640,"height":480},{"@type":"BreadcrumbList","@id":"https:\/\/patagoniambiental.com.ar\/info\/quieren-declarar-de-interes-historico-y-cultural-la-cueva-de-don-antonio-curin\/#breadcrumb","itemListElement":[{"@type":"ListItem","position":1,"name":"Inicio","item":"https:\/\/patagoniambiental.com.ar\/info\/"},{"@type":"ListItem","position":2,"name":"Quieren declarar de inter\u00e9s hist\u00f3rico y cultural la Cueva de Don Antonio Cur\u00edn"}]},{"@type":"WebSite","@id":"https:\/\/patagoniambiental.com.ar\/info\/#website","url":"https:\/\/patagoniambiental.com.ar\/info\/","name":"Patagonia Ambiental","description":"Monitoreo y an\u00e1lisis de la situaci\u00f3n geopol\u00edtica en el mundo y su implicancia en la Patagonia","publisher":{"@id":"https:\/\/patagoniambiental.com.ar\/info\/#organization"},"potentialAction":[{"@type":"SearchAction","target":{"@type":"EntryPoint","urlTemplate":"https:\/\/patagoniambiental.com.ar\/info\/?s={search_term_string}"},"query-input":{"@type":"PropertyValueSpecification","valueRequired":true,"valueName":"search_term_string"}}],"inLanguage":"es"},{"@type":"Organization","@id":"https:\/\/patagoniambiental.com.ar\/info\/#organization","name":"Patagonia Ambiental","url":"https:\/\/patagoniambiental.com.ar\/info\/","logo":{"@type":"ImageObject","inLanguage":"es","@id":"https:\/\/patagoniambiental.com.ar\/info\/#\/schema\/logo\/image\/","url":"https:\/\/patagoniambiental.com.ar\/info\/wp-content\/uploads\/2025\/05\/LOGO-PATAGONIA-AMBIENTAL.png","contentUrl":"https:\/\/patagoniambiental.com.ar\/info\/wp-content\/uploads\/2025\/05\/LOGO-PATAGONIA-AMBIENTAL.png","width":433,"height":250,"caption":"Patagonia Ambiental"},"image":{"@id":"https:\/\/patagoniambiental.com.ar\/info\/#\/schema\/logo\/image\/"},"sameAs":["https:\/\/www.facebook.com\/patagonia.ambiental","https:\/\/x.com\/PatAmb"]},{"@type":"Person","@id":"https:\/\/patagoniambiental.com.ar\/info\/#\/schema\/person\/db12bff64bbcbf6a253710bf0ea37b5d","name":"Patagonia Ambiental","description":"Andr\u00e9s Nievas T\u00e9cnico en manejo ambiental, consultor Ambiental y escritor para medios locales e internacionales sobre temas de geopolitica y medio ambiente.","sameAs":["http:\/\/www.patagoniambiental.com.ar","https:\/\/www.facebook.com\/share\/1C1V8Gv9BX\/?mibextid=qi2Omg","@patagoniambiental","https:\/\/youtube.com\/@patagoniaambiental2023?si=BLt58t0wuXquxlYZ"]}]}},"_links":{"self":[{"href":"https:\/\/patagoniambiental.com.ar\/info\/wp-json\/wp\/v2\/posts\/63547","targetHints":{"allow":["GET"]}}],"collection":[{"href":"https:\/\/patagoniambiental.com.ar\/info\/wp-json\/wp\/v2\/posts"}],"about":[{"href":"https:\/\/patagoniambiental.com.ar\/info\/wp-json\/wp\/v2\/types\/post"}],"author":[{"embeddable":true,"href":"https:\/\/patagoniambiental.com.ar\/info\/wp-json\/wp\/v2\/users\/2"}],"replies":[{"embeddable":true,"href":"https:\/\/patagoniambiental.com.ar\/info\/wp-json\/wp\/v2\/comments?post=63547"}],"version-history":[{"count":0,"href":"https:\/\/patagoniambiental.com.ar\/info\/wp-json\/wp\/v2\/posts\/63547\/revisions"}],"wp:featuredmedia":[{"embeddable":true,"href":"https:\/\/patagoniambiental.com.ar\/info\/wp-json\/wp\/v2\/media\/63548"}],"wp:attachment":[{"href":"https:\/\/patagoniambiental.com.ar\/info\/wp-json\/wp\/v2\/media?parent=63547"}],"wp:term":[{"taxonomy":"category","embeddable":true,"href":"https:\/\/patagoniambiental.com.ar\/info\/wp-json\/wp\/v2\/categories?post=63547"},{"taxonomy":"post_tag","embeddable":true,"href":"https:\/\/patagoniambiental.com.ar\/info\/wp-json\/wp\/v2\/tags?post=63547"}],"curies":[{"name":"wp","href":"https:\/\/api.w.org\/{rel}","templated":true}]}}