{"id":63551,"date":"2019-10-11T07:00:07","date_gmt":"2019-10-11T10:00:07","guid":{"rendered":"http:\/\/patagoniambiental.com.ar\/info\/?p=63551"},"modified":"2019-10-11T10:38:11","modified_gmt":"2019-10-11T13:38:11","slug":"presentan-proyecto-para-declarar-de-interes-el-documental-bahia-de-san-antonio-refugio-de-vida","status":"publish","type":"post","link":"https:\/\/patagoniambiental.com.ar\/info\/presentan-proyecto-para-declarar-de-interes-el-documental-bahia-de-san-antonio-refugio-de-vida\/","title":{"rendered":"Presentan proyecto para declarar de inter\u00e9s el documental \u201cBahia de San Antonio, Refugio de Vida\u201d"},"content":{"rendered":"<p>Viedma.-La Legisladora de Las Grutas Maria Liliana Gemignani presento una propuesta para declarar de inter\u00e9s educativo, social, ecol\u00f3gico y ambiental el documental \u201c<strong>Bah\u00eda de San Antonio, Refugio de Vida\u201d <\/strong>realizado por \u00a0<strong>Surmarino Comunicaci\u00f3n<\/strong>, con la colaboraci\u00f3n de <strong>Cinematogr\u00e1fica Sanantoniense<\/strong>, en el que se muestra el patrimonio natural y cultural de la Bah\u00eda de San Antonio y del sitio Jahuel en particular.<\/p>\n<p><!--more--><\/p>\n<p>La propuesta se fundamenta en que cuando uno llega al centro tur\u00edstico Las Grutas por el acceso principal puede visitar \u201c<strong>Jahuel Refugio de Vida\u201d,<\/strong> una Reserva privada creada en un predio ubicado a unos 3 km de dicha ciudad adquirido en el a\u00f1o 1997 por Horacio G. Garc\u00eda y su esposa, Anah\u00ed Valverde.<\/p>\n<p><img fetchpriority=\"high\" decoding=\"async\" class=\"size-medium wp-image-63553 alignleft\" src=\"https:\/\/patagoniambiental.com.ar\/info\/wp-content\/uploads\/2019\/10\/Sin-t\u00edtulo2-600x237.jpg\" alt=\"\" width=\"600\" height=\"237\" \/><\/p>\n<p>La reserva se ubica en un predio de unas 5,3 hect\u00e1reas y en un sitio estrat\u00e9gico en el \u00c1rea Natural Protegida de Bah\u00eda San Antonio, \u201c<strong>Sitio Internacional de Aves Playeras Migratorias\u201d. <\/strong>Las aves visitan la Bah\u00eda de San Antonio en su paso a Tierra del Fuego en los meses de octubre y noviembre o en su migraci\u00f3n al Polo \u00c1rtico Canadiense durante los meses de marzo y abril. El sitio sirve como zona de amortiguaci\u00f3n a todos los impactos ambientales que pueda producir el turismo y las actividades humanas.<\/p>\n<p>Se pueden observar aves anuales como las gaviotas, gaviotines, flamencos y cormoranes, adem\u00e1s de playeros rojizos, los famosos migratorios que vuelan todos los a\u00f1os entre Canad\u00e1 y Tierra del Fuego, para volver luego al hemisferio norte y cumplir una ruta. Tambi\u00e9n suelen observarse ballenas, lobos marinos y delfines. Entre la flora se pueden observar plantas con propiedades medicinales como jarillas, yoaquin, carqueja, molle blanco, altamizcle, cactus y otras como junquillos y olivillos que tienen la funci\u00f3n de fijar la arena del m\u00e9dano permiti\u00e9ndoles a las dem\u00e1s poder arraigarse y vivir.<\/p>\n<p>Para fortalecer la actividad tur\u00edstica y de cuidado del medio ambiente es que la Legislatura de R\u00edo Negro ha acompa\u00f1ado este trabajo mediante la Declaraci\u00f3n N\u00ba 69\/2018 -inter\u00e9s educativo, ambiental, cultural y tur\u00edstico el Refugio de Vida Silvestre Jahuel, de mi autoria, como un espacio para promover un sitio de recreaci\u00f3n y educaci\u00f3n constante ubicado en el acceso al centro Tur\u00edstico Las Grutas-.<\/p>\n<p>A\u00f1o a a\u00f1o esta reserva es visitada por grupos de adultos mayores, escuelas de la Patagonia y de otras partes del pa\u00eds, y turistas en general. En total se registraron 4544 visitas guiadas educativas durante los a\u00f1os 2014 al 2017. Cada escuela realiz\u00f3 la visita cultural que incluye el espacio natural, pueblos originarios que habitaron a orillas del Golfo San Mat\u00edas, observaci\u00f3n e interpretaci\u00f3n de flora, fauna y avistajes de aves, Museo de sitio y granja. Se entreg\u00f3 a cada escuela que visit\u00f3\u00a0 el lugar un poema enmarcado con la tem\u00e1tica cultural del sitio, el <strong>libro<\/strong> \u201c<strong>Jahuel, Refugio de Vida\u201d<\/strong> cuya autor\u00eda pertenece a Anah\u00ed Valverde.<\/p>\n<p>A instancia del Legislador Casadei dicho libro fue declarado de INTER\u00c9S EDUCATIVO, SOCIAL, CULTURAL Y DE DIFUSI\u00d3N TUR\u00cdSTICA EL LIBRO \u00abJAHUEL REFUGIO DE VIDA LAS GRUTAS-PATAGONIA\u00bb, DE ANAHI VALVERDE, aprobada mediante la\u00a0Declaraci\u00f3n N\u00ba 48\/2018.<\/p>\n<p>Para el correcto funcionamiento del lugar, que se ubica dentro de los l\u00edmites del \u00c1rea Natural Protegida bah\u00eda San Antonio\u201d, es que la Secretaria de Ambiente y Desarrollo Sustentable Provincial ha emitido la Resoluci\u00f3n 489\/19 SAyDS donde resuelve que desde septiembre a abril no est\u00e1 autorizado a hacer observaci\u00f3n desde la costa y por otro lado los m\u00e9danos en altura tapan gran parte de la visi\u00f3n. Solo se permite la observaci\u00f3n con la marea en bajamar. Por lo cual los grupos y familias aun con uso de monocular o binoculares no ven detalles de los grupos de aves.<\/p>\n<p>Para complementar las visitas guiadas que pueden hacer los turistas y que llegan durante gran parte del a\u00f1o y para dar cumplimiento a la Resoluci\u00f3n 489\/19 SAyDS es que ha sido necesario y se ha desarrollado un <strong>documental<\/strong> titulado \u201c<strong>Bah\u00eda de San Antonio Refugio de Vida\u201d <\/strong>a fin de acercar las aves a los ni\u00f1os y familias que visitan El Jahuel.<\/p>\n<p>Se trata de una pieza de tono educativo, pensado para los estudiantes de primaria y secundaria que visitan Jahuel y que junto a otros materiales audiovisuales complementan un recorrido did\u00e1ctico en el que se pondera el patrimonio natural y cultural de la Bah\u00eda de San Antonio y del sitio Jahuel en particular.<\/p>\n<p>&nbsp;<\/p>\n<p>El mensaje principal del documental es el de promover valores relacionados con la conservaci\u00f3n del ambiente y sus especies de manera integral, tomando en este cap\u00edtulo al playero rojizo y otras aves playeras y migratorias como objeto del documental.<\/p>\n<p>&nbsp;<\/p>\n<p>Los contenidos fueron concebidos por Anah\u00ed Valverde y la realizaci\u00f3n estuvo a cargo de Guillermo Soria, Director del Estudio de Dise\u00f1o <strong>Surmarino Comunicaci\u00f3n<\/strong>, con la colaboraci\u00f3n de <strong>cinematogr\u00e1fica sanantoniense<\/strong>, de Salvador Cambarieri. La m\u00fasica fue realizada especialmente para el video por Guillermo Soria, inspirada en sonidos de aves y kultrunes, mientras que la locuci\u00f3n fue realizada por el locutor \u00c1lvaro Mora.<\/p>\n<p>&nbsp;<\/p>\n<p>Las im\u00e1genes fueron tomadas en distintos sitios de la Bah\u00eda de San Antonio, siguiendo la normativa vigente. Se film\u00f3 con c\u00e1maras canon 7D, con lentes de 400 mm que nos permitieron grabar sin aproximarnos a sitios cr\u00edticos.<\/p>\n<p>&nbsp;<\/p>\n<p>Se trata de un video educativo que ser\u00e1 actualizado peri\u00f3dicamente, con un sentido de registro hist\u00f3rico documental ya que la Bah\u00eda ofrece diferentes eventos de relevancia en cada temporada. Por ahora solo se proyecta como parte de la recorrida educativa por el sitio y pr\u00f3ximamente se presentar\u00e1 en otros sitios, escuelas, etc.<\/p>\n<p>&nbsp;<\/p>\n<p>Fuente: Legislatura de Rio Negro<\/p>\n<p>&nbsp;<\/p>\n<p>&nbsp;<\/p>\n","protected":false},"excerpt":{"rendered":"<p>Viedma.-La Legisladora de Las Grutas Maria Liliana Gemignani presento una propuesta para declarar de inter\u00e9s educativo, social, ecol\u00f3gico y ambiental [&hellip;]<\/p>\n","protected":false},"author":2,"featured_media":63552,"comment_status":"open","ping_status":"open","sticky":false,"template":"","format":"standard","meta":{"site-sidebar-layout":"default","site-content-layout":"","ast-site-content-layout":"default","site-content-style":"default","site-sidebar-style":"default","ast-global-header-display":"","ast-banner-title-visibility":"","ast-main-header-display":"","ast-hfb-above-header-display":"","ast-hfb-below-header-display":"","ast-hfb-mobile-header-display":"","site-post-title":"","ast-breadcrumbs-content":"","ast-featured-img":"","footer-sml-layout":"","ast-disable-related-posts":"","theme-transparent-header-meta":"","adv-header-id-meta":"","stick-header-meta":"","header-above-stick-meta":"","header-main-stick-meta":"","header-below-stick-meta":"","astra-migrate-meta-layouts":"default","ast-page-background-enabled":"default","ast-page-background-meta":{"desktop":{"background-color":"var(--ast-global-color-5)","background-image":"","background-repeat":"repeat","background-position":"center center","background-size":"auto","background-attachment":"scroll","background-type":"","background-media":"","overlay-type":"","overlay-color":"","overlay-opacity":"","overlay-gradient":""},"tablet":{"background-color":"","background-image":"","background-repeat":"repeat","background-position":"center center","background-size":"auto","background-attachment":"scroll","background-type":"","background-media":"","overlay-type":"","overlay-color":"","overlay-opacity":"","overlay-gradient":""},"mobile":{"background-color":"","background-image":"","background-repeat":"repeat","background-position":"center center","background-size":"auto","background-attachment":"scroll","background-type":"","background-media":"","overlay-type":"","overlay-color":"","overlay-opacity":"","overlay-gradient":""}},"ast-content-background-meta":{"desktop":{"background-color":"var(--ast-global-color-4)","background-image":"","background-repeat":"repeat","background-position":"center center","background-size":"auto","background-attachment":"scroll","background-type":"","background-media":"","overlay-type":"","overlay-color":"","overlay-opacity":"","overlay-gradient":""},"tablet":{"background-color":"var(--ast-global-color-4)","background-image":"","background-repeat":"repeat","background-position":"center center","background-size":"auto","background-attachment":"scroll","background-type":"","background-media":"","overlay-type":"","overlay-color":"","overlay-opacity":"","overlay-gradient":""},"mobile":{"background-color":"var(--ast-global-color-4)","background-image":"","background-repeat":"repeat","background-position":"center center","background-size":"auto","background-attachment":"scroll","background-type":"","background-media":"","overlay-type":"","overlay-color":"","overlay-opacity":"","overlay-gradient":""}},"footnotes":""},"categories":[1,13,14,10],"tags":[],"class_list":["post-63551","post","type-post","status-publish","format-standard","has-post-thumbnail","hentry","category-noticias","category-provinciales","category-rio-negro","category-rotador"],"yoast_head":"<!-- This site is optimized with the Yoast SEO Premium plugin v23.0 (Yoast SEO v27.5) - https:\/\/yoast.com\/product\/yoast-seo-premium-wordpress\/ -->\n<title>Presentan proyecto para declarar de inter\u00e9s el documental \u201cBahia de San Antonio, Refugio de Vida\u201d<\/title>\n<meta name=\"robots\" content=\"index, follow, max-snippet:-1, max-image-preview:large, max-video-preview:-1\" \/>\n<link rel=\"canonical\" href=\"https:\/\/patagoniambiental.com.ar\/info\/presentan-proyecto-para-declarar-de-interes-el-documental-bahia-de-san-antonio-refugio-de-vida\/\" \/>\n<meta property=\"og:locale\" content=\"es_ES\" \/>\n<meta property=\"og:type\" content=\"article\" \/>\n<meta property=\"og:title\" content=\"Presentan proyecto para declarar de inter\u00e9s el documental \u201cBahia de San Antonio, Refugio de Vida\u201d\" \/>\n<meta property=\"og:description\" content=\"Viedma.-La Legisladora de Las Grutas Maria Liliana Gemignani presento una propuesta para declarar de inter\u00e9s educativo, social, ecol\u00f3gico y ambiental [&hellip;]\" \/>\n<meta property=\"og:url\" content=\"https:\/\/patagoniambiental.com.ar\/info\/presentan-proyecto-para-declarar-de-interes-el-documental-bahia-de-san-antonio-refugio-de-vida\/\" \/>\n<meta property=\"og:site_name\" content=\"Patagonia Ambiental\" \/>\n<meta property=\"article:publisher\" content=\"https:\/\/www.facebook.com\/patagonia.ambiental\" \/>\n<meta property=\"article:author\" content=\"https:\/\/www.facebook.com\/share\/1C1V8Gv9BX\/?mibextid=qi2Omg\" \/>\n<meta property=\"article:published_time\" content=\"2019-10-11T10:00:07+00:00\" \/>\n<meta property=\"article:modified_time\" content=\"2019-10-11T13:38:11+00:00\" \/>\n<meta property=\"og:image\" content=\"https:\/\/patagoniambiental.com.ar\/info\/wp-content\/uploads\/2019\/10\/Sin-t\u00edtulo-4.jpg\" \/>\n\t<meta property=\"og:image:width\" content=\"1313\" \/>\n\t<meta property=\"og:image:height\" content=\"493\" \/>\n\t<meta property=\"og:image:type\" content=\"image\/jpeg\" \/>\n<meta name=\"author\" content=\"Patagonia Ambiental\" \/>\n<meta name=\"twitter:card\" content=\"summary_large_image\" \/>\n<meta name=\"twitter:creator\" content=\"@PatAmb\" \/>\n<meta name=\"twitter:site\" content=\"@PatAmb\" \/>\n<script type=\"application\/ld+json\" class=\"yoast-schema-graph\">{\"@context\":\"https:\\\/\\\/schema.org\",\"@graph\":[{\"@type\":\"Article\",\"@id\":\"https:\\\/\\\/patagoniambiental.com.ar\\\/info\\\/presentan-proyecto-para-declarar-de-interes-el-documental-bahia-de-san-antonio-refugio-de-vida\\\/#article\",\"isPartOf\":{\"@id\":\"https:\\\/\\\/patagoniambiental.com.ar\\\/info\\\/presentan-proyecto-para-declarar-de-interes-el-documental-bahia-de-san-antonio-refugio-de-vida\\\/\"},\"author\":{\"name\":\"Patagonia Ambiental\",\"@id\":\"https:\\\/\\\/patagoniambiental.com.ar\\\/info\\\/#\\\/schema\\\/person\\\/db12bff64bbcbf6a253710bf0ea37b5d\"},\"headline\":\"Presentan proyecto para declarar de inter\u00e9s el documental \u201cBahia de San Antonio, Refugio de Vida\u201d\",\"datePublished\":\"2019-10-11T10:00:07+00:00\",\"dateModified\":\"2019-10-11T13:38:11+00:00\",\"mainEntityOfPage\":{\"@id\":\"https:\\\/\\\/patagoniambiental.com.ar\\\/info\\\/presentan-proyecto-para-declarar-de-interes-el-documental-bahia-de-san-antonio-refugio-de-vida\\\/\"},\"wordCount\":990,\"commentCount\":0,\"publisher\":{\"@id\":\"https:\\\/\\\/patagoniambiental.com.ar\\\/info\\\/#organization\"},\"image\":{\"@id\":\"https:\\\/\\\/patagoniambiental.com.ar\\\/info\\\/presentan-proyecto-para-declarar-de-interes-el-documental-bahia-de-san-antonio-refugio-de-vida\\\/#primaryimage\"},\"thumbnailUrl\":\"https:\\\/\\\/patagoniambiental.com.ar\\\/info\\\/wp-content\\\/uploads\\\/2019\\\/10\\\/Sin-t\u00edtulo-4.jpg\",\"articleSection\":[\"Noticias\",\"Provinciales\",\"R\u00edo Negro\",\"Rotador\"],\"inLanguage\":\"es\",\"potentialAction\":[{\"@type\":\"CommentAction\",\"name\":\"Comment\",\"target\":[\"https:\\\/\\\/patagoniambiental.com.ar\\\/info\\\/presentan-proyecto-para-declarar-de-interes-el-documental-bahia-de-san-antonio-refugio-de-vida\\\/#respond\"]}]},{\"@type\":\"WebPage\",\"@id\":\"https:\\\/\\\/patagoniambiental.com.ar\\\/info\\\/presentan-proyecto-para-declarar-de-interes-el-documental-bahia-de-san-antonio-refugio-de-vida\\\/\",\"url\":\"https:\\\/\\\/patagoniambiental.com.ar\\\/info\\\/presentan-proyecto-para-declarar-de-interes-el-documental-bahia-de-san-antonio-refugio-de-vida\\\/\",\"name\":\"Presentan proyecto para declarar de inter\u00e9s el documental \u201cBahia de San Antonio, Refugio de Vida\u201d\",\"isPartOf\":{\"@id\":\"https:\\\/\\\/patagoniambiental.com.ar\\\/info\\\/#website\"},\"primaryImageOfPage\":{\"@id\":\"https:\\\/\\\/patagoniambiental.com.ar\\\/info\\\/presentan-proyecto-para-declarar-de-interes-el-documental-bahia-de-san-antonio-refugio-de-vida\\\/#primaryimage\"},\"image\":{\"@id\":\"https:\\\/\\\/patagoniambiental.com.ar\\\/info\\\/presentan-proyecto-para-declarar-de-interes-el-documental-bahia-de-san-antonio-refugio-de-vida\\\/#primaryimage\"},\"thumbnailUrl\":\"https:\\\/\\\/patagoniambiental.com.ar\\\/info\\\/wp-content\\\/uploads\\\/2019\\\/10\\\/Sin-t\u00edtulo-4.jpg\",\"datePublished\":\"2019-10-11T10:00:07+00:00\",\"dateModified\":\"2019-10-11T13:38:11+00:00\",\"breadcrumb\":{\"@id\":\"https:\\\/\\\/patagoniambiental.com.ar\\\/info\\\/presentan-proyecto-para-declarar-de-interes-el-documental-bahia-de-san-antonio-refugio-de-vida\\\/#breadcrumb\"},\"inLanguage\":\"es\",\"potentialAction\":[{\"@type\":\"ReadAction\",\"target\":[\"https:\\\/\\\/patagoniambiental.com.ar\\\/info\\\/presentan-proyecto-para-declarar-de-interes-el-documental-bahia-de-san-antonio-refugio-de-vida\\\/\"]}]},{\"@type\":\"ImageObject\",\"inLanguage\":\"es\",\"@id\":\"https:\\\/\\\/patagoniambiental.com.ar\\\/info\\\/presentan-proyecto-para-declarar-de-interes-el-documental-bahia-de-san-antonio-refugio-de-vida\\\/#primaryimage\",\"url\":\"https:\\\/\\\/patagoniambiental.com.ar\\\/info\\\/wp-content\\\/uploads\\\/2019\\\/10\\\/Sin-t\u00edtulo-4.jpg\",\"contentUrl\":\"https:\\\/\\\/patagoniambiental.com.ar\\\/info\\\/wp-content\\\/uploads\\\/2019\\\/10\\\/Sin-t\u00edtulo-4.jpg\",\"width\":1200,\"height\":451},{\"@type\":\"BreadcrumbList\",\"@id\":\"https:\\\/\\\/patagoniambiental.com.ar\\\/info\\\/presentan-proyecto-para-declarar-de-interes-el-documental-bahia-de-san-antonio-refugio-de-vida\\\/#breadcrumb\",\"itemListElement\":[{\"@type\":\"ListItem\",\"position\":1,\"name\":\"Inicio\",\"item\":\"https:\\\/\\\/patagoniambiental.com.ar\\\/info\\\/\"},{\"@type\":\"ListItem\",\"position\":2,\"name\":\"Presentan proyecto para declarar de inter\u00e9s el documental \u201cBahia de San Antonio, Refugio de Vida\u201d\"}]},{\"@type\":\"WebSite\",\"@id\":\"https:\\\/\\\/patagoniambiental.com.ar\\\/info\\\/#website\",\"url\":\"https:\\\/\\\/patagoniambiental.com.ar\\\/info\\\/\",\"name\":\"Patagonia Ambiental\",\"description\":\"Monitoreo y an\u00e1lisis de la situaci\u00f3n geopol\u00edtica en el mundo y su implicancia en la Patagonia\",\"publisher\":{\"@id\":\"https:\\\/\\\/patagoniambiental.com.ar\\\/info\\\/#organization\"},\"potentialAction\":[{\"@type\":\"SearchAction\",\"target\":{\"@type\":\"EntryPoint\",\"urlTemplate\":\"https:\\\/\\\/patagoniambiental.com.ar\\\/info\\\/?s={search_term_string}\"},\"query-input\":{\"@type\":\"PropertyValueSpecification\",\"valueRequired\":true,\"valueName\":\"search_term_string\"}}],\"inLanguage\":\"es\"},{\"@type\":\"Organization\",\"@id\":\"https:\\\/\\\/patagoniambiental.com.ar\\\/info\\\/#organization\",\"name\":\"Patagonia Ambiental\",\"url\":\"https:\\\/\\\/patagoniambiental.com.ar\\\/info\\\/\",\"logo\":{\"@type\":\"ImageObject\",\"inLanguage\":\"es\",\"@id\":\"https:\\\/\\\/patagoniambiental.com.ar\\\/info\\\/#\\\/schema\\\/logo\\\/image\\\/\",\"url\":\"https:\\\/\\\/patagoniambiental.com.ar\\\/info\\\/wp-content\\\/uploads\\\/2025\\\/05\\\/LOGO-PATAGONIA-AMBIENTAL.png\",\"contentUrl\":\"https:\\\/\\\/patagoniambiental.com.ar\\\/info\\\/wp-content\\\/uploads\\\/2025\\\/05\\\/LOGO-PATAGONIA-AMBIENTAL.png\",\"width\":433,\"height\":250,\"caption\":\"Patagonia Ambiental\"},\"image\":{\"@id\":\"https:\\\/\\\/patagoniambiental.com.ar\\\/info\\\/#\\\/schema\\\/logo\\\/image\\\/\"},\"sameAs\":[\"https:\\\/\\\/www.facebook.com\\\/patagonia.ambiental\",\"https:\\\/\\\/x.com\\\/PatAmb\"]},{\"@type\":\"Person\",\"@id\":\"https:\\\/\\\/patagoniambiental.com.ar\\\/info\\\/#\\\/schema\\\/person\\\/db12bff64bbcbf6a253710bf0ea37b5d\",\"name\":\"Patagonia Ambiental\",\"description\":\"Andr\u00e9s Nievas T\u00e9cnico en manejo ambiental, consultor Ambiental y escritor para medios locales e internacionales sobre temas de geopolitica y medio ambiente.\",\"sameAs\":[\"http:\\\/\\\/www.patagoniambiental.com.ar\",\"https:\\\/\\\/www.facebook.com\\\/share\\\/1C1V8Gv9BX\\\/?mibextid=qi2Omg\",\"@patagoniambiental\",\"https:\\\/\\\/youtube.com\\\/@patagoniaambiental2023?si=BLt58t0wuXquxlYZ\"]}]}<\/script>\n<!-- \/ Yoast SEO Premium plugin. -->","yoast_head_json":{"title":"Presentan proyecto para declarar de inter\u00e9s el documental \u201cBahia de San Antonio, Refugio de Vida\u201d","robots":{"index":"index","follow":"follow","max-snippet":"max-snippet:-1","max-image-preview":"max-image-preview:large","max-video-preview":"max-video-preview:-1"},"canonical":"https:\/\/patagoniambiental.com.ar\/info\/presentan-proyecto-para-declarar-de-interes-el-documental-bahia-de-san-antonio-refugio-de-vida\/","og_locale":"es_ES","og_type":"article","og_title":"Presentan proyecto para declarar de inter\u00e9s el documental \u201cBahia de San Antonio, Refugio de Vida\u201d","og_description":"Viedma.-La Legisladora de Las Grutas Maria Liliana Gemignani presento una propuesta para declarar de inter\u00e9s educativo, social, ecol\u00f3gico y ambiental [&hellip;]","og_url":"https:\/\/patagoniambiental.com.ar\/info\/presentan-proyecto-para-declarar-de-interes-el-documental-bahia-de-san-antonio-refugio-de-vida\/","og_site_name":"Patagonia Ambiental","article_publisher":"https:\/\/www.facebook.com\/patagonia.ambiental","article_author":"https:\/\/www.facebook.com\/share\/1C1V8Gv9BX\/?mibextid=qi2Omg","article_published_time":"2019-10-11T10:00:07+00:00","article_modified_time":"2019-10-11T13:38:11+00:00","og_image":[{"width":1313,"height":493,"url":"https:\/\/patagoniambiental.com.ar\/info\/wp-content\/uploads\/2019\/10\/Sin-t\u00edtulo-4.jpg","type":"image\/jpeg"}],"author":"Patagonia Ambiental","twitter_card":"summary_large_image","twitter_creator":"@PatAmb","twitter_site":"@PatAmb","schema":{"@context":"https:\/\/schema.org","@graph":[{"@type":"Article","@id":"https:\/\/patagoniambiental.com.ar\/info\/presentan-proyecto-para-declarar-de-interes-el-documental-bahia-de-san-antonio-refugio-de-vida\/#article","isPartOf":{"@id":"https:\/\/patagoniambiental.com.ar\/info\/presentan-proyecto-para-declarar-de-interes-el-documental-bahia-de-san-antonio-refugio-de-vida\/"},"author":{"name":"Patagonia Ambiental","@id":"https:\/\/patagoniambiental.com.ar\/info\/#\/schema\/person\/db12bff64bbcbf6a253710bf0ea37b5d"},"headline":"Presentan proyecto para declarar de inter\u00e9s el documental \u201cBahia de San Antonio, Refugio de Vida\u201d","datePublished":"2019-10-11T10:00:07+00:00","dateModified":"2019-10-11T13:38:11+00:00","mainEntityOfPage":{"@id":"https:\/\/patagoniambiental.com.ar\/info\/presentan-proyecto-para-declarar-de-interes-el-documental-bahia-de-san-antonio-refugio-de-vida\/"},"wordCount":990,"commentCount":0,"publisher":{"@id":"https:\/\/patagoniambiental.com.ar\/info\/#organization"},"image":{"@id":"https:\/\/patagoniambiental.com.ar\/info\/presentan-proyecto-para-declarar-de-interes-el-documental-bahia-de-san-antonio-refugio-de-vida\/#primaryimage"},"thumbnailUrl":"https:\/\/patagoniambiental.com.ar\/info\/wp-content\/uploads\/2019\/10\/Sin-t\u00edtulo-4.jpg","articleSection":["Noticias","Provinciales","R\u00edo Negro","Rotador"],"inLanguage":"es","potentialAction":[{"@type":"CommentAction","name":"Comment","target":["https:\/\/patagoniambiental.com.ar\/info\/presentan-proyecto-para-declarar-de-interes-el-documental-bahia-de-san-antonio-refugio-de-vida\/#respond"]}]},{"@type":"WebPage","@id":"https:\/\/patagoniambiental.com.ar\/info\/presentan-proyecto-para-declarar-de-interes-el-documental-bahia-de-san-antonio-refugio-de-vida\/","url":"https:\/\/patagoniambiental.com.ar\/info\/presentan-proyecto-para-declarar-de-interes-el-documental-bahia-de-san-antonio-refugio-de-vida\/","name":"Presentan proyecto para declarar de inter\u00e9s el documental \u201cBahia de San Antonio, Refugio de Vida\u201d","isPartOf":{"@id":"https:\/\/patagoniambiental.com.ar\/info\/#website"},"primaryImageOfPage":{"@id":"https:\/\/patagoniambiental.com.ar\/info\/presentan-proyecto-para-declarar-de-interes-el-documental-bahia-de-san-antonio-refugio-de-vida\/#primaryimage"},"image":{"@id":"https:\/\/patagoniambiental.com.ar\/info\/presentan-proyecto-para-declarar-de-interes-el-documental-bahia-de-san-antonio-refugio-de-vida\/#primaryimage"},"thumbnailUrl":"https:\/\/patagoniambiental.com.ar\/info\/wp-content\/uploads\/2019\/10\/Sin-t\u00edtulo-4.jpg","datePublished":"2019-10-11T10:00:07+00:00","dateModified":"2019-10-11T13:38:11+00:00","breadcrumb":{"@id":"https:\/\/patagoniambiental.com.ar\/info\/presentan-proyecto-para-declarar-de-interes-el-documental-bahia-de-san-antonio-refugio-de-vida\/#breadcrumb"},"inLanguage":"es","potentialAction":[{"@type":"ReadAction","target":["https:\/\/patagoniambiental.com.ar\/info\/presentan-proyecto-para-declarar-de-interes-el-documental-bahia-de-san-antonio-refugio-de-vida\/"]}]},{"@type":"ImageObject","inLanguage":"es","@id":"https:\/\/patagoniambiental.com.ar\/info\/presentan-proyecto-para-declarar-de-interes-el-documental-bahia-de-san-antonio-refugio-de-vida\/#primaryimage","url":"https:\/\/patagoniambiental.com.ar\/info\/wp-content\/uploads\/2019\/10\/Sin-t\u00edtulo-4.jpg","contentUrl":"https:\/\/patagoniambiental.com.ar\/info\/wp-content\/uploads\/2019\/10\/Sin-t\u00edtulo-4.jpg","width":1200,"height":451},{"@type":"BreadcrumbList","@id":"https:\/\/patagoniambiental.com.ar\/info\/presentan-proyecto-para-declarar-de-interes-el-documental-bahia-de-san-antonio-refugio-de-vida\/#breadcrumb","itemListElement":[{"@type":"ListItem","position":1,"name":"Inicio","item":"https:\/\/patagoniambiental.com.ar\/info\/"},{"@type":"ListItem","position":2,"name":"Presentan proyecto para declarar de inter\u00e9s el documental \u201cBahia de San Antonio, Refugio de Vida\u201d"}]},{"@type":"WebSite","@id":"https:\/\/patagoniambiental.com.ar\/info\/#website","url":"https:\/\/patagoniambiental.com.ar\/info\/","name":"Patagonia Ambiental","description":"Monitoreo y an\u00e1lisis de la situaci\u00f3n geopol\u00edtica en el mundo y su implicancia en la Patagonia","publisher":{"@id":"https:\/\/patagoniambiental.com.ar\/info\/#organization"},"potentialAction":[{"@type":"SearchAction","target":{"@type":"EntryPoint","urlTemplate":"https:\/\/patagoniambiental.com.ar\/info\/?s={search_term_string}"},"query-input":{"@type":"PropertyValueSpecification","valueRequired":true,"valueName":"search_term_string"}}],"inLanguage":"es"},{"@type":"Organization","@id":"https:\/\/patagoniambiental.com.ar\/info\/#organization","name":"Patagonia Ambiental","url":"https:\/\/patagoniambiental.com.ar\/info\/","logo":{"@type":"ImageObject","inLanguage":"es","@id":"https:\/\/patagoniambiental.com.ar\/info\/#\/schema\/logo\/image\/","url":"https:\/\/patagoniambiental.com.ar\/info\/wp-content\/uploads\/2025\/05\/LOGO-PATAGONIA-AMBIENTAL.png","contentUrl":"https:\/\/patagoniambiental.com.ar\/info\/wp-content\/uploads\/2025\/05\/LOGO-PATAGONIA-AMBIENTAL.png","width":433,"height":250,"caption":"Patagonia Ambiental"},"image":{"@id":"https:\/\/patagoniambiental.com.ar\/info\/#\/schema\/logo\/image\/"},"sameAs":["https:\/\/www.facebook.com\/patagonia.ambiental","https:\/\/x.com\/PatAmb"]},{"@type":"Person","@id":"https:\/\/patagoniambiental.com.ar\/info\/#\/schema\/person\/db12bff64bbcbf6a253710bf0ea37b5d","name":"Patagonia Ambiental","description":"Andr\u00e9s Nievas T\u00e9cnico en manejo ambiental, consultor Ambiental y escritor para medios locales e internacionales sobre temas de geopolitica y medio ambiente.","sameAs":["http:\/\/www.patagoniambiental.com.ar","https:\/\/www.facebook.com\/share\/1C1V8Gv9BX\/?mibextid=qi2Omg","@patagoniambiental","https:\/\/youtube.com\/@patagoniaambiental2023?si=BLt58t0wuXquxlYZ"]}]}},"_links":{"self":[{"href":"https:\/\/patagoniambiental.com.ar\/info\/wp-json\/wp\/v2\/posts\/63551","targetHints":{"allow":["GET"]}}],"collection":[{"href":"https:\/\/patagoniambiental.com.ar\/info\/wp-json\/wp\/v2\/posts"}],"about":[{"href":"https:\/\/patagoniambiental.com.ar\/info\/wp-json\/wp\/v2\/types\/post"}],"author":[{"embeddable":true,"href":"https:\/\/patagoniambiental.com.ar\/info\/wp-json\/wp\/v2\/users\/2"}],"replies":[{"embeddable":true,"href":"https:\/\/patagoniambiental.com.ar\/info\/wp-json\/wp\/v2\/comments?post=63551"}],"version-history":[{"count":0,"href":"https:\/\/patagoniambiental.com.ar\/info\/wp-json\/wp\/v2\/posts\/63551\/revisions"}],"wp:featuredmedia":[{"embeddable":true,"href":"https:\/\/patagoniambiental.com.ar\/info\/wp-json\/wp\/v2\/media\/63552"}],"wp:attachment":[{"href":"https:\/\/patagoniambiental.com.ar\/info\/wp-json\/wp\/v2\/media?parent=63551"}],"wp:term":[{"taxonomy":"category","embeddable":true,"href":"https:\/\/patagoniambiental.com.ar\/info\/wp-json\/wp\/v2\/categories?post=63551"},{"taxonomy":"post_tag","embeddable":true,"href":"https:\/\/patagoniambiental.com.ar\/info\/wp-json\/wp\/v2\/tags?post=63551"}],"curies":[{"name":"wp","href":"https:\/\/api.w.org\/{rel}","templated":true}]}}