{"id":6359,"date":"2014-12-15T22:00:43","date_gmt":"2014-12-16T01:00:43","guid":{"rendered":"http:\/\/patagoniambiental.com.ar\/?p=6359"},"modified":"2014-12-15T22:00:43","modified_gmt":"2014-12-16T01:00:43","slug":"aguas-rionegrinas-finalizo-plan-de-capacitacion-sobre-primeros-auxilios","status":"publish","type":"post","link":"https:\/\/patagoniambiental.com.ar\/info\/aguas-rionegrinas-finalizo-plan-de-capacitacion-sobre-primeros-auxilios\/","title":{"rendered":"Aguas Rionegrinas finaliz\u00f3 plan de capacitaci\u00f3n sobre primeros auxilios"},"content":{"rendered":"<p style=\"text-align: justify\">Viedma &#8211; Trabajadores de la empresa estatal Aguas Rionegrinas finalizaron un plan de capacitaci\u00f3n sobre primeros auxilios y uso de matafuegos en la ciudad de Viedma.<!--more--><\/p>\n<p style=\"text-align: justify\">\n<p style=\"text-align: justify\">La jornadas fueron coordinadas por el \u00e1rea de Seguridad e Higiene de Aguas Rionegrinas y la capacitaci\u00f3n fue desarrollada por el \u00e1rea de Capacitaci\u00f3n de la Direcci\u00f3n de Defensa Civil de R\u00edo Negro.<\/p>\n<p style=\"text-align: justify\">\n<p style=\"text-align: justify\">En esta \u00faltima etapa del encuentro se realizaron practicas sobre el tratamiento de heridas punzantes, cortes y traumatismos por golpes. All\u00ed, se abord\u00f3 sobre el accionar ante esta situaci\u00f3n, desarrollando que se debe hacer.<\/p>\n<p style=\"text-align: justify\">\n<p style=\"text-align: justify\">Por otra parte, en la planta transmisora de la Direcci\u00f3n de Defensa Civil, ubicada en el parque industrial de Viedma, se realiz\u00f3 la pr\u00e1ctica de extinci\u00f3n de incendios.<\/p>\n<p style=\"text-align: justify\">\n<p style=\"text-align: justify\">All\u00ed se generaron dos tipos de situaciones, en una primera instancia se provoc\u00f3 un incendio en una batea especial, para ser apagado por un extintor tipo ABC. El mismo es utilizado para extinguir fuego generado por la quema de papel, madera, pl\u00e1stico, etc.<\/p>\n<p style=\"text-align: justify\">Luego, se simul\u00f3 un incendio provocado por un inconveniente el\u00e9ctrico y se explic\u00f3 como tratarlo, utilizando un extintor halogenado.<\/p>\n<p style=\"text-align: justify\">\n<p style=\"text-align: justify\">Al respecto, el presidente de Aguas Rionegrinas, Roger Garc\u00eda, remarc\u00f3 que es de gran importancia generar estos espacios que brindan herramientas en relaci\u00f3n a la seguridad de los trabajadores y destac\u00f3 que \u201cla capacitaci\u00f3n es una herramienta que nos permite crecer y mejorar como empresa\u201d.<\/p>\n","protected":false},"excerpt":{"rendered":"<p>Viedma &#8211; Trabajadores de la empresa estatal Aguas Rionegrinas finalizaron un plan de capacitaci\u00f3n sobre primeros auxilios y uso de [&hellip;]<\/p>\n","protected":false},"author":2,"featured_media":6360,"comment_status":"closed","ping_status":"closed","sticky":false,"template":"","format":"standard","meta":{"site-sidebar-layout":"default","site-content-layout":"","ast-site-content-layout":"default","site-content-style":"default","site-sidebar-style":"default","ast-global-header-display":"","ast-banner-title-visibility":"","ast-main-header-display":"","ast-hfb-above-header-display":"","ast-hfb-below-header-display":"","ast-hfb-mobile-header-display":"","site-post-title":"","ast-breadcrumbs-content":"","ast-featured-img":"","footer-sml-layout":"","ast-disable-related-posts":"","theme-transparent-header-meta":"","adv-header-id-meta":"","stick-header-meta":"","header-above-stick-meta":"","header-main-stick-meta":"","header-below-stick-meta":"","astra-migrate-meta-layouts":"default","ast-page-background-enabled":"default","ast-page-background-meta":{"desktop":{"background-color":"var(--ast-global-color-5)","background-image":"","background-repeat":"repeat","background-position":"center center","background-size":"auto","background-attachment":"scroll","background-type":"","background-media":"","overlay-type":"","overlay-color":"","overlay-opacity":"","overlay-gradient":""},"tablet":{"background-color":"","background-image":"","background-repeat":"repeat","background-position":"center center","background-size":"auto","background-attachment":"scroll","background-type":"","background-media":"","overlay-type":"","overlay-color":"","overlay-opacity":"","overlay-gradient":""},"mobile":{"background-color":"","background-image":"","background-repeat":"repeat","background-position":"center center","background-size":"auto","background-attachment":"scroll","background-type":"","background-media":"","overlay-type":"","overlay-color":"","overlay-opacity":"","overlay-gradient":""}},"ast-content-background-meta":{"desktop":{"background-color":"var(--ast-global-color-4)","background-image":"","background-repeat":"repeat","background-position":"center center","background-size":"auto","background-attachment":"scroll","background-type":"","background-media":"","overlay-type":"","overlay-color":"","overlay-opacity":"","overlay-gradient":""},"tablet":{"background-color":"var(--ast-global-color-4)","background-image":"","background-repeat":"repeat","background-position":"center center","background-size":"auto","background-attachment":"scroll","background-type":"","background-media":"","overlay-type":"","overlay-color":"","overlay-opacity":"","overlay-gradient":""},"mobile":{"background-color":"var(--ast-global-color-4)","background-image":"","background-repeat":"repeat","background-position":"center center","background-size":"auto","background-attachment":"scroll","background-type":"","background-media":"","overlay-type":"","overlay-color":"","overlay-opacity":"","overlay-gradient":""}},"footnotes":""},"categories":[1,13,14],"tags":[372,1885,1886,1887],"class_list":["post-6359","post","type-post","status-publish","format-standard","has-post-thumbnail","hentry","category-noticias","category-provinciales","category-rio-negro","tag-capacitacion","tag-matafuegos","tag-primeros-auxilios","tag-seguridad"],"yoast_head":"<!-- This site is optimized with the Yoast SEO Premium plugin v23.0 (Yoast SEO v27.5) - https:\/\/yoast.com\/product\/yoast-seo-premium-wordpress\/ -->\n<title>Aguas Rionegrinas finaliz\u00f3 plan de capacitaci\u00f3n sobre primeros auxilios<\/title>\n<meta name=\"robots\" content=\"index, follow, max-snippet:-1, max-image-preview:large, max-video-preview:-1\" \/>\n<link rel=\"canonical\" href=\"https:\/\/patagoniambiental.com.ar\/info\/aguas-rionegrinas-finalizo-plan-de-capacitacion-sobre-primeros-auxilios\/\" \/>\n<meta property=\"og:locale\" content=\"es_ES\" \/>\n<meta property=\"og:type\" content=\"article\" \/>\n<meta property=\"og:title\" content=\"Aguas Rionegrinas finaliz\u00f3 plan de capacitaci\u00f3n sobre primeros auxilios\" \/>\n<meta property=\"og:description\" content=\"Viedma &#8211; Trabajadores de la empresa estatal Aguas Rionegrinas finalizaron un plan de capacitaci\u00f3n sobre primeros auxilios y uso de [&hellip;]\" \/>\n<meta property=\"og:url\" content=\"https:\/\/patagoniambiental.com.ar\/info\/aguas-rionegrinas-finalizo-plan-de-capacitacion-sobre-primeros-auxilios\/\" \/>\n<meta property=\"og:site_name\" content=\"Patagonia Ambiental\" \/>\n<meta property=\"article:publisher\" content=\"https:\/\/www.facebook.com\/patagonia.ambiental\" \/>\n<meta property=\"article:author\" content=\"https:\/\/www.facebook.com\/share\/1C1V8Gv9BX\/?mibextid=qi2Omg\" \/>\n<meta property=\"article:published_time\" content=\"2014-12-16T01:00:43+00:00\" \/>\n<meta name=\"author\" content=\"Patagonia Ambiental\" \/>\n<meta name=\"twitter:card\" content=\"summary_large_image\" \/>\n<meta name=\"twitter:creator\" content=\"@PatAmb\" \/>\n<meta name=\"twitter:site\" content=\"@PatAmb\" \/>\n<script type=\"application\/ld+json\" class=\"yoast-schema-graph\">{\"@context\":\"https:\\\/\\\/schema.org\",\"@graph\":[{\"@type\":\"Article\",\"@id\":\"https:\\\/\\\/patagoniambiental.com.ar\\\/info\\\/aguas-rionegrinas-finalizo-plan-de-capacitacion-sobre-primeros-auxilios\\\/#article\",\"isPartOf\":{\"@id\":\"https:\\\/\\\/patagoniambiental.com.ar\\\/info\\\/aguas-rionegrinas-finalizo-plan-de-capacitacion-sobre-primeros-auxilios\\\/\"},\"author\":{\"name\":\"Patagonia Ambiental\",\"@id\":\"https:\\\/\\\/patagoniambiental.com.ar\\\/info\\\/#\\\/schema\\\/person\\\/db12bff64bbcbf6a253710bf0ea37b5d\"},\"headline\":\"Aguas Rionegrinas finaliz\u00f3 plan de capacitaci\u00f3n sobre primeros auxilios\",\"datePublished\":\"2014-12-16T01:00:43+00:00\",\"mainEntityOfPage\":{\"@id\":\"https:\\\/\\\/patagoniambiental.com.ar\\\/info\\\/aguas-rionegrinas-finalizo-plan-de-capacitacion-sobre-primeros-auxilios\\\/\"},\"wordCount\":252,\"publisher\":{\"@id\":\"https:\\\/\\\/patagoniambiental.com.ar\\\/info\\\/#organization\"},\"image\":{\"@id\":\"https:\\\/\\\/patagoniambiental.com.ar\\\/info\\\/aguas-rionegrinas-finalizo-plan-de-capacitacion-sobre-primeros-auxilios\\\/#primaryimage\"},\"thumbnailUrl\":\"\",\"keywords\":[\"Capacitaci\u00f3n\",\"matafuegos\",\"primeros auxilios\",\"seguridad\"],\"articleSection\":[\"Noticias\",\"Provinciales\",\"R\u00edo Negro\"],\"inLanguage\":\"es\"},{\"@type\":\"WebPage\",\"@id\":\"https:\\\/\\\/patagoniambiental.com.ar\\\/info\\\/aguas-rionegrinas-finalizo-plan-de-capacitacion-sobre-primeros-auxilios\\\/\",\"url\":\"https:\\\/\\\/patagoniambiental.com.ar\\\/info\\\/aguas-rionegrinas-finalizo-plan-de-capacitacion-sobre-primeros-auxilios\\\/\",\"name\":\"Aguas Rionegrinas finaliz\u00f3 plan de capacitaci\u00f3n sobre primeros auxilios\",\"isPartOf\":{\"@id\":\"https:\\\/\\\/patagoniambiental.com.ar\\\/info\\\/#website\"},\"primaryImageOfPage\":{\"@id\":\"https:\\\/\\\/patagoniambiental.com.ar\\\/info\\\/aguas-rionegrinas-finalizo-plan-de-capacitacion-sobre-primeros-auxilios\\\/#primaryimage\"},\"image\":{\"@id\":\"https:\\\/\\\/patagoniambiental.com.ar\\\/info\\\/aguas-rionegrinas-finalizo-plan-de-capacitacion-sobre-primeros-auxilios\\\/#primaryimage\"},\"thumbnailUrl\":\"\",\"datePublished\":\"2014-12-16T01:00:43+00:00\",\"breadcrumb\":{\"@id\":\"https:\\\/\\\/patagoniambiental.com.ar\\\/info\\\/aguas-rionegrinas-finalizo-plan-de-capacitacion-sobre-primeros-auxilios\\\/#breadcrumb\"},\"inLanguage\":\"es\",\"potentialAction\":[{\"@type\":\"ReadAction\",\"target\":[\"https:\\\/\\\/patagoniambiental.com.ar\\\/info\\\/aguas-rionegrinas-finalizo-plan-de-capacitacion-sobre-primeros-auxilios\\\/\"]}]},{\"@type\":\"ImageObject\",\"inLanguage\":\"es\",\"@id\":\"https:\\\/\\\/patagoniambiental.com.ar\\\/info\\\/aguas-rionegrinas-finalizo-plan-de-capacitacion-sobre-primeros-auxilios\\\/#primaryimage\",\"url\":\"\",\"contentUrl\":\"\"},{\"@type\":\"BreadcrumbList\",\"@id\":\"https:\\\/\\\/patagoniambiental.com.ar\\\/info\\\/aguas-rionegrinas-finalizo-plan-de-capacitacion-sobre-primeros-auxilios\\\/#breadcrumb\",\"itemListElement\":[{\"@type\":\"ListItem\",\"position\":1,\"name\":\"Inicio\",\"item\":\"https:\\\/\\\/patagoniambiental.com.ar\\\/info\\\/\"},{\"@type\":\"ListItem\",\"position\":2,\"name\":\"Aguas Rionegrinas finaliz\u00f3 plan de capacitaci\u00f3n sobre primeros auxilios\"}]},{\"@type\":\"WebSite\",\"@id\":\"https:\\\/\\\/patagoniambiental.com.ar\\\/info\\\/#website\",\"url\":\"https:\\\/\\\/patagoniambiental.com.ar\\\/info\\\/\",\"name\":\"Patagonia Ambiental\",\"description\":\"Monitoreo y an\u00e1lisis de la situaci\u00f3n geopol\u00edtica en el mundo y su implicancia en la Patagonia\",\"publisher\":{\"@id\":\"https:\\\/\\\/patagoniambiental.com.ar\\\/info\\\/#organization\"},\"potentialAction\":[{\"@type\":\"SearchAction\",\"target\":{\"@type\":\"EntryPoint\",\"urlTemplate\":\"https:\\\/\\\/patagoniambiental.com.ar\\\/info\\\/?s={search_term_string}\"},\"query-input\":{\"@type\":\"PropertyValueSpecification\",\"valueRequired\":true,\"valueName\":\"search_term_string\"}}],\"inLanguage\":\"es\"},{\"@type\":\"Organization\",\"@id\":\"https:\\\/\\\/patagoniambiental.com.ar\\\/info\\\/#organization\",\"name\":\"Patagonia Ambiental\",\"url\":\"https:\\\/\\\/patagoniambiental.com.ar\\\/info\\\/\",\"logo\":{\"@type\":\"ImageObject\",\"inLanguage\":\"es\",\"@id\":\"https:\\\/\\\/patagoniambiental.com.ar\\\/info\\\/#\\\/schema\\\/logo\\\/image\\\/\",\"url\":\"https:\\\/\\\/patagoniambiental.com.ar\\\/info\\\/wp-content\\\/uploads\\\/2025\\\/05\\\/LOGO-PATAGONIA-AMBIENTAL.png\",\"contentUrl\":\"https:\\\/\\\/patagoniambiental.com.ar\\\/info\\\/wp-content\\\/uploads\\\/2025\\\/05\\\/LOGO-PATAGONIA-AMBIENTAL.png\",\"width\":433,\"height\":250,\"caption\":\"Patagonia Ambiental\"},\"image\":{\"@id\":\"https:\\\/\\\/patagoniambiental.com.ar\\\/info\\\/#\\\/schema\\\/logo\\\/image\\\/\"},\"sameAs\":[\"https:\\\/\\\/www.facebook.com\\\/patagonia.ambiental\",\"https:\\\/\\\/x.com\\\/PatAmb\"]},{\"@type\":\"Person\",\"@id\":\"https:\\\/\\\/patagoniambiental.com.ar\\\/info\\\/#\\\/schema\\\/person\\\/db12bff64bbcbf6a253710bf0ea37b5d\",\"name\":\"Patagonia Ambiental\",\"description\":\"Andr\u00e9s Nievas T\u00e9cnico en manejo ambiental, consultor Ambiental y escritor para medios locales e internacionales sobre temas de geopolitica y medio ambiente.\",\"sameAs\":[\"http:\\\/\\\/www.patagoniambiental.com.ar\",\"https:\\\/\\\/www.facebook.com\\\/share\\\/1C1V8Gv9BX\\\/?mibextid=qi2Omg\",\"@patagoniambiental\",\"https:\\\/\\\/youtube.com\\\/@patagoniaambiental2023?si=BLt58t0wuXquxlYZ\"]}]}<\/script>\n<!-- \/ Yoast SEO Premium plugin. -->","yoast_head_json":{"title":"Aguas Rionegrinas finaliz\u00f3 plan de capacitaci\u00f3n sobre primeros auxilios","robots":{"index":"index","follow":"follow","max-snippet":"max-snippet:-1","max-image-preview":"max-image-preview:large","max-video-preview":"max-video-preview:-1"},"canonical":"https:\/\/patagoniambiental.com.ar\/info\/aguas-rionegrinas-finalizo-plan-de-capacitacion-sobre-primeros-auxilios\/","og_locale":"es_ES","og_type":"article","og_title":"Aguas Rionegrinas finaliz\u00f3 plan de capacitaci\u00f3n sobre primeros auxilios","og_description":"Viedma &#8211; Trabajadores de la empresa estatal Aguas Rionegrinas finalizaron un plan de capacitaci\u00f3n sobre primeros auxilios y uso de [&hellip;]","og_url":"https:\/\/patagoniambiental.com.ar\/info\/aguas-rionegrinas-finalizo-plan-de-capacitacion-sobre-primeros-auxilios\/","og_site_name":"Patagonia Ambiental","article_publisher":"https:\/\/www.facebook.com\/patagonia.ambiental","article_author":"https:\/\/www.facebook.com\/share\/1C1V8Gv9BX\/?mibextid=qi2Omg","article_published_time":"2014-12-16T01:00:43+00:00","author":"Patagonia Ambiental","twitter_card":"summary_large_image","twitter_creator":"@PatAmb","twitter_site":"@PatAmb","schema":{"@context":"https:\/\/schema.org","@graph":[{"@type":"Article","@id":"https:\/\/patagoniambiental.com.ar\/info\/aguas-rionegrinas-finalizo-plan-de-capacitacion-sobre-primeros-auxilios\/#article","isPartOf":{"@id":"https:\/\/patagoniambiental.com.ar\/info\/aguas-rionegrinas-finalizo-plan-de-capacitacion-sobre-primeros-auxilios\/"},"author":{"name":"Patagonia Ambiental","@id":"https:\/\/patagoniambiental.com.ar\/info\/#\/schema\/person\/db12bff64bbcbf6a253710bf0ea37b5d"},"headline":"Aguas Rionegrinas finaliz\u00f3 plan de capacitaci\u00f3n sobre primeros auxilios","datePublished":"2014-12-16T01:00:43+00:00","mainEntityOfPage":{"@id":"https:\/\/patagoniambiental.com.ar\/info\/aguas-rionegrinas-finalizo-plan-de-capacitacion-sobre-primeros-auxilios\/"},"wordCount":252,"publisher":{"@id":"https:\/\/patagoniambiental.com.ar\/info\/#organization"},"image":{"@id":"https:\/\/patagoniambiental.com.ar\/info\/aguas-rionegrinas-finalizo-plan-de-capacitacion-sobre-primeros-auxilios\/#primaryimage"},"thumbnailUrl":"","keywords":["Capacitaci\u00f3n","matafuegos","primeros auxilios","seguridad"],"articleSection":["Noticias","Provinciales","R\u00edo Negro"],"inLanguage":"es"},{"@type":"WebPage","@id":"https:\/\/patagoniambiental.com.ar\/info\/aguas-rionegrinas-finalizo-plan-de-capacitacion-sobre-primeros-auxilios\/","url":"https:\/\/patagoniambiental.com.ar\/info\/aguas-rionegrinas-finalizo-plan-de-capacitacion-sobre-primeros-auxilios\/","name":"Aguas Rionegrinas finaliz\u00f3 plan de capacitaci\u00f3n sobre primeros auxilios","isPartOf":{"@id":"https:\/\/patagoniambiental.com.ar\/info\/#website"},"primaryImageOfPage":{"@id":"https:\/\/patagoniambiental.com.ar\/info\/aguas-rionegrinas-finalizo-plan-de-capacitacion-sobre-primeros-auxilios\/#primaryimage"},"image":{"@id":"https:\/\/patagoniambiental.com.ar\/info\/aguas-rionegrinas-finalizo-plan-de-capacitacion-sobre-primeros-auxilios\/#primaryimage"},"thumbnailUrl":"","datePublished":"2014-12-16T01:00:43+00:00","breadcrumb":{"@id":"https:\/\/patagoniambiental.com.ar\/info\/aguas-rionegrinas-finalizo-plan-de-capacitacion-sobre-primeros-auxilios\/#breadcrumb"},"inLanguage":"es","potentialAction":[{"@type":"ReadAction","target":["https:\/\/patagoniambiental.com.ar\/info\/aguas-rionegrinas-finalizo-plan-de-capacitacion-sobre-primeros-auxilios\/"]}]},{"@type":"ImageObject","inLanguage":"es","@id":"https:\/\/patagoniambiental.com.ar\/info\/aguas-rionegrinas-finalizo-plan-de-capacitacion-sobre-primeros-auxilios\/#primaryimage","url":"","contentUrl":""},{"@type":"BreadcrumbList","@id":"https:\/\/patagoniambiental.com.ar\/info\/aguas-rionegrinas-finalizo-plan-de-capacitacion-sobre-primeros-auxilios\/#breadcrumb","itemListElement":[{"@type":"ListItem","position":1,"name":"Inicio","item":"https:\/\/patagoniambiental.com.ar\/info\/"},{"@type":"ListItem","position":2,"name":"Aguas Rionegrinas finaliz\u00f3 plan de capacitaci\u00f3n sobre primeros auxilios"}]},{"@type":"WebSite","@id":"https:\/\/patagoniambiental.com.ar\/info\/#website","url":"https:\/\/patagoniambiental.com.ar\/info\/","name":"Patagonia Ambiental","description":"Monitoreo y an\u00e1lisis de la situaci\u00f3n geopol\u00edtica en el mundo y su implicancia en la Patagonia","publisher":{"@id":"https:\/\/patagoniambiental.com.ar\/info\/#organization"},"potentialAction":[{"@type":"SearchAction","target":{"@type":"EntryPoint","urlTemplate":"https:\/\/patagoniambiental.com.ar\/info\/?s={search_term_string}"},"query-input":{"@type":"PropertyValueSpecification","valueRequired":true,"valueName":"search_term_string"}}],"inLanguage":"es"},{"@type":"Organization","@id":"https:\/\/patagoniambiental.com.ar\/info\/#organization","name":"Patagonia Ambiental","url":"https:\/\/patagoniambiental.com.ar\/info\/","logo":{"@type":"ImageObject","inLanguage":"es","@id":"https:\/\/patagoniambiental.com.ar\/info\/#\/schema\/logo\/image\/","url":"https:\/\/patagoniambiental.com.ar\/info\/wp-content\/uploads\/2025\/05\/LOGO-PATAGONIA-AMBIENTAL.png","contentUrl":"https:\/\/patagoniambiental.com.ar\/info\/wp-content\/uploads\/2025\/05\/LOGO-PATAGONIA-AMBIENTAL.png","width":433,"height":250,"caption":"Patagonia Ambiental"},"image":{"@id":"https:\/\/patagoniambiental.com.ar\/info\/#\/schema\/logo\/image\/"},"sameAs":["https:\/\/www.facebook.com\/patagonia.ambiental","https:\/\/x.com\/PatAmb"]},{"@type":"Person","@id":"https:\/\/patagoniambiental.com.ar\/info\/#\/schema\/person\/db12bff64bbcbf6a253710bf0ea37b5d","name":"Patagonia Ambiental","description":"Andr\u00e9s Nievas T\u00e9cnico en manejo ambiental, consultor Ambiental y escritor para medios locales e internacionales sobre temas de geopolitica y medio ambiente.","sameAs":["http:\/\/www.patagoniambiental.com.ar","https:\/\/www.facebook.com\/share\/1C1V8Gv9BX\/?mibextid=qi2Omg","@patagoniambiental","https:\/\/youtube.com\/@patagoniaambiental2023?si=BLt58t0wuXquxlYZ"]}]}},"_links":{"self":[{"href":"https:\/\/patagoniambiental.com.ar\/info\/wp-json\/wp\/v2\/posts\/6359","targetHints":{"allow":["GET"]}}],"collection":[{"href":"https:\/\/patagoniambiental.com.ar\/info\/wp-json\/wp\/v2\/posts"}],"about":[{"href":"https:\/\/patagoniambiental.com.ar\/info\/wp-json\/wp\/v2\/types\/post"}],"author":[{"embeddable":true,"href":"https:\/\/patagoniambiental.com.ar\/info\/wp-json\/wp\/v2\/users\/2"}],"replies":[{"embeddable":true,"href":"https:\/\/patagoniambiental.com.ar\/info\/wp-json\/wp\/v2\/comments?post=6359"}],"version-history":[{"count":0,"href":"https:\/\/patagoniambiental.com.ar\/info\/wp-json\/wp\/v2\/posts\/6359\/revisions"}],"wp:featuredmedia":[{"embeddable":true,"href":"https:\/\/patagoniambiental.com.ar\/info\/wp-json\/"}],"wp:attachment":[{"href":"https:\/\/patagoniambiental.com.ar\/info\/wp-json\/wp\/v2\/media?parent=6359"}],"wp:term":[{"taxonomy":"category","embeddable":true,"href":"https:\/\/patagoniambiental.com.ar\/info\/wp-json\/wp\/v2\/categories?post=6359"},{"taxonomy":"post_tag","embeddable":true,"href":"https:\/\/patagoniambiental.com.ar\/info\/wp-json\/wp\/v2\/tags?post=6359"}],"curies":[{"name":"wp","href":"https:\/\/api.w.org\/{rel}","templated":true}]}}