{"id":63598,"date":"2019-10-15T19:00:50","date_gmt":"2019-10-15T22:00:50","guid":{"rendered":"http:\/\/patagoniambiental.com.ar\/info\/?p=63598"},"modified":"2019-10-15T09:41:22","modified_gmt":"2019-10-15T12:41:22","slug":"participacion-de-la-confederacion-mapuche-de-neuquen-iii-congreso-de-areas-protegidas-de-latinoamerica-y-el-caribe-maloca-pabellon-indigena","status":"publish","type":"post","link":"https:\/\/patagoniambiental.com.ar\/info\/participacion-de-la-confederacion-mapuche-de-neuquen-iii-congreso-de-areas-protegidas-de-latinoamerica-y-el-caribe-maloca-pabellon-indigena\/","title":{"rendered":"Participaci\u00f3n de la Confederaci\u00f3n Mapuche de Neuqu\u00e9n III Congreso de \u00c1reas Protegidas de Latinoam\u00e9rica y el Caribe &#8211; Maloca-Pabell\u00f3n Ind\u00edgena"},"content":{"rendered":"<div class=\"_1dwg _1w_m _q7o\">\n<div id=\"js_hc\" class=\"_5pbx userContent _3576\" data-testid=\"post_message\" data-ft=\"{&quot;tn&quot;:&quot;K&quot;}\">\n<div id=\"id_5da5bdb811b448405498432\" class=\"text_exposed_root text_exposed\">\n<p>Lima, Per\u00fa,14 al 17 de Octubre 2019.-Del 14 al 17 de octubre de 2019, Lima &#8211; Per\u00fa ser\u00e1 sede de la tercera edici\u00f3n del Congreso de \u00c1reas Protegidas de Latinoam\u00e9rica y el Caribe -III CAPLAC- bajo el lema Soluciones para el bienestar y el desarrollo sostenible.<\/p>\n<div class=\"text_exposed_show\">\n<p><!--more--><\/p>\n<p>El Congreso se propone que autoridades gubernamentales, organismos multilaterales, l\u00edderes de comunidades locales, tradicionales y de pueblos ind\u00edgenas, as\u00ed como el sector privado, planteen posiciones que ser\u00e1n trasladados ante el Convenio sobre la Diversidad Biol\u00f3gica, que revisar\u00e1 las Metas de Aichi en 2020.<\/p>\n<p>Objetivos del Congreso: i) Promover la mejor gesti\u00f3n de las \u00e1reas protegidas al servicio de la sociedad.<br \/>\nii) Evaluar y fortalecer la contribuci\u00f3n de las \u00e1reas protegidas a los compromisos internacionales de conservaci\u00f3n de la naturaleza para el bienestar y el desarrollo sostenible.<br \/>\niii) Fortalecer y renovar la gesti\u00f3n de las \u00e1reas protegidas frente a las necesidades actuales y futuras.<\/p>\n<p>LA MALOCA IND\u00cdGENA: las organizaciones ind\u00edgenas de Per\u00fa han creado un espacio para presentar las experiencias y propuestas, respecto a la gesti\u00f3n de los territorios ind\u00edgenas, uso, manejo y conservaci\u00f3n de los recursos naturales, uso de los ecosistemas, conocimientos ind\u00edgenas y \u00e1reas protegidas. Permita dialogar entre pueblos ind\u00edgenas, dependencias gubernamentales y organismos internacionales.<\/p>\n<p>M\u00e1s Informaci\u00f3n:\u00a0<a href=\"https:\/\/www.areasprotegidas-latinoamerica.org\/?fbclid=IwAR123QgNJoGgSbZsfjv6OL52f-S2BQuLFw6aR3sZYjuyRmrObnbrdafrze4\" target=\"_blank\" rel=\"noopener nofollow\" data-ft=\"{&quot;tn&quot;:&quot;-U&quot;}\" data-lynx-mode=\"async\" data-lynx-uri=\"https:\/\/l.facebook.com\/l.php?u=https%3A%2F%2Fwww.areasprotegidas-latinoamerica.org%2F%3Ffbclid%3DIwAR123QgNJoGgSbZsfjv6OL52f-S2BQuLFw6aR3sZYjuyRmrObnbrdafrze4&amp;h=AT1BgiRJFsy85otaFYHcBN33tI6GyTTxRzcEJvaJXl3c82gUySSPnHO-cNjyqU0thu8WhDeK10_wjxOE_nINKY1EqdWDEObm4aPMTRcFma-mUY33st-SFFyLBghNw8DH2lUAWSIcUn1wjDycj6xzGoHC_k9ouJ35zN98zEIaVc4on7rufnEv_DSrvDVkPlz3rHVJyVKbgpevdylFiMvL-D8BQudGSjz3xVPcuTlAfDjVWyebp8q8i3V-p45mTVqEsiZzcDBXqhMV6a0rc0ul-HRGEy6NtAUT8Iox3MXMUAqPCn26kyKS5BYHHBW9V85KoHtmwimpJu3jbxK8jGnButtk7yGqucstZOEh6_yPaOl338v7n_MX5uwMk6XwVkIhGtNvqUdJ2JWrX0SKMFFIz06b2cxjvybT7EK_sNNAy39b6RIw0GU00TLQMegIMlXryscePPCZfbLaJ5eO5x7VupuOSBRabF-rpCKXanPJODhgXqiKQzhbT4_GNusnN8jSbjjNZ1hruSJDIHXNwgsPNQHE2AFzFOzqvzsvOtyQERQlPsWT5nGhuqZLM8XzRloXwvw5lOX55c0di9QRcCTzWTTqNZm_f5L1eS6xauTH42je_nJM_XtIBUJsTV0c4XZ2V8Pr\">https:\/\/www.areasprotegidas-latinoamerica.org\/<\/a><\/p>\n<\/div>\n<\/div>\n<\/div>\n<div class=\"_3x-2\" data-ft=\"{&quot;tn&quot;:&quot;H&quot;}\">\n<div data-ft=\"{&quot;tn&quot;:&quot;H&quot;}\">\n<div class=\"mtm\">\n<div>\n<div class=\"_5cq3 _1ktf\" data-ft=\"{&quot;tn&quot;:&quot;E&quot;}\">\n<div id=\"u_1w_k\" class=\"uiScaledImageContainer _4-ep\"><img fetchpriority=\"high\" decoding=\"async\" class=\"scaledImageFitWidth img\" src=\"https:\/\/scontent.faep16-1.fna.fbcdn.net\/v\/t1.0-0\/p235x350\/71826146_2500343056713090_8325058392578064384_n.jpg?_nc_cat=107&amp;_nc_oc=AQmUbOH3g2sKb4Olt1KHWPMjwL3QNzCo6wJg_8Jq8T99vjvGS5nro6QSO_tlj19XJRY&amp;_nc_pt=1&amp;_nc_ht=scontent.faep16-1.fna&amp;oh=80eb030fa9958626e86f6d24058b44ec&amp;oe=5E608E4B\" alt=\"La imagen puede contener: planta, \u00e1rbol, exterior y naturaleza\" width=\"500\" height=\"334\" data-src=\"https:\/\/scontent.faep16-1.fna.fbcdn.net\/v\/t1.0-0\/p235x350\/71826146_2500343056713090_8325058392578064384_n.jpg?_nc_cat=107&amp;_nc_oc=AQmUbOH3g2sKb4Olt1KHWPMjwL3QNzCo6wJg_8Jq8T99vjvGS5nro6QSO_tlj19XJRY&amp;_nc_pt=1&amp;_nc_ht=scontent.faep16-1.fna&amp;oh=80eb030fa9958626e86f6d24058b44ec&amp;oe=5E608E4B\" \/><\/div>\n<\/div>\n<\/div>\n<\/div>\n<\/div>\n<\/div>\n<div><\/div>\n<\/div>\n<p>Fuente: Confederaci\u00f3n mapuche de Neuqu\u00e9n<\/p>\n<div>\n<form id=\"u_1w_n\" class=\"commentable_item\" action=\"https:\/\/www.facebook.com\/ajax\/ufi\/modify.php\" method=\"post\" data-ft=\"{&quot;tn&quot;:&quot;]&quot;}\">\n<div class=\"_4299\">\n<div class=\"_5vsi\"><\/div>\n<div class=\"_78bu\">\n<div class=\"_68wo\" data-testid=\"fbFeedStoryUFI\/feedbackSummary\">\n<div class=\"_3vum\">\n<div class=\"_66lg\"><\/div>\n<\/div>\n<\/div>\n<\/div>\n<\/div>\n<\/form>\n<\/div>\n","protected":false},"excerpt":{"rendered":"<p>Lima, Per\u00fa,14 al 17 de Octubre 2019.-Del 14 al 17 de octubre de 2019, Lima &#8211; Per\u00fa ser\u00e1 sede de [&hellip;]<\/p>\n","protected":false},"author":2,"featured_media":63599,"comment_status":"open","ping_status":"open","sticky":false,"template":"","format":"standard","meta":{"site-sidebar-layout":"default","site-content-layout":"","ast-site-content-layout":"default","site-content-style":"default","site-sidebar-style":"default","ast-global-header-display":"","ast-banner-title-visibility":"","ast-main-header-display":"","ast-hfb-above-header-display":"","ast-hfb-below-header-display":"","ast-hfb-mobile-header-display":"","site-post-title":"","ast-breadcrumbs-content":"","ast-featured-img":"","footer-sml-layout":"","ast-disable-related-posts":"","theme-transparent-header-meta":"","adv-header-id-meta":"","stick-header-meta":"","header-above-stick-meta":"","header-main-stick-meta":"","header-below-stick-meta":"","astra-migrate-meta-layouts":"default","ast-page-background-enabled":"default","ast-page-background-meta":{"desktop":{"background-color":"var(--ast-global-color-5)","background-image":"","background-repeat":"repeat","background-position":"center center","background-size":"auto","background-attachment":"scroll","background-type":"","background-media":"","overlay-type":"","overlay-color":"","overlay-opacity":"","overlay-gradient":""},"tablet":{"background-color":"","background-image":"","background-repeat":"repeat","background-position":"center center","background-size":"auto","background-attachment":"scroll","background-type":"","background-media":"","overlay-type":"","overlay-color":"","overlay-opacity":"","overlay-gradient":""},"mobile":{"background-color":"","background-image":"","background-repeat":"repeat","background-position":"center center","background-size":"auto","background-attachment":"scroll","background-type":"","background-media":"","overlay-type":"","overlay-color":"","overlay-opacity":"","overlay-gradient":""}},"ast-content-background-meta":{"desktop":{"background-color":"var(--ast-global-color-4)","background-image":"","background-repeat":"repeat","background-position":"center center","background-size":"auto","background-attachment":"scroll","background-type":"","background-media":"","overlay-type":"","overlay-color":"","overlay-opacity":"","overlay-gradient":""},"tablet":{"background-color":"var(--ast-global-color-4)","background-image":"","background-repeat":"repeat","background-position":"center center","background-size":"auto","background-attachment":"scroll","background-type":"","background-media":"","overlay-type":"","overlay-color":"","overlay-opacity":"","overlay-gradient":""},"mobile":{"background-color":"var(--ast-global-color-4)","background-image":"","background-repeat":"repeat","background-position":"center center","background-size":"auto","background-attachment":"scroll","background-type":"","background-media":"","overlay-type":"","overlay-color":"","overlay-opacity":"","overlay-gradient":""}},"footnotes":""},"categories":[12,11,1,10],"tags":[],"class_list":["post-63598","post","type-post","status-publish","format-standard","has-post-thumbnail","hentry","category-agenda-ambiental","category-boletin","category-noticias","category-rotador"],"yoast_head":"<!-- This site is optimized with the Yoast SEO Premium plugin v23.0 (Yoast SEO v27.5) - https:\/\/yoast.com\/product\/yoast-seo-premium-wordpress\/ -->\n<title>Participaci\u00f3n de la Confederaci\u00f3n Mapuche de Neuqu\u00e9n III Congreso de \u00c1reas Protegidas de Latinoam\u00e9rica y el Caribe - Maloca-Pabell\u00f3n Ind\u00edgena<\/title>\n<meta name=\"robots\" content=\"index, follow, max-snippet:-1, max-image-preview:large, max-video-preview:-1\" \/>\n<link rel=\"canonical\" href=\"https:\/\/patagoniambiental.com.ar\/info\/participacion-de-la-confederacion-mapuche-de-neuquen-iii-congreso-de-areas-protegidas-de-latinoamerica-y-el-caribe-maloca-pabellon-indigena\/\" \/>\n<meta property=\"og:locale\" content=\"es_ES\" \/>\n<meta property=\"og:type\" content=\"article\" \/>\n<meta property=\"og:title\" content=\"Participaci\u00f3n de la Confederaci\u00f3n Mapuche de Neuqu\u00e9n III Congreso de \u00c1reas Protegidas de Latinoam\u00e9rica y el Caribe - Maloca-Pabell\u00f3n Ind\u00edgena\" \/>\n<meta property=\"og:description\" content=\"Lima, Per\u00fa,14 al 17 de Octubre 2019.-Del 14 al 17 de octubre de 2019, Lima &#8211; Per\u00fa ser\u00e1 sede de [&hellip;]\" \/>\n<meta property=\"og:url\" content=\"https:\/\/patagoniambiental.com.ar\/info\/participacion-de-la-confederacion-mapuche-de-neuquen-iii-congreso-de-areas-protegidas-de-latinoamerica-y-el-caribe-maloca-pabellon-indigena\/\" \/>\n<meta property=\"og:site_name\" content=\"Patagonia Ambiental\" \/>\n<meta property=\"article:publisher\" content=\"https:\/\/www.facebook.com\/patagonia.ambiental\" \/>\n<meta property=\"article:author\" content=\"https:\/\/www.facebook.com\/share\/1C1V8Gv9BX\/?mibextid=qi2Omg\" \/>\n<meta property=\"article:published_time\" content=\"2019-10-15T22:00:50+00:00\" \/>\n<meta property=\"og:image\" content=\"https:\/\/patagoniambiental.com.ar\/info\/wp-content\/uploads\/2019\/10\/71826146_2500343056713090_8325058392578064384_n.jpg\" \/>\n\t<meta property=\"og:image:width\" content=\"525\" \/>\n\t<meta property=\"og:image:height\" content=\"350\" \/>\n\t<meta property=\"og:image:type\" content=\"image\/jpeg\" \/>\n<meta name=\"author\" content=\"Patagonia Ambiental\" \/>\n<meta name=\"twitter:card\" content=\"summary_large_image\" \/>\n<meta name=\"twitter:creator\" content=\"@PatAmb\" \/>\n<meta name=\"twitter:site\" content=\"@PatAmb\" \/>\n<script type=\"application\/ld+json\" class=\"yoast-schema-graph\">{\"@context\":\"https:\\\/\\\/schema.org\",\"@graph\":[{\"@type\":\"Article\",\"@id\":\"https:\\\/\\\/patagoniambiental.com.ar\\\/info\\\/participacion-de-la-confederacion-mapuche-de-neuquen-iii-congreso-de-areas-protegidas-de-latinoamerica-y-el-caribe-maloca-pabellon-indigena\\\/#article\",\"isPartOf\":{\"@id\":\"https:\\\/\\\/patagoniambiental.com.ar\\\/info\\\/participacion-de-la-confederacion-mapuche-de-neuquen-iii-congreso-de-areas-protegidas-de-latinoamerica-y-el-caribe-maloca-pabellon-indigena\\\/\"},\"author\":{\"name\":\"Patagonia Ambiental\",\"@id\":\"https:\\\/\\\/patagoniambiental.com.ar\\\/info\\\/#\\\/schema\\\/person\\\/db12bff64bbcbf6a253710bf0ea37b5d\"},\"headline\":\"Participaci\u00f3n de la Confederaci\u00f3n Mapuche de Neuqu\u00e9n III Congreso de \u00c1reas Protegidas de Latinoam\u00e9rica y el Caribe &#8211; Maloca-Pabell\u00f3n Ind\u00edgena\",\"datePublished\":\"2019-10-15T22:00:50+00:00\",\"mainEntityOfPage\":{\"@id\":\"https:\\\/\\\/patagoniambiental.com.ar\\\/info\\\/participacion-de-la-confederacion-mapuche-de-neuquen-iii-congreso-de-areas-protegidas-de-latinoamerica-y-el-caribe-maloca-pabellon-indigena\\\/\"},\"wordCount\":255,\"commentCount\":0,\"publisher\":{\"@id\":\"https:\\\/\\\/patagoniambiental.com.ar\\\/info\\\/#organization\"},\"image\":{\"@id\":\"https:\\\/\\\/patagoniambiental.com.ar\\\/info\\\/participacion-de-la-confederacion-mapuche-de-neuquen-iii-congreso-de-areas-protegidas-de-latinoamerica-y-el-caribe-maloca-pabellon-indigena\\\/#primaryimage\"},\"thumbnailUrl\":\"https:\\\/\\\/patagoniambiental.com.ar\\\/info\\\/wp-content\\\/uploads\\\/2019\\\/10\\\/71826146_2500343056713090_8325058392578064384_n.jpg\",\"articleSection\":[\"Agenda Ambiental\",\"Bolet\u00edn\",\"Noticias\",\"Rotador\"],\"inLanguage\":\"es\",\"potentialAction\":[{\"@type\":\"CommentAction\",\"name\":\"Comment\",\"target\":[\"https:\\\/\\\/patagoniambiental.com.ar\\\/info\\\/participacion-de-la-confederacion-mapuche-de-neuquen-iii-congreso-de-areas-protegidas-de-latinoamerica-y-el-caribe-maloca-pabellon-indigena\\\/#respond\"]}]},{\"@type\":\"WebPage\",\"@id\":\"https:\\\/\\\/patagoniambiental.com.ar\\\/info\\\/participacion-de-la-confederacion-mapuche-de-neuquen-iii-congreso-de-areas-protegidas-de-latinoamerica-y-el-caribe-maloca-pabellon-indigena\\\/\",\"url\":\"https:\\\/\\\/patagoniambiental.com.ar\\\/info\\\/participacion-de-la-confederacion-mapuche-de-neuquen-iii-congreso-de-areas-protegidas-de-latinoamerica-y-el-caribe-maloca-pabellon-indigena\\\/\",\"name\":\"Participaci\u00f3n de la Confederaci\u00f3n Mapuche de Neuqu\u00e9n III Congreso de \u00c1reas Protegidas de Latinoam\u00e9rica y el Caribe - Maloca-Pabell\u00f3n Ind\u00edgena\",\"isPartOf\":{\"@id\":\"https:\\\/\\\/patagoniambiental.com.ar\\\/info\\\/#website\"},\"primaryImageOfPage\":{\"@id\":\"https:\\\/\\\/patagoniambiental.com.ar\\\/info\\\/participacion-de-la-confederacion-mapuche-de-neuquen-iii-congreso-de-areas-protegidas-de-latinoamerica-y-el-caribe-maloca-pabellon-indigena\\\/#primaryimage\"},\"image\":{\"@id\":\"https:\\\/\\\/patagoniambiental.com.ar\\\/info\\\/participacion-de-la-confederacion-mapuche-de-neuquen-iii-congreso-de-areas-protegidas-de-latinoamerica-y-el-caribe-maloca-pabellon-indigena\\\/#primaryimage\"},\"thumbnailUrl\":\"https:\\\/\\\/patagoniambiental.com.ar\\\/info\\\/wp-content\\\/uploads\\\/2019\\\/10\\\/71826146_2500343056713090_8325058392578064384_n.jpg\",\"datePublished\":\"2019-10-15T22:00:50+00:00\",\"breadcrumb\":{\"@id\":\"https:\\\/\\\/patagoniambiental.com.ar\\\/info\\\/participacion-de-la-confederacion-mapuche-de-neuquen-iii-congreso-de-areas-protegidas-de-latinoamerica-y-el-caribe-maloca-pabellon-indigena\\\/#breadcrumb\"},\"inLanguage\":\"es\",\"potentialAction\":[{\"@type\":\"ReadAction\",\"target\":[\"https:\\\/\\\/patagoniambiental.com.ar\\\/info\\\/participacion-de-la-confederacion-mapuche-de-neuquen-iii-congreso-de-areas-protegidas-de-latinoamerica-y-el-caribe-maloca-pabellon-indigena\\\/\"]}]},{\"@type\":\"ImageObject\",\"inLanguage\":\"es\",\"@id\":\"https:\\\/\\\/patagoniambiental.com.ar\\\/info\\\/participacion-de-la-confederacion-mapuche-de-neuquen-iii-congreso-de-areas-protegidas-de-latinoamerica-y-el-caribe-maloca-pabellon-indigena\\\/#primaryimage\",\"url\":\"https:\\\/\\\/patagoniambiental.com.ar\\\/info\\\/wp-content\\\/uploads\\\/2019\\\/10\\\/71826146_2500343056713090_8325058392578064384_n.jpg\",\"contentUrl\":\"https:\\\/\\\/patagoniambiental.com.ar\\\/info\\\/wp-content\\\/uploads\\\/2019\\\/10\\\/71826146_2500343056713090_8325058392578064384_n.jpg\",\"width\":525,\"height\":350},{\"@type\":\"BreadcrumbList\",\"@id\":\"https:\\\/\\\/patagoniambiental.com.ar\\\/info\\\/participacion-de-la-confederacion-mapuche-de-neuquen-iii-congreso-de-areas-protegidas-de-latinoamerica-y-el-caribe-maloca-pabellon-indigena\\\/#breadcrumb\",\"itemListElement\":[{\"@type\":\"ListItem\",\"position\":1,\"name\":\"Inicio\",\"item\":\"https:\\\/\\\/patagoniambiental.com.ar\\\/info\\\/\"},{\"@type\":\"ListItem\",\"position\":2,\"name\":\"Participaci\u00f3n de la Confederaci\u00f3n Mapuche de Neuqu\u00e9n III Congreso de \u00c1reas Protegidas de Latinoam\u00e9rica y el Caribe &#8211; Maloca-Pabell\u00f3n Ind\u00edgena\"}]},{\"@type\":\"WebSite\",\"@id\":\"https:\\\/\\\/patagoniambiental.com.ar\\\/info\\\/#website\",\"url\":\"https:\\\/\\\/patagoniambiental.com.ar\\\/info\\\/\",\"name\":\"Patagonia Ambiental\",\"description\":\"Monitoreo y an\u00e1lisis de la situaci\u00f3n geopol\u00edtica en el mundo y su implicancia en la Patagonia\",\"publisher\":{\"@id\":\"https:\\\/\\\/patagoniambiental.com.ar\\\/info\\\/#organization\"},\"potentialAction\":[{\"@type\":\"SearchAction\",\"target\":{\"@type\":\"EntryPoint\",\"urlTemplate\":\"https:\\\/\\\/patagoniambiental.com.ar\\\/info\\\/?s={search_term_string}\"},\"query-input\":{\"@type\":\"PropertyValueSpecification\",\"valueRequired\":true,\"valueName\":\"search_term_string\"}}],\"inLanguage\":\"es\"},{\"@type\":\"Organization\",\"@id\":\"https:\\\/\\\/patagoniambiental.com.ar\\\/info\\\/#organization\",\"name\":\"Patagonia Ambiental\",\"url\":\"https:\\\/\\\/patagoniambiental.com.ar\\\/info\\\/\",\"logo\":{\"@type\":\"ImageObject\",\"inLanguage\":\"es\",\"@id\":\"https:\\\/\\\/patagoniambiental.com.ar\\\/info\\\/#\\\/schema\\\/logo\\\/image\\\/\",\"url\":\"https:\\\/\\\/patagoniambiental.com.ar\\\/info\\\/wp-content\\\/uploads\\\/2025\\\/05\\\/LOGO-PATAGONIA-AMBIENTAL.png\",\"contentUrl\":\"https:\\\/\\\/patagoniambiental.com.ar\\\/info\\\/wp-content\\\/uploads\\\/2025\\\/05\\\/LOGO-PATAGONIA-AMBIENTAL.png\",\"width\":433,\"height\":250,\"caption\":\"Patagonia Ambiental\"},\"image\":{\"@id\":\"https:\\\/\\\/patagoniambiental.com.ar\\\/info\\\/#\\\/schema\\\/logo\\\/image\\\/\"},\"sameAs\":[\"https:\\\/\\\/www.facebook.com\\\/patagonia.ambiental\",\"https:\\\/\\\/x.com\\\/PatAmb\"]},{\"@type\":\"Person\",\"@id\":\"https:\\\/\\\/patagoniambiental.com.ar\\\/info\\\/#\\\/schema\\\/person\\\/db12bff64bbcbf6a253710bf0ea37b5d\",\"name\":\"Patagonia Ambiental\",\"description\":\"Andr\u00e9s Nievas T\u00e9cnico en manejo ambiental, consultor Ambiental y escritor para medios locales e internacionales sobre temas de geopolitica y medio ambiente.\",\"sameAs\":[\"http:\\\/\\\/www.patagoniambiental.com.ar\",\"https:\\\/\\\/www.facebook.com\\\/share\\\/1C1V8Gv9BX\\\/?mibextid=qi2Omg\",\"@patagoniambiental\",\"https:\\\/\\\/youtube.com\\\/@patagoniaambiental2023?si=BLt58t0wuXquxlYZ\"]}]}<\/script>\n<!-- \/ Yoast SEO Premium plugin. -->","yoast_head_json":{"title":"Participaci\u00f3n de la Confederaci\u00f3n Mapuche de Neuqu\u00e9n III Congreso de \u00c1reas Protegidas de Latinoam\u00e9rica y el Caribe - Maloca-Pabell\u00f3n Ind\u00edgena","robots":{"index":"index","follow":"follow","max-snippet":"max-snippet:-1","max-image-preview":"max-image-preview:large","max-video-preview":"max-video-preview:-1"},"canonical":"https:\/\/patagoniambiental.com.ar\/info\/participacion-de-la-confederacion-mapuche-de-neuquen-iii-congreso-de-areas-protegidas-de-latinoamerica-y-el-caribe-maloca-pabellon-indigena\/","og_locale":"es_ES","og_type":"article","og_title":"Participaci\u00f3n de la Confederaci\u00f3n Mapuche de Neuqu\u00e9n III Congreso de \u00c1reas Protegidas de Latinoam\u00e9rica y el Caribe - Maloca-Pabell\u00f3n Ind\u00edgena","og_description":"Lima, Per\u00fa,14 al 17 de Octubre 2019.-Del 14 al 17 de octubre de 2019, Lima &#8211; Per\u00fa ser\u00e1 sede de [&hellip;]","og_url":"https:\/\/patagoniambiental.com.ar\/info\/participacion-de-la-confederacion-mapuche-de-neuquen-iii-congreso-de-areas-protegidas-de-latinoamerica-y-el-caribe-maloca-pabellon-indigena\/","og_site_name":"Patagonia Ambiental","article_publisher":"https:\/\/www.facebook.com\/patagonia.ambiental","article_author":"https:\/\/www.facebook.com\/share\/1C1V8Gv9BX\/?mibextid=qi2Omg","article_published_time":"2019-10-15T22:00:50+00:00","og_image":[{"width":525,"height":350,"url":"https:\/\/patagoniambiental.com.ar\/info\/wp-content\/uploads\/2019\/10\/71826146_2500343056713090_8325058392578064384_n.jpg","type":"image\/jpeg"}],"author":"Patagonia Ambiental","twitter_card":"summary_large_image","twitter_creator":"@PatAmb","twitter_site":"@PatAmb","schema":{"@context":"https:\/\/schema.org","@graph":[{"@type":"Article","@id":"https:\/\/patagoniambiental.com.ar\/info\/participacion-de-la-confederacion-mapuche-de-neuquen-iii-congreso-de-areas-protegidas-de-latinoamerica-y-el-caribe-maloca-pabellon-indigena\/#article","isPartOf":{"@id":"https:\/\/patagoniambiental.com.ar\/info\/participacion-de-la-confederacion-mapuche-de-neuquen-iii-congreso-de-areas-protegidas-de-latinoamerica-y-el-caribe-maloca-pabellon-indigena\/"},"author":{"name":"Patagonia Ambiental","@id":"https:\/\/patagoniambiental.com.ar\/info\/#\/schema\/person\/db12bff64bbcbf6a253710bf0ea37b5d"},"headline":"Participaci\u00f3n de la Confederaci\u00f3n Mapuche de Neuqu\u00e9n III Congreso de \u00c1reas Protegidas de Latinoam\u00e9rica y el Caribe &#8211; Maloca-Pabell\u00f3n Ind\u00edgena","datePublished":"2019-10-15T22:00:50+00:00","mainEntityOfPage":{"@id":"https:\/\/patagoniambiental.com.ar\/info\/participacion-de-la-confederacion-mapuche-de-neuquen-iii-congreso-de-areas-protegidas-de-latinoamerica-y-el-caribe-maloca-pabellon-indigena\/"},"wordCount":255,"commentCount":0,"publisher":{"@id":"https:\/\/patagoniambiental.com.ar\/info\/#organization"},"image":{"@id":"https:\/\/patagoniambiental.com.ar\/info\/participacion-de-la-confederacion-mapuche-de-neuquen-iii-congreso-de-areas-protegidas-de-latinoamerica-y-el-caribe-maloca-pabellon-indigena\/#primaryimage"},"thumbnailUrl":"https:\/\/patagoniambiental.com.ar\/info\/wp-content\/uploads\/2019\/10\/71826146_2500343056713090_8325058392578064384_n.jpg","articleSection":["Agenda Ambiental","Bolet\u00edn","Noticias","Rotador"],"inLanguage":"es","potentialAction":[{"@type":"CommentAction","name":"Comment","target":["https:\/\/patagoniambiental.com.ar\/info\/participacion-de-la-confederacion-mapuche-de-neuquen-iii-congreso-de-areas-protegidas-de-latinoamerica-y-el-caribe-maloca-pabellon-indigena\/#respond"]}]},{"@type":"WebPage","@id":"https:\/\/patagoniambiental.com.ar\/info\/participacion-de-la-confederacion-mapuche-de-neuquen-iii-congreso-de-areas-protegidas-de-latinoamerica-y-el-caribe-maloca-pabellon-indigena\/","url":"https:\/\/patagoniambiental.com.ar\/info\/participacion-de-la-confederacion-mapuche-de-neuquen-iii-congreso-de-areas-protegidas-de-latinoamerica-y-el-caribe-maloca-pabellon-indigena\/","name":"Participaci\u00f3n de la Confederaci\u00f3n Mapuche de Neuqu\u00e9n III Congreso de \u00c1reas Protegidas de Latinoam\u00e9rica y el Caribe - Maloca-Pabell\u00f3n Ind\u00edgena","isPartOf":{"@id":"https:\/\/patagoniambiental.com.ar\/info\/#website"},"primaryImageOfPage":{"@id":"https:\/\/patagoniambiental.com.ar\/info\/participacion-de-la-confederacion-mapuche-de-neuquen-iii-congreso-de-areas-protegidas-de-latinoamerica-y-el-caribe-maloca-pabellon-indigena\/#primaryimage"},"image":{"@id":"https:\/\/patagoniambiental.com.ar\/info\/participacion-de-la-confederacion-mapuche-de-neuquen-iii-congreso-de-areas-protegidas-de-latinoamerica-y-el-caribe-maloca-pabellon-indigena\/#primaryimage"},"thumbnailUrl":"https:\/\/patagoniambiental.com.ar\/info\/wp-content\/uploads\/2019\/10\/71826146_2500343056713090_8325058392578064384_n.jpg","datePublished":"2019-10-15T22:00:50+00:00","breadcrumb":{"@id":"https:\/\/patagoniambiental.com.ar\/info\/participacion-de-la-confederacion-mapuche-de-neuquen-iii-congreso-de-areas-protegidas-de-latinoamerica-y-el-caribe-maloca-pabellon-indigena\/#breadcrumb"},"inLanguage":"es","potentialAction":[{"@type":"ReadAction","target":["https:\/\/patagoniambiental.com.ar\/info\/participacion-de-la-confederacion-mapuche-de-neuquen-iii-congreso-de-areas-protegidas-de-latinoamerica-y-el-caribe-maloca-pabellon-indigena\/"]}]},{"@type":"ImageObject","inLanguage":"es","@id":"https:\/\/patagoniambiental.com.ar\/info\/participacion-de-la-confederacion-mapuche-de-neuquen-iii-congreso-de-areas-protegidas-de-latinoamerica-y-el-caribe-maloca-pabellon-indigena\/#primaryimage","url":"https:\/\/patagoniambiental.com.ar\/info\/wp-content\/uploads\/2019\/10\/71826146_2500343056713090_8325058392578064384_n.jpg","contentUrl":"https:\/\/patagoniambiental.com.ar\/info\/wp-content\/uploads\/2019\/10\/71826146_2500343056713090_8325058392578064384_n.jpg","width":525,"height":350},{"@type":"BreadcrumbList","@id":"https:\/\/patagoniambiental.com.ar\/info\/participacion-de-la-confederacion-mapuche-de-neuquen-iii-congreso-de-areas-protegidas-de-latinoamerica-y-el-caribe-maloca-pabellon-indigena\/#breadcrumb","itemListElement":[{"@type":"ListItem","position":1,"name":"Inicio","item":"https:\/\/patagoniambiental.com.ar\/info\/"},{"@type":"ListItem","position":2,"name":"Participaci\u00f3n de la Confederaci\u00f3n Mapuche de Neuqu\u00e9n III Congreso de \u00c1reas Protegidas de Latinoam\u00e9rica y el Caribe &#8211; Maloca-Pabell\u00f3n Ind\u00edgena"}]},{"@type":"WebSite","@id":"https:\/\/patagoniambiental.com.ar\/info\/#website","url":"https:\/\/patagoniambiental.com.ar\/info\/","name":"Patagonia Ambiental","description":"Monitoreo y an\u00e1lisis de la situaci\u00f3n geopol\u00edtica en el mundo y su implicancia en la Patagonia","publisher":{"@id":"https:\/\/patagoniambiental.com.ar\/info\/#organization"},"potentialAction":[{"@type":"SearchAction","target":{"@type":"EntryPoint","urlTemplate":"https:\/\/patagoniambiental.com.ar\/info\/?s={search_term_string}"},"query-input":{"@type":"PropertyValueSpecification","valueRequired":true,"valueName":"search_term_string"}}],"inLanguage":"es"},{"@type":"Organization","@id":"https:\/\/patagoniambiental.com.ar\/info\/#organization","name":"Patagonia Ambiental","url":"https:\/\/patagoniambiental.com.ar\/info\/","logo":{"@type":"ImageObject","inLanguage":"es","@id":"https:\/\/patagoniambiental.com.ar\/info\/#\/schema\/logo\/image\/","url":"https:\/\/patagoniambiental.com.ar\/info\/wp-content\/uploads\/2025\/05\/LOGO-PATAGONIA-AMBIENTAL.png","contentUrl":"https:\/\/patagoniambiental.com.ar\/info\/wp-content\/uploads\/2025\/05\/LOGO-PATAGONIA-AMBIENTAL.png","width":433,"height":250,"caption":"Patagonia Ambiental"},"image":{"@id":"https:\/\/patagoniambiental.com.ar\/info\/#\/schema\/logo\/image\/"},"sameAs":["https:\/\/www.facebook.com\/patagonia.ambiental","https:\/\/x.com\/PatAmb"]},{"@type":"Person","@id":"https:\/\/patagoniambiental.com.ar\/info\/#\/schema\/person\/db12bff64bbcbf6a253710bf0ea37b5d","name":"Patagonia Ambiental","description":"Andr\u00e9s Nievas T\u00e9cnico en manejo ambiental, consultor Ambiental y escritor para medios locales e internacionales sobre temas de geopolitica y medio ambiente.","sameAs":["http:\/\/www.patagoniambiental.com.ar","https:\/\/www.facebook.com\/share\/1C1V8Gv9BX\/?mibextid=qi2Omg","@patagoniambiental","https:\/\/youtube.com\/@patagoniaambiental2023?si=BLt58t0wuXquxlYZ"]}]}},"_links":{"self":[{"href":"https:\/\/patagoniambiental.com.ar\/info\/wp-json\/wp\/v2\/posts\/63598","targetHints":{"allow":["GET"]}}],"collection":[{"href":"https:\/\/patagoniambiental.com.ar\/info\/wp-json\/wp\/v2\/posts"}],"about":[{"href":"https:\/\/patagoniambiental.com.ar\/info\/wp-json\/wp\/v2\/types\/post"}],"author":[{"embeddable":true,"href":"https:\/\/patagoniambiental.com.ar\/info\/wp-json\/wp\/v2\/users\/2"}],"replies":[{"embeddable":true,"href":"https:\/\/patagoniambiental.com.ar\/info\/wp-json\/wp\/v2\/comments?post=63598"}],"version-history":[{"count":0,"href":"https:\/\/patagoniambiental.com.ar\/info\/wp-json\/wp\/v2\/posts\/63598\/revisions"}],"wp:featuredmedia":[{"embeddable":true,"href":"https:\/\/patagoniambiental.com.ar\/info\/wp-json\/wp\/v2\/media\/63599"}],"wp:attachment":[{"href":"https:\/\/patagoniambiental.com.ar\/info\/wp-json\/wp\/v2\/media?parent=63598"}],"wp:term":[{"taxonomy":"category","embeddable":true,"href":"https:\/\/patagoniambiental.com.ar\/info\/wp-json\/wp\/v2\/categories?post=63598"},{"taxonomy":"post_tag","embeddable":true,"href":"https:\/\/patagoniambiental.com.ar\/info\/wp-json\/wp\/v2\/tags?post=63598"}],"curies":[{"name":"wp","href":"https:\/\/api.w.org\/{rel}","templated":true}]}}