{"id":63615,"date":"2019-10-17T07:00:44","date_gmt":"2019-10-17T10:00:44","guid":{"rendered":"http:\/\/patagoniambiental.com.ar\/info\/?p=63615"},"modified":"2019-10-16T12:10:44","modified_gmt":"2019-10-16T15:10:44","slug":"aval-del-gobierno-a-la-estacion-de-servicio-en-el-exautodromo-en-santa-rosa","status":"publish","type":"post","link":"https:\/\/patagoniambiental.com.ar\/info\/aval-del-gobierno-a-la-estacion-de-servicio-en-el-exautodromo-en-santa-rosa\/","title":{"rendered":"Aval del Gobierno a la estaci\u00f3n de servicio en el exaut\u00f3dromo en Santa Rosa"},"content":{"rendered":"<aside class=\"article-aside clearfix\">\n<dl class=\"article-info pull-left\">\n<dd class=\"published\"><strong>La Pampa.-\u201cLas medidas de seguridad son muy grandes\u201d<\/strong>, dijo\u00a0el subsecretario de Ambiente de la Provincia, Fabi\u00e1n Tittarelli.<\/dd>\n<\/dl>\n<\/aside>\n<p><!--more--><\/p>\n<p><img fetchpriority=\"high\" decoding=\"async\" class=\"alignleft\" src=\"https:\/\/eldiariodelapampa.com.ar\/images\/2019\/Octubre\/16-10-2019\/2a.gif\" alt=\"\" width=\"389\" height=\"258\" \/><\/p>\n<section class=\"article-content clearfix row\">\n<div class=\"article-body span12 span8 eq-first\">\n<p>\u201cLas medidas de seguridad son muy grandes. Ojal\u00e1 el resto de los emprendimientos que se est\u00e1n instalando ofrezcan las medidas de seguridad que proponen en este caso\u201d, sostuvo ayer en di\u00e1logo con\u00a0<strong>El Diario<\/strong>\u00a0el subsecretario de Ambiente de la Provincia, Fabi\u00e1n Tittarelli, ante una consulta sobre la estaci\u00f3n de servicio que se planea instalar en el exaut\u00f3dromo local, sobre el acu\u00edfero de Santa Rosa.<\/p>\n<p>\u201cPrimero que nada me gustar\u00eda hacer una aclaraci\u00f3n&#8230; no es que yo propuse la audiencia de manera imprevista, lo que pas\u00f3 es que la consultora no llev\u00f3 a tiempo la documentaci\u00f3n para que saliera en el Bolet\u00edn Oficial. Y, por ley, tiene que haber 15 d\u00edas h\u00e1biles por lo menos entre la documentaci\u00f3n que se publica en el Bolet\u00edn Oficial y la fecha de la audiencia p\u00fablica\u201d, apunt\u00f3 el funcionario provincial.<\/p>\n<p>Tittarelli destac\u00f3 que \u201clo que ata\u00f1e a varios aspectos de la obra en s\u00ed lo tratar\u00e1 la Comisi\u00f3n T\u00e9cnica del Ente de Pol\u00edticas Ambientales. Se tendr\u00e1 que hacer la audiencia, los tr\u00e1mites en la Secretar\u00eda de Recursos H\u00eddricos&#8230; digamos que el proceso est\u00e1 en tr\u00e1mite. Las medidas de seguridad son muy grandes. Ojal\u00e1 el resto de los emprendimientos que se est\u00e1n instalando ofrezcan las medidas de seguridad que proponen en este caso. Las medidas de seguridad son muy grandes y los posibles impactos se minimizan de una forma importante\u201d.<\/p>\n<p>Y enumer\u00f3: \u201cTanques tricapa, sensores, los tanques van sentados sobre arena y con una membrana impermeable, rejillas recolectoras ante cualquier volcado, sistema de recuperaci\u00f3n de gases&#8230; en fin, todo un esquema de seguridad muy evolucionado\u201d.<\/p>\n<p><strong>&#8211; M\u00e1s all\u00e1 de lo que resuelva la audiencia p\u00fablica, \u00bfcu\u00e1l es la postura de la Subsecretar\u00eda en relaci\u00f3n a las medidas de mitigaci\u00f3n que propone la empresa?<\/strong><br \/>\n&#8211; M\u00e1s all\u00e1 de la audiencia p\u00fablica el proyecto se va a aprobar cuando nos den la plena seguridad de que eso funciona como corresponde o todo lo seguro que pueda ser.<\/p>\n<p><strong>&#8211; \u00bfEst\u00e1 proyectada para cu\u00e1ndo la estaci\u00f3n de servicio?<\/strong><br \/>\n&#8211; No tengo plena seguridad&#8230; no recuerdo haber visto la fecha en el expediente.<\/p>\n<p><strong>&#8211; En su momento se cuestion\u00f3 el barrio privado en ese lugar. \u00bfCu\u00e1l es la diferencia ahora?<\/strong><br \/>\n&#8211; Yo creo que el gran tema en aquel momento era la extracci\u00f3n de agua que se iba a utilizar y me imagino tambi\u00e9n que el volcado de efluentes&#8230; nosotros no somos autoridad de aplicaci\u00f3n pero creo que ese impacto era una de las cosas que se ten\u00edan en cuenta. Vivir en sociedad tiene sus impactos y cualquier emprendimiento lo tiene&#8230; lo importante son las medidas de seguridad para prevenir cualquier cuesti\u00f3n que ocurra. Si surge un imprevisto, se tiene que controlar cuanto antes. Esperemos que la audiencia p\u00fablica se desarrolle con normalidad. La ciudadan\u00eda tiene all\u00ed la posibilidad de sacarse todas las dudas, justamente para eso se realizan las audiencias p\u00fablicas.<\/p>\n<footer class=\"article-footer clearfix\">\n<div class=\"tag-names pull-left\">\n<h5>Fuente:https:\/\/eldiariodelapampa.com.ar\/index.php\/secundario\/67886-aval-del-gobierno-a-la-estacion-de-servicio-en-el-exautodromo<\/h5>\n<\/div>\n<\/footer>\n<\/div>\n<\/section>\n<p>&nbsp;<\/p>\n","protected":false},"excerpt":{"rendered":"<p>La Pampa.-\u201cLas medidas de seguridad son muy grandes\u201d, dijo\u00a0el subsecretario de Ambiente de la Provincia, Fabi\u00e1n Tittarelli.<\/p>\n","protected":false},"author":2,"featured_media":63616,"comment_status":"open","ping_status":"open","sticky":false,"template":"","format":"standard","meta":{"site-sidebar-layout":"default","site-content-layout":"","ast-site-content-layout":"default","site-content-style":"default","site-sidebar-style":"default","ast-global-header-display":"","ast-banner-title-visibility":"","ast-main-header-display":"","ast-hfb-above-header-display":"","ast-hfb-below-header-display":"","ast-hfb-mobile-header-display":"","site-post-title":"","ast-breadcrumbs-content":"","ast-featured-img":"","footer-sml-layout":"","ast-disable-related-posts":"","theme-transparent-header-meta":"","adv-header-id-meta":"","stick-header-meta":"","header-above-stick-meta":"","header-main-stick-meta":"","header-below-stick-meta":"","astra-migrate-meta-layouts":"default","ast-page-background-enabled":"default","ast-page-background-meta":{"desktop":{"background-color":"var(--ast-global-color-5)","background-image":"","background-repeat":"repeat","background-position":"center center","background-size":"auto","background-attachment":"scroll","background-type":"","background-media":"","overlay-type":"","overlay-color":"","overlay-opacity":"","overlay-gradient":""},"tablet":{"background-color":"","background-image":"","background-repeat":"repeat","background-position":"center center","background-size":"auto","background-attachment":"scroll","background-type":"","background-media":"","overlay-type":"","overlay-color":"","overlay-opacity":"","overlay-gradient":""},"mobile":{"background-color":"","background-image":"","background-repeat":"repeat","background-position":"center center","background-size":"auto","background-attachment":"scroll","background-type":"","background-media":"","overlay-type":"","overlay-color":"","overlay-opacity":"","overlay-gradient":""}},"ast-content-background-meta":{"desktop":{"background-color":"var(--ast-global-color-4)","background-image":"","background-repeat":"repeat","background-position":"center center","background-size":"auto","background-attachment":"scroll","background-type":"","background-media":"","overlay-type":"","overlay-color":"","overlay-opacity":"","overlay-gradient":""},"tablet":{"background-color":"var(--ast-global-color-4)","background-image":"","background-repeat":"repeat","background-position":"center center","background-size":"auto","background-attachment":"scroll","background-type":"","background-media":"","overlay-type":"","overlay-color":"","overlay-opacity":"","overlay-gradient":""},"mobile":{"background-color":"var(--ast-global-color-4)","background-image":"","background-repeat":"repeat","background-position":"center center","background-size":"auto","background-attachment":"scroll","background-type":"","background-media":"","overlay-type":"","overlay-color":"","overlay-opacity":"","overlay-gradient":""}},"footnotes":""},"categories":[51,1],"tags":[],"class_list":["post-63615","post","type-post","status-publish","format-standard","has-post-thumbnail","hentry","category-entrevistas","category-noticias"],"yoast_head":"<!-- This site is optimized with the Yoast SEO Premium plugin v23.0 (Yoast SEO v27.5) - https:\/\/yoast.com\/product\/yoast-seo-premium-wordpress\/ -->\n<title>Aval del Gobierno a la estaci\u00f3n de servicio en el exaut\u00f3dromo en Santa Rosa<\/title>\n<meta name=\"robots\" content=\"index, follow, max-snippet:-1, max-image-preview:large, max-video-preview:-1\" \/>\n<link rel=\"canonical\" href=\"https:\/\/patagoniambiental.com.ar\/info\/aval-del-gobierno-a-la-estacion-de-servicio-en-el-exautodromo-en-santa-rosa\/\" \/>\n<meta property=\"og:locale\" content=\"es_ES\" \/>\n<meta property=\"og:type\" content=\"article\" \/>\n<meta property=\"og:title\" content=\"Aval del Gobierno a la estaci\u00f3n de servicio en el exaut\u00f3dromo en Santa Rosa\" \/>\n<meta property=\"og:description\" content=\"La Pampa.-\u201cLas medidas de seguridad son muy grandes\u201d, dijo\u00a0el subsecretario de Ambiente de la Provincia, Fabi\u00e1n Tittarelli.\" \/>\n<meta property=\"og:url\" content=\"https:\/\/patagoniambiental.com.ar\/info\/aval-del-gobierno-a-la-estacion-de-servicio-en-el-exautodromo-en-santa-rosa\/\" \/>\n<meta property=\"og:site_name\" content=\"Patagonia Ambiental\" \/>\n<meta property=\"article:publisher\" content=\"https:\/\/www.facebook.com\/patagonia.ambiental\" \/>\n<meta property=\"article:author\" content=\"https:\/\/www.facebook.com\/share\/1C1V8Gv9BX\/?mibextid=qi2Omg\" \/>\n<meta property=\"article:published_time\" content=\"2019-10-17T10:00:44+00:00\" \/>\n<meta property=\"og:image\" content=\"https:\/\/patagoniambiental.com.ar\/info\/wp-content\/uploads\/2019\/10\/2a.gif\" \/>\n\t<meta property=\"og:image:width\" content=\"650\" \/>\n\t<meta property=\"og:image:height\" content=\"431\" \/>\n\t<meta property=\"og:image:type\" content=\"image\/gif\" \/>\n<meta name=\"author\" content=\"Patagonia Ambiental\" \/>\n<meta name=\"twitter:card\" content=\"summary_large_image\" \/>\n<meta name=\"twitter:creator\" content=\"@PatAmb\" \/>\n<meta name=\"twitter:site\" content=\"@PatAmb\" \/>\n<script type=\"application\/ld+json\" class=\"yoast-schema-graph\">{\"@context\":\"https:\\\/\\\/schema.org\",\"@graph\":[{\"@type\":\"Article\",\"@id\":\"https:\\\/\\\/patagoniambiental.com.ar\\\/info\\\/aval-del-gobierno-a-la-estacion-de-servicio-en-el-exautodromo-en-santa-rosa\\\/#article\",\"isPartOf\":{\"@id\":\"https:\\\/\\\/patagoniambiental.com.ar\\\/info\\\/aval-del-gobierno-a-la-estacion-de-servicio-en-el-exautodromo-en-santa-rosa\\\/\"},\"author\":{\"name\":\"Patagonia Ambiental\",\"@id\":\"https:\\\/\\\/patagoniambiental.com.ar\\\/info\\\/#\\\/schema\\\/person\\\/db12bff64bbcbf6a253710bf0ea37b5d\"},\"headline\":\"Aval del Gobierno a la estaci\u00f3n de servicio en el exaut\u00f3dromo en Santa Rosa\",\"datePublished\":\"2019-10-17T10:00:44+00:00\",\"mainEntityOfPage\":{\"@id\":\"https:\\\/\\\/patagoniambiental.com.ar\\\/info\\\/aval-del-gobierno-a-la-estacion-de-servicio-en-el-exautodromo-en-santa-rosa\\\/\"},\"wordCount\":562,\"commentCount\":0,\"publisher\":{\"@id\":\"https:\\\/\\\/patagoniambiental.com.ar\\\/info\\\/#organization\"},\"image\":{\"@id\":\"https:\\\/\\\/patagoniambiental.com.ar\\\/info\\\/aval-del-gobierno-a-la-estacion-de-servicio-en-el-exautodromo-en-santa-rosa\\\/#primaryimage\"},\"thumbnailUrl\":\"https:\\\/\\\/patagoniambiental.com.ar\\\/info\\\/wp-content\\\/uploads\\\/2019\\\/10\\\/2a.gif\",\"articleSection\":[\"Entrevistas\",\"Noticias\"],\"inLanguage\":\"es\",\"potentialAction\":[{\"@type\":\"CommentAction\",\"name\":\"Comment\",\"target\":[\"https:\\\/\\\/patagoniambiental.com.ar\\\/info\\\/aval-del-gobierno-a-la-estacion-de-servicio-en-el-exautodromo-en-santa-rosa\\\/#respond\"]}]},{\"@type\":\"WebPage\",\"@id\":\"https:\\\/\\\/patagoniambiental.com.ar\\\/info\\\/aval-del-gobierno-a-la-estacion-de-servicio-en-el-exautodromo-en-santa-rosa\\\/\",\"url\":\"https:\\\/\\\/patagoniambiental.com.ar\\\/info\\\/aval-del-gobierno-a-la-estacion-de-servicio-en-el-exautodromo-en-santa-rosa\\\/\",\"name\":\"Aval del Gobierno a la estaci\u00f3n de servicio en el exaut\u00f3dromo en Santa Rosa\",\"isPartOf\":{\"@id\":\"https:\\\/\\\/patagoniambiental.com.ar\\\/info\\\/#website\"},\"primaryImageOfPage\":{\"@id\":\"https:\\\/\\\/patagoniambiental.com.ar\\\/info\\\/aval-del-gobierno-a-la-estacion-de-servicio-en-el-exautodromo-en-santa-rosa\\\/#primaryimage\"},\"image\":{\"@id\":\"https:\\\/\\\/patagoniambiental.com.ar\\\/info\\\/aval-del-gobierno-a-la-estacion-de-servicio-en-el-exautodromo-en-santa-rosa\\\/#primaryimage\"},\"thumbnailUrl\":\"https:\\\/\\\/patagoniambiental.com.ar\\\/info\\\/wp-content\\\/uploads\\\/2019\\\/10\\\/2a.gif\",\"datePublished\":\"2019-10-17T10:00:44+00:00\",\"breadcrumb\":{\"@id\":\"https:\\\/\\\/patagoniambiental.com.ar\\\/info\\\/aval-del-gobierno-a-la-estacion-de-servicio-en-el-exautodromo-en-santa-rosa\\\/#breadcrumb\"},\"inLanguage\":\"es\",\"potentialAction\":[{\"@type\":\"ReadAction\",\"target\":[\"https:\\\/\\\/patagoniambiental.com.ar\\\/info\\\/aval-del-gobierno-a-la-estacion-de-servicio-en-el-exautodromo-en-santa-rosa\\\/\"]}]},{\"@type\":\"ImageObject\",\"inLanguage\":\"es\",\"@id\":\"https:\\\/\\\/patagoniambiental.com.ar\\\/info\\\/aval-del-gobierno-a-la-estacion-de-servicio-en-el-exautodromo-en-santa-rosa\\\/#primaryimage\",\"url\":\"https:\\\/\\\/patagoniambiental.com.ar\\\/info\\\/wp-content\\\/uploads\\\/2019\\\/10\\\/2a.gif\",\"contentUrl\":\"https:\\\/\\\/patagoniambiental.com.ar\\\/info\\\/wp-content\\\/uploads\\\/2019\\\/10\\\/2a.gif\",\"width\":650,\"height\":431},{\"@type\":\"BreadcrumbList\",\"@id\":\"https:\\\/\\\/patagoniambiental.com.ar\\\/info\\\/aval-del-gobierno-a-la-estacion-de-servicio-en-el-exautodromo-en-santa-rosa\\\/#breadcrumb\",\"itemListElement\":[{\"@type\":\"ListItem\",\"position\":1,\"name\":\"Inicio\",\"item\":\"https:\\\/\\\/patagoniambiental.com.ar\\\/info\\\/\"},{\"@type\":\"ListItem\",\"position\":2,\"name\":\"Aval del Gobierno a la estaci\u00f3n de servicio en el exaut\u00f3dromo en Santa Rosa\"}]},{\"@type\":\"WebSite\",\"@id\":\"https:\\\/\\\/patagoniambiental.com.ar\\\/info\\\/#website\",\"url\":\"https:\\\/\\\/patagoniambiental.com.ar\\\/info\\\/\",\"name\":\"Patagonia Ambiental\",\"description\":\"Monitoreo y an\u00e1lisis de la situaci\u00f3n geopol\u00edtica en el mundo y su implicancia en la Patagonia\",\"publisher\":{\"@id\":\"https:\\\/\\\/patagoniambiental.com.ar\\\/info\\\/#organization\"},\"potentialAction\":[{\"@type\":\"SearchAction\",\"target\":{\"@type\":\"EntryPoint\",\"urlTemplate\":\"https:\\\/\\\/patagoniambiental.com.ar\\\/info\\\/?s={search_term_string}\"},\"query-input\":{\"@type\":\"PropertyValueSpecification\",\"valueRequired\":true,\"valueName\":\"search_term_string\"}}],\"inLanguage\":\"es\"},{\"@type\":\"Organization\",\"@id\":\"https:\\\/\\\/patagoniambiental.com.ar\\\/info\\\/#organization\",\"name\":\"Patagonia Ambiental\",\"url\":\"https:\\\/\\\/patagoniambiental.com.ar\\\/info\\\/\",\"logo\":{\"@type\":\"ImageObject\",\"inLanguage\":\"es\",\"@id\":\"https:\\\/\\\/patagoniambiental.com.ar\\\/info\\\/#\\\/schema\\\/logo\\\/image\\\/\",\"url\":\"https:\\\/\\\/patagoniambiental.com.ar\\\/info\\\/wp-content\\\/uploads\\\/2025\\\/05\\\/LOGO-PATAGONIA-AMBIENTAL.png\",\"contentUrl\":\"https:\\\/\\\/patagoniambiental.com.ar\\\/info\\\/wp-content\\\/uploads\\\/2025\\\/05\\\/LOGO-PATAGONIA-AMBIENTAL.png\",\"width\":433,\"height\":250,\"caption\":\"Patagonia Ambiental\"},\"image\":{\"@id\":\"https:\\\/\\\/patagoniambiental.com.ar\\\/info\\\/#\\\/schema\\\/logo\\\/image\\\/\"},\"sameAs\":[\"https:\\\/\\\/www.facebook.com\\\/patagonia.ambiental\",\"https:\\\/\\\/x.com\\\/PatAmb\"]},{\"@type\":\"Person\",\"@id\":\"https:\\\/\\\/patagoniambiental.com.ar\\\/info\\\/#\\\/schema\\\/person\\\/db12bff64bbcbf6a253710bf0ea37b5d\",\"name\":\"Patagonia Ambiental\",\"description\":\"Andr\u00e9s Nievas T\u00e9cnico en manejo ambiental, consultor Ambiental y escritor para medios locales e internacionales sobre temas de geopolitica y medio ambiente.\",\"sameAs\":[\"http:\\\/\\\/www.patagoniambiental.com.ar\",\"https:\\\/\\\/www.facebook.com\\\/share\\\/1C1V8Gv9BX\\\/?mibextid=qi2Omg\",\"@patagoniambiental\",\"https:\\\/\\\/youtube.com\\\/@patagoniaambiental2023?si=BLt58t0wuXquxlYZ\"]}]}<\/script>\n<!-- \/ Yoast SEO Premium plugin. -->","yoast_head_json":{"title":"Aval del Gobierno a la estaci\u00f3n de servicio en el exaut\u00f3dromo en Santa Rosa","robots":{"index":"index","follow":"follow","max-snippet":"max-snippet:-1","max-image-preview":"max-image-preview:large","max-video-preview":"max-video-preview:-1"},"canonical":"https:\/\/patagoniambiental.com.ar\/info\/aval-del-gobierno-a-la-estacion-de-servicio-en-el-exautodromo-en-santa-rosa\/","og_locale":"es_ES","og_type":"article","og_title":"Aval del Gobierno a la estaci\u00f3n de servicio en el exaut\u00f3dromo en Santa Rosa","og_description":"La Pampa.-\u201cLas medidas de seguridad son muy grandes\u201d, dijo\u00a0el subsecretario de Ambiente de la Provincia, Fabi\u00e1n Tittarelli.","og_url":"https:\/\/patagoniambiental.com.ar\/info\/aval-del-gobierno-a-la-estacion-de-servicio-en-el-exautodromo-en-santa-rosa\/","og_site_name":"Patagonia Ambiental","article_publisher":"https:\/\/www.facebook.com\/patagonia.ambiental","article_author":"https:\/\/www.facebook.com\/share\/1C1V8Gv9BX\/?mibextid=qi2Omg","article_published_time":"2019-10-17T10:00:44+00:00","og_image":[{"width":650,"height":431,"url":"https:\/\/patagoniambiental.com.ar\/info\/wp-content\/uploads\/2019\/10\/2a.gif","type":"image\/gif"}],"author":"Patagonia Ambiental","twitter_card":"summary_large_image","twitter_creator":"@PatAmb","twitter_site":"@PatAmb","schema":{"@context":"https:\/\/schema.org","@graph":[{"@type":"Article","@id":"https:\/\/patagoniambiental.com.ar\/info\/aval-del-gobierno-a-la-estacion-de-servicio-en-el-exautodromo-en-santa-rosa\/#article","isPartOf":{"@id":"https:\/\/patagoniambiental.com.ar\/info\/aval-del-gobierno-a-la-estacion-de-servicio-en-el-exautodromo-en-santa-rosa\/"},"author":{"name":"Patagonia Ambiental","@id":"https:\/\/patagoniambiental.com.ar\/info\/#\/schema\/person\/db12bff64bbcbf6a253710bf0ea37b5d"},"headline":"Aval del Gobierno a la estaci\u00f3n de servicio en el exaut\u00f3dromo en Santa Rosa","datePublished":"2019-10-17T10:00:44+00:00","mainEntityOfPage":{"@id":"https:\/\/patagoniambiental.com.ar\/info\/aval-del-gobierno-a-la-estacion-de-servicio-en-el-exautodromo-en-santa-rosa\/"},"wordCount":562,"commentCount":0,"publisher":{"@id":"https:\/\/patagoniambiental.com.ar\/info\/#organization"},"image":{"@id":"https:\/\/patagoniambiental.com.ar\/info\/aval-del-gobierno-a-la-estacion-de-servicio-en-el-exautodromo-en-santa-rosa\/#primaryimage"},"thumbnailUrl":"https:\/\/patagoniambiental.com.ar\/info\/wp-content\/uploads\/2019\/10\/2a.gif","articleSection":["Entrevistas","Noticias"],"inLanguage":"es","potentialAction":[{"@type":"CommentAction","name":"Comment","target":["https:\/\/patagoniambiental.com.ar\/info\/aval-del-gobierno-a-la-estacion-de-servicio-en-el-exautodromo-en-santa-rosa\/#respond"]}]},{"@type":"WebPage","@id":"https:\/\/patagoniambiental.com.ar\/info\/aval-del-gobierno-a-la-estacion-de-servicio-en-el-exautodromo-en-santa-rosa\/","url":"https:\/\/patagoniambiental.com.ar\/info\/aval-del-gobierno-a-la-estacion-de-servicio-en-el-exautodromo-en-santa-rosa\/","name":"Aval del Gobierno a la estaci\u00f3n de servicio en el exaut\u00f3dromo en Santa Rosa","isPartOf":{"@id":"https:\/\/patagoniambiental.com.ar\/info\/#website"},"primaryImageOfPage":{"@id":"https:\/\/patagoniambiental.com.ar\/info\/aval-del-gobierno-a-la-estacion-de-servicio-en-el-exautodromo-en-santa-rosa\/#primaryimage"},"image":{"@id":"https:\/\/patagoniambiental.com.ar\/info\/aval-del-gobierno-a-la-estacion-de-servicio-en-el-exautodromo-en-santa-rosa\/#primaryimage"},"thumbnailUrl":"https:\/\/patagoniambiental.com.ar\/info\/wp-content\/uploads\/2019\/10\/2a.gif","datePublished":"2019-10-17T10:00:44+00:00","breadcrumb":{"@id":"https:\/\/patagoniambiental.com.ar\/info\/aval-del-gobierno-a-la-estacion-de-servicio-en-el-exautodromo-en-santa-rosa\/#breadcrumb"},"inLanguage":"es","potentialAction":[{"@type":"ReadAction","target":["https:\/\/patagoniambiental.com.ar\/info\/aval-del-gobierno-a-la-estacion-de-servicio-en-el-exautodromo-en-santa-rosa\/"]}]},{"@type":"ImageObject","inLanguage":"es","@id":"https:\/\/patagoniambiental.com.ar\/info\/aval-del-gobierno-a-la-estacion-de-servicio-en-el-exautodromo-en-santa-rosa\/#primaryimage","url":"https:\/\/patagoniambiental.com.ar\/info\/wp-content\/uploads\/2019\/10\/2a.gif","contentUrl":"https:\/\/patagoniambiental.com.ar\/info\/wp-content\/uploads\/2019\/10\/2a.gif","width":650,"height":431},{"@type":"BreadcrumbList","@id":"https:\/\/patagoniambiental.com.ar\/info\/aval-del-gobierno-a-la-estacion-de-servicio-en-el-exautodromo-en-santa-rosa\/#breadcrumb","itemListElement":[{"@type":"ListItem","position":1,"name":"Inicio","item":"https:\/\/patagoniambiental.com.ar\/info\/"},{"@type":"ListItem","position":2,"name":"Aval del Gobierno a la estaci\u00f3n de servicio en el exaut\u00f3dromo en Santa Rosa"}]},{"@type":"WebSite","@id":"https:\/\/patagoniambiental.com.ar\/info\/#website","url":"https:\/\/patagoniambiental.com.ar\/info\/","name":"Patagonia Ambiental","description":"Monitoreo y an\u00e1lisis de la situaci\u00f3n geopol\u00edtica en el mundo y su implicancia en la Patagonia","publisher":{"@id":"https:\/\/patagoniambiental.com.ar\/info\/#organization"},"potentialAction":[{"@type":"SearchAction","target":{"@type":"EntryPoint","urlTemplate":"https:\/\/patagoniambiental.com.ar\/info\/?s={search_term_string}"},"query-input":{"@type":"PropertyValueSpecification","valueRequired":true,"valueName":"search_term_string"}}],"inLanguage":"es"},{"@type":"Organization","@id":"https:\/\/patagoniambiental.com.ar\/info\/#organization","name":"Patagonia Ambiental","url":"https:\/\/patagoniambiental.com.ar\/info\/","logo":{"@type":"ImageObject","inLanguage":"es","@id":"https:\/\/patagoniambiental.com.ar\/info\/#\/schema\/logo\/image\/","url":"https:\/\/patagoniambiental.com.ar\/info\/wp-content\/uploads\/2025\/05\/LOGO-PATAGONIA-AMBIENTAL.png","contentUrl":"https:\/\/patagoniambiental.com.ar\/info\/wp-content\/uploads\/2025\/05\/LOGO-PATAGONIA-AMBIENTAL.png","width":433,"height":250,"caption":"Patagonia Ambiental"},"image":{"@id":"https:\/\/patagoniambiental.com.ar\/info\/#\/schema\/logo\/image\/"},"sameAs":["https:\/\/www.facebook.com\/patagonia.ambiental","https:\/\/x.com\/PatAmb"]},{"@type":"Person","@id":"https:\/\/patagoniambiental.com.ar\/info\/#\/schema\/person\/db12bff64bbcbf6a253710bf0ea37b5d","name":"Patagonia Ambiental","description":"Andr\u00e9s Nievas T\u00e9cnico en manejo ambiental, consultor Ambiental y escritor para medios locales e internacionales sobre temas de geopolitica y medio ambiente.","sameAs":["http:\/\/www.patagoniambiental.com.ar","https:\/\/www.facebook.com\/share\/1C1V8Gv9BX\/?mibextid=qi2Omg","@patagoniambiental","https:\/\/youtube.com\/@patagoniaambiental2023?si=BLt58t0wuXquxlYZ"]}]}},"_links":{"self":[{"href":"https:\/\/patagoniambiental.com.ar\/info\/wp-json\/wp\/v2\/posts\/63615","targetHints":{"allow":["GET"]}}],"collection":[{"href":"https:\/\/patagoniambiental.com.ar\/info\/wp-json\/wp\/v2\/posts"}],"about":[{"href":"https:\/\/patagoniambiental.com.ar\/info\/wp-json\/wp\/v2\/types\/post"}],"author":[{"embeddable":true,"href":"https:\/\/patagoniambiental.com.ar\/info\/wp-json\/wp\/v2\/users\/2"}],"replies":[{"embeddable":true,"href":"https:\/\/patagoniambiental.com.ar\/info\/wp-json\/wp\/v2\/comments?post=63615"}],"version-history":[{"count":0,"href":"https:\/\/patagoniambiental.com.ar\/info\/wp-json\/wp\/v2\/posts\/63615\/revisions"}],"wp:featuredmedia":[{"embeddable":true,"href":"https:\/\/patagoniambiental.com.ar\/info\/wp-json\/wp\/v2\/media\/63616"}],"wp:attachment":[{"href":"https:\/\/patagoniambiental.com.ar\/info\/wp-json\/wp\/v2\/media?parent=63615"}],"wp:term":[{"taxonomy":"category","embeddable":true,"href":"https:\/\/patagoniambiental.com.ar\/info\/wp-json\/wp\/v2\/categories?post=63615"},{"taxonomy":"post_tag","embeddable":true,"href":"https:\/\/patagoniambiental.com.ar\/info\/wp-json\/wp\/v2\/tags?post=63615"}],"curies":[{"name":"wp","href":"https:\/\/api.w.org\/{rel}","templated":true}]}}