{"id":63686,"date":"2019-10-22T07:00:11","date_gmt":"2019-10-22T10:00:11","guid":{"rendered":"http:\/\/patagoniambiental.com.ar\/info\/?p=63686"},"modified":"2019-10-21T11:14:38","modified_gmt":"2019-10-21T14:14:38","slug":"alumnos-de-la-epet-8-de-neuquen-crean-un-telescopio-que-podra-ser-usado-por-todos-los-vecinos","status":"publish","type":"post","link":"https:\/\/patagoniambiental.com.ar\/info\/alumnos-de-la-epet-8-de-neuquen-crean-un-telescopio-que-podra-ser-usado-por-todos-los-vecinos\/","title":{"rendered":"Alumnos de la EPET 8 de Neuqu\u00e9n crean un telescopio que podr\u00e1 ser usado por todos los vecinos"},"content":{"rendered":"<article id=\"article-post\" class=\"cat-rojo\">\n<header>\n<div class=\"row\">\n<div class=\"col-xs-12\">\n<p class=\"title\"><span style=\"font-size: 16px;\">Neuqu\u00e9n.-Dos estudiantes son los l\u00edderes del proyecto, que representar\u00e1 a Neuqu\u00e9n en la Feria Nacional de Ciencia.<\/span><\/p>\n<p><!--more--><\/p>\n<\/div>\n<\/div>\n<\/header>\n<div class=\"head-image thumb-wrap relative\">\n<div id=\"content-gallery\">\n<div id=\"fotogaleria-Object_3184_1797\" class=\"gallery\">\n<div class=\"col2\">\n<div class=\"image itemGallery classid583343\"><a title=\"\" href=\"https:\/\/media.lmneuquen.com\/adjuntos\/195\/imagenes\/004\/175\/0004175504.jpg\"><img fetchpriority=\"high\" decoding=\"async\" title=\"Alumnos de la EPET 8 crean un telescopio que podr\u00e1 ser usado por todos los vecinos\" src=\"https:\/\/media.lmneuquen.com\/adjuntos\/195\/imagenes\/004\/175\/0004175504.jpg\" alt=\"Alumnos de la EPET 8 crean un telescopio que podr\u00e1 ser usado por todos los vecinos\" width=\"770\" height=\"433\" \/><\/a><\/p>\n<div class=\"gallery-header\"><\/div>\n<div class=\"pieFoto\"><span class=\"copyinterior\">Agust\u00edn Mart\u00ednez<\/span><\/div>\n<\/div>\n<\/div>\n<div class=\"clearfix\"><\/div>\n<\/div>\n<\/div>\n<\/div>\n<div class=\"cuerpo\">\n<p><strong>Por Sofia Sandoval &#8211; ssandoval@lmneuquen.com.ar<\/strong><\/p>\n<\/div>\n<\/article>\n<p>&nbsp;<\/p>\n<article id=\"article-post\" class=\"cat-rojo\">\n<div class=\"cuerpo\">\n<p>Un taller de astronom\u00eda del Consejo Provincial de Educaci\u00f3n se convirti\u00f3 en el puntapi\u00e9 inicial para desarrollar un proyecto ambicioso: la construcci\u00f3n de un<strong>\u00a0telescopio newtoniano artesanal que podr\u00e1 ser operado de manera remota a trav\u00e9s de una app y que transmitir\u00e1 las im\u00e1genes online para toda la comunidad.<\/strong>\u00a0Los autores de la iniciativa tienen apenas 18 y 19 a\u00f1os, son alumnos de la EPET N\u00b08 y a fin de mes viajar\u00e1n a Tecn\u00f3polis para representar a Neuqu\u00e9n en una feria nacional de ciencias.<\/p>\n<\/div>\n<\/article>\n<section class=\"news-lay-3 bottom-margin lista-notas-relacionadas relacionadas-nota inbody\">\n<header>\n<h2 class=\"section-title\"><strong style=\"font-size: 16px;\">Pablo Gi\u00f1e y Leandro Mu\u00f1oz Priore<\/strong><span style=\"font-size: 16px;\">\u00a0son alumnos de sexto a\u00f1o de la orientaci\u00f3n de electromec\u00e1nica de la EPET N\u00b08. Este a\u00f1o, participaron de un taller junto a la Asociaci\u00f3n de Amigos de la Astronom\u00eda, los encargados de administrar el Planetario de Palermo, que les ense\u00f1aron a fabricar un telescopio casero para instalar el techo de la instituci\u00f3n.<\/span><\/h2>\n<\/header>\n<\/section>\n<article id=\"article-post\" class=\"cat-rojo\">\n<div class=\"cuerpo\">\n<div class=\"teads-inread teads-display\">\n<div class=\"teads-ui-components-label\"><\/div>\n<div id=\"teads0\" class=\"teads-player\"><\/div>\n<\/div>\n<div id=\"583500-Libre-911658027_wrap\" class=\"embed_cont type_imagen\" contenteditable=\"false\">\n<div id=\"583500-Libre-911658027_content\" class=\"embed_content\"><img decoding=\"async\" id=\"583500-Libre-911658027_embed\" src=\"https:\/\/media.lmneuquen.com\/adjuntos\/195\/imagenes\/004\/177\/0004177627.jpg?0000-00-00-00-00-00\" alt=\"\" longdesc=\"https:\/\/media.lmneuquen.com\/adjuntos\/195\/imagenes\/004\/177\/0004177627.jpg?0000-00-00-00-00-00\" \/><\/div>\n<div id=\"583500-Libre-911658027_copyright\" class=\"embed_copyright empty-epigrafe\">Agust\u00edn Mart\u00ednez<\/div>\n<\/div>\n<p>Mientras elaboraban los espejos c\u00f3ncavos que son el coraz\u00f3n del aparato, los estudiantes se interesaron por aplicar algunos de los conceptos que aprendieron durante su cursada para mejorar la iniciativa. As\u00ed, se les ocurri\u00f3 automatizar el dispositivo para que cualquier habitante de la ciudad pueda a trav\u00e9s de una aplicaci\u00f3n m\u00f3vil, colocar las coordenadas celestes y que el telescopio apunte a un astro o planeta en particular.<\/p>\n<p>\u00abPor una cuesti\u00f3n legal y por las dificultades de acceso, no podemos hacer que todos suban al techo de la escuela\u00bb, detall\u00f3 Gi\u00f1e y explic\u00f3 que, ante esa situaci\u00f3n, decidieron instalar una c\u00e1mara en el ocular del telescopio para que cualquier vecino pueda ver la imagen a trav\u00e9s de un sitio web.<\/p>\n<div id=\"583346-Libre-543481015_wrap\" class=\"embed_cont type_imagen\" contenteditable=\"false\">\n<div id=\"583346-Libre-543481015_content\" class=\"embed_content\"><img decoding=\"async\" id=\"583346-Libre-543481015_embed\" src=\"https:\/\/media.lmneuquen.com\/adjuntos\/195\/imagenes\/004\/175\/0004175530.jpg?0000-00-00-00-00-00\" alt=\"\" longdesc=\"https:\/\/media.lmneuquen.com\/adjuntos\/195\/imagenes\/004\/175\/0004175530.jpg?0000-00-00-00-00-00\" \/><\/div>\n<div id=\"583346-Libre-543481015_copyright\" class=\"embed_copyright empty-epigrafe\">Agust\u00edn Mart\u00ednez<\/div>\n<\/div>\n<p>Seg\u00fan detall\u00f3, dise\u00f1ar\u00e1n un sistema de exclusividad, donde un solo usuario pueda moverlo pero cualquiera pueda ver las representaciones celestes que muestre el aparato. A futuro, la idea es sumar la posibilidad de acceder a los telescopios que fabrican otras escuelas t\u00e9cnicas para superponer las im\u00e1genes y obtener una mejor resoluci\u00f3n de los astros o fen\u00f3menos que se quieran observar.<\/p>\n<p>\u201cA mucha menor escala, es la t\u00e9cnica que se utiliz\u00f3 para ver el agujero negro\u201d, detall\u00f3 a\u00a0<strong>LM Neuqu\u00e9n Guillermo Burgos<\/strong>, uno de los docentes que acompa\u00f1\u00f3 a los j\u00f3venes en el proyecto.<\/p>\n<p>De este modo, lo que comenz\u00f3 como la construcci\u00f3n de un telescopio se convirti\u00f3 en el\u00a0<strong>proyecto Gan\u00edmedes<\/strong>, un plan m\u00e1s ambicioso que les exigi\u00f3 a los estudiantes aplicar conocimientos de electromec\u00e1nica y aprender, en un solo fin de semana, a programar una aplicaci\u00f3n m\u00f3vil para sumar a la iniciativa.<\/p>\n<div id=\"583498-Libre-29913353_wrap\" class=\"embed_cont type_imagen\" contenteditable=\"false\">\n<div id=\"583498-Libre-29913353_content\" class=\"embed_content\"><img decoding=\"async\" id=\"583498-Libre-29913353_embed\" src=\"https:\/\/media.lmneuquen.com\/adjuntos\/195\/imagenes\/004\/177\/0004177599.jpg?0000-00-00-00-00-00\" alt=\"\" longdesc=\"https:\/\/media.lmneuquen.com\/adjuntos\/195\/imagenes\/004\/177\/0004177599.jpg?0000-00-00-00-00-00\" \/><\/div>\n<div id=\"583498-Libre-29913353_copyright\" class=\"embed_copyright empty-epigrafe\">Agust\u00edn Mart\u00ednez<\/div>\n<\/div>\n<p>Con el crecimiento de la propuesta,\u00a0<strong>los estudiantes se presentaron en diferentes instancias de la Feria de Ciencias y se ganaron un pase para representar a Neuqu\u00e9n en la feria nacional<\/strong>, que se desarrollar\u00e1 a fin de mes en Tecn\u00f3polis. Para esa presentaci\u00f3n, llevar\u00e1n un prototipo que armaron con placas y piezas que ellos mismos fabricaron con una impresora 3D, mientras la construcci\u00f3n del telescopio propiamente dicho sigue su curso en los talleres que organiza el CPE.<\/p>\n<p>Para Pablo y Leandro, que planean estudiar distintas ramas de Ingenier\u00eda el a\u00f1o que viene, el proyecto fue una oportunidad de adquirir valiosos conocimientos para el futuro. Tambi\u00e9n, de dotar a su aprendizaje de un costado comunitario, que permitir\u00e1 que m\u00e1s personas disfruten de la astronom\u00eda como lo hacen ellos.<\/p>\n<div id=\"583499-Libre-936671487_wrap\" class=\"embed_cont type_imagen\" contenteditable=\"false\">\n<div id=\"583499-Libre-936671487_content\" class=\"embed_content\"><img decoding=\"async\" id=\"583499-Libre-936671487_embed\" src=\"https:\/\/media.lmneuquen.com\/adjuntos\/195\/imagenes\/004\/177\/0004177613.jpg?0000-00-00-00-00-00\" alt=\"\" longdesc=\"https:\/\/media.lmneuquen.com\/adjuntos\/195\/imagenes\/004\/177\/0004177613.jpg?0000-00-00-00-00-00\" \/><\/div>\n<div id=\"583499-Libre-936671487_copyright\" class=\"embed_copyright empty-epigrafe\">Agust\u00edn Mart\u00ednez<\/div>\n<\/div>\n<p><strong>Piden colaboraci\u00f3n para hacer el modelo<\/strong><\/p>\n<p>Si bien el Consejo Provincial de Educaci\u00f3n (CPE) cubrir\u00e1 el viaje de los estudiantes y profesores a la Feria Nacional de Ciencias, los referentes del proyecto solicitaron la ayuda de la comunidad para hacer frente a los gastos que conlleva producir el modelo que deben presentar en esta instancia de la competencia.\u00a0<strong>Los interesados en colaborar pueden acercarse a la EPET N\u00b08, ubicada en Perticone 55, o llamar al 4424364.<\/strong><\/p>\n<p>Los alumnos detallaron que el costo de la construcci\u00f3n del telescopio tambi\u00e9n ser\u00e1 cubierto por el gobierno provincial, e implica un desembolso de 10 mil pesos para costear la estructura, la automatizaci\u00f3n y los sensores. Por otro lado, tambi\u00e9n deben invertir en la creaci\u00f3n de un domo que resguarde al aparto de la lluvia y el viento.<\/p>\n<div id=\"embed24_wrap\" class=\"embed_cont type_freetext\" contenteditable=\"false\">\n<div id=\"embed24_content\" class=\"embed_content\">\n<div id=\"embed24_embed\"><iframe src=\"https:\/\/www.youtube.com\/embed\/gxJeSVz5xzI\" width=\"100%\" height=\"315\" frameborder=\"0\" allowfullscreen=\"allowfullscreen\" data-mce-fragment=\"1\"><\/iframe><\/div>\n<\/div>\n<\/div>\n<h3>Fuente: La Ma\u00f1ana Neuquen<\/h3>\n<\/div>\n<\/article>\n","protected":false},"excerpt":{"rendered":"<p>Neuqu\u00e9n.-Dos estudiantes son los l\u00edderes del proyecto, que representar\u00e1 a Neuqu\u00e9n en la Feria Nacional de Ciencia.<\/p>\n","protected":false},"author":2,"featured_media":63687,"comment_status":"open","ping_status":"open","sticky":false,"template":"","format":"standard","meta":{"site-sidebar-layout":"default","site-content-layout":"","ast-site-content-layout":"default","site-content-style":"default","site-sidebar-style":"default","ast-global-header-display":"","ast-banner-title-visibility":"","ast-main-header-display":"","ast-hfb-above-header-display":"","ast-hfb-below-header-display":"","ast-hfb-mobile-header-display":"","site-post-title":"","ast-breadcrumbs-content":"","ast-featured-img":"","footer-sml-layout":"","ast-disable-related-posts":"","theme-transparent-header-meta":"","adv-header-id-meta":"","stick-header-meta":"","header-above-stick-meta":"","header-main-stick-meta":"","header-below-stick-meta":"","astra-migrate-meta-layouts":"default","ast-page-background-enabled":"default","ast-page-background-meta":{"desktop":{"background-color":"var(--ast-global-color-5)","background-image":"","background-repeat":"repeat","background-position":"center center","background-size":"auto","background-attachment":"scroll","background-type":"","background-media":"","overlay-type":"","overlay-color":"","overlay-opacity":"","overlay-gradient":""},"tablet":{"background-color":"","background-image":"","background-repeat":"repeat","background-position":"center center","background-size":"auto","background-attachment":"scroll","background-type":"","background-media":"","overlay-type":"","overlay-color":"","overlay-opacity":"","overlay-gradient":""},"mobile":{"background-color":"","background-image":"","background-repeat":"repeat","background-position":"center center","background-size":"auto","background-attachment":"scroll","background-type":"","background-media":"","overlay-type":"","overlay-color":"","overlay-opacity":"","overlay-gradient":""}},"ast-content-background-meta":{"desktop":{"background-color":"var(--ast-global-color-4)","background-image":"","background-repeat":"repeat","background-position":"center center","background-size":"auto","background-attachment":"scroll","background-type":"","background-media":"","overlay-type":"","overlay-color":"","overlay-opacity":"","overlay-gradient":""},"tablet":{"background-color":"var(--ast-global-color-4)","background-image":"","background-repeat":"repeat","background-position":"center center","background-size":"auto","background-attachment":"scroll","background-type":"","background-media":"","overlay-type":"","overlay-color":"","overlay-opacity":"","overlay-gradient":""},"mobile":{"background-color":"var(--ast-global-color-4)","background-image":"","background-repeat":"repeat","background-position":"center center","background-size":"auto","background-attachment":"scroll","background-type":"","background-media":"","overlay-type":"","overlay-color":"","overlay-opacity":"","overlay-gradient":""}},"footnotes":""},"categories":[12,1],"tags":[],"class_list":["post-63686","post","type-post","status-publish","format-standard","has-post-thumbnail","hentry","category-agenda-ambiental","category-noticias"],"yoast_head":"<!-- This site is optimized with the Yoast SEO Premium plugin v23.0 (Yoast SEO v27.5) - https:\/\/yoast.com\/product\/yoast-seo-premium-wordpress\/ -->\n<title>Alumnos de la EPET 8 de Neuqu\u00e9n crean un telescopio que podr\u00e1 ser usado por todos los vecinos<\/title>\n<meta name=\"robots\" content=\"index, follow, max-snippet:-1, max-image-preview:large, max-video-preview:-1\" \/>\n<link rel=\"canonical\" href=\"https:\/\/patagoniambiental.com.ar\/info\/alumnos-de-la-epet-8-de-neuquen-crean-un-telescopio-que-podra-ser-usado-por-todos-los-vecinos\/\" \/>\n<meta property=\"og:locale\" content=\"es_ES\" \/>\n<meta property=\"og:type\" content=\"article\" \/>\n<meta property=\"og:title\" content=\"Alumnos de la EPET 8 de Neuqu\u00e9n crean un telescopio que podr\u00e1 ser usado por todos los vecinos\" \/>\n<meta property=\"og:description\" content=\"Neuqu\u00e9n.-Dos estudiantes son los l\u00edderes del proyecto, que representar\u00e1 a Neuqu\u00e9n en la Feria Nacional de Ciencia.\" \/>\n<meta property=\"og:url\" content=\"https:\/\/patagoniambiental.com.ar\/info\/alumnos-de-la-epet-8-de-neuquen-crean-un-telescopio-que-podra-ser-usado-por-todos-los-vecinos\/\" \/>\n<meta property=\"og:site_name\" content=\"Patagonia Ambiental\" \/>\n<meta property=\"article:publisher\" content=\"https:\/\/www.facebook.com\/patagonia.ambiental\" \/>\n<meta property=\"article:author\" content=\"https:\/\/www.facebook.com\/share\/1C1V8Gv9BX\/?mibextid=qi2Omg\" \/>\n<meta property=\"article:published_time\" content=\"2019-10-22T10:00:11+00:00\" \/>\n<meta property=\"og:image\" content=\"https:\/\/patagoniambiental.com.ar\/info\/wp-content\/uploads\/2019\/10\/0004175504.jpg\" \/>\n\t<meta property=\"og:image:width\" content=\"770\" \/>\n\t<meta property=\"og:image:height\" content=\"435\" \/>\n\t<meta property=\"og:image:type\" content=\"image\/jpeg\" \/>\n<meta name=\"author\" content=\"Patagonia Ambiental\" \/>\n<meta name=\"twitter:card\" content=\"summary_large_image\" \/>\n<meta name=\"twitter:creator\" content=\"@PatAmb\" \/>\n<meta name=\"twitter:site\" content=\"@PatAmb\" \/>\n<script type=\"application\/ld+json\" class=\"yoast-schema-graph\">{\"@context\":\"https:\\\/\\\/schema.org\",\"@graph\":[{\"@type\":\"Article\",\"@id\":\"https:\\\/\\\/patagoniambiental.com.ar\\\/info\\\/alumnos-de-la-epet-8-de-neuquen-crean-un-telescopio-que-podra-ser-usado-por-todos-los-vecinos\\\/#article\",\"isPartOf\":{\"@id\":\"https:\\\/\\\/patagoniambiental.com.ar\\\/info\\\/alumnos-de-la-epet-8-de-neuquen-crean-un-telescopio-que-podra-ser-usado-por-todos-los-vecinos\\\/\"},\"author\":{\"name\":\"Patagonia Ambiental\",\"@id\":\"https:\\\/\\\/patagoniambiental.com.ar\\\/info\\\/#\\\/schema\\\/person\\\/db12bff64bbcbf6a253710bf0ea37b5d\"},\"headline\":\"Alumnos de la EPET 8 de Neuqu\u00e9n crean un telescopio que podr\u00e1 ser usado por todos los vecinos\",\"datePublished\":\"2019-10-22T10:00:11+00:00\",\"mainEntityOfPage\":{\"@id\":\"https:\\\/\\\/patagoniambiental.com.ar\\\/info\\\/alumnos-de-la-epet-8-de-neuquen-crean-un-telescopio-que-podra-ser-usado-por-todos-los-vecinos\\\/\"},\"wordCount\":794,\"commentCount\":0,\"publisher\":{\"@id\":\"https:\\\/\\\/patagoniambiental.com.ar\\\/info\\\/#organization\"},\"image\":{\"@id\":\"https:\\\/\\\/patagoniambiental.com.ar\\\/info\\\/alumnos-de-la-epet-8-de-neuquen-crean-un-telescopio-que-podra-ser-usado-por-todos-los-vecinos\\\/#primaryimage\"},\"thumbnailUrl\":\"https:\\\/\\\/patagoniambiental.com.ar\\\/info\\\/wp-content\\\/uploads\\\/2019\\\/10\\\/0004175504.jpg\",\"articleSection\":[\"Agenda Ambiental\",\"Noticias\"],\"inLanguage\":\"es\",\"potentialAction\":[{\"@type\":\"CommentAction\",\"name\":\"Comment\",\"target\":[\"https:\\\/\\\/patagoniambiental.com.ar\\\/info\\\/alumnos-de-la-epet-8-de-neuquen-crean-un-telescopio-que-podra-ser-usado-por-todos-los-vecinos\\\/#respond\"]}]},{\"@type\":\"WebPage\",\"@id\":\"https:\\\/\\\/patagoniambiental.com.ar\\\/info\\\/alumnos-de-la-epet-8-de-neuquen-crean-un-telescopio-que-podra-ser-usado-por-todos-los-vecinos\\\/\",\"url\":\"https:\\\/\\\/patagoniambiental.com.ar\\\/info\\\/alumnos-de-la-epet-8-de-neuquen-crean-un-telescopio-que-podra-ser-usado-por-todos-los-vecinos\\\/\",\"name\":\"Alumnos de la EPET 8 de Neuqu\u00e9n crean un telescopio que podr\u00e1 ser usado por todos los vecinos\",\"isPartOf\":{\"@id\":\"https:\\\/\\\/patagoniambiental.com.ar\\\/info\\\/#website\"},\"primaryImageOfPage\":{\"@id\":\"https:\\\/\\\/patagoniambiental.com.ar\\\/info\\\/alumnos-de-la-epet-8-de-neuquen-crean-un-telescopio-que-podra-ser-usado-por-todos-los-vecinos\\\/#primaryimage\"},\"image\":{\"@id\":\"https:\\\/\\\/patagoniambiental.com.ar\\\/info\\\/alumnos-de-la-epet-8-de-neuquen-crean-un-telescopio-que-podra-ser-usado-por-todos-los-vecinos\\\/#primaryimage\"},\"thumbnailUrl\":\"https:\\\/\\\/patagoniambiental.com.ar\\\/info\\\/wp-content\\\/uploads\\\/2019\\\/10\\\/0004175504.jpg\",\"datePublished\":\"2019-10-22T10:00:11+00:00\",\"breadcrumb\":{\"@id\":\"https:\\\/\\\/patagoniambiental.com.ar\\\/info\\\/alumnos-de-la-epet-8-de-neuquen-crean-un-telescopio-que-podra-ser-usado-por-todos-los-vecinos\\\/#breadcrumb\"},\"inLanguage\":\"es\",\"potentialAction\":[{\"@type\":\"ReadAction\",\"target\":[\"https:\\\/\\\/patagoniambiental.com.ar\\\/info\\\/alumnos-de-la-epet-8-de-neuquen-crean-un-telescopio-que-podra-ser-usado-por-todos-los-vecinos\\\/\"]}]},{\"@type\":\"ImageObject\",\"inLanguage\":\"es\",\"@id\":\"https:\\\/\\\/patagoniambiental.com.ar\\\/info\\\/alumnos-de-la-epet-8-de-neuquen-crean-un-telescopio-que-podra-ser-usado-por-todos-los-vecinos\\\/#primaryimage\",\"url\":\"https:\\\/\\\/patagoniambiental.com.ar\\\/info\\\/wp-content\\\/uploads\\\/2019\\\/10\\\/0004175504.jpg\",\"contentUrl\":\"https:\\\/\\\/patagoniambiental.com.ar\\\/info\\\/wp-content\\\/uploads\\\/2019\\\/10\\\/0004175504.jpg\",\"width\":770,\"height\":435},{\"@type\":\"BreadcrumbList\",\"@id\":\"https:\\\/\\\/patagoniambiental.com.ar\\\/info\\\/alumnos-de-la-epet-8-de-neuquen-crean-un-telescopio-que-podra-ser-usado-por-todos-los-vecinos\\\/#breadcrumb\",\"itemListElement\":[{\"@type\":\"ListItem\",\"position\":1,\"name\":\"Inicio\",\"item\":\"https:\\\/\\\/patagoniambiental.com.ar\\\/info\\\/\"},{\"@type\":\"ListItem\",\"position\":2,\"name\":\"Alumnos de la EPET 8 de Neuqu\u00e9n crean un telescopio que podr\u00e1 ser usado por todos los vecinos\"}]},{\"@type\":\"WebSite\",\"@id\":\"https:\\\/\\\/patagoniambiental.com.ar\\\/info\\\/#website\",\"url\":\"https:\\\/\\\/patagoniambiental.com.ar\\\/info\\\/\",\"name\":\"Patagonia Ambiental\",\"description\":\"Monitoreo y an\u00e1lisis de la situaci\u00f3n geopol\u00edtica en el mundo y su implicancia en la Patagonia\",\"publisher\":{\"@id\":\"https:\\\/\\\/patagoniambiental.com.ar\\\/info\\\/#organization\"},\"potentialAction\":[{\"@type\":\"SearchAction\",\"target\":{\"@type\":\"EntryPoint\",\"urlTemplate\":\"https:\\\/\\\/patagoniambiental.com.ar\\\/info\\\/?s={search_term_string}\"},\"query-input\":{\"@type\":\"PropertyValueSpecification\",\"valueRequired\":true,\"valueName\":\"search_term_string\"}}],\"inLanguage\":\"es\"},{\"@type\":\"Organization\",\"@id\":\"https:\\\/\\\/patagoniambiental.com.ar\\\/info\\\/#organization\",\"name\":\"Patagonia Ambiental\",\"url\":\"https:\\\/\\\/patagoniambiental.com.ar\\\/info\\\/\",\"logo\":{\"@type\":\"ImageObject\",\"inLanguage\":\"es\",\"@id\":\"https:\\\/\\\/patagoniambiental.com.ar\\\/info\\\/#\\\/schema\\\/logo\\\/image\\\/\",\"url\":\"https:\\\/\\\/patagoniambiental.com.ar\\\/info\\\/wp-content\\\/uploads\\\/2025\\\/05\\\/LOGO-PATAGONIA-AMBIENTAL.png\",\"contentUrl\":\"https:\\\/\\\/patagoniambiental.com.ar\\\/info\\\/wp-content\\\/uploads\\\/2025\\\/05\\\/LOGO-PATAGONIA-AMBIENTAL.png\",\"width\":433,\"height\":250,\"caption\":\"Patagonia Ambiental\"},\"image\":{\"@id\":\"https:\\\/\\\/patagoniambiental.com.ar\\\/info\\\/#\\\/schema\\\/logo\\\/image\\\/\"},\"sameAs\":[\"https:\\\/\\\/www.facebook.com\\\/patagonia.ambiental\",\"https:\\\/\\\/x.com\\\/PatAmb\"]},{\"@type\":\"Person\",\"@id\":\"https:\\\/\\\/patagoniambiental.com.ar\\\/info\\\/#\\\/schema\\\/person\\\/db12bff64bbcbf6a253710bf0ea37b5d\",\"name\":\"Patagonia Ambiental\",\"description\":\"Andr\u00e9s Nievas T\u00e9cnico en manejo ambiental, consultor Ambiental y escritor para medios locales e internacionales sobre temas de geopolitica y medio ambiente.\",\"sameAs\":[\"http:\\\/\\\/www.patagoniambiental.com.ar\",\"https:\\\/\\\/www.facebook.com\\\/share\\\/1C1V8Gv9BX\\\/?mibextid=qi2Omg\",\"@patagoniambiental\",\"https:\\\/\\\/youtube.com\\\/@patagoniaambiental2023?si=BLt58t0wuXquxlYZ\"]}]}<\/script>\n<!-- \/ Yoast SEO Premium plugin. -->","yoast_head_json":{"title":"Alumnos de la EPET 8 de Neuqu\u00e9n crean un telescopio que podr\u00e1 ser usado por todos los vecinos","robots":{"index":"index","follow":"follow","max-snippet":"max-snippet:-1","max-image-preview":"max-image-preview:large","max-video-preview":"max-video-preview:-1"},"canonical":"https:\/\/patagoniambiental.com.ar\/info\/alumnos-de-la-epet-8-de-neuquen-crean-un-telescopio-que-podra-ser-usado-por-todos-los-vecinos\/","og_locale":"es_ES","og_type":"article","og_title":"Alumnos de la EPET 8 de Neuqu\u00e9n crean un telescopio que podr\u00e1 ser usado por todos los vecinos","og_description":"Neuqu\u00e9n.-Dos estudiantes son los l\u00edderes del proyecto, que representar\u00e1 a Neuqu\u00e9n en la Feria Nacional de Ciencia.","og_url":"https:\/\/patagoniambiental.com.ar\/info\/alumnos-de-la-epet-8-de-neuquen-crean-un-telescopio-que-podra-ser-usado-por-todos-los-vecinos\/","og_site_name":"Patagonia Ambiental","article_publisher":"https:\/\/www.facebook.com\/patagonia.ambiental","article_author":"https:\/\/www.facebook.com\/share\/1C1V8Gv9BX\/?mibextid=qi2Omg","article_published_time":"2019-10-22T10:00:11+00:00","og_image":[{"width":770,"height":435,"url":"https:\/\/patagoniambiental.com.ar\/info\/wp-content\/uploads\/2019\/10\/0004175504.jpg","type":"image\/jpeg"}],"author":"Patagonia Ambiental","twitter_card":"summary_large_image","twitter_creator":"@PatAmb","twitter_site":"@PatAmb","schema":{"@context":"https:\/\/schema.org","@graph":[{"@type":"Article","@id":"https:\/\/patagoniambiental.com.ar\/info\/alumnos-de-la-epet-8-de-neuquen-crean-un-telescopio-que-podra-ser-usado-por-todos-los-vecinos\/#article","isPartOf":{"@id":"https:\/\/patagoniambiental.com.ar\/info\/alumnos-de-la-epet-8-de-neuquen-crean-un-telescopio-que-podra-ser-usado-por-todos-los-vecinos\/"},"author":{"name":"Patagonia Ambiental","@id":"https:\/\/patagoniambiental.com.ar\/info\/#\/schema\/person\/db12bff64bbcbf6a253710bf0ea37b5d"},"headline":"Alumnos de la EPET 8 de Neuqu\u00e9n crean un telescopio que podr\u00e1 ser usado por todos los vecinos","datePublished":"2019-10-22T10:00:11+00:00","mainEntityOfPage":{"@id":"https:\/\/patagoniambiental.com.ar\/info\/alumnos-de-la-epet-8-de-neuquen-crean-un-telescopio-que-podra-ser-usado-por-todos-los-vecinos\/"},"wordCount":794,"commentCount":0,"publisher":{"@id":"https:\/\/patagoniambiental.com.ar\/info\/#organization"},"image":{"@id":"https:\/\/patagoniambiental.com.ar\/info\/alumnos-de-la-epet-8-de-neuquen-crean-un-telescopio-que-podra-ser-usado-por-todos-los-vecinos\/#primaryimage"},"thumbnailUrl":"https:\/\/patagoniambiental.com.ar\/info\/wp-content\/uploads\/2019\/10\/0004175504.jpg","articleSection":["Agenda Ambiental","Noticias"],"inLanguage":"es","potentialAction":[{"@type":"CommentAction","name":"Comment","target":["https:\/\/patagoniambiental.com.ar\/info\/alumnos-de-la-epet-8-de-neuquen-crean-un-telescopio-que-podra-ser-usado-por-todos-los-vecinos\/#respond"]}]},{"@type":"WebPage","@id":"https:\/\/patagoniambiental.com.ar\/info\/alumnos-de-la-epet-8-de-neuquen-crean-un-telescopio-que-podra-ser-usado-por-todos-los-vecinos\/","url":"https:\/\/patagoniambiental.com.ar\/info\/alumnos-de-la-epet-8-de-neuquen-crean-un-telescopio-que-podra-ser-usado-por-todos-los-vecinos\/","name":"Alumnos de la EPET 8 de Neuqu\u00e9n crean un telescopio que podr\u00e1 ser usado por todos los vecinos","isPartOf":{"@id":"https:\/\/patagoniambiental.com.ar\/info\/#website"},"primaryImageOfPage":{"@id":"https:\/\/patagoniambiental.com.ar\/info\/alumnos-de-la-epet-8-de-neuquen-crean-un-telescopio-que-podra-ser-usado-por-todos-los-vecinos\/#primaryimage"},"image":{"@id":"https:\/\/patagoniambiental.com.ar\/info\/alumnos-de-la-epet-8-de-neuquen-crean-un-telescopio-que-podra-ser-usado-por-todos-los-vecinos\/#primaryimage"},"thumbnailUrl":"https:\/\/patagoniambiental.com.ar\/info\/wp-content\/uploads\/2019\/10\/0004175504.jpg","datePublished":"2019-10-22T10:00:11+00:00","breadcrumb":{"@id":"https:\/\/patagoniambiental.com.ar\/info\/alumnos-de-la-epet-8-de-neuquen-crean-un-telescopio-que-podra-ser-usado-por-todos-los-vecinos\/#breadcrumb"},"inLanguage":"es","potentialAction":[{"@type":"ReadAction","target":["https:\/\/patagoniambiental.com.ar\/info\/alumnos-de-la-epet-8-de-neuquen-crean-un-telescopio-que-podra-ser-usado-por-todos-los-vecinos\/"]}]},{"@type":"ImageObject","inLanguage":"es","@id":"https:\/\/patagoniambiental.com.ar\/info\/alumnos-de-la-epet-8-de-neuquen-crean-un-telescopio-que-podra-ser-usado-por-todos-los-vecinos\/#primaryimage","url":"https:\/\/patagoniambiental.com.ar\/info\/wp-content\/uploads\/2019\/10\/0004175504.jpg","contentUrl":"https:\/\/patagoniambiental.com.ar\/info\/wp-content\/uploads\/2019\/10\/0004175504.jpg","width":770,"height":435},{"@type":"BreadcrumbList","@id":"https:\/\/patagoniambiental.com.ar\/info\/alumnos-de-la-epet-8-de-neuquen-crean-un-telescopio-que-podra-ser-usado-por-todos-los-vecinos\/#breadcrumb","itemListElement":[{"@type":"ListItem","position":1,"name":"Inicio","item":"https:\/\/patagoniambiental.com.ar\/info\/"},{"@type":"ListItem","position":2,"name":"Alumnos de la EPET 8 de Neuqu\u00e9n crean un telescopio que podr\u00e1 ser usado por todos los vecinos"}]},{"@type":"WebSite","@id":"https:\/\/patagoniambiental.com.ar\/info\/#website","url":"https:\/\/patagoniambiental.com.ar\/info\/","name":"Patagonia Ambiental","description":"Monitoreo y an\u00e1lisis de la situaci\u00f3n geopol\u00edtica en el mundo y su implicancia en la Patagonia","publisher":{"@id":"https:\/\/patagoniambiental.com.ar\/info\/#organization"},"potentialAction":[{"@type":"SearchAction","target":{"@type":"EntryPoint","urlTemplate":"https:\/\/patagoniambiental.com.ar\/info\/?s={search_term_string}"},"query-input":{"@type":"PropertyValueSpecification","valueRequired":true,"valueName":"search_term_string"}}],"inLanguage":"es"},{"@type":"Organization","@id":"https:\/\/patagoniambiental.com.ar\/info\/#organization","name":"Patagonia Ambiental","url":"https:\/\/patagoniambiental.com.ar\/info\/","logo":{"@type":"ImageObject","inLanguage":"es","@id":"https:\/\/patagoniambiental.com.ar\/info\/#\/schema\/logo\/image\/","url":"https:\/\/patagoniambiental.com.ar\/info\/wp-content\/uploads\/2025\/05\/LOGO-PATAGONIA-AMBIENTAL.png","contentUrl":"https:\/\/patagoniambiental.com.ar\/info\/wp-content\/uploads\/2025\/05\/LOGO-PATAGONIA-AMBIENTAL.png","width":433,"height":250,"caption":"Patagonia Ambiental"},"image":{"@id":"https:\/\/patagoniambiental.com.ar\/info\/#\/schema\/logo\/image\/"},"sameAs":["https:\/\/www.facebook.com\/patagonia.ambiental","https:\/\/x.com\/PatAmb"]},{"@type":"Person","@id":"https:\/\/patagoniambiental.com.ar\/info\/#\/schema\/person\/db12bff64bbcbf6a253710bf0ea37b5d","name":"Patagonia Ambiental","description":"Andr\u00e9s Nievas T\u00e9cnico en manejo ambiental, consultor Ambiental y escritor para medios locales e internacionales sobre temas de geopolitica y medio ambiente.","sameAs":["http:\/\/www.patagoniambiental.com.ar","https:\/\/www.facebook.com\/share\/1C1V8Gv9BX\/?mibextid=qi2Omg","@patagoniambiental","https:\/\/youtube.com\/@patagoniaambiental2023?si=BLt58t0wuXquxlYZ"]}]}},"_links":{"self":[{"href":"https:\/\/patagoniambiental.com.ar\/info\/wp-json\/wp\/v2\/posts\/63686","targetHints":{"allow":["GET"]}}],"collection":[{"href":"https:\/\/patagoniambiental.com.ar\/info\/wp-json\/wp\/v2\/posts"}],"about":[{"href":"https:\/\/patagoniambiental.com.ar\/info\/wp-json\/wp\/v2\/types\/post"}],"author":[{"embeddable":true,"href":"https:\/\/patagoniambiental.com.ar\/info\/wp-json\/wp\/v2\/users\/2"}],"replies":[{"embeddable":true,"href":"https:\/\/patagoniambiental.com.ar\/info\/wp-json\/wp\/v2\/comments?post=63686"}],"version-history":[{"count":0,"href":"https:\/\/patagoniambiental.com.ar\/info\/wp-json\/wp\/v2\/posts\/63686\/revisions"}],"wp:featuredmedia":[{"embeddable":true,"href":"https:\/\/patagoniambiental.com.ar\/info\/wp-json\/wp\/v2\/media\/63687"}],"wp:attachment":[{"href":"https:\/\/patagoniambiental.com.ar\/info\/wp-json\/wp\/v2\/media?parent=63686"}],"wp:term":[{"taxonomy":"category","embeddable":true,"href":"https:\/\/patagoniambiental.com.ar\/info\/wp-json\/wp\/v2\/categories?post=63686"},{"taxonomy":"post_tag","embeddable":true,"href":"https:\/\/patagoniambiental.com.ar\/info\/wp-json\/wp\/v2\/tags?post=63686"}],"curies":[{"name":"wp","href":"https:\/\/api.w.org\/{rel}","templated":true}]}}