{"id":63720,"date":"2019-10-24T19:00:40","date_gmt":"2019-10-24T22:00:40","guid":{"rendered":"http:\/\/patagoniambiental.com.ar\/info\/?p=63720"},"modified":"2019-10-23T13:02:13","modified_gmt":"2019-10-23T16:02:13","slug":"analizan-datos-para-administrar-la-basura","status":"publish","type":"post","link":"https:\/\/patagoniambiental.com.ar\/info\/analizan-datos-para-administrar-la-basura\/","title":{"rendered":"Analizan datos para administrar la basura"},"content":{"rendered":"<aside class=\"article-aside clearfix\">\n<dl class=\"article-info pull-left\">\n<dd class=\"published\">General Pico\/La Pampa.-Anunciaron que construir\u00e1n una vez m\u00e1s el\u00a0<strong>Eco \u00c1rbol<\/strong>\u00a0en la ciudad, esta vez con envases de pl\u00e1stico r\u00edgido. Ser\u00e1 encendido el pr\u00f3ximo 8 de diciembre.<\/dd>\n<dd><!--more--><\/dd>\n<\/dl>\n<p><img fetchpriority=\"high\" decoding=\"async\" class=\"alignleft\" src=\"https:\/\/www.eldiariodelapampa.com.ar\/images\/2019\/Octubre\/23-10-2019\/basura.jpg\" alt=\"\" width=\"517\" height=\"337\" \/><\/p>\n<\/aside>\n<p>&nbsp;<\/p>\n<section class=\"article-content clearfix row\">\n<div class=\"article-body span12 span8 eq-first\">\n<p>General Pico (Agencia) &#8211; El municipio local y el Gobierno Provincial concluyeron recientemente con el estudio realizado sobre la recolecci\u00f3n de residuos en General Pico y localidades del norte. Ahora se analizan los datos obtenidos para comenzar a proyectar un trabajo conjunto para la recolecci\u00f3n y la deposici\u00f3n final de los residuos en el norte de la provincia.<\/p>\n<p>La directora municipal de Ambiente, Melina Medus, ofreci\u00f3 ayer una conferencia de prensa para adelantar la construcci\u00f3n de un nuevo Eco \u00c1rbol y, en ese contexto, se refiri\u00f3 a la culminaci\u00f3n del trabajo realizado con el INTI y el Gobierno Provincial, idea impulsada por la intendenta electa de esta ciudad, Fernanda Alonso, con el objetivo de administrar los residuos de manera conjunta con localidades del norte provincial.<\/p>\n<p>\u201cYa est\u00e1 terminado, estamos procesando y analizando los datos\u201d, adelant\u00f3 Medus sobre el estudio y admiti\u00f3 que los datos obtenidos en Pico \u201cno nos sorprenden\u201d.<br \/>\nDetall\u00f3 luego que \u201cestamos levantando 1,5 kg per c\u00e1pita, generamos 90 toneladas de residuos por d\u00eda. Estamos por encima de la media, pero hoy la mayor\u00eda de las ciudades est\u00e1n todas muy altas, por arriba de la media\u201d.<\/p>\n<p>La funcionaria record\u00f3 en tal sentido que \u201cel \u00faltimo estudio del a\u00f1o 2006 daba que en General Pico ten\u00edamos 0,95 kilo, no lleg\u00e1bamos a un kilo, y ahora estamos en 1,5 kg. Y esto es estacional, hay que entender que lo estamos haciendo en una \u00e9poca que sab\u00edamos que iba a ser m\u00e1s bajo, sabemos que la generaci\u00f3n de residuos es estacional, llega fin de a\u00f1o y se generan muchos m\u00e1s residuos\u201d.<\/p>\n<p><strong>Planta<\/strong><\/p>\n<p>Medus destac\u00f3 que \u201cuna de las cosas que no deja de sorprendernos es la cantidad de residuos que generamos en la planta de transferencia\u201d. Y analiz\u00f3 que \u201cesto tiene muchos puntos de an\u00e1lisis, el primero es muy positivo, porque la gente voluntariamente va a llevar sus residuos, es algo que no se da en todas las ciudades, lo cual podemos decir que es importante haber logrado el cambio cultural en la gente\u201d.<\/p>\n<p>Y admiti\u00f3 al respecto que \u201ctenemos algunos puntos cr\u00f3nicos donde tenemos problemas en general. Da mucho trabajo en las instalaciones, ya tenemos previstos algunos cambios y mejoras en las instalaciones, hay que trabajar m\u00e1s con el vecino en la separaci\u00f3n\u201d.<\/p>\n<p>Consultada por la posibilidad de generar menos residuos, la directora de Ambiente no se mostr\u00f3 esperanzada por el momento. \u201cNo creo que se baje la cantidad, pero ser\u00eda m\u00e1s f\u00e1cil la separaci\u00f3n en la planta. Lo que creemos es que hay que minimizar la generaci\u00f3n, por eso hablamos de cambiar el paradigma, la gente tiene que saber que cuando compra algo compra algo que va al medioambiente. A lo que podemos aspirar en el futuro es que la gente se plantee qu\u00e9 compra\u201d.<\/p>\n<p><strong>Deposici\u00f3n final<\/strong><\/p>\n<p>Medus record\u00f3 que los estudios en Pico y localidades del norte se realizaron \u201cpara ver la posibilidad de generar una soluci\u00f3n para toda la microrregi\u00f3n, encontrar una soluci\u00f3n para la deposici\u00f3n final y para la gesti\u00f3n de los residuos\u201d.<\/p>\n<p>Cit\u00f3 al respecto que \u201cya en estudios anteriores se hablaba que es m\u00e1s f\u00e1cil trabajar, invertir en maquinarias para varias localidades que para una sola localidad, por lo cual creemos que para muchas problem\u00e1ticas es el camino correcto\u201d.<\/p>\n<p>Y record\u00f3 que \u201chay muchas localidades peque\u00f1as que no tienen la posibilidad de tener una planta, o no tienen el volumen o la magnitud, e igual tienen una problem\u00e1tica con los residuos, por lo cual la idea es trabajar en conjunto con localidades que sean cabeceras, buscando una deposici\u00f3n final en conjunto, ayudar\u00eda much\u00edsimo\u201d.<\/p>\n<p><strong>Construir\u00e1n Eco \u00c1rbol con<\/strong><br \/>\n<strong>envases de pl\u00e1stico r\u00edgido<\/strong><\/p>\n<p>General Pico (Agencia) &#8211; El secretario de Ambiente, Ra\u00fal Angiono, y la directora Melina Medus anunciaron ayer que se construir\u00e1 una vez m\u00e1s el Eco \u00c1rbol en la ciudad, esta vez con envases de pl\u00e1stico r\u00edgido. Ser\u00e1 encendido el pr\u00f3ximo 8 de diciembre en la Secretar\u00eda de Ambiente y Servicios P\u00fablicos, en calle 40 esquina 5.<br \/>\nEn este contexto, Medus dio a conocer que \u201cel Eco \u00c1rbol de Navidad vamos a realizarlo este a\u00f1o nuevamente con pl\u00e1stico, pero en categor\u00edas dos y tres, que son los m\u00e1s r\u00edgidos y de colores, como envases de champ\u00fa, acondicionador, productos de limpieza&#8230; Por eso es importante que los separemos en origen para poder construir nuestro \u00e1rbol\u201d.<\/p>\n<p>Agreg\u00f3 que \u201clos vamos a estar juntando ac\u00e1 en la Secretar\u00eda y tendremos algunos contenedores en sitios de la ciudad que iremos informando. Queremos que sea una obra colorida para cerrar el a\u00f1o y que juntos aprendamos de este tipo de materiales para que puedan separarlos de los residuos domiciliarios\u201d.<\/p>\n<p>En cuanto a la cantidad de envases necesarios, Medus expres\u00f3 que \u201cnecesitamos alrededor de 4000 para llegar a construir el \u00e1rbol navide\u00f1o, tarea para la cual trabajaremos tambi\u00e9n con instituciones educativas y del medio, como todos los a\u00f1os\u201d.<\/p>\n<p>Y concluy\u00f3: \u201cCuando se desarme el \u00e1rbol vamos llevar este material a la planta de separaci\u00f3n de residuos s\u00f3lidos y urbanos, donde se procesa todo el pl\u00e1stico para su venta\u201d.<\/p>\n<p>Fuente:\u00a0https:\/\/www.eldiariodelapampa.com.ar\/index.php\/portada\/108-terciario\/68218-analizan-datos-para-administrar-la-basura<\/p>\n<\/div>\n<\/section>\n","protected":false},"excerpt":{"rendered":"<p>General Pico\/La Pampa.-Anunciaron que construir\u00e1n una vez m\u00e1s el\u00a0Eco \u00c1rbol\u00a0en la ciudad, esta vez con envases de pl\u00e1stico r\u00edgido. Ser\u00e1 [&hellip;]<\/p>\n","protected":false},"author":2,"featured_media":63721,"comment_status":"open","ping_status":"open","sticky":false,"template":"","format":"standard","meta":{"site-sidebar-layout":"default","site-content-layout":"","ast-site-content-layout":"default","site-content-style":"default","site-sidebar-style":"default","ast-global-header-display":"","ast-banner-title-visibility":"","ast-main-header-display":"","ast-hfb-above-header-display":"","ast-hfb-below-header-display":"","ast-hfb-mobile-header-display":"","site-post-title":"","ast-breadcrumbs-content":"","ast-featured-img":"","footer-sml-layout":"","ast-disable-related-posts":"","theme-transparent-header-meta":"","adv-header-id-meta":"","stick-header-meta":"","header-above-stick-meta":"","header-main-stick-meta":"","header-below-stick-meta":"","astra-migrate-meta-layouts":"default","ast-page-background-enabled":"default","ast-page-background-meta":{"desktop":{"background-color":"var(--ast-global-color-5)","background-image":"","background-repeat":"repeat","background-position":"center center","background-size":"auto","background-attachment":"scroll","background-type":"","background-media":"","overlay-type":"","overlay-color":"","overlay-opacity":"","overlay-gradient":""},"tablet":{"background-color":"","background-image":"","background-repeat":"repeat","background-position":"center center","background-size":"auto","background-attachment":"scroll","background-type":"","background-media":"","overlay-type":"","overlay-color":"","overlay-opacity":"","overlay-gradient":""},"mobile":{"background-color":"","background-image":"","background-repeat":"repeat","background-position":"center center","background-size":"auto","background-attachment":"scroll","background-type":"","background-media":"","overlay-type":"","overlay-color":"","overlay-opacity":"","overlay-gradient":""}},"ast-content-background-meta":{"desktop":{"background-color":"var(--ast-global-color-4)","background-image":"","background-repeat":"repeat","background-position":"center center","background-size":"auto","background-attachment":"scroll","background-type":"","background-media":"","overlay-type":"","overlay-color":"","overlay-opacity":"","overlay-gradient":""},"tablet":{"background-color":"var(--ast-global-color-4)","background-image":"","background-repeat":"repeat","background-position":"center center","background-size":"auto","background-attachment":"scroll","background-type":"","background-media":"","overlay-type":"","overlay-color":"","overlay-opacity":"","overlay-gradient":""},"mobile":{"background-color":"var(--ast-global-color-4)","background-image":"","background-repeat":"repeat","background-position":"center center","background-size":"auto","background-attachment":"scroll","background-type":"","background-media":"","overlay-type":"","overlay-color":"","overlay-opacity":"","overlay-gradient":""}},"footnotes":""},"categories":[3357,59,1,10],"tags":[],"class_list":["post-63720","post","type-post","status-publish","format-standard","has-post-thumbnail","hentry","category-girsu","category-la-pampa","category-noticias","category-rotador"],"yoast_head":"<!-- This site is optimized with the Yoast SEO Premium plugin v23.0 (Yoast SEO v27.5) - https:\/\/yoast.com\/product\/yoast-seo-premium-wordpress\/ -->\n<title>Analizan datos para administrar la basura<\/title>\n<meta name=\"robots\" content=\"index, follow, max-snippet:-1, max-image-preview:large, max-video-preview:-1\" \/>\n<link rel=\"canonical\" href=\"https:\/\/patagoniambiental.com.ar\/info\/analizan-datos-para-administrar-la-basura\/\" \/>\n<meta property=\"og:locale\" content=\"es_ES\" \/>\n<meta property=\"og:type\" content=\"article\" \/>\n<meta property=\"og:title\" content=\"Analizan datos para administrar la basura\" \/>\n<meta property=\"og:description\" content=\"General Pico\/La Pampa.-Anunciaron que construir\u00e1n una vez m\u00e1s el\u00a0Eco \u00c1rbol\u00a0en la ciudad, esta vez con envases de pl\u00e1stico r\u00edgido. Ser\u00e1 [&hellip;]\" \/>\n<meta property=\"og:url\" content=\"https:\/\/patagoniambiental.com.ar\/info\/analizan-datos-para-administrar-la-basura\/\" \/>\n<meta property=\"og:site_name\" content=\"Patagonia Ambiental\" \/>\n<meta property=\"article:publisher\" content=\"https:\/\/www.facebook.com\/patagonia.ambiental\" \/>\n<meta property=\"article:author\" content=\"https:\/\/www.facebook.com\/share\/1C1V8Gv9BX\/?mibextid=qi2Omg\" \/>\n<meta property=\"article:published_time\" content=\"2019-10-24T22:00:40+00:00\" \/>\n<meta property=\"og:image\" content=\"https:\/\/patagoniambiental.com.ar\/info\/wp-content\/uploads\/2019\/10\/basura.jpg\" \/>\n\t<meta property=\"og:image:width\" content=\"700\" \/>\n\t<meta property=\"og:image:height\" content=\"456\" \/>\n\t<meta property=\"og:image:type\" content=\"image\/jpeg\" \/>\n<meta name=\"author\" content=\"Patagonia Ambiental\" \/>\n<meta name=\"twitter:card\" content=\"summary_large_image\" \/>\n<meta name=\"twitter:creator\" content=\"@PatAmb\" \/>\n<meta name=\"twitter:site\" content=\"@PatAmb\" \/>\n<script type=\"application\/ld+json\" class=\"yoast-schema-graph\">{\"@context\":\"https:\\\/\\\/schema.org\",\"@graph\":[{\"@type\":\"Article\",\"@id\":\"https:\\\/\\\/patagoniambiental.com.ar\\\/info\\\/analizan-datos-para-administrar-la-basura\\\/#article\",\"isPartOf\":{\"@id\":\"https:\\\/\\\/patagoniambiental.com.ar\\\/info\\\/analizan-datos-para-administrar-la-basura\\\/\"},\"author\":{\"name\":\"Patagonia Ambiental\",\"@id\":\"https:\\\/\\\/patagoniambiental.com.ar\\\/info\\\/#\\\/schema\\\/person\\\/db12bff64bbcbf6a253710bf0ea37b5d\"},\"headline\":\"Analizan datos para administrar la basura\",\"datePublished\":\"2019-10-24T22:00:40+00:00\",\"mainEntityOfPage\":{\"@id\":\"https:\\\/\\\/patagoniambiental.com.ar\\\/info\\\/analizan-datos-para-administrar-la-basura\\\/\"},\"wordCount\":934,\"commentCount\":0,\"publisher\":{\"@id\":\"https:\\\/\\\/patagoniambiental.com.ar\\\/info\\\/#organization\"},\"image\":{\"@id\":\"https:\\\/\\\/patagoniambiental.com.ar\\\/info\\\/analizan-datos-para-administrar-la-basura\\\/#primaryimage\"},\"thumbnailUrl\":\"https:\\\/\\\/patagoniambiental.com.ar\\\/info\\\/wp-content\\\/uploads\\\/2019\\\/10\\\/basura.jpg\",\"articleSection\":[\"GIRSU\",\"La Pampa\",\"Noticias\",\"Rotador\"],\"inLanguage\":\"es\",\"potentialAction\":[{\"@type\":\"CommentAction\",\"name\":\"Comment\",\"target\":[\"https:\\\/\\\/patagoniambiental.com.ar\\\/info\\\/analizan-datos-para-administrar-la-basura\\\/#respond\"]}]},{\"@type\":\"WebPage\",\"@id\":\"https:\\\/\\\/patagoniambiental.com.ar\\\/info\\\/analizan-datos-para-administrar-la-basura\\\/\",\"url\":\"https:\\\/\\\/patagoniambiental.com.ar\\\/info\\\/analizan-datos-para-administrar-la-basura\\\/\",\"name\":\"Analizan datos para administrar la basura\",\"isPartOf\":{\"@id\":\"https:\\\/\\\/patagoniambiental.com.ar\\\/info\\\/#website\"},\"primaryImageOfPage\":{\"@id\":\"https:\\\/\\\/patagoniambiental.com.ar\\\/info\\\/analizan-datos-para-administrar-la-basura\\\/#primaryimage\"},\"image\":{\"@id\":\"https:\\\/\\\/patagoniambiental.com.ar\\\/info\\\/analizan-datos-para-administrar-la-basura\\\/#primaryimage\"},\"thumbnailUrl\":\"https:\\\/\\\/patagoniambiental.com.ar\\\/info\\\/wp-content\\\/uploads\\\/2019\\\/10\\\/basura.jpg\",\"datePublished\":\"2019-10-24T22:00:40+00:00\",\"breadcrumb\":{\"@id\":\"https:\\\/\\\/patagoniambiental.com.ar\\\/info\\\/analizan-datos-para-administrar-la-basura\\\/#breadcrumb\"},\"inLanguage\":\"es\",\"potentialAction\":[{\"@type\":\"ReadAction\",\"target\":[\"https:\\\/\\\/patagoniambiental.com.ar\\\/info\\\/analizan-datos-para-administrar-la-basura\\\/\"]}]},{\"@type\":\"ImageObject\",\"inLanguage\":\"es\",\"@id\":\"https:\\\/\\\/patagoniambiental.com.ar\\\/info\\\/analizan-datos-para-administrar-la-basura\\\/#primaryimage\",\"url\":\"https:\\\/\\\/patagoniambiental.com.ar\\\/info\\\/wp-content\\\/uploads\\\/2019\\\/10\\\/basura.jpg\",\"contentUrl\":\"https:\\\/\\\/patagoniambiental.com.ar\\\/info\\\/wp-content\\\/uploads\\\/2019\\\/10\\\/basura.jpg\",\"width\":700,\"height\":456},{\"@type\":\"BreadcrumbList\",\"@id\":\"https:\\\/\\\/patagoniambiental.com.ar\\\/info\\\/analizan-datos-para-administrar-la-basura\\\/#breadcrumb\",\"itemListElement\":[{\"@type\":\"ListItem\",\"position\":1,\"name\":\"Inicio\",\"item\":\"https:\\\/\\\/patagoniambiental.com.ar\\\/info\\\/\"},{\"@type\":\"ListItem\",\"position\":2,\"name\":\"Analizan datos para administrar la basura\"}]},{\"@type\":\"WebSite\",\"@id\":\"https:\\\/\\\/patagoniambiental.com.ar\\\/info\\\/#website\",\"url\":\"https:\\\/\\\/patagoniambiental.com.ar\\\/info\\\/\",\"name\":\"Patagonia Ambiental\",\"description\":\"Monitoreo y an\u00e1lisis de la situaci\u00f3n geopol\u00edtica en el mundo y su implicancia en la Patagonia\",\"publisher\":{\"@id\":\"https:\\\/\\\/patagoniambiental.com.ar\\\/info\\\/#organization\"},\"potentialAction\":[{\"@type\":\"SearchAction\",\"target\":{\"@type\":\"EntryPoint\",\"urlTemplate\":\"https:\\\/\\\/patagoniambiental.com.ar\\\/info\\\/?s={search_term_string}\"},\"query-input\":{\"@type\":\"PropertyValueSpecification\",\"valueRequired\":true,\"valueName\":\"search_term_string\"}}],\"inLanguage\":\"es\"},{\"@type\":\"Organization\",\"@id\":\"https:\\\/\\\/patagoniambiental.com.ar\\\/info\\\/#organization\",\"name\":\"Patagonia Ambiental\",\"url\":\"https:\\\/\\\/patagoniambiental.com.ar\\\/info\\\/\",\"logo\":{\"@type\":\"ImageObject\",\"inLanguage\":\"es\",\"@id\":\"https:\\\/\\\/patagoniambiental.com.ar\\\/info\\\/#\\\/schema\\\/logo\\\/image\\\/\",\"url\":\"https:\\\/\\\/patagoniambiental.com.ar\\\/info\\\/wp-content\\\/uploads\\\/2025\\\/05\\\/LOGO-PATAGONIA-AMBIENTAL.png\",\"contentUrl\":\"https:\\\/\\\/patagoniambiental.com.ar\\\/info\\\/wp-content\\\/uploads\\\/2025\\\/05\\\/LOGO-PATAGONIA-AMBIENTAL.png\",\"width\":433,\"height\":250,\"caption\":\"Patagonia Ambiental\"},\"image\":{\"@id\":\"https:\\\/\\\/patagoniambiental.com.ar\\\/info\\\/#\\\/schema\\\/logo\\\/image\\\/\"},\"sameAs\":[\"https:\\\/\\\/www.facebook.com\\\/patagonia.ambiental\",\"https:\\\/\\\/x.com\\\/PatAmb\"]},{\"@type\":\"Person\",\"@id\":\"https:\\\/\\\/patagoniambiental.com.ar\\\/info\\\/#\\\/schema\\\/person\\\/db12bff64bbcbf6a253710bf0ea37b5d\",\"name\":\"Patagonia Ambiental\",\"description\":\"Andr\u00e9s Nievas T\u00e9cnico en manejo ambiental, consultor Ambiental y escritor para medios locales e internacionales sobre temas de geopolitica y medio ambiente.\",\"sameAs\":[\"http:\\\/\\\/www.patagoniambiental.com.ar\",\"https:\\\/\\\/www.facebook.com\\\/share\\\/1C1V8Gv9BX\\\/?mibextid=qi2Omg\",\"@patagoniambiental\",\"https:\\\/\\\/youtube.com\\\/@patagoniaambiental2023?si=BLt58t0wuXquxlYZ\"]}]}<\/script>\n<!-- \/ Yoast SEO Premium plugin. -->","yoast_head_json":{"title":"Analizan datos para administrar la basura","robots":{"index":"index","follow":"follow","max-snippet":"max-snippet:-1","max-image-preview":"max-image-preview:large","max-video-preview":"max-video-preview:-1"},"canonical":"https:\/\/patagoniambiental.com.ar\/info\/analizan-datos-para-administrar-la-basura\/","og_locale":"es_ES","og_type":"article","og_title":"Analizan datos para administrar la basura","og_description":"General Pico\/La Pampa.-Anunciaron que construir\u00e1n una vez m\u00e1s el\u00a0Eco \u00c1rbol\u00a0en la ciudad, esta vez con envases de pl\u00e1stico r\u00edgido. Ser\u00e1 [&hellip;]","og_url":"https:\/\/patagoniambiental.com.ar\/info\/analizan-datos-para-administrar-la-basura\/","og_site_name":"Patagonia Ambiental","article_publisher":"https:\/\/www.facebook.com\/patagonia.ambiental","article_author":"https:\/\/www.facebook.com\/share\/1C1V8Gv9BX\/?mibextid=qi2Omg","article_published_time":"2019-10-24T22:00:40+00:00","og_image":[{"width":700,"height":456,"url":"https:\/\/patagoniambiental.com.ar\/info\/wp-content\/uploads\/2019\/10\/basura.jpg","type":"image\/jpeg"}],"author":"Patagonia Ambiental","twitter_card":"summary_large_image","twitter_creator":"@PatAmb","twitter_site":"@PatAmb","schema":{"@context":"https:\/\/schema.org","@graph":[{"@type":"Article","@id":"https:\/\/patagoniambiental.com.ar\/info\/analizan-datos-para-administrar-la-basura\/#article","isPartOf":{"@id":"https:\/\/patagoniambiental.com.ar\/info\/analizan-datos-para-administrar-la-basura\/"},"author":{"name":"Patagonia Ambiental","@id":"https:\/\/patagoniambiental.com.ar\/info\/#\/schema\/person\/db12bff64bbcbf6a253710bf0ea37b5d"},"headline":"Analizan datos para administrar la basura","datePublished":"2019-10-24T22:00:40+00:00","mainEntityOfPage":{"@id":"https:\/\/patagoniambiental.com.ar\/info\/analizan-datos-para-administrar-la-basura\/"},"wordCount":934,"commentCount":0,"publisher":{"@id":"https:\/\/patagoniambiental.com.ar\/info\/#organization"},"image":{"@id":"https:\/\/patagoniambiental.com.ar\/info\/analizan-datos-para-administrar-la-basura\/#primaryimage"},"thumbnailUrl":"https:\/\/patagoniambiental.com.ar\/info\/wp-content\/uploads\/2019\/10\/basura.jpg","articleSection":["GIRSU","La Pampa","Noticias","Rotador"],"inLanguage":"es","potentialAction":[{"@type":"CommentAction","name":"Comment","target":["https:\/\/patagoniambiental.com.ar\/info\/analizan-datos-para-administrar-la-basura\/#respond"]}]},{"@type":"WebPage","@id":"https:\/\/patagoniambiental.com.ar\/info\/analizan-datos-para-administrar-la-basura\/","url":"https:\/\/patagoniambiental.com.ar\/info\/analizan-datos-para-administrar-la-basura\/","name":"Analizan datos para administrar la basura","isPartOf":{"@id":"https:\/\/patagoniambiental.com.ar\/info\/#website"},"primaryImageOfPage":{"@id":"https:\/\/patagoniambiental.com.ar\/info\/analizan-datos-para-administrar-la-basura\/#primaryimage"},"image":{"@id":"https:\/\/patagoniambiental.com.ar\/info\/analizan-datos-para-administrar-la-basura\/#primaryimage"},"thumbnailUrl":"https:\/\/patagoniambiental.com.ar\/info\/wp-content\/uploads\/2019\/10\/basura.jpg","datePublished":"2019-10-24T22:00:40+00:00","breadcrumb":{"@id":"https:\/\/patagoniambiental.com.ar\/info\/analizan-datos-para-administrar-la-basura\/#breadcrumb"},"inLanguage":"es","potentialAction":[{"@type":"ReadAction","target":["https:\/\/patagoniambiental.com.ar\/info\/analizan-datos-para-administrar-la-basura\/"]}]},{"@type":"ImageObject","inLanguage":"es","@id":"https:\/\/patagoniambiental.com.ar\/info\/analizan-datos-para-administrar-la-basura\/#primaryimage","url":"https:\/\/patagoniambiental.com.ar\/info\/wp-content\/uploads\/2019\/10\/basura.jpg","contentUrl":"https:\/\/patagoniambiental.com.ar\/info\/wp-content\/uploads\/2019\/10\/basura.jpg","width":700,"height":456},{"@type":"BreadcrumbList","@id":"https:\/\/patagoniambiental.com.ar\/info\/analizan-datos-para-administrar-la-basura\/#breadcrumb","itemListElement":[{"@type":"ListItem","position":1,"name":"Inicio","item":"https:\/\/patagoniambiental.com.ar\/info\/"},{"@type":"ListItem","position":2,"name":"Analizan datos para administrar la basura"}]},{"@type":"WebSite","@id":"https:\/\/patagoniambiental.com.ar\/info\/#website","url":"https:\/\/patagoniambiental.com.ar\/info\/","name":"Patagonia Ambiental","description":"Monitoreo y an\u00e1lisis de la situaci\u00f3n geopol\u00edtica en el mundo y su implicancia en la Patagonia","publisher":{"@id":"https:\/\/patagoniambiental.com.ar\/info\/#organization"},"potentialAction":[{"@type":"SearchAction","target":{"@type":"EntryPoint","urlTemplate":"https:\/\/patagoniambiental.com.ar\/info\/?s={search_term_string}"},"query-input":{"@type":"PropertyValueSpecification","valueRequired":true,"valueName":"search_term_string"}}],"inLanguage":"es"},{"@type":"Organization","@id":"https:\/\/patagoniambiental.com.ar\/info\/#organization","name":"Patagonia Ambiental","url":"https:\/\/patagoniambiental.com.ar\/info\/","logo":{"@type":"ImageObject","inLanguage":"es","@id":"https:\/\/patagoniambiental.com.ar\/info\/#\/schema\/logo\/image\/","url":"https:\/\/patagoniambiental.com.ar\/info\/wp-content\/uploads\/2025\/05\/LOGO-PATAGONIA-AMBIENTAL.png","contentUrl":"https:\/\/patagoniambiental.com.ar\/info\/wp-content\/uploads\/2025\/05\/LOGO-PATAGONIA-AMBIENTAL.png","width":433,"height":250,"caption":"Patagonia Ambiental"},"image":{"@id":"https:\/\/patagoniambiental.com.ar\/info\/#\/schema\/logo\/image\/"},"sameAs":["https:\/\/www.facebook.com\/patagonia.ambiental","https:\/\/x.com\/PatAmb"]},{"@type":"Person","@id":"https:\/\/patagoniambiental.com.ar\/info\/#\/schema\/person\/db12bff64bbcbf6a253710bf0ea37b5d","name":"Patagonia Ambiental","description":"Andr\u00e9s Nievas T\u00e9cnico en manejo ambiental, consultor Ambiental y escritor para medios locales e internacionales sobre temas de geopolitica y medio ambiente.","sameAs":["http:\/\/www.patagoniambiental.com.ar","https:\/\/www.facebook.com\/share\/1C1V8Gv9BX\/?mibextid=qi2Omg","@patagoniambiental","https:\/\/youtube.com\/@patagoniaambiental2023?si=BLt58t0wuXquxlYZ"]}]}},"_links":{"self":[{"href":"https:\/\/patagoniambiental.com.ar\/info\/wp-json\/wp\/v2\/posts\/63720","targetHints":{"allow":["GET"]}}],"collection":[{"href":"https:\/\/patagoniambiental.com.ar\/info\/wp-json\/wp\/v2\/posts"}],"about":[{"href":"https:\/\/patagoniambiental.com.ar\/info\/wp-json\/wp\/v2\/types\/post"}],"author":[{"embeddable":true,"href":"https:\/\/patagoniambiental.com.ar\/info\/wp-json\/wp\/v2\/users\/2"}],"replies":[{"embeddable":true,"href":"https:\/\/patagoniambiental.com.ar\/info\/wp-json\/wp\/v2\/comments?post=63720"}],"version-history":[{"count":0,"href":"https:\/\/patagoniambiental.com.ar\/info\/wp-json\/wp\/v2\/posts\/63720\/revisions"}],"wp:featuredmedia":[{"embeddable":true,"href":"https:\/\/patagoniambiental.com.ar\/info\/wp-json\/wp\/v2\/media\/63721"}],"wp:attachment":[{"href":"https:\/\/patagoniambiental.com.ar\/info\/wp-json\/wp\/v2\/media?parent=63720"}],"wp:term":[{"taxonomy":"category","embeddable":true,"href":"https:\/\/patagoniambiental.com.ar\/info\/wp-json\/wp\/v2\/categories?post=63720"},{"taxonomy":"post_tag","embeddable":true,"href":"https:\/\/patagoniambiental.com.ar\/info\/wp-json\/wp\/v2\/tags?post=63720"}],"curies":[{"name":"wp","href":"https:\/\/api.w.org\/{rel}","templated":true}]}}