{"id":63737,"date":"2019-10-25T19:00:04","date_gmt":"2019-10-25T22:00:04","guid":{"rendered":"http:\/\/patagoniambiental.com.ar\/info\/?p=63737"},"modified":"2019-10-25T09:52:48","modified_gmt":"2019-10-25T12:52:48","slug":"intensas-jornadas-de-extension-universitaria-en-viedma-y-san-antonio-oeste","status":"publish","type":"post","link":"https:\/\/patagoniambiental.com.ar\/info\/intensas-jornadas-de-extension-universitaria-en-viedma-y-san-antonio-oeste\/","title":{"rendered":"Intensas jornadas de extensi\u00f3n universitaria en Viedma y San Antonio Oeste"},"content":{"rendered":"<p class=\"x_ydpafc93170MsoNormal\">Viedma.-Un intenso intercambio de experiencias se vivi\u00f3 en el Centro Universitario Regional Zona Atl\u00e1ntica (CURZA) y en la Escuela Superior de Ciencias del Mar (Escimar), en el marco de una nueva jornada de avance de proyectos de Extensi\u00f3n, con la exposici\u00f3n de los distintos equipos extensionistas.<\/p>\n<p><!--more--><\/p>\n<p class=\"x_ydpafc93170MsoNormal\">Por la ma\u00f1ana, en la unidad acad\u00e9mica de San Antonio Oeste se realiz\u00f3 una puesta en com\u00fan de los proyectos de extensi\u00f3n y de formaci\u00f3n cont\u00ednua que se desarrollan en la unidad acad\u00e9mica y se analizaron posibles l\u00edneas de trabajo para el 2020, la actualizaci\u00f3n normativa, la digitalizaci\u00f3n de la presentaci\u00f3n y seguimiento de los proyectos, y la pr\u00f3xima convocatoria a presentaci\u00f3n de proyectos de extensi\u00f3n de la \u2018Universidad P\u00fablica con Vos y en el Barrio\u2019 a ejecutar el a\u00f1o que viene.<br \/>\nParticiparon el secretario de Extensi\u00f3n Universitaria, Mg. Gustavo Ferreyra, el director de la Escimar, t\u00e9cnico pesquero Paul Osovnikar, y la vicedecana del Centro Universitario Regional Zona Atl\u00e1ntica (CURZA), Mg. Gabriela Aschkar.<br \/>\nFue una ma\u00f1ana de intenso intercambio de experiencias, en la que participaron los directores e integrantes de cada uno de los proyectos y docentes que est\u00e1n trabajando en propuestas para presentar para las pr\u00f3ximas convocatorias.<\/p>\n<p class=\"x_ydpafc93170MsoNormal\">Por la tarde en Viedma, se sum\u00f3 al grupo de autoridades universitarias el decano\u00a0del CURZA, Dr. Claudio Menecozzi.\u00a0All\u00ed expusieron los proyectos \u201cAvanzando en la transici\u00f3n para la Soberan\u00eda Alimentaria, en el Valle inferior del R\u00edo Negro\u201d, que dirigen la licenciada Mar\u00eda Vanda Ianowski y la Mg. Mar\u00eda Teresa Do\u00f1ate; \u2018Integrando la Universidad con el campo y la ciudad\u2019, que encabezan el t\u00e9cnico agr\u00f3nomo Axel Teller\u00eda Marloth y el ingeniero agr\u00f3nomo Rodolfo Bauhier; \u2018Bio\u00e9tica pluralista para Am\u00e9rica Latina, en busca del sentido en el aula y en el \u00e1mbito de la salud p\u00fablica rionegrina\u2019, que dirigen la profesora Beatriz Delcia y la profesora Mar\u00eda Marta C\u00e1ccamo; \u2018tai\u00f1 n\u1e97ram, tai\u00f1 zung\u00fcm. Nuestas conversa, nuestra voz. Aportes desde la cosmovisi\u00f3n mapuche-tehuelche ala educaci\u00f3n, a la cultura y a la salud colectiva\u2019, que dirigen el Mg. Osvaldo Alonso y Nancy Oss\u00e9s Ben\u00edtez; y \u2018Tecnolog\u00eda y Educaci\u00f3n: Nuevas formas de leer y escribir en las aulas\u2019, que dirigen la Mg. M\u00f3nica Ricca y la licenciada Bibiana Rousiot.<br \/>\nFerreyra abord\u00f3 la actualizaci\u00f3n normativa y la digitalizaci\u00f3n en la presentaci\u00f3n y seguimiento de proyectos, que se trabaja en el Consejo de Extensi\u00f3n y destac\u00f3 que \u201cen materia normativa la ordenanza de 1994 ha perdido vigencia y ha perdido efectividad respecto a la actualidad de la Extensi\u00f3n en la Universidad. \u201cCreemos que hay proyectos de extensi\u00f3n de convocatoria que hoy son anuales pero tambi\u00e9n podr\u00edan ser bianuales o de tres a\u00f1os, es s\u00f3lo parte de la discusi\u00f3n normativa\u201d, expres\u00f3.<br \/>\nTambi\u00e9n se refiri\u00f3 a la posibilidad de creaci\u00f3n de la categor\u00eda de Programa de Extensi\u00f3n, como \u201cherramienta de mayor alcance, mayor potencia y estrat\u00e9gica para la Universidad, que aborde una tem\u00e1tica transversal, que involucre a muchas unidades acad\u00e9micas y equipos de extensi\u00f3n\u201d. Dio como ejemplo el tema de alimentos, producci\u00f3n de alimentos, elaboraci\u00f3n de alimentos, soberan\u00eda alimentaria, que tengan como com\u00fan denominador temas actuales de la sociedad argentina, como el hambre, la desnutrici\u00f3n o mal nutrici\u00f3n.<\/p>\n<p>Fuente: Noticias Universitarias Comahue<\/p>\n","protected":false},"excerpt":{"rendered":"<p>Viedma.-Un intenso intercambio de experiencias se vivi\u00f3 en el Centro Universitario Regional Zona Atl\u00e1ntica (CURZA) y en la Escuela Superior [&hellip;]<\/p>\n","protected":false},"author":2,"featured_media":63738,"comment_status":"open","ping_status":"open","sticky":false,"template":"","format":"standard","meta":{"site-sidebar-layout":"default","site-content-layout":"","ast-site-content-layout":"default","site-content-style":"default","site-sidebar-style":"default","ast-global-header-display":"","ast-banner-title-visibility":"","ast-main-header-display":"","ast-hfb-above-header-display":"","ast-hfb-below-header-display":"","ast-hfb-mobile-header-display":"","site-post-title":"","ast-breadcrumbs-content":"","ast-featured-img":"","footer-sml-layout":"","ast-disable-related-posts":"","theme-transparent-header-meta":"","adv-header-id-meta":"","stick-header-meta":"","header-above-stick-meta":"","header-main-stick-meta":"","header-below-stick-meta":"","astra-migrate-meta-layouts":"default","ast-page-background-enabled":"default","ast-page-background-meta":{"desktop":{"background-color":"var(--ast-global-color-5)","background-image":"","background-repeat":"repeat","background-position":"center center","background-size":"auto","background-attachment":"scroll","background-type":"","background-media":"","overlay-type":"","overlay-color":"","overlay-opacity":"","overlay-gradient":""},"tablet":{"background-color":"","background-image":"","background-repeat":"repeat","background-position":"center center","background-size":"auto","background-attachment":"scroll","background-type":"","background-media":"","overlay-type":"","overlay-color":"","overlay-opacity":"","overlay-gradient":""},"mobile":{"background-color":"","background-image":"","background-repeat":"repeat","background-position":"center center","background-size":"auto","background-attachment":"scroll","background-type":"","background-media":"","overlay-type":"","overlay-color":"","overlay-opacity":"","overlay-gradient":""}},"ast-content-background-meta":{"desktop":{"background-color":"var(--ast-global-color-4)","background-image":"","background-repeat":"repeat","background-position":"center center","background-size":"auto","background-attachment":"scroll","background-type":"","background-media":"","overlay-type":"","overlay-color":"","overlay-opacity":"","overlay-gradient":""},"tablet":{"background-color":"var(--ast-global-color-4)","background-image":"","background-repeat":"repeat","background-position":"center center","background-size":"auto","background-attachment":"scroll","background-type":"","background-media":"","overlay-type":"","overlay-color":"","overlay-opacity":"","overlay-gradient":""},"mobile":{"background-color":"var(--ast-global-color-4)","background-image":"","background-repeat":"repeat","background-position":"center center","background-size":"auto","background-attachment":"scroll","background-type":"","background-media":"","overlay-type":"","overlay-color":"","overlay-opacity":"","overlay-gradient":""}},"footnotes":""},"categories":[12,1],"tags":[],"class_list":["post-63737","post","type-post","status-publish","format-standard","has-post-thumbnail","hentry","category-agenda-ambiental","category-noticias"],"yoast_head":"<!-- This site is optimized with the Yoast SEO Premium plugin v23.0 (Yoast SEO v27.5) - https:\/\/yoast.com\/product\/yoast-seo-premium-wordpress\/ -->\n<title>Intensas jornadas de extensi\u00f3n universitaria en Viedma y San Antonio Oeste<\/title>\n<meta name=\"robots\" content=\"index, follow, max-snippet:-1, max-image-preview:large, max-video-preview:-1\" \/>\n<link rel=\"canonical\" href=\"https:\/\/patagoniambiental.com.ar\/info\/intensas-jornadas-de-extension-universitaria-en-viedma-y-san-antonio-oeste\/\" \/>\n<meta property=\"og:locale\" content=\"es_ES\" \/>\n<meta property=\"og:type\" content=\"article\" \/>\n<meta property=\"og:title\" content=\"Intensas jornadas de extensi\u00f3n universitaria en Viedma y San Antonio Oeste\" \/>\n<meta property=\"og:description\" content=\"Viedma.-Un intenso intercambio de experiencias se vivi\u00f3 en el Centro Universitario Regional Zona Atl\u00e1ntica (CURZA) y en la Escuela Superior [&hellip;]\" \/>\n<meta property=\"og:url\" content=\"https:\/\/patagoniambiental.com.ar\/info\/intensas-jornadas-de-extension-universitaria-en-viedma-y-san-antonio-oeste\/\" \/>\n<meta property=\"og:site_name\" content=\"Patagonia Ambiental\" \/>\n<meta property=\"article:publisher\" content=\"https:\/\/www.facebook.com\/patagonia.ambiental\" \/>\n<meta property=\"article:author\" content=\"https:\/\/www.facebook.com\/share\/1C1V8Gv9BX\/?mibextid=qi2Omg\" \/>\n<meta property=\"article:published_time\" content=\"2019-10-25T22:00:04+00:00\" \/>\n<meta property=\"og:image\" content=\"https:\/\/patagoniambiental.com.ar\/info\/wp-content\/uploads\/2019\/10\/thumbnail_Jornadas-de-Extensi\u00f3n-3.jpg\" \/>\n\t<meta property=\"og:image:width\" content=\"1032\" \/>\n\t<meta property=\"og:image:height\" content=\"774\" \/>\n\t<meta property=\"og:image:type\" content=\"image\/jpeg\" \/>\n<meta name=\"author\" content=\"Patagonia Ambiental\" \/>\n<meta name=\"twitter:card\" content=\"summary_large_image\" \/>\n<meta name=\"twitter:creator\" content=\"@PatAmb\" \/>\n<meta name=\"twitter:site\" content=\"@PatAmb\" \/>\n<script type=\"application\/ld+json\" class=\"yoast-schema-graph\">{\"@context\":\"https:\\\/\\\/schema.org\",\"@graph\":[{\"@type\":\"Article\",\"@id\":\"https:\\\/\\\/patagoniambiental.com.ar\\\/info\\\/intensas-jornadas-de-extension-universitaria-en-viedma-y-san-antonio-oeste\\\/#article\",\"isPartOf\":{\"@id\":\"https:\\\/\\\/patagoniambiental.com.ar\\\/info\\\/intensas-jornadas-de-extension-universitaria-en-viedma-y-san-antonio-oeste\\\/\"},\"author\":{\"name\":\"Patagonia Ambiental\",\"@id\":\"https:\\\/\\\/patagoniambiental.com.ar\\\/info\\\/#\\\/schema\\\/person\\\/db12bff64bbcbf6a253710bf0ea37b5d\"},\"headline\":\"Intensas jornadas de extensi\u00f3n universitaria en Viedma y San Antonio Oeste\",\"datePublished\":\"2019-10-25T22:00:04+00:00\",\"mainEntityOfPage\":{\"@id\":\"https:\\\/\\\/patagoniambiental.com.ar\\\/info\\\/intensas-jornadas-de-extension-universitaria-en-viedma-y-san-antonio-oeste\\\/\"},\"wordCount\":602,\"commentCount\":0,\"publisher\":{\"@id\":\"https:\\\/\\\/patagoniambiental.com.ar\\\/info\\\/#organization\"},\"image\":{\"@id\":\"https:\\\/\\\/patagoniambiental.com.ar\\\/info\\\/intensas-jornadas-de-extension-universitaria-en-viedma-y-san-antonio-oeste\\\/#primaryimage\"},\"thumbnailUrl\":\"https:\\\/\\\/patagoniambiental.com.ar\\\/info\\\/wp-content\\\/uploads\\\/2019\\\/10\\\/thumbnail_Jornadas-de-Extensi\u00f3n-3.jpg\",\"articleSection\":[\"Agenda Ambiental\",\"Noticias\"],\"inLanguage\":\"es\",\"potentialAction\":[{\"@type\":\"CommentAction\",\"name\":\"Comment\",\"target\":[\"https:\\\/\\\/patagoniambiental.com.ar\\\/info\\\/intensas-jornadas-de-extension-universitaria-en-viedma-y-san-antonio-oeste\\\/#respond\"]}]},{\"@type\":\"WebPage\",\"@id\":\"https:\\\/\\\/patagoniambiental.com.ar\\\/info\\\/intensas-jornadas-de-extension-universitaria-en-viedma-y-san-antonio-oeste\\\/\",\"url\":\"https:\\\/\\\/patagoniambiental.com.ar\\\/info\\\/intensas-jornadas-de-extension-universitaria-en-viedma-y-san-antonio-oeste\\\/\",\"name\":\"Intensas jornadas de extensi\u00f3n universitaria en Viedma y San Antonio Oeste\",\"isPartOf\":{\"@id\":\"https:\\\/\\\/patagoniambiental.com.ar\\\/info\\\/#website\"},\"primaryImageOfPage\":{\"@id\":\"https:\\\/\\\/patagoniambiental.com.ar\\\/info\\\/intensas-jornadas-de-extension-universitaria-en-viedma-y-san-antonio-oeste\\\/#primaryimage\"},\"image\":{\"@id\":\"https:\\\/\\\/patagoniambiental.com.ar\\\/info\\\/intensas-jornadas-de-extension-universitaria-en-viedma-y-san-antonio-oeste\\\/#primaryimage\"},\"thumbnailUrl\":\"https:\\\/\\\/patagoniambiental.com.ar\\\/info\\\/wp-content\\\/uploads\\\/2019\\\/10\\\/thumbnail_Jornadas-de-Extensi\u00f3n-3.jpg\",\"datePublished\":\"2019-10-25T22:00:04+00:00\",\"breadcrumb\":{\"@id\":\"https:\\\/\\\/patagoniambiental.com.ar\\\/info\\\/intensas-jornadas-de-extension-universitaria-en-viedma-y-san-antonio-oeste\\\/#breadcrumb\"},\"inLanguage\":\"es\",\"potentialAction\":[{\"@type\":\"ReadAction\",\"target\":[\"https:\\\/\\\/patagoniambiental.com.ar\\\/info\\\/intensas-jornadas-de-extension-universitaria-en-viedma-y-san-antonio-oeste\\\/\"]}]},{\"@type\":\"ImageObject\",\"inLanguage\":\"es\",\"@id\":\"https:\\\/\\\/patagoniambiental.com.ar\\\/info\\\/intensas-jornadas-de-extension-universitaria-en-viedma-y-san-antonio-oeste\\\/#primaryimage\",\"url\":\"https:\\\/\\\/patagoniambiental.com.ar\\\/info\\\/wp-content\\\/uploads\\\/2019\\\/10\\\/thumbnail_Jornadas-de-Extensi\u00f3n-3.jpg\",\"contentUrl\":\"https:\\\/\\\/patagoniambiental.com.ar\\\/info\\\/wp-content\\\/uploads\\\/2019\\\/10\\\/thumbnail_Jornadas-de-Extensi\u00f3n-3.jpg\",\"width\":800,\"height\":600},{\"@type\":\"BreadcrumbList\",\"@id\":\"https:\\\/\\\/patagoniambiental.com.ar\\\/info\\\/intensas-jornadas-de-extension-universitaria-en-viedma-y-san-antonio-oeste\\\/#breadcrumb\",\"itemListElement\":[{\"@type\":\"ListItem\",\"position\":1,\"name\":\"Inicio\",\"item\":\"https:\\\/\\\/patagoniambiental.com.ar\\\/info\\\/\"},{\"@type\":\"ListItem\",\"position\":2,\"name\":\"Intensas jornadas de extensi\u00f3n universitaria en Viedma y San Antonio Oeste\"}]},{\"@type\":\"WebSite\",\"@id\":\"https:\\\/\\\/patagoniambiental.com.ar\\\/info\\\/#website\",\"url\":\"https:\\\/\\\/patagoniambiental.com.ar\\\/info\\\/\",\"name\":\"Patagonia Ambiental\",\"description\":\"Monitoreo y an\u00e1lisis de la situaci\u00f3n geopol\u00edtica en el mundo y su implicancia en la Patagonia\",\"publisher\":{\"@id\":\"https:\\\/\\\/patagoniambiental.com.ar\\\/info\\\/#organization\"},\"potentialAction\":[{\"@type\":\"SearchAction\",\"target\":{\"@type\":\"EntryPoint\",\"urlTemplate\":\"https:\\\/\\\/patagoniambiental.com.ar\\\/info\\\/?s={search_term_string}\"},\"query-input\":{\"@type\":\"PropertyValueSpecification\",\"valueRequired\":true,\"valueName\":\"search_term_string\"}}],\"inLanguage\":\"es\"},{\"@type\":\"Organization\",\"@id\":\"https:\\\/\\\/patagoniambiental.com.ar\\\/info\\\/#organization\",\"name\":\"Patagonia Ambiental\",\"url\":\"https:\\\/\\\/patagoniambiental.com.ar\\\/info\\\/\",\"logo\":{\"@type\":\"ImageObject\",\"inLanguage\":\"es\",\"@id\":\"https:\\\/\\\/patagoniambiental.com.ar\\\/info\\\/#\\\/schema\\\/logo\\\/image\\\/\",\"url\":\"https:\\\/\\\/patagoniambiental.com.ar\\\/info\\\/wp-content\\\/uploads\\\/2025\\\/05\\\/LOGO-PATAGONIA-AMBIENTAL.png\",\"contentUrl\":\"https:\\\/\\\/patagoniambiental.com.ar\\\/info\\\/wp-content\\\/uploads\\\/2025\\\/05\\\/LOGO-PATAGONIA-AMBIENTAL.png\",\"width\":433,\"height\":250,\"caption\":\"Patagonia Ambiental\"},\"image\":{\"@id\":\"https:\\\/\\\/patagoniambiental.com.ar\\\/info\\\/#\\\/schema\\\/logo\\\/image\\\/\"},\"sameAs\":[\"https:\\\/\\\/www.facebook.com\\\/patagonia.ambiental\",\"https:\\\/\\\/x.com\\\/PatAmb\"]},{\"@type\":\"Person\",\"@id\":\"https:\\\/\\\/patagoniambiental.com.ar\\\/info\\\/#\\\/schema\\\/person\\\/db12bff64bbcbf6a253710bf0ea37b5d\",\"name\":\"Patagonia Ambiental\",\"description\":\"Andr\u00e9s Nievas T\u00e9cnico en manejo ambiental, consultor Ambiental y escritor para medios locales e internacionales sobre temas de geopolitica y medio ambiente.\",\"sameAs\":[\"http:\\\/\\\/www.patagoniambiental.com.ar\",\"https:\\\/\\\/www.facebook.com\\\/share\\\/1C1V8Gv9BX\\\/?mibextid=qi2Omg\",\"@patagoniambiental\",\"https:\\\/\\\/youtube.com\\\/@patagoniaambiental2023?si=BLt58t0wuXquxlYZ\"]}]}<\/script>\n<!-- \/ Yoast SEO Premium plugin. -->","yoast_head_json":{"title":"Intensas jornadas de extensi\u00f3n universitaria en Viedma y San Antonio Oeste","robots":{"index":"index","follow":"follow","max-snippet":"max-snippet:-1","max-image-preview":"max-image-preview:large","max-video-preview":"max-video-preview:-1"},"canonical":"https:\/\/patagoniambiental.com.ar\/info\/intensas-jornadas-de-extension-universitaria-en-viedma-y-san-antonio-oeste\/","og_locale":"es_ES","og_type":"article","og_title":"Intensas jornadas de extensi\u00f3n universitaria en Viedma y San Antonio Oeste","og_description":"Viedma.-Un intenso intercambio de experiencias se vivi\u00f3 en el Centro Universitario Regional Zona Atl\u00e1ntica (CURZA) y en la Escuela Superior [&hellip;]","og_url":"https:\/\/patagoniambiental.com.ar\/info\/intensas-jornadas-de-extension-universitaria-en-viedma-y-san-antonio-oeste\/","og_site_name":"Patagonia Ambiental","article_publisher":"https:\/\/www.facebook.com\/patagonia.ambiental","article_author":"https:\/\/www.facebook.com\/share\/1C1V8Gv9BX\/?mibextid=qi2Omg","article_published_time":"2019-10-25T22:00:04+00:00","og_image":[{"width":1032,"height":774,"url":"https:\/\/patagoniambiental.com.ar\/info\/wp-content\/uploads\/2019\/10\/thumbnail_Jornadas-de-Extensi\u00f3n-3.jpg","type":"image\/jpeg"}],"author":"Patagonia Ambiental","twitter_card":"summary_large_image","twitter_creator":"@PatAmb","twitter_site":"@PatAmb","schema":{"@context":"https:\/\/schema.org","@graph":[{"@type":"Article","@id":"https:\/\/patagoniambiental.com.ar\/info\/intensas-jornadas-de-extension-universitaria-en-viedma-y-san-antonio-oeste\/#article","isPartOf":{"@id":"https:\/\/patagoniambiental.com.ar\/info\/intensas-jornadas-de-extension-universitaria-en-viedma-y-san-antonio-oeste\/"},"author":{"name":"Patagonia Ambiental","@id":"https:\/\/patagoniambiental.com.ar\/info\/#\/schema\/person\/db12bff64bbcbf6a253710bf0ea37b5d"},"headline":"Intensas jornadas de extensi\u00f3n universitaria en Viedma y San Antonio Oeste","datePublished":"2019-10-25T22:00:04+00:00","mainEntityOfPage":{"@id":"https:\/\/patagoniambiental.com.ar\/info\/intensas-jornadas-de-extension-universitaria-en-viedma-y-san-antonio-oeste\/"},"wordCount":602,"commentCount":0,"publisher":{"@id":"https:\/\/patagoniambiental.com.ar\/info\/#organization"},"image":{"@id":"https:\/\/patagoniambiental.com.ar\/info\/intensas-jornadas-de-extension-universitaria-en-viedma-y-san-antonio-oeste\/#primaryimage"},"thumbnailUrl":"https:\/\/patagoniambiental.com.ar\/info\/wp-content\/uploads\/2019\/10\/thumbnail_Jornadas-de-Extensi\u00f3n-3.jpg","articleSection":["Agenda Ambiental","Noticias"],"inLanguage":"es","potentialAction":[{"@type":"CommentAction","name":"Comment","target":["https:\/\/patagoniambiental.com.ar\/info\/intensas-jornadas-de-extension-universitaria-en-viedma-y-san-antonio-oeste\/#respond"]}]},{"@type":"WebPage","@id":"https:\/\/patagoniambiental.com.ar\/info\/intensas-jornadas-de-extension-universitaria-en-viedma-y-san-antonio-oeste\/","url":"https:\/\/patagoniambiental.com.ar\/info\/intensas-jornadas-de-extension-universitaria-en-viedma-y-san-antonio-oeste\/","name":"Intensas jornadas de extensi\u00f3n universitaria en Viedma y San Antonio Oeste","isPartOf":{"@id":"https:\/\/patagoniambiental.com.ar\/info\/#website"},"primaryImageOfPage":{"@id":"https:\/\/patagoniambiental.com.ar\/info\/intensas-jornadas-de-extension-universitaria-en-viedma-y-san-antonio-oeste\/#primaryimage"},"image":{"@id":"https:\/\/patagoniambiental.com.ar\/info\/intensas-jornadas-de-extension-universitaria-en-viedma-y-san-antonio-oeste\/#primaryimage"},"thumbnailUrl":"https:\/\/patagoniambiental.com.ar\/info\/wp-content\/uploads\/2019\/10\/thumbnail_Jornadas-de-Extensi\u00f3n-3.jpg","datePublished":"2019-10-25T22:00:04+00:00","breadcrumb":{"@id":"https:\/\/patagoniambiental.com.ar\/info\/intensas-jornadas-de-extension-universitaria-en-viedma-y-san-antonio-oeste\/#breadcrumb"},"inLanguage":"es","potentialAction":[{"@type":"ReadAction","target":["https:\/\/patagoniambiental.com.ar\/info\/intensas-jornadas-de-extension-universitaria-en-viedma-y-san-antonio-oeste\/"]}]},{"@type":"ImageObject","inLanguage":"es","@id":"https:\/\/patagoniambiental.com.ar\/info\/intensas-jornadas-de-extension-universitaria-en-viedma-y-san-antonio-oeste\/#primaryimage","url":"https:\/\/patagoniambiental.com.ar\/info\/wp-content\/uploads\/2019\/10\/thumbnail_Jornadas-de-Extensi\u00f3n-3.jpg","contentUrl":"https:\/\/patagoniambiental.com.ar\/info\/wp-content\/uploads\/2019\/10\/thumbnail_Jornadas-de-Extensi\u00f3n-3.jpg","width":800,"height":600},{"@type":"BreadcrumbList","@id":"https:\/\/patagoniambiental.com.ar\/info\/intensas-jornadas-de-extension-universitaria-en-viedma-y-san-antonio-oeste\/#breadcrumb","itemListElement":[{"@type":"ListItem","position":1,"name":"Inicio","item":"https:\/\/patagoniambiental.com.ar\/info\/"},{"@type":"ListItem","position":2,"name":"Intensas jornadas de extensi\u00f3n universitaria en Viedma y San Antonio Oeste"}]},{"@type":"WebSite","@id":"https:\/\/patagoniambiental.com.ar\/info\/#website","url":"https:\/\/patagoniambiental.com.ar\/info\/","name":"Patagonia Ambiental","description":"Monitoreo y an\u00e1lisis de la situaci\u00f3n geopol\u00edtica en el mundo y su implicancia en la Patagonia","publisher":{"@id":"https:\/\/patagoniambiental.com.ar\/info\/#organization"},"potentialAction":[{"@type":"SearchAction","target":{"@type":"EntryPoint","urlTemplate":"https:\/\/patagoniambiental.com.ar\/info\/?s={search_term_string}"},"query-input":{"@type":"PropertyValueSpecification","valueRequired":true,"valueName":"search_term_string"}}],"inLanguage":"es"},{"@type":"Organization","@id":"https:\/\/patagoniambiental.com.ar\/info\/#organization","name":"Patagonia Ambiental","url":"https:\/\/patagoniambiental.com.ar\/info\/","logo":{"@type":"ImageObject","inLanguage":"es","@id":"https:\/\/patagoniambiental.com.ar\/info\/#\/schema\/logo\/image\/","url":"https:\/\/patagoniambiental.com.ar\/info\/wp-content\/uploads\/2025\/05\/LOGO-PATAGONIA-AMBIENTAL.png","contentUrl":"https:\/\/patagoniambiental.com.ar\/info\/wp-content\/uploads\/2025\/05\/LOGO-PATAGONIA-AMBIENTAL.png","width":433,"height":250,"caption":"Patagonia Ambiental"},"image":{"@id":"https:\/\/patagoniambiental.com.ar\/info\/#\/schema\/logo\/image\/"},"sameAs":["https:\/\/www.facebook.com\/patagonia.ambiental","https:\/\/x.com\/PatAmb"]},{"@type":"Person","@id":"https:\/\/patagoniambiental.com.ar\/info\/#\/schema\/person\/db12bff64bbcbf6a253710bf0ea37b5d","name":"Patagonia Ambiental","description":"Andr\u00e9s Nievas T\u00e9cnico en manejo ambiental, consultor Ambiental y escritor para medios locales e internacionales sobre temas de geopolitica y medio ambiente.","sameAs":["http:\/\/www.patagoniambiental.com.ar","https:\/\/www.facebook.com\/share\/1C1V8Gv9BX\/?mibextid=qi2Omg","@patagoniambiental","https:\/\/youtube.com\/@patagoniaambiental2023?si=BLt58t0wuXquxlYZ"]}]}},"_links":{"self":[{"href":"https:\/\/patagoniambiental.com.ar\/info\/wp-json\/wp\/v2\/posts\/63737","targetHints":{"allow":["GET"]}}],"collection":[{"href":"https:\/\/patagoniambiental.com.ar\/info\/wp-json\/wp\/v2\/posts"}],"about":[{"href":"https:\/\/patagoniambiental.com.ar\/info\/wp-json\/wp\/v2\/types\/post"}],"author":[{"embeddable":true,"href":"https:\/\/patagoniambiental.com.ar\/info\/wp-json\/wp\/v2\/users\/2"}],"replies":[{"embeddable":true,"href":"https:\/\/patagoniambiental.com.ar\/info\/wp-json\/wp\/v2\/comments?post=63737"}],"version-history":[{"count":0,"href":"https:\/\/patagoniambiental.com.ar\/info\/wp-json\/wp\/v2\/posts\/63737\/revisions"}],"wp:featuredmedia":[{"embeddable":true,"href":"https:\/\/patagoniambiental.com.ar\/info\/wp-json\/wp\/v2\/media\/63738"}],"wp:attachment":[{"href":"https:\/\/patagoniambiental.com.ar\/info\/wp-json\/wp\/v2\/media?parent=63737"}],"wp:term":[{"taxonomy":"category","embeddable":true,"href":"https:\/\/patagoniambiental.com.ar\/info\/wp-json\/wp\/v2\/categories?post=63737"},{"taxonomy":"post_tag","embeddable":true,"href":"https:\/\/patagoniambiental.com.ar\/info\/wp-json\/wp\/v2\/tags?post=63737"}],"curies":[{"name":"wp","href":"https:\/\/api.w.org\/{rel}","templated":true}]}}