{"id":63753,"date":"2026-04-26T07:00:00","date_gmt":"2026-04-26T10:00:00","guid":{"rendered":"http:\/\/patagoniambiental.com.ar\/info\/?p=63753"},"modified":"2026-04-14T17:12:39","modified_gmt":"2026-04-14T20:12:39","slug":"chile-tiene-su-propia-greta-thunberg-y-vive-en-la-patagonia","status":"publish","type":"post","link":"https:\/\/patagoniambiental.com.ar\/info\/chile-tiene-su-propia-greta-thunberg-y-vive-en-la-patagonia\/","title":{"rendered":"La \u201cGreta Thunberg chilena\u201d que desaf\u00eda al cambio clim\u00e1tico desde la Patagonia: la historia de Catalina Silva que est\u00e1 inspirando a toda Latinoam\u00e9rica"},"content":{"rendered":"\n<!--more-->\n\n\n\n<p>\u00bf<strong>Puede una adolescente cambiar el rumbo del planeta desde un rinc\u00f3n remoto del mundo?<\/strong><\/p>\n\n\n\n<p>Chile, 26 de abril de 2026. En una de las zonas m\u00e1s aisladas y pr\u00edstinas del planeta, donde los glaciares a\u00fan resisten el avance del calentamiento global y los r\u00edos corren libres entre monta\u00f1as imponentes, una joven chilena comenz\u00f3 hace a\u00f1os una lucha silenciosa que hoy resuena con fuerza en toda Am\u00e9rica Latina. Su nombre es Catalina Silva, y aunque muchos la comparan con Greta Thunberg, su historia tiene un sello propio: naci\u00f3 en la Patagonia y desde all\u00ed impulsa un movimiento que combina ciencia, conciencia social y acci\u00f3n clim\u00e1tica concreta. Lo que empez\u00f3 como una curiosidad infantil por los anfibios se transform\u00f3 en una causa de vida que hoy moviliza a j\u00f3venes, organizaciones y comunidades enteras. Pero lo m\u00e1s impactante no es solo su activismo, sino la forma en la que conecta el cambio clim\u00e1tico con la desigualdad social, proponiendo soluciones reales que cualquiera puede aplicar. \u00bfC\u00f3mo logr\u00f3 una adolescente convertirse en referente ambiental en la regi\u00f3n y por qu\u00e9 su mensaje cobra m\u00e1s relevancia que nunca en 2026?<\/p>\n\n\n\n<p><strong>Qui\u00e9n es Catalina Silva: la activista ambiental que naci\u00f3 en la Patagonia chilena<\/strong><\/p>\n\n\n\n<p>Catalina Silva no es solo una activista clim\u00e1tica, es el reflejo de una generaci\u00f3n que creci\u00f3 entendiendo que el equilibrio entre el ser humano y la naturaleza no es una opci\u00f3n, sino una necesidad urgente. Nacida en Villa O\u2019Higgins, uno de los pueblos m\u00e1s australes de Chile, su conexi\u00f3n con el entorno natural fue inmediata y profunda. Desde muy peque\u00f1a mostr\u00f3 inter\u00e9s por la ciencia, pero fue a los ocho a\u00f1os cuando descubri\u00f3 su fascinaci\u00f3n por los anfibios, especies altamente sensibles a los cambios ambientales y consideradas indicadores clave del estado de los ecosistemas. Esta curiosidad inicial fue el punto de partida de un camino que la llev\u00f3 a estudiar, investigar y finalmente actuar frente a una problem\u00e1tica global que ve\u00eda reflejada en su propio entorno.<\/p>\n\n\n\n<p>A diferencia de otros activistas urbanos, Catalina vivi\u00f3 en carne propia los efectos del cambio clim\u00e1tico en la Patagonia. No se trata de teor\u00edas o estad\u00edsticas para ella, sino de experiencias directas: glaciares que retroceden, ecosistemas que se transforman y especies que desaparecen. Este contacto directo con la realidad ambiental le dio una perspectiva \u00fanica y una voz aut\u00e9ntica que hoy conecta con miles de j\u00f3venes en Am\u00e9rica Latina. Su historia demuestra que no hace falta estar en una gran ciudad ni tener grandes recursos para generar impacto, sino tener convicci\u00f3n, conocimiento y voluntad de actuar.<\/p>\n\n\n\n<p><strong>Cambio clim\u00e1tico en la Patagonia: una realidad visible y alarmante<\/strong><\/p>\n\n\n\n<p>Uno de los aspectos m\u00e1s impactantes del relato de Catalina es su testimonio sobre el retroceso de los glaciares en la Patagonia chilena. En particular, menciona el glaciar El Tigre, ubicado a pocas horas de su localidad, que en apenas cuatro a\u00f1os sufri\u00f3 un retroceso significativo. Este fen\u00f3meno no es aislado, sino parte de una tendencia global vinculada al calentamiento global y al aumento sostenido de las temperaturas. La Patagonia, considerada durante d\u00e9cadas como un refugio natural relativamente intacto, hoy se encuentra en la primera l\u00ednea del impacto clim\u00e1tico.<\/p>\n\n\n\n<p>El derretimiento de glaciares no solo afecta el paisaje, sino que tiene consecuencias directas sobre el acceso al agua dulce, la biodiversidad y las comunidades locales. Los cambios en los ecosistemas tambi\u00e9n afectan a especies vulnerables como los anfibios, cuya supervivencia depende de condiciones ambientales muy espec\u00edficas. Catalina ha sido una de las voces que ha visibilizado esta problem\u00e1tica desde el territorio, aportando una mirada local a una crisis global que muchas veces se percibe como lejana. Su capacidad para traducir estos fen\u00f3menos en un lenguaje claro y cercano ha sido clave para generar conciencia.<\/p>\n\n\n\n<p><strong>Activismo juvenil en Am\u00e9rica Latina: m\u00e1s all\u00e1 de Greta Thunberg<\/strong><\/p>\n\n\n\n<p>Aunque los medios suelen comparar a Catalina Silva con Greta Thunberg, lo cierto es que el activismo juvenil en Am\u00e9rica Latina tiene caracter\u00edsticas propias que lo diferencian del europeo. En esta regi\u00f3n, la lucha ambiental est\u00e1 profundamente ligada a cuestiones sociales como la pobreza, el acceso a la educaci\u00f3n y la desigualdad. Catalina entiende esta conexi\u00f3n y la integra en su enfoque, promoviendo un activismo que no solo busca reducir el impacto ambiental, sino tambi\u00e9n mejorar la calidad de vida de las comunidades m\u00e1s vulnerables.<\/p>\n\n\n\n<p>Ella misma ha se\u00f1alado que en Am\u00e9rica Latina existen numerosos l\u00edderes comunitarios, muchos de ellos ind\u00edgenas o provenientes de zonas rurales, que llevan a\u00f1os trabajando por la defensa del medio ambiente sin recibir la visibilidad que merecen. Su discurso pone en valor estas experiencias y busca amplificarlas, generando una red de acci\u00f3n colectiva que trasciende fronteras. En este sentido, su rol no es solo el de una activista individual, sino el de una articuladora de iniciativas que apuntan a un cambio estructural.<\/p>\n\n\n\n<p>\u201c<strong>Conciencia sin pobreza\u201d: el proyecto que une ciencia y justicia social<\/strong><\/p>\n\n\n\n<p>Uno de los pilares del trabajo de Catalina Silva es su programa \u201cConciencia sin pobreza\u201d, una iniciativa que busca acercar la ciencia a ni\u00f1os y j\u00f3venes de zonas rurales con menos recursos. La idea es simple pero poderosa: brindar herramientas educativas que permitan comprender el entorno natural y fomentar el pensamiento cr\u00edtico desde edades tempranas. Catalina sabe por experiencia propia que el acceso al conocimiento puede cambiar vidas, y por eso apuesta a la educaci\u00f3n como motor de transformaci\u00f3n.<\/p>\n\n\n\n<p>Este proyecto ha sido presentado en distintos foros internacionales y ha recibido el apoyo de organizaciones como UNICEF y CEPAL. A trav\u00e9s de talleres, actividades pr\u00e1cticas y experiencias educativas, busca despertar vocaciones cient\u00edficas y generar conciencia ambiental en contextos donde estas oportunidades suelen ser limitadas. La propuesta no solo apunta a formar futuros cient\u00edficos, sino ciudadanos comprometidos con su entorno, capaces de tomar decisiones informadas y responsables.<\/p>\n\n\n\n<p><strong>Patagonia Sin Represas: el antecedente de una lucha colectiva<\/strong><\/p>\n\n\n\n<p>El compromiso de Catalina con el medio ambiente tambi\u00e9n se refleja en su participaci\u00f3n en movimientos sociales como \u201cPatagonia Sin Represas\u201d, una campa\u00f1a que logr\u00f3 frenar la construcci\u00f3n de grandes proyectos hidroel\u00e9ctricos en la regi\u00f3n de Ays\u00e9n. Este hito marc\u00f3 un antes y un despu\u00e9s en la defensa del territorio, demostrando que la organizaci\u00f3n ciudadana puede influir en decisiones de gran escala. Para Catalina, esta experiencia fue una prueba concreta de que el activismo puede generar resultados reales.<\/p>\n\n\n\n<p>La lucha contra las represas no solo ten\u00eda un componente ambiental, sino tambi\u00e9n cultural y social, ya que implicaba la defensa de comunidades y ecosistemas \u00fanicos. Este tipo de experiencias fortalecen su discurso y le otorgan mayor credibilidad, ya que no se limita a la denuncia, sino que participa activamente en procesos de cambio. Su enfoque combina acci\u00f3n local con visi\u00f3n global, una caracter\u00edstica clave del nuevo activismo clim\u00e1tico.<\/p>\n\n\n\n<p><strong>Acciones concretas contra el cambio clim\u00e1tico: de lo global a lo cotidiano<\/strong><\/p>\n\n\n\n<p>Uno de los mensajes m\u00e1s potentes de Catalina Silva es que la lucha contra el cambio clim\u00e1tico no depende \u00fanicamente de los gobiernos o las grandes corporaciones, sino tambi\u00e9n de las decisiones individuales. En este sentido, ha promovido iniciativas como \u201c1000 acciones por un cambio\u201d, una propuesta que re\u00fane medidas simples que las personas pueden incorporar en su vida diaria. Entre ellas se encuentran reducir el consumo de carne, evitar el uso de pl\u00e1sticos y optar por h\u00e1bitos m\u00e1s sostenibles.<\/p>\n\n\n\n<p>Este enfoque pragm\u00e1tico es especialmente relevante en un contexto donde muchas personas se sienten abrumadas por la magnitud del problema. Catalina propone pasar de la preocupaci\u00f3n a la acci\u00f3n, demostrando que incluso peque\u00f1os cambios pueden tener un impacto significativo si se multiplican a gran escala. Su capacidad para traducir conceptos complejos en acciones concretas es una de las claves de su influencia.<\/p>\n\n\n\n<p><strong>El rol de los j\u00f3venes en la crisis clim\u00e1tica actual<\/strong><\/p>\n\n\n\n<p>La historia de Catalina Silva tambi\u00e9n pone en evidencia el papel fundamental de los j\u00f3venes en la lucha contra el cambio clim\u00e1tico. Se trata de una generaci\u00f3n que ha crecido con mayor acceso a la informaci\u00f3n y una mayor conciencia sobre los desaf\u00edos ambientales, pero tambi\u00e9n con la urgencia de actuar frente a un futuro incierto. Catalina representa esta nueva forma de liderazgo, basada en la colaboraci\u00f3n, la empat\u00eda y la acci\u00f3n colectiva.<\/p>\n\n\n\n<p>Lejos de esperar soluciones desde arriba, los j\u00f3venes est\u00e1n impulsando cambios desde sus propias comunidades, utilizando herramientas como las redes sociales para amplificar sus mensajes. En este contexto, figuras como Catalina no solo inspiran, sino que tambi\u00e9n generan espacios de participaci\u00f3n y di\u00e1logo. Su trabajo demuestra que la edad no es un l\u00edmite para generar impacto, sino una oportunidad para innovar y cuestionar el status quo.<\/p>\n\n\n\n<p><strong>Por qu\u00e9 la historia de Catalina Silva es m\u00e1s relevante que nunca en 2026<\/strong><\/p>\n\n\n\n<p>En un escenario global donde los efectos del cambio clim\u00e1tico son cada vez m\u00e1s evidentes, historias como la de Catalina Silva adquieren una relevancia especial. El aumento de eventos clim\u00e1ticos extremos, la crisis h\u00eddrica y la p\u00e9rdida de biodiversidad son temas que ya no pueden postergarse. En este contexto, el liderazgo de j\u00f3venes comprometidos con soluciones sostenibles se vuelve fundamental.<\/p>\n\n\n\n<p>Adem\u00e1s, su enfoque integral, que combina ciencia, educaci\u00f3n y justicia social, responde a una necesidad creciente de abordar el cambio clim\u00e1tico desde una perspectiva multidimensional. No se trata solo de reducir emisiones, sino de repensar la forma en la que nos relacionamos con el entorno y entre nosotros. Catalina propone un cambio cultural profundo que va m\u00e1s all\u00e1 de las pol\u00edticas p\u00fablicas, apelando a la responsabilidad individual y colectiva.<\/p>\n\n\n\n<p><strong>Una voz del sur que interpela al mundo<\/strong><\/p>\n\n\n\n<p>Catalina Silva es mucho m\u00e1s que una \u201cGreta Thunberg chilena\u201d. Es una voz propia, nacida en la Patagonia, que ha logrado trascender fronteras con un mensaje claro y urgente. Su historia demuestra que el cambio puede comenzar en los lugares m\u00e1s inesperados y que la combinaci\u00f3n de conocimiento, compromiso y acci\u00f3n puede generar transformaciones reales.<\/p>\n\n\n\n<p>En un mundo que enfrenta una de las mayores crisis de su historia, su ejemplo invita a reflexionar y actuar. Porque, como ella misma plantea, no se trata de esperar soluciones externas, sino de asumir nuestra responsabilidad y convertirnos en agentes de cambio. Y quiz\u00e1s, en esa toma de conciencia colectiva, est\u00e9 la clave para construir un futuro m\u00e1s justo y sostenible.<\/p>\n\n\n\n<p><\/p>\n","protected":false},"excerpt":{"rendered":"","protected":false},"author":2,"featured_media":63754,"comment_status":"open","ping_status":"open","sticky":false,"template":"","format":"standard","meta":{"site-sidebar-layout":"default","site-content-layout":"","ast-site-content-layout":"default","site-content-style":"default","site-sidebar-style":"default","ast-global-header-display":"","ast-banner-title-visibility":"","ast-main-header-display":"","ast-hfb-above-header-display":"","ast-hfb-below-header-display":"","ast-hfb-mobile-header-display":"","site-post-title":"","ast-breadcrumbs-content":"","ast-featured-img":"","footer-sml-layout":"","ast-disable-related-posts":"","theme-transparent-header-meta":"","adv-header-id-meta":"","stick-header-meta":"","header-above-stick-meta":"","header-main-stick-meta":"","header-below-stick-meta":"","astra-migrate-meta-layouts":"default","ast-page-background-enabled":"default","ast-page-background-meta":{"desktop":{"background-color":"var(--ast-global-color-5)","background-image":"","background-repeat":"repeat","background-position":"center center","background-size":"auto","background-attachment":"scroll","background-type":"","background-media":"","overlay-type":"","overlay-color":"","overlay-opacity":"","overlay-gradient":""},"tablet":{"background-color":"","background-image":"","background-repeat":"repeat","background-position":"center center","background-size":"auto","background-attachment":"scroll","background-type":"","background-media":"","overlay-type":"","overlay-color":"","overlay-opacity":"","overlay-gradient":""},"mobile":{"background-color":"","background-image":"","background-repeat":"repeat","background-position":"center center","background-size":"auto","background-attachment":"scroll","background-type":"","background-media":"","overlay-type":"","overlay-color":"","overlay-opacity":"","overlay-gradient":""}},"ast-content-background-meta":{"desktop":{"background-color":"var(--ast-global-color-4)","background-image":"","background-repeat":"repeat","background-position":"center center","background-size":"auto","background-attachment":"scroll","background-type":"","background-media":"","overlay-type":"","overlay-color":"","overlay-opacity":"","overlay-gradient":""},"tablet":{"background-color":"var(--ast-global-color-4)","background-image":"","background-repeat":"repeat","background-position":"center center","background-size":"auto","background-attachment":"scroll","background-type":"","background-media":"","overlay-type":"","overlay-color":"","overlay-opacity":"","overlay-gradient":""},"mobile":{"background-color":"var(--ast-global-color-4)","background-image":"","background-repeat":"repeat","background-position":"center center","background-size":"auto","background-attachment":"scroll","background-type":"","background-media":"","overlay-type":"","overlay-color":"","overlay-opacity":"","overlay-gradient":""}},"footnotes":""},"categories":[23,1],"tags":[],"class_list":["post-63753","post","type-post","status-publish","format-standard","has-post-thumbnail","hentry","category-internacionales","category-noticias"],"yoast_head":"<!-- This site is optimized with the Yoast SEO Premium plugin v23.0 (Yoast SEO v27.4) - https:\/\/yoast.com\/product\/yoast-seo-premium-wordpress\/ -->\n<title>La \u201cGreta Thunberg chilena\u201d que desaf\u00eda al cambio clim\u00e1tico desde la Patagonia: la historia de Catalina Silva que est\u00e1 inspirando a toda Latinoam\u00e9rica En una de las zonas m\u00e1s aisladas y pr\u00edstinas del planeta, donde los glaciares a\u00fan resisten el avance del calentamiento global y los r\u00edos<\/title>\n<meta name=\"description\" content=\"En una de las zonas m\u00e1s aisladas y pr\u00edstinas del planeta, donde los glaciares a\u00fan resisten el avance del calentamiento global y los r\u00edos\" \/>\n<meta name=\"robots\" content=\"index, follow, max-snippet:-1, max-image-preview:large, max-video-preview:-1\" \/>\n<link rel=\"canonical\" href=\"https:\/\/patagoniambiental.com.ar\/info\/chile-tiene-su-propia-greta-thunberg-y-vive-en-la-patagonia\/\" \/>\n<meta property=\"og:locale\" content=\"es_ES\" \/>\n<meta property=\"og:type\" content=\"article\" \/>\n<meta property=\"og:title\" content=\"La \u201cGreta Thunberg chilena\u201d que desaf\u00eda al cambio clim\u00e1tico desde la Patagonia: la historia de Catalina Silva que est\u00e1 inspirando a toda Latinoam\u00e9rica\" \/>\n<meta property=\"og:description\" content=\"En una de las zonas m\u00e1s aisladas y pr\u00edstinas del planeta, donde los glaciares a\u00fan resisten el avance del calentamiento global y los r\u00edos\" \/>\n<meta property=\"og:url\" content=\"https:\/\/patagoniambiental.com.ar\/info\/chile-tiene-su-propia-greta-thunberg-y-vive-en-la-patagonia\/\" \/>\n<meta property=\"og:site_name\" content=\"Patagonia Ambiental\" \/>\n<meta property=\"article:publisher\" content=\"https:\/\/www.facebook.com\/patagonia.ambiental\" \/>\n<meta property=\"article:author\" content=\"https:\/\/www.facebook.com\/share\/1C1V8Gv9BX\/?mibextid=qi2Omg\" \/>\n<meta property=\"article:published_time\" content=\"2026-04-26T10:00:00+00:00\" \/>\n<meta property=\"og:image\" content=\"https:\/\/patagoniambiental.com.ar\/info\/wp-content\/uploads\/2019\/10\/catalinasilvachi-6fb1c7fe6420ab3dae5564f162e190ea-1200x600.jpg\" \/>\n\t<meta property=\"og:image:width\" content=\"1200\" \/>\n\t<meta property=\"og:image:height\" content=\"600\" \/>\n\t<meta property=\"og:image:type\" content=\"image\/jpeg\" \/>\n<meta name=\"author\" content=\"Patagonia Ambiental\" \/>\n<meta name=\"twitter:card\" content=\"summary_large_image\" \/>\n<meta name=\"twitter:creator\" content=\"@PatAmb\" \/>\n<meta name=\"twitter:site\" content=\"@PatAmb\" \/>\n<script type=\"application\/ld+json\" class=\"yoast-schema-graph\">{\"@context\":\"https:\\\/\\\/schema.org\",\"@graph\":[{\"@type\":\"Article\",\"@id\":\"https:\\\/\\\/patagoniambiental.com.ar\\\/info\\\/chile-tiene-su-propia-greta-thunberg-y-vive-en-la-patagonia\\\/#article\",\"isPartOf\":{\"@id\":\"https:\\\/\\\/patagoniambiental.com.ar\\\/info\\\/chile-tiene-su-propia-greta-thunberg-y-vive-en-la-patagonia\\\/\"},\"author\":{\"name\":\"Patagonia Ambiental\",\"@id\":\"https:\\\/\\\/patagoniambiental.com.ar\\\/info\\\/#\\\/schema\\\/person\\\/db12bff64bbcbf6a253710bf0ea37b5d\"},\"headline\":\"La \u201cGreta Thunberg chilena\u201d que desaf\u00eda al cambio clim\u00e1tico desde la Patagonia: la historia de Catalina Silva que est\u00e1 inspirando a toda Latinoam\u00e9rica\",\"datePublished\":\"2026-04-26T10:00:00+00:00\",\"mainEntityOfPage\":{\"@id\":\"https:\\\/\\\/patagoniambiental.com.ar\\\/info\\\/chile-tiene-su-propia-greta-thunberg-y-vive-en-la-patagonia\\\/\"},\"wordCount\":1830,\"commentCount\":0,\"publisher\":{\"@id\":\"https:\\\/\\\/patagoniambiental.com.ar\\\/info\\\/#organization\"},\"image\":{\"@id\":\"https:\\\/\\\/patagoniambiental.com.ar\\\/info\\\/chile-tiene-su-propia-greta-thunberg-y-vive-en-la-patagonia\\\/#primaryimage\"},\"thumbnailUrl\":\"https:\\\/\\\/patagoniambiental.com.ar\\\/info\\\/wp-content\\\/uploads\\\/2019\\\/10\\\/catalinasilvachi-6fb1c7fe6420ab3dae5564f162e190ea-1200x600.jpg\",\"articleSection\":[\"Internacionales\",\"Noticias\"],\"inLanguage\":\"es\",\"potentialAction\":[{\"@type\":\"CommentAction\",\"name\":\"Comment\",\"target\":[\"https:\\\/\\\/patagoniambiental.com.ar\\\/info\\\/chile-tiene-su-propia-greta-thunberg-y-vive-en-la-patagonia\\\/#respond\"]}]},{\"@type\":\"WebPage\",\"@id\":\"https:\\\/\\\/patagoniambiental.com.ar\\\/info\\\/chile-tiene-su-propia-greta-thunberg-y-vive-en-la-patagonia\\\/\",\"url\":\"https:\\\/\\\/patagoniambiental.com.ar\\\/info\\\/chile-tiene-su-propia-greta-thunberg-y-vive-en-la-patagonia\\\/\",\"name\":\"La \u201cGreta Thunberg chilena\u201d que desaf\u00eda al cambio clim\u00e1tico desde la Patagonia: la historia de Catalina Silva que est\u00e1 inspirando a toda Latinoam\u00e9rica En una de las zonas m\u00e1s aisladas y pr\u00edstinas del planeta, donde los glaciares a\u00fan resisten el avance del calentamiento global y los r\u00edos\",\"isPartOf\":{\"@id\":\"https:\\\/\\\/patagoniambiental.com.ar\\\/info\\\/#website\"},\"primaryImageOfPage\":{\"@id\":\"https:\\\/\\\/patagoniambiental.com.ar\\\/info\\\/chile-tiene-su-propia-greta-thunberg-y-vive-en-la-patagonia\\\/#primaryimage\"},\"image\":{\"@id\":\"https:\\\/\\\/patagoniambiental.com.ar\\\/info\\\/chile-tiene-su-propia-greta-thunberg-y-vive-en-la-patagonia\\\/#primaryimage\"},\"thumbnailUrl\":\"https:\\\/\\\/patagoniambiental.com.ar\\\/info\\\/wp-content\\\/uploads\\\/2019\\\/10\\\/catalinasilvachi-6fb1c7fe6420ab3dae5564f162e190ea-1200x600.jpg\",\"datePublished\":\"2026-04-26T10:00:00+00:00\",\"description\":\"En una de las zonas m\u00e1s aisladas y pr\u00edstinas del planeta, donde los glaciares a\u00fan resisten el avance del calentamiento global y los r\u00edos\",\"breadcrumb\":{\"@id\":\"https:\\\/\\\/patagoniambiental.com.ar\\\/info\\\/chile-tiene-su-propia-greta-thunberg-y-vive-en-la-patagonia\\\/#breadcrumb\"},\"inLanguage\":\"es\",\"potentialAction\":[{\"@type\":\"ReadAction\",\"target\":[\"https:\\\/\\\/patagoniambiental.com.ar\\\/info\\\/chile-tiene-su-propia-greta-thunberg-y-vive-en-la-patagonia\\\/\"]}]},{\"@type\":\"ImageObject\",\"inLanguage\":\"es\",\"@id\":\"https:\\\/\\\/patagoniambiental.com.ar\\\/info\\\/chile-tiene-su-propia-greta-thunberg-y-vive-en-la-patagonia\\\/#primaryimage\",\"url\":\"https:\\\/\\\/patagoniambiental.com.ar\\\/info\\\/wp-content\\\/uploads\\\/2019\\\/10\\\/catalinasilvachi-6fb1c7fe6420ab3dae5564f162e190ea-1200x600.jpg\",\"contentUrl\":\"https:\\\/\\\/patagoniambiental.com.ar\\\/info\\\/wp-content\\\/uploads\\\/2019\\\/10\\\/catalinasilvachi-6fb1c7fe6420ab3dae5564f162e190ea-1200x600.jpg\",\"width\":1200,\"height\":600},{\"@type\":\"BreadcrumbList\",\"@id\":\"https:\\\/\\\/patagoniambiental.com.ar\\\/info\\\/chile-tiene-su-propia-greta-thunberg-y-vive-en-la-patagonia\\\/#breadcrumb\",\"itemListElement\":[{\"@type\":\"ListItem\",\"position\":1,\"name\":\"Inicio\",\"item\":\"https:\\\/\\\/patagoniambiental.com.ar\\\/info\\\/\"},{\"@type\":\"ListItem\",\"position\":2,\"name\":\"La \u201cGreta Thunberg chilena\u201d que desaf\u00eda al cambio clim\u00e1tico desde la Patagonia: la historia de Catalina Silva que est\u00e1 inspirando a toda Latinoam\u00e9rica\"}]},{\"@type\":\"WebSite\",\"@id\":\"https:\\\/\\\/patagoniambiental.com.ar\\\/info\\\/#website\",\"url\":\"https:\\\/\\\/patagoniambiental.com.ar\\\/info\\\/\",\"name\":\"Patagonia Ambiental\",\"description\":\"Monitoreo y an\u00e1lisis de la situaci\u00f3n geopol\u00edtica en el mundo y su implicancia en la Patagonia\",\"publisher\":{\"@id\":\"https:\\\/\\\/patagoniambiental.com.ar\\\/info\\\/#organization\"},\"potentialAction\":[{\"@type\":\"SearchAction\",\"target\":{\"@type\":\"EntryPoint\",\"urlTemplate\":\"https:\\\/\\\/patagoniambiental.com.ar\\\/info\\\/?s={search_term_string}\"},\"query-input\":{\"@type\":\"PropertyValueSpecification\",\"valueRequired\":true,\"valueName\":\"search_term_string\"}}],\"inLanguage\":\"es\"},{\"@type\":\"Organization\",\"@id\":\"https:\\\/\\\/patagoniambiental.com.ar\\\/info\\\/#organization\",\"name\":\"Patagonia Ambiental\",\"url\":\"https:\\\/\\\/patagoniambiental.com.ar\\\/info\\\/\",\"logo\":{\"@type\":\"ImageObject\",\"inLanguage\":\"es\",\"@id\":\"https:\\\/\\\/patagoniambiental.com.ar\\\/info\\\/#\\\/schema\\\/logo\\\/image\\\/\",\"url\":\"https:\\\/\\\/patagoniambiental.com.ar\\\/info\\\/wp-content\\\/uploads\\\/2025\\\/05\\\/LOGO-PATAGONIA-AMBIENTAL.png\",\"contentUrl\":\"https:\\\/\\\/patagoniambiental.com.ar\\\/info\\\/wp-content\\\/uploads\\\/2025\\\/05\\\/LOGO-PATAGONIA-AMBIENTAL.png\",\"width\":433,\"height\":250,\"caption\":\"Patagonia Ambiental\"},\"image\":{\"@id\":\"https:\\\/\\\/patagoniambiental.com.ar\\\/info\\\/#\\\/schema\\\/logo\\\/image\\\/\"},\"sameAs\":[\"https:\\\/\\\/www.facebook.com\\\/patagonia.ambiental\",\"https:\\\/\\\/x.com\\\/PatAmb\"]},{\"@type\":\"Person\",\"@id\":\"https:\\\/\\\/patagoniambiental.com.ar\\\/info\\\/#\\\/schema\\\/person\\\/db12bff64bbcbf6a253710bf0ea37b5d\",\"name\":\"Patagonia Ambiental\",\"description\":\"Andr\u00e9s Nievas T\u00e9cnico en manejo ambiental, consultor Ambiental y escritor para medios locales e internacionales sobre temas de geopolitica y medio ambiente.\",\"sameAs\":[\"http:\\\/\\\/www.patagoniambiental.com.ar\",\"https:\\\/\\\/www.facebook.com\\\/share\\\/1C1V8Gv9BX\\\/?mibextid=qi2Omg\",\"@patagoniambiental\",\"https:\\\/\\\/youtube.com\\\/@patagoniaambiental2023?si=BLt58t0wuXquxlYZ\"]}]}<\/script>\n<!-- \/ Yoast SEO Premium plugin. -->","yoast_head_json":{"title":"La \u201cGreta Thunberg chilena\u201d que desaf\u00eda al cambio clim\u00e1tico desde la Patagonia: la historia de Catalina Silva que est\u00e1 inspirando a toda Latinoam\u00e9rica En una de las zonas m\u00e1s aisladas y pr\u00edstinas del planeta, donde los glaciares a\u00fan resisten el avance del calentamiento global y los r\u00edos","description":"En una de las zonas m\u00e1s aisladas y pr\u00edstinas del planeta, donde los glaciares a\u00fan resisten el avance del calentamiento global y los r\u00edos","robots":{"index":"index","follow":"follow","max-snippet":"max-snippet:-1","max-image-preview":"max-image-preview:large","max-video-preview":"max-video-preview:-1"},"canonical":"https:\/\/patagoniambiental.com.ar\/info\/chile-tiene-su-propia-greta-thunberg-y-vive-en-la-patagonia\/","og_locale":"es_ES","og_type":"article","og_title":"La \u201cGreta Thunberg chilena\u201d que desaf\u00eda al cambio clim\u00e1tico desde la Patagonia: la historia de Catalina Silva que est\u00e1 inspirando a toda Latinoam\u00e9rica","og_description":"En una de las zonas m\u00e1s aisladas y pr\u00edstinas del planeta, donde los glaciares a\u00fan resisten el avance del calentamiento global y los r\u00edos","og_url":"https:\/\/patagoniambiental.com.ar\/info\/chile-tiene-su-propia-greta-thunberg-y-vive-en-la-patagonia\/","og_site_name":"Patagonia Ambiental","article_publisher":"https:\/\/www.facebook.com\/patagonia.ambiental","article_author":"https:\/\/www.facebook.com\/share\/1C1V8Gv9BX\/?mibextid=qi2Omg","article_published_time":"2026-04-26T10:00:00+00:00","og_image":[{"width":1200,"height":600,"url":"https:\/\/patagoniambiental.com.ar\/info\/wp-content\/uploads\/2019\/10\/catalinasilvachi-6fb1c7fe6420ab3dae5564f162e190ea-1200x600.jpg","type":"image\/jpeg"}],"author":"Patagonia Ambiental","twitter_card":"summary_large_image","twitter_creator":"@PatAmb","twitter_site":"@PatAmb","schema":{"@context":"https:\/\/schema.org","@graph":[{"@type":"Article","@id":"https:\/\/patagoniambiental.com.ar\/info\/chile-tiene-su-propia-greta-thunberg-y-vive-en-la-patagonia\/#article","isPartOf":{"@id":"https:\/\/patagoniambiental.com.ar\/info\/chile-tiene-su-propia-greta-thunberg-y-vive-en-la-patagonia\/"},"author":{"name":"Patagonia Ambiental","@id":"https:\/\/patagoniambiental.com.ar\/info\/#\/schema\/person\/db12bff64bbcbf6a253710bf0ea37b5d"},"headline":"La \u201cGreta Thunberg chilena\u201d que desaf\u00eda al cambio clim\u00e1tico desde la Patagonia: la historia de Catalina Silva que est\u00e1 inspirando a toda Latinoam\u00e9rica","datePublished":"2026-04-26T10:00:00+00:00","mainEntityOfPage":{"@id":"https:\/\/patagoniambiental.com.ar\/info\/chile-tiene-su-propia-greta-thunberg-y-vive-en-la-patagonia\/"},"wordCount":1830,"commentCount":0,"publisher":{"@id":"https:\/\/patagoniambiental.com.ar\/info\/#organization"},"image":{"@id":"https:\/\/patagoniambiental.com.ar\/info\/chile-tiene-su-propia-greta-thunberg-y-vive-en-la-patagonia\/#primaryimage"},"thumbnailUrl":"https:\/\/patagoniambiental.com.ar\/info\/wp-content\/uploads\/2019\/10\/catalinasilvachi-6fb1c7fe6420ab3dae5564f162e190ea-1200x600.jpg","articleSection":["Internacionales","Noticias"],"inLanguage":"es","potentialAction":[{"@type":"CommentAction","name":"Comment","target":["https:\/\/patagoniambiental.com.ar\/info\/chile-tiene-su-propia-greta-thunberg-y-vive-en-la-patagonia\/#respond"]}]},{"@type":"WebPage","@id":"https:\/\/patagoniambiental.com.ar\/info\/chile-tiene-su-propia-greta-thunberg-y-vive-en-la-patagonia\/","url":"https:\/\/patagoniambiental.com.ar\/info\/chile-tiene-su-propia-greta-thunberg-y-vive-en-la-patagonia\/","name":"La \u201cGreta Thunberg chilena\u201d que desaf\u00eda al cambio clim\u00e1tico desde la Patagonia: la historia de Catalina Silva que est\u00e1 inspirando a toda Latinoam\u00e9rica En una de las zonas m\u00e1s aisladas y pr\u00edstinas del planeta, donde los glaciares a\u00fan resisten el avance del calentamiento global y los r\u00edos","isPartOf":{"@id":"https:\/\/patagoniambiental.com.ar\/info\/#website"},"primaryImageOfPage":{"@id":"https:\/\/patagoniambiental.com.ar\/info\/chile-tiene-su-propia-greta-thunberg-y-vive-en-la-patagonia\/#primaryimage"},"image":{"@id":"https:\/\/patagoniambiental.com.ar\/info\/chile-tiene-su-propia-greta-thunberg-y-vive-en-la-patagonia\/#primaryimage"},"thumbnailUrl":"https:\/\/patagoniambiental.com.ar\/info\/wp-content\/uploads\/2019\/10\/catalinasilvachi-6fb1c7fe6420ab3dae5564f162e190ea-1200x600.jpg","datePublished":"2026-04-26T10:00:00+00:00","description":"En una de las zonas m\u00e1s aisladas y pr\u00edstinas del planeta, donde los glaciares a\u00fan resisten el avance del calentamiento global y los r\u00edos","breadcrumb":{"@id":"https:\/\/patagoniambiental.com.ar\/info\/chile-tiene-su-propia-greta-thunberg-y-vive-en-la-patagonia\/#breadcrumb"},"inLanguage":"es","potentialAction":[{"@type":"ReadAction","target":["https:\/\/patagoniambiental.com.ar\/info\/chile-tiene-su-propia-greta-thunberg-y-vive-en-la-patagonia\/"]}]},{"@type":"ImageObject","inLanguage":"es","@id":"https:\/\/patagoniambiental.com.ar\/info\/chile-tiene-su-propia-greta-thunberg-y-vive-en-la-patagonia\/#primaryimage","url":"https:\/\/patagoniambiental.com.ar\/info\/wp-content\/uploads\/2019\/10\/catalinasilvachi-6fb1c7fe6420ab3dae5564f162e190ea-1200x600.jpg","contentUrl":"https:\/\/patagoniambiental.com.ar\/info\/wp-content\/uploads\/2019\/10\/catalinasilvachi-6fb1c7fe6420ab3dae5564f162e190ea-1200x600.jpg","width":1200,"height":600},{"@type":"BreadcrumbList","@id":"https:\/\/patagoniambiental.com.ar\/info\/chile-tiene-su-propia-greta-thunberg-y-vive-en-la-patagonia\/#breadcrumb","itemListElement":[{"@type":"ListItem","position":1,"name":"Inicio","item":"https:\/\/patagoniambiental.com.ar\/info\/"},{"@type":"ListItem","position":2,"name":"La \u201cGreta Thunberg chilena\u201d que desaf\u00eda al cambio clim\u00e1tico desde la Patagonia: la historia de Catalina Silva que est\u00e1 inspirando a toda Latinoam\u00e9rica"}]},{"@type":"WebSite","@id":"https:\/\/patagoniambiental.com.ar\/info\/#website","url":"https:\/\/patagoniambiental.com.ar\/info\/","name":"Patagonia Ambiental","description":"Monitoreo y an\u00e1lisis de la situaci\u00f3n geopol\u00edtica en el mundo y su implicancia en la Patagonia","publisher":{"@id":"https:\/\/patagoniambiental.com.ar\/info\/#organization"},"potentialAction":[{"@type":"SearchAction","target":{"@type":"EntryPoint","urlTemplate":"https:\/\/patagoniambiental.com.ar\/info\/?s={search_term_string}"},"query-input":{"@type":"PropertyValueSpecification","valueRequired":true,"valueName":"search_term_string"}}],"inLanguage":"es"},{"@type":"Organization","@id":"https:\/\/patagoniambiental.com.ar\/info\/#organization","name":"Patagonia Ambiental","url":"https:\/\/patagoniambiental.com.ar\/info\/","logo":{"@type":"ImageObject","inLanguage":"es","@id":"https:\/\/patagoniambiental.com.ar\/info\/#\/schema\/logo\/image\/","url":"https:\/\/patagoniambiental.com.ar\/info\/wp-content\/uploads\/2025\/05\/LOGO-PATAGONIA-AMBIENTAL.png","contentUrl":"https:\/\/patagoniambiental.com.ar\/info\/wp-content\/uploads\/2025\/05\/LOGO-PATAGONIA-AMBIENTAL.png","width":433,"height":250,"caption":"Patagonia Ambiental"},"image":{"@id":"https:\/\/patagoniambiental.com.ar\/info\/#\/schema\/logo\/image\/"},"sameAs":["https:\/\/www.facebook.com\/patagonia.ambiental","https:\/\/x.com\/PatAmb"]},{"@type":"Person","@id":"https:\/\/patagoniambiental.com.ar\/info\/#\/schema\/person\/db12bff64bbcbf6a253710bf0ea37b5d","name":"Patagonia Ambiental","description":"Andr\u00e9s Nievas T\u00e9cnico en manejo ambiental, consultor Ambiental y escritor para medios locales e internacionales sobre temas de geopolitica y medio ambiente.","sameAs":["http:\/\/www.patagoniambiental.com.ar","https:\/\/www.facebook.com\/share\/1C1V8Gv9BX\/?mibextid=qi2Omg","@patagoniambiental","https:\/\/youtube.com\/@patagoniaambiental2023?si=BLt58t0wuXquxlYZ"]}]}},"_links":{"self":[{"href":"https:\/\/patagoniambiental.com.ar\/info\/wp-json\/wp\/v2\/posts\/63753","targetHints":{"allow":["GET"]}}],"collection":[{"href":"https:\/\/patagoniambiental.com.ar\/info\/wp-json\/wp\/v2\/posts"}],"about":[{"href":"https:\/\/patagoniambiental.com.ar\/info\/wp-json\/wp\/v2\/types\/post"}],"author":[{"embeddable":true,"href":"https:\/\/patagoniambiental.com.ar\/info\/wp-json\/wp\/v2\/users\/2"}],"replies":[{"embeddable":true,"href":"https:\/\/patagoniambiental.com.ar\/info\/wp-json\/wp\/v2\/comments?post=63753"}],"version-history":[{"count":1,"href":"https:\/\/patagoniambiental.com.ar\/info\/wp-json\/wp\/v2\/posts\/63753\/revisions"}],"predecessor-version":[{"id":101345,"href":"https:\/\/patagoniambiental.com.ar\/info\/wp-json\/wp\/v2\/posts\/63753\/revisions\/101345"}],"wp:featuredmedia":[{"embeddable":true,"href":"https:\/\/patagoniambiental.com.ar\/info\/wp-json\/wp\/v2\/media\/63754"}],"wp:attachment":[{"href":"https:\/\/patagoniambiental.com.ar\/info\/wp-json\/wp\/v2\/media?parent=63753"}],"wp:term":[{"taxonomy":"category","embeddable":true,"href":"https:\/\/patagoniambiental.com.ar\/info\/wp-json\/wp\/v2\/categories?post=63753"},{"taxonomy":"post_tag","embeddable":true,"href":"https:\/\/patagoniambiental.com.ar\/info\/wp-json\/wp\/v2\/tags?post=63753"}],"curies":[{"name":"wp","href":"https:\/\/api.w.org\/{rel}","templated":true}]}}