{"id":63757,"date":"2019-10-28T11:27:24","date_gmt":"2019-10-28T14:27:24","guid":{"rendered":"http:\/\/patagoniambiental.com.ar\/info\/?p=63757"},"modified":"2019-10-28T11:36:51","modified_gmt":"2019-10-28T14:36:51","slug":"p-a-m-v-i-perros-abandonados-y-maltratados-de-viedma","status":"publish","type":"post","link":"https:\/\/patagoniambiental.com.ar\/info\/p-a-m-v-i-perros-abandonados-y-maltratados-de-viedma\/","title":{"rendered":"Asociaci\u00f3n Civ\u00edl P.A.M.Vi (Perros Abandonados y Maltratados de Viedma)"},"content":{"rendered":"<p>Asociaci\u00f3n Civil P.A.M.Vi(Perros Abandonados y Maltratados de Viedma)<\/p>\n<p><!--more--><\/p>\n<p>Presidenta: Marta Ruella<\/p>\n<p>Vicepresidenta: Bel\u00e9n Yarza<\/p>\n<p>Facebook:\u00a0PAMVi<\/p>\n<p>Descripci\u00f3n:<\/p>\n<div class=\"_5aj7 _3-8j\">\n<div class=\"_4bl9\">\n<div class=\"_50f4\">Descripci\u00f3n<\/div>\n<div class=\"_3-8w\">\n<p>\u00bfQu\u00e9 tenemos para ofrecer desde P.A.M.Vi a la Comunidad?<\/p>\n<p>\uf0fc Podemos ofrecer INFORMACI\u00d3N sobre el estado de situaci\u00f3n de la problem\u00e1tica de los animales de compa\u00f1\u00eda a los vecinos, autoridades, instituciones, medios de comunicaci\u00f3n, educaci\u00f3n,etc<\/p>\n<\/div>\n<\/div>\n<div class=\"_4bl7 _3-99\"><\/div>\n<\/div>\n<div class=\"_5aj7 _3-8j\">\n<div class=\"_4bl7 _3-90 _a8s\"><img decoding=\"async\" class=\"_1579 img\" src=\"https:\/\/static.xx.fbcdn.net\/rsrc.php\/v3\/yO\/r\/fTt3W6Nw8z-.png\" alt=\"\" \/><\/div>\n<div class=\"_4bl9\">\n<div class=\"_50f4\"><\/div>\n<div class=\"_3-8w\">\n<div id=\"id_5db6f9819bedf3482339553\" class=\"text_exposed_root text_exposed\">P.A.M.Vi. Es una Asociaci\u00f3n Civil sin fines de lucro, con Personer\u00eda Jur\u00eddica n\u00ba 3132\/14, creada el 30\/06\/14.<br \/>\nNuestro objetivo principal es llevar a cabo di<span class=\"text_exposed_show\">stintas acciones necesarias y prioritarias,destinadas al bienestar de los animales de compa\u00f1\u00eda, Y que son los pilares b\u00e1sicos de ejecuci\u00f3n para su protecci\u00f3n, salud y plenitud.<br \/>\nEstas acciones comprenden:<\/span><\/div>\n<div class=\"text_exposed_root text_exposed\"><span class=\"text_exposed_show\"><br \/>\nConcientizaci\u00f3n:<br \/>\nDifusi\u00f3n sobre Tenencia Responsable de mascotas a trav\u00e9s de folleter\u00eda, charlas en centros educativos, con los vecinos, en medios de comunicaci\u00f3n, a trav\u00e9s de nuestra p\u00e1gina, en nuestras ferias, etc., elaboraci\u00f3n de proyectos educativos\u2026\u2026.<\/span><\/div>\n<div class=\"text_exposed_root text_exposed\"><span class=\"text_exposed_show\"><br \/>\nEsterilizaci\u00f3n:<br \/>\nTanto de animales en situaci\u00f3n de calle como de todas las mascotas que entregamos en adopci\u00f3n, garantizando as\u00ed la disminuci\u00f3n de la sobrepoblaci\u00f3n.<\/span><\/div>\n<div class=\"text_exposed_root text_exposed\"><span class=\"text_exposed_show\"><br \/>\nInclusi\u00f3n y Compromiso:<br \/>\nHacer cumplir, asesorar, modificar, promover y difundir Leyes Ordenanzas y Proyectos, tendientes al bienestar animal, trabajando en conjunto con Autoridades de Gobierno Municipal Provincial y Nacional.<br \/>\nHacer part\u00edcipe a la Sociedad de las actividades tendientes al bienestar animal: ayudando y apoyando en rescates, adopciones, castraciones, tenencia responsable y denuncias por maltrato, etc., bajo el concepto de solidaridad y compromiso con esta problem\u00e1tica de la cual debemos ser todos responsables como sociedad, y como forma de convivencia ciudadana ordenada, segura y saludable.<\/span><\/div>\n<\/div>\n<\/div>\n<\/div>\n<div><\/div>\n<div>Donaciones:<\/div>\n<div><img fetchpriority=\"high\" decoding=\"async\" class=\"alignnone size-medium wp-image-63758\" src=\"https:\/\/patagoniambiental.com.ar\/info\/wp-content\/uploads\/2019\/10\/achicada-600x340.jpg\" alt=\"\" width=\"600\" height=\"340\" \/><\/div>\n","protected":false},"excerpt":{"rendered":"<p>Asociaci\u00f3n Civil P.A.M.Vi(Perros Abandonados y Maltratados de Viedma)<\/p>\n","protected":false},"author":2,"featured_media":0,"comment_status":"open","ping_status":"open","sticky":false,"template":"","format":"standard","meta":{"site-sidebar-layout":"default","site-content-layout":"","ast-site-content-layout":"default","site-content-style":"default","site-sidebar-style":"default","ast-global-header-display":"","ast-banner-title-visibility":"","ast-main-header-display":"","ast-hfb-above-header-display":"","ast-hfb-below-header-display":"","ast-hfb-mobile-header-display":"","site-post-title":"","ast-breadcrumbs-content":"","ast-featured-img":"","footer-sml-layout":"","ast-disable-related-posts":"","theme-transparent-header-meta":"","adv-header-id-meta":"","stick-header-meta":"","header-above-stick-meta":"","header-main-stick-meta":"","header-below-stick-meta":"","astra-migrate-meta-layouts":"default","ast-page-background-enabled":"default","ast-page-background-meta":{"desktop":{"background-color":"var(--ast-global-color-5)","background-image":"","background-repeat":"repeat","background-position":"center center","background-size":"auto","background-attachment":"scroll","background-type":"","background-media":"","overlay-type":"","overlay-color":"","overlay-opacity":"","overlay-gradient":""},"tablet":{"background-color":"","background-image":"","background-repeat":"repeat","background-position":"center center","background-size":"auto","background-attachment":"scroll","background-type":"","background-media":"","overlay-type":"","overlay-color":"","overlay-opacity":"","overlay-gradient":""},"mobile":{"background-color":"","background-image":"","background-repeat":"repeat","background-position":"center center","background-size":"auto","background-attachment":"scroll","background-type":"","background-media":"","overlay-type":"","overlay-color":"","overlay-opacity":"","overlay-gradient":""}},"ast-content-background-meta":{"desktop":{"background-color":"var(--ast-global-color-4)","background-image":"","background-repeat":"repeat","background-position":"center center","background-size":"auto","background-attachment":"scroll","background-type":"","background-media":"","overlay-type":"","overlay-color":"","overlay-opacity":"","overlay-gradient":""},"tablet":{"background-color":"var(--ast-global-color-4)","background-image":"","background-repeat":"repeat","background-position":"center center","background-size":"auto","background-attachment":"scroll","background-type":"","background-media":"","overlay-type":"","overlay-color":"","overlay-opacity":"","overlay-gradient":""},"mobile":{"background-color":"var(--ast-global-color-4)","background-image":"","background-repeat":"repeat","background-position":"center center","background-size":"auto","background-attachment":"scroll","background-type":"","background-media":"","overlay-type":"","overlay-color":"","overlay-opacity":"","overlay-gradient":""}},"footnotes":""},"categories":[42,39,47],"tags":[],"class_list":["post-63757","post","type-post","status-publish","format-standard","hentry","category-bronce","category-directorio","category-ongs-ambientalistas"],"yoast_head":"<!-- This site is optimized with the Yoast SEO Premium plugin v23.0 (Yoast SEO v27.5) - https:\/\/yoast.com\/product\/yoast-seo-premium-wordpress\/ -->\n<title>Asociaci\u00f3n Civ\u00edl P.A.M.Vi (Perros Abandonados y Maltratados de Viedma)<\/title>\n<meta name=\"robots\" content=\"index, follow, max-snippet:-1, max-image-preview:large, max-video-preview:-1\" \/>\n<link rel=\"canonical\" href=\"https:\/\/patagoniambiental.com.ar\/info\/p-a-m-v-i-perros-abandonados-y-maltratados-de-viedma\/\" \/>\n<meta property=\"og:locale\" content=\"es_ES\" \/>\n<meta property=\"og:type\" content=\"article\" \/>\n<meta property=\"og:title\" content=\"Asociaci\u00f3n Civ\u00edl P.A.M.Vi (Perros Abandonados y Maltratados de Viedma)\" \/>\n<meta property=\"og:description\" content=\"Asociaci\u00f3n Civil P.A.M.Vi(Perros Abandonados y Maltratados de Viedma)\" \/>\n<meta property=\"og:url\" content=\"https:\/\/patagoniambiental.com.ar\/info\/p-a-m-v-i-perros-abandonados-y-maltratados-de-viedma\/\" \/>\n<meta property=\"og:site_name\" content=\"Patagonia Ambiental\" \/>\n<meta property=\"article:publisher\" content=\"https:\/\/www.facebook.com\/patagonia.ambiental\" \/>\n<meta property=\"article:author\" content=\"https:\/\/www.facebook.com\/share\/1C1V8Gv9BX\/?mibextid=qi2Omg\" \/>\n<meta property=\"article:published_time\" content=\"2019-10-28T14:27:24+00:00\" \/>\n<meta property=\"article:modified_time\" content=\"2019-10-28T14:36:51+00:00\" \/>\n<meta property=\"og:image\" content=\"https:\/\/static.xx.fbcdn.net\/rsrc.php\/v3\/yO\/r\/fTt3W6Nw8z-.png\" \/>\n<meta name=\"author\" content=\"Patagonia Ambiental\" \/>\n<meta name=\"twitter:card\" content=\"summary_large_image\" \/>\n<meta name=\"twitter:creator\" content=\"@PatAmb\" \/>\n<meta name=\"twitter:site\" content=\"@PatAmb\" \/>\n<script type=\"application\/ld+json\" class=\"yoast-schema-graph\">{\"@context\":\"https:\\\/\\\/schema.org\",\"@graph\":[{\"@type\":\"Article\",\"@id\":\"https:\\\/\\\/patagoniambiental.com.ar\\\/info\\\/p-a-m-v-i-perros-abandonados-y-maltratados-de-viedma\\\/#article\",\"isPartOf\":{\"@id\":\"https:\\\/\\\/patagoniambiental.com.ar\\\/info\\\/p-a-m-v-i-perros-abandonados-y-maltratados-de-viedma\\\/\"},\"author\":{\"name\":\"Patagonia Ambiental\",\"@id\":\"https:\\\/\\\/patagoniambiental.com.ar\\\/info\\\/#\\\/schema\\\/person\\\/db12bff64bbcbf6a253710bf0ea37b5d\"},\"headline\":\"Asociaci\u00f3n Civ\u00edl P.A.M.Vi (Perros Abandonados y Maltratados de Viedma)\",\"datePublished\":\"2019-10-28T14:27:24+00:00\",\"dateModified\":\"2019-10-28T14:36:51+00:00\",\"mainEntityOfPage\":{\"@id\":\"https:\\\/\\\/patagoniambiental.com.ar\\\/info\\\/p-a-m-v-i-perros-abandonados-y-maltratados-de-viedma\\\/\"},\"wordCount\":306,\"commentCount\":0,\"publisher\":{\"@id\":\"https:\\\/\\\/patagoniambiental.com.ar\\\/info\\\/#organization\"},\"image\":{\"@id\":\"https:\\\/\\\/patagoniambiental.com.ar\\\/info\\\/p-a-m-v-i-perros-abandonados-y-maltratados-de-viedma\\\/#primaryimage\"},\"thumbnailUrl\":\"https:\\\/\\\/static.xx.fbcdn.net\\\/rsrc.php\\\/v3\\\/yO\\\/r\\\/fTt3W6Nw8z-.png\",\"articleSection\":[\"Bronce\",\"Directorio\",\"ONGs ambientalistas\"],\"inLanguage\":\"es\",\"potentialAction\":[{\"@type\":\"CommentAction\",\"name\":\"Comment\",\"target\":[\"https:\\\/\\\/patagoniambiental.com.ar\\\/info\\\/p-a-m-v-i-perros-abandonados-y-maltratados-de-viedma\\\/#respond\"]}]},{\"@type\":\"WebPage\",\"@id\":\"https:\\\/\\\/patagoniambiental.com.ar\\\/info\\\/p-a-m-v-i-perros-abandonados-y-maltratados-de-viedma\\\/\",\"url\":\"https:\\\/\\\/patagoniambiental.com.ar\\\/info\\\/p-a-m-v-i-perros-abandonados-y-maltratados-de-viedma\\\/\",\"name\":\"Asociaci\u00f3n Civ\u00edl P.A.M.Vi (Perros Abandonados y Maltratados de Viedma)\",\"isPartOf\":{\"@id\":\"https:\\\/\\\/patagoniambiental.com.ar\\\/info\\\/#website\"},\"primaryImageOfPage\":{\"@id\":\"https:\\\/\\\/patagoniambiental.com.ar\\\/info\\\/p-a-m-v-i-perros-abandonados-y-maltratados-de-viedma\\\/#primaryimage\"},\"image\":{\"@id\":\"https:\\\/\\\/patagoniambiental.com.ar\\\/info\\\/p-a-m-v-i-perros-abandonados-y-maltratados-de-viedma\\\/#primaryimage\"},\"thumbnailUrl\":\"https:\\\/\\\/static.xx.fbcdn.net\\\/rsrc.php\\\/v3\\\/yO\\\/r\\\/fTt3W6Nw8z-.png\",\"datePublished\":\"2019-10-28T14:27:24+00:00\",\"dateModified\":\"2019-10-28T14:36:51+00:00\",\"breadcrumb\":{\"@id\":\"https:\\\/\\\/patagoniambiental.com.ar\\\/info\\\/p-a-m-v-i-perros-abandonados-y-maltratados-de-viedma\\\/#breadcrumb\"},\"inLanguage\":\"es\",\"potentialAction\":[{\"@type\":\"ReadAction\",\"target\":[\"https:\\\/\\\/patagoniambiental.com.ar\\\/info\\\/p-a-m-v-i-perros-abandonados-y-maltratados-de-viedma\\\/\"]}]},{\"@type\":\"ImageObject\",\"inLanguage\":\"es\",\"@id\":\"https:\\\/\\\/patagoniambiental.com.ar\\\/info\\\/p-a-m-v-i-perros-abandonados-y-maltratados-de-viedma\\\/#primaryimage\",\"url\":\"https:\\\/\\\/static.xx.fbcdn.net\\\/rsrc.php\\\/v3\\\/yO\\\/r\\\/fTt3W6Nw8z-.png\",\"contentUrl\":\"https:\\\/\\\/static.xx.fbcdn.net\\\/rsrc.php\\\/v3\\\/yO\\\/r\\\/fTt3W6Nw8z-.png\"},{\"@type\":\"BreadcrumbList\",\"@id\":\"https:\\\/\\\/patagoniambiental.com.ar\\\/info\\\/p-a-m-v-i-perros-abandonados-y-maltratados-de-viedma\\\/#breadcrumb\",\"itemListElement\":[{\"@type\":\"ListItem\",\"position\":1,\"name\":\"Inicio\",\"item\":\"https:\\\/\\\/patagoniambiental.com.ar\\\/info\\\/\"},{\"@type\":\"ListItem\",\"position\":2,\"name\":\"Asociaci\u00f3n Civ\u00edl P.A.M.Vi (Perros Abandonados y Maltratados de Viedma)\"}]},{\"@type\":\"WebSite\",\"@id\":\"https:\\\/\\\/patagoniambiental.com.ar\\\/info\\\/#website\",\"url\":\"https:\\\/\\\/patagoniambiental.com.ar\\\/info\\\/\",\"name\":\"Patagonia Ambiental\",\"description\":\"Monitoreo y an\u00e1lisis de la situaci\u00f3n geopol\u00edtica en el mundo y su implicancia en la Patagonia\",\"publisher\":{\"@id\":\"https:\\\/\\\/patagoniambiental.com.ar\\\/info\\\/#organization\"},\"potentialAction\":[{\"@type\":\"SearchAction\",\"target\":{\"@type\":\"EntryPoint\",\"urlTemplate\":\"https:\\\/\\\/patagoniambiental.com.ar\\\/info\\\/?s={search_term_string}\"},\"query-input\":{\"@type\":\"PropertyValueSpecification\",\"valueRequired\":true,\"valueName\":\"search_term_string\"}}],\"inLanguage\":\"es\"},{\"@type\":\"Organization\",\"@id\":\"https:\\\/\\\/patagoniambiental.com.ar\\\/info\\\/#organization\",\"name\":\"Patagonia Ambiental\",\"url\":\"https:\\\/\\\/patagoniambiental.com.ar\\\/info\\\/\",\"logo\":{\"@type\":\"ImageObject\",\"inLanguage\":\"es\",\"@id\":\"https:\\\/\\\/patagoniambiental.com.ar\\\/info\\\/#\\\/schema\\\/logo\\\/image\\\/\",\"url\":\"https:\\\/\\\/patagoniambiental.com.ar\\\/info\\\/wp-content\\\/uploads\\\/2025\\\/05\\\/LOGO-PATAGONIA-AMBIENTAL.png\",\"contentUrl\":\"https:\\\/\\\/patagoniambiental.com.ar\\\/info\\\/wp-content\\\/uploads\\\/2025\\\/05\\\/LOGO-PATAGONIA-AMBIENTAL.png\",\"width\":433,\"height\":250,\"caption\":\"Patagonia Ambiental\"},\"image\":{\"@id\":\"https:\\\/\\\/patagoniambiental.com.ar\\\/info\\\/#\\\/schema\\\/logo\\\/image\\\/\"},\"sameAs\":[\"https:\\\/\\\/www.facebook.com\\\/patagonia.ambiental\",\"https:\\\/\\\/x.com\\\/PatAmb\"]},{\"@type\":\"Person\",\"@id\":\"https:\\\/\\\/patagoniambiental.com.ar\\\/info\\\/#\\\/schema\\\/person\\\/db12bff64bbcbf6a253710bf0ea37b5d\",\"name\":\"Patagonia Ambiental\",\"description\":\"Andr\u00e9s Nievas T\u00e9cnico en manejo ambiental, consultor Ambiental y escritor para medios locales e internacionales sobre temas de geopolitica y medio ambiente.\",\"sameAs\":[\"http:\\\/\\\/www.patagoniambiental.com.ar\",\"https:\\\/\\\/www.facebook.com\\\/share\\\/1C1V8Gv9BX\\\/?mibextid=qi2Omg\",\"@patagoniambiental\",\"https:\\\/\\\/youtube.com\\\/@patagoniaambiental2023?si=BLt58t0wuXquxlYZ\"]}]}<\/script>\n<!-- \/ Yoast SEO Premium plugin. -->","yoast_head_json":{"title":"Asociaci\u00f3n Civ\u00edl P.A.M.Vi (Perros Abandonados y Maltratados de Viedma)","robots":{"index":"index","follow":"follow","max-snippet":"max-snippet:-1","max-image-preview":"max-image-preview:large","max-video-preview":"max-video-preview:-1"},"canonical":"https:\/\/patagoniambiental.com.ar\/info\/p-a-m-v-i-perros-abandonados-y-maltratados-de-viedma\/","og_locale":"es_ES","og_type":"article","og_title":"Asociaci\u00f3n Civ\u00edl P.A.M.Vi (Perros Abandonados y Maltratados de Viedma)","og_description":"Asociaci\u00f3n Civil P.A.M.Vi(Perros Abandonados y Maltratados de Viedma)","og_url":"https:\/\/patagoniambiental.com.ar\/info\/p-a-m-v-i-perros-abandonados-y-maltratados-de-viedma\/","og_site_name":"Patagonia Ambiental","article_publisher":"https:\/\/www.facebook.com\/patagonia.ambiental","article_author":"https:\/\/www.facebook.com\/share\/1C1V8Gv9BX\/?mibextid=qi2Omg","article_published_time":"2019-10-28T14:27:24+00:00","article_modified_time":"2019-10-28T14:36:51+00:00","og_image":[{"url":"https:\/\/static.xx.fbcdn.net\/rsrc.php\/v3\/yO\/r\/fTt3W6Nw8z-.png","type":"","width":"","height":""}],"author":"Patagonia Ambiental","twitter_card":"summary_large_image","twitter_creator":"@PatAmb","twitter_site":"@PatAmb","schema":{"@context":"https:\/\/schema.org","@graph":[{"@type":"Article","@id":"https:\/\/patagoniambiental.com.ar\/info\/p-a-m-v-i-perros-abandonados-y-maltratados-de-viedma\/#article","isPartOf":{"@id":"https:\/\/patagoniambiental.com.ar\/info\/p-a-m-v-i-perros-abandonados-y-maltratados-de-viedma\/"},"author":{"name":"Patagonia Ambiental","@id":"https:\/\/patagoniambiental.com.ar\/info\/#\/schema\/person\/db12bff64bbcbf6a253710bf0ea37b5d"},"headline":"Asociaci\u00f3n Civ\u00edl P.A.M.Vi (Perros Abandonados y Maltratados de Viedma)","datePublished":"2019-10-28T14:27:24+00:00","dateModified":"2019-10-28T14:36:51+00:00","mainEntityOfPage":{"@id":"https:\/\/patagoniambiental.com.ar\/info\/p-a-m-v-i-perros-abandonados-y-maltratados-de-viedma\/"},"wordCount":306,"commentCount":0,"publisher":{"@id":"https:\/\/patagoniambiental.com.ar\/info\/#organization"},"image":{"@id":"https:\/\/patagoniambiental.com.ar\/info\/p-a-m-v-i-perros-abandonados-y-maltratados-de-viedma\/#primaryimage"},"thumbnailUrl":"https:\/\/static.xx.fbcdn.net\/rsrc.php\/v3\/yO\/r\/fTt3W6Nw8z-.png","articleSection":["Bronce","Directorio","ONGs ambientalistas"],"inLanguage":"es","potentialAction":[{"@type":"CommentAction","name":"Comment","target":["https:\/\/patagoniambiental.com.ar\/info\/p-a-m-v-i-perros-abandonados-y-maltratados-de-viedma\/#respond"]}]},{"@type":"WebPage","@id":"https:\/\/patagoniambiental.com.ar\/info\/p-a-m-v-i-perros-abandonados-y-maltratados-de-viedma\/","url":"https:\/\/patagoniambiental.com.ar\/info\/p-a-m-v-i-perros-abandonados-y-maltratados-de-viedma\/","name":"Asociaci\u00f3n Civ\u00edl P.A.M.Vi (Perros Abandonados y Maltratados de Viedma)","isPartOf":{"@id":"https:\/\/patagoniambiental.com.ar\/info\/#website"},"primaryImageOfPage":{"@id":"https:\/\/patagoniambiental.com.ar\/info\/p-a-m-v-i-perros-abandonados-y-maltratados-de-viedma\/#primaryimage"},"image":{"@id":"https:\/\/patagoniambiental.com.ar\/info\/p-a-m-v-i-perros-abandonados-y-maltratados-de-viedma\/#primaryimage"},"thumbnailUrl":"https:\/\/static.xx.fbcdn.net\/rsrc.php\/v3\/yO\/r\/fTt3W6Nw8z-.png","datePublished":"2019-10-28T14:27:24+00:00","dateModified":"2019-10-28T14:36:51+00:00","breadcrumb":{"@id":"https:\/\/patagoniambiental.com.ar\/info\/p-a-m-v-i-perros-abandonados-y-maltratados-de-viedma\/#breadcrumb"},"inLanguage":"es","potentialAction":[{"@type":"ReadAction","target":["https:\/\/patagoniambiental.com.ar\/info\/p-a-m-v-i-perros-abandonados-y-maltratados-de-viedma\/"]}]},{"@type":"ImageObject","inLanguage":"es","@id":"https:\/\/patagoniambiental.com.ar\/info\/p-a-m-v-i-perros-abandonados-y-maltratados-de-viedma\/#primaryimage","url":"https:\/\/static.xx.fbcdn.net\/rsrc.php\/v3\/yO\/r\/fTt3W6Nw8z-.png","contentUrl":"https:\/\/static.xx.fbcdn.net\/rsrc.php\/v3\/yO\/r\/fTt3W6Nw8z-.png"},{"@type":"BreadcrumbList","@id":"https:\/\/patagoniambiental.com.ar\/info\/p-a-m-v-i-perros-abandonados-y-maltratados-de-viedma\/#breadcrumb","itemListElement":[{"@type":"ListItem","position":1,"name":"Inicio","item":"https:\/\/patagoniambiental.com.ar\/info\/"},{"@type":"ListItem","position":2,"name":"Asociaci\u00f3n Civ\u00edl P.A.M.Vi (Perros Abandonados y Maltratados de Viedma)"}]},{"@type":"WebSite","@id":"https:\/\/patagoniambiental.com.ar\/info\/#website","url":"https:\/\/patagoniambiental.com.ar\/info\/","name":"Patagonia Ambiental","description":"Monitoreo y an\u00e1lisis de la situaci\u00f3n geopol\u00edtica en el mundo y su implicancia en la Patagonia","publisher":{"@id":"https:\/\/patagoniambiental.com.ar\/info\/#organization"},"potentialAction":[{"@type":"SearchAction","target":{"@type":"EntryPoint","urlTemplate":"https:\/\/patagoniambiental.com.ar\/info\/?s={search_term_string}"},"query-input":{"@type":"PropertyValueSpecification","valueRequired":true,"valueName":"search_term_string"}}],"inLanguage":"es"},{"@type":"Organization","@id":"https:\/\/patagoniambiental.com.ar\/info\/#organization","name":"Patagonia Ambiental","url":"https:\/\/patagoniambiental.com.ar\/info\/","logo":{"@type":"ImageObject","inLanguage":"es","@id":"https:\/\/patagoniambiental.com.ar\/info\/#\/schema\/logo\/image\/","url":"https:\/\/patagoniambiental.com.ar\/info\/wp-content\/uploads\/2025\/05\/LOGO-PATAGONIA-AMBIENTAL.png","contentUrl":"https:\/\/patagoniambiental.com.ar\/info\/wp-content\/uploads\/2025\/05\/LOGO-PATAGONIA-AMBIENTAL.png","width":433,"height":250,"caption":"Patagonia Ambiental"},"image":{"@id":"https:\/\/patagoniambiental.com.ar\/info\/#\/schema\/logo\/image\/"},"sameAs":["https:\/\/www.facebook.com\/patagonia.ambiental","https:\/\/x.com\/PatAmb"]},{"@type":"Person","@id":"https:\/\/patagoniambiental.com.ar\/info\/#\/schema\/person\/db12bff64bbcbf6a253710bf0ea37b5d","name":"Patagonia Ambiental","description":"Andr\u00e9s Nievas T\u00e9cnico en manejo ambiental, consultor Ambiental y escritor para medios locales e internacionales sobre temas de geopolitica y medio ambiente.","sameAs":["http:\/\/www.patagoniambiental.com.ar","https:\/\/www.facebook.com\/share\/1C1V8Gv9BX\/?mibextid=qi2Omg","@patagoniambiental","https:\/\/youtube.com\/@patagoniaambiental2023?si=BLt58t0wuXquxlYZ"]}]}},"_links":{"self":[{"href":"https:\/\/patagoniambiental.com.ar\/info\/wp-json\/wp\/v2\/posts\/63757","targetHints":{"allow":["GET"]}}],"collection":[{"href":"https:\/\/patagoniambiental.com.ar\/info\/wp-json\/wp\/v2\/posts"}],"about":[{"href":"https:\/\/patagoniambiental.com.ar\/info\/wp-json\/wp\/v2\/types\/post"}],"author":[{"embeddable":true,"href":"https:\/\/patagoniambiental.com.ar\/info\/wp-json\/wp\/v2\/users\/2"}],"replies":[{"embeddable":true,"href":"https:\/\/patagoniambiental.com.ar\/info\/wp-json\/wp\/v2\/comments?post=63757"}],"version-history":[{"count":0,"href":"https:\/\/patagoniambiental.com.ar\/info\/wp-json\/wp\/v2\/posts\/63757\/revisions"}],"wp:attachment":[{"href":"https:\/\/patagoniambiental.com.ar\/info\/wp-json\/wp\/v2\/media?parent=63757"}],"wp:term":[{"taxonomy":"category","embeddable":true,"href":"https:\/\/patagoniambiental.com.ar\/info\/wp-json\/wp\/v2\/categories?post=63757"},{"taxonomy":"post_tag","embeddable":true,"href":"https:\/\/patagoniambiental.com.ar\/info\/wp-json\/wp\/v2\/tags?post=63757"}],"curies":[{"name":"wp","href":"https:\/\/api.w.org\/{rel}","templated":true}]}}