{"id":63780,"date":"2019-10-30T07:00:45","date_gmt":"2019-10-30T10:00:45","guid":{"rendered":"http:\/\/patagoniambiental.com.ar\/info\/?p=63780"},"modified":"2019-10-29T10:00:50","modified_gmt":"2019-10-29T13:00:50","slug":"el-intercambio-turistico-cultural-chile-argentina-llega-por-primera-vez-a-viedma","status":"publish","type":"post","link":"https:\/\/patagoniambiental.com.ar\/info\/el-intercambio-turistico-cultural-chile-argentina-llega-por-primera-vez-a-viedma\/","title":{"rendered":"El Intercambio Tur\u00edstico Cultural Chile-Argentina llega por primera vez a Viedma"},"content":{"rendered":"<p dir=\"ltr\">Viedma.-De la mano de la Agrupaci\u00f3n Art\u00edstica San-Tiago Ayala de Lamarque y Bit\u00e1cora Producciones de Viedma, llega el 9\u00b0 encuentro de de Intercambio Tur\u00edstico Cultural Chile Argentina a Viedma.<\/p>\n<p><!--more--><\/p>\n<p dir=\"ltr\">Este evento que ya lleva 16 a\u00f1os y 8 ediciones de realizado, se llevar\u00e1 a cabo del 31 de octubre al 3 de noviembre en distintas ciudades de la Provincia.<\/p>\n<p><img fetchpriority=\"high\" decoding=\"async\" class=\"size-medium wp-image-63781 alignleft\" src=\"https:\/\/patagoniambiental.com.ar\/info\/wp-content\/uploads\/2019\/10\/thumbnail_IMG-20191029-WA0002-424x600.jpg\" alt=\"\" width=\"424\" height=\"600\" srcset=\"https:\/\/patagoniambiental.com.ar\/info\/wp-content\/uploads\/2019\/10\/thumbnail_IMG-20191029-WA0002.jpg 424w, https:\/\/patagoniambiental.com.ar\/info\/wp-content\/uploads\/2019\/10\/thumbnail_IMG-20191029-WA0002-768x1087.jpg 768w\" sizes=\"(max-width: 424px) 100vw, 424px\" \/><\/p>\n<p dir=\"ltr\">En esta oportunidad se concentrar\u00e1n las actividades art\u00edsticas en el Club Sol de Mayo, en Av 25 de Mayo y Alsina, este viernes 1 de noviembre a partir de las 21.<\/p>\n<p>&nbsp;<\/p>\n<p dir=\"ltr\">En esta edici\u00f3n se podr\u00e1 disfrutar de presentaciones a nivel internacional por parte de las agrupaciones chilenas Ballet Nuestras Ra\u00edces (Labranza) y Cia. de Danzas Infante (Padre de las Casas), tambi\u00e9n de la m\u00fasica con el D\u00fao de canto Latino y Amigos del Folclor de la ciudad de Temuco. As\u00edmismo se realizar\u00e1n presentaciones por parte de la Agrupaci\u00f3n San-Tiago Ayala y Patagonia Tango de Lamarque.<\/p>\n<p>&nbsp;<\/p>\n<p dir=\"ltr\">En cuanto a la representaci\u00f3n local dentro del encuentro, estar\u00e1n la cantante local Toly Hernandez y el grupo folcl\u00f3rico Caja Chica, con la participaci\u00f3n de la Escuela de Danzas La Juntada.<\/p>\n<p>&nbsp;<\/p>\n<p dir=\"ltr\">Por \u00faltimo se disfrutar\u00e1 de una gran Pe\u00f1a Libre de Intercambio Cultural con servicio de Cantina.<\/p>\n<p>&nbsp;<\/p>\n<p dir=\"ltr\">Este noveno encuentro, que se enmarca dentro de las propuestas de intercambio tur\u00edstico cultural bioce\u00e1nico, est\u00e1 acompa\u00f1ado por la Municipalidad de Viedma, La Legislatura de Rio Negro y la Fundaci\u00f3n Derribadores de Gigantes.<\/p>\n<p>&nbsp;<\/p>\n<p dir=\"ltr\">Este encuentro dio comienzo el 30 de Octubre del a\u00f1o 2003 por iniciativa de una integrante de la Agrupaci\u00f3n Art\u00edstica San Tiago Ayala, de la localidad de Lamarque, logrando en primera instancia intercambios culturales peri\u00f3dicos entre agrupaciones chilenas y argentina. Al cabo de unos a\u00f1os, la propuesta se consolid\u00f3 llegando en la actualidad a realizarse a\u00f1o a a\u00f1o tanto en nuestro pa\u00eds como en el vecino.<\/p>\n<p>Fuente: Municipalidad de Viedma<\/p>\n","protected":false},"excerpt":{"rendered":"<p>Viedma.-De la mano de la Agrupaci\u00f3n Art\u00edstica San-Tiago Ayala de Lamarque y Bit\u00e1cora Producciones de Viedma, llega el 9\u00b0 encuentro [&hellip;]<\/p>\n","protected":false},"author":2,"featured_media":63781,"comment_status":"open","ping_status":"open","sticky":false,"template":"","format":"standard","meta":{"site-sidebar-layout":"default","site-content-layout":"","ast-site-content-layout":"default","site-content-style":"default","site-sidebar-style":"default","ast-global-header-display":"","ast-banner-title-visibility":"","ast-main-header-display":"","ast-hfb-above-header-display":"","ast-hfb-below-header-display":"","ast-hfb-mobile-header-display":"","site-post-title":"","ast-breadcrumbs-content":"","ast-featured-img":"","footer-sml-layout":"","ast-disable-related-posts":"","theme-transparent-header-meta":"","adv-header-id-meta":"","stick-header-meta":"","header-above-stick-meta":"","header-main-stick-meta":"","header-below-stick-meta":"","astra-migrate-meta-layouts":"default","ast-page-background-enabled":"default","ast-page-background-meta":{"desktop":{"background-color":"var(--ast-global-color-5)","background-image":"","background-repeat":"repeat","background-position":"center center","background-size":"auto","background-attachment":"scroll","background-type":"","background-media":"","overlay-type":"","overlay-color":"","overlay-opacity":"","overlay-gradient":""},"tablet":{"background-color":"","background-image":"","background-repeat":"repeat","background-position":"center center","background-size":"auto","background-attachment":"scroll","background-type":"","background-media":"","overlay-type":"","overlay-color":"","overlay-opacity":"","overlay-gradient":""},"mobile":{"background-color":"","background-image":"","background-repeat":"repeat","background-position":"center center","background-size":"auto","background-attachment":"scroll","background-type":"","background-media":"","overlay-type":"","overlay-color":"","overlay-opacity":"","overlay-gradient":""}},"ast-content-background-meta":{"desktop":{"background-color":"var(--ast-global-color-4)","background-image":"","background-repeat":"repeat","background-position":"center center","background-size":"auto","background-attachment":"scroll","background-type":"","background-media":"","overlay-type":"","overlay-color":"","overlay-opacity":"","overlay-gradient":""},"tablet":{"background-color":"var(--ast-global-color-4)","background-image":"","background-repeat":"repeat","background-position":"center center","background-size":"auto","background-attachment":"scroll","background-type":"","background-media":"","overlay-type":"","overlay-color":"","overlay-opacity":"","overlay-gradient":""},"mobile":{"background-color":"var(--ast-global-color-4)","background-image":"","background-repeat":"repeat","background-position":"center center","background-size":"auto","background-attachment":"scroll","background-type":"","background-media":"","overlay-type":"","overlay-color":"","overlay-opacity":"","overlay-gradient":""}},"footnotes":""},"categories":[11,16,1,10],"tags":[],"class_list":["post-63780","post","type-post","status-publish","format-standard","has-post-thumbnail","hentry","category-boletin","category-municipales","category-noticias","category-rotador"],"yoast_head":"<!-- This site is optimized with the Yoast SEO Premium plugin v23.0 (Yoast SEO v27.5) - https:\/\/yoast.com\/product\/yoast-seo-premium-wordpress\/ -->\n<title>El Intercambio Tur\u00edstico Cultural Chile-Argentina llega por primera vez a Viedma<\/title>\n<meta name=\"robots\" content=\"index, follow, max-snippet:-1, max-image-preview:large, max-video-preview:-1\" \/>\n<link rel=\"canonical\" href=\"https:\/\/patagoniambiental.com.ar\/info\/el-intercambio-turistico-cultural-chile-argentina-llega-por-primera-vez-a-viedma\/\" \/>\n<meta property=\"og:locale\" content=\"es_ES\" \/>\n<meta property=\"og:type\" content=\"article\" \/>\n<meta property=\"og:title\" content=\"El Intercambio Tur\u00edstico Cultural Chile-Argentina llega por primera vez a Viedma\" \/>\n<meta property=\"og:description\" content=\"Viedma.-De la mano de la Agrupaci\u00f3n Art\u00edstica San-Tiago Ayala de Lamarque y Bit\u00e1cora Producciones de Viedma, llega el 9\u00b0 encuentro [&hellip;]\" \/>\n<meta property=\"og:url\" content=\"https:\/\/patagoniambiental.com.ar\/info\/el-intercambio-turistico-cultural-chile-argentina-llega-por-primera-vez-a-viedma\/\" \/>\n<meta property=\"og:site_name\" content=\"Patagonia Ambiental\" \/>\n<meta property=\"article:publisher\" content=\"https:\/\/www.facebook.com\/patagonia.ambiental\" \/>\n<meta property=\"article:author\" content=\"https:\/\/www.facebook.com\/share\/1C1V8Gv9BX\/?mibextid=qi2Omg\" \/>\n<meta property=\"article:published_time\" content=\"2019-10-30T10:00:45+00:00\" \/>\n<meta property=\"og:image\" content=\"https:\/\/patagoniambiental.com.ar\/info\/wp-content\/uploads\/2019\/10\/thumbnail_IMG-20191029-WA0002.jpg\" \/>\n\t<meta property=\"og:image:width\" content=\"904\" \/>\n\t<meta property=\"og:image:height\" content=\"1280\" \/>\n\t<meta property=\"og:image:type\" content=\"image\/jpeg\" \/>\n<meta name=\"author\" content=\"Patagonia Ambiental\" \/>\n<meta name=\"twitter:card\" content=\"summary_large_image\" \/>\n<meta name=\"twitter:creator\" content=\"@PatAmb\" \/>\n<meta name=\"twitter:site\" content=\"@PatAmb\" \/>\n<script type=\"application\/ld+json\" class=\"yoast-schema-graph\">{\"@context\":\"https:\\\/\\\/schema.org\",\"@graph\":[{\"@type\":\"Article\",\"@id\":\"https:\\\/\\\/patagoniambiental.com.ar\\\/info\\\/el-intercambio-turistico-cultural-chile-argentina-llega-por-primera-vez-a-viedma\\\/#article\",\"isPartOf\":{\"@id\":\"https:\\\/\\\/patagoniambiental.com.ar\\\/info\\\/el-intercambio-turistico-cultural-chile-argentina-llega-por-primera-vez-a-viedma\\\/\"},\"author\":{\"name\":\"Patagonia Ambiental\",\"@id\":\"https:\\\/\\\/patagoniambiental.com.ar\\\/info\\\/#\\\/schema\\\/person\\\/db12bff64bbcbf6a253710bf0ea37b5d\"},\"headline\":\"El Intercambio Tur\u00edstico Cultural Chile-Argentina llega por primera vez a Viedma\",\"datePublished\":\"2019-10-30T10:00:45+00:00\",\"mainEntityOfPage\":{\"@id\":\"https:\\\/\\\/patagoniambiental.com.ar\\\/info\\\/el-intercambio-turistico-cultural-chile-argentina-llega-por-primera-vez-a-viedma\\\/\"},\"wordCount\":345,\"commentCount\":0,\"publisher\":{\"@id\":\"https:\\\/\\\/patagoniambiental.com.ar\\\/info\\\/#organization\"},\"image\":{\"@id\":\"https:\\\/\\\/patagoniambiental.com.ar\\\/info\\\/el-intercambio-turistico-cultural-chile-argentina-llega-por-primera-vez-a-viedma\\\/#primaryimage\"},\"thumbnailUrl\":\"https:\\\/\\\/patagoniambiental.com.ar\\\/info\\\/wp-content\\\/uploads\\\/2019\\\/10\\\/thumbnail_IMG-20191029-WA0002.jpg\",\"articleSection\":[\"Bolet\u00edn\",\"Municipales\",\"Noticias\",\"Rotador\"],\"inLanguage\":\"es\",\"potentialAction\":[{\"@type\":\"CommentAction\",\"name\":\"Comment\",\"target\":[\"https:\\\/\\\/patagoniambiental.com.ar\\\/info\\\/el-intercambio-turistico-cultural-chile-argentina-llega-por-primera-vez-a-viedma\\\/#respond\"]}]},{\"@type\":\"WebPage\",\"@id\":\"https:\\\/\\\/patagoniambiental.com.ar\\\/info\\\/el-intercambio-turistico-cultural-chile-argentina-llega-por-primera-vez-a-viedma\\\/\",\"url\":\"https:\\\/\\\/patagoniambiental.com.ar\\\/info\\\/el-intercambio-turistico-cultural-chile-argentina-llega-por-primera-vez-a-viedma\\\/\",\"name\":\"El Intercambio Tur\u00edstico Cultural Chile-Argentina llega por primera vez a Viedma\",\"isPartOf\":{\"@id\":\"https:\\\/\\\/patagoniambiental.com.ar\\\/info\\\/#website\"},\"primaryImageOfPage\":{\"@id\":\"https:\\\/\\\/patagoniambiental.com.ar\\\/info\\\/el-intercambio-turistico-cultural-chile-argentina-llega-por-primera-vez-a-viedma\\\/#primaryimage\"},\"image\":{\"@id\":\"https:\\\/\\\/patagoniambiental.com.ar\\\/info\\\/el-intercambio-turistico-cultural-chile-argentina-llega-por-primera-vez-a-viedma\\\/#primaryimage\"},\"thumbnailUrl\":\"https:\\\/\\\/patagoniambiental.com.ar\\\/info\\\/wp-content\\\/uploads\\\/2019\\\/10\\\/thumbnail_IMG-20191029-WA0002.jpg\",\"datePublished\":\"2019-10-30T10:00:45+00:00\",\"breadcrumb\":{\"@id\":\"https:\\\/\\\/patagoniambiental.com.ar\\\/info\\\/el-intercambio-turistico-cultural-chile-argentina-llega-por-primera-vez-a-viedma\\\/#breadcrumb\"},\"inLanguage\":\"es\",\"potentialAction\":[{\"@type\":\"ReadAction\",\"target\":[\"https:\\\/\\\/patagoniambiental.com.ar\\\/info\\\/el-intercambio-turistico-cultural-chile-argentina-llega-por-primera-vez-a-viedma\\\/\"]}]},{\"@type\":\"ImageObject\",\"inLanguage\":\"es\",\"@id\":\"https:\\\/\\\/patagoniambiental.com.ar\\\/info\\\/el-intercambio-turistico-cultural-chile-argentina-llega-por-primera-vez-a-viedma\\\/#primaryimage\",\"url\":\"https:\\\/\\\/patagoniambiental.com.ar\\\/info\\\/wp-content\\\/uploads\\\/2019\\\/10\\\/thumbnail_IMG-20191029-WA0002.jpg\",\"contentUrl\":\"https:\\\/\\\/patagoniambiental.com.ar\\\/info\\\/wp-content\\\/uploads\\\/2019\\\/10\\\/thumbnail_IMG-20191029-WA0002.jpg\",\"width\":424,\"height\":600},{\"@type\":\"BreadcrumbList\",\"@id\":\"https:\\\/\\\/patagoniambiental.com.ar\\\/info\\\/el-intercambio-turistico-cultural-chile-argentina-llega-por-primera-vez-a-viedma\\\/#breadcrumb\",\"itemListElement\":[{\"@type\":\"ListItem\",\"position\":1,\"name\":\"Inicio\",\"item\":\"https:\\\/\\\/patagoniambiental.com.ar\\\/info\\\/\"},{\"@type\":\"ListItem\",\"position\":2,\"name\":\"El Intercambio Tur\u00edstico Cultural Chile-Argentina llega por primera vez a Viedma\"}]},{\"@type\":\"WebSite\",\"@id\":\"https:\\\/\\\/patagoniambiental.com.ar\\\/info\\\/#website\",\"url\":\"https:\\\/\\\/patagoniambiental.com.ar\\\/info\\\/\",\"name\":\"Patagonia Ambiental\",\"description\":\"Monitoreo y an\u00e1lisis de la situaci\u00f3n geopol\u00edtica en el mundo y su implicancia en la Patagonia\",\"publisher\":{\"@id\":\"https:\\\/\\\/patagoniambiental.com.ar\\\/info\\\/#organization\"},\"potentialAction\":[{\"@type\":\"SearchAction\",\"target\":{\"@type\":\"EntryPoint\",\"urlTemplate\":\"https:\\\/\\\/patagoniambiental.com.ar\\\/info\\\/?s={search_term_string}\"},\"query-input\":{\"@type\":\"PropertyValueSpecification\",\"valueRequired\":true,\"valueName\":\"search_term_string\"}}],\"inLanguage\":\"es\"},{\"@type\":\"Organization\",\"@id\":\"https:\\\/\\\/patagoniambiental.com.ar\\\/info\\\/#organization\",\"name\":\"Patagonia Ambiental\",\"url\":\"https:\\\/\\\/patagoniambiental.com.ar\\\/info\\\/\",\"logo\":{\"@type\":\"ImageObject\",\"inLanguage\":\"es\",\"@id\":\"https:\\\/\\\/patagoniambiental.com.ar\\\/info\\\/#\\\/schema\\\/logo\\\/image\\\/\",\"url\":\"https:\\\/\\\/patagoniambiental.com.ar\\\/info\\\/wp-content\\\/uploads\\\/2025\\\/05\\\/LOGO-PATAGONIA-AMBIENTAL.png\",\"contentUrl\":\"https:\\\/\\\/patagoniambiental.com.ar\\\/info\\\/wp-content\\\/uploads\\\/2025\\\/05\\\/LOGO-PATAGONIA-AMBIENTAL.png\",\"width\":433,\"height\":250,\"caption\":\"Patagonia Ambiental\"},\"image\":{\"@id\":\"https:\\\/\\\/patagoniambiental.com.ar\\\/info\\\/#\\\/schema\\\/logo\\\/image\\\/\"},\"sameAs\":[\"https:\\\/\\\/www.facebook.com\\\/patagonia.ambiental\",\"https:\\\/\\\/x.com\\\/PatAmb\"]},{\"@type\":\"Person\",\"@id\":\"https:\\\/\\\/patagoniambiental.com.ar\\\/info\\\/#\\\/schema\\\/person\\\/db12bff64bbcbf6a253710bf0ea37b5d\",\"name\":\"Patagonia Ambiental\",\"description\":\"Andr\u00e9s Nievas T\u00e9cnico en manejo ambiental, consultor Ambiental y escritor para medios locales e internacionales sobre temas de geopolitica y medio ambiente.\",\"sameAs\":[\"http:\\\/\\\/www.patagoniambiental.com.ar\",\"https:\\\/\\\/www.facebook.com\\\/share\\\/1C1V8Gv9BX\\\/?mibextid=qi2Omg\",\"@patagoniambiental\",\"https:\\\/\\\/youtube.com\\\/@patagoniaambiental2023?si=BLt58t0wuXquxlYZ\"]}]}<\/script>\n<!-- \/ Yoast SEO Premium plugin. -->","yoast_head_json":{"title":"El Intercambio Tur\u00edstico Cultural Chile-Argentina llega por primera vez a Viedma","robots":{"index":"index","follow":"follow","max-snippet":"max-snippet:-1","max-image-preview":"max-image-preview:large","max-video-preview":"max-video-preview:-1"},"canonical":"https:\/\/patagoniambiental.com.ar\/info\/el-intercambio-turistico-cultural-chile-argentina-llega-por-primera-vez-a-viedma\/","og_locale":"es_ES","og_type":"article","og_title":"El Intercambio Tur\u00edstico Cultural Chile-Argentina llega por primera vez a Viedma","og_description":"Viedma.-De la mano de la Agrupaci\u00f3n Art\u00edstica San-Tiago Ayala de Lamarque y Bit\u00e1cora Producciones de Viedma, llega el 9\u00b0 encuentro [&hellip;]","og_url":"https:\/\/patagoniambiental.com.ar\/info\/el-intercambio-turistico-cultural-chile-argentina-llega-por-primera-vez-a-viedma\/","og_site_name":"Patagonia Ambiental","article_publisher":"https:\/\/www.facebook.com\/patagonia.ambiental","article_author":"https:\/\/www.facebook.com\/share\/1C1V8Gv9BX\/?mibextid=qi2Omg","article_published_time":"2019-10-30T10:00:45+00:00","og_image":[{"width":904,"height":1280,"url":"https:\/\/patagoniambiental.com.ar\/info\/wp-content\/uploads\/2019\/10\/thumbnail_IMG-20191029-WA0002.jpg","type":"image\/jpeg"}],"author":"Patagonia Ambiental","twitter_card":"summary_large_image","twitter_creator":"@PatAmb","twitter_site":"@PatAmb","schema":{"@context":"https:\/\/schema.org","@graph":[{"@type":"Article","@id":"https:\/\/patagoniambiental.com.ar\/info\/el-intercambio-turistico-cultural-chile-argentina-llega-por-primera-vez-a-viedma\/#article","isPartOf":{"@id":"https:\/\/patagoniambiental.com.ar\/info\/el-intercambio-turistico-cultural-chile-argentina-llega-por-primera-vez-a-viedma\/"},"author":{"name":"Patagonia Ambiental","@id":"https:\/\/patagoniambiental.com.ar\/info\/#\/schema\/person\/db12bff64bbcbf6a253710bf0ea37b5d"},"headline":"El Intercambio Tur\u00edstico Cultural Chile-Argentina llega por primera vez a Viedma","datePublished":"2019-10-30T10:00:45+00:00","mainEntityOfPage":{"@id":"https:\/\/patagoniambiental.com.ar\/info\/el-intercambio-turistico-cultural-chile-argentina-llega-por-primera-vez-a-viedma\/"},"wordCount":345,"commentCount":0,"publisher":{"@id":"https:\/\/patagoniambiental.com.ar\/info\/#organization"},"image":{"@id":"https:\/\/patagoniambiental.com.ar\/info\/el-intercambio-turistico-cultural-chile-argentina-llega-por-primera-vez-a-viedma\/#primaryimage"},"thumbnailUrl":"https:\/\/patagoniambiental.com.ar\/info\/wp-content\/uploads\/2019\/10\/thumbnail_IMG-20191029-WA0002.jpg","articleSection":["Bolet\u00edn","Municipales","Noticias","Rotador"],"inLanguage":"es","potentialAction":[{"@type":"CommentAction","name":"Comment","target":["https:\/\/patagoniambiental.com.ar\/info\/el-intercambio-turistico-cultural-chile-argentina-llega-por-primera-vez-a-viedma\/#respond"]}]},{"@type":"WebPage","@id":"https:\/\/patagoniambiental.com.ar\/info\/el-intercambio-turistico-cultural-chile-argentina-llega-por-primera-vez-a-viedma\/","url":"https:\/\/patagoniambiental.com.ar\/info\/el-intercambio-turistico-cultural-chile-argentina-llega-por-primera-vez-a-viedma\/","name":"El Intercambio Tur\u00edstico Cultural Chile-Argentina llega por primera vez a Viedma","isPartOf":{"@id":"https:\/\/patagoniambiental.com.ar\/info\/#website"},"primaryImageOfPage":{"@id":"https:\/\/patagoniambiental.com.ar\/info\/el-intercambio-turistico-cultural-chile-argentina-llega-por-primera-vez-a-viedma\/#primaryimage"},"image":{"@id":"https:\/\/patagoniambiental.com.ar\/info\/el-intercambio-turistico-cultural-chile-argentina-llega-por-primera-vez-a-viedma\/#primaryimage"},"thumbnailUrl":"https:\/\/patagoniambiental.com.ar\/info\/wp-content\/uploads\/2019\/10\/thumbnail_IMG-20191029-WA0002.jpg","datePublished":"2019-10-30T10:00:45+00:00","breadcrumb":{"@id":"https:\/\/patagoniambiental.com.ar\/info\/el-intercambio-turistico-cultural-chile-argentina-llega-por-primera-vez-a-viedma\/#breadcrumb"},"inLanguage":"es","potentialAction":[{"@type":"ReadAction","target":["https:\/\/patagoniambiental.com.ar\/info\/el-intercambio-turistico-cultural-chile-argentina-llega-por-primera-vez-a-viedma\/"]}]},{"@type":"ImageObject","inLanguage":"es","@id":"https:\/\/patagoniambiental.com.ar\/info\/el-intercambio-turistico-cultural-chile-argentina-llega-por-primera-vez-a-viedma\/#primaryimage","url":"https:\/\/patagoniambiental.com.ar\/info\/wp-content\/uploads\/2019\/10\/thumbnail_IMG-20191029-WA0002.jpg","contentUrl":"https:\/\/patagoniambiental.com.ar\/info\/wp-content\/uploads\/2019\/10\/thumbnail_IMG-20191029-WA0002.jpg","width":424,"height":600},{"@type":"BreadcrumbList","@id":"https:\/\/patagoniambiental.com.ar\/info\/el-intercambio-turistico-cultural-chile-argentina-llega-por-primera-vez-a-viedma\/#breadcrumb","itemListElement":[{"@type":"ListItem","position":1,"name":"Inicio","item":"https:\/\/patagoniambiental.com.ar\/info\/"},{"@type":"ListItem","position":2,"name":"El Intercambio Tur\u00edstico Cultural Chile-Argentina llega por primera vez a Viedma"}]},{"@type":"WebSite","@id":"https:\/\/patagoniambiental.com.ar\/info\/#website","url":"https:\/\/patagoniambiental.com.ar\/info\/","name":"Patagonia Ambiental","description":"Monitoreo y an\u00e1lisis de la situaci\u00f3n geopol\u00edtica en el mundo y su implicancia en la Patagonia","publisher":{"@id":"https:\/\/patagoniambiental.com.ar\/info\/#organization"},"potentialAction":[{"@type":"SearchAction","target":{"@type":"EntryPoint","urlTemplate":"https:\/\/patagoniambiental.com.ar\/info\/?s={search_term_string}"},"query-input":{"@type":"PropertyValueSpecification","valueRequired":true,"valueName":"search_term_string"}}],"inLanguage":"es"},{"@type":"Organization","@id":"https:\/\/patagoniambiental.com.ar\/info\/#organization","name":"Patagonia Ambiental","url":"https:\/\/patagoniambiental.com.ar\/info\/","logo":{"@type":"ImageObject","inLanguage":"es","@id":"https:\/\/patagoniambiental.com.ar\/info\/#\/schema\/logo\/image\/","url":"https:\/\/patagoniambiental.com.ar\/info\/wp-content\/uploads\/2025\/05\/LOGO-PATAGONIA-AMBIENTAL.png","contentUrl":"https:\/\/patagoniambiental.com.ar\/info\/wp-content\/uploads\/2025\/05\/LOGO-PATAGONIA-AMBIENTAL.png","width":433,"height":250,"caption":"Patagonia Ambiental"},"image":{"@id":"https:\/\/patagoniambiental.com.ar\/info\/#\/schema\/logo\/image\/"},"sameAs":["https:\/\/www.facebook.com\/patagonia.ambiental","https:\/\/x.com\/PatAmb"]},{"@type":"Person","@id":"https:\/\/patagoniambiental.com.ar\/info\/#\/schema\/person\/db12bff64bbcbf6a253710bf0ea37b5d","name":"Patagonia Ambiental","description":"Andr\u00e9s Nievas T\u00e9cnico en manejo ambiental, consultor Ambiental y escritor para medios locales e internacionales sobre temas de geopolitica y medio ambiente.","sameAs":["http:\/\/www.patagoniambiental.com.ar","https:\/\/www.facebook.com\/share\/1C1V8Gv9BX\/?mibextid=qi2Omg","@patagoniambiental","https:\/\/youtube.com\/@patagoniaambiental2023?si=BLt58t0wuXquxlYZ"]}]}},"_links":{"self":[{"href":"https:\/\/patagoniambiental.com.ar\/info\/wp-json\/wp\/v2\/posts\/63780","targetHints":{"allow":["GET"]}}],"collection":[{"href":"https:\/\/patagoniambiental.com.ar\/info\/wp-json\/wp\/v2\/posts"}],"about":[{"href":"https:\/\/patagoniambiental.com.ar\/info\/wp-json\/wp\/v2\/types\/post"}],"author":[{"embeddable":true,"href":"https:\/\/patagoniambiental.com.ar\/info\/wp-json\/wp\/v2\/users\/2"}],"replies":[{"embeddable":true,"href":"https:\/\/patagoniambiental.com.ar\/info\/wp-json\/wp\/v2\/comments?post=63780"}],"version-history":[{"count":0,"href":"https:\/\/patagoniambiental.com.ar\/info\/wp-json\/wp\/v2\/posts\/63780\/revisions"}],"wp:featuredmedia":[{"embeddable":true,"href":"https:\/\/patagoniambiental.com.ar\/info\/wp-json\/wp\/v2\/media\/63781"}],"wp:attachment":[{"href":"https:\/\/patagoniambiental.com.ar\/info\/wp-json\/wp\/v2\/media?parent=63780"}],"wp:term":[{"taxonomy":"category","embeddable":true,"href":"https:\/\/patagoniambiental.com.ar\/info\/wp-json\/wp\/v2\/categories?post=63780"},{"taxonomy":"post_tag","embeddable":true,"href":"https:\/\/patagoniambiental.com.ar\/info\/wp-json\/wp\/v2\/tags?post=63780"}],"curies":[{"name":"wp","href":"https:\/\/api.w.org\/{rel}","templated":true}]}}