{"id":63811,"date":"2019-10-31T07:00:42","date_gmt":"2019-10-31T10:00:42","guid":{"rendered":"http:\/\/patagoniambiental.com.ar\/info\/?p=63811"},"modified":"2019-10-30T09:22:00","modified_gmt":"2019-10-30T12:22:00","slug":"sobre-la-prohibicion-de-llevar-perros-a-la-reserva-natural-urbana-bahia-encerrada","status":"publish","type":"post","link":"https:\/\/patagoniambiental.com.ar\/info\/sobre-la-prohibicion-de-llevar-perros-a-la-reserva-natural-urbana-bahia-encerrada\/","title":{"rendered":"Sobre la prohibici\u00f3n de llevar perros a la Reserva Natural Urbana Bahia Encerrada"},"content":{"rendered":"<div id=\"js_o\" class=\"_5pbx userContent _3576\" data-testid=\"post_message\" data-ft=\"{&quot;tn&quot;:&quot;K&quot;}\">\n<div id=\"id_5db97b79933252775589808\" class=\"text_exposed_root text_exposed\">\n<p>Ushuaia.-Muchas personas sacan a pasear a sus perros, y encuentran en la RNUBE Reserva Natural Urbana Bah\u00eda encerrada, \u00ablo que creen\u00bb un lugar ideal para soltarlos, un lugar ideal para puedan correr a su gusto.<\/p>\n<p><!--more--><br \/>\nQuiz\u00e1s no sepan que la RNUBE. Reserva Natural Urbana Bah\u00eda Encerrada, es un lugar al que llegan numerosas aves migratorias que encuentran un espacio para descansar luego de un largo viaje, buscan all\u00ed reparo, alimento, algunas anidan y cr\u00edan sus pichones.<br \/>\nEsto hace de la reserv<span class=\"text_exposed_show\">a un lugar privilegiado por su riqueza, por su potencial, pero muy fr\u00e1gil por lo sensible al da\u00f1o que pueden hacer los animales dom\u00e9sticos que deambulan por el lugar, ya sea que los traen sus due\u00f1os y los sueltan o aquellos que llegan solos porque simplemente los soltaron desde su hogares.<\/span><\/p>\n<p><span class=\"text_exposed_show\"><img fetchpriority=\"high\" decoding=\"async\" class=\" wp-image-63813 alignleft\" src=\"https:\/\/patagoniambiental.com.ar\/info\/wp-content\/uploads\/2019\/10\/74796639_2740850135977086_3099849764934516736_n-600x338.jpg\" alt=\"\" width=\"328\" height=\"185\" \/><br \/>\nYa en la Reserva, el perro, respondiendo a sus instinto busca a las aves, las persigue, \u00abjuega\u00bb a cazarlas, las caza, tambi\u00e9n busca los nidos, los destruye y mata a los pichones.<br \/>\nPor eso es que, tal cual se indica en la carteler\u00eda, no se puede ingresar con los animales a la RNUBE, s\u00f3lo se puede ir, con la correa puesta en el animal, por la Avda. Garramu\u00f1o y las calles: Cap. Mutto, Tte Berr\u00e1z, y Pasarela Luis Pedro Fique.<\/span><\/p>\n<\/div>\n<\/div>\n<p>&nbsp;<\/p>\n<h5 id=\"js_15y\" class=\"_7tae _14f3 _14f5 _5pbw _5vra _3n8j\" data-ft=\"{&quot;tn&quot;:&quot;C&quot;}\"><span class=\"fwn fcg\"><span class=\"fcg\"><span class=\"fwb\">Fuente: Abe Asociaci\u00f3n Bah\u00eda Encerrada<\/span><\/span><\/span><\/h5>\n<div class=\"_3x-2\" data-ft=\"{&quot;tn&quot;:&quot;H&quot;}\">\n<div data-ft=\"{&quot;tn&quot;:&quot;H&quot;}\">\n<div class=\"mtm\">\n<div class=\"_2a2q _65sr\">\n<div class=\"_17zx\"><\/div>\n<\/div>\n<\/div>\n<\/div>\n<\/div>\n","protected":false},"excerpt":{"rendered":"<p>Ushuaia.-Muchas personas sacan a pasear a sus perros, y encuentran en la RNUBE Reserva Natural Urbana Bah\u00eda encerrada, \u00ablo que [&hellip;]<\/p>\n","protected":false},"author":2,"featured_media":63812,"comment_status":"open","ping_status":"open","sticky":false,"template":"","format":"standard","meta":{"site-sidebar-layout":"default","site-content-layout":"","ast-site-content-layout":"default","site-content-style":"default","site-sidebar-style":"default","ast-global-header-display":"","ast-banner-title-visibility":"","ast-main-header-display":"","ast-hfb-above-header-display":"","ast-hfb-below-header-display":"","ast-hfb-mobile-header-display":"","site-post-title":"","ast-breadcrumbs-content":"","ast-featured-img":"","footer-sml-layout":"","ast-disable-related-posts":"","theme-transparent-header-meta":"","adv-header-id-meta":"","stick-header-meta":"","header-above-stick-meta":"","header-main-stick-meta":"","header-below-stick-meta":"","astra-migrate-meta-layouts":"default","ast-page-background-enabled":"default","ast-page-background-meta":{"desktop":{"background-color":"var(--ast-global-color-5)","background-image":"","background-repeat":"repeat","background-position":"center center","background-size":"auto","background-attachment":"scroll","background-type":"","background-media":"","overlay-type":"","overlay-color":"","overlay-opacity":"","overlay-gradient":""},"tablet":{"background-color":"","background-image":"","background-repeat":"repeat","background-position":"center center","background-size":"auto","background-attachment":"scroll","background-type":"","background-media":"","overlay-type":"","overlay-color":"","overlay-opacity":"","overlay-gradient":""},"mobile":{"background-color":"","background-image":"","background-repeat":"repeat","background-position":"center center","background-size":"auto","background-attachment":"scroll","background-type":"","background-media":"","overlay-type":"","overlay-color":"","overlay-opacity":"","overlay-gradient":""}},"ast-content-background-meta":{"desktop":{"background-color":"var(--ast-global-color-4)","background-image":"","background-repeat":"repeat","background-position":"center center","background-size":"auto","background-attachment":"scroll","background-type":"","background-media":"","overlay-type":"","overlay-color":"","overlay-opacity":"","overlay-gradient":""},"tablet":{"background-color":"var(--ast-global-color-4)","background-image":"","background-repeat":"repeat","background-position":"center center","background-size":"auto","background-attachment":"scroll","background-type":"","background-media":"","overlay-type":"","overlay-color":"","overlay-opacity":"","overlay-gradient":""},"mobile":{"background-color":"var(--ast-global-color-4)","background-image":"","background-repeat":"repeat","background-position":"center center","background-size":"auto","background-attachment":"scroll","background-type":"","background-media":"","overlay-type":"","overlay-color":"","overlay-opacity":"","overlay-gradient":""}},"footnotes":""},"categories":[1],"tags":[],"class_list":["post-63811","post","type-post","status-publish","format-standard","has-post-thumbnail","hentry","category-noticias"],"yoast_head":"<!-- This site is optimized with the Yoast SEO Premium plugin v23.0 (Yoast SEO v27.5) - https:\/\/yoast.com\/product\/yoast-seo-premium-wordpress\/ -->\n<title>Sobre la prohibici\u00f3n de llevar perros a la Reserva Natural Urbana Bahia Encerrada<\/title>\n<meta name=\"robots\" content=\"index, follow, max-snippet:-1, max-image-preview:large, max-video-preview:-1\" \/>\n<link rel=\"canonical\" href=\"https:\/\/patagoniambiental.com.ar\/info\/sobre-la-prohibicion-de-llevar-perros-a-la-reserva-natural-urbana-bahia-encerrada\/\" \/>\n<meta property=\"og:locale\" content=\"es_ES\" \/>\n<meta property=\"og:type\" content=\"article\" \/>\n<meta property=\"og:title\" content=\"Sobre la prohibici\u00f3n de llevar perros a la Reserva Natural Urbana Bahia Encerrada\" \/>\n<meta property=\"og:description\" content=\"Ushuaia.-Muchas personas sacan a pasear a sus perros, y encuentran en la RNUBE Reserva Natural Urbana Bah\u00eda encerrada, \u00ablo que [&hellip;]\" \/>\n<meta property=\"og:url\" content=\"https:\/\/patagoniambiental.com.ar\/info\/sobre-la-prohibicion-de-llevar-perros-a-la-reserva-natural-urbana-bahia-encerrada\/\" \/>\n<meta property=\"og:site_name\" content=\"Patagonia Ambiental\" \/>\n<meta property=\"article:publisher\" content=\"https:\/\/www.facebook.com\/patagonia.ambiental\" \/>\n<meta property=\"article:author\" content=\"https:\/\/www.facebook.com\/share\/1C1V8Gv9BX\/?mibextid=qi2Omg\" \/>\n<meta property=\"article:published_time\" content=\"2019-10-31T10:00:42+00:00\" \/>\n<meta property=\"og:image\" content=\"https:\/\/patagoniambiental.com.ar\/info\/wp-content\/uploads\/2019\/10\/72978755_2740861959309237_8717178353968218112_n.jpg\" \/>\n\t<meta property=\"og:image:width\" content=\"960\" \/>\n\t<meta property=\"og:image:height\" content=\"540\" \/>\n\t<meta property=\"og:image:type\" content=\"image\/jpeg\" \/>\n<meta name=\"author\" content=\"Patagonia Ambiental\" \/>\n<meta name=\"twitter:card\" content=\"summary_large_image\" \/>\n<meta name=\"twitter:creator\" content=\"@PatAmb\" \/>\n<meta name=\"twitter:site\" content=\"@PatAmb\" \/>\n<script type=\"application\/ld+json\" class=\"yoast-schema-graph\">{\"@context\":\"https:\\\/\\\/schema.org\",\"@graph\":[{\"@type\":\"Article\",\"@id\":\"https:\\\/\\\/patagoniambiental.com.ar\\\/info\\\/sobre-la-prohibicion-de-llevar-perros-a-la-reserva-natural-urbana-bahia-encerrada\\\/#article\",\"isPartOf\":{\"@id\":\"https:\\\/\\\/patagoniambiental.com.ar\\\/info\\\/sobre-la-prohibicion-de-llevar-perros-a-la-reserva-natural-urbana-bahia-encerrada\\\/\"},\"author\":{\"name\":\"Patagonia Ambiental\",\"@id\":\"https:\\\/\\\/patagoniambiental.com.ar\\\/info\\\/#\\\/schema\\\/person\\\/db12bff64bbcbf6a253710bf0ea37b5d\"},\"headline\":\"Sobre la prohibici\u00f3n de llevar perros a la Reserva Natural Urbana Bahia Encerrada\",\"datePublished\":\"2019-10-31T10:00:42+00:00\",\"mainEntityOfPage\":{\"@id\":\"https:\\\/\\\/patagoniambiental.com.ar\\\/info\\\/sobre-la-prohibicion-de-llevar-perros-a-la-reserva-natural-urbana-bahia-encerrada\\\/\"},\"wordCount\":247,\"commentCount\":0,\"publisher\":{\"@id\":\"https:\\\/\\\/patagoniambiental.com.ar\\\/info\\\/#organization\"},\"image\":{\"@id\":\"https:\\\/\\\/patagoniambiental.com.ar\\\/info\\\/sobre-la-prohibicion-de-llevar-perros-a-la-reserva-natural-urbana-bahia-encerrada\\\/#primaryimage\"},\"thumbnailUrl\":\"https:\\\/\\\/patagoniambiental.com.ar\\\/info\\\/wp-content\\\/uploads\\\/2019\\\/10\\\/72978755_2740861959309237_8717178353968218112_n.jpg\",\"articleSection\":[\"Noticias\"],\"inLanguage\":\"es\",\"potentialAction\":[{\"@type\":\"CommentAction\",\"name\":\"Comment\",\"target\":[\"https:\\\/\\\/patagoniambiental.com.ar\\\/info\\\/sobre-la-prohibicion-de-llevar-perros-a-la-reserva-natural-urbana-bahia-encerrada\\\/#respond\"]}]},{\"@type\":\"WebPage\",\"@id\":\"https:\\\/\\\/patagoniambiental.com.ar\\\/info\\\/sobre-la-prohibicion-de-llevar-perros-a-la-reserva-natural-urbana-bahia-encerrada\\\/\",\"url\":\"https:\\\/\\\/patagoniambiental.com.ar\\\/info\\\/sobre-la-prohibicion-de-llevar-perros-a-la-reserva-natural-urbana-bahia-encerrada\\\/\",\"name\":\"Sobre la prohibici\u00f3n de llevar perros a la Reserva Natural Urbana Bahia Encerrada\",\"isPartOf\":{\"@id\":\"https:\\\/\\\/patagoniambiental.com.ar\\\/info\\\/#website\"},\"primaryImageOfPage\":{\"@id\":\"https:\\\/\\\/patagoniambiental.com.ar\\\/info\\\/sobre-la-prohibicion-de-llevar-perros-a-la-reserva-natural-urbana-bahia-encerrada\\\/#primaryimage\"},\"image\":{\"@id\":\"https:\\\/\\\/patagoniambiental.com.ar\\\/info\\\/sobre-la-prohibicion-de-llevar-perros-a-la-reserva-natural-urbana-bahia-encerrada\\\/#primaryimage\"},\"thumbnailUrl\":\"https:\\\/\\\/patagoniambiental.com.ar\\\/info\\\/wp-content\\\/uploads\\\/2019\\\/10\\\/72978755_2740861959309237_8717178353968218112_n.jpg\",\"datePublished\":\"2019-10-31T10:00:42+00:00\",\"breadcrumb\":{\"@id\":\"https:\\\/\\\/patagoniambiental.com.ar\\\/info\\\/sobre-la-prohibicion-de-llevar-perros-a-la-reserva-natural-urbana-bahia-encerrada\\\/#breadcrumb\"},\"inLanguage\":\"es\",\"potentialAction\":[{\"@type\":\"ReadAction\",\"target\":[\"https:\\\/\\\/patagoniambiental.com.ar\\\/info\\\/sobre-la-prohibicion-de-llevar-perros-a-la-reserva-natural-urbana-bahia-encerrada\\\/\"]}]},{\"@type\":\"ImageObject\",\"inLanguage\":\"es\",\"@id\":\"https:\\\/\\\/patagoniambiental.com.ar\\\/info\\\/sobre-la-prohibicion-de-llevar-perros-a-la-reserva-natural-urbana-bahia-encerrada\\\/#primaryimage\",\"url\":\"https:\\\/\\\/patagoniambiental.com.ar\\\/info\\\/wp-content\\\/uploads\\\/2019\\\/10\\\/72978755_2740861959309237_8717178353968218112_n.jpg\",\"contentUrl\":\"https:\\\/\\\/patagoniambiental.com.ar\\\/info\\\/wp-content\\\/uploads\\\/2019\\\/10\\\/72978755_2740861959309237_8717178353968218112_n.jpg\",\"width\":960,\"height\":540},{\"@type\":\"BreadcrumbList\",\"@id\":\"https:\\\/\\\/patagoniambiental.com.ar\\\/info\\\/sobre-la-prohibicion-de-llevar-perros-a-la-reserva-natural-urbana-bahia-encerrada\\\/#breadcrumb\",\"itemListElement\":[{\"@type\":\"ListItem\",\"position\":1,\"name\":\"Inicio\",\"item\":\"https:\\\/\\\/patagoniambiental.com.ar\\\/info\\\/\"},{\"@type\":\"ListItem\",\"position\":2,\"name\":\"Sobre la prohibici\u00f3n de llevar perros a la Reserva Natural Urbana Bahia Encerrada\"}]},{\"@type\":\"WebSite\",\"@id\":\"https:\\\/\\\/patagoniambiental.com.ar\\\/info\\\/#website\",\"url\":\"https:\\\/\\\/patagoniambiental.com.ar\\\/info\\\/\",\"name\":\"Patagonia Ambiental\",\"description\":\"Monitoreo y an\u00e1lisis de la situaci\u00f3n geopol\u00edtica en el mundo y su implicancia en la Patagonia\",\"publisher\":{\"@id\":\"https:\\\/\\\/patagoniambiental.com.ar\\\/info\\\/#organization\"},\"potentialAction\":[{\"@type\":\"SearchAction\",\"target\":{\"@type\":\"EntryPoint\",\"urlTemplate\":\"https:\\\/\\\/patagoniambiental.com.ar\\\/info\\\/?s={search_term_string}\"},\"query-input\":{\"@type\":\"PropertyValueSpecification\",\"valueRequired\":true,\"valueName\":\"search_term_string\"}}],\"inLanguage\":\"es\"},{\"@type\":\"Organization\",\"@id\":\"https:\\\/\\\/patagoniambiental.com.ar\\\/info\\\/#organization\",\"name\":\"Patagonia Ambiental\",\"url\":\"https:\\\/\\\/patagoniambiental.com.ar\\\/info\\\/\",\"logo\":{\"@type\":\"ImageObject\",\"inLanguage\":\"es\",\"@id\":\"https:\\\/\\\/patagoniambiental.com.ar\\\/info\\\/#\\\/schema\\\/logo\\\/image\\\/\",\"url\":\"https:\\\/\\\/patagoniambiental.com.ar\\\/info\\\/wp-content\\\/uploads\\\/2025\\\/05\\\/LOGO-PATAGONIA-AMBIENTAL.png\",\"contentUrl\":\"https:\\\/\\\/patagoniambiental.com.ar\\\/info\\\/wp-content\\\/uploads\\\/2025\\\/05\\\/LOGO-PATAGONIA-AMBIENTAL.png\",\"width\":433,\"height\":250,\"caption\":\"Patagonia Ambiental\"},\"image\":{\"@id\":\"https:\\\/\\\/patagoniambiental.com.ar\\\/info\\\/#\\\/schema\\\/logo\\\/image\\\/\"},\"sameAs\":[\"https:\\\/\\\/www.facebook.com\\\/patagonia.ambiental\",\"https:\\\/\\\/x.com\\\/PatAmb\"]},{\"@type\":\"Person\",\"@id\":\"https:\\\/\\\/patagoniambiental.com.ar\\\/info\\\/#\\\/schema\\\/person\\\/db12bff64bbcbf6a253710bf0ea37b5d\",\"name\":\"Patagonia Ambiental\",\"description\":\"Andr\u00e9s Nievas T\u00e9cnico en manejo ambiental, consultor Ambiental y escritor para medios locales e internacionales sobre temas de geopolitica y medio ambiente.\",\"sameAs\":[\"http:\\\/\\\/www.patagoniambiental.com.ar\",\"https:\\\/\\\/www.facebook.com\\\/share\\\/1C1V8Gv9BX\\\/?mibextid=qi2Omg\",\"@patagoniambiental\",\"https:\\\/\\\/youtube.com\\\/@patagoniaambiental2023?si=BLt58t0wuXquxlYZ\"]}]}<\/script>\n<!-- \/ Yoast SEO Premium plugin. -->","yoast_head_json":{"title":"Sobre la prohibici\u00f3n de llevar perros a la Reserva Natural Urbana Bahia Encerrada","robots":{"index":"index","follow":"follow","max-snippet":"max-snippet:-1","max-image-preview":"max-image-preview:large","max-video-preview":"max-video-preview:-1"},"canonical":"https:\/\/patagoniambiental.com.ar\/info\/sobre-la-prohibicion-de-llevar-perros-a-la-reserva-natural-urbana-bahia-encerrada\/","og_locale":"es_ES","og_type":"article","og_title":"Sobre la prohibici\u00f3n de llevar perros a la Reserva Natural Urbana Bahia Encerrada","og_description":"Ushuaia.-Muchas personas sacan a pasear a sus perros, y encuentran en la RNUBE Reserva Natural Urbana Bah\u00eda encerrada, \u00ablo que [&hellip;]","og_url":"https:\/\/patagoniambiental.com.ar\/info\/sobre-la-prohibicion-de-llevar-perros-a-la-reserva-natural-urbana-bahia-encerrada\/","og_site_name":"Patagonia Ambiental","article_publisher":"https:\/\/www.facebook.com\/patagonia.ambiental","article_author":"https:\/\/www.facebook.com\/share\/1C1V8Gv9BX\/?mibextid=qi2Omg","article_published_time":"2019-10-31T10:00:42+00:00","og_image":[{"width":960,"height":540,"url":"https:\/\/patagoniambiental.com.ar\/info\/wp-content\/uploads\/2019\/10\/72978755_2740861959309237_8717178353968218112_n.jpg","type":"image\/jpeg"}],"author":"Patagonia Ambiental","twitter_card":"summary_large_image","twitter_creator":"@PatAmb","twitter_site":"@PatAmb","schema":{"@context":"https:\/\/schema.org","@graph":[{"@type":"Article","@id":"https:\/\/patagoniambiental.com.ar\/info\/sobre-la-prohibicion-de-llevar-perros-a-la-reserva-natural-urbana-bahia-encerrada\/#article","isPartOf":{"@id":"https:\/\/patagoniambiental.com.ar\/info\/sobre-la-prohibicion-de-llevar-perros-a-la-reserva-natural-urbana-bahia-encerrada\/"},"author":{"name":"Patagonia Ambiental","@id":"https:\/\/patagoniambiental.com.ar\/info\/#\/schema\/person\/db12bff64bbcbf6a253710bf0ea37b5d"},"headline":"Sobre la prohibici\u00f3n de llevar perros a la Reserva Natural Urbana Bahia Encerrada","datePublished":"2019-10-31T10:00:42+00:00","mainEntityOfPage":{"@id":"https:\/\/patagoniambiental.com.ar\/info\/sobre-la-prohibicion-de-llevar-perros-a-la-reserva-natural-urbana-bahia-encerrada\/"},"wordCount":247,"commentCount":0,"publisher":{"@id":"https:\/\/patagoniambiental.com.ar\/info\/#organization"},"image":{"@id":"https:\/\/patagoniambiental.com.ar\/info\/sobre-la-prohibicion-de-llevar-perros-a-la-reserva-natural-urbana-bahia-encerrada\/#primaryimage"},"thumbnailUrl":"https:\/\/patagoniambiental.com.ar\/info\/wp-content\/uploads\/2019\/10\/72978755_2740861959309237_8717178353968218112_n.jpg","articleSection":["Noticias"],"inLanguage":"es","potentialAction":[{"@type":"CommentAction","name":"Comment","target":["https:\/\/patagoniambiental.com.ar\/info\/sobre-la-prohibicion-de-llevar-perros-a-la-reserva-natural-urbana-bahia-encerrada\/#respond"]}]},{"@type":"WebPage","@id":"https:\/\/patagoniambiental.com.ar\/info\/sobre-la-prohibicion-de-llevar-perros-a-la-reserva-natural-urbana-bahia-encerrada\/","url":"https:\/\/patagoniambiental.com.ar\/info\/sobre-la-prohibicion-de-llevar-perros-a-la-reserva-natural-urbana-bahia-encerrada\/","name":"Sobre la prohibici\u00f3n de llevar perros a la Reserva Natural Urbana Bahia Encerrada","isPartOf":{"@id":"https:\/\/patagoniambiental.com.ar\/info\/#website"},"primaryImageOfPage":{"@id":"https:\/\/patagoniambiental.com.ar\/info\/sobre-la-prohibicion-de-llevar-perros-a-la-reserva-natural-urbana-bahia-encerrada\/#primaryimage"},"image":{"@id":"https:\/\/patagoniambiental.com.ar\/info\/sobre-la-prohibicion-de-llevar-perros-a-la-reserva-natural-urbana-bahia-encerrada\/#primaryimage"},"thumbnailUrl":"https:\/\/patagoniambiental.com.ar\/info\/wp-content\/uploads\/2019\/10\/72978755_2740861959309237_8717178353968218112_n.jpg","datePublished":"2019-10-31T10:00:42+00:00","breadcrumb":{"@id":"https:\/\/patagoniambiental.com.ar\/info\/sobre-la-prohibicion-de-llevar-perros-a-la-reserva-natural-urbana-bahia-encerrada\/#breadcrumb"},"inLanguage":"es","potentialAction":[{"@type":"ReadAction","target":["https:\/\/patagoniambiental.com.ar\/info\/sobre-la-prohibicion-de-llevar-perros-a-la-reserva-natural-urbana-bahia-encerrada\/"]}]},{"@type":"ImageObject","inLanguage":"es","@id":"https:\/\/patagoniambiental.com.ar\/info\/sobre-la-prohibicion-de-llevar-perros-a-la-reserva-natural-urbana-bahia-encerrada\/#primaryimage","url":"https:\/\/patagoniambiental.com.ar\/info\/wp-content\/uploads\/2019\/10\/72978755_2740861959309237_8717178353968218112_n.jpg","contentUrl":"https:\/\/patagoniambiental.com.ar\/info\/wp-content\/uploads\/2019\/10\/72978755_2740861959309237_8717178353968218112_n.jpg","width":960,"height":540},{"@type":"BreadcrumbList","@id":"https:\/\/patagoniambiental.com.ar\/info\/sobre-la-prohibicion-de-llevar-perros-a-la-reserva-natural-urbana-bahia-encerrada\/#breadcrumb","itemListElement":[{"@type":"ListItem","position":1,"name":"Inicio","item":"https:\/\/patagoniambiental.com.ar\/info\/"},{"@type":"ListItem","position":2,"name":"Sobre la prohibici\u00f3n de llevar perros a la Reserva Natural Urbana Bahia Encerrada"}]},{"@type":"WebSite","@id":"https:\/\/patagoniambiental.com.ar\/info\/#website","url":"https:\/\/patagoniambiental.com.ar\/info\/","name":"Patagonia Ambiental","description":"Monitoreo y an\u00e1lisis de la situaci\u00f3n geopol\u00edtica en el mundo y su implicancia en la Patagonia","publisher":{"@id":"https:\/\/patagoniambiental.com.ar\/info\/#organization"},"potentialAction":[{"@type":"SearchAction","target":{"@type":"EntryPoint","urlTemplate":"https:\/\/patagoniambiental.com.ar\/info\/?s={search_term_string}"},"query-input":{"@type":"PropertyValueSpecification","valueRequired":true,"valueName":"search_term_string"}}],"inLanguage":"es"},{"@type":"Organization","@id":"https:\/\/patagoniambiental.com.ar\/info\/#organization","name":"Patagonia Ambiental","url":"https:\/\/patagoniambiental.com.ar\/info\/","logo":{"@type":"ImageObject","inLanguage":"es","@id":"https:\/\/patagoniambiental.com.ar\/info\/#\/schema\/logo\/image\/","url":"https:\/\/patagoniambiental.com.ar\/info\/wp-content\/uploads\/2025\/05\/LOGO-PATAGONIA-AMBIENTAL.png","contentUrl":"https:\/\/patagoniambiental.com.ar\/info\/wp-content\/uploads\/2025\/05\/LOGO-PATAGONIA-AMBIENTAL.png","width":433,"height":250,"caption":"Patagonia Ambiental"},"image":{"@id":"https:\/\/patagoniambiental.com.ar\/info\/#\/schema\/logo\/image\/"},"sameAs":["https:\/\/www.facebook.com\/patagonia.ambiental","https:\/\/x.com\/PatAmb"]},{"@type":"Person","@id":"https:\/\/patagoniambiental.com.ar\/info\/#\/schema\/person\/db12bff64bbcbf6a253710bf0ea37b5d","name":"Patagonia Ambiental","description":"Andr\u00e9s Nievas T\u00e9cnico en manejo ambiental, consultor Ambiental y escritor para medios locales e internacionales sobre temas de geopolitica y medio ambiente.","sameAs":["http:\/\/www.patagoniambiental.com.ar","https:\/\/www.facebook.com\/share\/1C1V8Gv9BX\/?mibextid=qi2Omg","@patagoniambiental","https:\/\/youtube.com\/@patagoniaambiental2023?si=BLt58t0wuXquxlYZ"]}]}},"_links":{"self":[{"href":"https:\/\/patagoniambiental.com.ar\/info\/wp-json\/wp\/v2\/posts\/63811","targetHints":{"allow":["GET"]}}],"collection":[{"href":"https:\/\/patagoniambiental.com.ar\/info\/wp-json\/wp\/v2\/posts"}],"about":[{"href":"https:\/\/patagoniambiental.com.ar\/info\/wp-json\/wp\/v2\/types\/post"}],"author":[{"embeddable":true,"href":"https:\/\/patagoniambiental.com.ar\/info\/wp-json\/wp\/v2\/users\/2"}],"replies":[{"embeddable":true,"href":"https:\/\/patagoniambiental.com.ar\/info\/wp-json\/wp\/v2\/comments?post=63811"}],"version-history":[{"count":0,"href":"https:\/\/patagoniambiental.com.ar\/info\/wp-json\/wp\/v2\/posts\/63811\/revisions"}],"wp:featuredmedia":[{"embeddable":true,"href":"https:\/\/patagoniambiental.com.ar\/info\/wp-json\/wp\/v2\/media\/63812"}],"wp:attachment":[{"href":"https:\/\/patagoniambiental.com.ar\/info\/wp-json\/wp\/v2\/media?parent=63811"}],"wp:term":[{"taxonomy":"category","embeddable":true,"href":"https:\/\/patagoniambiental.com.ar\/info\/wp-json\/wp\/v2\/categories?post=63811"},{"taxonomy":"post_tag","embeddable":true,"href":"https:\/\/patagoniambiental.com.ar\/info\/wp-json\/wp\/v2\/tags?post=63811"}],"curies":[{"name":"wp","href":"https:\/\/api.w.org\/{rel}","templated":true}]}}