{"id":63818,"date":"2019-10-30T07:00:45","date_gmt":"2019-10-30T10:00:45","guid":{"rendered":"http:\/\/patagoniambiental.com.ar\/info\/?p=63818"},"modified":"2019-10-30T09:39:16","modified_gmt":"2019-10-30T12:39:16","slug":"inauguro-el-nuevo-sendero-de-puerto-karelo-en-tierra-del-fuego","status":"publish","type":"post","link":"https:\/\/patagoniambiental.com.ar\/info\/inauguro-el-nuevo-sendero-de-puerto-karelo-en-tierra-del-fuego\/","title":{"rendered":"Inaugur\u00f3 el nuevo sendero de Puerto Karelo en Tierra del Fuego"},"content":{"rendered":"<div class=\"br\">Tierra del Fuego.-El proyecto fue realizado por el Comit\u00e9 del Compromiso Onashaga que nuclea a organismos p\u00fablicos- privados, educativos y asociaciones del sector tur\u00edstico de Tierra del Fuego.<\/div>\n<p><!--more--><\/p>\n<div class=\"wide\"><img decoding=\"async\" class=\"alignleft\" src=\"https:\/\/hostnews.com.ar\/uploads\/news\/id27705\/2910sendero.jpg\" alt=\"Inaugur\u00f3 el nuevo sendero de Puerto Karelo en Tierra del Fuego\" \/><\/div>\n<p>La obra cont\u00f3 con trabajos de reubicaci\u00f3n, mejora y consolidaci\u00f3n del Sendero Interpretativo al Mirador de la Isla Bridges en Puerto Karelo y nueva carteler\u00eda informativa.<\/p>\n<div id=\"articulo\">\n<p>En la jornada de este martes, integrantes de Compromiso Onashaga junto a representantes de organismos p\u00fablicos y prestadores tur\u00edsticos inauguraron el nuevo sendero interpretativo ubicado en Puerto Karelo, obra realizada en el marco de la l\u00ednea de financiamiento del Ministerio de Ciencia, Tecnolog\u00eda e Innovaci\u00f3n Productiva de la Naci\u00f3n, ASETUR (Proyectos de Apoyo Tecnol\u00f3gico al Sector Tur\u00edstico), con el aporte y apoyo de los prestadores de servicios tur\u00edsticos que navegan el Canal Beagle, la Agencia de Desarrollo Ushuaia y la Secretar\u00eda de Turismo de la Municipalidad de Ushuaia.<\/p>\n<p>La ejecuci\u00f3n cont\u00f3 con los avales de la Armada<strong><a title=\" Argentina\" href=\"https:\/\/hostnews.com.ar\/index.php\/articulos.htm?mact=Search%2Ccntnt01%2Cdosearch%2C0&amp;cntnt01returnid=89&amp;cntnt01searchinput=%20Argentina\" target=\"_blank\" rel=\"nofollow noopener\">\u00a0Argentina<\/a><\/strong>, el Instituto Fueguino de Turismo, la Secretar\u00eda de Ambiente, Desarrollo Sostenible y Cambio Clim\u00e1tico, junto con la orientaci\u00f3n cient\u00edfica de profesionales del Centro Austral de Investigaciones Cient\u00edficas (CADIC-CONICET).<\/p>\n<p>Cabe destacar que el proyecto surge a partir de la preocupaci\u00f3n del Comit\u00e9 de Seguimiento del Compromiso Onashaga ante la gran cantidad de pasajeros que desembarcan diariamente en la isla Bridges.<\/p>\n<p>De esta manera se efectuaron trabajos de reubicaci\u00f3n, mejora y consolidaci\u00f3n del sendero existente en la mencionada isla, para preservar los recursos naturales e hist\u00f3ricos del lugar y ordenar el desembarco de las personas que la visitan. La mejora del sendero favorece la preservaci\u00f3n de esos recursos del Canal Beagle y evitar\u00e1 que se impacten las zonas m\u00e1s vulnerables.<\/p>\n<p>El Compromiso Onashaga tiene un Comit\u00e9 de Seguimiento que realiza su trabajo en forma voluntaria. El mismo es una red de instituciones no formal e integrada por representantes de CADIC-CONICET, Administraci\u00f3n de Parques Nacionales, Universidad Nacional de Tierra del Fuego, \u00a0Asociaci\u00f3n de Gu\u00edas Profesionales de Turismo de Tierra del Fuego, Secretar\u00eda de Ambiente, Desarrollo Sostenible y Cambio Clim\u00e1tico provincial y el Instituto Fueguino de Turismo.<\/p>\n<p>El principal objetivo es minimizar los impactos de la actividad tur\u00edstica en el Canal Beagle, a trav\u00e9s de campa\u00f1as de limpieza, charlas de concientizaci\u00f3n y proyectos que beneficien su sustentabilidad.<\/p>\n<p>Desde el INFUETUR valoraron el trabajo realizado en conjunto con diferentes instituciones y empresas del sector tur\u00edstico apostando al crecimiento del destino Fin del Mundo.<\/p>\n<p>La visita al Sendero Interpretativo al Mirador de la Isla Bridges se accede a trav\u00e9s de las excursiones mar\u00edtimas que parten diariamente desde el Puerto de Ushuaia, navegando por el Canal de Beagle.<\/p>\n<p>Al desembarcar en Isla Karelo los visitantes podr\u00e1n realizar una caminata de dificultad baja (alrededor de 10- 15 minutos), por un sendero de 160 metros, en el cual se podr\u00e1 observar la flora y avifauna de la zona, como as\u00ed tambi\u00e9n restos arqueol\u00f3gicos como los concheros Y\u00e1manas.<\/p>\n<p>Luego de recorrer el sendero, el Mirador Canal Beagle y Andes Fueguinos cuenta con carteler\u00eda que permite conocer en detalle el cord\u00f3n monta\u00f1oso que se observa al norte, este y oeste. Adem\u00e1s el visitante puede ampliar informaci\u00f3n a trav\u00e9s del c\u00f3digo QR presente en los carteles informativos.<\/p>\n<p>Fuente:\u00a0https:\/\/hostnews.com.ar\/index.php\/news\/27705\/16\/Inauguro-el-nuevo-sendero-de-Puerto-Karelo-en-Tierra-del-Fuego.htm<\/p>\n<\/div>\n","protected":false},"excerpt":{"rendered":"<p>Tierra del Fuego.-El proyecto fue realizado por el Comit\u00e9 del Compromiso Onashaga que nuclea a organismos p\u00fablicos- privados, educativos y [&hellip;]<\/p>\n","protected":false},"author":2,"featured_media":63819,"comment_status":"open","ping_status":"open","sticky":false,"template":"","format":"standard","meta":{"site-sidebar-layout":"default","site-content-layout":"","ast-site-content-layout":"default","site-content-style":"default","site-sidebar-style":"default","ast-global-header-display":"","ast-banner-title-visibility":"","ast-main-header-display":"","ast-hfb-above-header-display":"","ast-hfb-below-header-display":"","ast-hfb-mobile-header-display":"","site-post-title":"","ast-breadcrumbs-content":"","ast-featured-img":"","footer-sml-layout":"","ast-disable-related-posts":"","theme-transparent-header-meta":"","adv-header-id-meta":"","stick-header-meta":"","header-above-stick-meta":"","header-main-stick-meta":"","header-below-stick-meta":"","astra-migrate-meta-layouts":"default","ast-page-background-enabled":"default","ast-page-background-meta":{"desktop":{"background-color":"var(--ast-global-color-5)","background-image":"","background-repeat":"repeat","background-position":"center center","background-size":"auto","background-attachment":"scroll","background-type":"","background-media":"","overlay-type":"","overlay-color":"","overlay-opacity":"","overlay-gradient":""},"tablet":{"background-color":"","background-image":"","background-repeat":"repeat","background-position":"center center","background-size":"auto","background-attachment":"scroll","background-type":"","background-media":"","overlay-type":"","overlay-color":"","overlay-opacity":"","overlay-gradient":""},"mobile":{"background-color":"","background-image":"","background-repeat":"repeat","background-position":"center center","background-size":"auto","background-attachment":"scroll","background-type":"","background-media":"","overlay-type":"","overlay-color":"","overlay-opacity":"","overlay-gradient":""}},"ast-content-background-meta":{"desktop":{"background-color":"var(--ast-global-color-4)","background-image":"","background-repeat":"repeat","background-position":"center center","background-size":"auto","background-attachment":"scroll","background-type":"","background-media":"","overlay-type":"","overlay-color":"","overlay-opacity":"","overlay-gradient":""},"tablet":{"background-color":"var(--ast-global-color-4)","background-image":"","background-repeat":"repeat","background-position":"center center","background-size":"auto","background-attachment":"scroll","background-type":"","background-media":"","overlay-type":"","overlay-color":"","overlay-opacity":"","overlay-gradient":""},"mobile":{"background-color":"var(--ast-global-color-4)","background-image":"","background-repeat":"repeat","background-position":"center center","background-size":"auto","background-attachment":"scroll","background-type":"","background-media":"","overlay-type":"","overlay-color":"","overlay-opacity":"","overlay-gradient":""}},"footnotes":""},"categories":[1,13,25],"tags":[],"class_list":["post-63818","post","type-post","status-publish","format-standard","has-post-thumbnail","hentry","category-noticias","category-provinciales","category-tierra-del-fuego"],"yoast_head":"<!-- This site is optimized with the Yoast SEO Premium plugin v23.0 (Yoast SEO v27.5) - https:\/\/yoast.com\/product\/yoast-seo-premium-wordpress\/ -->\n<title>Inaugur\u00f3 el nuevo sendero de Puerto Karelo en Tierra del Fuego<\/title>\n<meta name=\"robots\" content=\"index, follow, max-snippet:-1, max-image-preview:large, max-video-preview:-1\" \/>\n<link rel=\"canonical\" href=\"https:\/\/patagoniambiental.com.ar\/info\/inauguro-el-nuevo-sendero-de-puerto-karelo-en-tierra-del-fuego\/\" \/>\n<meta property=\"og:locale\" content=\"es_ES\" \/>\n<meta property=\"og:type\" content=\"article\" \/>\n<meta property=\"og:title\" content=\"Inaugur\u00f3 el nuevo sendero de Puerto Karelo en Tierra del Fuego\" \/>\n<meta property=\"og:description\" content=\"Tierra del Fuego.-El proyecto fue realizado por el Comit\u00e9 del Compromiso Onashaga que nuclea a organismos p\u00fablicos- privados, educativos y [&hellip;]\" \/>\n<meta property=\"og:url\" content=\"https:\/\/patagoniambiental.com.ar\/info\/inauguro-el-nuevo-sendero-de-puerto-karelo-en-tierra-del-fuego\/\" \/>\n<meta property=\"og:site_name\" content=\"Patagonia Ambiental\" \/>\n<meta property=\"article:publisher\" content=\"https:\/\/www.facebook.com\/patagonia.ambiental\" \/>\n<meta property=\"article:author\" content=\"https:\/\/www.facebook.com\/share\/1C1V8Gv9BX\/?mibextid=qi2Omg\" \/>\n<meta property=\"article:published_time\" content=\"2019-10-30T10:00:45+00:00\" \/>\n<meta property=\"article:modified_time\" content=\"2019-10-30T12:39:16+00:00\" \/>\n<meta property=\"og:image\" content=\"https:\/\/patagoniambiental.com.ar\/info\/wp-content\/uploads\/2019\/10\/2910sendero.jpg\" \/>\n\t<meta property=\"og:image:width\" content=\"595\" \/>\n\t<meta property=\"og:image:height\" content=\"204\" \/>\n\t<meta property=\"og:image:type\" content=\"image\/jpeg\" \/>\n<meta name=\"author\" content=\"Patagonia Ambiental\" \/>\n<meta name=\"twitter:card\" content=\"summary_large_image\" \/>\n<meta name=\"twitter:creator\" content=\"@PatAmb\" \/>\n<meta name=\"twitter:site\" content=\"@PatAmb\" \/>\n<script type=\"application\/ld+json\" class=\"yoast-schema-graph\">{\"@context\":\"https:\\\/\\\/schema.org\",\"@graph\":[{\"@type\":\"Article\",\"@id\":\"https:\\\/\\\/patagoniambiental.com.ar\\\/info\\\/inauguro-el-nuevo-sendero-de-puerto-karelo-en-tierra-del-fuego\\\/#article\",\"isPartOf\":{\"@id\":\"https:\\\/\\\/patagoniambiental.com.ar\\\/info\\\/inauguro-el-nuevo-sendero-de-puerto-karelo-en-tierra-del-fuego\\\/\"},\"author\":{\"name\":\"Patagonia Ambiental\",\"@id\":\"https:\\\/\\\/patagoniambiental.com.ar\\\/info\\\/#\\\/schema\\\/person\\\/db12bff64bbcbf6a253710bf0ea37b5d\"},\"headline\":\"Inaugur\u00f3 el nuevo sendero de Puerto Karelo en Tierra del Fuego\",\"datePublished\":\"2019-10-30T10:00:45+00:00\",\"dateModified\":\"2019-10-30T12:39:16+00:00\",\"mainEntityOfPage\":{\"@id\":\"https:\\\/\\\/patagoniambiental.com.ar\\\/info\\\/inauguro-el-nuevo-sendero-de-puerto-karelo-en-tierra-del-fuego\\\/\"},\"wordCount\":587,\"commentCount\":0,\"publisher\":{\"@id\":\"https:\\\/\\\/patagoniambiental.com.ar\\\/info\\\/#organization\"},\"image\":{\"@id\":\"https:\\\/\\\/patagoniambiental.com.ar\\\/info\\\/inauguro-el-nuevo-sendero-de-puerto-karelo-en-tierra-del-fuego\\\/#primaryimage\"},\"thumbnailUrl\":\"https:\\\/\\\/patagoniambiental.com.ar\\\/info\\\/wp-content\\\/uploads\\\/2019\\\/10\\\/2910sendero.jpg\",\"articleSection\":[\"Noticias\",\"Provinciales\",\"Tierra del Fuego\"],\"inLanguage\":\"es\",\"potentialAction\":[{\"@type\":\"CommentAction\",\"name\":\"Comment\",\"target\":[\"https:\\\/\\\/patagoniambiental.com.ar\\\/info\\\/inauguro-el-nuevo-sendero-de-puerto-karelo-en-tierra-del-fuego\\\/#respond\"]}]},{\"@type\":\"WebPage\",\"@id\":\"https:\\\/\\\/patagoniambiental.com.ar\\\/info\\\/inauguro-el-nuevo-sendero-de-puerto-karelo-en-tierra-del-fuego\\\/\",\"url\":\"https:\\\/\\\/patagoniambiental.com.ar\\\/info\\\/inauguro-el-nuevo-sendero-de-puerto-karelo-en-tierra-del-fuego\\\/\",\"name\":\"Inaugur\u00f3 el nuevo sendero de Puerto Karelo en Tierra del Fuego\",\"isPartOf\":{\"@id\":\"https:\\\/\\\/patagoniambiental.com.ar\\\/info\\\/#website\"},\"primaryImageOfPage\":{\"@id\":\"https:\\\/\\\/patagoniambiental.com.ar\\\/info\\\/inauguro-el-nuevo-sendero-de-puerto-karelo-en-tierra-del-fuego\\\/#primaryimage\"},\"image\":{\"@id\":\"https:\\\/\\\/patagoniambiental.com.ar\\\/info\\\/inauguro-el-nuevo-sendero-de-puerto-karelo-en-tierra-del-fuego\\\/#primaryimage\"},\"thumbnailUrl\":\"https:\\\/\\\/patagoniambiental.com.ar\\\/info\\\/wp-content\\\/uploads\\\/2019\\\/10\\\/2910sendero.jpg\",\"datePublished\":\"2019-10-30T10:00:45+00:00\",\"dateModified\":\"2019-10-30T12:39:16+00:00\",\"breadcrumb\":{\"@id\":\"https:\\\/\\\/patagoniambiental.com.ar\\\/info\\\/inauguro-el-nuevo-sendero-de-puerto-karelo-en-tierra-del-fuego\\\/#breadcrumb\"},\"inLanguage\":\"es\",\"potentialAction\":[{\"@type\":\"ReadAction\",\"target\":[\"https:\\\/\\\/patagoniambiental.com.ar\\\/info\\\/inauguro-el-nuevo-sendero-de-puerto-karelo-en-tierra-del-fuego\\\/\"]}]},{\"@type\":\"ImageObject\",\"inLanguage\":\"es\",\"@id\":\"https:\\\/\\\/patagoniambiental.com.ar\\\/info\\\/inauguro-el-nuevo-sendero-de-puerto-karelo-en-tierra-del-fuego\\\/#primaryimage\",\"url\":\"https:\\\/\\\/patagoniambiental.com.ar\\\/info\\\/wp-content\\\/uploads\\\/2019\\\/10\\\/2910sendero.jpg\",\"contentUrl\":\"https:\\\/\\\/patagoniambiental.com.ar\\\/info\\\/wp-content\\\/uploads\\\/2019\\\/10\\\/2910sendero.jpg\",\"width\":595,\"height\":204},{\"@type\":\"BreadcrumbList\",\"@id\":\"https:\\\/\\\/patagoniambiental.com.ar\\\/info\\\/inauguro-el-nuevo-sendero-de-puerto-karelo-en-tierra-del-fuego\\\/#breadcrumb\",\"itemListElement\":[{\"@type\":\"ListItem\",\"position\":1,\"name\":\"Inicio\",\"item\":\"https:\\\/\\\/patagoniambiental.com.ar\\\/info\\\/\"},{\"@type\":\"ListItem\",\"position\":2,\"name\":\"Inaugur\u00f3 el nuevo sendero de Puerto Karelo en Tierra del Fuego\"}]},{\"@type\":\"WebSite\",\"@id\":\"https:\\\/\\\/patagoniambiental.com.ar\\\/info\\\/#website\",\"url\":\"https:\\\/\\\/patagoniambiental.com.ar\\\/info\\\/\",\"name\":\"Patagonia Ambiental\",\"description\":\"Monitoreo y an\u00e1lisis de la situaci\u00f3n geopol\u00edtica en el mundo y su implicancia en la Patagonia\",\"publisher\":{\"@id\":\"https:\\\/\\\/patagoniambiental.com.ar\\\/info\\\/#organization\"},\"potentialAction\":[{\"@type\":\"SearchAction\",\"target\":{\"@type\":\"EntryPoint\",\"urlTemplate\":\"https:\\\/\\\/patagoniambiental.com.ar\\\/info\\\/?s={search_term_string}\"},\"query-input\":{\"@type\":\"PropertyValueSpecification\",\"valueRequired\":true,\"valueName\":\"search_term_string\"}}],\"inLanguage\":\"es\"},{\"@type\":\"Organization\",\"@id\":\"https:\\\/\\\/patagoniambiental.com.ar\\\/info\\\/#organization\",\"name\":\"Patagonia Ambiental\",\"url\":\"https:\\\/\\\/patagoniambiental.com.ar\\\/info\\\/\",\"logo\":{\"@type\":\"ImageObject\",\"inLanguage\":\"es\",\"@id\":\"https:\\\/\\\/patagoniambiental.com.ar\\\/info\\\/#\\\/schema\\\/logo\\\/image\\\/\",\"url\":\"https:\\\/\\\/patagoniambiental.com.ar\\\/info\\\/wp-content\\\/uploads\\\/2025\\\/05\\\/LOGO-PATAGONIA-AMBIENTAL.png\",\"contentUrl\":\"https:\\\/\\\/patagoniambiental.com.ar\\\/info\\\/wp-content\\\/uploads\\\/2025\\\/05\\\/LOGO-PATAGONIA-AMBIENTAL.png\",\"width\":433,\"height\":250,\"caption\":\"Patagonia Ambiental\"},\"image\":{\"@id\":\"https:\\\/\\\/patagoniambiental.com.ar\\\/info\\\/#\\\/schema\\\/logo\\\/image\\\/\"},\"sameAs\":[\"https:\\\/\\\/www.facebook.com\\\/patagonia.ambiental\",\"https:\\\/\\\/x.com\\\/PatAmb\"]},{\"@type\":\"Person\",\"@id\":\"https:\\\/\\\/patagoniambiental.com.ar\\\/info\\\/#\\\/schema\\\/person\\\/db12bff64bbcbf6a253710bf0ea37b5d\",\"name\":\"Patagonia Ambiental\",\"description\":\"Andr\u00e9s Nievas T\u00e9cnico en manejo ambiental, consultor Ambiental y escritor para medios locales e internacionales sobre temas de geopolitica y medio ambiente.\",\"sameAs\":[\"http:\\\/\\\/www.patagoniambiental.com.ar\",\"https:\\\/\\\/www.facebook.com\\\/share\\\/1C1V8Gv9BX\\\/?mibextid=qi2Omg\",\"@patagoniambiental\",\"https:\\\/\\\/youtube.com\\\/@patagoniaambiental2023?si=BLt58t0wuXquxlYZ\"]}]}<\/script>\n<!-- \/ Yoast SEO Premium plugin. -->","yoast_head_json":{"title":"Inaugur\u00f3 el nuevo sendero de Puerto Karelo en Tierra del Fuego","robots":{"index":"index","follow":"follow","max-snippet":"max-snippet:-1","max-image-preview":"max-image-preview:large","max-video-preview":"max-video-preview:-1"},"canonical":"https:\/\/patagoniambiental.com.ar\/info\/inauguro-el-nuevo-sendero-de-puerto-karelo-en-tierra-del-fuego\/","og_locale":"es_ES","og_type":"article","og_title":"Inaugur\u00f3 el nuevo sendero de Puerto Karelo en Tierra del Fuego","og_description":"Tierra del Fuego.-El proyecto fue realizado por el Comit\u00e9 del Compromiso Onashaga que nuclea a organismos p\u00fablicos- privados, educativos y [&hellip;]","og_url":"https:\/\/patagoniambiental.com.ar\/info\/inauguro-el-nuevo-sendero-de-puerto-karelo-en-tierra-del-fuego\/","og_site_name":"Patagonia Ambiental","article_publisher":"https:\/\/www.facebook.com\/patagonia.ambiental","article_author":"https:\/\/www.facebook.com\/share\/1C1V8Gv9BX\/?mibextid=qi2Omg","article_published_time":"2019-10-30T10:00:45+00:00","article_modified_time":"2019-10-30T12:39:16+00:00","og_image":[{"width":595,"height":204,"url":"https:\/\/patagoniambiental.com.ar\/info\/wp-content\/uploads\/2019\/10\/2910sendero.jpg","type":"image\/jpeg"}],"author":"Patagonia Ambiental","twitter_card":"summary_large_image","twitter_creator":"@PatAmb","twitter_site":"@PatAmb","schema":{"@context":"https:\/\/schema.org","@graph":[{"@type":"Article","@id":"https:\/\/patagoniambiental.com.ar\/info\/inauguro-el-nuevo-sendero-de-puerto-karelo-en-tierra-del-fuego\/#article","isPartOf":{"@id":"https:\/\/patagoniambiental.com.ar\/info\/inauguro-el-nuevo-sendero-de-puerto-karelo-en-tierra-del-fuego\/"},"author":{"name":"Patagonia Ambiental","@id":"https:\/\/patagoniambiental.com.ar\/info\/#\/schema\/person\/db12bff64bbcbf6a253710bf0ea37b5d"},"headline":"Inaugur\u00f3 el nuevo sendero de Puerto Karelo en Tierra del Fuego","datePublished":"2019-10-30T10:00:45+00:00","dateModified":"2019-10-30T12:39:16+00:00","mainEntityOfPage":{"@id":"https:\/\/patagoniambiental.com.ar\/info\/inauguro-el-nuevo-sendero-de-puerto-karelo-en-tierra-del-fuego\/"},"wordCount":587,"commentCount":0,"publisher":{"@id":"https:\/\/patagoniambiental.com.ar\/info\/#organization"},"image":{"@id":"https:\/\/patagoniambiental.com.ar\/info\/inauguro-el-nuevo-sendero-de-puerto-karelo-en-tierra-del-fuego\/#primaryimage"},"thumbnailUrl":"https:\/\/patagoniambiental.com.ar\/info\/wp-content\/uploads\/2019\/10\/2910sendero.jpg","articleSection":["Noticias","Provinciales","Tierra del Fuego"],"inLanguage":"es","potentialAction":[{"@type":"CommentAction","name":"Comment","target":["https:\/\/patagoniambiental.com.ar\/info\/inauguro-el-nuevo-sendero-de-puerto-karelo-en-tierra-del-fuego\/#respond"]}]},{"@type":"WebPage","@id":"https:\/\/patagoniambiental.com.ar\/info\/inauguro-el-nuevo-sendero-de-puerto-karelo-en-tierra-del-fuego\/","url":"https:\/\/patagoniambiental.com.ar\/info\/inauguro-el-nuevo-sendero-de-puerto-karelo-en-tierra-del-fuego\/","name":"Inaugur\u00f3 el nuevo sendero de Puerto Karelo en Tierra del Fuego","isPartOf":{"@id":"https:\/\/patagoniambiental.com.ar\/info\/#website"},"primaryImageOfPage":{"@id":"https:\/\/patagoniambiental.com.ar\/info\/inauguro-el-nuevo-sendero-de-puerto-karelo-en-tierra-del-fuego\/#primaryimage"},"image":{"@id":"https:\/\/patagoniambiental.com.ar\/info\/inauguro-el-nuevo-sendero-de-puerto-karelo-en-tierra-del-fuego\/#primaryimage"},"thumbnailUrl":"https:\/\/patagoniambiental.com.ar\/info\/wp-content\/uploads\/2019\/10\/2910sendero.jpg","datePublished":"2019-10-30T10:00:45+00:00","dateModified":"2019-10-30T12:39:16+00:00","breadcrumb":{"@id":"https:\/\/patagoniambiental.com.ar\/info\/inauguro-el-nuevo-sendero-de-puerto-karelo-en-tierra-del-fuego\/#breadcrumb"},"inLanguage":"es","potentialAction":[{"@type":"ReadAction","target":["https:\/\/patagoniambiental.com.ar\/info\/inauguro-el-nuevo-sendero-de-puerto-karelo-en-tierra-del-fuego\/"]}]},{"@type":"ImageObject","inLanguage":"es","@id":"https:\/\/patagoniambiental.com.ar\/info\/inauguro-el-nuevo-sendero-de-puerto-karelo-en-tierra-del-fuego\/#primaryimage","url":"https:\/\/patagoniambiental.com.ar\/info\/wp-content\/uploads\/2019\/10\/2910sendero.jpg","contentUrl":"https:\/\/patagoniambiental.com.ar\/info\/wp-content\/uploads\/2019\/10\/2910sendero.jpg","width":595,"height":204},{"@type":"BreadcrumbList","@id":"https:\/\/patagoniambiental.com.ar\/info\/inauguro-el-nuevo-sendero-de-puerto-karelo-en-tierra-del-fuego\/#breadcrumb","itemListElement":[{"@type":"ListItem","position":1,"name":"Inicio","item":"https:\/\/patagoniambiental.com.ar\/info\/"},{"@type":"ListItem","position":2,"name":"Inaugur\u00f3 el nuevo sendero de Puerto Karelo en Tierra del Fuego"}]},{"@type":"WebSite","@id":"https:\/\/patagoniambiental.com.ar\/info\/#website","url":"https:\/\/patagoniambiental.com.ar\/info\/","name":"Patagonia Ambiental","description":"Monitoreo y an\u00e1lisis de la situaci\u00f3n geopol\u00edtica en el mundo y su implicancia en la Patagonia","publisher":{"@id":"https:\/\/patagoniambiental.com.ar\/info\/#organization"},"potentialAction":[{"@type":"SearchAction","target":{"@type":"EntryPoint","urlTemplate":"https:\/\/patagoniambiental.com.ar\/info\/?s={search_term_string}"},"query-input":{"@type":"PropertyValueSpecification","valueRequired":true,"valueName":"search_term_string"}}],"inLanguage":"es"},{"@type":"Organization","@id":"https:\/\/patagoniambiental.com.ar\/info\/#organization","name":"Patagonia Ambiental","url":"https:\/\/patagoniambiental.com.ar\/info\/","logo":{"@type":"ImageObject","inLanguage":"es","@id":"https:\/\/patagoniambiental.com.ar\/info\/#\/schema\/logo\/image\/","url":"https:\/\/patagoniambiental.com.ar\/info\/wp-content\/uploads\/2025\/05\/LOGO-PATAGONIA-AMBIENTAL.png","contentUrl":"https:\/\/patagoniambiental.com.ar\/info\/wp-content\/uploads\/2025\/05\/LOGO-PATAGONIA-AMBIENTAL.png","width":433,"height":250,"caption":"Patagonia Ambiental"},"image":{"@id":"https:\/\/patagoniambiental.com.ar\/info\/#\/schema\/logo\/image\/"},"sameAs":["https:\/\/www.facebook.com\/patagonia.ambiental","https:\/\/x.com\/PatAmb"]},{"@type":"Person","@id":"https:\/\/patagoniambiental.com.ar\/info\/#\/schema\/person\/db12bff64bbcbf6a253710bf0ea37b5d","name":"Patagonia Ambiental","description":"Andr\u00e9s Nievas T\u00e9cnico en manejo ambiental, consultor Ambiental y escritor para medios locales e internacionales sobre temas de geopolitica y medio ambiente.","sameAs":["http:\/\/www.patagoniambiental.com.ar","https:\/\/www.facebook.com\/share\/1C1V8Gv9BX\/?mibextid=qi2Omg","@patagoniambiental","https:\/\/youtube.com\/@patagoniaambiental2023?si=BLt58t0wuXquxlYZ"]}]}},"_links":{"self":[{"href":"https:\/\/patagoniambiental.com.ar\/info\/wp-json\/wp\/v2\/posts\/63818","targetHints":{"allow":["GET"]}}],"collection":[{"href":"https:\/\/patagoniambiental.com.ar\/info\/wp-json\/wp\/v2\/posts"}],"about":[{"href":"https:\/\/patagoniambiental.com.ar\/info\/wp-json\/wp\/v2\/types\/post"}],"author":[{"embeddable":true,"href":"https:\/\/patagoniambiental.com.ar\/info\/wp-json\/wp\/v2\/users\/2"}],"replies":[{"embeddable":true,"href":"https:\/\/patagoniambiental.com.ar\/info\/wp-json\/wp\/v2\/comments?post=63818"}],"version-history":[{"count":0,"href":"https:\/\/patagoniambiental.com.ar\/info\/wp-json\/wp\/v2\/posts\/63818\/revisions"}],"wp:featuredmedia":[{"embeddable":true,"href":"https:\/\/patagoniambiental.com.ar\/info\/wp-json\/wp\/v2\/media\/63819"}],"wp:attachment":[{"href":"https:\/\/patagoniambiental.com.ar\/info\/wp-json\/wp\/v2\/media?parent=63818"}],"wp:term":[{"taxonomy":"category","embeddable":true,"href":"https:\/\/patagoniambiental.com.ar\/info\/wp-json\/wp\/v2\/categories?post=63818"},{"taxonomy":"post_tag","embeddable":true,"href":"https:\/\/patagoniambiental.com.ar\/info\/wp-json\/wp\/v2\/tags?post=63818"}],"curies":[{"name":"wp","href":"https:\/\/api.w.org\/{rel}","templated":true}]}}