{"id":63821,"date":"2019-11-01T07:00:42","date_gmt":"2019-11-01T10:00:42","guid":{"rendered":"http:\/\/patagoniambiental.com.ar\/info\/?p=63821"},"modified":"2019-10-30T09:45:55","modified_gmt":"2019-10-30T12:45:55","slug":"la-emprendedora-que-produce-con-orgullo-los-condimentos-mapuche-en-la-araucania","status":"publish","type":"post","link":"https:\/\/patagoniambiental.com.ar\/info\/la-emprendedora-que-produce-con-orgullo-los-condimentos-mapuche-en-la-araucania\/","title":{"rendered":"La emprendedora que produce con orgullo los condimentos mapuche en La Araucania"},"content":{"rendered":"<div class=\"container-fluid\">\n<section class=\"col-sm-12 col-md-12 datos-noticias\">\n<div class=\"row\">\n<p class=\"titulo-single\">Regi\u00f3n de la Araucania.-A cada feria a la que asiste, la emprendedora campesina Ginette Rivera Tralma, de la comuna de Cholchol (lugar de cardos, en mapudung\u00fan), en la Regi\u00f3n de La Araucan\u00eda, va con un traje y joyas t\u00edpicas mapuches.<\/p>\n<p><!--more--><\/p>\n<p class=\"col-sm-12 col-md-12 autor-y-fecha\"><em>por<\/em>\u00a0<a href=\"https:\/\/www.elmostrador.cl\/autor\/generacion-m\/\" rel=\"author\">Generaci\u00f3n M<\/a>\u00a029 octubre, 2019<\/p>\n<\/div>\n<\/section>\n<\/div>\n<p>&nbsp;<\/p>\n<div class=\"container-fluid\">\n<div class=\"row table-layout\">\n<div class=\"columna-principal\">\n<div class=\"row\">\n<div class=\"col-sm-12 col-md-12 primera-columna bloque-principal\">\n<div class=\"row mr-0\">\n<section class=\"col-sm-12 col-md-12 noticia-single-post\">\n<div class=\"row\">\n<article class=\"col-sm-12 col-md-12\">\n<figure><img decoding=\"async\" class=\"col-xs-12 col-sm-12 col-md-12\" title=\"La emprendedora que produce con orgullo los condimentos mapuche\" src=\"https:\/\/elmostrador.cl\/\/media\/2019\/10\/Ginette-Rivera-Tralma-1_816x428.jpg\" alt=\"La emprendedora que produce con orgullo los condimentos mapuche\" \/><figcaption>Intenta producir de la forma tradicional mapuche, esa que dejaba el aj\u00ed ahumando encima de los fogones por meses para hacer merk\u00e9n.<\/figcaption><\/figure>\n<div class=\"col-sm-12 col-md-12 txt-post\">\n<div class=\"row\">\n<div id=\"noticia\" class=\"col-xs-12 col-sm-8 col-md-10 cuerpo-noticia\">\n<p>&nbsp;<\/p>\n<p>Dice que no lo hace por vender m\u00e1s -produce merk\u00e9n y otros condimentos deshidratados como yerbas para ali\u00f1ar carnes y pescados, semillas de cilantro, poleo, melisa, ajo-piment\u00f3n y manzanilla-, sino que por el orgullo y amor que siente por su cultura.<\/p>\n<p>Y ese orgullo se traspasa a los sabores.\u00a0Por algo la usuaria de Indap recibi\u00f3 el Premio al Emprendedor BancoEstado en la categor\u00eda Emprendimiento Consolidado y se convirti\u00f3 en la gran estrella de la ceremonia realizada en el marco de la Semana de la Pyme. \u201dEste atuendo es parte de mi vida, es algo que nace de mi coraz\u00f3n y me conecta en forma espiritual con mi pueblo\u201d, dice.<\/p>\n<p>De las 28 mil postulaciones al premio, ella fue uno de los ocho primeros lugares a nivel nacional y recibi\u00f3 6 millones de pesos. \u201cNo lo pod\u00eda creer, porque soy de un pueblo chico, de una comunidad ind\u00edgena (Juan Pedro Huirc\u00e1n), y all\u00e1 todo es sacrificio y trabajo, no existen los premios\u201d.<\/p>\n<p>Y aunque Ginette naci\u00f3 en Santiago, se cr\u00edo en el sector Curaco (agua sobre la piedra, en mapudung\u00fan) de Cholchol. Ah\u00ed se cas\u00f3, tuvo un hijo -hoy sonidista y \u201ccatador oficial\u201d de sus productos-, enviud\u00f3 y volvi\u00f3 a encontrar el amor junto a su actual pareja, Juan Lep\u00edn, \u201cmi mano derecha y una persona maravillosa\u201d.<\/p>\n<div class=\"publicidadNotas\"><\/div>\n<p><img fetchpriority=\"high\" decoding=\"async\" class=\"alignnone size-large wp-image-1434666\" src=\"https:\/\/www.elmostrador.cl\/media\/2019\/10\/Ginette-Rivera-Tralma-2-700x467.jpg\" alt=\"\" width=\"700\" height=\"467\" \/><\/p>\n<h3><strong>Respetando las tradiciones<\/strong><\/h3>\n<p>Tras ser due\u00f1a de casa durante largos a\u00f1os, en 2009 se decidi\u00f3 a emprender. Vio un aj\u00ed rojo en un diario y le llam\u00f3 la atenci\u00f3n: \u201cPens\u00e9 que en el sur se com\u00eda mucho aj\u00ed, como si fuera mantequilla, y me qued\u00f3 dando vueltas\u201d. Luego particip\u00f3 en una capacitaci\u00f3n en la Escuela de Agronom\u00eda de la Universidad Cat\u00f3lica, donde se hizo un diagn\u00f3stico de los productos que se pod\u00edan trabajar en La Araucan\u00eda, y otra vez salt\u00f3 el aj\u00ed, el cacho de cabra. Prosigui\u00f3 con cursos de innovaci\u00f3n territorial agroalimentaria y deshidratados.<\/p>\n<p>As\u00ed fue como comenz\u00f3 a producir merk\u00e9n con la marca Curaco Gourmet, respetando la tradici\u00f3n mapuche. \u201cAqu\u00ed no existen secretos, pero se debe distinguir entre quienes trabajan con amor y los que son simples vendedores. Antes el aj\u00ed se dejaba ahumando encima de los fogones por meses y se serv\u00eda merk\u00e9n solo a quienes uno quer\u00eda agasajar, en pocillos peque\u00f1os. Una vez ahumado, el aj\u00ed se tuesta en callana u horno de le\u00f1a y se le echan semillas de cilantro y sal, tambi\u00e9n tostados\u201d, explica.<\/p>\n<p>Como hab\u00eda mucha competencia con el merk\u00e9n, Ginette decidi\u00f3 incorporar nuevos ali\u00f1os, hechos con productos cultivados en su huerta, que ha desarrollado con la ayuda de Indap.<\/p>\n<p>Hoy\u00a0comercializa sus condimentos, que cuentan con Sello Manos Campesinas, en tiendas gourmet de Temuco (Pabell\u00f3n Araucan\u00eda), Valdivia, Valpara\u00edso, Vi\u00f1a del Mar y Santiago (Tienda Mundo Rural Palacio La Moneda) y su deseo es seguir conquistando mercados a nivel nacional.<\/p>\n<p>Fuente:\u00a0https:\/\/www.elmostrador.cl\/generacion-m\/2019\/10\/29\/la-emprendedora-que-produce-con-orgullo-los-condimentos-mapuche\/<\/p>\n<\/div>\n<\/div>\n<\/div>\n<\/article>\n<\/div>\n<\/section>\n<\/div>\n<\/div>\n<\/div>\n<\/div>\n<\/div>\n<\/div>\n","protected":false},"excerpt":{"rendered":"<p>Regi\u00f3n de la Araucania.-A cada feria a la que asiste, la emprendedora campesina Ginette Rivera Tralma, de la comuna de [&hellip;]<\/p>\n","protected":false},"author":2,"featured_media":63822,"comment_status":"open","ping_status":"open","sticky":false,"template":"","format":"standard","meta":{"site-sidebar-layout":"default","site-content-layout":"","ast-site-content-layout":"default","site-content-style":"default","site-sidebar-style":"default","ast-global-header-display":"","ast-banner-title-visibility":"","ast-main-header-display":"","ast-hfb-above-header-display":"","ast-hfb-below-header-display":"","ast-hfb-mobile-header-display":"","site-post-title":"","ast-breadcrumbs-content":"","ast-featured-img":"","footer-sml-layout":"","ast-disable-related-posts":"","theme-transparent-header-meta":"","adv-header-id-meta":"","stick-header-meta":"","header-above-stick-meta":"","header-main-stick-meta":"","header-below-stick-meta":"","astra-migrate-meta-layouts":"default","ast-page-background-enabled":"default","ast-page-background-meta":{"desktop":{"background-color":"var(--ast-global-color-5)","background-image":"","background-repeat":"repeat","background-position":"center center","background-size":"auto","background-attachment":"scroll","background-type":"","background-media":"","overlay-type":"","overlay-color":"","overlay-opacity":"","overlay-gradient":""},"tablet":{"background-color":"","background-image":"","background-repeat":"repeat","background-position":"center center","background-size":"auto","background-attachment":"scroll","background-type":"","background-media":"","overlay-type":"","overlay-color":"","overlay-opacity":"","overlay-gradient":""},"mobile":{"background-color":"","background-image":"","background-repeat":"repeat","background-position":"center center","background-size":"auto","background-attachment":"scroll","background-type":"","background-media":"","overlay-type":"","overlay-color":"","overlay-opacity":"","overlay-gradient":""}},"ast-content-background-meta":{"desktop":{"background-color":"var(--ast-global-color-4)","background-image":"","background-repeat":"repeat","background-position":"center center","background-size":"auto","background-attachment":"scroll","background-type":"","background-media":"","overlay-type":"","overlay-color":"","overlay-opacity":"","overlay-gradient":""},"tablet":{"background-color":"var(--ast-global-color-4)","background-image":"","background-repeat":"repeat","background-position":"center center","background-size":"auto","background-attachment":"scroll","background-type":"","background-media":"","overlay-type":"","overlay-color":"","overlay-opacity":"","overlay-gradient":""},"mobile":{"background-color":"var(--ast-global-color-4)","background-image":"","background-repeat":"repeat","background-position":"center center","background-size":"auto","background-attachment":"scroll","background-type":"","background-media":"","overlay-type":"","overlay-color":"","overlay-opacity":"","overlay-gradient":""}},"footnotes":""},"categories":[23,1],"tags":[],"class_list":["post-63821","post","type-post","status-publish","format-standard","has-post-thumbnail","hentry","category-internacionales","category-noticias"],"yoast_head":"<!-- This site is optimized with the Yoast SEO Premium plugin v23.0 (Yoast SEO v27.5) - https:\/\/yoast.com\/product\/yoast-seo-premium-wordpress\/ -->\n<title>La emprendedora que produce con orgullo los condimentos mapuche en La Araucania<\/title>\n<meta name=\"robots\" content=\"index, follow, max-snippet:-1, max-image-preview:large, max-video-preview:-1\" \/>\n<link rel=\"canonical\" href=\"https:\/\/patagoniambiental.com.ar\/info\/la-emprendedora-que-produce-con-orgullo-los-condimentos-mapuche-en-la-araucania\/\" \/>\n<meta property=\"og:locale\" content=\"es_ES\" \/>\n<meta property=\"og:type\" content=\"article\" \/>\n<meta property=\"og:title\" content=\"La emprendedora que produce con orgullo los condimentos mapuche en La Araucania\" \/>\n<meta property=\"og:description\" content=\"Regi\u00f3n de la Araucania.-A cada feria a la que asiste, la emprendedora campesina Ginette Rivera Tralma, de la comuna de [&hellip;]\" \/>\n<meta property=\"og:url\" content=\"https:\/\/patagoniambiental.com.ar\/info\/la-emprendedora-que-produce-con-orgullo-los-condimentos-mapuche-en-la-araucania\/\" \/>\n<meta property=\"og:site_name\" content=\"Patagonia Ambiental\" \/>\n<meta property=\"article:publisher\" content=\"https:\/\/www.facebook.com\/patagonia.ambiental\" \/>\n<meta property=\"article:author\" content=\"https:\/\/www.facebook.com\/share\/1C1V8Gv9BX\/?mibextid=qi2Omg\" \/>\n<meta property=\"article:published_time\" content=\"2019-11-01T10:00:42+00:00\" \/>\n<meta property=\"og:image\" content=\"https:\/\/patagoniambiental.com.ar\/info\/wp-content\/uploads\/2019\/10\/Ginette-Rivera-Tralma-2-700x467.jpg\" \/>\n\t<meta property=\"og:image:width\" content=\"600\" \/>\n\t<meta property=\"og:image:height\" content=\"400\" \/>\n\t<meta property=\"og:image:type\" content=\"image\/jpeg\" \/>\n<meta name=\"author\" content=\"Patagonia Ambiental\" \/>\n<meta name=\"twitter:card\" content=\"summary_large_image\" \/>\n<meta name=\"twitter:creator\" content=\"@PatAmb\" \/>\n<meta name=\"twitter:site\" content=\"@PatAmb\" \/>\n<script type=\"application\/ld+json\" class=\"yoast-schema-graph\">{\"@context\":\"https:\\\/\\\/schema.org\",\"@graph\":[{\"@type\":\"Article\",\"@id\":\"https:\\\/\\\/patagoniambiental.com.ar\\\/info\\\/la-emprendedora-que-produce-con-orgullo-los-condimentos-mapuche-en-la-araucania\\\/#article\",\"isPartOf\":{\"@id\":\"https:\\\/\\\/patagoniambiental.com.ar\\\/info\\\/la-emprendedora-que-produce-con-orgullo-los-condimentos-mapuche-en-la-araucania\\\/\"},\"author\":{\"name\":\"Patagonia Ambiental\",\"@id\":\"https:\\\/\\\/patagoniambiental.com.ar\\\/info\\\/#\\\/schema\\\/person\\\/db12bff64bbcbf6a253710bf0ea37b5d\"},\"headline\":\"La emprendedora que produce con orgullo los condimentos mapuche en La Araucania\",\"datePublished\":\"2019-11-01T10:00:42+00:00\",\"mainEntityOfPage\":{\"@id\":\"https:\\\/\\\/patagoniambiental.com.ar\\\/info\\\/la-emprendedora-que-produce-con-orgullo-los-condimentos-mapuche-en-la-araucania\\\/\"},\"wordCount\":594,\"commentCount\":0,\"publisher\":{\"@id\":\"https:\\\/\\\/patagoniambiental.com.ar\\\/info\\\/#organization\"},\"image\":{\"@id\":\"https:\\\/\\\/patagoniambiental.com.ar\\\/info\\\/la-emprendedora-que-produce-con-orgullo-los-condimentos-mapuche-en-la-araucania\\\/#primaryimage\"},\"thumbnailUrl\":\"https:\\\/\\\/patagoniambiental.com.ar\\\/info\\\/wp-content\\\/uploads\\\/2019\\\/10\\\/Ginette-Rivera-Tralma-2-700x467.jpg\",\"articleSection\":[\"Internacionales\",\"Noticias\"],\"inLanguage\":\"es\",\"potentialAction\":[{\"@type\":\"CommentAction\",\"name\":\"Comment\",\"target\":[\"https:\\\/\\\/patagoniambiental.com.ar\\\/info\\\/la-emprendedora-que-produce-con-orgullo-los-condimentos-mapuche-en-la-araucania\\\/#respond\"]}]},{\"@type\":\"WebPage\",\"@id\":\"https:\\\/\\\/patagoniambiental.com.ar\\\/info\\\/la-emprendedora-que-produce-con-orgullo-los-condimentos-mapuche-en-la-araucania\\\/\",\"url\":\"https:\\\/\\\/patagoniambiental.com.ar\\\/info\\\/la-emprendedora-que-produce-con-orgullo-los-condimentos-mapuche-en-la-araucania\\\/\",\"name\":\"La emprendedora que produce con orgullo los condimentos mapuche en La Araucania\",\"isPartOf\":{\"@id\":\"https:\\\/\\\/patagoniambiental.com.ar\\\/info\\\/#website\"},\"primaryImageOfPage\":{\"@id\":\"https:\\\/\\\/patagoniambiental.com.ar\\\/info\\\/la-emprendedora-que-produce-con-orgullo-los-condimentos-mapuche-en-la-araucania\\\/#primaryimage\"},\"image\":{\"@id\":\"https:\\\/\\\/patagoniambiental.com.ar\\\/info\\\/la-emprendedora-que-produce-con-orgullo-los-condimentos-mapuche-en-la-araucania\\\/#primaryimage\"},\"thumbnailUrl\":\"https:\\\/\\\/patagoniambiental.com.ar\\\/info\\\/wp-content\\\/uploads\\\/2019\\\/10\\\/Ginette-Rivera-Tralma-2-700x467.jpg\",\"datePublished\":\"2019-11-01T10:00:42+00:00\",\"breadcrumb\":{\"@id\":\"https:\\\/\\\/patagoniambiental.com.ar\\\/info\\\/la-emprendedora-que-produce-con-orgullo-los-condimentos-mapuche-en-la-araucania\\\/#breadcrumb\"},\"inLanguage\":\"es\",\"potentialAction\":[{\"@type\":\"ReadAction\",\"target\":[\"https:\\\/\\\/patagoniambiental.com.ar\\\/info\\\/la-emprendedora-que-produce-con-orgullo-los-condimentos-mapuche-en-la-araucania\\\/\"]}]},{\"@type\":\"ImageObject\",\"inLanguage\":\"es\",\"@id\":\"https:\\\/\\\/patagoniambiental.com.ar\\\/info\\\/la-emprendedora-que-produce-con-orgullo-los-condimentos-mapuche-en-la-araucania\\\/#primaryimage\",\"url\":\"https:\\\/\\\/patagoniambiental.com.ar\\\/info\\\/wp-content\\\/uploads\\\/2019\\\/10\\\/Ginette-Rivera-Tralma-2-700x467.jpg\",\"contentUrl\":\"https:\\\/\\\/patagoniambiental.com.ar\\\/info\\\/wp-content\\\/uploads\\\/2019\\\/10\\\/Ginette-Rivera-Tralma-2-700x467.jpg\",\"width\":600,\"height\":400},{\"@type\":\"BreadcrumbList\",\"@id\":\"https:\\\/\\\/patagoniambiental.com.ar\\\/info\\\/la-emprendedora-que-produce-con-orgullo-los-condimentos-mapuche-en-la-araucania\\\/#breadcrumb\",\"itemListElement\":[{\"@type\":\"ListItem\",\"position\":1,\"name\":\"Inicio\",\"item\":\"https:\\\/\\\/patagoniambiental.com.ar\\\/info\\\/\"},{\"@type\":\"ListItem\",\"position\":2,\"name\":\"La emprendedora que produce con orgullo los condimentos mapuche en La Araucania\"}]},{\"@type\":\"WebSite\",\"@id\":\"https:\\\/\\\/patagoniambiental.com.ar\\\/info\\\/#website\",\"url\":\"https:\\\/\\\/patagoniambiental.com.ar\\\/info\\\/\",\"name\":\"Patagonia Ambiental\",\"description\":\"Monitoreo y an\u00e1lisis de la situaci\u00f3n geopol\u00edtica en el mundo y su implicancia en la Patagonia\",\"publisher\":{\"@id\":\"https:\\\/\\\/patagoniambiental.com.ar\\\/info\\\/#organization\"},\"potentialAction\":[{\"@type\":\"SearchAction\",\"target\":{\"@type\":\"EntryPoint\",\"urlTemplate\":\"https:\\\/\\\/patagoniambiental.com.ar\\\/info\\\/?s={search_term_string}\"},\"query-input\":{\"@type\":\"PropertyValueSpecification\",\"valueRequired\":true,\"valueName\":\"search_term_string\"}}],\"inLanguage\":\"es\"},{\"@type\":\"Organization\",\"@id\":\"https:\\\/\\\/patagoniambiental.com.ar\\\/info\\\/#organization\",\"name\":\"Patagonia Ambiental\",\"url\":\"https:\\\/\\\/patagoniambiental.com.ar\\\/info\\\/\",\"logo\":{\"@type\":\"ImageObject\",\"inLanguage\":\"es\",\"@id\":\"https:\\\/\\\/patagoniambiental.com.ar\\\/info\\\/#\\\/schema\\\/logo\\\/image\\\/\",\"url\":\"https:\\\/\\\/patagoniambiental.com.ar\\\/info\\\/wp-content\\\/uploads\\\/2025\\\/05\\\/LOGO-PATAGONIA-AMBIENTAL.png\",\"contentUrl\":\"https:\\\/\\\/patagoniambiental.com.ar\\\/info\\\/wp-content\\\/uploads\\\/2025\\\/05\\\/LOGO-PATAGONIA-AMBIENTAL.png\",\"width\":433,\"height\":250,\"caption\":\"Patagonia Ambiental\"},\"image\":{\"@id\":\"https:\\\/\\\/patagoniambiental.com.ar\\\/info\\\/#\\\/schema\\\/logo\\\/image\\\/\"},\"sameAs\":[\"https:\\\/\\\/www.facebook.com\\\/patagonia.ambiental\",\"https:\\\/\\\/x.com\\\/PatAmb\"]},{\"@type\":\"Person\",\"@id\":\"https:\\\/\\\/patagoniambiental.com.ar\\\/info\\\/#\\\/schema\\\/person\\\/db12bff64bbcbf6a253710bf0ea37b5d\",\"name\":\"Patagonia Ambiental\",\"description\":\"Andr\u00e9s Nievas T\u00e9cnico en manejo ambiental, consultor Ambiental y escritor para medios locales e internacionales sobre temas de geopolitica y medio ambiente.\",\"sameAs\":[\"http:\\\/\\\/www.patagoniambiental.com.ar\",\"https:\\\/\\\/www.facebook.com\\\/share\\\/1C1V8Gv9BX\\\/?mibextid=qi2Omg\",\"@patagoniambiental\",\"https:\\\/\\\/youtube.com\\\/@patagoniaambiental2023?si=BLt58t0wuXquxlYZ\"]}]}<\/script>\n<!-- \/ Yoast SEO Premium plugin. -->","yoast_head_json":{"title":"La emprendedora que produce con orgullo los condimentos mapuche en La Araucania","robots":{"index":"index","follow":"follow","max-snippet":"max-snippet:-1","max-image-preview":"max-image-preview:large","max-video-preview":"max-video-preview:-1"},"canonical":"https:\/\/patagoniambiental.com.ar\/info\/la-emprendedora-que-produce-con-orgullo-los-condimentos-mapuche-en-la-araucania\/","og_locale":"es_ES","og_type":"article","og_title":"La emprendedora que produce con orgullo los condimentos mapuche en La Araucania","og_description":"Regi\u00f3n de la Araucania.-A cada feria a la que asiste, la emprendedora campesina Ginette Rivera Tralma, de la comuna de [&hellip;]","og_url":"https:\/\/patagoniambiental.com.ar\/info\/la-emprendedora-que-produce-con-orgullo-los-condimentos-mapuche-en-la-araucania\/","og_site_name":"Patagonia Ambiental","article_publisher":"https:\/\/www.facebook.com\/patagonia.ambiental","article_author":"https:\/\/www.facebook.com\/share\/1C1V8Gv9BX\/?mibextid=qi2Omg","article_published_time":"2019-11-01T10:00:42+00:00","og_image":[{"width":600,"height":400,"url":"https:\/\/patagoniambiental.com.ar\/info\/wp-content\/uploads\/2019\/10\/Ginette-Rivera-Tralma-2-700x467.jpg","type":"image\/jpeg"}],"author":"Patagonia Ambiental","twitter_card":"summary_large_image","twitter_creator":"@PatAmb","twitter_site":"@PatAmb","schema":{"@context":"https:\/\/schema.org","@graph":[{"@type":"Article","@id":"https:\/\/patagoniambiental.com.ar\/info\/la-emprendedora-que-produce-con-orgullo-los-condimentos-mapuche-en-la-araucania\/#article","isPartOf":{"@id":"https:\/\/patagoniambiental.com.ar\/info\/la-emprendedora-que-produce-con-orgullo-los-condimentos-mapuche-en-la-araucania\/"},"author":{"name":"Patagonia Ambiental","@id":"https:\/\/patagoniambiental.com.ar\/info\/#\/schema\/person\/db12bff64bbcbf6a253710bf0ea37b5d"},"headline":"La emprendedora que produce con orgullo los condimentos mapuche en La Araucania","datePublished":"2019-11-01T10:00:42+00:00","mainEntityOfPage":{"@id":"https:\/\/patagoniambiental.com.ar\/info\/la-emprendedora-que-produce-con-orgullo-los-condimentos-mapuche-en-la-araucania\/"},"wordCount":594,"commentCount":0,"publisher":{"@id":"https:\/\/patagoniambiental.com.ar\/info\/#organization"},"image":{"@id":"https:\/\/patagoniambiental.com.ar\/info\/la-emprendedora-que-produce-con-orgullo-los-condimentos-mapuche-en-la-araucania\/#primaryimage"},"thumbnailUrl":"https:\/\/patagoniambiental.com.ar\/info\/wp-content\/uploads\/2019\/10\/Ginette-Rivera-Tralma-2-700x467.jpg","articleSection":["Internacionales","Noticias"],"inLanguage":"es","potentialAction":[{"@type":"CommentAction","name":"Comment","target":["https:\/\/patagoniambiental.com.ar\/info\/la-emprendedora-que-produce-con-orgullo-los-condimentos-mapuche-en-la-araucania\/#respond"]}]},{"@type":"WebPage","@id":"https:\/\/patagoniambiental.com.ar\/info\/la-emprendedora-que-produce-con-orgullo-los-condimentos-mapuche-en-la-araucania\/","url":"https:\/\/patagoniambiental.com.ar\/info\/la-emprendedora-que-produce-con-orgullo-los-condimentos-mapuche-en-la-araucania\/","name":"La emprendedora que produce con orgullo los condimentos mapuche en La Araucania","isPartOf":{"@id":"https:\/\/patagoniambiental.com.ar\/info\/#website"},"primaryImageOfPage":{"@id":"https:\/\/patagoniambiental.com.ar\/info\/la-emprendedora-que-produce-con-orgullo-los-condimentos-mapuche-en-la-araucania\/#primaryimage"},"image":{"@id":"https:\/\/patagoniambiental.com.ar\/info\/la-emprendedora-que-produce-con-orgullo-los-condimentos-mapuche-en-la-araucania\/#primaryimage"},"thumbnailUrl":"https:\/\/patagoniambiental.com.ar\/info\/wp-content\/uploads\/2019\/10\/Ginette-Rivera-Tralma-2-700x467.jpg","datePublished":"2019-11-01T10:00:42+00:00","breadcrumb":{"@id":"https:\/\/patagoniambiental.com.ar\/info\/la-emprendedora-que-produce-con-orgullo-los-condimentos-mapuche-en-la-araucania\/#breadcrumb"},"inLanguage":"es","potentialAction":[{"@type":"ReadAction","target":["https:\/\/patagoniambiental.com.ar\/info\/la-emprendedora-que-produce-con-orgullo-los-condimentos-mapuche-en-la-araucania\/"]}]},{"@type":"ImageObject","inLanguage":"es","@id":"https:\/\/patagoniambiental.com.ar\/info\/la-emprendedora-que-produce-con-orgullo-los-condimentos-mapuche-en-la-araucania\/#primaryimage","url":"https:\/\/patagoniambiental.com.ar\/info\/wp-content\/uploads\/2019\/10\/Ginette-Rivera-Tralma-2-700x467.jpg","contentUrl":"https:\/\/patagoniambiental.com.ar\/info\/wp-content\/uploads\/2019\/10\/Ginette-Rivera-Tralma-2-700x467.jpg","width":600,"height":400},{"@type":"BreadcrumbList","@id":"https:\/\/patagoniambiental.com.ar\/info\/la-emprendedora-que-produce-con-orgullo-los-condimentos-mapuche-en-la-araucania\/#breadcrumb","itemListElement":[{"@type":"ListItem","position":1,"name":"Inicio","item":"https:\/\/patagoniambiental.com.ar\/info\/"},{"@type":"ListItem","position":2,"name":"La emprendedora que produce con orgullo los condimentos mapuche en La Araucania"}]},{"@type":"WebSite","@id":"https:\/\/patagoniambiental.com.ar\/info\/#website","url":"https:\/\/patagoniambiental.com.ar\/info\/","name":"Patagonia Ambiental","description":"Monitoreo y an\u00e1lisis de la situaci\u00f3n geopol\u00edtica en el mundo y su implicancia en la Patagonia","publisher":{"@id":"https:\/\/patagoniambiental.com.ar\/info\/#organization"},"potentialAction":[{"@type":"SearchAction","target":{"@type":"EntryPoint","urlTemplate":"https:\/\/patagoniambiental.com.ar\/info\/?s={search_term_string}"},"query-input":{"@type":"PropertyValueSpecification","valueRequired":true,"valueName":"search_term_string"}}],"inLanguage":"es"},{"@type":"Organization","@id":"https:\/\/patagoniambiental.com.ar\/info\/#organization","name":"Patagonia Ambiental","url":"https:\/\/patagoniambiental.com.ar\/info\/","logo":{"@type":"ImageObject","inLanguage":"es","@id":"https:\/\/patagoniambiental.com.ar\/info\/#\/schema\/logo\/image\/","url":"https:\/\/patagoniambiental.com.ar\/info\/wp-content\/uploads\/2025\/05\/LOGO-PATAGONIA-AMBIENTAL.png","contentUrl":"https:\/\/patagoniambiental.com.ar\/info\/wp-content\/uploads\/2025\/05\/LOGO-PATAGONIA-AMBIENTAL.png","width":433,"height":250,"caption":"Patagonia Ambiental"},"image":{"@id":"https:\/\/patagoniambiental.com.ar\/info\/#\/schema\/logo\/image\/"},"sameAs":["https:\/\/www.facebook.com\/patagonia.ambiental","https:\/\/x.com\/PatAmb"]},{"@type":"Person","@id":"https:\/\/patagoniambiental.com.ar\/info\/#\/schema\/person\/db12bff64bbcbf6a253710bf0ea37b5d","name":"Patagonia Ambiental","description":"Andr\u00e9s Nievas T\u00e9cnico en manejo ambiental, consultor Ambiental y escritor para medios locales e internacionales sobre temas de geopolitica y medio ambiente.","sameAs":["http:\/\/www.patagoniambiental.com.ar","https:\/\/www.facebook.com\/share\/1C1V8Gv9BX\/?mibextid=qi2Omg","@patagoniambiental","https:\/\/youtube.com\/@patagoniaambiental2023?si=BLt58t0wuXquxlYZ"]}]}},"_links":{"self":[{"href":"https:\/\/patagoniambiental.com.ar\/info\/wp-json\/wp\/v2\/posts\/63821","targetHints":{"allow":["GET"]}}],"collection":[{"href":"https:\/\/patagoniambiental.com.ar\/info\/wp-json\/wp\/v2\/posts"}],"about":[{"href":"https:\/\/patagoniambiental.com.ar\/info\/wp-json\/wp\/v2\/types\/post"}],"author":[{"embeddable":true,"href":"https:\/\/patagoniambiental.com.ar\/info\/wp-json\/wp\/v2\/users\/2"}],"replies":[{"embeddable":true,"href":"https:\/\/patagoniambiental.com.ar\/info\/wp-json\/wp\/v2\/comments?post=63821"}],"version-history":[{"count":0,"href":"https:\/\/patagoniambiental.com.ar\/info\/wp-json\/wp\/v2\/posts\/63821\/revisions"}],"wp:featuredmedia":[{"embeddable":true,"href":"https:\/\/patagoniambiental.com.ar\/info\/wp-json\/wp\/v2\/media\/63822"}],"wp:attachment":[{"href":"https:\/\/patagoniambiental.com.ar\/info\/wp-json\/wp\/v2\/media?parent=63821"}],"wp:term":[{"taxonomy":"category","embeddable":true,"href":"https:\/\/patagoniambiental.com.ar\/info\/wp-json\/wp\/v2\/categories?post=63821"},{"taxonomy":"post_tag","embeddable":true,"href":"https:\/\/patagoniambiental.com.ar\/info\/wp-json\/wp\/v2\/tags?post=63821"}],"curies":[{"name":"wp","href":"https:\/\/api.w.org\/{rel}","templated":true}]}}