{"id":63856,"date":"2019-11-03T19:00:28","date_gmt":"2019-11-03T22:00:28","guid":{"rendered":"http:\/\/patagoniambiental.com.ar\/info\/?p=63856"},"modified":"2019-11-02T12:45:03","modified_gmt":"2019-11-02T15:45:03","slug":"varias-provincias-aprobaron-la-ley-que-incluye-al-dia-de-la-confraternidad-antartica-el-21-de-junio-en-el-calendario-escolar","status":"publish","type":"post","link":"https:\/\/patagoniambiental.com.ar\/info\/varias-provincias-aprobaron-la-ley-que-incluye-al-dia-de-la-confraternidad-antartica-el-21-de-junio-en-el-calendario-escolar\/","title":{"rendered":"Varias provincias aprobaron la ley que incluye al D\u00eda de la Confraternidad Ant\u00e1rtica el 21 de junio en el Calendario Escolar"},"content":{"rendered":"<p>Todav\u00eda hay provincias que no sancionaron esta ley. Algunas presentaron s\u00f3lo el proyecto de ley y otras no<\/p>\n<p><!--more--><\/p>\n<p><img decoding=\"async\" class=\"alignleft\" src=\"https:\/\/outlook.live.com\/actions\/ei?u=http%3A%2F%2Fwww.marambio.aq%2Fimages%2Fbn%2Fjunjul19-01a.jpg&amp;d=2019-11-02T15%3A42%3A42.301Z\" alt=\"\" width=\"150\" height=\"100\" data-imagetype=\"External\" data-connectorsauthtoken=\"1\" data-imageproxyendpoint=\"\/actions\/ei\" data-imageproxyid=\"\" \/><\/p>\n<p>En virtud que no tenemos en el \u00e1mbito educativo nacional un d\u00eda espec\u00edfico para poder conmemorar el D\u00eda de la Ant\u00e1rtida Argentina (22 de febrero), debido a que en esa fecha la mayor\u00eda de los establecimientos educativos est\u00e1n en receso escolar; como paliativo a esta situaci\u00f3n, esta Fundaci\u00f3n, desde hace varios a\u00f1os est\u00e1 bregando para incorporar en los calendarios escolares de todo el pa\u00eds, el D\u00eda de la Confraternidad Ant\u00e1rtica, el 21 de junio de cada a\u00f1o.<\/p>\n<p>Hemos convocado a nuestros suscriptos de las provincias en las que sus legislaturas no hab\u00edan implementado por ley este d\u00eda y por tal motivo no est\u00e1 en el Calendario Escolar, dejando de cumplir con los nobles objetivos de: \u00abPromover la difusi\u00f3n y toma de conciencia con respecto a la importancia de la presencia de nuestro pa\u00eds sobre el territorio Ant\u00e1rtico y adem\u00e1s reconocer el quehacer de los Ant\u00e1rticos.\u00bb<\/p>\n<p>Agradecemos a todos aquellos que de una u otra manera colaboraron para alcanzar estos logros y tambi\u00e9n aquellos que se preocuparon por el mismo fin, aunque todav\u00eda no se ha tenido resultados positivos.<\/p>\n<p><img decoding=\"async\" class=\"alignleft\" src=\"https:\/\/outlook.live.com\/actions\/ei?u=http%3A%2F%2Fwww.marambio.aq%2Fimages%2Fbn%2Fjunjul19-01b.jpg&amp;d=2019-11-02T15%3A42%3A42.301Z\" alt=\"\" width=\"69\" height=\"100\" data-imagetype=\"External\" data-connectorsauthtoken=\"1\" data-imageproxyendpoint=\"\/actions\/ei\" data-imageproxyid=\"\" \/><\/p>\n<p><strong>Provincias que tienen la ley, otras que presentaron proyecto de ley que no fue tratado y otras que no lo han hecho.<\/strong><br \/>\nVer mapa explicativo:\u00a0<a href=\"http:\/\/12.clicks.dattanet.com\/track\/click?u=1896190&amp;p=31323a38323339343a36303139393a303a323a30&amp;s=de8114854c8c52b3236a768f9dde6b3e&amp;m=921562\" target=\"_blank\" rel=\"noopener noreferrer\" data-auth=\"NotApplicable\">www.marambio.aq\/mapaconfraternidad.html<\/a><\/p>\n<p>De acuerdo a la informaci\u00f3n que tenemos, las provincias que a\u00fan no presentaron sus legisladores los proyectos de ley para que se instituya esta fecha en sus calendarios escolares son:\u00a0<strong>Formosa, Jujuy, La Rioja, Salta, San Luis<\/strong>.<\/p>\n<p>Las provincias que tienen incluido en el calendario escolar esta fecha son: las autoridades educacionales de la provincia de\u00a0<strong>Buenos Aires<\/strong>\u00a0y las legislaturas de\u00a0<strong>Catamarca, Chaco, Chubut, C\u00f3rdoba, Corrientes, Entre R\u00edos, Mendoza, Neuqu\u00e9n, Rio Negro, Santa Fe, San Juan, Santa Cruz, Santiago del Estero, Tucum\u00e1n y Tierra del Fuego, Ant\u00e1rtida e Islas del Atl\u00e1ntico Sur<\/strong>.<\/p>\n<p>Las provincias que a\u00fan no tienen esta conmemoraci\u00f3n en sus calendarios escolares, pero se ha presentado en las legislaturas el correspondiente proyecto de ley, son\u00a0<strong>La Pampa, Misiones<\/strong>\u00a0y la\u00a0<strong>Ciudad Aut\u00f3noma de Buenos Aires<\/strong>.<\/p>\n<p>Esperamos que durante este mes, que se realizan las \u00faltimas sesiones ordinarias, sean tratados por los legisladores, porque de no ser as\u00ed, perder\u00eda estado parlamentario y el proyecto se caer\u00eda, como as\u00ed tambi\u00e9n nuestras ilusiones.<\/p>\n<p><strong>MENSAJE A LOS DOCENTES<\/strong><\/p>\n<p>Se les solicita que comenten entre sus contactos y en especial a docentes conocidos o que se difunda, que toda informaci\u00f3n veraz sobre la Ant\u00e1rtida, que van a necesitar para aplicar esta ley, la pueden obtener por intermedio de la p\u00e1gina de Internet de la Fundaci\u00f3n Marambio, haciendo clic a continuaci\u00f3n:\u00a0<a href=\"http:\/\/12.clicks.dattanet.com\/track\/click?u=11951&amp;p=31323a38323339343a36303139393a303a333a30&amp;s=de8114854c8c52b3236a768f9dde6b3e&amp;m=921562\" target=\"_blank\" rel=\"noopener noreferrer\" data-auth=\"NotApplicable\">www.marambio.aq<\/a><\/p>\n<p>Es muy importante consultarla, debido a que no existen textos escolares con esta tem\u00e1tica y adem\u00e1s, si desean recibir por email peri\u00f3dicamente la importante informaci\u00f3n ant\u00e1rtica y educativa que brindamos, pueden suscribirse (gratis por siempre), informando sus nombres y apellidos completos y su localidad a\u00a0<a href=\"mailto:info@marambio.aq\" target=\"_blank\" rel=\"noopener noreferrer\" data-auth=\"NotApplicable\">info@marambio.aq<\/a>\u00a0(nuestra v\u00eda de comunicaci\u00f3n) o completando el formulario electr\u00f3nico que est\u00e1 haciendo clic a continuaci\u00f3n:\u00a0<a href=\"http:\/\/12.clicks.dattanet.com\/track\/click?u=220724&amp;p=31323a38323339343a36303139393a303a353a30&amp;s=de8114854c8c52b3236a768f9dde6b3e&amp;m=921562\" target=\"_blank\" rel=\"noopener noreferrer\" data-auth=\"NotApplicable\">www.marambio.aq\/formularioextendido.html<\/a><\/p>\n<p>Mas informaci\u00f3n y nuestro pedido que DIFUNDA la misma por el bien de la educaci\u00f3n y defensa de nuestra Soberan\u00eda Nacional, la encontrar\u00e1 actualizada en:\u00a0<a href=\"http:\/\/12.clicks.dattanet.com\/track\/click?u=1953812&amp;p=31323a38323339343a36303139393a303a363a30&amp;s=de8114854c8c52b3236a768f9dde6b3e&amp;m=921562\" target=\"_blank\" rel=\"noopener noreferrer\" data-auth=\"NotApplicable\">www.marambio.aq\/confraternidadantartica7.html<\/a><\/p>\n<p>&nbsp;<\/p>\n<p>Prensa<br \/>\nFUNDACI\u00d3N MARAMBIO<br \/>\n<a href=\"mailto:prensa@marambio.aq\" target=\"_blank\" rel=\"noopener noreferrer\" data-auth=\"NotApplicable\">prensa@marambio.aq<\/a><br \/>\nTel (011)4763-2649\/3086<\/p>\n","protected":false},"excerpt":{"rendered":"<p>Todav\u00eda hay provincias que no sancionaron esta ley. Algunas presentaron s\u00f3lo el proyecto de ley y otras no<\/p>\n","protected":false},"author":2,"featured_media":58481,"comment_status":"open","ping_status":"open","sticky":false,"template":"","format":"standard","meta":{"site-sidebar-layout":"default","site-content-layout":"","ast-site-content-layout":"default","site-content-style":"default","site-sidebar-style":"default","ast-global-header-display":"","ast-banner-title-visibility":"","ast-main-header-display":"","ast-hfb-above-header-display":"","ast-hfb-below-header-display":"","ast-hfb-mobile-header-display":"","site-post-title":"","ast-breadcrumbs-content":"","ast-featured-img":"","footer-sml-layout":"","ast-disable-related-posts":"","theme-transparent-header-meta":"","adv-header-id-meta":"","stick-header-meta":"","header-above-stick-meta":"","header-main-stick-meta":"","header-below-stick-meta":"","astra-migrate-meta-layouts":"default","ast-page-background-enabled":"default","ast-page-background-meta":{"desktop":{"background-color":"var(--ast-global-color-5)","background-image":"","background-repeat":"repeat","background-position":"center center","background-size":"auto","background-attachment":"scroll","background-type":"","background-media":"","overlay-type":"","overlay-color":"","overlay-opacity":"","overlay-gradient":""},"tablet":{"background-color":"","background-image":"","background-repeat":"repeat","background-position":"center center","background-size":"auto","background-attachment":"scroll","background-type":"","background-media":"","overlay-type":"","overlay-color":"","overlay-opacity":"","overlay-gradient":""},"mobile":{"background-color":"","background-image":"","background-repeat":"repeat","background-position":"center center","background-size":"auto","background-attachment":"scroll","background-type":"","background-media":"","overlay-type":"","overlay-color":"","overlay-opacity":"","overlay-gradient":""}},"ast-content-background-meta":{"desktop":{"background-color":"var(--ast-global-color-4)","background-image":"","background-repeat":"repeat","background-position":"center center","background-size":"auto","background-attachment":"scroll","background-type":"","background-media":"","overlay-type":"","overlay-color":"","overlay-opacity":"","overlay-gradient":""},"tablet":{"background-color":"var(--ast-global-color-4)","background-image":"","background-repeat":"repeat","background-position":"center center","background-size":"auto","background-attachment":"scroll","background-type":"","background-media":"","overlay-type":"","overlay-color":"","overlay-opacity":"","overlay-gradient":""},"mobile":{"background-color":"var(--ast-global-color-4)","background-image":"","background-repeat":"repeat","background-position":"center center","background-size":"auto","background-attachment":"scroll","background-type":"","background-media":"","overlay-type":"","overlay-color":"","overlay-opacity":"","overlay-gradient":""}},"footnotes":""},"categories":[11,19,1],"tags":[],"class_list":["post-63856","post","type-post","status-publish","format-standard","has-post-thumbnail","hentry","category-boletin","category-nacionales","category-noticias"],"yoast_head":"<!-- This site is optimized with the Yoast SEO Premium plugin v23.0 (Yoast SEO v27.5) - https:\/\/yoast.com\/product\/yoast-seo-premium-wordpress\/ -->\n<title>Varias provincias aprobaron la ley que incluye al D\u00eda de la Confraternidad Ant\u00e1rtica el 21 de junio en el Calendario Escolar<\/title>\n<meta name=\"robots\" content=\"index, follow, max-snippet:-1, max-image-preview:large, max-video-preview:-1\" \/>\n<link rel=\"canonical\" href=\"https:\/\/patagoniambiental.com.ar\/info\/varias-provincias-aprobaron-la-ley-que-incluye-al-dia-de-la-confraternidad-antartica-el-21-de-junio-en-el-calendario-escolar\/\" \/>\n<meta property=\"og:locale\" content=\"es_ES\" \/>\n<meta property=\"og:type\" content=\"article\" \/>\n<meta property=\"og:title\" content=\"Varias provincias aprobaron la ley que incluye al D\u00eda de la Confraternidad Ant\u00e1rtica el 21 de junio en el Calendario Escolar\" \/>\n<meta property=\"og:description\" content=\"Todav\u00eda hay provincias que no sancionaron esta ley. Algunas presentaron s\u00f3lo el proyecto de ley y otras no\" \/>\n<meta property=\"og:url\" content=\"https:\/\/patagoniambiental.com.ar\/info\/varias-provincias-aprobaron-la-ley-que-incluye-al-dia-de-la-confraternidad-antartica-el-21-de-junio-en-el-calendario-escolar\/\" \/>\n<meta property=\"og:site_name\" content=\"Patagonia Ambiental\" \/>\n<meta property=\"article:publisher\" content=\"https:\/\/www.facebook.com\/patagonia.ambiental\" \/>\n<meta property=\"article:author\" content=\"https:\/\/www.facebook.com\/share\/1C1V8Gv9BX\/?mibextid=qi2Omg\" \/>\n<meta property=\"article:published_time\" content=\"2019-11-03T22:00:28+00:00\" \/>\n<meta property=\"og:image\" content=\"https:\/\/patagoniambiental.com.ar\/info\/wp-content\/uploads\/2019\/01\/antartida.jpg\" \/>\n\t<meta property=\"og:image:width\" content=\"1366\" \/>\n\t<meta property=\"og:image:height\" content=\"765\" \/>\n\t<meta property=\"og:image:type\" content=\"image\/jpeg\" \/>\n<meta name=\"author\" content=\"Patagonia Ambiental\" \/>\n<meta name=\"twitter:card\" content=\"summary_large_image\" \/>\n<meta name=\"twitter:creator\" content=\"@PatAmb\" \/>\n<meta name=\"twitter:site\" content=\"@PatAmb\" \/>\n<script type=\"application\/ld+json\" class=\"yoast-schema-graph\">{\"@context\":\"https:\\\/\\\/schema.org\",\"@graph\":[{\"@type\":\"Article\",\"@id\":\"https:\\\/\\\/patagoniambiental.com.ar\\\/info\\\/varias-provincias-aprobaron-la-ley-que-incluye-al-dia-de-la-confraternidad-antartica-el-21-de-junio-en-el-calendario-escolar\\\/#article\",\"isPartOf\":{\"@id\":\"https:\\\/\\\/patagoniambiental.com.ar\\\/info\\\/varias-provincias-aprobaron-la-ley-que-incluye-al-dia-de-la-confraternidad-antartica-el-21-de-junio-en-el-calendario-escolar\\\/\"},\"author\":{\"name\":\"Patagonia Ambiental\",\"@id\":\"https:\\\/\\\/patagoniambiental.com.ar\\\/info\\\/#\\\/schema\\\/person\\\/db12bff64bbcbf6a253710bf0ea37b5d\"},\"headline\":\"Varias provincias aprobaron la ley que incluye al D\u00eda de la Confraternidad Ant\u00e1rtica el 21 de junio en el Calendario Escolar\",\"datePublished\":\"2019-11-03T22:00:28+00:00\",\"mainEntityOfPage\":{\"@id\":\"https:\\\/\\\/patagoniambiental.com.ar\\\/info\\\/varias-provincias-aprobaron-la-ley-que-incluye-al-dia-de-la-confraternidad-antartica-el-21-de-junio-en-el-calendario-escolar\\\/\"},\"wordCount\":630,\"commentCount\":0,\"publisher\":{\"@id\":\"https:\\\/\\\/patagoniambiental.com.ar\\\/info\\\/#organization\"},\"image\":{\"@id\":\"https:\\\/\\\/patagoniambiental.com.ar\\\/info\\\/varias-provincias-aprobaron-la-ley-que-incluye-al-dia-de-la-confraternidad-antartica-el-21-de-junio-en-el-calendario-escolar\\\/#primaryimage\"},\"thumbnailUrl\":\"https:\\\/\\\/patagoniambiental.com.ar\\\/info\\\/wp-content\\\/uploads\\\/2019\\\/01\\\/antartida.jpg\",\"articleSection\":[\"Bolet\u00edn\",\"Nacionales\",\"Noticias\"],\"inLanguage\":\"es\",\"potentialAction\":[{\"@type\":\"CommentAction\",\"name\":\"Comment\",\"target\":[\"https:\\\/\\\/patagoniambiental.com.ar\\\/info\\\/varias-provincias-aprobaron-la-ley-que-incluye-al-dia-de-la-confraternidad-antartica-el-21-de-junio-en-el-calendario-escolar\\\/#respond\"]}]},{\"@type\":\"WebPage\",\"@id\":\"https:\\\/\\\/patagoniambiental.com.ar\\\/info\\\/varias-provincias-aprobaron-la-ley-que-incluye-al-dia-de-la-confraternidad-antartica-el-21-de-junio-en-el-calendario-escolar\\\/\",\"url\":\"https:\\\/\\\/patagoniambiental.com.ar\\\/info\\\/varias-provincias-aprobaron-la-ley-que-incluye-al-dia-de-la-confraternidad-antartica-el-21-de-junio-en-el-calendario-escolar\\\/\",\"name\":\"Varias provincias aprobaron la ley que incluye al D\u00eda de la Confraternidad Ant\u00e1rtica el 21 de junio en el Calendario Escolar\",\"isPartOf\":{\"@id\":\"https:\\\/\\\/patagoniambiental.com.ar\\\/info\\\/#website\"},\"primaryImageOfPage\":{\"@id\":\"https:\\\/\\\/patagoniambiental.com.ar\\\/info\\\/varias-provincias-aprobaron-la-ley-que-incluye-al-dia-de-la-confraternidad-antartica-el-21-de-junio-en-el-calendario-escolar\\\/#primaryimage\"},\"image\":{\"@id\":\"https:\\\/\\\/patagoniambiental.com.ar\\\/info\\\/varias-provincias-aprobaron-la-ley-que-incluye-al-dia-de-la-confraternidad-antartica-el-21-de-junio-en-el-calendario-escolar\\\/#primaryimage\"},\"thumbnailUrl\":\"https:\\\/\\\/patagoniambiental.com.ar\\\/info\\\/wp-content\\\/uploads\\\/2019\\\/01\\\/antartida.jpg\",\"datePublished\":\"2019-11-03T22:00:28+00:00\",\"breadcrumb\":{\"@id\":\"https:\\\/\\\/patagoniambiental.com.ar\\\/info\\\/varias-provincias-aprobaron-la-ley-que-incluye-al-dia-de-la-confraternidad-antartica-el-21-de-junio-en-el-calendario-escolar\\\/#breadcrumb\"},\"inLanguage\":\"es\",\"potentialAction\":[{\"@type\":\"ReadAction\",\"target\":[\"https:\\\/\\\/patagoniambiental.com.ar\\\/info\\\/varias-provincias-aprobaron-la-ley-que-incluye-al-dia-de-la-confraternidad-antartica-el-21-de-junio-en-el-calendario-escolar\\\/\"]}]},{\"@type\":\"ImageObject\",\"inLanguage\":\"es\",\"@id\":\"https:\\\/\\\/patagoniambiental.com.ar\\\/info\\\/varias-provincias-aprobaron-la-ley-que-incluye-al-dia-de-la-confraternidad-antartica-el-21-de-junio-en-el-calendario-escolar\\\/#primaryimage\",\"url\":\"https:\\\/\\\/patagoniambiental.com.ar\\\/info\\\/wp-content\\\/uploads\\\/2019\\\/01\\\/antartida.jpg\",\"contentUrl\":\"https:\\\/\\\/patagoniambiental.com.ar\\\/info\\\/wp-content\\\/uploads\\\/2019\\\/01\\\/antartida.jpg\",\"width\":1071,\"height\":600},{\"@type\":\"BreadcrumbList\",\"@id\":\"https:\\\/\\\/patagoniambiental.com.ar\\\/info\\\/varias-provincias-aprobaron-la-ley-que-incluye-al-dia-de-la-confraternidad-antartica-el-21-de-junio-en-el-calendario-escolar\\\/#breadcrumb\",\"itemListElement\":[{\"@type\":\"ListItem\",\"position\":1,\"name\":\"Inicio\",\"item\":\"https:\\\/\\\/patagoniambiental.com.ar\\\/info\\\/\"},{\"@type\":\"ListItem\",\"position\":2,\"name\":\"Varias provincias aprobaron la ley que incluye al D\u00eda de la Confraternidad Ant\u00e1rtica el 21 de junio en el Calendario Escolar\"}]},{\"@type\":\"WebSite\",\"@id\":\"https:\\\/\\\/patagoniambiental.com.ar\\\/info\\\/#website\",\"url\":\"https:\\\/\\\/patagoniambiental.com.ar\\\/info\\\/\",\"name\":\"Patagonia Ambiental\",\"description\":\"Monitoreo y an\u00e1lisis de la situaci\u00f3n geopol\u00edtica en el mundo y su implicancia en la Patagonia\",\"publisher\":{\"@id\":\"https:\\\/\\\/patagoniambiental.com.ar\\\/info\\\/#organization\"},\"potentialAction\":[{\"@type\":\"SearchAction\",\"target\":{\"@type\":\"EntryPoint\",\"urlTemplate\":\"https:\\\/\\\/patagoniambiental.com.ar\\\/info\\\/?s={search_term_string}\"},\"query-input\":{\"@type\":\"PropertyValueSpecification\",\"valueRequired\":true,\"valueName\":\"search_term_string\"}}],\"inLanguage\":\"es\"},{\"@type\":\"Organization\",\"@id\":\"https:\\\/\\\/patagoniambiental.com.ar\\\/info\\\/#organization\",\"name\":\"Patagonia Ambiental\",\"url\":\"https:\\\/\\\/patagoniambiental.com.ar\\\/info\\\/\",\"logo\":{\"@type\":\"ImageObject\",\"inLanguage\":\"es\",\"@id\":\"https:\\\/\\\/patagoniambiental.com.ar\\\/info\\\/#\\\/schema\\\/logo\\\/image\\\/\",\"url\":\"https:\\\/\\\/patagoniambiental.com.ar\\\/info\\\/wp-content\\\/uploads\\\/2025\\\/05\\\/LOGO-PATAGONIA-AMBIENTAL.png\",\"contentUrl\":\"https:\\\/\\\/patagoniambiental.com.ar\\\/info\\\/wp-content\\\/uploads\\\/2025\\\/05\\\/LOGO-PATAGONIA-AMBIENTAL.png\",\"width\":433,\"height\":250,\"caption\":\"Patagonia Ambiental\"},\"image\":{\"@id\":\"https:\\\/\\\/patagoniambiental.com.ar\\\/info\\\/#\\\/schema\\\/logo\\\/image\\\/\"},\"sameAs\":[\"https:\\\/\\\/www.facebook.com\\\/patagonia.ambiental\",\"https:\\\/\\\/x.com\\\/PatAmb\"]},{\"@type\":\"Person\",\"@id\":\"https:\\\/\\\/patagoniambiental.com.ar\\\/info\\\/#\\\/schema\\\/person\\\/db12bff64bbcbf6a253710bf0ea37b5d\",\"name\":\"Patagonia Ambiental\",\"description\":\"Andr\u00e9s Nievas T\u00e9cnico en manejo ambiental, consultor Ambiental y escritor para medios locales e internacionales sobre temas de geopolitica y medio ambiente.\",\"sameAs\":[\"http:\\\/\\\/www.patagoniambiental.com.ar\",\"https:\\\/\\\/www.facebook.com\\\/share\\\/1C1V8Gv9BX\\\/?mibextid=qi2Omg\",\"@patagoniambiental\",\"https:\\\/\\\/youtube.com\\\/@patagoniaambiental2023?si=BLt58t0wuXquxlYZ\"]}]}<\/script>\n<!-- \/ Yoast SEO Premium plugin. -->","yoast_head_json":{"title":"Varias provincias aprobaron la ley que incluye al D\u00eda de la Confraternidad Ant\u00e1rtica el 21 de junio en el Calendario Escolar","robots":{"index":"index","follow":"follow","max-snippet":"max-snippet:-1","max-image-preview":"max-image-preview:large","max-video-preview":"max-video-preview:-1"},"canonical":"https:\/\/patagoniambiental.com.ar\/info\/varias-provincias-aprobaron-la-ley-que-incluye-al-dia-de-la-confraternidad-antartica-el-21-de-junio-en-el-calendario-escolar\/","og_locale":"es_ES","og_type":"article","og_title":"Varias provincias aprobaron la ley que incluye al D\u00eda de la Confraternidad Ant\u00e1rtica el 21 de junio en el Calendario Escolar","og_description":"Todav\u00eda hay provincias que no sancionaron esta ley. Algunas presentaron s\u00f3lo el proyecto de ley y otras no","og_url":"https:\/\/patagoniambiental.com.ar\/info\/varias-provincias-aprobaron-la-ley-que-incluye-al-dia-de-la-confraternidad-antartica-el-21-de-junio-en-el-calendario-escolar\/","og_site_name":"Patagonia Ambiental","article_publisher":"https:\/\/www.facebook.com\/patagonia.ambiental","article_author":"https:\/\/www.facebook.com\/share\/1C1V8Gv9BX\/?mibextid=qi2Omg","article_published_time":"2019-11-03T22:00:28+00:00","og_image":[{"width":1366,"height":765,"url":"https:\/\/patagoniambiental.com.ar\/info\/wp-content\/uploads\/2019\/01\/antartida.jpg","type":"image\/jpeg"}],"author":"Patagonia Ambiental","twitter_card":"summary_large_image","twitter_creator":"@PatAmb","twitter_site":"@PatAmb","schema":{"@context":"https:\/\/schema.org","@graph":[{"@type":"Article","@id":"https:\/\/patagoniambiental.com.ar\/info\/varias-provincias-aprobaron-la-ley-que-incluye-al-dia-de-la-confraternidad-antartica-el-21-de-junio-en-el-calendario-escolar\/#article","isPartOf":{"@id":"https:\/\/patagoniambiental.com.ar\/info\/varias-provincias-aprobaron-la-ley-que-incluye-al-dia-de-la-confraternidad-antartica-el-21-de-junio-en-el-calendario-escolar\/"},"author":{"name":"Patagonia Ambiental","@id":"https:\/\/patagoniambiental.com.ar\/info\/#\/schema\/person\/db12bff64bbcbf6a253710bf0ea37b5d"},"headline":"Varias provincias aprobaron la ley que incluye al D\u00eda de la Confraternidad Ant\u00e1rtica el 21 de junio en el Calendario Escolar","datePublished":"2019-11-03T22:00:28+00:00","mainEntityOfPage":{"@id":"https:\/\/patagoniambiental.com.ar\/info\/varias-provincias-aprobaron-la-ley-que-incluye-al-dia-de-la-confraternidad-antartica-el-21-de-junio-en-el-calendario-escolar\/"},"wordCount":630,"commentCount":0,"publisher":{"@id":"https:\/\/patagoniambiental.com.ar\/info\/#organization"},"image":{"@id":"https:\/\/patagoniambiental.com.ar\/info\/varias-provincias-aprobaron-la-ley-que-incluye-al-dia-de-la-confraternidad-antartica-el-21-de-junio-en-el-calendario-escolar\/#primaryimage"},"thumbnailUrl":"https:\/\/patagoniambiental.com.ar\/info\/wp-content\/uploads\/2019\/01\/antartida.jpg","articleSection":["Bolet\u00edn","Nacionales","Noticias"],"inLanguage":"es","potentialAction":[{"@type":"CommentAction","name":"Comment","target":["https:\/\/patagoniambiental.com.ar\/info\/varias-provincias-aprobaron-la-ley-que-incluye-al-dia-de-la-confraternidad-antartica-el-21-de-junio-en-el-calendario-escolar\/#respond"]}]},{"@type":"WebPage","@id":"https:\/\/patagoniambiental.com.ar\/info\/varias-provincias-aprobaron-la-ley-que-incluye-al-dia-de-la-confraternidad-antartica-el-21-de-junio-en-el-calendario-escolar\/","url":"https:\/\/patagoniambiental.com.ar\/info\/varias-provincias-aprobaron-la-ley-que-incluye-al-dia-de-la-confraternidad-antartica-el-21-de-junio-en-el-calendario-escolar\/","name":"Varias provincias aprobaron la ley que incluye al D\u00eda de la Confraternidad Ant\u00e1rtica el 21 de junio en el Calendario Escolar","isPartOf":{"@id":"https:\/\/patagoniambiental.com.ar\/info\/#website"},"primaryImageOfPage":{"@id":"https:\/\/patagoniambiental.com.ar\/info\/varias-provincias-aprobaron-la-ley-que-incluye-al-dia-de-la-confraternidad-antartica-el-21-de-junio-en-el-calendario-escolar\/#primaryimage"},"image":{"@id":"https:\/\/patagoniambiental.com.ar\/info\/varias-provincias-aprobaron-la-ley-que-incluye-al-dia-de-la-confraternidad-antartica-el-21-de-junio-en-el-calendario-escolar\/#primaryimage"},"thumbnailUrl":"https:\/\/patagoniambiental.com.ar\/info\/wp-content\/uploads\/2019\/01\/antartida.jpg","datePublished":"2019-11-03T22:00:28+00:00","breadcrumb":{"@id":"https:\/\/patagoniambiental.com.ar\/info\/varias-provincias-aprobaron-la-ley-que-incluye-al-dia-de-la-confraternidad-antartica-el-21-de-junio-en-el-calendario-escolar\/#breadcrumb"},"inLanguage":"es","potentialAction":[{"@type":"ReadAction","target":["https:\/\/patagoniambiental.com.ar\/info\/varias-provincias-aprobaron-la-ley-que-incluye-al-dia-de-la-confraternidad-antartica-el-21-de-junio-en-el-calendario-escolar\/"]}]},{"@type":"ImageObject","inLanguage":"es","@id":"https:\/\/patagoniambiental.com.ar\/info\/varias-provincias-aprobaron-la-ley-que-incluye-al-dia-de-la-confraternidad-antartica-el-21-de-junio-en-el-calendario-escolar\/#primaryimage","url":"https:\/\/patagoniambiental.com.ar\/info\/wp-content\/uploads\/2019\/01\/antartida.jpg","contentUrl":"https:\/\/patagoniambiental.com.ar\/info\/wp-content\/uploads\/2019\/01\/antartida.jpg","width":1071,"height":600},{"@type":"BreadcrumbList","@id":"https:\/\/patagoniambiental.com.ar\/info\/varias-provincias-aprobaron-la-ley-que-incluye-al-dia-de-la-confraternidad-antartica-el-21-de-junio-en-el-calendario-escolar\/#breadcrumb","itemListElement":[{"@type":"ListItem","position":1,"name":"Inicio","item":"https:\/\/patagoniambiental.com.ar\/info\/"},{"@type":"ListItem","position":2,"name":"Varias provincias aprobaron la ley que incluye al D\u00eda de la Confraternidad Ant\u00e1rtica el 21 de junio en el Calendario Escolar"}]},{"@type":"WebSite","@id":"https:\/\/patagoniambiental.com.ar\/info\/#website","url":"https:\/\/patagoniambiental.com.ar\/info\/","name":"Patagonia Ambiental","description":"Monitoreo y an\u00e1lisis de la situaci\u00f3n geopol\u00edtica en el mundo y su implicancia en la Patagonia","publisher":{"@id":"https:\/\/patagoniambiental.com.ar\/info\/#organization"},"potentialAction":[{"@type":"SearchAction","target":{"@type":"EntryPoint","urlTemplate":"https:\/\/patagoniambiental.com.ar\/info\/?s={search_term_string}"},"query-input":{"@type":"PropertyValueSpecification","valueRequired":true,"valueName":"search_term_string"}}],"inLanguage":"es"},{"@type":"Organization","@id":"https:\/\/patagoniambiental.com.ar\/info\/#organization","name":"Patagonia Ambiental","url":"https:\/\/patagoniambiental.com.ar\/info\/","logo":{"@type":"ImageObject","inLanguage":"es","@id":"https:\/\/patagoniambiental.com.ar\/info\/#\/schema\/logo\/image\/","url":"https:\/\/patagoniambiental.com.ar\/info\/wp-content\/uploads\/2025\/05\/LOGO-PATAGONIA-AMBIENTAL.png","contentUrl":"https:\/\/patagoniambiental.com.ar\/info\/wp-content\/uploads\/2025\/05\/LOGO-PATAGONIA-AMBIENTAL.png","width":433,"height":250,"caption":"Patagonia Ambiental"},"image":{"@id":"https:\/\/patagoniambiental.com.ar\/info\/#\/schema\/logo\/image\/"},"sameAs":["https:\/\/www.facebook.com\/patagonia.ambiental","https:\/\/x.com\/PatAmb"]},{"@type":"Person","@id":"https:\/\/patagoniambiental.com.ar\/info\/#\/schema\/person\/db12bff64bbcbf6a253710bf0ea37b5d","name":"Patagonia Ambiental","description":"Andr\u00e9s Nievas T\u00e9cnico en manejo ambiental, consultor Ambiental y escritor para medios locales e internacionales sobre temas de geopolitica y medio ambiente.","sameAs":["http:\/\/www.patagoniambiental.com.ar","https:\/\/www.facebook.com\/share\/1C1V8Gv9BX\/?mibextid=qi2Omg","@patagoniambiental","https:\/\/youtube.com\/@patagoniaambiental2023?si=BLt58t0wuXquxlYZ"]}]}},"_links":{"self":[{"href":"https:\/\/patagoniambiental.com.ar\/info\/wp-json\/wp\/v2\/posts\/63856","targetHints":{"allow":["GET"]}}],"collection":[{"href":"https:\/\/patagoniambiental.com.ar\/info\/wp-json\/wp\/v2\/posts"}],"about":[{"href":"https:\/\/patagoniambiental.com.ar\/info\/wp-json\/wp\/v2\/types\/post"}],"author":[{"embeddable":true,"href":"https:\/\/patagoniambiental.com.ar\/info\/wp-json\/wp\/v2\/users\/2"}],"replies":[{"embeddable":true,"href":"https:\/\/patagoniambiental.com.ar\/info\/wp-json\/wp\/v2\/comments?post=63856"}],"version-history":[{"count":0,"href":"https:\/\/patagoniambiental.com.ar\/info\/wp-json\/wp\/v2\/posts\/63856\/revisions"}],"wp:featuredmedia":[{"embeddable":true,"href":"https:\/\/patagoniambiental.com.ar\/info\/wp-json\/wp\/v2\/media\/58481"}],"wp:attachment":[{"href":"https:\/\/patagoniambiental.com.ar\/info\/wp-json\/wp\/v2\/media?parent=63856"}],"wp:term":[{"taxonomy":"category","embeddable":true,"href":"https:\/\/patagoniambiental.com.ar\/info\/wp-json\/wp\/v2\/categories?post=63856"},{"taxonomy":"post_tag","embeddable":true,"href":"https:\/\/patagoniambiental.com.ar\/info\/wp-json\/wp\/v2\/tags?post=63856"}],"curies":[{"name":"wp","href":"https:\/\/api.w.org\/{rel}","templated":true}]}}