{"id":63861,"date":"2019-11-05T07:00:06","date_gmt":"2019-11-05T10:00:06","guid":{"rendered":"http:\/\/patagoniambiental.com.ar\/info\/?p=63861"},"modified":"2019-11-04T09:35:05","modified_gmt":"2019-11-04T12:35:05","slug":"ambiente-de-la-pampa-soltara-maras-y-guanacos-en-parque-luro","status":"publish","type":"post","link":"https:\/\/patagoniambiental.com.ar\/info\/ambiente-de-la-pampa-soltara-maras-y-guanacos-en-parque-luro\/","title":{"rendered":"Ambiente de La Pampa soltar\u00e1 maras y guanacos en Parque Luro"},"content":{"rendered":"<div class=\"td_block_wrap tdb_title td_uid_9_5dc019ea55a63_rand tdb-single-title td-pb-border-top td_block_template_9\" data-td-block-uid=\"td_uid_9_5dc019ea55a63\">\n<div class=\"tdb-block-inner td-fix-index\">\n<div>La Pampa.-Con la premisa de recuperar especies nativas en el territorio pampeano, la Subsecretar\u00eda de Ambiente concretar\u00e1 una nueva reintroducci\u00f3n en nuestra provincia de un grupo de doce guanacos, precisamente, en el Parque Luro. Adem\u00e1s, en las pr\u00f3ximas semanas, el gobierno soltar\u00e1 tambi\u00e9n en la reserva provincial a un grupo de maras, una especie que tambi\u00e9n era aut\u00f3ctona de la zona.<\/div>\n<\/div>\n<\/div>\n<p><!--more--><\/p>\n<div class=\"td_block_wrap tdb_single_author td_uid_11_5dc019ea5627a_rand td-pb-border-top td_block_template_9 tdb-post-meta\" data-td-block-uid=\"td_uid_11_5dc019ea5627a\">\n<div class=\"tdb-block-inner td-fix-index\"><\/div>\n<\/div>\n<div class=\"td_block_wrap tdb_single_post_share td_uid_13_5dc019ea569ec_rand td-pb-border-top td_block_template_9\" data-td-block-uid=\"td_uid_13_5dc019ea569ec\">\n<div id=\"td_uid_13_5dc019ea569ec\" class=\"td-post-sharing tdb-block td-ps-bg td-ps-padding td-post-sharing-style2 \">\n<div class=\"td-post-sharing-visible\">\n<div class=\"td-social-but-text\"><\/div>\n<\/div>\n<\/div>\n<\/div>\n<div class=\"td_block_wrap tdb_single_featured_image td_uid_14_5dc019ea57437_rand tdb-content-horiz-left td-pb-border-top td_block_template_9\" data-td-block-uid=\"td_uid_14_5dc019ea57437\">\n<div class=\"tdb-block-inner td-fix-index\"><img fetchpriority=\"high\" decoding=\"async\" class=\"entry-thumb alignleft\" title=\"10-Guanaco\" src=\"https:\/\/i1.wp.com\/www.laarena.com.ar\/__uP_Load_\/2019\/11\/10-Guanaco18f30143.jpg?resize=696%2C522\" sizes=\"(max-width: 696px) 100vw, 696px\" srcset=\"https:\/\/i1.wp.com\/www.laarena.com.ar\/__uP_Load_\/2019\/11\/10-Guanaco18f30143.jpg?w=700 700w, https:\/\/i1.wp.com\/www.laarena.com.ar\/__uP_Load_\/2019\/11\/10-Guanaco18f30143.jpg?resize=100%2C75 100w, https:\/\/i1.wp.com\/www.laarena.com.ar\/__uP_Load_\/2019\/11\/10-Guanaco18f30143.jpg?resize=250%2C188 250w, https:\/\/i1.wp.com\/www.laarena.com.ar\/__uP_Load_\/2019\/11\/10-Guanaco18f30143.jpg?resize=356%2C267 356w, https:\/\/i1.wp.com\/www.laarena.com.ar\/__uP_Load_\/2019\/11\/10-Guanaco18f30143.jpg?resize=265%2C198 265w, https:\/\/i1.wp.com\/www.laarena.com.ar\/__uP_Load_\/2019\/11\/10-Guanaco18f30143.jpg?resize=696%2C522 696w\" alt=\"\" width=\"549\" height=\"412\" \/><\/div>\n<\/div>\n<div class=\"td_block_wrap tdb_single_content td_uid_15_5dc019ea59605_rand td-pb-border-top td_block_template_9 td-post-content tagdiv-type\" data-td-block-uid=\"td_uid_15_5dc019ea59605\">\n<div class=\"tdb-block-inner td-fix-index\">\n<p>La novedad fue confirmada a LA ARENA por Alejandro Calder\u00f3n, t\u00e9cnico de la Subsecretaria Ambiente, quien es uno de los encargados del proyecto Reintroducci\u00f3n del Guanaco (Lama guanicoe) en las Reservas Provinciales \u00abParque Luro\u00bb y \u00abPichi Mahuida\u00bb, que se inici\u00f3 en el a\u00f1o 2017 con el fin de que esta especie vuelva habitar en ambas reservas naturales.<br \/>\nSeg\u00fan precis\u00f3 el Calder\u00f3n, en esta ocasi\u00f3n se soltar\u00e1n doce individuos que se sumaran a los quince que ya fueron reintroducidos hace dos a\u00f1os en el Parque Luro. \u00abEl lunes (por hoy) vamos a ir al campo donde est\u00e1n, le vamos a colocar los collares de radiofrecuencia, los chips, con la gente de Fauna y para poder largaros\u00bb, se\u00f1al\u00f3 al respecto.<br \/>\nEl t\u00e9cnico indic\u00f3 que esta segunda etapa corresponde a otro de los fines del proyecto, el cuan se\u00f1ala que una vez que se ha logrado la reinserci\u00f3n de un primer grupo, un segundo paso era introducir una nueva camada. \u00abEsto sirve para potenciar la poblaci\u00f3n que ya se encuentra en la reserva. Entonces pudimos conseguir de un coto de caza en Quehu\u00e9 otros doce guanacos para que queden en Parque Luro y si podemos conseguir m\u00e1s, la pr\u00f3xima suelta se hace en Pichi Mahuida\u00bb, explic\u00f3.<br \/>\nY agreg\u00f3: \u00abLa elecci\u00f3n de traer los animales de lugares cercanos es para que el animal logre adaptarse m\u00e1s r\u00e1pido, se pueden traer de otros puntos m\u00e1s lejanos pero no es tan conveniente\u00bb.<\/p>\n<p>Investigaci\u00f3n y maras.<br \/>\nOtra de las caras de este programa de fauna recae en la investigaci\u00f3n y es por este motivo que se le colocaran a los guanacos collares con radiofrecuencia y microchips que permitir\u00e1 monitorear sus comportamientos diariamente. \u00abSe puede ver d\u00f3nde est\u00e1n, los grupos que forman, ver d\u00f3nde est\u00e1n las hembras y los machos\u00bb, especific\u00f3 en ese sentido Calder\u00f3n, quien adem\u00e1s afirm\u00f3 que para esta tarea tambi\u00e9n reciben la colaboraci\u00f3n de la Direcci\u00f3n de Recursos Naturales.<br \/>\nAhora, con la intenci\u00f3n de recuperar tambi\u00e9n otras especies que varias d\u00e9cadas atr\u00e1s habitaban la zona, tambi\u00e9n soltar\u00e1n en el Parque Luro a un grupo de maras. Aunque a\u00fan no hay fecha definida, desde la Subsecretar\u00eda de Ambiente afirman que ser\u00e1 \u00aben las pr\u00f3ximas semanas\u00bb.<br \/>\n\u00abCon el tema de las maras, est\u00e1 bastante avanzado, estamos terminando de arreglar los papeles con la persona que nos va a dar los individuos, son 40 aproximadamente, y las vamos a largar en el Parque Luro. Pero eso va a ser en estos d\u00edas\u00bb, adelant\u00f3 Calder\u00f3n.<br \/>\nLa introducci\u00f3n y expansi\u00f3n de especies ex\u00f3ticas en la regi\u00f3n central de Argentina, produjo una fuerte disminuci\u00f3n en n\u00famero de las poblaciones de dos grandes especies de herb\u00edvoros nativos, el guanaco (Lama guanicoe) y el venado de las pampas (Ozotoceros bezoarticus). Aunque las principales causas de esta disminuci\u00f3n est\u00e1n vinculadas a la caza ilegal y a la p\u00e9rdida de h\u00e1bitats.<br \/>\nEs por esta raz\u00f3n que el Gobierno provincial inici\u00f3 en 2017 el proyecto de reintroducci\u00f3n de guanacos ya que, seg\u00fan indic\u00f3 el t\u00e9cnico, \u00aben La Pampa quedaban pocos especimenes y en parques y \u00e1reas protegidas directamente no hab\u00eda. Por eso comenzamos en Pichi Mahuida y en Parque Luro, donde trajimos 15 y 15 ese a\u00f1o\u00bb.<br \/>\nEsa primera camada de animales logr\u00f3 adaptarse a la reserva y uno de los indicios para hacer esta afirmaci\u00f3n es que ya han tenido cr\u00edas. \u00abAhora en Parque Luro hay dos grupos, uno cerca de las parrillas y otro m\u00e1s alejado\u00bb, celebr\u00f3 Calder\u00f3n.<\/p>\n<p>Despu\u00e9s de 30 a\u00f1os<br \/>\nEl guanaco es el herb\u00edvoro nativo m\u00e1s grande con que cuenta la provincia, extinguido de Parque Luro hace unos 30 a\u00f1os y fue una especie abundante en los pastizales de m\u00e9danos caracter\u00edsticos de la zona de caldenal. Aunque en la actualidad ha desaparecido en gran parte de la provincia y las poblaciones remanentes presentan una importante disminuci\u00f3n de individuos. La poblaci\u00f3n actual m\u00e1s importante es la del Parque Nacional Lihu\u00e9 Calel.<br \/>\nInicialmente se introdujeron 30 individuos, divididos en 3 grupos, que fueron distribuidos en las \u00e1reas de pastizal que fueron restauradas para dicho motivo.<br \/>\nLa intenci\u00f3n de los proyectos de reintroducci\u00f3n es contar con una muestra que realmente represente al ecosistema que se quiere proteger, en este caso el bosque de cald\u00e9n presente en la reserva provincial Parque Luro, incluyendo a sus especies nativas m\u00e1s emblem\u00e1ticas o con mayores problemas de conservaci\u00f3n.<\/p>\n<div class=\"td-a-ad id_bottom_ad\">Fuente: Diario La Arena<\/div>\n<\/div>\n<\/div>\n","protected":false},"excerpt":{"rendered":"<p>La Pampa.-Con la premisa de recuperar especies nativas en el territorio pampeano, la Subsecretar\u00eda de Ambiente concretar\u00e1 una nueva reintroducci\u00f3n [&hellip;]<\/p>\n","protected":false},"author":2,"featured_media":63862,"comment_status":"open","ping_status":"open","sticky":false,"template":"","format":"standard","meta":{"site-sidebar-layout":"default","site-content-layout":"","ast-site-content-layout":"default","site-content-style":"default","site-sidebar-style":"default","ast-global-header-display":"","ast-banner-title-visibility":"","ast-main-header-display":"","ast-hfb-above-header-display":"","ast-hfb-below-header-display":"","ast-hfb-mobile-header-display":"","site-post-title":"","ast-breadcrumbs-content":"","ast-featured-img":"","footer-sml-layout":"","ast-disable-related-posts":"","theme-transparent-header-meta":"","adv-header-id-meta":"","stick-header-meta":"","header-above-stick-meta":"","header-main-stick-meta":"","header-below-stick-meta":"","astra-migrate-meta-layouts":"default","ast-page-background-enabled":"default","ast-page-background-meta":{"desktop":{"background-color":"var(--ast-global-color-5)","background-image":"","background-repeat":"repeat","background-position":"center center","background-size":"auto","background-attachment":"scroll","background-type":"","background-media":"","overlay-type":"","overlay-color":"","overlay-opacity":"","overlay-gradient":""},"tablet":{"background-color":"","background-image":"","background-repeat":"repeat","background-position":"center center","background-size":"auto","background-attachment":"scroll","background-type":"","background-media":"","overlay-type":"","overlay-color":"","overlay-opacity":"","overlay-gradient":""},"mobile":{"background-color":"","background-image":"","background-repeat":"repeat","background-position":"center center","background-size":"auto","background-attachment":"scroll","background-type":"","background-media":"","overlay-type":"","overlay-color":"","overlay-opacity":"","overlay-gradient":""}},"ast-content-background-meta":{"desktop":{"background-color":"var(--ast-global-color-4)","background-image":"","background-repeat":"repeat","background-position":"center center","background-size":"auto","background-attachment":"scroll","background-type":"","background-media":"","overlay-type":"","overlay-color":"","overlay-opacity":"","overlay-gradient":""},"tablet":{"background-color":"var(--ast-global-color-4)","background-image":"","background-repeat":"repeat","background-position":"center center","background-size":"auto","background-attachment":"scroll","background-type":"","background-media":"","overlay-type":"","overlay-color":"","overlay-opacity":"","overlay-gradient":""},"mobile":{"background-color":"var(--ast-global-color-4)","background-image":"","background-repeat":"repeat","background-position":"center center","background-size":"auto","background-attachment":"scroll","background-type":"","background-media":"","overlay-type":"","overlay-color":"","overlay-opacity":"","overlay-gradient":""}},"footnotes":""},"categories":[11,59,1,10],"tags":[],"class_list":["post-63861","post","type-post","status-publish","format-standard","has-post-thumbnail","hentry","category-boletin","category-la-pampa","category-noticias","category-rotador"],"yoast_head":"<!-- This site is optimized with the Yoast SEO Premium plugin v23.0 (Yoast SEO v27.4) - https:\/\/yoast.com\/product\/yoast-seo-premium-wordpress\/ -->\n<title>Ambiente de La Pampa soltar\u00e1 maras y guanacos en Parque Luro<\/title>\n<meta name=\"robots\" content=\"index, follow, max-snippet:-1, max-image-preview:large, max-video-preview:-1\" \/>\n<link rel=\"canonical\" href=\"https:\/\/patagoniambiental.com.ar\/info\/ambiente-de-la-pampa-soltara-maras-y-guanacos-en-parque-luro\/\" \/>\n<meta property=\"og:locale\" content=\"es_ES\" \/>\n<meta property=\"og:type\" content=\"article\" \/>\n<meta property=\"og:title\" content=\"Ambiente de La Pampa soltar\u00e1 maras y guanacos en Parque Luro\" \/>\n<meta property=\"og:description\" content=\"La Pampa.-Con la premisa de recuperar especies nativas en el territorio pampeano, la Subsecretar\u00eda de Ambiente concretar\u00e1 una nueva reintroducci\u00f3n [&hellip;]\" \/>\n<meta property=\"og:url\" content=\"https:\/\/patagoniambiental.com.ar\/info\/ambiente-de-la-pampa-soltara-maras-y-guanacos-en-parque-luro\/\" \/>\n<meta property=\"og:site_name\" content=\"Patagonia Ambiental\" \/>\n<meta property=\"article:publisher\" content=\"https:\/\/www.facebook.com\/patagonia.ambiental\" \/>\n<meta property=\"article:author\" content=\"https:\/\/www.facebook.com\/share\/1C1V8Gv9BX\/?mibextid=qi2Omg\" \/>\n<meta property=\"article:published_time\" content=\"2019-11-05T10:00:06+00:00\" \/>\n<meta property=\"og:image\" content=\"https:\/\/patagoniambiental.com.ar\/info\/wp-content\/uploads\/2019\/11\/10-Guanaco18f30143.jpg\" \/>\n\t<meta property=\"og:image:width\" content=\"696\" \/>\n\t<meta property=\"og:image:height\" content=\"522\" \/>\n\t<meta property=\"og:image:type\" content=\"image\/jpeg\" \/>\n<meta name=\"author\" content=\"Patagonia Ambiental\" \/>\n<meta name=\"twitter:card\" content=\"summary_large_image\" \/>\n<meta name=\"twitter:creator\" content=\"@PatAmb\" \/>\n<meta name=\"twitter:site\" content=\"@PatAmb\" \/>\n<script type=\"application\/ld+json\" class=\"yoast-schema-graph\">{\"@context\":\"https:\\\/\\\/schema.org\",\"@graph\":[{\"@type\":\"Article\",\"@id\":\"https:\\\/\\\/patagoniambiental.com.ar\\\/info\\\/ambiente-de-la-pampa-soltara-maras-y-guanacos-en-parque-luro\\\/#article\",\"isPartOf\":{\"@id\":\"https:\\\/\\\/patagoniambiental.com.ar\\\/info\\\/ambiente-de-la-pampa-soltara-maras-y-guanacos-en-parque-luro\\\/\"},\"author\":{\"name\":\"Patagonia Ambiental\",\"@id\":\"https:\\\/\\\/patagoniambiental.com.ar\\\/info\\\/#\\\/schema\\\/person\\\/db12bff64bbcbf6a253710bf0ea37b5d\"},\"headline\":\"Ambiente de La Pampa soltar\u00e1 maras y guanacos en Parque Luro\",\"datePublished\":\"2019-11-05T10:00:06+00:00\",\"mainEntityOfPage\":{\"@id\":\"https:\\\/\\\/patagoniambiental.com.ar\\\/info\\\/ambiente-de-la-pampa-soltara-maras-y-guanacos-en-parque-luro\\\/\"},\"wordCount\":865,\"commentCount\":0,\"publisher\":{\"@id\":\"https:\\\/\\\/patagoniambiental.com.ar\\\/info\\\/#organization\"},\"image\":{\"@id\":\"https:\\\/\\\/patagoniambiental.com.ar\\\/info\\\/ambiente-de-la-pampa-soltara-maras-y-guanacos-en-parque-luro\\\/#primaryimage\"},\"thumbnailUrl\":\"https:\\\/\\\/patagoniambiental.com.ar\\\/info\\\/wp-content\\\/uploads\\\/2019\\\/11\\\/10-Guanaco18f30143.jpg\",\"articleSection\":[\"Bolet\u00edn\",\"La Pampa\",\"Noticias\",\"Rotador\"],\"inLanguage\":\"es\",\"potentialAction\":[{\"@type\":\"CommentAction\",\"name\":\"Comment\",\"target\":[\"https:\\\/\\\/patagoniambiental.com.ar\\\/info\\\/ambiente-de-la-pampa-soltara-maras-y-guanacos-en-parque-luro\\\/#respond\"]}]},{\"@type\":\"WebPage\",\"@id\":\"https:\\\/\\\/patagoniambiental.com.ar\\\/info\\\/ambiente-de-la-pampa-soltara-maras-y-guanacos-en-parque-luro\\\/\",\"url\":\"https:\\\/\\\/patagoniambiental.com.ar\\\/info\\\/ambiente-de-la-pampa-soltara-maras-y-guanacos-en-parque-luro\\\/\",\"name\":\"Ambiente de La Pampa soltar\u00e1 maras y guanacos en Parque Luro\",\"isPartOf\":{\"@id\":\"https:\\\/\\\/patagoniambiental.com.ar\\\/info\\\/#website\"},\"primaryImageOfPage\":{\"@id\":\"https:\\\/\\\/patagoniambiental.com.ar\\\/info\\\/ambiente-de-la-pampa-soltara-maras-y-guanacos-en-parque-luro\\\/#primaryimage\"},\"image\":{\"@id\":\"https:\\\/\\\/patagoniambiental.com.ar\\\/info\\\/ambiente-de-la-pampa-soltara-maras-y-guanacos-en-parque-luro\\\/#primaryimage\"},\"thumbnailUrl\":\"https:\\\/\\\/patagoniambiental.com.ar\\\/info\\\/wp-content\\\/uploads\\\/2019\\\/11\\\/10-Guanaco18f30143.jpg\",\"datePublished\":\"2019-11-05T10:00:06+00:00\",\"breadcrumb\":{\"@id\":\"https:\\\/\\\/patagoniambiental.com.ar\\\/info\\\/ambiente-de-la-pampa-soltara-maras-y-guanacos-en-parque-luro\\\/#breadcrumb\"},\"inLanguage\":\"es\",\"potentialAction\":[{\"@type\":\"ReadAction\",\"target\":[\"https:\\\/\\\/patagoniambiental.com.ar\\\/info\\\/ambiente-de-la-pampa-soltara-maras-y-guanacos-en-parque-luro\\\/\"]}]},{\"@type\":\"ImageObject\",\"inLanguage\":\"es\",\"@id\":\"https:\\\/\\\/patagoniambiental.com.ar\\\/info\\\/ambiente-de-la-pampa-soltara-maras-y-guanacos-en-parque-luro\\\/#primaryimage\",\"url\":\"https:\\\/\\\/patagoniambiental.com.ar\\\/info\\\/wp-content\\\/uploads\\\/2019\\\/11\\\/10-Guanaco18f30143.jpg\",\"contentUrl\":\"https:\\\/\\\/patagoniambiental.com.ar\\\/info\\\/wp-content\\\/uploads\\\/2019\\\/11\\\/10-Guanaco18f30143.jpg\",\"width\":696,\"height\":522},{\"@type\":\"BreadcrumbList\",\"@id\":\"https:\\\/\\\/patagoniambiental.com.ar\\\/info\\\/ambiente-de-la-pampa-soltara-maras-y-guanacos-en-parque-luro\\\/#breadcrumb\",\"itemListElement\":[{\"@type\":\"ListItem\",\"position\":1,\"name\":\"Inicio\",\"item\":\"https:\\\/\\\/patagoniambiental.com.ar\\\/info\\\/\"},{\"@type\":\"ListItem\",\"position\":2,\"name\":\"Ambiente de La Pampa soltar\u00e1 maras y guanacos en Parque Luro\"}]},{\"@type\":\"WebSite\",\"@id\":\"https:\\\/\\\/patagoniambiental.com.ar\\\/info\\\/#website\",\"url\":\"https:\\\/\\\/patagoniambiental.com.ar\\\/info\\\/\",\"name\":\"Patagonia Ambiental\",\"description\":\"Monitoreo y an\u00e1lisis de la situaci\u00f3n geopol\u00edtica en el mundo y su implicancia en la Patagonia\",\"publisher\":{\"@id\":\"https:\\\/\\\/patagoniambiental.com.ar\\\/info\\\/#organization\"},\"potentialAction\":[{\"@type\":\"SearchAction\",\"target\":{\"@type\":\"EntryPoint\",\"urlTemplate\":\"https:\\\/\\\/patagoniambiental.com.ar\\\/info\\\/?s={search_term_string}\"},\"query-input\":{\"@type\":\"PropertyValueSpecification\",\"valueRequired\":true,\"valueName\":\"search_term_string\"}}],\"inLanguage\":\"es\"},{\"@type\":\"Organization\",\"@id\":\"https:\\\/\\\/patagoniambiental.com.ar\\\/info\\\/#organization\",\"name\":\"Patagonia Ambiental\",\"url\":\"https:\\\/\\\/patagoniambiental.com.ar\\\/info\\\/\",\"logo\":{\"@type\":\"ImageObject\",\"inLanguage\":\"es\",\"@id\":\"https:\\\/\\\/patagoniambiental.com.ar\\\/info\\\/#\\\/schema\\\/logo\\\/image\\\/\",\"url\":\"https:\\\/\\\/patagoniambiental.com.ar\\\/info\\\/wp-content\\\/uploads\\\/2025\\\/05\\\/LOGO-PATAGONIA-AMBIENTAL.png\",\"contentUrl\":\"https:\\\/\\\/patagoniambiental.com.ar\\\/info\\\/wp-content\\\/uploads\\\/2025\\\/05\\\/LOGO-PATAGONIA-AMBIENTAL.png\",\"width\":433,\"height\":250,\"caption\":\"Patagonia Ambiental\"},\"image\":{\"@id\":\"https:\\\/\\\/patagoniambiental.com.ar\\\/info\\\/#\\\/schema\\\/logo\\\/image\\\/\"},\"sameAs\":[\"https:\\\/\\\/www.facebook.com\\\/patagonia.ambiental\",\"https:\\\/\\\/x.com\\\/PatAmb\"]},{\"@type\":\"Person\",\"@id\":\"https:\\\/\\\/patagoniambiental.com.ar\\\/info\\\/#\\\/schema\\\/person\\\/db12bff64bbcbf6a253710bf0ea37b5d\",\"name\":\"Patagonia Ambiental\",\"description\":\"Andr\u00e9s Nievas T\u00e9cnico en manejo ambiental, consultor Ambiental y escritor para medios locales e internacionales sobre temas de geopolitica y medio ambiente.\",\"sameAs\":[\"http:\\\/\\\/www.patagoniambiental.com.ar\",\"https:\\\/\\\/www.facebook.com\\\/share\\\/1C1V8Gv9BX\\\/?mibextid=qi2Omg\",\"@patagoniambiental\",\"https:\\\/\\\/youtube.com\\\/@patagoniaambiental2023?si=BLt58t0wuXquxlYZ\"]}]}<\/script>\n<!-- \/ Yoast SEO Premium plugin. -->","yoast_head_json":{"title":"Ambiente de La Pampa soltar\u00e1 maras y guanacos en Parque Luro","robots":{"index":"index","follow":"follow","max-snippet":"max-snippet:-1","max-image-preview":"max-image-preview:large","max-video-preview":"max-video-preview:-1"},"canonical":"https:\/\/patagoniambiental.com.ar\/info\/ambiente-de-la-pampa-soltara-maras-y-guanacos-en-parque-luro\/","og_locale":"es_ES","og_type":"article","og_title":"Ambiente de La Pampa soltar\u00e1 maras y guanacos en Parque Luro","og_description":"La Pampa.-Con la premisa de recuperar especies nativas en el territorio pampeano, la Subsecretar\u00eda de Ambiente concretar\u00e1 una nueva reintroducci\u00f3n [&hellip;]","og_url":"https:\/\/patagoniambiental.com.ar\/info\/ambiente-de-la-pampa-soltara-maras-y-guanacos-en-parque-luro\/","og_site_name":"Patagonia Ambiental","article_publisher":"https:\/\/www.facebook.com\/patagonia.ambiental","article_author":"https:\/\/www.facebook.com\/share\/1C1V8Gv9BX\/?mibextid=qi2Omg","article_published_time":"2019-11-05T10:00:06+00:00","og_image":[{"width":696,"height":522,"url":"https:\/\/patagoniambiental.com.ar\/info\/wp-content\/uploads\/2019\/11\/10-Guanaco18f30143.jpg","type":"image\/jpeg"}],"author":"Patagonia Ambiental","twitter_card":"summary_large_image","twitter_creator":"@PatAmb","twitter_site":"@PatAmb","schema":{"@context":"https:\/\/schema.org","@graph":[{"@type":"Article","@id":"https:\/\/patagoniambiental.com.ar\/info\/ambiente-de-la-pampa-soltara-maras-y-guanacos-en-parque-luro\/#article","isPartOf":{"@id":"https:\/\/patagoniambiental.com.ar\/info\/ambiente-de-la-pampa-soltara-maras-y-guanacos-en-parque-luro\/"},"author":{"name":"Patagonia Ambiental","@id":"https:\/\/patagoniambiental.com.ar\/info\/#\/schema\/person\/db12bff64bbcbf6a253710bf0ea37b5d"},"headline":"Ambiente de La Pampa soltar\u00e1 maras y guanacos en Parque Luro","datePublished":"2019-11-05T10:00:06+00:00","mainEntityOfPage":{"@id":"https:\/\/patagoniambiental.com.ar\/info\/ambiente-de-la-pampa-soltara-maras-y-guanacos-en-parque-luro\/"},"wordCount":865,"commentCount":0,"publisher":{"@id":"https:\/\/patagoniambiental.com.ar\/info\/#organization"},"image":{"@id":"https:\/\/patagoniambiental.com.ar\/info\/ambiente-de-la-pampa-soltara-maras-y-guanacos-en-parque-luro\/#primaryimage"},"thumbnailUrl":"https:\/\/patagoniambiental.com.ar\/info\/wp-content\/uploads\/2019\/11\/10-Guanaco18f30143.jpg","articleSection":["Bolet\u00edn","La Pampa","Noticias","Rotador"],"inLanguage":"es","potentialAction":[{"@type":"CommentAction","name":"Comment","target":["https:\/\/patagoniambiental.com.ar\/info\/ambiente-de-la-pampa-soltara-maras-y-guanacos-en-parque-luro\/#respond"]}]},{"@type":"WebPage","@id":"https:\/\/patagoniambiental.com.ar\/info\/ambiente-de-la-pampa-soltara-maras-y-guanacos-en-parque-luro\/","url":"https:\/\/patagoniambiental.com.ar\/info\/ambiente-de-la-pampa-soltara-maras-y-guanacos-en-parque-luro\/","name":"Ambiente de La Pampa soltar\u00e1 maras y guanacos en Parque Luro","isPartOf":{"@id":"https:\/\/patagoniambiental.com.ar\/info\/#website"},"primaryImageOfPage":{"@id":"https:\/\/patagoniambiental.com.ar\/info\/ambiente-de-la-pampa-soltara-maras-y-guanacos-en-parque-luro\/#primaryimage"},"image":{"@id":"https:\/\/patagoniambiental.com.ar\/info\/ambiente-de-la-pampa-soltara-maras-y-guanacos-en-parque-luro\/#primaryimage"},"thumbnailUrl":"https:\/\/patagoniambiental.com.ar\/info\/wp-content\/uploads\/2019\/11\/10-Guanaco18f30143.jpg","datePublished":"2019-11-05T10:00:06+00:00","breadcrumb":{"@id":"https:\/\/patagoniambiental.com.ar\/info\/ambiente-de-la-pampa-soltara-maras-y-guanacos-en-parque-luro\/#breadcrumb"},"inLanguage":"es","potentialAction":[{"@type":"ReadAction","target":["https:\/\/patagoniambiental.com.ar\/info\/ambiente-de-la-pampa-soltara-maras-y-guanacos-en-parque-luro\/"]}]},{"@type":"ImageObject","inLanguage":"es","@id":"https:\/\/patagoniambiental.com.ar\/info\/ambiente-de-la-pampa-soltara-maras-y-guanacos-en-parque-luro\/#primaryimage","url":"https:\/\/patagoniambiental.com.ar\/info\/wp-content\/uploads\/2019\/11\/10-Guanaco18f30143.jpg","contentUrl":"https:\/\/patagoniambiental.com.ar\/info\/wp-content\/uploads\/2019\/11\/10-Guanaco18f30143.jpg","width":696,"height":522},{"@type":"BreadcrumbList","@id":"https:\/\/patagoniambiental.com.ar\/info\/ambiente-de-la-pampa-soltara-maras-y-guanacos-en-parque-luro\/#breadcrumb","itemListElement":[{"@type":"ListItem","position":1,"name":"Inicio","item":"https:\/\/patagoniambiental.com.ar\/info\/"},{"@type":"ListItem","position":2,"name":"Ambiente de La Pampa soltar\u00e1 maras y guanacos en Parque Luro"}]},{"@type":"WebSite","@id":"https:\/\/patagoniambiental.com.ar\/info\/#website","url":"https:\/\/patagoniambiental.com.ar\/info\/","name":"Patagonia Ambiental","description":"Monitoreo y an\u00e1lisis de la situaci\u00f3n geopol\u00edtica en el mundo y su implicancia en la Patagonia","publisher":{"@id":"https:\/\/patagoniambiental.com.ar\/info\/#organization"},"potentialAction":[{"@type":"SearchAction","target":{"@type":"EntryPoint","urlTemplate":"https:\/\/patagoniambiental.com.ar\/info\/?s={search_term_string}"},"query-input":{"@type":"PropertyValueSpecification","valueRequired":true,"valueName":"search_term_string"}}],"inLanguage":"es"},{"@type":"Organization","@id":"https:\/\/patagoniambiental.com.ar\/info\/#organization","name":"Patagonia Ambiental","url":"https:\/\/patagoniambiental.com.ar\/info\/","logo":{"@type":"ImageObject","inLanguage":"es","@id":"https:\/\/patagoniambiental.com.ar\/info\/#\/schema\/logo\/image\/","url":"https:\/\/patagoniambiental.com.ar\/info\/wp-content\/uploads\/2025\/05\/LOGO-PATAGONIA-AMBIENTAL.png","contentUrl":"https:\/\/patagoniambiental.com.ar\/info\/wp-content\/uploads\/2025\/05\/LOGO-PATAGONIA-AMBIENTAL.png","width":433,"height":250,"caption":"Patagonia Ambiental"},"image":{"@id":"https:\/\/patagoniambiental.com.ar\/info\/#\/schema\/logo\/image\/"},"sameAs":["https:\/\/www.facebook.com\/patagonia.ambiental","https:\/\/x.com\/PatAmb"]},{"@type":"Person","@id":"https:\/\/patagoniambiental.com.ar\/info\/#\/schema\/person\/db12bff64bbcbf6a253710bf0ea37b5d","name":"Patagonia Ambiental","description":"Andr\u00e9s Nievas T\u00e9cnico en manejo ambiental, consultor Ambiental y escritor para medios locales e internacionales sobre temas de geopolitica y medio ambiente.","sameAs":["http:\/\/www.patagoniambiental.com.ar","https:\/\/www.facebook.com\/share\/1C1V8Gv9BX\/?mibextid=qi2Omg","@patagoniambiental","https:\/\/youtube.com\/@patagoniaambiental2023?si=BLt58t0wuXquxlYZ"]}]}},"_links":{"self":[{"href":"https:\/\/patagoniambiental.com.ar\/info\/wp-json\/wp\/v2\/posts\/63861","targetHints":{"allow":["GET"]}}],"collection":[{"href":"https:\/\/patagoniambiental.com.ar\/info\/wp-json\/wp\/v2\/posts"}],"about":[{"href":"https:\/\/patagoniambiental.com.ar\/info\/wp-json\/wp\/v2\/types\/post"}],"author":[{"embeddable":true,"href":"https:\/\/patagoniambiental.com.ar\/info\/wp-json\/wp\/v2\/users\/2"}],"replies":[{"embeddable":true,"href":"https:\/\/patagoniambiental.com.ar\/info\/wp-json\/wp\/v2\/comments?post=63861"}],"version-history":[{"count":0,"href":"https:\/\/patagoniambiental.com.ar\/info\/wp-json\/wp\/v2\/posts\/63861\/revisions"}],"wp:featuredmedia":[{"embeddable":true,"href":"https:\/\/patagoniambiental.com.ar\/info\/wp-json\/wp\/v2\/media\/63862"}],"wp:attachment":[{"href":"https:\/\/patagoniambiental.com.ar\/info\/wp-json\/wp\/v2\/media?parent=63861"}],"wp:term":[{"taxonomy":"category","embeddable":true,"href":"https:\/\/patagoniambiental.com.ar\/info\/wp-json\/wp\/v2\/categories?post=63861"},{"taxonomy":"post_tag","embeddable":true,"href":"https:\/\/patagoniambiental.com.ar\/info\/wp-json\/wp\/v2\/tags?post=63861"}],"curies":[{"name":"wp","href":"https:\/\/api.w.org\/{rel}","templated":true}]}}