{"id":63870,"date":"2019-11-07T07:00:16","date_gmt":"2019-11-07T10:00:16","guid":{"rendered":"http:\/\/patagoniambiental.com.ar\/info\/?p=63870"},"modified":"2019-11-04T10:58:57","modified_gmt":"2019-11-04T13:58:57","slug":"alemania-sin-glifosato-en-2023","status":"publish","type":"post","link":"https:\/\/patagoniambiental.com.ar\/info\/alemania-sin-glifosato-en-2023\/","title":{"rendered":"Alemania, sin glifosato en 2023"},"content":{"rendered":"<div class=\"td_block_wrap tdb_title td_uid_9_5dc01b99d2f5b_rand tdb-single-title td-pb-border-top td_block_template_9\" data-td-block-uid=\"td_uid_9_5dc01b99d2f5b\">\n<div class=\"tdb-block-inner td-fix-index\">\n<div>Alemania.-ESE PAIS PROHIBIRA SU UTILIZACION<\/div>\n<\/div>\n<\/div>\n<div class=\"td_block_wrap tdb_single_author td_uid_11_5dc01b99d376c_rand td-pb-border-top td_block_template_9 tdb-post-meta\" data-td-block-uid=\"td_uid_11_5dc01b99d376c\">\n<div class=\"tdb-block-inner td-fix-index\"><\/div>\n<\/div>\n<div class=\"td_block_wrap tdb_single_content td_uid_15_5dc01b99d4b66_rand td-pb-border-top td_block_template_9 td-post-content tagdiv-type\" data-td-block-uid=\"td_uid_15_5dc01b99d4b66\">\n<div class=\"tdb-block-inner td-fix-index\">\n<div class=\"td-a-ad id_inline_ad_content-horiz-left\"><!--more--><\/div>\n<p>En el marco de la discusi\u00f3n sobre la utilizaci\u00f3n de agrot\u00f3xicos, en Europa los gobiernos est\u00e1n avanzando en su prohibici\u00f3n. En este caso, se trata de Alemania donde a partir del 31 de diciembre de 2023 el glifosato estar\u00e1 prohibido, seg\u00fan los planes del Gobierno presentados en septiembre. El pol\u00e9mico pesticida tambi\u00e9n tiene fecha de caducidad prevista en la Uni\u00f3n Europea, donde hasta el momento solo cuenta con autorizaci\u00f3n hasta finales de 2022.<br \/>\nSeg\u00fan la informaci\u00f3n que dio a conocer el diario espa\u00f1ol \u00abEl Pa\u00eds\u00bb, en Alemania la prohibici\u00f3n del glifosato se enmarca en una campa\u00f1a del Ministerio de Medio Ambiente de lucha contra la extinci\u00f3n de los insectos. La biodiversidad y la protecci\u00f3n de los insectos, sobre todo de las abejas se ha convertido en una fuerte preocupaci\u00f3n para muchos alemanes.<br \/>\nEl uso de pesticidas como una de las principales causas de mortandad de los insectos, es uno de los aspectos que desarrolla el paquete de medidas del Gobierno alem\u00e1n. El objetivo es \u00abreducir sistem\u00e1ticamente\u00bb a partir de 2020 el uso de productos que contengan glifosato en parques y jardines privados y en los campos antes de las cosechas y \u00abeliminar totalmente\u00bb su uso un a\u00f1o m\u00e1s tarde. El Ministerio de Medio Ambiente indic\u00f3 que los herbicidas de amplio espectro como el glifosato eliminan no solo las llamadas malas hierbas, sino tambi\u00e9n plantas de las que dependen especies de insectos para su alimentaci\u00f3n.<br \/>\nPor estos motivos, el Gobierno alem\u00e1n destinar\u00e1 100 millones al a\u00f1o para la promoci\u00f3n de medidas de protecci\u00f3n para los insectos dentro y fuera del territorio agr\u00edcola as\u00ed como para investigaci\u00f3n. Muchos municipios de Alemania ya trabajan en la creaci\u00f3n de \u00e1reas sembradas de flores que permitan por ejemplo la conectividad de los insectos polinizadores, consign\u00f3 el diario espa\u00f1ol.<\/p>\n<p>Demandas.<br \/>\nEn julio Austria se convirti\u00f3 en el primer pa\u00eds en prohibir el popular herbicida que, seg\u00fan sus detractores, tiene consecuencias nocivas para la salud y seg\u00fan Bayer, su fabricante, no hay suficientes evidencias cient\u00edficas que lo corroboren. Sin embargo, en 2015 el grupo de investigaci\u00f3n sobre c\u00e1ncer de la Organizaci\u00f3n Mundial de la Salud (OMS), clasific\u00f3 el glifosato como \u00abposiblemente cancer\u00edgeno para humanos\u00bb.<br \/>\nLa empresa Monsanto comercializ\u00f3 inicialmente el pol\u00e9mico herbicida bajo el nombre de Roundup, convertido en la bestia negra de los grupos ecologistas. Bayer compr\u00f3 Monsanto el a\u00f1o pasado y se enfrenta a demandas millonarias por supuestos efectos en la salud humana.<\/p>\n<\/div>\n<\/div>\n<p>Fuente: Diario La Arena<\/p>\n","protected":false},"excerpt":{"rendered":"<p>Alemania.-ESE PAIS PROHIBIRA SU UTILIZACION<\/p>\n","protected":false},"author":2,"featured_media":0,"comment_status":"open","ping_status":"open","sticky":false,"template":"","format":"standard","meta":{"site-sidebar-layout":"default","site-content-layout":"","ast-site-content-layout":"default","site-content-style":"default","site-sidebar-style":"default","ast-global-header-display":"","ast-banner-title-visibility":"","ast-main-header-display":"","ast-hfb-above-header-display":"","ast-hfb-below-header-display":"","ast-hfb-mobile-header-display":"","site-post-title":"","ast-breadcrumbs-content":"","ast-featured-img":"","footer-sml-layout":"","ast-disable-related-posts":"","theme-transparent-header-meta":"","adv-header-id-meta":"","stick-header-meta":"","header-above-stick-meta":"","header-main-stick-meta":"","header-below-stick-meta":"","astra-migrate-meta-layouts":"default","ast-page-background-enabled":"default","ast-page-background-meta":{"desktop":{"background-color":"var(--ast-global-color-5)","background-image":"","background-repeat":"repeat","background-position":"center center","background-size":"auto","background-attachment":"scroll","background-type":"","background-media":"","overlay-type":"","overlay-color":"","overlay-opacity":"","overlay-gradient":""},"tablet":{"background-color":"","background-image":"","background-repeat":"repeat","background-position":"center center","background-size":"auto","background-attachment":"scroll","background-type":"","background-media":"","overlay-type":"","overlay-color":"","overlay-opacity":"","overlay-gradient":""},"mobile":{"background-color":"","background-image":"","background-repeat":"repeat","background-position":"center center","background-size":"auto","background-attachment":"scroll","background-type":"","background-media":"","overlay-type":"","overlay-color":"","overlay-opacity":"","overlay-gradient":""}},"ast-content-background-meta":{"desktop":{"background-color":"var(--ast-global-color-4)","background-image":"","background-repeat":"repeat","background-position":"center center","background-size":"auto","background-attachment":"scroll","background-type":"","background-media":"","overlay-type":"","overlay-color":"","overlay-opacity":"","overlay-gradient":""},"tablet":{"background-color":"var(--ast-global-color-4)","background-image":"","background-repeat":"repeat","background-position":"center center","background-size":"auto","background-attachment":"scroll","background-type":"","background-media":"","overlay-type":"","overlay-color":"","overlay-opacity":"","overlay-gradient":""},"mobile":{"background-color":"var(--ast-global-color-4)","background-image":"","background-repeat":"repeat","background-position":"center center","background-size":"auto","background-attachment":"scroll","background-type":"","background-media":"","overlay-type":"","overlay-color":"","overlay-opacity":"","overlay-gradient":""}},"footnotes":""},"categories":[11,23,1,10],"tags":[],"class_list":["post-63870","post","type-post","status-publish","format-standard","hentry","category-boletin","category-internacionales","category-noticias","category-rotador"],"yoast_head":"<!-- This site is optimized with the Yoast SEO Premium plugin v23.0 (Yoast SEO v27.5) - https:\/\/yoast.com\/product\/yoast-seo-premium-wordpress\/ -->\n<title>Alemania, sin glifosato en 2023<\/title>\n<meta name=\"robots\" content=\"index, follow, max-snippet:-1, max-image-preview:large, max-video-preview:-1\" \/>\n<link rel=\"canonical\" href=\"https:\/\/patagoniambiental.com.ar\/info\/alemania-sin-glifosato-en-2023\/\" \/>\n<meta property=\"og:locale\" content=\"es_ES\" \/>\n<meta property=\"og:type\" content=\"article\" \/>\n<meta property=\"og:title\" content=\"Alemania, sin glifosato en 2023\" \/>\n<meta property=\"og:description\" content=\"Alemania.-ESE PAIS PROHIBIRA SU UTILIZACION\" \/>\n<meta property=\"og:url\" content=\"https:\/\/patagoniambiental.com.ar\/info\/alemania-sin-glifosato-en-2023\/\" \/>\n<meta property=\"og:site_name\" content=\"Patagonia Ambiental\" \/>\n<meta property=\"article:publisher\" content=\"https:\/\/www.facebook.com\/patagonia.ambiental\" \/>\n<meta property=\"article:author\" content=\"https:\/\/www.facebook.com\/share\/1C1V8Gv9BX\/?mibextid=qi2Omg\" \/>\n<meta property=\"article:published_time\" content=\"2019-11-07T10:00:16+00:00\" \/>\n<meta property=\"og:image\" content=\"https:\/\/patagoniambiental.com.ar\/info\/wp-content\/uploads\/2017\/01\/glifosato.jpg\" \/>\n\t<meta property=\"og:image:width\" content=\"648\" \/>\n\t<meta property=\"og:image:height\" content=\"335\" \/>\n\t<meta property=\"og:image:type\" content=\"image\/jpeg\" \/>\n<meta name=\"author\" content=\"Patagonia Ambiental\" \/>\n<meta name=\"twitter:card\" content=\"summary_large_image\" \/>\n<meta name=\"twitter:creator\" content=\"@PatAmb\" \/>\n<meta name=\"twitter:site\" content=\"@PatAmb\" \/>\n<script type=\"application\/ld+json\" class=\"yoast-schema-graph\">{\"@context\":\"https:\\\/\\\/schema.org\",\"@graph\":[{\"@type\":\"Article\",\"@id\":\"https:\\\/\\\/patagoniambiental.com.ar\\\/info\\\/alemania-sin-glifosato-en-2023\\\/#article\",\"isPartOf\":{\"@id\":\"https:\\\/\\\/patagoniambiental.com.ar\\\/info\\\/alemania-sin-glifosato-en-2023\\\/\"},\"author\":{\"name\":\"Patagonia Ambiental\",\"@id\":\"https:\\\/\\\/patagoniambiental.com.ar\\\/info\\\/#\\\/schema\\\/person\\\/db12bff64bbcbf6a253710bf0ea37b5d\"},\"headline\":\"Alemania, sin glifosato en 2023\",\"datePublished\":\"2019-11-07T10:00:16+00:00\",\"mainEntityOfPage\":{\"@id\":\"https:\\\/\\\/patagoniambiental.com.ar\\\/info\\\/alemania-sin-glifosato-en-2023\\\/\"},\"wordCount\":449,\"commentCount\":0,\"publisher\":{\"@id\":\"https:\\\/\\\/patagoniambiental.com.ar\\\/info\\\/#organization\"},\"articleSection\":[\"Bolet\u00edn\",\"Internacionales\",\"Noticias\",\"Rotador\"],\"inLanguage\":\"es\",\"potentialAction\":[{\"@type\":\"CommentAction\",\"name\":\"Comment\",\"target\":[\"https:\\\/\\\/patagoniambiental.com.ar\\\/info\\\/alemania-sin-glifosato-en-2023\\\/#respond\"]}]},{\"@type\":\"WebPage\",\"@id\":\"https:\\\/\\\/patagoniambiental.com.ar\\\/info\\\/alemania-sin-glifosato-en-2023\\\/\",\"url\":\"https:\\\/\\\/patagoniambiental.com.ar\\\/info\\\/alemania-sin-glifosato-en-2023\\\/\",\"name\":\"Alemania, sin glifosato en 2023\",\"isPartOf\":{\"@id\":\"https:\\\/\\\/patagoniambiental.com.ar\\\/info\\\/#website\"},\"datePublished\":\"2019-11-07T10:00:16+00:00\",\"breadcrumb\":{\"@id\":\"https:\\\/\\\/patagoniambiental.com.ar\\\/info\\\/alemania-sin-glifosato-en-2023\\\/#breadcrumb\"},\"inLanguage\":\"es\",\"potentialAction\":[{\"@type\":\"ReadAction\",\"target\":[\"https:\\\/\\\/patagoniambiental.com.ar\\\/info\\\/alemania-sin-glifosato-en-2023\\\/\"]}]},{\"@type\":\"BreadcrumbList\",\"@id\":\"https:\\\/\\\/patagoniambiental.com.ar\\\/info\\\/alemania-sin-glifosato-en-2023\\\/#breadcrumb\",\"itemListElement\":[{\"@type\":\"ListItem\",\"position\":1,\"name\":\"Inicio\",\"item\":\"https:\\\/\\\/patagoniambiental.com.ar\\\/info\\\/\"},{\"@type\":\"ListItem\",\"position\":2,\"name\":\"Alemania, sin glifosato en 2023\"}]},{\"@type\":\"WebSite\",\"@id\":\"https:\\\/\\\/patagoniambiental.com.ar\\\/info\\\/#website\",\"url\":\"https:\\\/\\\/patagoniambiental.com.ar\\\/info\\\/\",\"name\":\"Patagonia Ambiental\",\"description\":\"Monitoreo y an\u00e1lisis de la situaci\u00f3n geopol\u00edtica en el mundo y su implicancia en la Patagonia\",\"publisher\":{\"@id\":\"https:\\\/\\\/patagoniambiental.com.ar\\\/info\\\/#organization\"},\"potentialAction\":[{\"@type\":\"SearchAction\",\"target\":{\"@type\":\"EntryPoint\",\"urlTemplate\":\"https:\\\/\\\/patagoniambiental.com.ar\\\/info\\\/?s={search_term_string}\"},\"query-input\":{\"@type\":\"PropertyValueSpecification\",\"valueRequired\":true,\"valueName\":\"search_term_string\"}}],\"inLanguage\":\"es\"},{\"@type\":\"Organization\",\"@id\":\"https:\\\/\\\/patagoniambiental.com.ar\\\/info\\\/#organization\",\"name\":\"Patagonia Ambiental\",\"url\":\"https:\\\/\\\/patagoniambiental.com.ar\\\/info\\\/\",\"logo\":{\"@type\":\"ImageObject\",\"inLanguage\":\"es\",\"@id\":\"https:\\\/\\\/patagoniambiental.com.ar\\\/info\\\/#\\\/schema\\\/logo\\\/image\\\/\",\"url\":\"https:\\\/\\\/patagoniambiental.com.ar\\\/info\\\/wp-content\\\/uploads\\\/2025\\\/05\\\/LOGO-PATAGONIA-AMBIENTAL.png\",\"contentUrl\":\"https:\\\/\\\/patagoniambiental.com.ar\\\/info\\\/wp-content\\\/uploads\\\/2025\\\/05\\\/LOGO-PATAGONIA-AMBIENTAL.png\",\"width\":433,\"height\":250,\"caption\":\"Patagonia Ambiental\"},\"image\":{\"@id\":\"https:\\\/\\\/patagoniambiental.com.ar\\\/info\\\/#\\\/schema\\\/logo\\\/image\\\/\"},\"sameAs\":[\"https:\\\/\\\/www.facebook.com\\\/patagonia.ambiental\",\"https:\\\/\\\/x.com\\\/PatAmb\"]},{\"@type\":\"Person\",\"@id\":\"https:\\\/\\\/patagoniambiental.com.ar\\\/info\\\/#\\\/schema\\\/person\\\/db12bff64bbcbf6a253710bf0ea37b5d\",\"name\":\"Patagonia Ambiental\",\"description\":\"Andr\u00e9s Nievas T\u00e9cnico en manejo ambiental, consultor Ambiental y escritor para medios locales e internacionales sobre temas de geopolitica y medio ambiente.\",\"sameAs\":[\"http:\\\/\\\/www.patagoniambiental.com.ar\",\"https:\\\/\\\/www.facebook.com\\\/share\\\/1C1V8Gv9BX\\\/?mibextid=qi2Omg\",\"@patagoniambiental\",\"https:\\\/\\\/youtube.com\\\/@patagoniaambiental2023?si=BLt58t0wuXquxlYZ\"]}]}<\/script>\n<!-- \/ Yoast SEO Premium plugin. -->","yoast_head_json":{"title":"Alemania, sin glifosato en 2023","robots":{"index":"index","follow":"follow","max-snippet":"max-snippet:-1","max-image-preview":"max-image-preview:large","max-video-preview":"max-video-preview:-1"},"canonical":"https:\/\/patagoniambiental.com.ar\/info\/alemania-sin-glifosato-en-2023\/","og_locale":"es_ES","og_type":"article","og_title":"Alemania, sin glifosato en 2023","og_description":"Alemania.-ESE PAIS PROHIBIRA SU UTILIZACION","og_url":"https:\/\/patagoniambiental.com.ar\/info\/alemania-sin-glifosato-en-2023\/","og_site_name":"Patagonia Ambiental","article_publisher":"https:\/\/www.facebook.com\/patagonia.ambiental","article_author":"https:\/\/www.facebook.com\/share\/1C1V8Gv9BX\/?mibextid=qi2Omg","article_published_time":"2019-11-07T10:00:16+00:00","og_image":[{"width":648,"height":335,"url":"https:\/\/patagoniambiental.com.ar\/info\/wp-content\/uploads\/2017\/01\/glifosato.jpg","type":"image\/jpeg"}],"author":"Patagonia Ambiental","twitter_card":"summary_large_image","twitter_creator":"@PatAmb","twitter_site":"@PatAmb","schema":{"@context":"https:\/\/schema.org","@graph":[{"@type":"Article","@id":"https:\/\/patagoniambiental.com.ar\/info\/alemania-sin-glifosato-en-2023\/#article","isPartOf":{"@id":"https:\/\/patagoniambiental.com.ar\/info\/alemania-sin-glifosato-en-2023\/"},"author":{"name":"Patagonia Ambiental","@id":"https:\/\/patagoniambiental.com.ar\/info\/#\/schema\/person\/db12bff64bbcbf6a253710bf0ea37b5d"},"headline":"Alemania, sin glifosato en 2023","datePublished":"2019-11-07T10:00:16+00:00","mainEntityOfPage":{"@id":"https:\/\/patagoniambiental.com.ar\/info\/alemania-sin-glifosato-en-2023\/"},"wordCount":449,"commentCount":0,"publisher":{"@id":"https:\/\/patagoniambiental.com.ar\/info\/#organization"},"articleSection":["Bolet\u00edn","Internacionales","Noticias","Rotador"],"inLanguage":"es","potentialAction":[{"@type":"CommentAction","name":"Comment","target":["https:\/\/patagoniambiental.com.ar\/info\/alemania-sin-glifosato-en-2023\/#respond"]}]},{"@type":"WebPage","@id":"https:\/\/patagoniambiental.com.ar\/info\/alemania-sin-glifosato-en-2023\/","url":"https:\/\/patagoniambiental.com.ar\/info\/alemania-sin-glifosato-en-2023\/","name":"Alemania, sin glifosato en 2023","isPartOf":{"@id":"https:\/\/patagoniambiental.com.ar\/info\/#website"},"datePublished":"2019-11-07T10:00:16+00:00","breadcrumb":{"@id":"https:\/\/patagoniambiental.com.ar\/info\/alemania-sin-glifosato-en-2023\/#breadcrumb"},"inLanguage":"es","potentialAction":[{"@type":"ReadAction","target":["https:\/\/patagoniambiental.com.ar\/info\/alemania-sin-glifosato-en-2023\/"]}]},{"@type":"BreadcrumbList","@id":"https:\/\/patagoniambiental.com.ar\/info\/alemania-sin-glifosato-en-2023\/#breadcrumb","itemListElement":[{"@type":"ListItem","position":1,"name":"Inicio","item":"https:\/\/patagoniambiental.com.ar\/info\/"},{"@type":"ListItem","position":2,"name":"Alemania, sin glifosato en 2023"}]},{"@type":"WebSite","@id":"https:\/\/patagoniambiental.com.ar\/info\/#website","url":"https:\/\/patagoniambiental.com.ar\/info\/","name":"Patagonia Ambiental","description":"Monitoreo y an\u00e1lisis de la situaci\u00f3n geopol\u00edtica en el mundo y su implicancia en la Patagonia","publisher":{"@id":"https:\/\/patagoniambiental.com.ar\/info\/#organization"},"potentialAction":[{"@type":"SearchAction","target":{"@type":"EntryPoint","urlTemplate":"https:\/\/patagoniambiental.com.ar\/info\/?s={search_term_string}"},"query-input":{"@type":"PropertyValueSpecification","valueRequired":true,"valueName":"search_term_string"}}],"inLanguage":"es"},{"@type":"Organization","@id":"https:\/\/patagoniambiental.com.ar\/info\/#organization","name":"Patagonia Ambiental","url":"https:\/\/patagoniambiental.com.ar\/info\/","logo":{"@type":"ImageObject","inLanguage":"es","@id":"https:\/\/patagoniambiental.com.ar\/info\/#\/schema\/logo\/image\/","url":"https:\/\/patagoniambiental.com.ar\/info\/wp-content\/uploads\/2025\/05\/LOGO-PATAGONIA-AMBIENTAL.png","contentUrl":"https:\/\/patagoniambiental.com.ar\/info\/wp-content\/uploads\/2025\/05\/LOGO-PATAGONIA-AMBIENTAL.png","width":433,"height":250,"caption":"Patagonia Ambiental"},"image":{"@id":"https:\/\/patagoniambiental.com.ar\/info\/#\/schema\/logo\/image\/"},"sameAs":["https:\/\/www.facebook.com\/patagonia.ambiental","https:\/\/x.com\/PatAmb"]},{"@type":"Person","@id":"https:\/\/patagoniambiental.com.ar\/info\/#\/schema\/person\/db12bff64bbcbf6a253710bf0ea37b5d","name":"Patagonia Ambiental","description":"Andr\u00e9s Nievas T\u00e9cnico en manejo ambiental, consultor Ambiental y escritor para medios locales e internacionales sobre temas de geopolitica y medio ambiente.","sameAs":["http:\/\/www.patagoniambiental.com.ar","https:\/\/www.facebook.com\/share\/1C1V8Gv9BX\/?mibextid=qi2Omg","@patagoniambiental","https:\/\/youtube.com\/@patagoniaambiental2023?si=BLt58t0wuXquxlYZ"]}]}},"_links":{"self":[{"href":"https:\/\/patagoniambiental.com.ar\/info\/wp-json\/wp\/v2\/posts\/63870","targetHints":{"allow":["GET"]}}],"collection":[{"href":"https:\/\/patagoniambiental.com.ar\/info\/wp-json\/wp\/v2\/posts"}],"about":[{"href":"https:\/\/patagoniambiental.com.ar\/info\/wp-json\/wp\/v2\/types\/post"}],"author":[{"embeddable":true,"href":"https:\/\/patagoniambiental.com.ar\/info\/wp-json\/wp\/v2\/users\/2"}],"replies":[{"embeddable":true,"href":"https:\/\/patagoniambiental.com.ar\/info\/wp-json\/wp\/v2\/comments?post=63870"}],"version-history":[{"count":0,"href":"https:\/\/patagoniambiental.com.ar\/info\/wp-json\/wp\/v2\/posts\/63870\/revisions"}],"wp:attachment":[{"href":"https:\/\/patagoniambiental.com.ar\/info\/wp-json\/wp\/v2\/media?parent=63870"}],"wp:term":[{"taxonomy":"category","embeddable":true,"href":"https:\/\/patagoniambiental.com.ar\/info\/wp-json\/wp\/v2\/categories?post=63870"},{"taxonomy":"post_tag","embeddable":true,"href":"https:\/\/patagoniambiental.com.ar\/info\/wp-json\/wp\/v2\/tags?post=63870"}],"curies":[{"name":"wp","href":"https:\/\/api.w.org\/{rel}","templated":true}]}}