{"id":63886,"date":"2019-11-04T19:00:50","date_gmt":"2019-11-04T22:00:50","guid":{"rendered":"http:\/\/patagoniambiental.com.ar\/info\/?p=63886"},"modified":"2019-11-04T10:41:04","modified_gmt":"2019-11-04T13:41:04","slug":"reino-unido-devolvio-la-virgen-de-malvinas-y-el-papa-francisco-la-bendijo","status":"publish","type":"post","link":"https:\/\/patagoniambiental.com.ar\/info\/reino-unido-devolvio-la-virgen-de-malvinas-y-el-papa-francisco-la-bendijo\/","title":{"rendered":"Reino Unido devolvi\u00f3 la virgen de Malvinas y el papa Francisco la bendijo"},"content":{"rendered":"<div class=\"row\">\n<header class=\"newsfull__header\">\n<div class=\"title-container\">\n<p id=\"m34-33-35\" class=\"title newsfull__title \"><span style=\"font-size: 16px;\">Reino Unido.-Un obispo castrense del Reino Unido restituy\u00f3 a su par argentino la imagen de la Virgen de Luj\u00e1n que tuvieron los soldados durante la guerra de Malvinas. La devoluci\u00f3n fue este mi\u00e9rcoles en la audiencia p\u00fablica del Vaticano.<\/span><\/p>\n<\/div>\n<div class=\"newsfull__line\">\n<div class=\"newsfull__share\"><\/div>\n<\/div>\n<\/header>\n<\/div>\n<p><!--more--><\/p>\n<div class=\"row\">\n<aside class=\"col__aside\">\n<div class=\"banner--sticky \">\n<div id=\"m29-27-30\">\n<div class=\"article-sidebar\">\n<div id=\"m80-79-81\" class=\"free-content sidebar-banner banner-top \">\n<div id=\"m85-84-86\"><\/div>\n<\/div>\n<\/div>\n<\/div>\n<\/div>\n<\/aside>\n<div class=\"col__main\">\n<div class=\"article-media\">\n<div id=\"m59-58-60\" class=\"main-image \">\n<div class=\"newsphotogallery newsphotogallery__onephoto swiper-oneslide generated\" data-swiper=\"{slidesPerView: 1,simulateTouch:false,loop:false}\">\n<div class=\"swiper-container swiper-container-horizontal\">\n<div class=\"swiper-wrapper\">\n<figure class=\"swiper-slide swiper-slide-active\">\n<div class=\"newsphotogallery__image\" data-width=\"1366.0\" data-height=\"760.0\">\n<div class=\"newsphotogallery__image\" data-width=\"1366.0\" data-height=\"760.0\"><picture class=\"lazy\" data-size=\"w:1750,h:974\" data-was-processed=\"true\"><source srcset=\"\/files\/image_480_270\/files\/fp\/uploads\/2019\/10\/30\/5db980a1c952e.r_d.565-391.jpeg\" media=\"(max-width: 637px)\" data-srcset=\"\/files\/image_480_270\/files\/fp\/uploads\/2019\/10\/30\/5db980a1c952e.r_d.565-391.jpeg\" \/><img decoding=\"async\" class=\"lazy loaded\" src=\"https:\/\/www.mdzol.com\/files\/image_844_475\/files\/fp\/uploads\/2019\/10\/30\/5db980a1c952e.r_d.565-391.jpeg\" data-src=\"\/files\/image_844_475\/files\/fp\/uploads\/2019\/10\/30\/5db980a1c952e.r_d.565-391.jpeg\" data-full-src=\"\/uploads\/2019\/10\/30\/5db980a1c952e.jpeg\" data-was-processed=\"true\" \/><\/picture><\/div>\n<\/div><figcaption class=\"newsphotogallery__description\">\n<p id=\"m78-77-79\" class=\"image-description \">FRANCISCO PARTICIP\u00d3 DE LA DEVOLUCI\u00d3N DE LA IMAGEN.<\/p>\n<p id=\"m83-82-84\" class=\"foto-credit \">T\u00c9LAM<\/p>\n<\/figcaption><\/figure>\n<\/div>\n<\/div>\n<\/div>\n<\/div>\n<\/div>\n<div class=\"newsfull__content\">\n<div>\n<div id=\"fixsocial-0\" class=\"newsfull__share\" data-fixaboxorigin=\"{&quot;position&quot;:&quot;absolute&quot;,&quot;left&quot;:&quot;-35px&quot;,&quot;top&quot;:&quot;0px&quot;}\" data-fixaboxoptions=\"{&quot;paddingTop&quot;:110,&quot;paddingBottom&quot;:20,&quot;stop&quot;:{}}\">\n<div class=\"newsfull__share-buttons\"><\/div>\n<\/div>\n<\/div>\n<div class=\"newsfull__body\">\n<div class=\"modules-container\">\n<p id=\"m102-101-103\" class=\"paragraph \">El\u00a0<strong>obispo castrense<\/strong>\u00a0del\u00a0<strong><a href=\"https:\/\/es.wikipedia.org\/wiki\/Reino_Unido\" target=\"_blank\" rel=\"noopener\">Reino Unido<\/a><\/strong>, monse\u00f1or Paul James Mason, restituy\u00f3 hoy en el\u00a0<strong><a href=\"https:\/\/es.wikipedia.org\/wiki\/Ciudad_del_Vaticano\" target=\"_blank\" rel=\"noopener\">Vaticano<\/a><\/strong>\u00a0a su par argentino, Santiago Olivera, una imagen de la\u00a0<strong>Virgen de Luj\u00e1n<\/strong>\u00a0que estuvo en\u00a0<strong><a href=\"https:\/\/es.wikipedia.org\/wiki\/Islas_Malvinas\" target=\"_blank\" rel=\"noopener\">Malvinas<\/a><\/strong>\u00a0durante la guerra, y que regresar\u00e1 al pa\u00eds el pr\u00f3ximo domingo,\u00a0<strong>37 a\u00f1os despu\u00e9s<\/strong>\u00a0del conflicto que enfrent\u00f3 a los dos pa\u00edses.<\/p>\n<div class=\"article-content-ad \">\n<div id=\"m29-27-30\">\n<div class=\"free-html banner\">\n<div id=\"m34-33-35\" class=\"free-content \">\n<div>\n<div id=\"lateral1\" data-google-query-id=\"CMbxksXW0OUCFQxjwQod-oUB2g\">\n<div id=\"google_ads_iframe_\/31928600\/MDZ_Lateral1_ATF_386x300_0__container__\"><\/div>\n<\/div>\n<\/div>\n<\/div>\n<\/div>\n<\/div>\n<\/div>\n<p id=\"m112-111-113\" class=\"paragraph \">La\u00a0<strong>devoluci\u00f3n<\/strong>\u00a0se realiz\u00f3\u00a0<strong>esta ma\u00f1ana<\/strong>\u00a0en un marco muy especial: la audiencia p\u00fablica que se realiza todos los mi\u00e9rcoles en\u00a0<strong>la plaza del Vaticano<\/strong>, encabezada por\u00a0<strong>el\u00a0<a href=\"https:\/\/twitter.com\/Pontifex_es\" target=\"_blank\" rel=\"noopener\">papa Francisco<\/a><\/strong>, quien bendijo la imagen.<\/p>\n<div id=\"m117-116-118\" class=\"composite-related news__bodyrelated \">\n<article class=\"news--summary news--221x123 \" data-viewmorelast=\"false\">\n<div class=\"news__data\">\n<h2 class=\"news__title\"><span style=\"font-size: 16px;\">En se\u00f1al de\u00a0<\/span><strong style=\"font-size: 16px;\">gratitud<\/strong><span style=\"font-size: 16px;\">, el obispo castrense argentino le\u00a0<\/span><strong style=\"font-size: 16px;\">don\u00f3<\/strong><span style=\"font-size: 16px;\">\u00a0a su par brit\u00e1nico\u00a0<\/span><strong style=\"font-size: 16px;\">otra imagen de la Virgen de Luj\u00e1n<\/strong><span style=\"font-size: 16px;\">, que tambi\u00e9n fue bendecida por el papa argentino,\u00a0<\/span><strong style=\"font-size: 16px;\">Jorge Bergoglio<\/strong><span style=\"font-size: 16px;\">.<\/span><\/h2>\n<\/div>\n<\/article>\n<\/div>\n<div class=\"article-content-ad \">\n<div id=\"m29-27-30\">\n<div class=\"free-html banner\">\n<div id=\"m34-33-35\" class=\"free-content \">\n<div>\n<div id=\"lateral2\" data-google-query-id=\"CPryj8XW0OUCFQxjwQod-oUB2g\">\n<div id=\"google_ads_iframe_\/31928600\/MDZ_Lateral2_ATF_386x300_0__container__\"><\/div>\n<\/div>\n<\/div>\n<\/div>\n<\/div>\n<\/div>\n<\/div>\n<p id=\"m169-168-170\" class=\"paragraph \">La imagen recuperada lleg\u00f3 a las<strong>\u00a0Islas Malvinas<\/strong>\u00a0una semana despu\u00e9s del desembarco de los\u00a0<strong>soldados argentinos<\/strong>\u00a0y, finalizada\u00a0<strong>la guerra<\/strong>, qued\u00f3 en manos de los\u00a0<strong>ingleses<\/strong>, que la llevaron a su pa\u00eds y la entronizaron en la sede del obispado castrense en\u00a0<strong>homenaje a las v\u00edctimas del enfrentamiento<\/strong>.<\/p>\n<p id=\"m215-214-216\" class=\"paragraph \">Este\u00a0<strong>domingo<\/strong>, a las 7, la imagen de\u00a0<strong>la Virgen llegar\u00e1<\/strong>\u00a0al aeropuerto internacional de\u00a0<strong>Ezeiza<\/strong>\u00a0y, en caravana,\u00a0<strong>ser\u00e1 trasladada hacia la bas\u00edlica Nuestra Se\u00f1ora de Luj\u00e1n<\/strong>\u00a0donde -a las 13- se celebrar\u00e1 una misa de bienvenida.<\/p>\n<p id=\"m220-219-221\" class=\"paragraph \">Al\u00a0<strong>d\u00eda siguiente<\/strong>, el lunes 4 de noviembre\u00a0<strong>llegar\u00e1 a la sede de la Conferencia Episcopal Argentina<\/strong>, en Suipacha 1032, del barrio porte\u00f1o de Retiro.<\/p>\n<div id=\"m225-224-226\" class=\"composite-related news__bodyrelated \">\n<article class=\"news--summary news--221x123 \" data-viewmorelast=\"false\">\n<div class=\"news__data\">\n<h2 class=\"news__title\"><\/h2>\n<\/div>\n<\/article>\n<\/div>\n<p id=\"m266-265-267\" class=\"paragraph \">En tanto,\u00a0<strong>el mi\u00e9rcoles 6<\/strong>, a las 20, arribar\u00e1 a la<strong>\u00a0di\u00f3cesis de Quilmes<\/strong>, a la parroquia Inmaculada Concepci\u00f3n de la Medalla Milagrosa, hasta la noche del jueves 7, donde realizar\u00e1n actividades que concluir\u00e1n con una misa a las 19.30.<\/p>\n<p id=\"m271-270-272\" class=\"paragraph \">El domingo\u00a0<strong>10 de noviembre<\/strong>, a las 17, se celebrar\u00e1 una misa en la\u00a0<strong>Bas\u00edlica de Luj\u00e1n<\/strong>\u00a0en la que se dar\u00e1 inicio a la peregrinaci\u00f3n de la imagen por otras di\u00f3cesis del pa\u00eds.<\/p>\n<div id=\"m281-280-282\" class=\"composite-related news__bodyrelated \"><\/div>\n<\/div>\n<\/div>\n<div class=\"newsfull__belowcontent\">\n<div class=\"mod mod-taboola\">\n<div id=\"taboola_article_0\" class=\" trc_related_container trc_spotlight_widget trc_elastic trc_elastic_thumbnails-a \" data-placement-name=\"Below Article Thumbnailstaboola_article_0\">\n<div class=\"trc_rbox_container\">\n<div>\n<div id=\"trc_wrapper_19127\" class=\"trc_rbox thumbnails-a trc-content-hybrid \">\n<div id=\"trc_header_19127\" class=\"trc_rbox_header trc_rbox_border_elm\">Fuente:<\/div>\n<\/div>\n<\/div>\n<\/div>\n<\/div>\n<\/div>\n<\/div>\n<\/div>\n<\/div>\n<\/div>\n","protected":false},"excerpt":{"rendered":"<p>Reino Unido.-Un obispo castrense del Reino Unido restituy\u00f3 a su par argentino la imagen de la Virgen de Luj\u00e1n que [&hellip;]<\/p>\n","protected":false},"author":2,"featured_media":63887,"comment_status":"open","ping_status":"open","sticky":false,"template":"","format":"standard","meta":{"site-sidebar-layout":"default","site-content-layout":"","ast-site-content-layout":"default","site-content-style":"default","site-sidebar-style":"default","ast-global-header-display":"","ast-banner-title-visibility":"","ast-main-header-display":"","ast-hfb-above-header-display":"","ast-hfb-below-header-display":"","ast-hfb-mobile-header-display":"","site-post-title":"","ast-breadcrumbs-content":"","ast-featured-img":"","footer-sml-layout":"","ast-disable-related-posts":"","theme-transparent-header-meta":"","adv-header-id-meta":"","stick-header-meta":"","header-above-stick-meta":"","header-main-stick-meta":"","header-below-stick-meta":"","astra-migrate-meta-layouts":"default","ast-page-background-enabled":"default","ast-page-background-meta":{"desktop":{"background-color":"var(--ast-global-color-5)","background-image":"","background-repeat":"repeat","background-position":"center center","background-size":"auto","background-attachment":"scroll","background-type":"","background-media":"","overlay-type":"","overlay-color":"","overlay-opacity":"","overlay-gradient":""},"tablet":{"background-color":"","background-image":"","background-repeat":"repeat","background-position":"center center","background-size":"auto","background-attachment":"scroll","background-type":"","background-media":"","overlay-type":"","overlay-color":"","overlay-opacity":"","overlay-gradient":""},"mobile":{"background-color":"","background-image":"","background-repeat":"repeat","background-position":"center center","background-size":"auto","background-attachment":"scroll","background-type":"","background-media":"","overlay-type":"","overlay-color":"","overlay-opacity":"","overlay-gradient":""}},"ast-content-background-meta":{"desktop":{"background-color":"var(--ast-global-color-4)","background-image":"","background-repeat":"repeat","background-position":"center center","background-size":"auto","background-attachment":"scroll","background-type":"","background-media":"","overlay-type":"","overlay-color":"","overlay-opacity":"","overlay-gradient":""},"tablet":{"background-color":"var(--ast-global-color-4)","background-image":"","background-repeat":"repeat","background-position":"center center","background-size":"auto","background-attachment":"scroll","background-type":"","background-media":"","overlay-type":"","overlay-color":"","overlay-opacity":"","overlay-gradient":""},"mobile":{"background-color":"var(--ast-global-color-4)","background-image":"","background-repeat":"repeat","background-position":"center center","background-size":"auto","background-attachment":"scroll","background-type":"","background-media":"","overlay-type":"","overlay-color":"","overlay-opacity":"","overlay-gradient":""}},"footnotes":""},"categories":[23,1],"tags":[],"class_list":["post-63886","post","type-post","status-publish","format-standard","has-post-thumbnail","hentry","category-internacionales","category-noticias"],"yoast_head":"<!-- This site is optimized with the Yoast SEO Premium plugin v23.0 (Yoast SEO v27.5) - https:\/\/yoast.com\/product\/yoast-seo-premium-wordpress\/ -->\n<title>Reino Unido devolvi\u00f3 la virgen de Malvinas y el papa Francisco la bendijo<\/title>\n<meta name=\"robots\" content=\"index, follow, max-snippet:-1, max-image-preview:large, max-video-preview:-1\" \/>\n<link rel=\"canonical\" href=\"https:\/\/patagoniambiental.com.ar\/info\/reino-unido-devolvio-la-virgen-de-malvinas-y-el-papa-francisco-la-bendijo\/\" \/>\n<meta property=\"og:locale\" content=\"es_ES\" \/>\n<meta property=\"og:type\" content=\"article\" \/>\n<meta property=\"og:title\" content=\"Reino Unido devolvi\u00f3 la virgen de Malvinas y el papa Francisco la bendijo\" \/>\n<meta property=\"og:description\" content=\"Reino Unido.-Un obispo castrense del Reino Unido restituy\u00f3 a su par argentino la imagen de la Virgen de Luj\u00e1n que [&hellip;]\" \/>\n<meta property=\"og:url\" content=\"https:\/\/patagoniambiental.com.ar\/info\/reino-unido-devolvio-la-virgen-de-malvinas-y-el-papa-francisco-la-bendijo\/\" \/>\n<meta property=\"og:site_name\" content=\"Patagonia Ambiental\" \/>\n<meta property=\"article:publisher\" content=\"https:\/\/www.facebook.com\/patagonia.ambiental\" \/>\n<meta property=\"article:author\" content=\"https:\/\/www.facebook.com\/share\/1C1V8Gv9BX\/?mibextid=qi2Omg\" \/>\n<meta property=\"article:published_time\" content=\"2019-11-04T22:00:50+00:00\" \/>\n<meta property=\"og:image\" content=\"https:\/\/patagoniambiental.com.ar\/info\/wp-content\/uploads\/2019\/11\/5db980a1c952e.r_d.565-391.jpeg\" \/>\n\t<meta property=\"og:image:width\" content=\"844\" \/>\n\t<meta property=\"og:image:height\" content=\"475\" \/>\n\t<meta property=\"og:image:type\" content=\"image\/jpeg\" \/>\n<meta name=\"author\" content=\"Patagonia Ambiental\" \/>\n<meta name=\"twitter:card\" content=\"summary_large_image\" \/>\n<meta name=\"twitter:creator\" content=\"@PatAmb\" \/>\n<meta name=\"twitter:site\" content=\"@PatAmb\" \/>\n<script type=\"application\/ld+json\" class=\"yoast-schema-graph\">{\"@context\":\"https:\\\/\\\/schema.org\",\"@graph\":[{\"@type\":\"Article\",\"@id\":\"https:\\\/\\\/patagoniambiental.com.ar\\\/info\\\/reino-unido-devolvio-la-virgen-de-malvinas-y-el-papa-francisco-la-bendijo\\\/#article\",\"isPartOf\":{\"@id\":\"https:\\\/\\\/patagoniambiental.com.ar\\\/info\\\/reino-unido-devolvio-la-virgen-de-malvinas-y-el-papa-francisco-la-bendijo\\\/\"},\"author\":{\"name\":\"Patagonia Ambiental\",\"@id\":\"https:\\\/\\\/patagoniambiental.com.ar\\\/info\\\/#\\\/schema\\\/person\\\/db12bff64bbcbf6a253710bf0ea37b5d\"},\"headline\":\"Reino Unido devolvi\u00f3 la virgen de Malvinas y el papa Francisco la bendijo\",\"datePublished\":\"2019-11-04T22:00:50+00:00\",\"mainEntityOfPage\":{\"@id\":\"https:\\\/\\\/patagoniambiental.com.ar\\\/info\\\/reino-unido-devolvio-la-virgen-de-malvinas-y-el-papa-francisco-la-bendijo\\\/\"},\"wordCount\":397,\"commentCount\":0,\"publisher\":{\"@id\":\"https:\\\/\\\/patagoniambiental.com.ar\\\/info\\\/#organization\"},\"image\":{\"@id\":\"https:\\\/\\\/patagoniambiental.com.ar\\\/info\\\/reino-unido-devolvio-la-virgen-de-malvinas-y-el-papa-francisco-la-bendijo\\\/#primaryimage\"},\"thumbnailUrl\":\"https:\\\/\\\/patagoniambiental.com.ar\\\/info\\\/wp-content\\\/uploads\\\/2019\\\/11\\\/5db980a1c952e.r_d.565-391.jpeg\",\"articleSection\":[\"Internacionales\",\"Noticias\"],\"inLanguage\":\"es\",\"potentialAction\":[{\"@type\":\"CommentAction\",\"name\":\"Comment\",\"target\":[\"https:\\\/\\\/patagoniambiental.com.ar\\\/info\\\/reino-unido-devolvio-la-virgen-de-malvinas-y-el-papa-francisco-la-bendijo\\\/#respond\"]}]},{\"@type\":\"WebPage\",\"@id\":\"https:\\\/\\\/patagoniambiental.com.ar\\\/info\\\/reino-unido-devolvio-la-virgen-de-malvinas-y-el-papa-francisco-la-bendijo\\\/\",\"url\":\"https:\\\/\\\/patagoniambiental.com.ar\\\/info\\\/reino-unido-devolvio-la-virgen-de-malvinas-y-el-papa-francisco-la-bendijo\\\/\",\"name\":\"Reino Unido devolvi\u00f3 la virgen de Malvinas y el papa Francisco la bendijo\",\"isPartOf\":{\"@id\":\"https:\\\/\\\/patagoniambiental.com.ar\\\/info\\\/#website\"},\"primaryImageOfPage\":{\"@id\":\"https:\\\/\\\/patagoniambiental.com.ar\\\/info\\\/reino-unido-devolvio-la-virgen-de-malvinas-y-el-papa-francisco-la-bendijo\\\/#primaryimage\"},\"image\":{\"@id\":\"https:\\\/\\\/patagoniambiental.com.ar\\\/info\\\/reino-unido-devolvio-la-virgen-de-malvinas-y-el-papa-francisco-la-bendijo\\\/#primaryimage\"},\"thumbnailUrl\":\"https:\\\/\\\/patagoniambiental.com.ar\\\/info\\\/wp-content\\\/uploads\\\/2019\\\/11\\\/5db980a1c952e.r_d.565-391.jpeg\",\"datePublished\":\"2019-11-04T22:00:50+00:00\",\"breadcrumb\":{\"@id\":\"https:\\\/\\\/patagoniambiental.com.ar\\\/info\\\/reino-unido-devolvio-la-virgen-de-malvinas-y-el-papa-francisco-la-bendijo\\\/#breadcrumb\"},\"inLanguage\":\"es\",\"potentialAction\":[{\"@type\":\"ReadAction\",\"target\":[\"https:\\\/\\\/patagoniambiental.com.ar\\\/info\\\/reino-unido-devolvio-la-virgen-de-malvinas-y-el-papa-francisco-la-bendijo\\\/\"]}]},{\"@type\":\"ImageObject\",\"inLanguage\":\"es\",\"@id\":\"https:\\\/\\\/patagoniambiental.com.ar\\\/info\\\/reino-unido-devolvio-la-virgen-de-malvinas-y-el-papa-francisco-la-bendijo\\\/#primaryimage\",\"url\":\"https:\\\/\\\/patagoniambiental.com.ar\\\/info\\\/wp-content\\\/uploads\\\/2019\\\/11\\\/5db980a1c952e.r_d.565-391.jpeg\",\"contentUrl\":\"https:\\\/\\\/patagoniambiental.com.ar\\\/info\\\/wp-content\\\/uploads\\\/2019\\\/11\\\/5db980a1c952e.r_d.565-391.jpeg\",\"width\":844,\"height\":475},{\"@type\":\"BreadcrumbList\",\"@id\":\"https:\\\/\\\/patagoniambiental.com.ar\\\/info\\\/reino-unido-devolvio-la-virgen-de-malvinas-y-el-papa-francisco-la-bendijo\\\/#breadcrumb\",\"itemListElement\":[{\"@type\":\"ListItem\",\"position\":1,\"name\":\"Inicio\",\"item\":\"https:\\\/\\\/patagoniambiental.com.ar\\\/info\\\/\"},{\"@type\":\"ListItem\",\"position\":2,\"name\":\"Reino Unido devolvi\u00f3 la virgen de Malvinas y el papa Francisco la bendijo\"}]},{\"@type\":\"WebSite\",\"@id\":\"https:\\\/\\\/patagoniambiental.com.ar\\\/info\\\/#website\",\"url\":\"https:\\\/\\\/patagoniambiental.com.ar\\\/info\\\/\",\"name\":\"Patagonia Ambiental\",\"description\":\"Monitoreo y an\u00e1lisis de la situaci\u00f3n geopol\u00edtica en el mundo y su implicancia en la Patagonia\",\"publisher\":{\"@id\":\"https:\\\/\\\/patagoniambiental.com.ar\\\/info\\\/#organization\"},\"potentialAction\":[{\"@type\":\"SearchAction\",\"target\":{\"@type\":\"EntryPoint\",\"urlTemplate\":\"https:\\\/\\\/patagoniambiental.com.ar\\\/info\\\/?s={search_term_string}\"},\"query-input\":{\"@type\":\"PropertyValueSpecification\",\"valueRequired\":true,\"valueName\":\"search_term_string\"}}],\"inLanguage\":\"es\"},{\"@type\":\"Organization\",\"@id\":\"https:\\\/\\\/patagoniambiental.com.ar\\\/info\\\/#organization\",\"name\":\"Patagonia Ambiental\",\"url\":\"https:\\\/\\\/patagoniambiental.com.ar\\\/info\\\/\",\"logo\":{\"@type\":\"ImageObject\",\"inLanguage\":\"es\",\"@id\":\"https:\\\/\\\/patagoniambiental.com.ar\\\/info\\\/#\\\/schema\\\/logo\\\/image\\\/\",\"url\":\"https:\\\/\\\/patagoniambiental.com.ar\\\/info\\\/wp-content\\\/uploads\\\/2025\\\/05\\\/LOGO-PATAGONIA-AMBIENTAL.png\",\"contentUrl\":\"https:\\\/\\\/patagoniambiental.com.ar\\\/info\\\/wp-content\\\/uploads\\\/2025\\\/05\\\/LOGO-PATAGONIA-AMBIENTAL.png\",\"width\":433,\"height\":250,\"caption\":\"Patagonia Ambiental\"},\"image\":{\"@id\":\"https:\\\/\\\/patagoniambiental.com.ar\\\/info\\\/#\\\/schema\\\/logo\\\/image\\\/\"},\"sameAs\":[\"https:\\\/\\\/www.facebook.com\\\/patagonia.ambiental\",\"https:\\\/\\\/x.com\\\/PatAmb\"]},{\"@type\":\"Person\",\"@id\":\"https:\\\/\\\/patagoniambiental.com.ar\\\/info\\\/#\\\/schema\\\/person\\\/db12bff64bbcbf6a253710bf0ea37b5d\",\"name\":\"Patagonia Ambiental\",\"description\":\"Andr\u00e9s Nievas T\u00e9cnico en manejo ambiental, consultor Ambiental y escritor para medios locales e internacionales sobre temas de geopolitica y medio ambiente.\",\"sameAs\":[\"http:\\\/\\\/www.patagoniambiental.com.ar\",\"https:\\\/\\\/www.facebook.com\\\/share\\\/1C1V8Gv9BX\\\/?mibextid=qi2Omg\",\"@patagoniambiental\",\"https:\\\/\\\/youtube.com\\\/@patagoniaambiental2023?si=BLt58t0wuXquxlYZ\"]}]}<\/script>\n<!-- \/ Yoast SEO Premium plugin. -->","yoast_head_json":{"title":"Reino Unido devolvi\u00f3 la virgen de Malvinas y el papa Francisco la bendijo","robots":{"index":"index","follow":"follow","max-snippet":"max-snippet:-1","max-image-preview":"max-image-preview:large","max-video-preview":"max-video-preview:-1"},"canonical":"https:\/\/patagoniambiental.com.ar\/info\/reino-unido-devolvio-la-virgen-de-malvinas-y-el-papa-francisco-la-bendijo\/","og_locale":"es_ES","og_type":"article","og_title":"Reino Unido devolvi\u00f3 la virgen de Malvinas y el papa Francisco la bendijo","og_description":"Reino Unido.-Un obispo castrense del Reino Unido restituy\u00f3 a su par argentino la imagen de la Virgen de Luj\u00e1n que [&hellip;]","og_url":"https:\/\/patagoniambiental.com.ar\/info\/reino-unido-devolvio-la-virgen-de-malvinas-y-el-papa-francisco-la-bendijo\/","og_site_name":"Patagonia Ambiental","article_publisher":"https:\/\/www.facebook.com\/patagonia.ambiental","article_author":"https:\/\/www.facebook.com\/share\/1C1V8Gv9BX\/?mibextid=qi2Omg","article_published_time":"2019-11-04T22:00:50+00:00","og_image":[{"width":844,"height":475,"url":"https:\/\/patagoniambiental.com.ar\/info\/wp-content\/uploads\/2019\/11\/5db980a1c952e.r_d.565-391.jpeg","type":"image\/jpeg"}],"author":"Patagonia Ambiental","twitter_card":"summary_large_image","twitter_creator":"@PatAmb","twitter_site":"@PatAmb","schema":{"@context":"https:\/\/schema.org","@graph":[{"@type":"Article","@id":"https:\/\/patagoniambiental.com.ar\/info\/reino-unido-devolvio-la-virgen-de-malvinas-y-el-papa-francisco-la-bendijo\/#article","isPartOf":{"@id":"https:\/\/patagoniambiental.com.ar\/info\/reino-unido-devolvio-la-virgen-de-malvinas-y-el-papa-francisco-la-bendijo\/"},"author":{"name":"Patagonia Ambiental","@id":"https:\/\/patagoniambiental.com.ar\/info\/#\/schema\/person\/db12bff64bbcbf6a253710bf0ea37b5d"},"headline":"Reino Unido devolvi\u00f3 la virgen de Malvinas y el papa Francisco la bendijo","datePublished":"2019-11-04T22:00:50+00:00","mainEntityOfPage":{"@id":"https:\/\/patagoniambiental.com.ar\/info\/reino-unido-devolvio-la-virgen-de-malvinas-y-el-papa-francisco-la-bendijo\/"},"wordCount":397,"commentCount":0,"publisher":{"@id":"https:\/\/patagoniambiental.com.ar\/info\/#organization"},"image":{"@id":"https:\/\/patagoniambiental.com.ar\/info\/reino-unido-devolvio-la-virgen-de-malvinas-y-el-papa-francisco-la-bendijo\/#primaryimage"},"thumbnailUrl":"https:\/\/patagoniambiental.com.ar\/info\/wp-content\/uploads\/2019\/11\/5db980a1c952e.r_d.565-391.jpeg","articleSection":["Internacionales","Noticias"],"inLanguage":"es","potentialAction":[{"@type":"CommentAction","name":"Comment","target":["https:\/\/patagoniambiental.com.ar\/info\/reino-unido-devolvio-la-virgen-de-malvinas-y-el-papa-francisco-la-bendijo\/#respond"]}]},{"@type":"WebPage","@id":"https:\/\/patagoniambiental.com.ar\/info\/reino-unido-devolvio-la-virgen-de-malvinas-y-el-papa-francisco-la-bendijo\/","url":"https:\/\/patagoniambiental.com.ar\/info\/reino-unido-devolvio-la-virgen-de-malvinas-y-el-papa-francisco-la-bendijo\/","name":"Reino Unido devolvi\u00f3 la virgen de Malvinas y el papa Francisco la bendijo","isPartOf":{"@id":"https:\/\/patagoniambiental.com.ar\/info\/#website"},"primaryImageOfPage":{"@id":"https:\/\/patagoniambiental.com.ar\/info\/reino-unido-devolvio-la-virgen-de-malvinas-y-el-papa-francisco-la-bendijo\/#primaryimage"},"image":{"@id":"https:\/\/patagoniambiental.com.ar\/info\/reino-unido-devolvio-la-virgen-de-malvinas-y-el-papa-francisco-la-bendijo\/#primaryimage"},"thumbnailUrl":"https:\/\/patagoniambiental.com.ar\/info\/wp-content\/uploads\/2019\/11\/5db980a1c952e.r_d.565-391.jpeg","datePublished":"2019-11-04T22:00:50+00:00","breadcrumb":{"@id":"https:\/\/patagoniambiental.com.ar\/info\/reino-unido-devolvio-la-virgen-de-malvinas-y-el-papa-francisco-la-bendijo\/#breadcrumb"},"inLanguage":"es","potentialAction":[{"@type":"ReadAction","target":["https:\/\/patagoniambiental.com.ar\/info\/reino-unido-devolvio-la-virgen-de-malvinas-y-el-papa-francisco-la-bendijo\/"]}]},{"@type":"ImageObject","inLanguage":"es","@id":"https:\/\/patagoniambiental.com.ar\/info\/reino-unido-devolvio-la-virgen-de-malvinas-y-el-papa-francisco-la-bendijo\/#primaryimage","url":"https:\/\/patagoniambiental.com.ar\/info\/wp-content\/uploads\/2019\/11\/5db980a1c952e.r_d.565-391.jpeg","contentUrl":"https:\/\/patagoniambiental.com.ar\/info\/wp-content\/uploads\/2019\/11\/5db980a1c952e.r_d.565-391.jpeg","width":844,"height":475},{"@type":"BreadcrumbList","@id":"https:\/\/patagoniambiental.com.ar\/info\/reino-unido-devolvio-la-virgen-de-malvinas-y-el-papa-francisco-la-bendijo\/#breadcrumb","itemListElement":[{"@type":"ListItem","position":1,"name":"Inicio","item":"https:\/\/patagoniambiental.com.ar\/info\/"},{"@type":"ListItem","position":2,"name":"Reino Unido devolvi\u00f3 la virgen de Malvinas y el papa Francisco la bendijo"}]},{"@type":"WebSite","@id":"https:\/\/patagoniambiental.com.ar\/info\/#website","url":"https:\/\/patagoniambiental.com.ar\/info\/","name":"Patagonia Ambiental","description":"Monitoreo y an\u00e1lisis de la situaci\u00f3n geopol\u00edtica en el mundo y su implicancia en la Patagonia","publisher":{"@id":"https:\/\/patagoniambiental.com.ar\/info\/#organization"},"potentialAction":[{"@type":"SearchAction","target":{"@type":"EntryPoint","urlTemplate":"https:\/\/patagoniambiental.com.ar\/info\/?s={search_term_string}"},"query-input":{"@type":"PropertyValueSpecification","valueRequired":true,"valueName":"search_term_string"}}],"inLanguage":"es"},{"@type":"Organization","@id":"https:\/\/patagoniambiental.com.ar\/info\/#organization","name":"Patagonia Ambiental","url":"https:\/\/patagoniambiental.com.ar\/info\/","logo":{"@type":"ImageObject","inLanguage":"es","@id":"https:\/\/patagoniambiental.com.ar\/info\/#\/schema\/logo\/image\/","url":"https:\/\/patagoniambiental.com.ar\/info\/wp-content\/uploads\/2025\/05\/LOGO-PATAGONIA-AMBIENTAL.png","contentUrl":"https:\/\/patagoniambiental.com.ar\/info\/wp-content\/uploads\/2025\/05\/LOGO-PATAGONIA-AMBIENTAL.png","width":433,"height":250,"caption":"Patagonia Ambiental"},"image":{"@id":"https:\/\/patagoniambiental.com.ar\/info\/#\/schema\/logo\/image\/"},"sameAs":["https:\/\/www.facebook.com\/patagonia.ambiental","https:\/\/x.com\/PatAmb"]},{"@type":"Person","@id":"https:\/\/patagoniambiental.com.ar\/info\/#\/schema\/person\/db12bff64bbcbf6a253710bf0ea37b5d","name":"Patagonia Ambiental","description":"Andr\u00e9s Nievas T\u00e9cnico en manejo ambiental, consultor Ambiental y escritor para medios locales e internacionales sobre temas de geopolitica y medio ambiente.","sameAs":["http:\/\/www.patagoniambiental.com.ar","https:\/\/www.facebook.com\/share\/1C1V8Gv9BX\/?mibextid=qi2Omg","@patagoniambiental","https:\/\/youtube.com\/@patagoniaambiental2023?si=BLt58t0wuXquxlYZ"]}]}},"_links":{"self":[{"href":"https:\/\/patagoniambiental.com.ar\/info\/wp-json\/wp\/v2\/posts\/63886","targetHints":{"allow":["GET"]}}],"collection":[{"href":"https:\/\/patagoniambiental.com.ar\/info\/wp-json\/wp\/v2\/posts"}],"about":[{"href":"https:\/\/patagoniambiental.com.ar\/info\/wp-json\/wp\/v2\/types\/post"}],"author":[{"embeddable":true,"href":"https:\/\/patagoniambiental.com.ar\/info\/wp-json\/wp\/v2\/users\/2"}],"replies":[{"embeddable":true,"href":"https:\/\/patagoniambiental.com.ar\/info\/wp-json\/wp\/v2\/comments?post=63886"}],"version-history":[{"count":0,"href":"https:\/\/patagoniambiental.com.ar\/info\/wp-json\/wp\/v2\/posts\/63886\/revisions"}],"wp:featuredmedia":[{"embeddable":true,"href":"https:\/\/patagoniambiental.com.ar\/info\/wp-json\/wp\/v2\/media\/63887"}],"wp:attachment":[{"href":"https:\/\/patagoniambiental.com.ar\/info\/wp-json\/wp\/v2\/media?parent=63886"}],"wp:term":[{"taxonomy":"category","embeddable":true,"href":"https:\/\/patagoniambiental.com.ar\/info\/wp-json\/wp\/v2\/categories?post=63886"},{"taxonomy":"post_tag","embeddable":true,"href":"https:\/\/patagoniambiental.com.ar\/info\/wp-json\/wp\/v2\/tags?post=63886"}],"curies":[{"name":"wp","href":"https:\/\/api.w.org\/{rel}","templated":true}]}}