{"id":63892,"date":"2019-11-05T07:00:33","date_gmt":"2019-11-05T10:00:33","guid":{"rendered":"http:\/\/patagoniambiental.com.ar\/info\/?p=63892"},"modified":"2019-11-04T10:57:32","modified_gmt":"2019-11-04T13:57:32","slug":"la-unrn-concluyo-el-primer-estudio-ambiental-integral-de-la-cuenca-del-rio-negro","status":"publish","type":"post","link":"https:\/\/patagoniambiental.com.ar\/info\/la-unrn-concluyo-el-primer-estudio-ambiental-integral-de-la-cuenca-del-rio-negro\/","title":{"rendered":"LA UNRN CONCLUY\u00d3 EL PRIMER ESTUDIO AMBIENTAL INTEGRAL DE LA CUENCA DEL R\u00cdO NEGRO"},"content":{"rendered":"<div class=\"portada parallax clearfix\">\n<div class=\"contenido-portada\">Viedma.-Es el\u00a0primer estudio cient\u00edfico integral\u00a0sobre\u00a0el \u201cEstado Ambiental del r\u00edo Negro\u201d,\u00a0realizado en simult\u00e1neo en distintos puntos georreferenciados abarcando toda la cuenca.<\/div>\n<\/div>\n<div class=\"detalle-link\">\n<div class=\"container clearfix\">\n<div class=\"row\">\n<div class=\"col-lg-9\">\n<div class=\"tit-destacado\">\n<p><!--more--><\/p>\n<\/div>\n<div id=\"noticia-body\" class=\"text-gray16\">\n<p><span class=\"fl\">L<\/span>a Universidad Nacional de R\u00edo Negro concluy\u00f3 el\u00a0<b>primer estudio cient\u00edfico integral<\/b>sobre\u00a0el \u201cEstado Ambiental del r\u00edo Negro\u201d,\u00a0<b>realizado en simult\u00e1neo en distintos puntos georreferenciados abarcando toda la cuenca en dos oportunidades, evaluando qu\u00edmica de agua\u00a0(agua y material particulado en suspensi\u00f3n y sedimentos),\u00a0peces y macroinvertebrados como indicadores ambientales<\/b><b>.<\/b>\u00a0El estudio permite\u00a0conocer el estado ambiental del r\u00edo al establecer una l\u00ednea de base para evaluar a futuro la evoluci\u00f3n de los indicadores ambientales m\u00e1s relevantes.<\/p>\n<p>Se\u00a0relevaron 21 sitios en la cuenca\u00a0(2 sobre el r\u00edo Limay, 2 sobre el r\u00edo Neuqu\u00e9n y 17 sobre el r\u00edo Negro). Los sitios de muestreo fueron los\u00a0 m\u00e1s representativos de la cuenca, sobre los r\u00edos Limay, Neuqu\u00e9n y Negro.<\/p>\n<p>Con rigor cient\u00edfico se tomaron las \u00a0muestras, su conservaci\u00f3n, su traslado, y el an\u00e1lisis de las mismas en los distintos laboratorios de la Universidad Nacional de R\u00edo Negro, el Centro Cient\u00edfico Tecnol\u00f3gico (CENPAT) del CONICET en Puerto Madryn y la Universidad Nacional del Sur,\u00a0donde fueron procesadas, de acuerdo con protocolos estandarizados (EPA 3540C y IOC N\u00ba 20, UNEP, 1992). Los an\u00e1lisis se hicieron por cromatograf\u00eda gaseosa capilar y espectrometr\u00eda de masas (GC Hewlett-Packard 68906C\/MS Hewlett-Packard 5972, adheridos al Sistema Nacional de Espectrometr\u00eda de Masas).<\/p>\n<p>Las campa\u00f1as se realizaron durante el a\u00f1o 2018 en dos etapas, una en invierno y otra en primavera\/verano.<\/p>\n<p>\u201cEstado Ambiental del r\u00edo Negro\u201d es un proyecto desarrollado durante dos a\u00f1os, por un equipo integrado por\u00a011 investigadores y 19 estudiantes avanzados de la Universidad Nacional de R\u00edo Negro, con la participaci\u00f3n de dos investigadores de la Universidad Nacional del Sur y un investigador de la Universidad Nacional del Comahue.<\/p>\n<p>Colaboraron la Universidad Nacional del Sur a trav\u00e9s del Departamento de Qu\u00edmica en el IADO, CCT-CONICET, Bah\u00eda Blanca; el CENPAT y la participaci\u00f3n de Fundaci\u00f3n YPF.<\/p>\n<p>El proyecto fue coordinado por la Lic. Nathalia Migueles, Jefa del Departamento de Consultor\u00eda e Ingenier\u00eda dependiente de la Secretar\u00eda de Investigaci\u00f3n, Creaci\u00f3n Art\u00edstica, Desarrollo y Transferencia de Tecnolog\u00eda de la Universidad Nacional de R\u00edo Negro; y\u00a0 las direcciones de los subproyectos estuvieron a cargo de la\u00a0 Dra. Mariza Abrameto (UNRN), el Dr. Patricio Solimano (UNRN), el Dr. Pablo Macchi (UNRN y el Dr. Andr\u00e9s Arias (Universidad Nacional del Sur).<\/p>\n<p>&nbsp;<\/p>\n<p>&nbsp;<\/p>\n<div class=\"texto-destacado\">El estudio permite\u00a0conocer el estado ambiental del r\u00edo al establecer una l\u00ednea de base para evaluar a futuro la evoluci\u00f3n de los indicadores ambientales m\u00e1s relevantes.<\/div>\n<p>Las principales conclusiones del estudio son las siguientes:<\/p>\n<p>1.<b>\u00a0El r\u00edo est\u00e1 lejos de ser un r\u00edo muerto, si puede considerarse un ecosistema impactado.\u00a0<\/b>La cuenca est\u00e1 afrontando una fuerte presi\u00f3n antr\u00f3pica (acci\u00f3n de las actividades del hombre sobre el ambiente), producto de la concentraci\u00f3n poblacional y el desarrollo de actividades agr\u00edcolas, extractivas e industriales.<\/p>\n<p>2. Tanto los compuestos clorados como los arom\u00e1ticos persistentes medidos en este estudio dan cuenta del impacto ambiental tanto actual como pasado,\u00a0<b>ubicando a las actividades frutihort\u00edcolas y de neta presencia humana\u00a0 (transporte vehicular, quema de pasturas y de combustibles) como las principales fuentes de origen.<\/b><\/p>\n<p>3.\u00a0Desde el punto de vista bacteriol\u00f3gico,\u00a0<b>los niveles de Escherichia coli y Enterococos detectados, evidencian un constante\u00a0 ingreso de estos organismos al sistema.\u00a0<\/b>Se registraron As y Cu disueltos.Los\u00a0niveles registrados son comparables a los obtenidos en otros ambientes costeros<\/p>\n<p>4.La presencia de\u00a0<b>poliarom\u00e1ticos persistentes evidenciaron mayores concentraciones en Fern\u00e1ndez Oro, Allen, Pomona y Carmen de Patagones<\/b><b>,<\/b>\u00a0(aguas abajo de la desembocadura de la planta de tratamiento de efluentes urbanos) y la Isla La Paloma.<\/p>\n<p>5.La evaluaci\u00f3n de la\u00a0<b>calidad ecol\u00f3gica del agua, con el \u00edndice de macroinvertebrados, clasific\u00f3 a algunos sitios con una calidad regular a mala,\u00a0principalmente en Cipolletti, Fern\u00e1ndez Oro (aguas abajo de la desembocadura del desag\u00fce PII), General Roca (aguas abajo de la desembocadura del desag\u00fce PV) y Chichinales (aguas abajo de la desembocadura del arroyo Salado).<\/b><\/p>\n<p>6.En relaci\u00f3n a la\u00a0fauna ictica (presencia de peces),\u00a0<b>es cr\u00edtica la composici\u00f3n comunitaria ya que la abundancia de especies ex\u00f3ticas e invasoras es muy alta<\/b>, lo que implica disrupciones al ambiente.<\/p>\n<p>La presencia humana sobre los sistemas naturales indudablemente genera un impacto en los recursos ambientales;impacto que puede ser cuantificado y debe ser controlado y monitoreado.<\/p>\n<p>La Universidad Nacional de R\u00edo Negro\u00a0<b>continuar\u00e1 con esta l\u00ednea de investigaci\u00f3n.<\/b><\/p>\n<p>&nbsp;<\/p>\n<p>&nbsp;<\/p>\n<p>&nbsp;<\/p>\n<p>Glosario:<\/p>\n<p>Los\u00a0compuestos arom\u00e1ticos persistentes(o poliarom\u00e1ticos)\u00a0son un grupo de sustancias qu\u00edmicas que se forman durante la incineraci\u00f3n incompleta del carb\u00f3n, el petr\u00f3leo, el gas, la madera, la basura y otras sustancias org\u00e1nicas; se encuentran generalmente como mezclas complejas (por ejemplo, como parte de productos de combusti\u00f3n como el holl\u00edn). Algunos de estos compuestos se utilizan para la producci\u00f3n de tintas, pl\u00e1sticos y pesticidas. Otros se encuentran en el asfalto (carreteras y caminos), en el petr\u00f3leo crudo, el carb\u00f3n, el alquitr\u00e1n o brea. En general se encuentran en todo el medio ambiente en el aire, el agua y el suelo y pueden encontrarse en el aire bien sea adheridos a part\u00edculas de polvo o como s\u00f3lidos en el suelo o en los sedimentos.<\/p>\n<p>Los\u00a0compuestos clorados\u00a0conforman un grupo de pesticidas artificiales desarrollados a principios del siglo 20. Fueron progresivamente prohibidos por las legislaciones de los distintos pa\u00edses: aldr\u00edn, clordano, dieldr\u00edn, endr\u00edn, heptacloro, HCH (hexaclorociclohexano), lindano, DDT, etc., son organoclorados integrantes de la llamada \u201cdocena sucia\u201d que engloba a aquellos pesticidas que m\u00e1s problemas ambientales han generado. Actualmente los organoclorados est\u00e1n prohibidos en Argentina (a partir de dos legislaciones que datan de 1990 y 1998) y en casi todo el mundo y para casi todos los usos, debido a sus problemas de acumulaci\u00f3n, a su alta estabilidad qu\u00edmica (d\u00e9cadas), su gran estabilidad a la luz y su dif\u00edcil degradaci\u00f3n biol\u00f3gica.<\/p>\n<p>Los\u00a0arom\u00e1ticos persistentes\u00a0entran al medio ambiente principalmente a trav\u00e9s de: emisiones volc\u00e1nicas (fuente natural), los incendios forestales, la quema de madera en los hogares y los gases de los tubos de escape de autom\u00f3viles y camiones. Tambi\u00e9n pueden entrar a las aguas de superficie a trav\u00e9s de las descargas de las plantas industriales y las plantas de tratamiento de aguas residuales y pueden ser liberados a los suelos de los sitios de desechos peligrosos (derrames o leaching).<\/p>\n<p>&nbsp;<\/p>\n<\/div>\n<div id=\"noticia-slider\">\n<div class=\"slick-fade slick-initialized slick-slider\">\n<p><button class=\"slick-prev slick-arrow\" type=\"button\" aria-label=\"Previous\">Previous<\/button><\/p>\n<div class=\"slick-list draggable\">\n<div class=\"slick-track\">\n<div class=\"slick-slide slick-current slick-active\" tabindex=\"0\" data-slick-index=\"0\" aria-hidden=\"false\"><img decoding=\"async\" src=\"https:\/\/www.unrn.edu.ar\/images\/noticia\/max_1159_0.jpg?v=1572621190\" \/><\/div>\n<div class=\"slick-slide\" tabindex=\"-1\" data-slick-index=\"1\" aria-hidden=\"true\"><img decoding=\"async\" src=\"https:\/\/www.unrn.edu.ar\/images\/noticia\/max_1159_1.jpg?v=1572621190\" \/><\/div>\n<div class=\"slick-slide\" tabindex=\"-1\" data-slick-index=\"2\" aria-hidden=\"true\"><img decoding=\"async\" src=\"https:\/\/www.unrn.edu.ar\/images\/noticia\/max_1159_2.jpg?v=1572621191\" \/><\/div>\n<\/div>\n<\/div>\n<p><button class=\"slick-next slick-arrow\" type=\"button\" aria-label=\"Next\">Next<\/button><\/p>\n<\/div>\n<\/div>\n<p>Descargas:<\/p>\n<div><a class=\"btn-ico pdf\" href=\"https:\/\/www.unrn.edu.ar\/archivos\/noticia\/1159\/INFORME%20DE%20DIVULGACION%20FINAL.pdf\" target=\"_blank\" rel=\"noopener\">INFORME DE DIVULGACION FINAL.pdf<\/a><\/div>\n<div><a class=\"btn-ico pdf\" href=\"https:\/\/www.unrn.edu.ar\/archivos\/noticia\/1159\/CV%20EXPERTOS%20.pdf\" target=\"_blank\" rel=\"noopener\">CV EXPERTOS .pdf<\/a><\/div>\n<\/div>\n<div class=\"col-lg-3 hidden-xs hidden-sm hidden-md\">\n<div class=\"datos-02\">\n<div class=\"box-data\">\n<p>&nbsp;<\/p>\n<\/div>\n<\/div>\n<\/div>\n<\/div>\n<\/div>\n<\/div>\n<p>&nbsp;<\/p>\n<div class=\"noticias-destacadas\">\n<div class=\"container clearfix\">\n<div class=\"superior clearfix\">\n<h3><\/h3>\n<\/div>\n<\/div>\n<\/div>\n","protected":false},"excerpt":{"rendered":"<p>Viedma.-Es el\u00a0primer estudio cient\u00edfico integral\u00a0sobre\u00a0el \u201cEstado Ambiental del r\u00edo Negro\u201d,\u00a0realizado en simult\u00e1neo en distintos puntos georreferenciados abarcando toda la cuenca.<\/p>\n","protected":false},"author":2,"featured_media":63893,"comment_status":"open","ping_status":"open","sticky":false,"template":"","format":"standard","meta":{"site-sidebar-layout":"default","site-content-layout":"","ast-site-content-layout":"default","site-content-style":"default","site-sidebar-style":"default","ast-global-header-display":"","ast-banner-title-visibility":"","ast-main-header-display":"","ast-hfb-above-header-display":"","ast-hfb-below-header-display":"","ast-hfb-mobile-header-display":"","site-post-title":"","ast-breadcrumbs-content":"","ast-featured-img":"","footer-sml-layout":"","ast-disable-related-posts":"","theme-transparent-header-meta":"","adv-header-id-meta":"","stick-header-meta":"","header-above-stick-meta":"","header-main-stick-meta":"","header-below-stick-meta":"","astra-migrate-meta-layouts":"default","ast-page-background-enabled":"default","ast-page-background-meta":{"desktop":{"background-color":"var(--ast-global-color-5)","background-image":"","background-repeat":"repeat","background-position":"center center","background-size":"auto","background-attachment":"scroll","background-type":"","background-media":"","overlay-type":"","overlay-color":"","overlay-opacity":"","overlay-gradient":""},"tablet":{"background-color":"","background-image":"","background-repeat":"repeat","background-position":"center center","background-size":"auto","background-attachment":"scroll","background-type":"","background-media":"","overlay-type":"","overlay-color":"","overlay-opacity":"","overlay-gradient":""},"mobile":{"background-color":"","background-image":"","background-repeat":"repeat","background-position":"center center","background-size":"auto","background-attachment":"scroll","background-type":"","background-media":"","overlay-type":"","overlay-color":"","overlay-opacity":"","overlay-gradient":""}},"ast-content-background-meta":{"desktop":{"background-color":"var(--ast-global-color-4)","background-image":"","background-repeat":"repeat","background-position":"center center","background-size":"auto","background-attachment":"scroll","background-type":"","background-media":"","overlay-type":"","overlay-color":"","overlay-opacity":"","overlay-gradient":""},"tablet":{"background-color":"var(--ast-global-color-4)","background-image":"","background-repeat":"repeat","background-position":"center center","background-size":"auto","background-attachment":"scroll","background-type":"","background-media":"","overlay-type":"","overlay-color":"","overlay-opacity":"","overlay-gradient":""},"mobile":{"background-color":"var(--ast-global-color-4)","background-image":"","background-repeat":"repeat","background-position":"center center","background-size":"auto","background-attachment":"scroll","background-type":"","background-media":"","overlay-type":"","overlay-color":"","overlay-opacity":"","overlay-gradient":""}},"footnotes":""},"categories":[1,13,14],"tags":[],"class_list":["post-63892","post","type-post","status-publish","format-standard","has-post-thumbnail","hentry","category-noticias","category-provinciales","category-rio-negro"],"yoast_head":"<!-- This site is optimized with the Yoast SEO Premium plugin v23.0 (Yoast SEO v27.5) - https:\/\/yoast.com\/product\/yoast-seo-premium-wordpress\/ -->\n<title>LA UNRN CONCLUY\u00d3 EL PRIMER ESTUDIO AMBIENTAL INTEGRAL DE LA CUENCA DEL R\u00cdO NEGRO<\/title>\n<meta name=\"robots\" content=\"index, follow, max-snippet:-1, max-image-preview:large, max-video-preview:-1\" \/>\n<link rel=\"canonical\" href=\"https:\/\/patagoniambiental.com.ar\/info\/la-unrn-concluyo-el-primer-estudio-ambiental-integral-de-la-cuenca-del-rio-negro\/\" \/>\n<meta property=\"og:locale\" content=\"es_ES\" \/>\n<meta property=\"og:type\" content=\"article\" \/>\n<meta property=\"og:title\" content=\"LA UNRN CONCLUY\u00d3 EL PRIMER ESTUDIO AMBIENTAL INTEGRAL DE LA CUENCA DEL R\u00cdO NEGRO\" \/>\n<meta property=\"og:description\" content=\"Viedma.-Es el\u00a0primer estudio cient\u00edfico integral\u00a0sobre\u00a0el \u201cEstado Ambiental del r\u00edo Negro\u201d,\u00a0realizado en simult\u00e1neo en distintos puntos georreferenciados abarcando toda la cuenca.\" \/>\n<meta property=\"og:url\" content=\"https:\/\/patagoniambiental.com.ar\/info\/la-unrn-concluyo-el-primer-estudio-ambiental-integral-de-la-cuenca-del-rio-negro\/\" \/>\n<meta property=\"og:site_name\" content=\"Patagonia Ambiental\" \/>\n<meta property=\"article:publisher\" content=\"https:\/\/www.facebook.com\/patagonia.ambiental\" \/>\n<meta property=\"article:author\" content=\"https:\/\/www.facebook.com\/share\/1C1V8Gv9BX\/?mibextid=qi2Omg\" \/>\n<meta property=\"article:published_time\" content=\"2019-11-05T10:00:33+00:00\" \/>\n<meta property=\"og:image\" content=\"https:\/\/patagoniambiental.com.ar\/info\/wp-content\/uploads\/2019\/11\/max_1159_0.jpg\" \/>\n\t<meta property=\"og:image:width\" content=\"850\" \/>\n\t<meta property=\"og:image:height\" content=\"610\" \/>\n\t<meta property=\"og:image:type\" content=\"image\/jpeg\" \/>\n<meta name=\"author\" content=\"Patagonia Ambiental\" \/>\n<meta name=\"twitter:card\" content=\"summary_large_image\" \/>\n<meta name=\"twitter:creator\" content=\"@PatAmb\" \/>\n<meta name=\"twitter:site\" content=\"@PatAmb\" \/>\n<script type=\"application\/ld+json\" class=\"yoast-schema-graph\">{\"@context\":\"https:\\\/\\\/schema.org\",\"@graph\":[{\"@type\":\"Article\",\"@id\":\"https:\\\/\\\/patagoniambiental.com.ar\\\/info\\\/la-unrn-concluyo-el-primer-estudio-ambiental-integral-de-la-cuenca-del-rio-negro\\\/#article\",\"isPartOf\":{\"@id\":\"https:\\\/\\\/patagoniambiental.com.ar\\\/info\\\/la-unrn-concluyo-el-primer-estudio-ambiental-integral-de-la-cuenca-del-rio-negro\\\/\"},\"author\":{\"name\":\"Patagonia Ambiental\",\"@id\":\"https:\\\/\\\/patagoniambiental.com.ar\\\/info\\\/#\\\/schema\\\/person\\\/db12bff64bbcbf6a253710bf0ea37b5d\"},\"headline\":\"LA UNRN CONCLUY\u00d3 EL PRIMER ESTUDIO AMBIENTAL INTEGRAL DE LA CUENCA DEL R\u00cdO NEGRO\",\"datePublished\":\"2019-11-05T10:00:33+00:00\",\"mainEntityOfPage\":{\"@id\":\"https:\\\/\\\/patagoniambiental.com.ar\\\/info\\\/la-unrn-concluyo-el-primer-estudio-ambiental-integral-de-la-cuenca-del-rio-negro\\\/\"},\"wordCount\":1165,\"commentCount\":0,\"publisher\":{\"@id\":\"https:\\\/\\\/patagoniambiental.com.ar\\\/info\\\/#organization\"},\"image\":{\"@id\":\"https:\\\/\\\/patagoniambiental.com.ar\\\/info\\\/la-unrn-concluyo-el-primer-estudio-ambiental-integral-de-la-cuenca-del-rio-negro\\\/#primaryimage\"},\"thumbnailUrl\":\"https:\\\/\\\/patagoniambiental.com.ar\\\/info\\\/wp-content\\\/uploads\\\/2019\\\/11\\\/max_1159_0.jpg\",\"articleSection\":[\"Noticias\",\"Provinciales\",\"R\u00edo Negro\"],\"inLanguage\":\"es\",\"potentialAction\":[{\"@type\":\"CommentAction\",\"name\":\"Comment\",\"target\":[\"https:\\\/\\\/patagoniambiental.com.ar\\\/info\\\/la-unrn-concluyo-el-primer-estudio-ambiental-integral-de-la-cuenca-del-rio-negro\\\/#respond\"]}]},{\"@type\":\"WebPage\",\"@id\":\"https:\\\/\\\/patagoniambiental.com.ar\\\/info\\\/la-unrn-concluyo-el-primer-estudio-ambiental-integral-de-la-cuenca-del-rio-negro\\\/\",\"url\":\"https:\\\/\\\/patagoniambiental.com.ar\\\/info\\\/la-unrn-concluyo-el-primer-estudio-ambiental-integral-de-la-cuenca-del-rio-negro\\\/\",\"name\":\"LA UNRN CONCLUY\u00d3 EL PRIMER ESTUDIO AMBIENTAL INTEGRAL DE LA CUENCA DEL R\u00cdO NEGRO\",\"isPartOf\":{\"@id\":\"https:\\\/\\\/patagoniambiental.com.ar\\\/info\\\/#website\"},\"primaryImageOfPage\":{\"@id\":\"https:\\\/\\\/patagoniambiental.com.ar\\\/info\\\/la-unrn-concluyo-el-primer-estudio-ambiental-integral-de-la-cuenca-del-rio-negro\\\/#primaryimage\"},\"image\":{\"@id\":\"https:\\\/\\\/patagoniambiental.com.ar\\\/info\\\/la-unrn-concluyo-el-primer-estudio-ambiental-integral-de-la-cuenca-del-rio-negro\\\/#primaryimage\"},\"thumbnailUrl\":\"https:\\\/\\\/patagoniambiental.com.ar\\\/info\\\/wp-content\\\/uploads\\\/2019\\\/11\\\/max_1159_0.jpg\",\"datePublished\":\"2019-11-05T10:00:33+00:00\",\"breadcrumb\":{\"@id\":\"https:\\\/\\\/patagoniambiental.com.ar\\\/info\\\/la-unrn-concluyo-el-primer-estudio-ambiental-integral-de-la-cuenca-del-rio-negro\\\/#breadcrumb\"},\"inLanguage\":\"es\",\"potentialAction\":[{\"@type\":\"ReadAction\",\"target\":[\"https:\\\/\\\/patagoniambiental.com.ar\\\/info\\\/la-unrn-concluyo-el-primer-estudio-ambiental-integral-de-la-cuenca-del-rio-negro\\\/\"]}]},{\"@type\":\"ImageObject\",\"inLanguage\":\"es\",\"@id\":\"https:\\\/\\\/patagoniambiental.com.ar\\\/info\\\/la-unrn-concluyo-el-primer-estudio-ambiental-integral-de-la-cuenca-del-rio-negro\\\/#primaryimage\",\"url\":\"https:\\\/\\\/patagoniambiental.com.ar\\\/info\\\/wp-content\\\/uploads\\\/2019\\\/11\\\/max_1159_0.jpg\",\"contentUrl\":\"https:\\\/\\\/patagoniambiental.com.ar\\\/info\\\/wp-content\\\/uploads\\\/2019\\\/11\\\/max_1159_0.jpg\",\"width\":836,\"height\":600},{\"@type\":\"BreadcrumbList\",\"@id\":\"https:\\\/\\\/patagoniambiental.com.ar\\\/info\\\/la-unrn-concluyo-el-primer-estudio-ambiental-integral-de-la-cuenca-del-rio-negro\\\/#breadcrumb\",\"itemListElement\":[{\"@type\":\"ListItem\",\"position\":1,\"name\":\"Inicio\",\"item\":\"https:\\\/\\\/patagoniambiental.com.ar\\\/info\\\/\"},{\"@type\":\"ListItem\",\"position\":2,\"name\":\"LA UNRN CONCLUY\u00d3 EL PRIMER ESTUDIO AMBIENTAL INTEGRAL DE LA CUENCA DEL R\u00cdO NEGRO\"}]},{\"@type\":\"WebSite\",\"@id\":\"https:\\\/\\\/patagoniambiental.com.ar\\\/info\\\/#website\",\"url\":\"https:\\\/\\\/patagoniambiental.com.ar\\\/info\\\/\",\"name\":\"Patagonia Ambiental\",\"description\":\"Monitoreo y an\u00e1lisis de la situaci\u00f3n geopol\u00edtica en el mundo y su implicancia en la Patagonia\",\"publisher\":{\"@id\":\"https:\\\/\\\/patagoniambiental.com.ar\\\/info\\\/#organization\"},\"potentialAction\":[{\"@type\":\"SearchAction\",\"target\":{\"@type\":\"EntryPoint\",\"urlTemplate\":\"https:\\\/\\\/patagoniambiental.com.ar\\\/info\\\/?s={search_term_string}\"},\"query-input\":{\"@type\":\"PropertyValueSpecification\",\"valueRequired\":true,\"valueName\":\"search_term_string\"}}],\"inLanguage\":\"es\"},{\"@type\":\"Organization\",\"@id\":\"https:\\\/\\\/patagoniambiental.com.ar\\\/info\\\/#organization\",\"name\":\"Patagonia Ambiental\",\"url\":\"https:\\\/\\\/patagoniambiental.com.ar\\\/info\\\/\",\"logo\":{\"@type\":\"ImageObject\",\"inLanguage\":\"es\",\"@id\":\"https:\\\/\\\/patagoniambiental.com.ar\\\/info\\\/#\\\/schema\\\/logo\\\/image\\\/\",\"url\":\"https:\\\/\\\/patagoniambiental.com.ar\\\/info\\\/wp-content\\\/uploads\\\/2025\\\/05\\\/LOGO-PATAGONIA-AMBIENTAL.png\",\"contentUrl\":\"https:\\\/\\\/patagoniambiental.com.ar\\\/info\\\/wp-content\\\/uploads\\\/2025\\\/05\\\/LOGO-PATAGONIA-AMBIENTAL.png\",\"width\":433,\"height\":250,\"caption\":\"Patagonia Ambiental\"},\"image\":{\"@id\":\"https:\\\/\\\/patagoniambiental.com.ar\\\/info\\\/#\\\/schema\\\/logo\\\/image\\\/\"},\"sameAs\":[\"https:\\\/\\\/www.facebook.com\\\/patagonia.ambiental\",\"https:\\\/\\\/x.com\\\/PatAmb\"]},{\"@type\":\"Person\",\"@id\":\"https:\\\/\\\/patagoniambiental.com.ar\\\/info\\\/#\\\/schema\\\/person\\\/db12bff64bbcbf6a253710bf0ea37b5d\",\"name\":\"Patagonia Ambiental\",\"description\":\"Andr\u00e9s Nievas T\u00e9cnico en manejo ambiental, consultor Ambiental y escritor para medios locales e internacionales sobre temas de geopolitica y medio ambiente.\",\"sameAs\":[\"http:\\\/\\\/www.patagoniambiental.com.ar\",\"https:\\\/\\\/www.facebook.com\\\/share\\\/1C1V8Gv9BX\\\/?mibextid=qi2Omg\",\"@patagoniambiental\",\"https:\\\/\\\/youtube.com\\\/@patagoniaambiental2023?si=BLt58t0wuXquxlYZ\"]}]}<\/script>\n<!-- \/ Yoast SEO Premium plugin. -->","yoast_head_json":{"title":"LA UNRN CONCLUY\u00d3 EL PRIMER ESTUDIO AMBIENTAL INTEGRAL DE LA CUENCA DEL R\u00cdO NEGRO","robots":{"index":"index","follow":"follow","max-snippet":"max-snippet:-1","max-image-preview":"max-image-preview:large","max-video-preview":"max-video-preview:-1"},"canonical":"https:\/\/patagoniambiental.com.ar\/info\/la-unrn-concluyo-el-primer-estudio-ambiental-integral-de-la-cuenca-del-rio-negro\/","og_locale":"es_ES","og_type":"article","og_title":"LA UNRN CONCLUY\u00d3 EL PRIMER ESTUDIO AMBIENTAL INTEGRAL DE LA CUENCA DEL R\u00cdO NEGRO","og_description":"Viedma.-Es el\u00a0primer estudio cient\u00edfico integral\u00a0sobre\u00a0el \u201cEstado Ambiental del r\u00edo Negro\u201d,\u00a0realizado en simult\u00e1neo en distintos puntos georreferenciados abarcando toda la cuenca.","og_url":"https:\/\/patagoniambiental.com.ar\/info\/la-unrn-concluyo-el-primer-estudio-ambiental-integral-de-la-cuenca-del-rio-negro\/","og_site_name":"Patagonia Ambiental","article_publisher":"https:\/\/www.facebook.com\/patagonia.ambiental","article_author":"https:\/\/www.facebook.com\/share\/1C1V8Gv9BX\/?mibextid=qi2Omg","article_published_time":"2019-11-05T10:00:33+00:00","og_image":[{"width":850,"height":610,"url":"https:\/\/patagoniambiental.com.ar\/info\/wp-content\/uploads\/2019\/11\/max_1159_0.jpg","type":"image\/jpeg"}],"author":"Patagonia Ambiental","twitter_card":"summary_large_image","twitter_creator":"@PatAmb","twitter_site":"@PatAmb","schema":{"@context":"https:\/\/schema.org","@graph":[{"@type":"Article","@id":"https:\/\/patagoniambiental.com.ar\/info\/la-unrn-concluyo-el-primer-estudio-ambiental-integral-de-la-cuenca-del-rio-negro\/#article","isPartOf":{"@id":"https:\/\/patagoniambiental.com.ar\/info\/la-unrn-concluyo-el-primer-estudio-ambiental-integral-de-la-cuenca-del-rio-negro\/"},"author":{"name":"Patagonia Ambiental","@id":"https:\/\/patagoniambiental.com.ar\/info\/#\/schema\/person\/db12bff64bbcbf6a253710bf0ea37b5d"},"headline":"LA UNRN CONCLUY\u00d3 EL PRIMER ESTUDIO AMBIENTAL INTEGRAL DE LA CUENCA DEL R\u00cdO NEGRO","datePublished":"2019-11-05T10:00:33+00:00","mainEntityOfPage":{"@id":"https:\/\/patagoniambiental.com.ar\/info\/la-unrn-concluyo-el-primer-estudio-ambiental-integral-de-la-cuenca-del-rio-negro\/"},"wordCount":1165,"commentCount":0,"publisher":{"@id":"https:\/\/patagoniambiental.com.ar\/info\/#organization"},"image":{"@id":"https:\/\/patagoniambiental.com.ar\/info\/la-unrn-concluyo-el-primer-estudio-ambiental-integral-de-la-cuenca-del-rio-negro\/#primaryimage"},"thumbnailUrl":"https:\/\/patagoniambiental.com.ar\/info\/wp-content\/uploads\/2019\/11\/max_1159_0.jpg","articleSection":["Noticias","Provinciales","R\u00edo Negro"],"inLanguage":"es","potentialAction":[{"@type":"CommentAction","name":"Comment","target":["https:\/\/patagoniambiental.com.ar\/info\/la-unrn-concluyo-el-primer-estudio-ambiental-integral-de-la-cuenca-del-rio-negro\/#respond"]}]},{"@type":"WebPage","@id":"https:\/\/patagoniambiental.com.ar\/info\/la-unrn-concluyo-el-primer-estudio-ambiental-integral-de-la-cuenca-del-rio-negro\/","url":"https:\/\/patagoniambiental.com.ar\/info\/la-unrn-concluyo-el-primer-estudio-ambiental-integral-de-la-cuenca-del-rio-negro\/","name":"LA UNRN CONCLUY\u00d3 EL PRIMER ESTUDIO AMBIENTAL INTEGRAL DE LA CUENCA DEL R\u00cdO NEGRO","isPartOf":{"@id":"https:\/\/patagoniambiental.com.ar\/info\/#website"},"primaryImageOfPage":{"@id":"https:\/\/patagoniambiental.com.ar\/info\/la-unrn-concluyo-el-primer-estudio-ambiental-integral-de-la-cuenca-del-rio-negro\/#primaryimage"},"image":{"@id":"https:\/\/patagoniambiental.com.ar\/info\/la-unrn-concluyo-el-primer-estudio-ambiental-integral-de-la-cuenca-del-rio-negro\/#primaryimage"},"thumbnailUrl":"https:\/\/patagoniambiental.com.ar\/info\/wp-content\/uploads\/2019\/11\/max_1159_0.jpg","datePublished":"2019-11-05T10:00:33+00:00","breadcrumb":{"@id":"https:\/\/patagoniambiental.com.ar\/info\/la-unrn-concluyo-el-primer-estudio-ambiental-integral-de-la-cuenca-del-rio-negro\/#breadcrumb"},"inLanguage":"es","potentialAction":[{"@type":"ReadAction","target":["https:\/\/patagoniambiental.com.ar\/info\/la-unrn-concluyo-el-primer-estudio-ambiental-integral-de-la-cuenca-del-rio-negro\/"]}]},{"@type":"ImageObject","inLanguage":"es","@id":"https:\/\/patagoniambiental.com.ar\/info\/la-unrn-concluyo-el-primer-estudio-ambiental-integral-de-la-cuenca-del-rio-negro\/#primaryimage","url":"https:\/\/patagoniambiental.com.ar\/info\/wp-content\/uploads\/2019\/11\/max_1159_0.jpg","contentUrl":"https:\/\/patagoniambiental.com.ar\/info\/wp-content\/uploads\/2019\/11\/max_1159_0.jpg","width":836,"height":600},{"@type":"BreadcrumbList","@id":"https:\/\/patagoniambiental.com.ar\/info\/la-unrn-concluyo-el-primer-estudio-ambiental-integral-de-la-cuenca-del-rio-negro\/#breadcrumb","itemListElement":[{"@type":"ListItem","position":1,"name":"Inicio","item":"https:\/\/patagoniambiental.com.ar\/info\/"},{"@type":"ListItem","position":2,"name":"LA UNRN CONCLUY\u00d3 EL PRIMER ESTUDIO AMBIENTAL INTEGRAL DE LA CUENCA DEL R\u00cdO NEGRO"}]},{"@type":"WebSite","@id":"https:\/\/patagoniambiental.com.ar\/info\/#website","url":"https:\/\/patagoniambiental.com.ar\/info\/","name":"Patagonia Ambiental","description":"Monitoreo y an\u00e1lisis de la situaci\u00f3n geopol\u00edtica en el mundo y su implicancia en la Patagonia","publisher":{"@id":"https:\/\/patagoniambiental.com.ar\/info\/#organization"},"potentialAction":[{"@type":"SearchAction","target":{"@type":"EntryPoint","urlTemplate":"https:\/\/patagoniambiental.com.ar\/info\/?s={search_term_string}"},"query-input":{"@type":"PropertyValueSpecification","valueRequired":true,"valueName":"search_term_string"}}],"inLanguage":"es"},{"@type":"Organization","@id":"https:\/\/patagoniambiental.com.ar\/info\/#organization","name":"Patagonia Ambiental","url":"https:\/\/patagoniambiental.com.ar\/info\/","logo":{"@type":"ImageObject","inLanguage":"es","@id":"https:\/\/patagoniambiental.com.ar\/info\/#\/schema\/logo\/image\/","url":"https:\/\/patagoniambiental.com.ar\/info\/wp-content\/uploads\/2025\/05\/LOGO-PATAGONIA-AMBIENTAL.png","contentUrl":"https:\/\/patagoniambiental.com.ar\/info\/wp-content\/uploads\/2025\/05\/LOGO-PATAGONIA-AMBIENTAL.png","width":433,"height":250,"caption":"Patagonia Ambiental"},"image":{"@id":"https:\/\/patagoniambiental.com.ar\/info\/#\/schema\/logo\/image\/"},"sameAs":["https:\/\/www.facebook.com\/patagonia.ambiental","https:\/\/x.com\/PatAmb"]},{"@type":"Person","@id":"https:\/\/patagoniambiental.com.ar\/info\/#\/schema\/person\/db12bff64bbcbf6a253710bf0ea37b5d","name":"Patagonia Ambiental","description":"Andr\u00e9s Nievas T\u00e9cnico en manejo ambiental, consultor Ambiental y escritor para medios locales e internacionales sobre temas de geopolitica y medio ambiente.","sameAs":["http:\/\/www.patagoniambiental.com.ar","https:\/\/www.facebook.com\/share\/1C1V8Gv9BX\/?mibextid=qi2Omg","@patagoniambiental","https:\/\/youtube.com\/@patagoniaambiental2023?si=BLt58t0wuXquxlYZ"]}]}},"_links":{"self":[{"href":"https:\/\/patagoniambiental.com.ar\/info\/wp-json\/wp\/v2\/posts\/63892","targetHints":{"allow":["GET"]}}],"collection":[{"href":"https:\/\/patagoniambiental.com.ar\/info\/wp-json\/wp\/v2\/posts"}],"about":[{"href":"https:\/\/patagoniambiental.com.ar\/info\/wp-json\/wp\/v2\/types\/post"}],"author":[{"embeddable":true,"href":"https:\/\/patagoniambiental.com.ar\/info\/wp-json\/wp\/v2\/users\/2"}],"replies":[{"embeddable":true,"href":"https:\/\/patagoniambiental.com.ar\/info\/wp-json\/wp\/v2\/comments?post=63892"}],"version-history":[{"count":0,"href":"https:\/\/patagoniambiental.com.ar\/info\/wp-json\/wp\/v2\/posts\/63892\/revisions"}],"wp:featuredmedia":[{"embeddable":true,"href":"https:\/\/patagoniambiental.com.ar\/info\/wp-json\/wp\/v2\/media\/63893"}],"wp:attachment":[{"href":"https:\/\/patagoniambiental.com.ar\/info\/wp-json\/wp\/v2\/media?parent=63892"}],"wp:term":[{"taxonomy":"category","embeddable":true,"href":"https:\/\/patagoniambiental.com.ar\/info\/wp-json\/wp\/v2\/categories?post=63892"},{"taxonomy":"post_tag","embeddable":true,"href":"https:\/\/patagoniambiental.com.ar\/info\/wp-json\/wp\/v2\/tags?post=63892"}],"curies":[{"name":"wp","href":"https:\/\/api.w.org\/{rel}","templated":true}]}}