{"id":63932,"date":"2019-11-14T19:00:05","date_gmt":"2019-11-14T22:00:05","guid":{"rendered":"http:\/\/patagoniambiental.com.ar\/info\/?p=63932"},"modified":"2019-11-14T09:58:56","modified_gmt":"2019-11-14T12:58:56","slug":"la-planta-que-convertira-plasticos-en-combustibles-para-la-trochita-ya-tiene-un-80-de-avance","status":"publish","type":"post","link":"https:\/\/patagoniambiental.com.ar\/info\/la-planta-que-convertira-plasticos-en-combustibles-para-la-trochita-ya-tiene-un-80-de-avance\/","title":{"rendered":"La planta que convertir\u00e1 pl\u00e1sticos en combustibles para la Trochita ya tiene un 80% de avance"},"content":{"rendered":"<div class=\"row\">\n<div class=\"col-12\">\n<div class=\"position-relative img-overlay-70\">\n<div class=\"mask-content-lg\">\n<p class=\"title-semibold-light size-c30\">Ingeniero Jacobacci.-Un claro ejemplo de sinergia entre el sector privado y p\u00fablico, es este proyecto de triple impacto que generar\u00e1 combustible genuino para La Trochita, a partir del reciclado de pl\u00e1sticos de los municipios de la Regi\u00f3n Sur.<\/p>\n<\/div>\n<\/div>\n<\/div>\n<\/div>\n<p><!--more--><\/p>\n<div class=\"item-box-light-lg mb-30\">\n<p>El ministro de Econom\u00eda, Agust\u00edn Domingo, junto al secretario de Medios, Rodrigo Buteler y el secretario de Ciencia y Tecnolog\u00eda Hugo Josserme, visitaron en Bariloche, el Laboratorio de Desarrollo de Energ\u00edas Renovables de la Empresa Tres B. Los funcionarios fueron recibidos por el Gerente General de la Empresa, Pablo Orellano.<\/p>\n<p><iframe src=\"https:\/\/www.youtube.com\/embed\/FaaZjY7eFuM\" width=\"560\" height=\"315\" frameborder=\"0\" data-mce-fragment=\"1\"><\/iframe><\/p>\n<p>En la Empresa Tres B,\u00a0 se est\u00e1 desarrollando la planta de generaci\u00f3n de combustible a partir de residuos pl\u00e1sticos, que pr\u00f3ximamente ser\u00e1 trasladada a Jacobacci para comenzar con la generaci\u00f3n de combustible que ser\u00e1 utilizado por el tren tur\u00edstico La Trochita.\u00a0 Se estima que se podr\u00e1 generar 800 litros de combustible por cada 1000 kilos de pl\u00e1sticos procesados.<\/p>\n<p>Este proyecto no s\u00f3lo permitir\u00e1 la generaci\u00f3n de mano de obra en todas las localidades de la Regi\u00f3n Sur donde se realizar\u00e1 el acopio del pl\u00e1stico reciclado, sino tambi\u00e9n en la misma planta y todo el impacto que tiene la Trochita como producto tur\u00edstico.<\/p>\n<p>Domingo, destac\u00f3 que este proyecto es un ejemplo del trabajo en comuni\u00f3n entre lo p\u00fablico y lo privado, \u201cestamos muy contentos ya que este proyecto surge de la uni\u00f3n de ocho municipios que estuvieron de acuerdo en llevar adelante el plan y la cofinanciaci\u00f3n de la Provincia y la secretar\u00eda de Ciencia y T\u00e9cnica de Naci\u00f3n. La construcci\u00f3n de la planta la est\u00e1 desarrollando una PYME local, quien cuenta con el apoyo del Gobierno provincial, a trav\u00e9s de la secretar\u00eda de Ciencia y T\u00e9cnica del Ministerio de Econom\u00eda, la secretar\u00eda de Medio Ambiente y el Tren Patag\u00f3nico\u201d.<\/p>\n<p>Por otra parte, Orellano, manifest\u00f3: \u201cEstamos en la fase de integraci\u00f3n de la planta, una parte se est\u00e1 poniendo en marcha que es la de generaci\u00f3n de energ\u00eda t\u00e9rmica, el resto de los componentes de la planta ya est\u00e1n adquiridos y est\u00e1n siendo integrados, pensamos que a la brevedad vamos a tener la planta con integraci\u00f3n completa\u201d.<\/p>\n<p>La planta ser\u00e1 trasladada a Jacobacci, previa capacitaci\u00f3n en Bariloche del personal que la operar\u00e1. \u201cNo es s\u00f3lo un beneficio desde el punto de vista ambiental sino tambi\u00e9n desde el punto de vista social, ya que habr\u00e1 una serie de tareas que se tendr\u00e1n que realizar y adem\u00e1s la posibilidad de que el tren pueda dar un servicio a trav\u00e9s del uso de un recurso reciclado\u201d, concluy\u00f3 Orellano.<\/p>\n<p>Fuente<\/p>\n<p>Gobierno de Rio Negro<\/p>\n<\/div>\n","protected":false},"excerpt":{"rendered":"<p>Ingeniero Jacobacci.-Un claro ejemplo de sinergia entre el sector privado y p\u00fablico, es este proyecto de triple impacto que generar\u00e1 [&hellip;]<\/p>\n","protected":false},"author":2,"featured_media":63933,"comment_status":"open","ping_status":"open","sticky":false,"template":"","format":"standard","meta":{"site-sidebar-layout":"default","site-content-layout":"","ast-site-content-layout":"default","site-content-style":"default","site-sidebar-style":"default","ast-global-header-display":"","ast-banner-title-visibility":"","ast-main-header-display":"","ast-hfb-above-header-display":"","ast-hfb-below-header-display":"","ast-hfb-mobile-header-display":"","site-post-title":"","ast-breadcrumbs-content":"","ast-featured-img":"","footer-sml-layout":"","ast-disable-related-posts":"","theme-transparent-header-meta":"","adv-header-id-meta":"","stick-header-meta":"","header-above-stick-meta":"","header-main-stick-meta":"","header-below-stick-meta":"","astra-migrate-meta-layouts":"default","ast-page-background-enabled":"default","ast-page-background-meta":{"desktop":{"background-color":"var(--ast-global-color-5)","background-image":"","background-repeat":"repeat","background-position":"center center","background-size":"auto","background-attachment":"scroll","background-type":"","background-media":"","overlay-type":"","overlay-color":"","overlay-opacity":"","overlay-gradient":""},"tablet":{"background-color":"","background-image":"","background-repeat":"repeat","background-position":"center center","background-size":"auto","background-attachment":"scroll","background-type":"","background-media":"","overlay-type":"","overlay-color":"","overlay-opacity":"","overlay-gradient":""},"mobile":{"background-color":"","background-image":"","background-repeat":"repeat","background-position":"center center","background-size":"auto","background-attachment":"scroll","background-type":"","background-media":"","overlay-type":"","overlay-color":"","overlay-opacity":"","overlay-gradient":""}},"ast-content-background-meta":{"desktop":{"background-color":"var(--ast-global-color-4)","background-image":"","background-repeat":"repeat","background-position":"center center","background-size":"auto","background-attachment":"scroll","background-type":"","background-media":"","overlay-type":"","overlay-color":"","overlay-opacity":"","overlay-gradient":""},"tablet":{"background-color":"var(--ast-global-color-4)","background-image":"","background-repeat":"repeat","background-position":"center center","background-size":"auto","background-attachment":"scroll","background-type":"","background-media":"","overlay-type":"","overlay-color":"","overlay-opacity":"","overlay-gradient":""},"mobile":{"background-color":"var(--ast-global-color-4)","background-image":"","background-repeat":"repeat","background-position":"center center","background-size":"auto","background-attachment":"scroll","background-type":"","background-media":"","overlay-type":"","overlay-color":"","overlay-opacity":"","overlay-gradient":""}},"footnotes":""},"categories":[3357,1,13,14,10],"tags":[],"class_list":["post-63932","post","type-post","status-publish","format-standard","has-post-thumbnail","hentry","category-girsu","category-noticias","category-provinciales","category-rio-negro","category-rotador"],"yoast_head":"<!-- This site is optimized with the Yoast SEO Premium plugin v23.0 (Yoast SEO v27.5) - https:\/\/yoast.com\/product\/yoast-seo-premium-wordpress\/ -->\n<title>La planta que convertir\u00e1 pl\u00e1sticos en combustibles para la Trochita ya tiene un 80% de avance<\/title>\n<meta name=\"robots\" content=\"index, follow, max-snippet:-1, max-image-preview:large, max-video-preview:-1\" \/>\n<link rel=\"canonical\" href=\"https:\/\/patagoniambiental.com.ar\/info\/la-planta-que-convertira-plasticos-en-combustibles-para-la-trochita-ya-tiene-un-80-de-avance\/\" \/>\n<meta property=\"og:locale\" content=\"es_ES\" \/>\n<meta property=\"og:type\" content=\"article\" \/>\n<meta property=\"og:title\" content=\"La planta que convertir\u00e1 pl\u00e1sticos en combustibles para la Trochita ya tiene un 80% de avance\" \/>\n<meta property=\"og:description\" content=\"Ingeniero Jacobacci.-Un claro ejemplo de sinergia entre el sector privado y p\u00fablico, es este proyecto de triple impacto que generar\u00e1 [&hellip;]\" \/>\n<meta property=\"og:url\" content=\"https:\/\/patagoniambiental.com.ar\/info\/la-planta-que-convertira-plasticos-en-combustibles-para-la-trochita-ya-tiene-un-80-de-avance\/\" \/>\n<meta property=\"og:site_name\" content=\"Patagonia Ambiental\" \/>\n<meta property=\"article:publisher\" content=\"https:\/\/www.facebook.com\/patagonia.ambiental\" \/>\n<meta property=\"article:author\" content=\"https:\/\/www.facebook.com\/share\/1C1V8Gv9BX\/?mibextid=qi2Omg\" \/>\n<meta property=\"article:published_time\" content=\"2019-11-14T22:00:05+00:00\" \/>\n<meta property=\"og:image\" content=\"https:\/\/patagoniambiental.com.ar\/info\/wp-content\/uploads\/2019\/11\/00045890.jpg\" \/>\n\t<meta property=\"og:image:width\" content=\"924\" \/>\n\t<meta property=\"og:image:height\" content=\"616\" \/>\n\t<meta property=\"og:image:type\" content=\"image\/jpeg\" \/>\n<meta name=\"author\" content=\"Patagonia Ambiental\" \/>\n<meta name=\"twitter:card\" content=\"summary_large_image\" \/>\n<meta name=\"twitter:creator\" content=\"@PatAmb\" \/>\n<meta name=\"twitter:site\" content=\"@PatAmb\" \/>\n<script type=\"application\/ld+json\" class=\"yoast-schema-graph\">{\"@context\":\"https:\\\/\\\/schema.org\",\"@graph\":[{\"@type\":\"Article\",\"@id\":\"https:\\\/\\\/patagoniambiental.com.ar\\\/info\\\/la-planta-que-convertira-plasticos-en-combustibles-para-la-trochita-ya-tiene-un-80-de-avance\\\/#article\",\"isPartOf\":{\"@id\":\"https:\\\/\\\/patagoniambiental.com.ar\\\/info\\\/la-planta-que-convertira-plasticos-en-combustibles-para-la-trochita-ya-tiene-un-80-de-avance\\\/\"},\"author\":{\"name\":\"Patagonia Ambiental\",\"@id\":\"https:\\\/\\\/patagoniambiental.com.ar\\\/info\\\/#\\\/schema\\\/person\\\/db12bff64bbcbf6a253710bf0ea37b5d\"},\"headline\":\"La planta que convertir\u00e1 pl\u00e1sticos en combustibles para la Trochita ya tiene un 80% de avance\",\"datePublished\":\"2019-11-14T22:00:05+00:00\",\"mainEntityOfPage\":{\"@id\":\"https:\\\/\\\/patagoniambiental.com.ar\\\/info\\\/la-planta-que-convertira-plasticos-en-combustibles-para-la-trochita-ya-tiene-un-80-de-avance\\\/\"},\"wordCount\":478,\"commentCount\":0,\"publisher\":{\"@id\":\"https:\\\/\\\/patagoniambiental.com.ar\\\/info\\\/#organization\"},\"image\":{\"@id\":\"https:\\\/\\\/patagoniambiental.com.ar\\\/info\\\/la-planta-que-convertira-plasticos-en-combustibles-para-la-trochita-ya-tiene-un-80-de-avance\\\/#primaryimage\"},\"thumbnailUrl\":\"https:\\\/\\\/patagoniambiental.com.ar\\\/info\\\/wp-content\\\/uploads\\\/2019\\\/11\\\/00045890.jpg\",\"articleSection\":[\"GIRSU\",\"Noticias\",\"Provinciales\",\"R\u00edo Negro\",\"Rotador\"],\"inLanguage\":\"es\",\"potentialAction\":[{\"@type\":\"CommentAction\",\"name\":\"Comment\",\"target\":[\"https:\\\/\\\/patagoniambiental.com.ar\\\/info\\\/la-planta-que-convertira-plasticos-en-combustibles-para-la-trochita-ya-tiene-un-80-de-avance\\\/#respond\"]}]},{\"@type\":\"WebPage\",\"@id\":\"https:\\\/\\\/patagoniambiental.com.ar\\\/info\\\/la-planta-que-convertira-plasticos-en-combustibles-para-la-trochita-ya-tiene-un-80-de-avance\\\/\",\"url\":\"https:\\\/\\\/patagoniambiental.com.ar\\\/info\\\/la-planta-que-convertira-plasticos-en-combustibles-para-la-trochita-ya-tiene-un-80-de-avance\\\/\",\"name\":\"La planta que convertir\u00e1 pl\u00e1sticos en combustibles para la Trochita ya tiene un 80% de avance\",\"isPartOf\":{\"@id\":\"https:\\\/\\\/patagoniambiental.com.ar\\\/info\\\/#website\"},\"primaryImageOfPage\":{\"@id\":\"https:\\\/\\\/patagoniambiental.com.ar\\\/info\\\/la-planta-que-convertira-plasticos-en-combustibles-para-la-trochita-ya-tiene-un-80-de-avance\\\/#primaryimage\"},\"image\":{\"@id\":\"https:\\\/\\\/patagoniambiental.com.ar\\\/info\\\/la-planta-que-convertira-plasticos-en-combustibles-para-la-trochita-ya-tiene-un-80-de-avance\\\/#primaryimage\"},\"thumbnailUrl\":\"https:\\\/\\\/patagoniambiental.com.ar\\\/info\\\/wp-content\\\/uploads\\\/2019\\\/11\\\/00045890.jpg\",\"datePublished\":\"2019-11-14T22:00:05+00:00\",\"breadcrumb\":{\"@id\":\"https:\\\/\\\/patagoniambiental.com.ar\\\/info\\\/la-planta-que-convertira-plasticos-en-combustibles-para-la-trochita-ya-tiene-un-80-de-avance\\\/#breadcrumb\"},\"inLanguage\":\"es\",\"potentialAction\":[{\"@type\":\"ReadAction\",\"target\":[\"https:\\\/\\\/patagoniambiental.com.ar\\\/info\\\/la-planta-que-convertira-plasticos-en-combustibles-para-la-trochita-ya-tiene-un-80-de-avance\\\/\"]}]},{\"@type\":\"ImageObject\",\"inLanguage\":\"es\",\"@id\":\"https:\\\/\\\/patagoniambiental.com.ar\\\/info\\\/la-planta-que-convertira-plasticos-en-combustibles-para-la-trochita-ya-tiene-un-80-de-avance\\\/#primaryimage\",\"url\":\"https:\\\/\\\/patagoniambiental.com.ar\\\/info\\\/wp-content\\\/uploads\\\/2019\\\/11\\\/00045890.jpg\",\"contentUrl\":\"https:\\\/\\\/patagoniambiental.com.ar\\\/info\\\/wp-content\\\/uploads\\\/2019\\\/11\\\/00045890.jpg\",\"width\":900,\"height\":600},{\"@type\":\"BreadcrumbList\",\"@id\":\"https:\\\/\\\/patagoniambiental.com.ar\\\/info\\\/la-planta-que-convertira-plasticos-en-combustibles-para-la-trochita-ya-tiene-un-80-de-avance\\\/#breadcrumb\",\"itemListElement\":[{\"@type\":\"ListItem\",\"position\":1,\"name\":\"Inicio\",\"item\":\"https:\\\/\\\/patagoniambiental.com.ar\\\/info\\\/\"},{\"@type\":\"ListItem\",\"position\":2,\"name\":\"La planta que convertir\u00e1 pl\u00e1sticos en combustibles para la Trochita ya tiene un 80% de avance\"}]},{\"@type\":\"WebSite\",\"@id\":\"https:\\\/\\\/patagoniambiental.com.ar\\\/info\\\/#website\",\"url\":\"https:\\\/\\\/patagoniambiental.com.ar\\\/info\\\/\",\"name\":\"Patagonia Ambiental\",\"description\":\"Monitoreo y an\u00e1lisis de la situaci\u00f3n geopol\u00edtica en el mundo y su implicancia en la Patagonia\",\"publisher\":{\"@id\":\"https:\\\/\\\/patagoniambiental.com.ar\\\/info\\\/#organization\"},\"potentialAction\":[{\"@type\":\"SearchAction\",\"target\":{\"@type\":\"EntryPoint\",\"urlTemplate\":\"https:\\\/\\\/patagoniambiental.com.ar\\\/info\\\/?s={search_term_string}\"},\"query-input\":{\"@type\":\"PropertyValueSpecification\",\"valueRequired\":true,\"valueName\":\"search_term_string\"}}],\"inLanguage\":\"es\"},{\"@type\":\"Organization\",\"@id\":\"https:\\\/\\\/patagoniambiental.com.ar\\\/info\\\/#organization\",\"name\":\"Patagonia Ambiental\",\"url\":\"https:\\\/\\\/patagoniambiental.com.ar\\\/info\\\/\",\"logo\":{\"@type\":\"ImageObject\",\"inLanguage\":\"es\",\"@id\":\"https:\\\/\\\/patagoniambiental.com.ar\\\/info\\\/#\\\/schema\\\/logo\\\/image\\\/\",\"url\":\"https:\\\/\\\/patagoniambiental.com.ar\\\/info\\\/wp-content\\\/uploads\\\/2025\\\/05\\\/LOGO-PATAGONIA-AMBIENTAL.png\",\"contentUrl\":\"https:\\\/\\\/patagoniambiental.com.ar\\\/info\\\/wp-content\\\/uploads\\\/2025\\\/05\\\/LOGO-PATAGONIA-AMBIENTAL.png\",\"width\":433,\"height\":250,\"caption\":\"Patagonia Ambiental\"},\"image\":{\"@id\":\"https:\\\/\\\/patagoniambiental.com.ar\\\/info\\\/#\\\/schema\\\/logo\\\/image\\\/\"},\"sameAs\":[\"https:\\\/\\\/www.facebook.com\\\/patagonia.ambiental\",\"https:\\\/\\\/x.com\\\/PatAmb\"]},{\"@type\":\"Person\",\"@id\":\"https:\\\/\\\/patagoniambiental.com.ar\\\/info\\\/#\\\/schema\\\/person\\\/db12bff64bbcbf6a253710bf0ea37b5d\",\"name\":\"Patagonia Ambiental\",\"description\":\"Andr\u00e9s Nievas T\u00e9cnico en manejo ambiental, consultor Ambiental y escritor para medios locales e internacionales sobre temas de geopolitica y medio ambiente.\",\"sameAs\":[\"http:\\\/\\\/www.patagoniambiental.com.ar\",\"https:\\\/\\\/www.facebook.com\\\/share\\\/1C1V8Gv9BX\\\/?mibextid=qi2Omg\",\"@patagoniambiental\",\"https:\\\/\\\/youtube.com\\\/@patagoniaambiental2023?si=BLt58t0wuXquxlYZ\"]}]}<\/script>\n<!-- \/ Yoast SEO Premium plugin. -->","yoast_head_json":{"title":"La planta que convertir\u00e1 pl\u00e1sticos en combustibles para la Trochita ya tiene un 80% de avance","robots":{"index":"index","follow":"follow","max-snippet":"max-snippet:-1","max-image-preview":"max-image-preview:large","max-video-preview":"max-video-preview:-1"},"canonical":"https:\/\/patagoniambiental.com.ar\/info\/la-planta-que-convertira-plasticos-en-combustibles-para-la-trochita-ya-tiene-un-80-de-avance\/","og_locale":"es_ES","og_type":"article","og_title":"La planta que convertir\u00e1 pl\u00e1sticos en combustibles para la Trochita ya tiene un 80% de avance","og_description":"Ingeniero Jacobacci.-Un claro ejemplo de sinergia entre el sector privado y p\u00fablico, es este proyecto de triple impacto que generar\u00e1 [&hellip;]","og_url":"https:\/\/patagoniambiental.com.ar\/info\/la-planta-que-convertira-plasticos-en-combustibles-para-la-trochita-ya-tiene-un-80-de-avance\/","og_site_name":"Patagonia Ambiental","article_publisher":"https:\/\/www.facebook.com\/patagonia.ambiental","article_author":"https:\/\/www.facebook.com\/share\/1C1V8Gv9BX\/?mibextid=qi2Omg","article_published_time":"2019-11-14T22:00:05+00:00","og_image":[{"width":924,"height":616,"url":"https:\/\/patagoniambiental.com.ar\/info\/wp-content\/uploads\/2019\/11\/00045890.jpg","type":"image\/jpeg"}],"author":"Patagonia Ambiental","twitter_card":"summary_large_image","twitter_creator":"@PatAmb","twitter_site":"@PatAmb","schema":{"@context":"https:\/\/schema.org","@graph":[{"@type":"Article","@id":"https:\/\/patagoniambiental.com.ar\/info\/la-planta-que-convertira-plasticos-en-combustibles-para-la-trochita-ya-tiene-un-80-de-avance\/#article","isPartOf":{"@id":"https:\/\/patagoniambiental.com.ar\/info\/la-planta-que-convertira-plasticos-en-combustibles-para-la-trochita-ya-tiene-un-80-de-avance\/"},"author":{"name":"Patagonia Ambiental","@id":"https:\/\/patagoniambiental.com.ar\/info\/#\/schema\/person\/db12bff64bbcbf6a253710bf0ea37b5d"},"headline":"La planta que convertir\u00e1 pl\u00e1sticos en combustibles para la Trochita ya tiene un 80% de avance","datePublished":"2019-11-14T22:00:05+00:00","mainEntityOfPage":{"@id":"https:\/\/patagoniambiental.com.ar\/info\/la-planta-que-convertira-plasticos-en-combustibles-para-la-trochita-ya-tiene-un-80-de-avance\/"},"wordCount":478,"commentCount":0,"publisher":{"@id":"https:\/\/patagoniambiental.com.ar\/info\/#organization"},"image":{"@id":"https:\/\/patagoniambiental.com.ar\/info\/la-planta-que-convertira-plasticos-en-combustibles-para-la-trochita-ya-tiene-un-80-de-avance\/#primaryimage"},"thumbnailUrl":"https:\/\/patagoniambiental.com.ar\/info\/wp-content\/uploads\/2019\/11\/00045890.jpg","articleSection":["GIRSU","Noticias","Provinciales","R\u00edo Negro","Rotador"],"inLanguage":"es","potentialAction":[{"@type":"CommentAction","name":"Comment","target":["https:\/\/patagoniambiental.com.ar\/info\/la-planta-que-convertira-plasticos-en-combustibles-para-la-trochita-ya-tiene-un-80-de-avance\/#respond"]}]},{"@type":"WebPage","@id":"https:\/\/patagoniambiental.com.ar\/info\/la-planta-que-convertira-plasticos-en-combustibles-para-la-trochita-ya-tiene-un-80-de-avance\/","url":"https:\/\/patagoniambiental.com.ar\/info\/la-planta-que-convertira-plasticos-en-combustibles-para-la-trochita-ya-tiene-un-80-de-avance\/","name":"La planta que convertir\u00e1 pl\u00e1sticos en combustibles para la Trochita ya tiene un 80% de avance","isPartOf":{"@id":"https:\/\/patagoniambiental.com.ar\/info\/#website"},"primaryImageOfPage":{"@id":"https:\/\/patagoniambiental.com.ar\/info\/la-planta-que-convertira-plasticos-en-combustibles-para-la-trochita-ya-tiene-un-80-de-avance\/#primaryimage"},"image":{"@id":"https:\/\/patagoniambiental.com.ar\/info\/la-planta-que-convertira-plasticos-en-combustibles-para-la-trochita-ya-tiene-un-80-de-avance\/#primaryimage"},"thumbnailUrl":"https:\/\/patagoniambiental.com.ar\/info\/wp-content\/uploads\/2019\/11\/00045890.jpg","datePublished":"2019-11-14T22:00:05+00:00","breadcrumb":{"@id":"https:\/\/patagoniambiental.com.ar\/info\/la-planta-que-convertira-plasticos-en-combustibles-para-la-trochita-ya-tiene-un-80-de-avance\/#breadcrumb"},"inLanguage":"es","potentialAction":[{"@type":"ReadAction","target":["https:\/\/patagoniambiental.com.ar\/info\/la-planta-que-convertira-plasticos-en-combustibles-para-la-trochita-ya-tiene-un-80-de-avance\/"]}]},{"@type":"ImageObject","inLanguage":"es","@id":"https:\/\/patagoniambiental.com.ar\/info\/la-planta-que-convertira-plasticos-en-combustibles-para-la-trochita-ya-tiene-un-80-de-avance\/#primaryimage","url":"https:\/\/patagoniambiental.com.ar\/info\/wp-content\/uploads\/2019\/11\/00045890.jpg","contentUrl":"https:\/\/patagoniambiental.com.ar\/info\/wp-content\/uploads\/2019\/11\/00045890.jpg","width":900,"height":600},{"@type":"BreadcrumbList","@id":"https:\/\/patagoniambiental.com.ar\/info\/la-planta-que-convertira-plasticos-en-combustibles-para-la-trochita-ya-tiene-un-80-de-avance\/#breadcrumb","itemListElement":[{"@type":"ListItem","position":1,"name":"Inicio","item":"https:\/\/patagoniambiental.com.ar\/info\/"},{"@type":"ListItem","position":2,"name":"La planta que convertir\u00e1 pl\u00e1sticos en combustibles para la Trochita ya tiene un 80% de avance"}]},{"@type":"WebSite","@id":"https:\/\/patagoniambiental.com.ar\/info\/#website","url":"https:\/\/patagoniambiental.com.ar\/info\/","name":"Patagonia Ambiental","description":"Monitoreo y an\u00e1lisis de la situaci\u00f3n geopol\u00edtica en el mundo y su implicancia en la Patagonia","publisher":{"@id":"https:\/\/patagoniambiental.com.ar\/info\/#organization"},"potentialAction":[{"@type":"SearchAction","target":{"@type":"EntryPoint","urlTemplate":"https:\/\/patagoniambiental.com.ar\/info\/?s={search_term_string}"},"query-input":{"@type":"PropertyValueSpecification","valueRequired":true,"valueName":"search_term_string"}}],"inLanguage":"es"},{"@type":"Organization","@id":"https:\/\/patagoniambiental.com.ar\/info\/#organization","name":"Patagonia Ambiental","url":"https:\/\/patagoniambiental.com.ar\/info\/","logo":{"@type":"ImageObject","inLanguage":"es","@id":"https:\/\/patagoniambiental.com.ar\/info\/#\/schema\/logo\/image\/","url":"https:\/\/patagoniambiental.com.ar\/info\/wp-content\/uploads\/2025\/05\/LOGO-PATAGONIA-AMBIENTAL.png","contentUrl":"https:\/\/patagoniambiental.com.ar\/info\/wp-content\/uploads\/2025\/05\/LOGO-PATAGONIA-AMBIENTAL.png","width":433,"height":250,"caption":"Patagonia Ambiental"},"image":{"@id":"https:\/\/patagoniambiental.com.ar\/info\/#\/schema\/logo\/image\/"},"sameAs":["https:\/\/www.facebook.com\/patagonia.ambiental","https:\/\/x.com\/PatAmb"]},{"@type":"Person","@id":"https:\/\/patagoniambiental.com.ar\/info\/#\/schema\/person\/db12bff64bbcbf6a253710bf0ea37b5d","name":"Patagonia Ambiental","description":"Andr\u00e9s Nievas T\u00e9cnico en manejo ambiental, consultor Ambiental y escritor para medios locales e internacionales sobre temas de geopolitica y medio ambiente.","sameAs":["http:\/\/www.patagoniambiental.com.ar","https:\/\/www.facebook.com\/share\/1C1V8Gv9BX\/?mibextid=qi2Omg","@patagoniambiental","https:\/\/youtube.com\/@patagoniaambiental2023?si=BLt58t0wuXquxlYZ"]}]}},"_links":{"self":[{"href":"https:\/\/patagoniambiental.com.ar\/info\/wp-json\/wp\/v2\/posts\/63932","targetHints":{"allow":["GET"]}}],"collection":[{"href":"https:\/\/patagoniambiental.com.ar\/info\/wp-json\/wp\/v2\/posts"}],"about":[{"href":"https:\/\/patagoniambiental.com.ar\/info\/wp-json\/wp\/v2\/types\/post"}],"author":[{"embeddable":true,"href":"https:\/\/patagoniambiental.com.ar\/info\/wp-json\/wp\/v2\/users\/2"}],"replies":[{"embeddable":true,"href":"https:\/\/patagoniambiental.com.ar\/info\/wp-json\/wp\/v2\/comments?post=63932"}],"version-history":[{"count":0,"href":"https:\/\/patagoniambiental.com.ar\/info\/wp-json\/wp\/v2\/posts\/63932\/revisions"}],"wp:featuredmedia":[{"embeddable":true,"href":"https:\/\/patagoniambiental.com.ar\/info\/wp-json\/wp\/v2\/media\/63933"}],"wp:attachment":[{"href":"https:\/\/patagoniambiental.com.ar\/info\/wp-json\/wp\/v2\/media?parent=63932"}],"wp:term":[{"taxonomy":"category","embeddable":true,"href":"https:\/\/patagoniambiental.com.ar\/info\/wp-json\/wp\/v2\/categories?post=63932"},{"taxonomy":"post_tag","embeddable":true,"href":"https:\/\/patagoniambiental.com.ar\/info\/wp-json\/wp\/v2\/tags?post=63932"}],"curies":[{"name":"wp","href":"https:\/\/api.w.org\/{rel}","templated":true}]}}