{"id":63942,"date":"2019-11-17T07:00:31","date_gmt":"2019-11-17T10:00:31","guid":{"rendered":"http:\/\/patagoniambiental.com.ar\/info\/?p=63942"},"modified":"2019-11-14T10:45:18","modified_gmt":"2019-11-14T13:45:18","slug":"rayos-x-para-estudiar-el-unico-craneo-fosil-del-lagarto-gigante-de-la-palma","status":"publish","type":"post","link":"https:\/\/patagoniambiental.com.ar\/info\/rayos-x-para-estudiar-el-unico-craneo-fosil-del-lagarto-gigante-de-la-palma\/","title":{"rendered":"RAYOS X PARA ESTUDIAR EL \u00daNICO CR\u00c1NEO F\u00d3SIL DEL LAGARTO GIGANTE DE LA PALMA"},"content":{"rendered":"<div class=\"portada parallax clearfix\">\n<div class=\"tit-destacado\">Docente e investigadora de la UNRN forma parte del equipo multidisciplinario.<\/div>\n<\/div>\n<div class=\"detalle-link\">\n<div class=\"container clearfix\">\n<div class=\"row\">\n<div class=\"col-lg-9\">\n<div id=\"noticia-body\" class=\"text-gray16\"><span class=\"fl\">E<\/span>l estudio fue recientemente publicado en la revista Scientific Reports y se centra en el an\u00e1lisis del primer cr\u00e1neo f\u00f3sil descubierto en La Palma (Canarias) de la especie Gallotia auaritae.<\/div>\n<\/div>\n<\/div>\n<\/div>\n<\/div>\n<p><!--more--><\/p>\n<p>La Dra. Pen\u00e9lope Cruzado Caballero, docente de la carrera de Paleontolog\u00eda e investigadora de la Universidad Nacional de R\u00edo Negro, integra el equipo junto a investigadoras e investigadores del Consejo Nacional de Investigaciones Cient\u00edficas y T\u00e9cnicas (CONICET), la Universidad de La Laguna (ULL), el Institut Catal\u00e0 de Paleontologia Miquel Crusafont (ICP), la Universidad de Bristol y el International Centre for Theoretical Physics (ICTP).<\/p>\n<div class=\"container clearfix\">\n<div class=\"row\">\n<div class=\"col-lg-9\">\n<div class=\"text-gray16\">\n<p>El cr\u00e1neo fue encontrado en el a\u00f1o 2000 en el Barranco de Las Angustias, dentro del Parque Nacional de la Caldera de Taburiente, en la isla de La Palma y se trata del registro m\u00e1s antiguo de esta especie (Pleistoceno inferior-medio, hace entre 2.58 millones de a\u00f1os y 126.000 a\u00f1os). Para llevar a cabo su estudio sin poner en riesgo los delicados f\u00f3siles que lo componen, se opt\u00f3 por no retirar el sedimento circundante y realizar una tomograf\u00eda computarizada de rayos X llevada a cabo en Trieste (Italia).<\/p>\n<div class=\"texto-destacado\">Mediante tomograf\u00eda computarizada se han obtenido precisas im\u00e1genes del interior de los restos de este animal que habit\u00f3 en la isla durante el Pleistoceno inferior-medio (hace unos 2.58 a 0.126 millones de a\u00f1os)<\/div>\n<p>La tomograf\u00eda computarizada es una t\u00e9cnica radiogr\u00e1fica habitual en humanos que permite obtener im\u00e1genes secuenciales (o \u201ccortes\u201d) de gran resoluci\u00f3n. Su uso en paleontolog\u00eda es cada vez m\u00e1s frecuente, ya que permite observar el f\u00f3sil sin manipularlo y sin riesgo de da\u00f1o. Mediante esta t\u00e9cnica, se obtuvo una reconstrucci\u00f3n digital 3D del cr\u00e1neo, donde se puede ver como estar\u00edan dispuestos los huesos que lo conforman y las cavidades internas del cr\u00e1neo como el endocr\u00e1neo o el o\u00eddo interno.<\/p>\n<p>La investigaci\u00f3n se ha realizado en el marco del proyecto El patrimonio paleontol\u00f3gico de Canarias como un referente cultural y ambiental atl\u00e1ntico: Modelizaci\u00f3n 3D de los lagartos gigantes del g\u00e9nero Gallotia, de la Agencia Canaria de Investigaci\u00f3n, Innovaci\u00f3n y Sociedad de la Informaci\u00f3n, financiada la investigaci\u00f3n por el Gobierno de Canarias.<\/p>\n<\/div>\n<div id=\"noticia-slider\"><\/div>\n<\/div>\n<\/div>\n<\/div>\n<p>Fuente<\/p>\n<p>UNRN<\/p>\n<div id=\"noticia-slider\"><\/div>\n<div class=\"temas\"><\/div>\n","protected":false},"excerpt":{"rendered":"<p>Docente e investigadora de la UNRN forma parte del equipo multidisciplinario. El estudio fue recientemente publicado en la revista Scientific [&hellip;]<\/p>\n","protected":false},"author":2,"featured_media":63943,"comment_status":"open","ping_status":"open","sticky":false,"template":"","format":"standard","meta":{"site-sidebar-layout":"default","site-content-layout":"","ast-site-content-layout":"default","site-content-style":"default","site-sidebar-style":"default","ast-global-header-display":"","ast-banner-title-visibility":"","ast-main-header-display":"","ast-hfb-above-header-display":"","ast-hfb-below-header-display":"","ast-hfb-mobile-header-display":"","site-post-title":"","ast-breadcrumbs-content":"","ast-featured-img":"","footer-sml-layout":"","ast-disable-related-posts":"","theme-transparent-header-meta":"","adv-header-id-meta":"","stick-header-meta":"","header-above-stick-meta":"","header-main-stick-meta":"","header-below-stick-meta":"","astra-migrate-meta-layouts":"default","ast-page-background-enabled":"default","ast-page-background-meta":{"desktop":{"background-color":"var(--ast-global-color-5)","background-image":"","background-repeat":"repeat","background-position":"center center","background-size":"auto","background-attachment":"scroll","background-type":"","background-media":"","overlay-type":"","overlay-color":"","overlay-opacity":"","overlay-gradient":""},"tablet":{"background-color":"","background-image":"","background-repeat":"repeat","background-position":"center center","background-size":"auto","background-attachment":"scroll","background-type":"","background-media":"","overlay-type":"","overlay-color":"","overlay-opacity":"","overlay-gradient":""},"mobile":{"background-color":"","background-image":"","background-repeat":"repeat","background-position":"center center","background-size":"auto","background-attachment":"scroll","background-type":"","background-media":"","overlay-type":"","overlay-color":"","overlay-opacity":"","overlay-gradient":""}},"ast-content-background-meta":{"desktop":{"background-color":"var(--ast-global-color-4)","background-image":"","background-repeat":"repeat","background-position":"center center","background-size":"auto","background-attachment":"scroll","background-type":"","background-media":"","overlay-type":"","overlay-color":"","overlay-opacity":"","overlay-gradient":""},"tablet":{"background-color":"var(--ast-global-color-4)","background-image":"","background-repeat":"repeat","background-position":"center center","background-size":"auto","background-attachment":"scroll","background-type":"","background-media":"","overlay-type":"","overlay-color":"","overlay-opacity":"","overlay-gradient":""},"mobile":{"background-color":"var(--ast-global-color-4)","background-image":"","background-repeat":"repeat","background-position":"center center","background-size":"auto","background-attachment":"scroll","background-type":"","background-media":"","overlay-type":"","overlay-color":"","overlay-opacity":"","overlay-gradient":""}},"footnotes":""},"categories":[11,23,1],"tags":[],"class_list":["post-63942","post","type-post","status-publish","format-standard","has-post-thumbnail","hentry","category-boletin","category-internacionales","category-noticias"],"yoast_head":"<!-- This site is optimized with the Yoast SEO Premium plugin v23.0 (Yoast SEO v27.5) - https:\/\/yoast.com\/product\/yoast-seo-premium-wordpress\/ -->\n<title>RAYOS X PARA ESTUDIAR EL \u00daNICO CR\u00c1NEO F\u00d3SIL DEL LAGARTO GIGANTE DE LA PALMA<\/title>\n<meta name=\"robots\" content=\"index, follow, max-snippet:-1, max-image-preview:large, max-video-preview:-1\" \/>\n<link rel=\"canonical\" href=\"https:\/\/patagoniambiental.com.ar\/info\/rayos-x-para-estudiar-el-unico-craneo-fosil-del-lagarto-gigante-de-la-palma\/\" \/>\n<meta property=\"og:locale\" content=\"es_ES\" \/>\n<meta property=\"og:type\" content=\"article\" \/>\n<meta property=\"og:title\" content=\"RAYOS X PARA ESTUDIAR EL \u00daNICO CR\u00c1NEO F\u00d3SIL DEL LAGARTO GIGANTE DE LA PALMA\" \/>\n<meta property=\"og:description\" content=\"Docente e investigadora de la UNRN forma parte del equipo multidisciplinario. El estudio fue recientemente publicado en la revista Scientific [&hellip;]\" \/>\n<meta property=\"og:url\" content=\"https:\/\/patagoniambiental.com.ar\/info\/rayos-x-para-estudiar-el-unico-craneo-fosil-del-lagarto-gigante-de-la-palma\/\" \/>\n<meta property=\"og:site_name\" content=\"Patagonia Ambiental\" \/>\n<meta property=\"article:publisher\" content=\"https:\/\/www.facebook.com\/patagonia.ambiental\" \/>\n<meta property=\"article:author\" content=\"https:\/\/www.facebook.com\/share\/1C1V8Gv9BX\/?mibextid=qi2Omg\" \/>\n<meta property=\"article:published_time\" content=\"2019-11-17T10:00:31+00:00\" \/>\n<meta property=\"og:image\" content=\"https:\/\/patagoniambiental.com.ar\/info\/wp-content\/uploads\/2019\/11\/max_1186_0.jpg\" \/>\n\t<meta property=\"og:image:width\" content=\"1009\" \/>\n\t<meta property=\"og:image:height\" content=\"568\" \/>\n\t<meta property=\"og:image:type\" content=\"image\/jpeg\" \/>\n<meta name=\"author\" content=\"Patagonia Ambiental\" \/>\n<meta name=\"twitter:card\" content=\"summary_large_image\" \/>\n<meta name=\"twitter:creator\" content=\"@PatAmb\" \/>\n<meta name=\"twitter:site\" content=\"@PatAmb\" \/>\n<script type=\"application\/ld+json\" class=\"yoast-schema-graph\">{\"@context\":\"https:\\\/\\\/schema.org\",\"@graph\":[{\"@type\":\"Article\",\"@id\":\"https:\\\/\\\/patagoniambiental.com.ar\\\/info\\\/rayos-x-para-estudiar-el-unico-craneo-fosil-del-lagarto-gigante-de-la-palma\\\/#article\",\"isPartOf\":{\"@id\":\"https:\\\/\\\/patagoniambiental.com.ar\\\/info\\\/rayos-x-para-estudiar-el-unico-craneo-fosil-del-lagarto-gigante-de-la-palma\\\/\"},\"author\":{\"name\":\"Patagonia Ambiental\",\"@id\":\"https:\\\/\\\/patagoniambiental.com.ar\\\/info\\\/#\\\/schema\\\/person\\\/db12bff64bbcbf6a253710bf0ea37b5d\"},\"headline\":\"RAYOS X PARA ESTUDIAR EL \u00daNICO CR\u00c1NEO F\u00d3SIL DEL LAGARTO GIGANTE DE LA PALMA\",\"datePublished\":\"2019-11-17T10:00:31+00:00\",\"mainEntityOfPage\":{\"@id\":\"https:\\\/\\\/patagoniambiental.com.ar\\\/info\\\/rayos-x-para-estudiar-el-unico-craneo-fosil-del-lagarto-gigante-de-la-palma\\\/\"},\"wordCount\":410,\"commentCount\":0,\"publisher\":{\"@id\":\"https:\\\/\\\/patagoniambiental.com.ar\\\/info\\\/#organization\"},\"image\":{\"@id\":\"https:\\\/\\\/patagoniambiental.com.ar\\\/info\\\/rayos-x-para-estudiar-el-unico-craneo-fosil-del-lagarto-gigante-de-la-palma\\\/#primaryimage\"},\"thumbnailUrl\":\"https:\\\/\\\/patagoniambiental.com.ar\\\/info\\\/wp-content\\\/uploads\\\/2019\\\/11\\\/max_1186_0.jpg\",\"articleSection\":[\"Bolet\u00edn\",\"Internacionales\",\"Noticias\"],\"inLanguage\":\"es\",\"potentialAction\":[{\"@type\":\"CommentAction\",\"name\":\"Comment\",\"target\":[\"https:\\\/\\\/patagoniambiental.com.ar\\\/info\\\/rayos-x-para-estudiar-el-unico-craneo-fosil-del-lagarto-gigante-de-la-palma\\\/#respond\"]}]},{\"@type\":\"WebPage\",\"@id\":\"https:\\\/\\\/patagoniambiental.com.ar\\\/info\\\/rayos-x-para-estudiar-el-unico-craneo-fosil-del-lagarto-gigante-de-la-palma\\\/\",\"url\":\"https:\\\/\\\/patagoniambiental.com.ar\\\/info\\\/rayos-x-para-estudiar-el-unico-craneo-fosil-del-lagarto-gigante-de-la-palma\\\/\",\"name\":\"RAYOS X PARA ESTUDIAR EL \u00daNICO CR\u00c1NEO F\u00d3SIL DEL LAGARTO GIGANTE DE LA PALMA\",\"isPartOf\":{\"@id\":\"https:\\\/\\\/patagoniambiental.com.ar\\\/info\\\/#website\"},\"primaryImageOfPage\":{\"@id\":\"https:\\\/\\\/patagoniambiental.com.ar\\\/info\\\/rayos-x-para-estudiar-el-unico-craneo-fosil-del-lagarto-gigante-de-la-palma\\\/#primaryimage\"},\"image\":{\"@id\":\"https:\\\/\\\/patagoniambiental.com.ar\\\/info\\\/rayos-x-para-estudiar-el-unico-craneo-fosil-del-lagarto-gigante-de-la-palma\\\/#primaryimage\"},\"thumbnailUrl\":\"https:\\\/\\\/patagoniambiental.com.ar\\\/info\\\/wp-content\\\/uploads\\\/2019\\\/11\\\/max_1186_0.jpg\",\"datePublished\":\"2019-11-17T10:00:31+00:00\",\"breadcrumb\":{\"@id\":\"https:\\\/\\\/patagoniambiental.com.ar\\\/info\\\/rayos-x-para-estudiar-el-unico-craneo-fosil-del-lagarto-gigante-de-la-palma\\\/#breadcrumb\"},\"inLanguage\":\"es\",\"potentialAction\":[{\"@type\":\"ReadAction\",\"target\":[\"https:\\\/\\\/patagoniambiental.com.ar\\\/info\\\/rayos-x-para-estudiar-el-unico-craneo-fosil-del-lagarto-gigante-de-la-palma\\\/\"]}]},{\"@type\":\"ImageObject\",\"inLanguage\":\"es\",\"@id\":\"https:\\\/\\\/patagoniambiental.com.ar\\\/info\\\/rayos-x-para-estudiar-el-unico-craneo-fosil-del-lagarto-gigante-de-la-palma\\\/#primaryimage\",\"url\":\"https:\\\/\\\/patagoniambiental.com.ar\\\/info\\\/wp-content\\\/uploads\\\/2019\\\/11\\\/max_1186_0.jpg\",\"contentUrl\":\"https:\\\/\\\/patagoniambiental.com.ar\\\/info\\\/wp-content\\\/uploads\\\/2019\\\/11\\\/max_1186_0.jpg\",\"width\":1009,\"height\":568},{\"@type\":\"BreadcrumbList\",\"@id\":\"https:\\\/\\\/patagoniambiental.com.ar\\\/info\\\/rayos-x-para-estudiar-el-unico-craneo-fosil-del-lagarto-gigante-de-la-palma\\\/#breadcrumb\",\"itemListElement\":[{\"@type\":\"ListItem\",\"position\":1,\"name\":\"Inicio\",\"item\":\"https:\\\/\\\/patagoniambiental.com.ar\\\/info\\\/\"},{\"@type\":\"ListItem\",\"position\":2,\"name\":\"RAYOS X PARA ESTUDIAR EL \u00daNICO CR\u00c1NEO F\u00d3SIL DEL LAGARTO GIGANTE DE LA PALMA\"}]},{\"@type\":\"WebSite\",\"@id\":\"https:\\\/\\\/patagoniambiental.com.ar\\\/info\\\/#website\",\"url\":\"https:\\\/\\\/patagoniambiental.com.ar\\\/info\\\/\",\"name\":\"Patagonia Ambiental\",\"description\":\"Monitoreo y an\u00e1lisis de la situaci\u00f3n geopol\u00edtica en el mundo y su implicancia en la Patagonia\",\"publisher\":{\"@id\":\"https:\\\/\\\/patagoniambiental.com.ar\\\/info\\\/#organization\"},\"potentialAction\":[{\"@type\":\"SearchAction\",\"target\":{\"@type\":\"EntryPoint\",\"urlTemplate\":\"https:\\\/\\\/patagoniambiental.com.ar\\\/info\\\/?s={search_term_string}\"},\"query-input\":{\"@type\":\"PropertyValueSpecification\",\"valueRequired\":true,\"valueName\":\"search_term_string\"}}],\"inLanguage\":\"es\"},{\"@type\":\"Organization\",\"@id\":\"https:\\\/\\\/patagoniambiental.com.ar\\\/info\\\/#organization\",\"name\":\"Patagonia Ambiental\",\"url\":\"https:\\\/\\\/patagoniambiental.com.ar\\\/info\\\/\",\"logo\":{\"@type\":\"ImageObject\",\"inLanguage\":\"es\",\"@id\":\"https:\\\/\\\/patagoniambiental.com.ar\\\/info\\\/#\\\/schema\\\/logo\\\/image\\\/\",\"url\":\"https:\\\/\\\/patagoniambiental.com.ar\\\/info\\\/wp-content\\\/uploads\\\/2025\\\/05\\\/LOGO-PATAGONIA-AMBIENTAL.png\",\"contentUrl\":\"https:\\\/\\\/patagoniambiental.com.ar\\\/info\\\/wp-content\\\/uploads\\\/2025\\\/05\\\/LOGO-PATAGONIA-AMBIENTAL.png\",\"width\":433,\"height\":250,\"caption\":\"Patagonia Ambiental\"},\"image\":{\"@id\":\"https:\\\/\\\/patagoniambiental.com.ar\\\/info\\\/#\\\/schema\\\/logo\\\/image\\\/\"},\"sameAs\":[\"https:\\\/\\\/www.facebook.com\\\/patagonia.ambiental\",\"https:\\\/\\\/x.com\\\/PatAmb\"]},{\"@type\":\"Person\",\"@id\":\"https:\\\/\\\/patagoniambiental.com.ar\\\/info\\\/#\\\/schema\\\/person\\\/db12bff64bbcbf6a253710bf0ea37b5d\",\"name\":\"Patagonia Ambiental\",\"description\":\"Andr\u00e9s Nievas T\u00e9cnico en manejo ambiental, consultor Ambiental y escritor para medios locales e internacionales sobre temas de geopolitica y medio ambiente.\",\"sameAs\":[\"http:\\\/\\\/www.patagoniambiental.com.ar\",\"https:\\\/\\\/www.facebook.com\\\/share\\\/1C1V8Gv9BX\\\/?mibextid=qi2Omg\",\"@patagoniambiental\",\"https:\\\/\\\/youtube.com\\\/@patagoniaambiental2023?si=BLt58t0wuXquxlYZ\"]}]}<\/script>\n<!-- \/ Yoast SEO Premium plugin. -->","yoast_head_json":{"title":"RAYOS X PARA ESTUDIAR EL \u00daNICO CR\u00c1NEO F\u00d3SIL DEL LAGARTO GIGANTE DE LA PALMA","robots":{"index":"index","follow":"follow","max-snippet":"max-snippet:-1","max-image-preview":"max-image-preview:large","max-video-preview":"max-video-preview:-1"},"canonical":"https:\/\/patagoniambiental.com.ar\/info\/rayos-x-para-estudiar-el-unico-craneo-fosil-del-lagarto-gigante-de-la-palma\/","og_locale":"es_ES","og_type":"article","og_title":"RAYOS X PARA ESTUDIAR EL \u00daNICO CR\u00c1NEO F\u00d3SIL DEL LAGARTO GIGANTE DE LA PALMA","og_description":"Docente e investigadora de la UNRN forma parte del equipo multidisciplinario. El estudio fue recientemente publicado en la revista Scientific [&hellip;]","og_url":"https:\/\/patagoniambiental.com.ar\/info\/rayos-x-para-estudiar-el-unico-craneo-fosil-del-lagarto-gigante-de-la-palma\/","og_site_name":"Patagonia Ambiental","article_publisher":"https:\/\/www.facebook.com\/patagonia.ambiental","article_author":"https:\/\/www.facebook.com\/share\/1C1V8Gv9BX\/?mibextid=qi2Omg","article_published_time":"2019-11-17T10:00:31+00:00","og_image":[{"width":1009,"height":568,"url":"https:\/\/patagoniambiental.com.ar\/info\/wp-content\/uploads\/2019\/11\/max_1186_0.jpg","type":"image\/jpeg"}],"author":"Patagonia Ambiental","twitter_card":"summary_large_image","twitter_creator":"@PatAmb","twitter_site":"@PatAmb","schema":{"@context":"https:\/\/schema.org","@graph":[{"@type":"Article","@id":"https:\/\/patagoniambiental.com.ar\/info\/rayos-x-para-estudiar-el-unico-craneo-fosil-del-lagarto-gigante-de-la-palma\/#article","isPartOf":{"@id":"https:\/\/patagoniambiental.com.ar\/info\/rayos-x-para-estudiar-el-unico-craneo-fosil-del-lagarto-gigante-de-la-palma\/"},"author":{"name":"Patagonia Ambiental","@id":"https:\/\/patagoniambiental.com.ar\/info\/#\/schema\/person\/db12bff64bbcbf6a253710bf0ea37b5d"},"headline":"RAYOS X PARA ESTUDIAR EL \u00daNICO CR\u00c1NEO F\u00d3SIL DEL LAGARTO GIGANTE DE LA PALMA","datePublished":"2019-11-17T10:00:31+00:00","mainEntityOfPage":{"@id":"https:\/\/patagoniambiental.com.ar\/info\/rayos-x-para-estudiar-el-unico-craneo-fosil-del-lagarto-gigante-de-la-palma\/"},"wordCount":410,"commentCount":0,"publisher":{"@id":"https:\/\/patagoniambiental.com.ar\/info\/#organization"},"image":{"@id":"https:\/\/patagoniambiental.com.ar\/info\/rayos-x-para-estudiar-el-unico-craneo-fosil-del-lagarto-gigante-de-la-palma\/#primaryimage"},"thumbnailUrl":"https:\/\/patagoniambiental.com.ar\/info\/wp-content\/uploads\/2019\/11\/max_1186_0.jpg","articleSection":["Bolet\u00edn","Internacionales","Noticias"],"inLanguage":"es","potentialAction":[{"@type":"CommentAction","name":"Comment","target":["https:\/\/patagoniambiental.com.ar\/info\/rayos-x-para-estudiar-el-unico-craneo-fosil-del-lagarto-gigante-de-la-palma\/#respond"]}]},{"@type":"WebPage","@id":"https:\/\/patagoniambiental.com.ar\/info\/rayos-x-para-estudiar-el-unico-craneo-fosil-del-lagarto-gigante-de-la-palma\/","url":"https:\/\/patagoniambiental.com.ar\/info\/rayos-x-para-estudiar-el-unico-craneo-fosil-del-lagarto-gigante-de-la-palma\/","name":"RAYOS X PARA ESTUDIAR EL \u00daNICO CR\u00c1NEO F\u00d3SIL DEL LAGARTO GIGANTE DE LA PALMA","isPartOf":{"@id":"https:\/\/patagoniambiental.com.ar\/info\/#website"},"primaryImageOfPage":{"@id":"https:\/\/patagoniambiental.com.ar\/info\/rayos-x-para-estudiar-el-unico-craneo-fosil-del-lagarto-gigante-de-la-palma\/#primaryimage"},"image":{"@id":"https:\/\/patagoniambiental.com.ar\/info\/rayos-x-para-estudiar-el-unico-craneo-fosil-del-lagarto-gigante-de-la-palma\/#primaryimage"},"thumbnailUrl":"https:\/\/patagoniambiental.com.ar\/info\/wp-content\/uploads\/2019\/11\/max_1186_0.jpg","datePublished":"2019-11-17T10:00:31+00:00","breadcrumb":{"@id":"https:\/\/patagoniambiental.com.ar\/info\/rayos-x-para-estudiar-el-unico-craneo-fosil-del-lagarto-gigante-de-la-palma\/#breadcrumb"},"inLanguage":"es","potentialAction":[{"@type":"ReadAction","target":["https:\/\/patagoniambiental.com.ar\/info\/rayos-x-para-estudiar-el-unico-craneo-fosil-del-lagarto-gigante-de-la-palma\/"]}]},{"@type":"ImageObject","inLanguage":"es","@id":"https:\/\/patagoniambiental.com.ar\/info\/rayos-x-para-estudiar-el-unico-craneo-fosil-del-lagarto-gigante-de-la-palma\/#primaryimage","url":"https:\/\/patagoniambiental.com.ar\/info\/wp-content\/uploads\/2019\/11\/max_1186_0.jpg","contentUrl":"https:\/\/patagoniambiental.com.ar\/info\/wp-content\/uploads\/2019\/11\/max_1186_0.jpg","width":1009,"height":568},{"@type":"BreadcrumbList","@id":"https:\/\/patagoniambiental.com.ar\/info\/rayos-x-para-estudiar-el-unico-craneo-fosil-del-lagarto-gigante-de-la-palma\/#breadcrumb","itemListElement":[{"@type":"ListItem","position":1,"name":"Inicio","item":"https:\/\/patagoniambiental.com.ar\/info\/"},{"@type":"ListItem","position":2,"name":"RAYOS X PARA ESTUDIAR EL \u00daNICO CR\u00c1NEO F\u00d3SIL DEL LAGARTO GIGANTE DE LA PALMA"}]},{"@type":"WebSite","@id":"https:\/\/patagoniambiental.com.ar\/info\/#website","url":"https:\/\/patagoniambiental.com.ar\/info\/","name":"Patagonia Ambiental","description":"Monitoreo y an\u00e1lisis de la situaci\u00f3n geopol\u00edtica en el mundo y su implicancia en la Patagonia","publisher":{"@id":"https:\/\/patagoniambiental.com.ar\/info\/#organization"},"potentialAction":[{"@type":"SearchAction","target":{"@type":"EntryPoint","urlTemplate":"https:\/\/patagoniambiental.com.ar\/info\/?s={search_term_string}"},"query-input":{"@type":"PropertyValueSpecification","valueRequired":true,"valueName":"search_term_string"}}],"inLanguage":"es"},{"@type":"Organization","@id":"https:\/\/patagoniambiental.com.ar\/info\/#organization","name":"Patagonia Ambiental","url":"https:\/\/patagoniambiental.com.ar\/info\/","logo":{"@type":"ImageObject","inLanguage":"es","@id":"https:\/\/patagoniambiental.com.ar\/info\/#\/schema\/logo\/image\/","url":"https:\/\/patagoniambiental.com.ar\/info\/wp-content\/uploads\/2025\/05\/LOGO-PATAGONIA-AMBIENTAL.png","contentUrl":"https:\/\/patagoniambiental.com.ar\/info\/wp-content\/uploads\/2025\/05\/LOGO-PATAGONIA-AMBIENTAL.png","width":433,"height":250,"caption":"Patagonia Ambiental"},"image":{"@id":"https:\/\/patagoniambiental.com.ar\/info\/#\/schema\/logo\/image\/"},"sameAs":["https:\/\/www.facebook.com\/patagonia.ambiental","https:\/\/x.com\/PatAmb"]},{"@type":"Person","@id":"https:\/\/patagoniambiental.com.ar\/info\/#\/schema\/person\/db12bff64bbcbf6a253710bf0ea37b5d","name":"Patagonia Ambiental","description":"Andr\u00e9s Nievas T\u00e9cnico en manejo ambiental, consultor Ambiental y escritor para medios locales e internacionales sobre temas de geopolitica y medio ambiente.","sameAs":["http:\/\/www.patagoniambiental.com.ar","https:\/\/www.facebook.com\/share\/1C1V8Gv9BX\/?mibextid=qi2Omg","@patagoniambiental","https:\/\/youtube.com\/@patagoniaambiental2023?si=BLt58t0wuXquxlYZ"]}]}},"_links":{"self":[{"href":"https:\/\/patagoniambiental.com.ar\/info\/wp-json\/wp\/v2\/posts\/63942","targetHints":{"allow":["GET"]}}],"collection":[{"href":"https:\/\/patagoniambiental.com.ar\/info\/wp-json\/wp\/v2\/posts"}],"about":[{"href":"https:\/\/patagoniambiental.com.ar\/info\/wp-json\/wp\/v2\/types\/post"}],"author":[{"embeddable":true,"href":"https:\/\/patagoniambiental.com.ar\/info\/wp-json\/wp\/v2\/users\/2"}],"replies":[{"embeddable":true,"href":"https:\/\/patagoniambiental.com.ar\/info\/wp-json\/wp\/v2\/comments?post=63942"}],"version-history":[{"count":0,"href":"https:\/\/patagoniambiental.com.ar\/info\/wp-json\/wp\/v2\/posts\/63942\/revisions"}],"wp:featuredmedia":[{"embeddable":true,"href":"https:\/\/patagoniambiental.com.ar\/info\/wp-json\/wp\/v2\/media\/63943"}],"wp:attachment":[{"href":"https:\/\/patagoniambiental.com.ar\/info\/wp-json\/wp\/v2\/media?parent=63942"}],"wp:term":[{"taxonomy":"category","embeddable":true,"href":"https:\/\/patagoniambiental.com.ar\/info\/wp-json\/wp\/v2\/categories?post=63942"},{"taxonomy":"post_tag","embeddable":true,"href":"https:\/\/patagoniambiental.com.ar\/info\/wp-json\/wp\/v2\/tags?post=63942"}],"curies":[{"name":"wp","href":"https:\/\/api.w.org\/{rel}","templated":true}]}}