{"id":6398,"date":"2014-12-16T22:00:23","date_gmt":"2014-12-17T01:00:23","guid":{"rendered":"http:\/\/patagoniambiental.com.ar\/?p=6398"},"modified":"2014-12-16T22:00:23","modified_gmt":"2014-12-17T01:00:23","slug":"quedara-prohibida-la-mineria-en-la-cordillera","status":"publish","type":"post","link":"https:\/\/patagoniambiental.com.ar\/info\/quedara-prohibida-la-mineria-en-la-cordillera\/","title":{"rendered":"Quedar\u00e1 prohibida la miner\u00eda en la cordillera"},"content":{"rendered":"<p style=\"text-align: justify\">Comodoro Rivadavia &#8211; El gobernador Mart\u00edn Buzzi afirm\u00f3 que firmar\u00e1 un decreto para prohibir la gran miner\u00eda a cielo abierto en la Cordillera. La decisi\u00f3n ratifica el plebiscito del 2003, cuando gan\u00f3 por amplia mayor\u00eda en la Comarca Andina el \u201cno a la mina\u201d. Quedar\u00eda suspendido as\u00ed el proyecto Suyai, de Yamana Gold.<!--more--><\/p>\n<p style=\"text-align: justify\">Lo dijo en su discurso durante el acto del aniversario n\u00famero 70 de la localidad de Cholila. \u201cA partir de hoy queda prohibida la actividad minera en la Cordillera\u201d, afirm\u00f3 el mandatario chubutense. \u201cLa propia comunidad de la Comarca ha dicho con todas las letras que no quiere la miner\u00eda\u201d, enfatiz\u00f3.<\/p>\n<p style=\"text-align: justify\">\u201cEl 23 de marzo de 2003 se efectu\u00f3 un plebiscito en la ciudad de Esquel. En ese momento 11.046 vecinos votaron por el \u2018No\u2019 al proyecto minero mientras que 2.561 dijeron que \u2018S\u00ed\u2019. Fue un mensaje realmente contundente, donde el 81% dijo que no\u201d, record\u00f3 el titular del Ejecutivo provincial.<\/p>\n<p style=\"text-align: justify\">Mencion\u00f3 que casos similares ocurrieron en Lago Puelo, donde 766 personas se expresaron por la negativa a la megaminer\u00eda y tan solo 2 a favor. En Epuyen votaron que \u201cNo\u201d al proyecto minero 541 ciudadanos y que \u2018S\u00ed\u2019 nada m\u00e1s que 9. \u201cLa gente ya se pronunci\u00f3 con absoluta claridad en distintas comunidades de la Comarca\u201d, ampli\u00f3.<\/p>\n<p style=\"text-align: justify\">\u201cComo gobernador de la Provincia doy por v\u00e1lido, actual y refrendado el acto del 2003\u201d, aclar\u00f3 Buzzi. \u201cVoy a estar firmando un decreto donde excluyo por completo cualquier posibilidad de actividad minera en la Comarca. A partir de hoy queda exclusivamente prohibida la actividad minera en la Cordillera\u201d, describi\u00f3.<\/p>\n<p style=\"text-align: justify\">El proyecto m\u00e1s comprometido es el yacimiento Suyai, antes conocido como Cord\u00f3n Esquel. En ese trabajaba Yamana Gold, a trav\u00e9s de Minas Argentinas, para explotar oro por v\u00eda subterr\u00e1nea y donde el proceso de separaci\u00f3n de metales con cianuro ser\u00eda en otra provincia. Con el decreto, no podr\u00eda hacerse ni a cielo abierto ni subterr\u00e1neo.<\/p>\n<p style=\"text-align: justify\">FUENTE: Patag\u00f3nico<\/p>\n","protected":false},"excerpt":{"rendered":"<p>Comodoro Rivadavia &#8211; El gobernador Mart\u00edn Buzzi afirm\u00f3 que firmar\u00e1 un decreto para prohibir la gran miner\u00eda a cielo abierto [&hellip;]<\/p>\n","protected":false},"author":2,"featured_media":6399,"comment_status":"closed","ping_status":"closed","sticky":false,"template":"","format":"standard","meta":{"site-sidebar-layout":"default","site-content-layout":"","ast-site-content-layout":"default","site-content-style":"default","site-sidebar-style":"default","ast-global-header-display":"","ast-banner-title-visibility":"","ast-main-header-display":"","ast-hfb-above-header-display":"","ast-hfb-below-header-display":"","ast-hfb-mobile-header-display":"","site-post-title":"","ast-breadcrumbs-content":"","ast-featured-img":"","footer-sml-layout":"","ast-disable-related-posts":"","theme-transparent-header-meta":"","adv-header-id-meta":"","stick-header-meta":"","header-above-stick-meta":"","header-main-stick-meta":"","header-below-stick-meta":"","astra-migrate-meta-layouts":"default","ast-page-background-enabled":"default","ast-page-background-meta":{"desktop":{"background-color":"var(--ast-global-color-5)","background-image":"","background-repeat":"repeat","background-position":"center center","background-size":"auto","background-attachment":"scroll","background-type":"","background-media":"","overlay-type":"","overlay-color":"","overlay-opacity":"","overlay-gradient":""},"tablet":{"background-color":"","background-image":"","background-repeat":"repeat","background-position":"center center","background-size":"auto","background-attachment":"scroll","background-type":"","background-media":"","overlay-type":"","overlay-color":"","overlay-opacity":"","overlay-gradient":""},"mobile":{"background-color":"","background-image":"","background-repeat":"repeat","background-position":"center center","background-size":"auto","background-attachment":"scroll","background-type":"","background-media":"","overlay-type":"","overlay-color":"","overlay-opacity":"","overlay-gradient":""}},"ast-content-background-meta":{"desktop":{"background-color":"var(--ast-global-color-4)","background-image":"","background-repeat":"repeat","background-position":"center center","background-size":"auto","background-attachment":"scroll","background-type":"","background-media":"","overlay-type":"","overlay-color":"","overlay-opacity":"","overlay-gradient":""},"tablet":{"background-color":"var(--ast-global-color-4)","background-image":"","background-repeat":"repeat","background-position":"center center","background-size":"auto","background-attachment":"scroll","background-type":"","background-media":"","overlay-type":"","overlay-color":"","overlay-opacity":"","overlay-gradient":""},"mobile":{"background-color":"var(--ast-global-color-4)","background-image":"","background-repeat":"repeat","background-position":"center center","background-size":"auto","background-attachment":"scroll","background-type":"","background-media":"","overlay-type":"","overlay-color":"","overlay-opacity":"","overlay-gradient":""}},"footnotes":""},"categories":[26,1,13],"tags":[1315,1906,1907,179,1908],"class_list":["post-6398","post","type-post","status-publish","format-standard","has-post-thumbnail","hentry","category-chubut","category-noticias","category-provinciales","tag-cholila","tag-cielo-abierto","tag-cordillera","tag-mineria","tag-prohibida"],"yoast_head":"<!-- This site is optimized with the Yoast SEO Premium plugin v23.0 (Yoast SEO v27.5) - https:\/\/yoast.com\/product\/yoast-seo-premium-wordpress\/ -->\n<title>Quedar\u00e1 prohibida la miner\u00eda en la cordillera<\/title>\n<meta name=\"robots\" content=\"index, follow, max-snippet:-1, max-image-preview:large, max-video-preview:-1\" \/>\n<link rel=\"canonical\" href=\"https:\/\/patagoniambiental.com.ar\/info\/quedara-prohibida-la-mineria-en-la-cordillera\/\" \/>\n<meta property=\"og:locale\" content=\"es_ES\" \/>\n<meta property=\"og:type\" content=\"article\" \/>\n<meta property=\"og:title\" content=\"Quedar\u00e1 prohibida la miner\u00eda en la cordillera\" \/>\n<meta property=\"og:description\" content=\"Comodoro Rivadavia &#8211; El gobernador Mart\u00edn Buzzi afirm\u00f3 que firmar\u00e1 un decreto para prohibir la gran miner\u00eda a cielo abierto [&hellip;]\" \/>\n<meta property=\"og:url\" content=\"https:\/\/patagoniambiental.com.ar\/info\/quedara-prohibida-la-mineria-en-la-cordillera\/\" \/>\n<meta property=\"og:site_name\" content=\"Patagonia Ambiental\" \/>\n<meta property=\"article:publisher\" content=\"https:\/\/www.facebook.com\/patagonia.ambiental\" \/>\n<meta property=\"article:author\" content=\"https:\/\/www.facebook.com\/share\/1C1V8Gv9BX\/?mibextid=qi2Omg\" \/>\n<meta property=\"article:published_time\" content=\"2014-12-17T01:00:23+00:00\" \/>\n<meta name=\"author\" content=\"Patagonia Ambiental\" \/>\n<meta name=\"twitter:card\" content=\"summary_large_image\" \/>\n<meta name=\"twitter:creator\" content=\"@PatAmb\" \/>\n<meta name=\"twitter:site\" content=\"@PatAmb\" \/>\n<script type=\"application\/ld+json\" class=\"yoast-schema-graph\">{\"@context\":\"https:\\\/\\\/schema.org\",\"@graph\":[{\"@type\":\"Article\",\"@id\":\"https:\\\/\\\/patagoniambiental.com.ar\\\/info\\\/quedara-prohibida-la-mineria-en-la-cordillera\\\/#article\",\"isPartOf\":{\"@id\":\"https:\\\/\\\/patagoniambiental.com.ar\\\/info\\\/quedara-prohibida-la-mineria-en-la-cordillera\\\/\"},\"author\":{\"name\":\"Patagonia Ambiental\",\"@id\":\"https:\\\/\\\/patagoniambiental.com.ar\\\/info\\\/#\\\/schema\\\/person\\\/db12bff64bbcbf6a253710bf0ea37b5d\"},\"headline\":\"Quedar\u00e1 prohibida la miner\u00eda en la cordillera\",\"datePublished\":\"2014-12-17T01:00:23+00:00\",\"mainEntityOfPage\":{\"@id\":\"https:\\\/\\\/patagoniambiental.com.ar\\\/info\\\/quedara-prohibida-la-mineria-en-la-cordillera\\\/\"},\"wordCount\":333,\"publisher\":{\"@id\":\"https:\\\/\\\/patagoniambiental.com.ar\\\/info\\\/#organization\"},\"image\":{\"@id\":\"https:\\\/\\\/patagoniambiental.com.ar\\\/info\\\/quedara-prohibida-la-mineria-en-la-cordillera\\\/#primaryimage\"},\"thumbnailUrl\":\"\",\"keywords\":[\"Cholila\",\"cielo abierto\",\"Cordillera\",\"Miner\u00eda\",\"prohibida\"],\"articleSection\":[\"Chubut\",\"Noticias\",\"Provinciales\"],\"inLanguage\":\"es\"},{\"@type\":\"WebPage\",\"@id\":\"https:\\\/\\\/patagoniambiental.com.ar\\\/info\\\/quedara-prohibida-la-mineria-en-la-cordillera\\\/\",\"url\":\"https:\\\/\\\/patagoniambiental.com.ar\\\/info\\\/quedara-prohibida-la-mineria-en-la-cordillera\\\/\",\"name\":\"Quedar\u00e1 prohibida la miner\u00eda en la cordillera\",\"isPartOf\":{\"@id\":\"https:\\\/\\\/patagoniambiental.com.ar\\\/info\\\/#website\"},\"primaryImageOfPage\":{\"@id\":\"https:\\\/\\\/patagoniambiental.com.ar\\\/info\\\/quedara-prohibida-la-mineria-en-la-cordillera\\\/#primaryimage\"},\"image\":{\"@id\":\"https:\\\/\\\/patagoniambiental.com.ar\\\/info\\\/quedara-prohibida-la-mineria-en-la-cordillera\\\/#primaryimage\"},\"thumbnailUrl\":\"\",\"datePublished\":\"2014-12-17T01:00:23+00:00\",\"breadcrumb\":{\"@id\":\"https:\\\/\\\/patagoniambiental.com.ar\\\/info\\\/quedara-prohibida-la-mineria-en-la-cordillera\\\/#breadcrumb\"},\"inLanguage\":\"es\",\"potentialAction\":[{\"@type\":\"ReadAction\",\"target\":[\"https:\\\/\\\/patagoniambiental.com.ar\\\/info\\\/quedara-prohibida-la-mineria-en-la-cordillera\\\/\"]}]},{\"@type\":\"ImageObject\",\"inLanguage\":\"es\",\"@id\":\"https:\\\/\\\/patagoniambiental.com.ar\\\/info\\\/quedara-prohibida-la-mineria-en-la-cordillera\\\/#primaryimage\",\"url\":\"\",\"contentUrl\":\"\"},{\"@type\":\"BreadcrumbList\",\"@id\":\"https:\\\/\\\/patagoniambiental.com.ar\\\/info\\\/quedara-prohibida-la-mineria-en-la-cordillera\\\/#breadcrumb\",\"itemListElement\":[{\"@type\":\"ListItem\",\"position\":1,\"name\":\"Inicio\",\"item\":\"https:\\\/\\\/patagoniambiental.com.ar\\\/info\\\/\"},{\"@type\":\"ListItem\",\"position\":2,\"name\":\"Quedar\u00e1 prohibida la miner\u00eda en la cordillera\"}]},{\"@type\":\"WebSite\",\"@id\":\"https:\\\/\\\/patagoniambiental.com.ar\\\/info\\\/#website\",\"url\":\"https:\\\/\\\/patagoniambiental.com.ar\\\/info\\\/\",\"name\":\"Patagonia Ambiental\",\"description\":\"Monitoreo y an\u00e1lisis de la situaci\u00f3n geopol\u00edtica en el mundo y su implicancia en la Patagonia\",\"publisher\":{\"@id\":\"https:\\\/\\\/patagoniambiental.com.ar\\\/info\\\/#organization\"},\"potentialAction\":[{\"@type\":\"SearchAction\",\"target\":{\"@type\":\"EntryPoint\",\"urlTemplate\":\"https:\\\/\\\/patagoniambiental.com.ar\\\/info\\\/?s={search_term_string}\"},\"query-input\":{\"@type\":\"PropertyValueSpecification\",\"valueRequired\":true,\"valueName\":\"search_term_string\"}}],\"inLanguage\":\"es\"},{\"@type\":\"Organization\",\"@id\":\"https:\\\/\\\/patagoniambiental.com.ar\\\/info\\\/#organization\",\"name\":\"Patagonia Ambiental\",\"url\":\"https:\\\/\\\/patagoniambiental.com.ar\\\/info\\\/\",\"logo\":{\"@type\":\"ImageObject\",\"inLanguage\":\"es\",\"@id\":\"https:\\\/\\\/patagoniambiental.com.ar\\\/info\\\/#\\\/schema\\\/logo\\\/image\\\/\",\"url\":\"https:\\\/\\\/patagoniambiental.com.ar\\\/info\\\/wp-content\\\/uploads\\\/2025\\\/05\\\/LOGO-PATAGONIA-AMBIENTAL.png\",\"contentUrl\":\"https:\\\/\\\/patagoniambiental.com.ar\\\/info\\\/wp-content\\\/uploads\\\/2025\\\/05\\\/LOGO-PATAGONIA-AMBIENTAL.png\",\"width\":433,\"height\":250,\"caption\":\"Patagonia Ambiental\"},\"image\":{\"@id\":\"https:\\\/\\\/patagoniambiental.com.ar\\\/info\\\/#\\\/schema\\\/logo\\\/image\\\/\"},\"sameAs\":[\"https:\\\/\\\/www.facebook.com\\\/patagonia.ambiental\",\"https:\\\/\\\/x.com\\\/PatAmb\"]},{\"@type\":\"Person\",\"@id\":\"https:\\\/\\\/patagoniambiental.com.ar\\\/info\\\/#\\\/schema\\\/person\\\/db12bff64bbcbf6a253710bf0ea37b5d\",\"name\":\"Patagonia Ambiental\",\"description\":\"Andr\u00e9s Nievas T\u00e9cnico en manejo ambiental, consultor Ambiental y escritor para medios locales e internacionales sobre temas de geopolitica y medio ambiente.\",\"sameAs\":[\"http:\\\/\\\/www.patagoniambiental.com.ar\",\"https:\\\/\\\/www.facebook.com\\\/share\\\/1C1V8Gv9BX\\\/?mibextid=qi2Omg\",\"@patagoniambiental\",\"https:\\\/\\\/youtube.com\\\/@patagoniaambiental2023?si=BLt58t0wuXquxlYZ\"]}]}<\/script>\n<!-- \/ Yoast SEO Premium plugin. -->","yoast_head_json":{"title":"Quedar\u00e1 prohibida la miner\u00eda en la cordillera","robots":{"index":"index","follow":"follow","max-snippet":"max-snippet:-1","max-image-preview":"max-image-preview:large","max-video-preview":"max-video-preview:-1"},"canonical":"https:\/\/patagoniambiental.com.ar\/info\/quedara-prohibida-la-mineria-en-la-cordillera\/","og_locale":"es_ES","og_type":"article","og_title":"Quedar\u00e1 prohibida la miner\u00eda en la cordillera","og_description":"Comodoro Rivadavia &#8211; El gobernador Mart\u00edn Buzzi afirm\u00f3 que firmar\u00e1 un decreto para prohibir la gran miner\u00eda a cielo abierto [&hellip;]","og_url":"https:\/\/patagoniambiental.com.ar\/info\/quedara-prohibida-la-mineria-en-la-cordillera\/","og_site_name":"Patagonia Ambiental","article_publisher":"https:\/\/www.facebook.com\/patagonia.ambiental","article_author":"https:\/\/www.facebook.com\/share\/1C1V8Gv9BX\/?mibextid=qi2Omg","article_published_time":"2014-12-17T01:00:23+00:00","author":"Patagonia Ambiental","twitter_card":"summary_large_image","twitter_creator":"@PatAmb","twitter_site":"@PatAmb","schema":{"@context":"https:\/\/schema.org","@graph":[{"@type":"Article","@id":"https:\/\/patagoniambiental.com.ar\/info\/quedara-prohibida-la-mineria-en-la-cordillera\/#article","isPartOf":{"@id":"https:\/\/patagoniambiental.com.ar\/info\/quedara-prohibida-la-mineria-en-la-cordillera\/"},"author":{"name":"Patagonia Ambiental","@id":"https:\/\/patagoniambiental.com.ar\/info\/#\/schema\/person\/db12bff64bbcbf6a253710bf0ea37b5d"},"headline":"Quedar\u00e1 prohibida la miner\u00eda en la cordillera","datePublished":"2014-12-17T01:00:23+00:00","mainEntityOfPage":{"@id":"https:\/\/patagoniambiental.com.ar\/info\/quedara-prohibida-la-mineria-en-la-cordillera\/"},"wordCount":333,"publisher":{"@id":"https:\/\/patagoniambiental.com.ar\/info\/#organization"},"image":{"@id":"https:\/\/patagoniambiental.com.ar\/info\/quedara-prohibida-la-mineria-en-la-cordillera\/#primaryimage"},"thumbnailUrl":"","keywords":["Cholila","cielo abierto","Cordillera","Miner\u00eda","prohibida"],"articleSection":["Chubut","Noticias","Provinciales"],"inLanguage":"es"},{"@type":"WebPage","@id":"https:\/\/patagoniambiental.com.ar\/info\/quedara-prohibida-la-mineria-en-la-cordillera\/","url":"https:\/\/patagoniambiental.com.ar\/info\/quedara-prohibida-la-mineria-en-la-cordillera\/","name":"Quedar\u00e1 prohibida la miner\u00eda en la cordillera","isPartOf":{"@id":"https:\/\/patagoniambiental.com.ar\/info\/#website"},"primaryImageOfPage":{"@id":"https:\/\/patagoniambiental.com.ar\/info\/quedara-prohibida-la-mineria-en-la-cordillera\/#primaryimage"},"image":{"@id":"https:\/\/patagoniambiental.com.ar\/info\/quedara-prohibida-la-mineria-en-la-cordillera\/#primaryimage"},"thumbnailUrl":"","datePublished":"2014-12-17T01:00:23+00:00","breadcrumb":{"@id":"https:\/\/patagoniambiental.com.ar\/info\/quedara-prohibida-la-mineria-en-la-cordillera\/#breadcrumb"},"inLanguage":"es","potentialAction":[{"@type":"ReadAction","target":["https:\/\/patagoniambiental.com.ar\/info\/quedara-prohibida-la-mineria-en-la-cordillera\/"]}]},{"@type":"ImageObject","inLanguage":"es","@id":"https:\/\/patagoniambiental.com.ar\/info\/quedara-prohibida-la-mineria-en-la-cordillera\/#primaryimage","url":"","contentUrl":""},{"@type":"BreadcrumbList","@id":"https:\/\/patagoniambiental.com.ar\/info\/quedara-prohibida-la-mineria-en-la-cordillera\/#breadcrumb","itemListElement":[{"@type":"ListItem","position":1,"name":"Inicio","item":"https:\/\/patagoniambiental.com.ar\/info\/"},{"@type":"ListItem","position":2,"name":"Quedar\u00e1 prohibida la miner\u00eda en la cordillera"}]},{"@type":"WebSite","@id":"https:\/\/patagoniambiental.com.ar\/info\/#website","url":"https:\/\/patagoniambiental.com.ar\/info\/","name":"Patagonia Ambiental","description":"Monitoreo y an\u00e1lisis de la situaci\u00f3n geopol\u00edtica en el mundo y su implicancia en la Patagonia","publisher":{"@id":"https:\/\/patagoniambiental.com.ar\/info\/#organization"},"potentialAction":[{"@type":"SearchAction","target":{"@type":"EntryPoint","urlTemplate":"https:\/\/patagoniambiental.com.ar\/info\/?s={search_term_string}"},"query-input":{"@type":"PropertyValueSpecification","valueRequired":true,"valueName":"search_term_string"}}],"inLanguage":"es"},{"@type":"Organization","@id":"https:\/\/patagoniambiental.com.ar\/info\/#organization","name":"Patagonia Ambiental","url":"https:\/\/patagoniambiental.com.ar\/info\/","logo":{"@type":"ImageObject","inLanguage":"es","@id":"https:\/\/patagoniambiental.com.ar\/info\/#\/schema\/logo\/image\/","url":"https:\/\/patagoniambiental.com.ar\/info\/wp-content\/uploads\/2025\/05\/LOGO-PATAGONIA-AMBIENTAL.png","contentUrl":"https:\/\/patagoniambiental.com.ar\/info\/wp-content\/uploads\/2025\/05\/LOGO-PATAGONIA-AMBIENTAL.png","width":433,"height":250,"caption":"Patagonia Ambiental"},"image":{"@id":"https:\/\/patagoniambiental.com.ar\/info\/#\/schema\/logo\/image\/"},"sameAs":["https:\/\/www.facebook.com\/patagonia.ambiental","https:\/\/x.com\/PatAmb"]},{"@type":"Person","@id":"https:\/\/patagoniambiental.com.ar\/info\/#\/schema\/person\/db12bff64bbcbf6a253710bf0ea37b5d","name":"Patagonia Ambiental","description":"Andr\u00e9s Nievas T\u00e9cnico en manejo ambiental, consultor Ambiental y escritor para medios locales e internacionales sobre temas de geopolitica y medio ambiente.","sameAs":["http:\/\/www.patagoniambiental.com.ar","https:\/\/www.facebook.com\/share\/1C1V8Gv9BX\/?mibextid=qi2Omg","@patagoniambiental","https:\/\/youtube.com\/@patagoniaambiental2023?si=BLt58t0wuXquxlYZ"]}]}},"_links":{"self":[{"href":"https:\/\/patagoniambiental.com.ar\/info\/wp-json\/wp\/v2\/posts\/6398","targetHints":{"allow":["GET"]}}],"collection":[{"href":"https:\/\/patagoniambiental.com.ar\/info\/wp-json\/wp\/v2\/posts"}],"about":[{"href":"https:\/\/patagoniambiental.com.ar\/info\/wp-json\/wp\/v2\/types\/post"}],"author":[{"embeddable":true,"href":"https:\/\/patagoniambiental.com.ar\/info\/wp-json\/wp\/v2\/users\/2"}],"replies":[{"embeddable":true,"href":"https:\/\/patagoniambiental.com.ar\/info\/wp-json\/wp\/v2\/comments?post=6398"}],"version-history":[{"count":0,"href":"https:\/\/patagoniambiental.com.ar\/info\/wp-json\/wp\/v2\/posts\/6398\/revisions"}],"wp:featuredmedia":[{"embeddable":true,"href":"https:\/\/patagoniambiental.com.ar\/info\/wp-json\/"}],"wp:attachment":[{"href":"https:\/\/patagoniambiental.com.ar\/info\/wp-json\/wp\/v2\/media?parent=6398"}],"wp:term":[{"taxonomy":"category","embeddable":true,"href":"https:\/\/patagoniambiental.com.ar\/info\/wp-json\/wp\/v2\/categories?post=6398"},{"taxonomy":"post_tag","embeddable":true,"href":"https:\/\/patagoniambiental.com.ar\/info\/wp-json\/wp\/v2\/tags?post=6398"}],"curies":[{"name":"wp","href":"https:\/\/api.w.org\/{rel}","templated":true}]}}