{"id":64144,"date":"2019-11-28T19:00:14","date_gmt":"2019-11-28T22:00:14","guid":{"rendered":"http:\/\/patagoniambiental.com.ar\/info\/?p=64144"},"modified":"2019-11-28T09:06:48","modified_gmt":"2019-11-28T12:06:48","slug":"comenzaron-las-obras-que-proveeran-de-agua-potable-a-wanguelen-y-laguna-el-trebol-en-bariloche","status":"publish","type":"post","link":"https:\/\/patagoniambiental.com.ar\/info\/comenzaron-las-obras-que-proveeran-de-agua-potable-a-wanguelen-y-laguna-el-trebol-en-bariloche\/","title":{"rendered":"Comenzaron las obras que proveer\u00e1n de agua potable a Wanguelen y Laguna El Tr\u00e9bol en Bariloche"},"content":{"rendered":"<p>Bariloche.-Esta semana comenz\u00f3 a construirse la nueva planta de agua potable para El Tr\u00e9bol y la obra de toma para mejorar el servicio en los barrios Wanguelen y Los Notros.<\/p>\n<p><!--more--><\/p>\n<div>\n<p><a href=\"https:\/\/www.rionegro.gov.ar\/\/download\/images\/00046132.jpg\" target=\"_blank\" rel=\"noopener noreferrer\" data-auth=\"NotApplicable\"><img decoding=\"async\" class=\"alignleft\" src=\"https:\/\/www.rionegro.gov.ar\/\/download\/images\/medio\/00046132.jpg\" data-imagetype=\"External\" \/><\/a><\/p>\n<p>Las obras beneficiar\u00e1n a 3.000 barilochenses, que contar\u00e1n con un excelente servicio por los pr\u00f3ximos 20 a\u00f1os.<\/p>\n<p>Se trata de una inversi\u00f3n de m\u00e1s de $29.000.000, que brindar\u00e1 un servicio seguro y de calidad a los vecinos.<\/p>\n<p>Al respecto el titular del DPA, Fernando Curetti, inform\u00f3 que \u201ccomenzamos dos obras esta semana, por un lado la planta de agua potable de El Tr\u00e9bol, una obra muy esperada por los vecinos\u201d. Se trata de una de las m\u00e1s esperadas por las familias que viven en el sector, ya que en la actualidad, se abastecen de agua por medio de sistemas individuales diversos, como perforaciones, vertientes, seg\u00fan la temporada.<\/p>\n<p>\u201cY por otro lado, comenzamos a trabajar en el Barrio Wanguelen y Los Notros, donde estamos ejecutando una obra de toma, captaci\u00f3n y cisterna, que va a mejorar la capacidad de reserva y distribuci\u00f3n en los dos barrios\u201d, explic\u00f3 Curetti. En el sector se estima que en muy pocos a\u00f1os, mucho antes de la finalizaci\u00f3n del per\u00edodo de dise\u00f1o, las parcelas estar\u00e1n ocupadas al 100%, por lo que esta obra resulta fundamental.<\/p>\n<p>En este sentido, Curetti destac\u00f3 que \u201cse trata de una importante inversi\u00f3n que encaramos desde el DPA, para brindar a esta zona un servicio \u00f3ptimo, a la poblaci\u00f3n actual y acompa\u00f1ando el crecimiento por los pr\u00f3ximos a\u00f1os\u00bb finaliz\u00f3.<\/p>\n<p>&nbsp;<\/p>\n<p><strong>Laguna El Tr\u00e9bol<\/strong><\/p>\n<p>Para el barrio Laguna El Tr\u00e9bol, ubicado a 18 kil\u00f3metros al oeste de Bariloche, se est\u00e1 ejecutando una obra que cumple la primera etapa de provisi\u00f3n de agua. La construcci\u00f3n beneficiar\u00e1 en un futuro a unos 2.000 vecinos con una inversi\u00f3n de $21.755.511.<\/p>\n<p>Se trata de una captaci\u00f3n del lago Nahuel Huapi a la altura del kil\u00f3metro 18 de la Avenida Bustillo, donde se encontrar\u00e1 la planta potabilizadora\u00a0 y un bombeo de una cisterna que acopia 200 metros c\u00fabicos.<\/p>\n<p>El dise\u00f1o de la obra, plantea cubrir la demanda actual de unos 1916 habitantes y de los futuros lotes a ocupar, con un servicio \u00f3ptimo por 20 a\u00f1os. En suma son unos 479 lotes que componen este barrio y que contar\u00e1n con el servicio.<\/p>\n<p>&nbsp;<\/p>\n<p><strong>Wanguelen y Los Notros<\/strong><\/p>\n<p>Los vecinos de los barrios Parque Wanguelen y Los Notros, distantes 12 kil\u00f3metros al oeste de Bariloche, contar\u00e1n con la anhelada obra troncal de agua potable. M\u00e1s de 1.000 personas se ver\u00e1n beneficiadas con la obra de agua potable que consta del sistema troncal.<\/p>\n<p>Se realizar\u00e1 el recambio de dos bombas en la toma, se colocar\u00e1 una cisterna de 100 mts3 de hormig\u00f3n y un equipo presurizador para mantener una presi\u00f3n constante, con velocidad variable que abastecer\u00e1 el sistema. La obra cuenta con una inversi\u00f3n de $6.500.000.<\/p>\n<p>Fuente: Gobierno de Rio Negro<\/p>\n<\/div>\n","protected":false},"excerpt":{"rendered":"<p>Bariloche.-Esta semana comenz\u00f3 a construirse la nueva planta de agua potable para El Tr\u00e9bol y la obra de toma para [&hellip;]<\/p>\n","protected":false},"author":2,"featured_media":64145,"comment_status":"open","ping_status":"open","sticky":false,"template":"","format":"standard","meta":{"site-sidebar-layout":"default","site-content-layout":"","ast-site-content-layout":"default","site-content-style":"default","site-sidebar-style":"default","ast-global-header-display":"","ast-banner-title-visibility":"","ast-main-header-display":"","ast-hfb-above-header-display":"","ast-hfb-below-header-display":"","ast-hfb-mobile-header-display":"","site-post-title":"","ast-breadcrumbs-content":"","ast-featured-img":"","footer-sml-layout":"","ast-disable-related-posts":"","theme-transparent-header-meta":"","adv-header-id-meta":"","stick-header-meta":"","header-above-stick-meta":"","header-main-stick-meta":"","header-below-stick-meta":"","astra-migrate-meta-layouts":"default","ast-page-background-enabled":"default","ast-page-background-meta":{"desktop":{"background-color":"var(--ast-global-color-5)","background-image":"","background-repeat":"repeat","background-position":"center center","background-size":"auto","background-attachment":"scroll","background-type":"","background-media":"","overlay-type":"","overlay-color":"","overlay-opacity":"","overlay-gradient":""},"tablet":{"background-color":"","background-image":"","background-repeat":"repeat","background-position":"center center","background-size":"auto","background-attachment":"scroll","background-type":"","background-media":"","overlay-type":"","overlay-color":"","overlay-opacity":"","overlay-gradient":""},"mobile":{"background-color":"","background-image":"","background-repeat":"repeat","background-position":"center center","background-size":"auto","background-attachment":"scroll","background-type":"","background-media":"","overlay-type":"","overlay-color":"","overlay-opacity":"","overlay-gradient":""}},"ast-content-background-meta":{"desktop":{"background-color":"var(--ast-global-color-4)","background-image":"","background-repeat":"repeat","background-position":"center center","background-size":"auto","background-attachment":"scroll","background-type":"","background-media":"","overlay-type":"","overlay-color":"","overlay-opacity":"","overlay-gradient":""},"tablet":{"background-color":"var(--ast-global-color-4)","background-image":"","background-repeat":"repeat","background-position":"center center","background-size":"auto","background-attachment":"scroll","background-type":"","background-media":"","overlay-type":"","overlay-color":"","overlay-opacity":"","overlay-gradient":""},"mobile":{"background-color":"var(--ast-global-color-4)","background-image":"","background-repeat":"repeat","background-position":"center center","background-size":"auto","background-attachment":"scroll","background-type":"","background-media":"","overlay-type":"","overlay-color":"","overlay-opacity":"","overlay-gradient":""}},"footnotes":""},"categories":[1,13,14],"tags":[],"class_list":["post-64144","post","type-post","status-publish","format-standard","has-post-thumbnail","hentry","category-noticias","category-provinciales","category-rio-negro"],"yoast_head":"<!-- This site is optimized with the Yoast SEO Premium plugin v23.0 (Yoast SEO v27.5) - https:\/\/yoast.com\/product\/yoast-seo-premium-wordpress\/ -->\n<title>Comenzaron las obras que proveer\u00e1n de agua potable a Wanguelen y Laguna El Tr\u00e9bol en Bariloche<\/title>\n<meta name=\"robots\" content=\"index, follow, max-snippet:-1, max-image-preview:large, max-video-preview:-1\" \/>\n<link rel=\"canonical\" href=\"https:\/\/patagoniambiental.com.ar\/info\/comenzaron-las-obras-que-proveeran-de-agua-potable-a-wanguelen-y-laguna-el-trebol-en-bariloche\/\" \/>\n<meta property=\"og:locale\" content=\"es_ES\" \/>\n<meta property=\"og:type\" content=\"article\" \/>\n<meta property=\"og:title\" content=\"Comenzaron las obras que proveer\u00e1n de agua potable a Wanguelen y Laguna El Tr\u00e9bol en Bariloche\" \/>\n<meta property=\"og:description\" content=\"Bariloche.-Esta semana comenz\u00f3 a construirse la nueva planta de agua potable para El Tr\u00e9bol y la obra de toma para [&hellip;]\" \/>\n<meta property=\"og:url\" content=\"https:\/\/patagoniambiental.com.ar\/info\/comenzaron-las-obras-que-proveeran-de-agua-potable-a-wanguelen-y-laguna-el-trebol-en-bariloche\/\" \/>\n<meta property=\"og:site_name\" content=\"Patagonia Ambiental\" \/>\n<meta property=\"article:publisher\" content=\"https:\/\/www.facebook.com\/patagonia.ambiental\" \/>\n<meta property=\"article:author\" content=\"https:\/\/www.facebook.com\/share\/1C1V8Gv9BX\/?mibextid=qi2Omg\" \/>\n<meta property=\"article:published_time\" content=\"2019-11-28T22:00:14+00:00\" \/>\n<meta property=\"og:image\" content=\"https:\/\/patagoniambiental.com.ar\/info\/wp-content\/uploads\/2019\/11\/00046132.jpg\" \/>\n\t<meta property=\"og:image:width\" content=\"924\" \/>\n\t<meta property=\"og:image:height\" content=\"616\" \/>\n\t<meta property=\"og:image:type\" content=\"image\/jpeg\" \/>\n<meta name=\"author\" content=\"Patagonia Ambiental\" \/>\n<meta name=\"twitter:card\" content=\"summary_large_image\" \/>\n<meta name=\"twitter:creator\" content=\"@PatAmb\" \/>\n<meta name=\"twitter:site\" content=\"@PatAmb\" \/>\n<script type=\"application\/ld+json\" class=\"yoast-schema-graph\">{\"@context\":\"https:\\\/\\\/schema.org\",\"@graph\":[{\"@type\":\"Article\",\"@id\":\"https:\\\/\\\/patagoniambiental.com.ar\\\/info\\\/comenzaron-las-obras-que-proveeran-de-agua-potable-a-wanguelen-y-laguna-el-trebol-en-bariloche\\\/#article\",\"isPartOf\":{\"@id\":\"https:\\\/\\\/patagoniambiental.com.ar\\\/info\\\/comenzaron-las-obras-que-proveeran-de-agua-potable-a-wanguelen-y-laguna-el-trebol-en-bariloche\\\/\"},\"author\":{\"name\":\"Patagonia Ambiental\",\"@id\":\"https:\\\/\\\/patagoniambiental.com.ar\\\/info\\\/#\\\/schema\\\/person\\\/db12bff64bbcbf6a253710bf0ea37b5d\"},\"headline\":\"Comenzaron las obras que proveer\u00e1n de agua potable a Wanguelen y Laguna El Tr\u00e9bol en Bariloche\",\"datePublished\":\"2019-11-28T22:00:14+00:00\",\"mainEntityOfPage\":{\"@id\":\"https:\\\/\\\/patagoniambiental.com.ar\\\/info\\\/comenzaron-las-obras-que-proveeran-de-agua-potable-a-wanguelen-y-laguna-el-trebol-en-bariloche\\\/\"},\"wordCount\":515,\"commentCount\":0,\"publisher\":{\"@id\":\"https:\\\/\\\/patagoniambiental.com.ar\\\/info\\\/#organization\"},\"image\":{\"@id\":\"https:\\\/\\\/patagoniambiental.com.ar\\\/info\\\/comenzaron-las-obras-que-proveeran-de-agua-potable-a-wanguelen-y-laguna-el-trebol-en-bariloche\\\/#primaryimage\"},\"thumbnailUrl\":\"https:\\\/\\\/patagoniambiental.com.ar\\\/info\\\/wp-content\\\/uploads\\\/2019\\\/11\\\/00046132.jpg\",\"articleSection\":[\"Noticias\",\"Provinciales\",\"R\u00edo Negro\"],\"inLanguage\":\"es\",\"potentialAction\":[{\"@type\":\"CommentAction\",\"name\":\"Comment\",\"target\":[\"https:\\\/\\\/patagoniambiental.com.ar\\\/info\\\/comenzaron-las-obras-que-proveeran-de-agua-potable-a-wanguelen-y-laguna-el-trebol-en-bariloche\\\/#respond\"]}]},{\"@type\":\"WebPage\",\"@id\":\"https:\\\/\\\/patagoniambiental.com.ar\\\/info\\\/comenzaron-las-obras-que-proveeran-de-agua-potable-a-wanguelen-y-laguna-el-trebol-en-bariloche\\\/\",\"url\":\"https:\\\/\\\/patagoniambiental.com.ar\\\/info\\\/comenzaron-las-obras-que-proveeran-de-agua-potable-a-wanguelen-y-laguna-el-trebol-en-bariloche\\\/\",\"name\":\"Comenzaron las obras que proveer\u00e1n de agua potable a Wanguelen y Laguna El Tr\u00e9bol en Bariloche\",\"isPartOf\":{\"@id\":\"https:\\\/\\\/patagoniambiental.com.ar\\\/info\\\/#website\"},\"primaryImageOfPage\":{\"@id\":\"https:\\\/\\\/patagoniambiental.com.ar\\\/info\\\/comenzaron-las-obras-que-proveeran-de-agua-potable-a-wanguelen-y-laguna-el-trebol-en-bariloche\\\/#primaryimage\"},\"image\":{\"@id\":\"https:\\\/\\\/patagoniambiental.com.ar\\\/info\\\/comenzaron-las-obras-que-proveeran-de-agua-potable-a-wanguelen-y-laguna-el-trebol-en-bariloche\\\/#primaryimage\"},\"thumbnailUrl\":\"https:\\\/\\\/patagoniambiental.com.ar\\\/info\\\/wp-content\\\/uploads\\\/2019\\\/11\\\/00046132.jpg\",\"datePublished\":\"2019-11-28T22:00:14+00:00\",\"breadcrumb\":{\"@id\":\"https:\\\/\\\/patagoniambiental.com.ar\\\/info\\\/comenzaron-las-obras-que-proveeran-de-agua-potable-a-wanguelen-y-laguna-el-trebol-en-bariloche\\\/#breadcrumb\"},\"inLanguage\":\"es\",\"potentialAction\":[{\"@type\":\"ReadAction\",\"target\":[\"https:\\\/\\\/patagoniambiental.com.ar\\\/info\\\/comenzaron-las-obras-que-proveeran-de-agua-potable-a-wanguelen-y-laguna-el-trebol-en-bariloche\\\/\"]}]},{\"@type\":\"ImageObject\",\"inLanguage\":\"es\",\"@id\":\"https:\\\/\\\/patagoniambiental.com.ar\\\/info\\\/comenzaron-las-obras-que-proveeran-de-agua-potable-a-wanguelen-y-laguna-el-trebol-en-bariloche\\\/#primaryimage\",\"url\":\"https:\\\/\\\/patagoniambiental.com.ar\\\/info\\\/wp-content\\\/uploads\\\/2019\\\/11\\\/00046132.jpg\",\"contentUrl\":\"https:\\\/\\\/patagoniambiental.com.ar\\\/info\\\/wp-content\\\/uploads\\\/2019\\\/11\\\/00046132.jpg\",\"width\":900,\"height\":600},{\"@type\":\"BreadcrumbList\",\"@id\":\"https:\\\/\\\/patagoniambiental.com.ar\\\/info\\\/comenzaron-las-obras-que-proveeran-de-agua-potable-a-wanguelen-y-laguna-el-trebol-en-bariloche\\\/#breadcrumb\",\"itemListElement\":[{\"@type\":\"ListItem\",\"position\":1,\"name\":\"Inicio\",\"item\":\"https:\\\/\\\/patagoniambiental.com.ar\\\/info\\\/\"},{\"@type\":\"ListItem\",\"position\":2,\"name\":\"Comenzaron las obras que proveer\u00e1n de agua potable a Wanguelen y Laguna El Tr\u00e9bol en Bariloche\"}]},{\"@type\":\"WebSite\",\"@id\":\"https:\\\/\\\/patagoniambiental.com.ar\\\/info\\\/#website\",\"url\":\"https:\\\/\\\/patagoniambiental.com.ar\\\/info\\\/\",\"name\":\"Patagonia Ambiental\",\"description\":\"Monitoreo y an\u00e1lisis de la situaci\u00f3n geopol\u00edtica en el mundo y su implicancia en la Patagonia\",\"publisher\":{\"@id\":\"https:\\\/\\\/patagoniambiental.com.ar\\\/info\\\/#organization\"},\"potentialAction\":[{\"@type\":\"SearchAction\",\"target\":{\"@type\":\"EntryPoint\",\"urlTemplate\":\"https:\\\/\\\/patagoniambiental.com.ar\\\/info\\\/?s={search_term_string}\"},\"query-input\":{\"@type\":\"PropertyValueSpecification\",\"valueRequired\":true,\"valueName\":\"search_term_string\"}}],\"inLanguage\":\"es\"},{\"@type\":\"Organization\",\"@id\":\"https:\\\/\\\/patagoniambiental.com.ar\\\/info\\\/#organization\",\"name\":\"Patagonia Ambiental\",\"url\":\"https:\\\/\\\/patagoniambiental.com.ar\\\/info\\\/\",\"logo\":{\"@type\":\"ImageObject\",\"inLanguage\":\"es\",\"@id\":\"https:\\\/\\\/patagoniambiental.com.ar\\\/info\\\/#\\\/schema\\\/logo\\\/image\\\/\",\"url\":\"https:\\\/\\\/patagoniambiental.com.ar\\\/info\\\/wp-content\\\/uploads\\\/2025\\\/05\\\/LOGO-PATAGONIA-AMBIENTAL.png\",\"contentUrl\":\"https:\\\/\\\/patagoniambiental.com.ar\\\/info\\\/wp-content\\\/uploads\\\/2025\\\/05\\\/LOGO-PATAGONIA-AMBIENTAL.png\",\"width\":433,\"height\":250,\"caption\":\"Patagonia Ambiental\"},\"image\":{\"@id\":\"https:\\\/\\\/patagoniambiental.com.ar\\\/info\\\/#\\\/schema\\\/logo\\\/image\\\/\"},\"sameAs\":[\"https:\\\/\\\/www.facebook.com\\\/patagonia.ambiental\",\"https:\\\/\\\/x.com\\\/PatAmb\"]},{\"@type\":\"Person\",\"@id\":\"https:\\\/\\\/patagoniambiental.com.ar\\\/info\\\/#\\\/schema\\\/person\\\/db12bff64bbcbf6a253710bf0ea37b5d\",\"name\":\"Patagonia Ambiental\",\"description\":\"Andr\u00e9s Nievas T\u00e9cnico en manejo ambiental, consultor Ambiental y escritor para medios locales e internacionales sobre temas de geopolitica y medio ambiente.\",\"sameAs\":[\"http:\\\/\\\/www.patagoniambiental.com.ar\",\"https:\\\/\\\/www.facebook.com\\\/share\\\/1C1V8Gv9BX\\\/?mibextid=qi2Omg\",\"@patagoniambiental\",\"https:\\\/\\\/youtube.com\\\/@patagoniaambiental2023?si=BLt58t0wuXquxlYZ\"]}]}<\/script>\n<!-- \/ Yoast SEO Premium plugin. -->","yoast_head_json":{"title":"Comenzaron las obras que proveer\u00e1n de agua potable a Wanguelen y Laguna El Tr\u00e9bol en Bariloche","robots":{"index":"index","follow":"follow","max-snippet":"max-snippet:-1","max-image-preview":"max-image-preview:large","max-video-preview":"max-video-preview:-1"},"canonical":"https:\/\/patagoniambiental.com.ar\/info\/comenzaron-las-obras-que-proveeran-de-agua-potable-a-wanguelen-y-laguna-el-trebol-en-bariloche\/","og_locale":"es_ES","og_type":"article","og_title":"Comenzaron las obras que proveer\u00e1n de agua potable a Wanguelen y Laguna El Tr\u00e9bol en Bariloche","og_description":"Bariloche.-Esta semana comenz\u00f3 a construirse la nueva planta de agua potable para El Tr\u00e9bol y la obra de toma para [&hellip;]","og_url":"https:\/\/patagoniambiental.com.ar\/info\/comenzaron-las-obras-que-proveeran-de-agua-potable-a-wanguelen-y-laguna-el-trebol-en-bariloche\/","og_site_name":"Patagonia Ambiental","article_publisher":"https:\/\/www.facebook.com\/patagonia.ambiental","article_author":"https:\/\/www.facebook.com\/share\/1C1V8Gv9BX\/?mibextid=qi2Omg","article_published_time":"2019-11-28T22:00:14+00:00","og_image":[{"width":924,"height":616,"url":"https:\/\/patagoniambiental.com.ar\/info\/wp-content\/uploads\/2019\/11\/00046132.jpg","type":"image\/jpeg"}],"author":"Patagonia Ambiental","twitter_card":"summary_large_image","twitter_creator":"@PatAmb","twitter_site":"@PatAmb","schema":{"@context":"https:\/\/schema.org","@graph":[{"@type":"Article","@id":"https:\/\/patagoniambiental.com.ar\/info\/comenzaron-las-obras-que-proveeran-de-agua-potable-a-wanguelen-y-laguna-el-trebol-en-bariloche\/#article","isPartOf":{"@id":"https:\/\/patagoniambiental.com.ar\/info\/comenzaron-las-obras-que-proveeran-de-agua-potable-a-wanguelen-y-laguna-el-trebol-en-bariloche\/"},"author":{"name":"Patagonia Ambiental","@id":"https:\/\/patagoniambiental.com.ar\/info\/#\/schema\/person\/db12bff64bbcbf6a253710bf0ea37b5d"},"headline":"Comenzaron las obras que proveer\u00e1n de agua potable a Wanguelen y Laguna El Tr\u00e9bol en Bariloche","datePublished":"2019-11-28T22:00:14+00:00","mainEntityOfPage":{"@id":"https:\/\/patagoniambiental.com.ar\/info\/comenzaron-las-obras-que-proveeran-de-agua-potable-a-wanguelen-y-laguna-el-trebol-en-bariloche\/"},"wordCount":515,"commentCount":0,"publisher":{"@id":"https:\/\/patagoniambiental.com.ar\/info\/#organization"},"image":{"@id":"https:\/\/patagoniambiental.com.ar\/info\/comenzaron-las-obras-que-proveeran-de-agua-potable-a-wanguelen-y-laguna-el-trebol-en-bariloche\/#primaryimage"},"thumbnailUrl":"https:\/\/patagoniambiental.com.ar\/info\/wp-content\/uploads\/2019\/11\/00046132.jpg","articleSection":["Noticias","Provinciales","R\u00edo Negro"],"inLanguage":"es","potentialAction":[{"@type":"CommentAction","name":"Comment","target":["https:\/\/patagoniambiental.com.ar\/info\/comenzaron-las-obras-que-proveeran-de-agua-potable-a-wanguelen-y-laguna-el-trebol-en-bariloche\/#respond"]}]},{"@type":"WebPage","@id":"https:\/\/patagoniambiental.com.ar\/info\/comenzaron-las-obras-que-proveeran-de-agua-potable-a-wanguelen-y-laguna-el-trebol-en-bariloche\/","url":"https:\/\/patagoniambiental.com.ar\/info\/comenzaron-las-obras-que-proveeran-de-agua-potable-a-wanguelen-y-laguna-el-trebol-en-bariloche\/","name":"Comenzaron las obras que proveer\u00e1n de agua potable a Wanguelen y Laguna El Tr\u00e9bol en Bariloche","isPartOf":{"@id":"https:\/\/patagoniambiental.com.ar\/info\/#website"},"primaryImageOfPage":{"@id":"https:\/\/patagoniambiental.com.ar\/info\/comenzaron-las-obras-que-proveeran-de-agua-potable-a-wanguelen-y-laguna-el-trebol-en-bariloche\/#primaryimage"},"image":{"@id":"https:\/\/patagoniambiental.com.ar\/info\/comenzaron-las-obras-que-proveeran-de-agua-potable-a-wanguelen-y-laguna-el-trebol-en-bariloche\/#primaryimage"},"thumbnailUrl":"https:\/\/patagoniambiental.com.ar\/info\/wp-content\/uploads\/2019\/11\/00046132.jpg","datePublished":"2019-11-28T22:00:14+00:00","breadcrumb":{"@id":"https:\/\/patagoniambiental.com.ar\/info\/comenzaron-las-obras-que-proveeran-de-agua-potable-a-wanguelen-y-laguna-el-trebol-en-bariloche\/#breadcrumb"},"inLanguage":"es","potentialAction":[{"@type":"ReadAction","target":["https:\/\/patagoniambiental.com.ar\/info\/comenzaron-las-obras-que-proveeran-de-agua-potable-a-wanguelen-y-laguna-el-trebol-en-bariloche\/"]}]},{"@type":"ImageObject","inLanguage":"es","@id":"https:\/\/patagoniambiental.com.ar\/info\/comenzaron-las-obras-que-proveeran-de-agua-potable-a-wanguelen-y-laguna-el-trebol-en-bariloche\/#primaryimage","url":"https:\/\/patagoniambiental.com.ar\/info\/wp-content\/uploads\/2019\/11\/00046132.jpg","contentUrl":"https:\/\/patagoniambiental.com.ar\/info\/wp-content\/uploads\/2019\/11\/00046132.jpg","width":900,"height":600},{"@type":"BreadcrumbList","@id":"https:\/\/patagoniambiental.com.ar\/info\/comenzaron-las-obras-que-proveeran-de-agua-potable-a-wanguelen-y-laguna-el-trebol-en-bariloche\/#breadcrumb","itemListElement":[{"@type":"ListItem","position":1,"name":"Inicio","item":"https:\/\/patagoniambiental.com.ar\/info\/"},{"@type":"ListItem","position":2,"name":"Comenzaron las obras que proveer\u00e1n de agua potable a Wanguelen y Laguna El Tr\u00e9bol en Bariloche"}]},{"@type":"WebSite","@id":"https:\/\/patagoniambiental.com.ar\/info\/#website","url":"https:\/\/patagoniambiental.com.ar\/info\/","name":"Patagonia Ambiental","description":"Monitoreo y an\u00e1lisis de la situaci\u00f3n geopol\u00edtica en el mundo y su implicancia en la Patagonia","publisher":{"@id":"https:\/\/patagoniambiental.com.ar\/info\/#organization"},"potentialAction":[{"@type":"SearchAction","target":{"@type":"EntryPoint","urlTemplate":"https:\/\/patagoniambiental.com.ar\/info\/?s={search_term_string}"},"query-input":{"@type":"PropertyValueSpecification","valueRequired":true,"valueName":"search_term_string"}}],"inLanguage":"es"},{"@type":"Organization","@id":"https:\/\/patagoniambiental.com.ar\/info\/#organization","name":"Patagonia Ambiental","url":"https:\/\/patagoniambiental.com.ar\/info\/","logo":{"@type":"ImageObject","inLanguage":"es","@id":"https:\/\/patagoniambiental.com.ar\/info\/#\/schema\/logo\/image\/","url":"https:\/\/patagoniambiental.com.ar\/info\/wp-content\/uploads\/2025\/05\/LOGO-PATAGONIA-AMBIENTAL.png","contentUrl":"https:\/\/patagoniambiental.com.ar\/info\/wp-content\/uploads\/2025\/05\/LOGO-PATAGONIA-AMBIENTAL.png","width":433,"height":250,"caption":"Patagonia Ambiental"},"image":{"@id":"https:\/\/patagoniambiental.com.ar\/info\/#\/schema\/logo\/image\/"},"sameAs":["https:\/\/www.facebook.com\/patagonia.ambiental","https:\/\/x.com\/PatAmb"]},{"@type":"Person","@id":"https:\/\/patagoniambiental.com.ar\/info\/#\/schema\/person\/db12bff64bbcbf6a253710bf0ea37b5d","name":"Patagonia Ambiental","description":"Andr\u00e9s Nievas T\u00e9cnico en manejo ambiental, consultor Ambiental y escritor para medios locales e internacionales sobre temas de geopolitica y medio ambiente.","sameAs":["http:\/\/www.patagoniambiental.com.ar","https:\/\/www.facebook.com\/share\/1C1V8Gv9BX\/?mibextid=qi2Omg","@patagoniambiental","https:\/\/youtube.com\/@patagoniaambiental2023?si=BLt58t0wuXquxlYZ"]}]}},"_links":{"self":[{"href":"https:\/\/patagoniambiental.com.ar\/info\/wp-json\/wp\/v2\/posts\/64144","targetHints":{"allow":["GET"]}}],"collection":[{"href":"https:\/\/patagoniambiental.com.ar\/info\/wp-json\/wp\/v2\/posts"}],"about":[{"href":"https:\/\/patagoniambiental.com.ar\/info\/wp-json\/wp\/v2\/types\/post"}],"author":[{"embeddable":true,"href":"https:\/\/patagoniambiental.com.ar\/info\/wp-json\/wp\/v2\/users\/2"}],"replies":[{"embeddable":true,"href":"https:\/\/patagoniambiental.com.ar\/info\/wp-json\/wp\/v2\/comments?post=64144"}],"version-history":[{"count":0,"href":"https:\/\/patagoniambiental.com.ar\/info\/wp-json\/wp\/v2\/posts\/64144\/revisions"}],"wp:featuredmedia":[{"embeddable":true,"href":"https:\/\/patagoniambiental.com.ar\/info\/wp-json\/wp\/v2\/media\/64145"}],"wp:attachment":[{"href":"https:\/\/patagoniambiental.com.ar\/info\/wp-json\/wp\/v2\/media?parent=64144"}],"wp:term":[{"taxonomy":"category","embeddable":true,"href":"https:\/\/patagoniambiental.com.ar\/info\/wp-json\/wp\/v2\/categories?post=64144"},{"taxonomy":"post_tag","embeddable":true,"href":"https:\/\/patagoniambiental.com.ar\/info\/wp-json\/wp\/v2\/tags?post=64144"}],"curies":[{"name":"wp","href":"https:\/\/api.w.org\/{rel}","templated":true}]}}