{"id":64251,"date":"2019-12-06T07:00:08","date_gmt":"2019-12-06T10:00:08","guid":{"rendered":"http:\/\/patagoniambiental.com.ar\/info\/?p=64251"},"modified":"2019-12-05T10:06:07","modified_gmt":"2019-12-05T13:06:07","slug":"las-bicicletas-que-reviven-y-cuidan-el-medio-ambiente-en-santa-rosa","status":"publish","type":"post","link":"https:\/\/patagoniambiental.com.ar\/info\/las-bicicletas-que-reviven-y-cuidan-el-medio-ambiente-en-santa-rosa\/","title":{"rendered":"Las bicicletas que reviven y cuidan el medio ambiente en Santa Rosa"},"content":{"rendered":"<div class=\"td-post-header\">\n<header class=\"td-post-title\">\n<p class=\"td-post-sub-title\">Santa Rosa.-UN LOCAL SANTARROSE\u00d1O DONA RODADOS QUE FUERON ABANDONADOS<\/p>\n<\/header>\n<\/div>\n<p><!--more--><\/p>\n<div class=\"td-post-content\">\n<div class=\"td-post-featured-image\"><a href=\"https:\/\/i2.wp.com\/www.laarena.com.ar\/__uP_Load_\/2019\/12\/04-Bessi254a6650.jpg?fit=700%2C465\" data-caption=\"\"><img fetchpriority=\"high\" decoding=\"async\" class=\"entry-thumb td-modal-image\" title=\"04-Bessi\" src=\"https:\/\/i2.wp.com\/www.laarena.com.ar\/__uP_Load_\/2019\/12\/04-Bessi254a6650.jpg?resize=696%2C462\" sizes=\"(max-width: 696px) 100vw, 696px\" srcset=\"https:\/\/i2.wp.com\/www.laarena.com.ar\/__uP_Load_\/2019\/12\/04-Bessi254a6650.jpg?resize=696%2C462 696w, https:\/\/i2.wp.com\/www.laarena.com.ar\/__uP_Load_\/2019\/12\/04-Bessi254a6650.jpg?resize=250%2C166 250w, https:\/\/i2.wp.com\/www.laarena.com.ar\/__uP_Load_\/2019\/12\/04-Bessi254a6650.jpg?resize=356%2C236 356w, https:\/\/i2.wp.com\/www.laarena.com.ar\/__uP_Load_\/2019\/12\/04-Bessi254a6650.jpg?w=700 700w\" alt=\"\" width=\"1309\" height=\"869\" \/><\/a><\/div>\n<div class=\"td-post-sharing-top\">\n<div id=\"td_social_sharing_article_top\" class=\"td-post-sharing td-ps-bg td-ps-notext td-post-sharing-style1 \">\n<div class=\"td-post-sharing-visible\">\n<div class=\"td-social-but-icon\"><\/div>\n<div class=\"td-social-but-icon\"><\/div>\n<div class=\"td-social-but-icon\">Un aviso en este diario dio a conocer la donaci\u00f3n que decidieron en el comercio, bicicletas que nunca fueron retiradas por sus due\u00f1os para hacerles un arreglo. La idea es que las puedan usar quienes no tienen chance de comprarlas.<\/div>\n<\/div>\n<\/div>\n<\/div>\n<p>\u00abLa cuesti\u00f3n econ\u00f3mica tiene su incidencia, por ah\u00ed es gente que no puede pagar y las abandona. Pero tambi\u00e9n hay muchas de chicos que los padres, como los hijos crecen, ya no las retiran\u00bb, cuenta Juanjo Besi mientras quita el nylon que cubre a esas bicis abandonadas, que se quedaron sin due\u00f1o y el paso del tiempo las oblig\u00f3 a quedar ah\u00ed, en una especie de cementerio de esos veh\u00edculos de dos ruedas.<br \/>\nLa bicicleta, compa\u00f1era fiel de gran parte de la poblaci\u00f3n, sobre todo para los m\u00e1s chicos, vive un resurgimiento a nivel mundial gracias a movidas que buscan descongestionar un planeta atiborrado de autos, motos, colectivos y todo tipo de veh\u00edculo a motor. Una compa\u00f1era fiel que ayuda al medio ambiente, al bolsillo y a la salud. Pero hay una porci\u00f3n de gente que las abandona, las reduce a algo tirado en un rinc\u00f3n de un lugar ajeno.<br \/>\n\u00abNosotros mantenemos la tradici\u00f3n del taller, ac\u00e1 arreglamos las bicis y entonces van quedando. Y la verdad no est\u00e1 bueno tener tantas acumuladas, sobre todo si hay gente que las puede usar, por eso decidimos donarlas\u00bb, cuenta el propietario del negocio ubicado en las avenidas Circunvalaci\u00f3n e Illia y que hizo conocer la noticia en la edici\u00f3n de ayer del diario LA ARENA.<br \/>\nEl peque\u00f1o aviso llam\u00f3 la atenci\u00f3n: \u00abJuanjo Besi Bicicletas comunica a sus clientes que las bicicletas que se encuentran en el local sin retirar (m\u00e1s de un a\u00f1o) ser\u00e1n donadas a instituciones\u00bb.<br \/>\n\u00abHay una bici que, por ejemplo, est\u00e1 afuera hace tres a\u00f1os. Y hay algunas muy buenas, bicis re lindas y caras, que quedaron ac\u00e1. Pero empez\u00e1s a juntar y es un problema, no sabemos qu\u00e9 hacer con las bicis. A la gran mayor\u00eda de los colegas que tienen taller les pasa lo mismo. Suele pasar que traen la bici del nene a arreglar y despu\u00e9s el chico empieza a hacer otras actividades y las dejan. Crecen y ya les quedan chicas entonces las abandonan\u00bb, cont\u00f3 Besi.<br \/>\nSin embargo, la cuesti\u00f3n no es sencilla ya que hay clientes que aparecen \u00abdos o tres a\u00f1os despu\u00e9s\u00bb a reclamar por lo que hab\u00edan dejado en alg\u00fan tiempo lejano. \u00abEs complicado, hay gente que viene y te dice \u2018pero si yo te la dej\u00e9 hace un tiempito\u2019, y en realidad \u00a1pasaron dos a\u00f1os! Y yo ac\u00e1 necesito el espacio adem\u00e1s que no queda bien tener un mont\u00f3n de bicis abandonadas, no da buena imagen, es como tener un auto abandonado. No se mueven, juntan mugre: no tiene ning\u00fan sentido que est\u00e9n ac\u00e1, molestan. Y sobre todo que hay mucha gente que las puede usar lo m\u00e1s bien\u00bb.<\/p>\n<p>En buenas condiciones.<br \/>\nBesi record\u00f3 que durante un tiempo realizaba donaciones a la Escuela Hogar de Jag\u00fcel del Monte, pero algunas malas experiencias le hicieron cambiar de idea.<br \/>\n\u00abNosotros mand\u00e1bamos bicis y ropa a la Escuela Hogar, pero despu\u00e9s nos enter\u00e1bamos que no llegaban a manos de los chicos sino que quedaban en el camino, as\u00ed que lo dejamos de hacer. Yo lo que hago es entregarlas andando, usables, pero tengo que tener la garant\u00eda que van a llegar adonde van dirigidas\u00bb, aclar\u00f3 Besi sobre el destino que tendr\u00e1n quienes fueron abandonadas por sus due\u00f1os pero esperan volver a hacer lo que saben, rodar y rodar.<\/p>\n<p>Fuente: Diario La Arena<\/p>\n<\/div>\n","protected":false},"excerpt":{"rendered":"<p>Santa Rosa.-UN LOCAL SANTARROSE\u00d1O DONA RODADOS QUE FUERON ABANDONADOS<\/p>\n","protected":false},"author":2,"featured_media":64252,"comment_status":"open","ping_status":"open","sticky":false,"template":"","format":"standard","meta":{"site-sidebar-layout":"default","site-content-layout":"","ast-site-content-layout":"default","site-content-style":"default","site-sidebar-style":"default","ast-global-header-display":"","ast-banner-title-visibility":"","ast-main-header-display":"","ast-hfb-above-header-display":"","ast-hfb-below-header-display":"","ast-hfb-mobile-header-display":"","site-post-title":"","ast-breadcrumbs-content":"","ast-featured-img":"","footer-sml-layout":"","ast-disable-related-posts":"","theme-transparent-header-meta":"","adv-header-id-meta":"","stick-header-meta":"","header-above-stick-meta":"","header-main-stick-meta":"","header-below-stick-meta":"","astra-migrate-meta-layouts":"default","ast-page-background-enabled":"default","ast-page-background-meta":{"desktop":{"background-color":"var(--ast-global-color-5)","background-image":"","background-repeat":"repeat","background-position":"center center","background-size":"auto","background-attachment":"scroll","background-type":"","background-media":"","overlay-type":"","overlay-color":"","overlay-opacity":"","overlay-gradient":""},"tablet":{"background-color":"","background-image":"","background-repeat":"repeat","background-position":"center center","background-size":"auto","background-attachment":"scroll","background-type":"","background-media":"","overlay-type":"","overlay-color":"","overlay-opacity":"","overlay-gradient":""},"mobile":{"background-color":"","background-image":"","background-repeat":"repeat","background-position":"center center","background-size":"auto","background-attachment":"scroll","background-type":"","background-media":"","overlay-type":"","overlay-color":"","overlay-opacity":"","overlay-gradient":""}},"ast-content-background-meta":{"desktop":{"background-color":"var(--ast-global-color-4)","background-image":"","background-repeat":"repeat","background-position":"center center","background-size":"auto","background-attachment":"scroll","background-type":"","background-media":"","overlay-type":"","overlay-color":"","overlay-opacity":"","overlay-gradient":""},"tablet":{"background-color":"var(--ast-global-color-4)","background-image":"","background-repeat":"repeat","background-position":"center center","background-size":"auto","background-attachment":"scroll","background-type":"","background-media":"","overlay-type":"","overlay-color":"","overlay-opacity":"","overlay-gradient":""},"mobile":{"background-color":"var(--ast-global-color-4)","background-image":"","background-repeat":"repeat","background-position":"center center","background-size":"auto","background-attachment":"scroll","background-type":"","background-media":"","overlay-type":"","overlay-color":"","overlay-opacity":"","overlay-gradient":""}},"footnotes":""},"categories":[11,59,1,13,10],"tags":[],"class_list":["post-64251","post","type-post","status-publish","format-standard","has-post-thumbnail","hentry","category-boletin","category-la-pampa","category-noticias","category-provinciales","category-rotador"],"yoast_head":"<!-- This site is optimized with the Yoast SEO Premium plugin v23.0 (Yoast SEO v27.5) - https:\/\/yoast.com\/product\/yoast-seo-premium-wordpress\/ -->\n<title>Las bicicletas que reviven y cuidan el medio ambiente en Santa Rosa<\/title>\n<meta name=\"robots\" content=\"index, follow, max-snippet:-1, max-image-preview:large, max-video-preview:-1\" \/>\n<link rel=\"canonical\" href=\"https:\/\/patagoniambiental.com.ar\/info\/las-bicicletas-que-reviven-y-cuidan-el-medio-ambiente-en-santa-rosa\/\" \/>\n<meta property=\"og:locale\" content=\"es_ES\" \/>\n<meta property=\"og:type\" content=\"article\" \/>\n<meta property=\"og:title\" content=\"Las bicicletas que reviven y cuidan el medio ambiente en Santa Rosa\" \/>\n<meta property=\"og:description\" content=\"Santa Rosa.-UN LOCAL SANTARROSE\u00d1O DONA RODADOS QUE FUERON ABANDONADOS\" \/>\n<meta property=\"og:url\" content=\"https:\/\/patagoniambiental.com.ar\/info\/las-bicicletas-que-reviven-y-cuidan-el-medio-ambiente-en-santa-rosa\/\" \/>\n<meta property=\"og:site_name\" content=\"Patagonia Ambiental\" \/>\n<meta property=\"article:publisher\" content=\"https:\/\/www.facebook.com\/patagonia.ambiental\" \/>\n<meta property=\"article:author\" content=\"https:\/\/www.facebook.com\/share\/1C1V8Gv9BX\/?mibextid=qi2Omg\" \/>\n<meta property=\"article:published_time\" content=\"2019-12-06T10:00:08+00:00\" \/>\n<meta property=\"og:image\" content=\"https:\/\/patagoniambiental.com.ar\/info\/wp-content\/uploads\/2019\/12\/04-Bessi254a6650.jpg\" \/>\n\t<meta property=\"og:image:width\" content=\"696\" \/>\n\t<meta property=\"og:image:height\" content=\"462\" \/>\n\t<meta property=\"og:image:type\" content=\"image\/jpeg\" \/>\n<meta name=\"author\" content=\"Patagonia Ambiental\" \/>\n<meta name=\"twitter:card\" content=\"summary_large_image\" \/>\n<meta name=\"twitter:creator\" content=\"@PatAmb\" \/>\n<meta name=\"twitter:site\" content=\"@PatAmb\" \/>\n<script type=\"application\/ld+json\" class=\"yoast-schema-graph\">{\"@context\":\"https:\\\/\\\/schema.org\",\"@graph\":[{\"@type\":\"Article\",\"@id\":\"https:\\\/\\\/patagoniambiental.com.ar\\\/info\\\/las-bicicletas-que-reviven-y-cuidan-el-medio-ambiente-en-santa-rosa\\\/#article\",\"isPartOf\":{\"@id\":\"https:\\\/\\\/patagoniambiental.com.ar\\\/info\\\/las-bicicletas-que-reviven-y-cuidan-el-medio-ambiente-en-santa-rosa\\\/\"},\"author\":{\"name\":\"Patagonia Ambiental\",\"@id\":\"https:\\\/\\\/patagoniambiental.com.ar\\\/info\\\/#\\\/schema\\\/person\\\/db12bff64bbcbf6a253710bf0ea37b5d\"},\"headline\":\"Las bicicletas que reviven y cuidan el medio ambiente en Santa Rosa\",\"datePublished\":\"2019-12-06T10:00:08+00:00\",\"mainEntityOfPage\":{\"@id\":\"https:\\\/\\\/patagoniambiental.com.ar\\\/info\\\/las-bicicletas-que-reviven-y-cuidan-el-medio-ambiente-en-santa-rosa\\\/\"},\"wordCount\":655,\"commentCount\":0,\"publisher\":{\"@id\":\"https:\\\/\\\/patagoniambiental.com.ar\\\/info\\\/#organization\"},\"image\":{\"@id\":\"https:\\\/\\\/patagoniambiental.com.ar\\\/info\\\/las-bicicletas-que-reviven-y-cuidan-el-medio-ambiente-en-santa-rosa\\\/#primaryimage\"},\"thumbnailUrl\":\"https:\\\/\\\/patagoniambiental.com.ar\\\/info\\\/wp-content\\\/uploads\\\/2019\\\/12\\\/04-Bessi254a6650.jpg\",\"articleSection\":[\"Bolet\u00edn\",\"La Pampa\",\"Noticias\",\"Provinciales\",\"Rotador\"],\"inLanguage\":\"es\",\"potentialAction\":[{\"@type\":\"CommentAction\",\"name\":\"Comment\",\"target\":[\"https:\\\/\\\/patagoniambiental.com.ar\\\/info\\\/las-bicicletas-que-reviven-y-cuidan-el-medio-ambiente-en-santa-rosa\\\/#respond\"]}]},{\"@type\":\"WebPage\",\"@id\":\"https:\\\/\\\/patagoniambiental.com.ar\\\/info\\\/las-bicicletas-que-reviven-y-cuidan-el-medio-ambiente-en-santa-rosa\\\/\",\"url\":\"https:\\\/\\\/patagoniambiental.com.ar\\\/info\\\/las-bicicletas-que-reviven-y-cuidan-el-medio-ambiente-en-santa-rosa\\\/\",\"name\":\"Las bicicletas que reviven y cuidan el medio ambiente en Santa Rosa\",\"isPartOf\":{\"@id\":\"https:\\\/\\\/patagoniambiental.com.ar\\\/info\\\/#website\"},\"primaryImageOfPage\":{\"@id\":\"https:\\\/\\\/patagoniambiental.com.ar\\\/info\\\/las-bicicletas-que-reviven-y-cuidan-el-medio-ambiente-en-santa-rosa\\\/#primaryimage\"},\"image\":{\"@id\":\"https:\\\/\\\/patagoniambiental.com.ar\\\/info\\\/las-bicicletas-que-reviven-y-cuidan-el-medio-ambiente-en-santa-rosa\\\/#primaryimage\"},\"thumbnailUrl\":\"https:\\\/\\\/patagoniambiental.com.ar\\\/info\\\/wp-content\\\/uploads\\\/2019\\\/12\\\/04-Bessi254a6650.jpg\",\"datePublished\":\"2019-12-06T10:00:08+00:00\",\"breadcrumb\":{\"@id\":\"https:\\\/\\\/patagoniambiental.com.ar\\\/info\\\/las-bicicletas-que-reviven-y-cuidan-el-medio-ambiente-en-santa-rosa\\\/#breadcrumb\"},\"inLanguage\":\"es\",\"potentialAction\":[{\"@type\":\"ReadAction\",\"target\":[\"https:\\\/\\\/patagoniambiental.com.ar\\\/info\\\/las-bicicletas-que-reviven-y-cuidan-el-medio-ambiente-en-santa-rosa\\\/\"]}]},{\"@type\":\"ImageObject\",\"inLanguage\":\"es\",\"@id\":\"https:\\\/\\\/patagoniambiental.com.ar\\\/info\\\/las-bicicletas-que-reviven-y-cuidan-el-medio-ambiente-en-santa-rosa\\\/#primaryimage\",\"url\":\"https:\\\/\\\/patagoniambiental.com.ar\\\/info\\\/wp-content\\\/uploads\\\/2019\\\/12\\\/04-Bessi254a6650.jpg\",\"contentUrl\":\"https:\\\/\\\/patagoniambiental.com.ar\\\/info\\\/wp-content\\\/uploads\\\/2019\\\/12\\\/04-Bessi254a6650.jpg\",\"width\":696,\"height\":462},{\"@type\":\"BreadcrumbList\",\"@id\":\"https:\\\/\\\/patagoniambiental.com.ar\\\/info\\\/las-bicicletas-que-reviven-y-cuidan-el-medio-ambiente-en-santa-rosa\\\/#breadcrumb\",\"itemListElement\":[{\"@type\":\"ListItem\",\"position\":1,\"name\":\"Inicio\",\"item\":\"https:\\\/\\\/patagoniambiental.com.ar\\\/info\\\/\"},{\"@type\":\"ListItem\",\"position\":2,\"name\":\"Las bicicletas que reviven y cuidan el medio ambiente en Santa Rosa\"}]},{\"@type\":\"WebSite\",\"@id\":\"https:\\\/\\\/patagoniambiental.com.ar\\\/info\\\/#website\",\"url\":\"https:\\\/\\\/patagoniambiental.com.ar\\\/info\\\/\",\"name\":\"Patagonia Ambiental\",\"description\":\"Monitoreo y an\u00e1lisis de la situaci\u00f3n geopol\u00edtica en el mundo y su implicancia en la Patagonia\",\"publisher\":{\"@id\":\"https:\\\/\\\/patagoniambiental.com.ar\\\/info\\\/#organization\"},\"potentialAction\":[{\"@type\":\"SearchAction\",\"target\":{\"@type\":\"EntryPoint\",\"urlTemplate\":\"https:\\\/\\\/patagoniambiental.com.ar\\\/info\\\/?s={search_term_string}\"},\"query-input\":{\"@type\":\"PropertyValueSpecification\",\"valueRequired\":true,\"valueName\":\"search_term_string\"}}],\"inLanguage\":\"es\"},{\"@type\":\"Organization\",\"@id\":\"https:\\\/\\\/patagoniambiental.com.ar\\\/info\\\/#organization\",\"name\":\"Patagonia Ambiental\",\"url\":\"https:\\\/\\\/patagoniambiental.com.ar\\\/info\\\/\",\"logo\":{\"@type\":\"ImageObject\",\"inLanguage\":\"es\",\"@id\":\"https:\\\/\\\/patagoniambiental.com.ar\\\/info\\\/#\\\/schema\\\/logo\\\/image\\\/\",\"url\":\"https:\\\/\\\/patagoniambiental.com.ar\\\/info\\\/wp-content\\\/uploads\\\/2025\\\/05\\\/LOGO-PATAGONIA-AMBIENTAL.png\",\"contentUrl\":\"https:\\\/\\\/patagoniambiental.com.ar\\\/info\\\/wp-content\\\/uploads\\\/2025\\\/05\\\/LOGO-PATAGONIA-AMBIENTAL.png\",\"width\":433,\"height\":250,\"caption\":\"Patagonia Ambiental\"},\"image\":{\"@id\":\"https:\\\/\\\/patagoniambiental.com.ar\\\/info\\\/#\\\/schema\\\/logo\\\/image\\\/\"},\"sameAs\":[\"https:\\\/\\\/www.facebook.com\\\/patagonia.ambiental\",\"https:\\\/\\\/x.com\\\/PatAmb\"]},{\"@type\":\"Person\",\"@id\":\"https:\\\/\\\/patagoniambiental.com.ar\\\/info\\\/#\\\/schema\\\/person\\\/db12bff64bbcbf6a253710bf0ea37b5d\",\"name\":\"Patagonia Ambiental\",\"description\":\"Andr\u00e9s Nievas T\u00e9cnico en manejo ambiental, consultor Ambiental y escritor para medios locales e internacionales sobre temas de geopolitica y medio ambiente.\",\"sameAs\":[\"http:\\\/\\\/www.patagoniambiental.com.ar\",\"https:\\\/\\\/www.facebook.com\\\/share\\\/1C1V8Gv9BX\\\/?mibextid=qi2Omg\",\"@patagoniambiental\",\"https:\\\/\\\/youtube.com\\\/@patagoniaambiental2023?si=BLt58t0wuXquxlYZ\"]}]}<\/script>\n<!-- \/ Yoast SEO Premium plugin. -->","yoast_head_json":{"title":"Las bicicletas que reviven y cuidan el medio ambiente en Santa Rosa","robots":{"index":"index","follow":"follow","max-snippet":"max-snippet:-1","max-image-preview":"max-image-preview:large","max-video-preview":"max-video-preview:-1"},"canonical":"https:\/\/patagoniambiental.com.ar\/info\/las-bicicletas-que-reviven-y-cuidan-el-medio-ambiente-en-santa-rosa\/","og_locale":"es_ES","og_type":"article","og_title":"Las bicicletas que reviven y cuidan el medio ambiente en Santa Rosa","og_description":"Santa Rosa.-UN LOCAL SANTARROSE\u00d1O DONA RODADOS QUE FUERON ABANDONADOS","og_url":"https:\/\/patagoniambiental.com.ar\/info\/las-bicicletas-que-reviven-y-cuidan-el-medio-ambiente-en-santa-rosa\/","og_site_name":"Patagonia Ambiental","article_publisher":"https:\/\/www.facebook.com\/patagonia.ambiental","article_author":"https:\/\/www.facebook.com\/share\/1C1V8Gv9BX\/?mibextid=qi2Omg","article_published_time":"2019-12-06T10:00:08+00:00","og_image":[{"width":696,"height":462,"url":"https:\/\/patagoniambiental.com.ar\/info\/wp-content\/uploads\/2019\/12\/04-Bessi254a6650.jpg","type":"image\/jpeg"}],"author":"Patagonia Ambiental","twitter_card":"summary_large_image","twitter_creator":"@PatAmb","twitter_site":"@PatAmb","schema":{"@context":"https:\/\/schema.org","@graph":[{"@type":"Article","@id":"https:\/\/patagoniambiental.com.ar\/info\/las-bicicletas-que-reviven-y-cuidan-el-medio-ambiente-en-santa-rosa\/#article","isPartOf":{"@id":"https:\/\/patagoniambiental.com.ar\/info\/las-bicicletas-que-reviven-y-cuidan-el-medio-ambiente-en-santa-rosa\/"},"author":{"name":"Patagonia Ambiental","@id":"https:\/\/patagoniambiental.com.ar\/info\/#\/schema\/person\/db12bff64bbcbf6a253710bf0ea37b5d"},"headline":"Las bicicletas que reviven y cuidan el medio ambiente en Santa Rosa","datePublished":"2019-12-06T10:00:08+00:00","mainEntityOfPage":{"@id":"https:\/\/patagoniambiental.com.ar\/info\/las-bicicletas-que-reviven-y-cuidan-el-medio-ambiente-en-santa-rosa\/"},"wordCount":655,"commentCount":0,"publisher":{"@id":"https:\/\/patagoniambiental.com.ar\/info\/#organization"},"image":{"@id":"https:\/\/patagoniambiental.com.ar\/info\/las-bicicletas-que-reviven-y-cuidan-el-medio-ambiente-en-santa-rosa\/#primaryimage"},"thumbnailUrl":"https:\/\/patagoniambiental.com.ar\/info\/wp-content\/uploads\/2019\/12\/04-Bessi254a6650.jpg","articleSection":["Bolet\u00edn","La Pampa","Noticias","Provinciales","Rotador"],"inLanguage":"es","potentialAction":[{"@type":"CommentAction","name":"Comment","target":["https:\/\/patagoniambiental.com.ar\/info\/las-bicicletas-que-reviven-y-cuidan-el-medio-ambiente-en-santa-rosa\/#respond"]}]},{"@type":"WebPage","@id":"https:\/\/patagoniambiental.com.ar\/info\/las-bicicletas-que-reviven-y-cuidan-el-medio-ambiente-en-santa-rosa\/","url":"https:\/\/patagoniambiental.com.ar\/info\/las-bicicletas-que-reviven-y-cuidan-el-medio-ambiente-en-santa-rosa\/","name":"Las bicicletas que reviven y cuidan el medio ambiente en Santa Rosa","isPartOf":{"@id":"https:\/\/patagoniambiental.com.ar\/info\/#website"},"primaryImageOfPage":{"@id":"https:\/\/patagoniambiental.com.ar\/info\/las-bicicletas-que-reviven-y-cuidan-el-medio-ambiente-en-santa-rosa\/#primaryimage"},"image":{"@id":"https:\/\/patagoniambiental.com.ar\/info\/las-bicicletas-que-reviven-y-cuidan-el-medio-ambiente-en-santa-rosa\/#primaryimage"},"thumbnailUrl":"https:\/\/patagoniambiental.com.ar\/info\/wp-content\/uploads\/2019\/12\/04-Bessi254a6650.jpg","datePublished":"2019-12-06T10:00:08+00:00","breadcrumb":{"@id":"https:\/\/patagoniambiental.com.ar\/info\/las-bicicletas-que-reviven-y-cuidan-el-medio-ambiente-en-santa-rosa\/#breadcrumb"},"inLanguage":"es","potentialAction":[{"@type":"ReadAction","target":["https:\/\/patagoniambiental.com.ar\/info\/las-bicicletas-que-reviven-y-cuidan-el-medio-ambiente-en-santa-rosa\/"]}]},{"@type":"ImageObject","inLanguage":"es","@id":"https:\/\/patagoniambiental.com.ar\/info\/las-bicicletas-que-reviven-y-cuidan-el-medio-ambiente-en-santa-rosa\/#primaryimage","url":"https:\/\/patagoniambiental.com.ar\/info\/wp-content\/uploads\/2019\/12\/04-Bessi254a6650.jpg","contentUrl":"https:\/\/patagoniambiental.com.ar\/info\/wp-content\/uploads\/2019\/12\/04-Bessi254a6650.jpg","width":696,"height":462},{"@type":"BreadcrumbList","@id":"https:\/\/patagoniambiental.com.ar\/info\/las-bicicletas-que-reviven-y-cuidan-el-medio-ambiente-en-santa-rosa\/#breadcrumb","itemListElement":[{"@type":"ListItem","position":1,"name":"Inicio","item":"https:\/\/patagoniambiental.com.ar\/info\/"},{"@type":"ListItem","position":2,"name":"Las bicicletas que reviven y cuidan el medio ambiente en Santa Rosa"}]},{"@type":"WebSite","@id":"https:\/\/patagoniambiental.com.ar\/info\/#website","url":"https:\/\/patagoniambiental.com.ar\/info\/","name":"Patagonia Ambiental","description":"Monitoreo y an\u00e1lisis de la situaci\u00f3n geopol\u00edtica en el mundo y su implicancia en la Patagonia","publisher":{"@id":"https:\/\/patagoniambiental.com.ar\/info\/#organization"},"potentialAction":[{"@type":"SearchAction","target":{"@type":"EntryPoint","urlTemplate":"https:\/\/patagoniambiental.com.ar\/info\/?s={search_term_string}"},"query-input":{"@type":"PropertyValueSpecification","valueRequired":true,"valueName":"search_term_string"}}],"inLanguage":"es"},{"@type":"Organization","@id":"https:\/\/patagoniambiental.com.ar\/info\/#organization","name":"Patagonia Ambiental","url":"https:\/\/patagoniambiental.com.ar\/info\/","logo":{"@type":"ImageObject","inLanguage":"es","@id":"https:\/\/patagoniambiental.com.ar\/info\/#\/schema\/logo\/image\/","url":"https:\/\/patagoniambiental.com.ar\/info\/wp-content\/uploads\/2025\/05\/LOGO-PATAGONIA-AMBIENTAL.png","contentUrl":"https:\/\/patagoniambiental.com.ar\/info\/wp-content\/uploads\/2025\/05\/LOGO-PATAGONIA-AMBIENTAL.png","width":433,"height":250,"caption":"Patagonia Ambiental"},"image":{"@id":"https:\/\/patagoniambiental.com.ar\/info\/#\/schema\/logo\/image\/"},"sameAs":["https:\/\/www.facebook.com\/patagonia.ambiental","https:\/\/x.com\/PatAmb"]},{"@type":"Person","@id":"https:\/\/patagoniambiental.com.ar\/info\/#\/schema\/person\/db12bff64bbcbf6a253710bf0ea37b5d","name":"Patagonia Ambiental","description":"Andr\u00e9s Nievas T\u00e9cnico en manejo ambiental, consultor Ambiental y escritor para medios locales e internacionales sobre temas de geopolitica y medio ambiente.","sameAs":["http:\/\/www.patagoniambiental.com.ar","https:\/\/www.facebook.com\/share\/1C1V8Gv9BX\/?mibextid=qi2Omg","@patagoniambiental","https:\/\/youtube.com\/@patagoniaambiental2023?si=BLt58t0wuXquxlYZ"]}]}},"_links":{"self":[{"href":"https:\/\/patagoniambiental.com.ar\/info\/wp-json\/wp\/v2\/posts\/64251","targetHints":{"allow":["GET"]}}],"collection":[{"href":"https:\/\/patagoniambiental.com.ar\/info\/wp-json\/wp\/v2\/posts"}],"about":[{"href":"https:\/\/patagoniambiental.com.ar\/info\/wp-json\/wp\/v2\/types\/post"}],"author":[{"embeddable":true,"href":"https:\/\/patagoniambiental.com.ar\/info\/wp-json\/wp\/v2\/users\/2"}],"replies":[{"embeddable":true,"href":"https:\/\/patagoniambiental.com.ar\/info\/wp-json\/wp\/v2\/comments?post=64251"}],"version-history":[{"count":0,"href":"https:\/\/patagoniambiental.com.ar\/info\/wp-json\/wp\/v2\/posts\/64251\/revisions"}],"wp:featuredmedia":[{"embeddable":true,"href":"https:\/\/patagoniambiental.com.ar\/info\/wp-json\/wp\/v2\/media\/64252"}],"wp:attachment":[{"href":"https:\/\/patagoniambiental.com.ar\/info\/wp-json\/wp\/v2\/media?parent=64251"}],"wp:term":[{"taxonomy":"category","embeddable":true,"href":"https:\/\/patagoniambiental.com.ar\/info\/wp-json\/wp\/v2\/categories?post=64251"},{"taxonomy":"post_tag","embeddable":true,"href":"https:\/\/patagoniambiental.com.ar\/info\/wp-json\/wp\/v2\/tags?post=64251"}],"curies":[{"name":"wp","href":"https:\/\/api.w.org\/{rel}","templated":true}]}}