{"id":64353,"date":"2019-12-06T19:00:48","date_gmt":"2019-12-06T22:00:48","guid":{"rendered":"http:\/\/patagoniambiental.com.ar\/info\/?p=64353"},"modified":"2019-12-06T16:36:27","modified_gmt":"2019-12-06T19:36:27","slug":"la-sede-atlantica-de-la-unrn-firma-convenio-con-la-cooperativa-de-reciclado-cotranvi","status":"publish","type":"post","link":"https:\/\/patagoniambiental.com.ar\/info\/la-sede-atlantica-de-la-unrn-firma-convenio-con-la-cooperativa-de-reciclado-cotranvi\/","title":{"rendered":"La Sede Atl\u00e1ntica de la UNRN firma convenio con la Cooperativa de Reciclado COTRANVI"},"content":{"rendered":"<div class=\"portada parallax clearfix\">\n<div class=\"contenido-portada\"><\/div>\n<\/div>\n<div class=\"container\">Viedma.-La Cooperativa para una Nueva Vida (COTRANVI)\u00a0se dedica al reciclado de residuos inorg\u00e1nicos en la ciudad de Viedma.<\/div>\n<div><\/div>\n<p><!--more--><\/p>\n<div><\/div>\n<div><span class=\"fl\">E<\/span>l pasado martes 3 de diciembre, el vicerrector Anselmo Torres y el presidente de COTRANVI Jos\u00e9 Ram\u00f3n Paredes, firmaron un Convenio Espec\u00edfico donde se compromete a la Sede a implementar el \u201cPrograma de recolecci\u00f3n de residuos de papel de la Sede Atl\u00e1ntica\u201d.<\/div>\n<div class=\"detalle-link\">\n<div class=\"container clearfix\">\n<div class=\"row\">\n<div class=\"col-lg-9\">\n<div id=\"noticia-body\" class=\"text-gray16\">\n<p>Esto implica que la Sede Atl\u00e1ntica deber\u00e1 proveer los recipientes (destructora de papel, contenedores, papeleras, bolsones, etc.) necesarios para realizar la separaci\u00f3n de los residuos de papel en cada una de sus localizaciones (Predio La Rural, Campus Viedma y Manzana Hist\u00f3rica).\u00a0Proveer\u00e1 adem\u00e1s la carteler\u00eda para la correcta difusi\u00f3n del Programa y la capacitaci\u00f3n necesaria para implementaci\u00f3n del mismo, conjuntamente con quien designe COTRANVI.<\/p>\n<p>La Cooperativa por su parte, se compromete a realizar, sin costo para la Sede, la recolecci\u00f3n del material obtenido con una frecuencia inicial de una vez a la semana en cada localizaci\u00f3n.\u00a0Transcurridos los primeros 30 d\u00edas del Programa, se evaluar\u00e1 conjuntamente la necesidad o no de modificar las frecuencias de recolecci\u00f3n, de acuerdo a los vol\u00famenes obtenidos.<\/p>\n<p>El plazo de duraci\u00f3n del Convenio ser\u00e1 de un a\u00f1o, prorrogables autom\u00e1ticamente por id\u00e9ntico per\u00edodo, pudiendo cualquiera de las partes rescindir el convenio, sin que esto genere indemnizaci\u00f3n alguna para cualquiera de las partes.<\/p>\n<div class=\"texto-destacado\">COTRANVI podr\u00e1 comercializar los residuos reciclables obtenidos por la implementaci\u00f3n del programa, quedando la totalidad de lo producido por la venta a favor de la Cooperativa.<\/div>\n<p>La Cooperativa para una Nueva Vida trabaja en el reciclaje de residuos en el prebasural de Viedma. Est\u00e1 compuesta por 20 trabajadores y trabajadoras y es presidida actualmente por Jos\u00e9 Paredes. Integra el Movimiento de Trabajadores Exclu\u00eddos (MTE), la Confederaci\u00f3n de Trabajadores de la Econom\u00eda Popular (CTEP) y forma parte a nivel nacional de la Federaci\u00f3n de Cartoneros, Carreros y Recicladores Urbanos. El pasado 20 de octubre cumpli\u00f3 tres a\u00f1os de vida.<\/p>\n<p>Fuente: UNRN<\/p>\n<\/div>\n<\/div>\n<\/div>\n<\/div>\n<\/div>\n","protected":false},"excerpt":{"rendered":"<p>Viedma.-La Cooperativa para una Nueva Vida (COTRANVI)\u00a0se dedica al reciclado de residuos inorg\u00e1nicos en la ciudad de Viedma.<\/p>\n","protected":false},"author":2,"featured_media":64354,"comment_status":"open","ping_status":"open","sticky":false,"template":"","format":"standard","meta":{"site-sidebar-layout":"default","site-content-layout":"","ast-site-content-layout":"default","site-content-style":"default","site-sidebar-style":"default","ast-global-header-display":"","ast-banner-title-visibility":"","ast-main-header-display":"","ast-hfb-above-header-display":"","ast-hfb-below-header-display":"","ast-hfb-mobile-header-display":"","site-post-title":"","ast-breadcrumbs-content":"","ast-featured-img":"","footer-sml-layout":"","ast-disable-related-posts":"","theme-transparent-header-meta":"","adv-header-id-meta":"","stick-header-meta":"","header-above-stick-meta":"","header-main-stick-meta":"","header-below-stick-meta":"","astra-migrate-meta-layouts":"default","ast-page-background-enabled":"default","ast-page-background-meta":{"desktop":{"background-color":"var(--ast-global-color-5)","background-image":"","background-repeat":"repeat","background-position":"center center","background-size":"auto","background-attachment":"scroll","background-type":"","background-media":"","overlay-type":"","overlay-color":"","overlay-opacity":"","overlay-gradient":""},"tablet":{"background-color":"","background-image":"","background-repeat":"repeat","background-position":"center center","background-size":"auto","background-attachment":"scroll","background-type":"","background-media":"","overlay-type":"","overlay-color":"","overlay-opacity":"","overlay-gradient":""},"mobile":{"background-color":"","background-image":"","background-repeat":"repeat","background-position":"center center","background-size":"auto","background-attachment":"scroll","background-type":"","background-media":"","overlay-type":"","overlay-color":"","overlay-opacity":"","overlay-gradient":""}},"ast-content-background-meta":{"desktop":{"background-color":"var(--ast-global-color-4)","background-image":"","background-repeat":"repeat","background-position":"center center","background-size":"auto","background-attachment":"scroll","background-type":"","background-media":"","overlay-type":"","overlay-color":"","overlay-opacity":"","overlay-gradient":""},"tablet":{"background-color":"var(--ast-global-color-4)","background-image":"","background-repeat":"repeat","background-position":"center center","background-size":"auto","background-attachment":"scroll","background-type":"","background-media":"","overlay-type":"","overlay-color":"","overlay-opacity":"","overlay-gradient":""},"mobile":{"background-color":"var(--ast-global-color-4)","background-image":"","background-repeat":"repeat","background-position":"center center","background-size":"auto","background-attachment":"scroll","background-type":"","background-media":"","overlay-type":"","overlay-color":"","overlay-opacity":"","overlay-gradient":""}},"footnotes":""},"categories":[53,3357,1],"tags":[],"class_list":["post-64353","post","type-post","status-publish","format-standard","has-post-thumbnail","hentry","category-general","category-girsu","category-noticias"],"yoast_head":"<!-- This site is optimized with the Yoast SEO Premium plugin v23.0 (Yoast SEO v27.5) - https:\/\/yoast.com\/product\/yoast-seo-premium-wordpress\/ -->\n<title>La Sede Atl\u00e1ntica de la UNRN firma convenio con la Cooperativa de Reciclado COTRANVI<\/title>\n<meta name=\"robots\" content=\"index, follow, max-snippet:-1, max-image-preview:large, max-video-preview:-1\" \/>\n<link rel=\"canonical\" href=\"https:\/\/patagoniambiental.com.ar\/info\/la-sede-atlantica-de-la-unrn-firma-convenio-con-la-cooperativa-de-reciclado-cotranvi\/\" \/>\n<meta property=\"og:locale\" content=\"es_ES\" \/>\n<meta property=\"og:type\" content=\"article\" \/>\n<meta property=\"og:title\" content=\"La Sede Atl\u00e1ntica de la UNRN firma convenio con la Cooperativa de Reciclado COTRANVI\" \/>\n<meta property=\"og:description\" content=\"Viedma.-La Cooperativa para una Nueva Vida (COTRANVI)\u00a0se dedica al reciclado de residuos inorg\u00e1nicos en la ciudad de Viedma.\" \/>\n<meta property=\"og:url\" content=\"https:\/\/patagoniambiental.com.ar\/info\/la-sede-atlantica-de-la-unrn-firma-convenio-con-la-cooperativa-de-reciclado-cotranvi\/\" \/>\n<meta property=\"og:site_name\" content=\"Patagonia Ambiental\" \/>\n<meta property=\"article:publisher\" content=\"https:\/\/www.facebook.com\/patagonia.ambiental\" \/>\n<meta property=\"article:author\" content=\"https:\/\/www.facebook.com\/share\/1C1V8Gv9BX\/?mibextid=qi2Omg\" \/>\n<meta property=\"article:published_time\" content=\"2019-12-06T22:00:48+00:00\" \/>\n<meta property=\"og:image\" content=\"https:\/\/patagoniambiental.com.ar\/info\/wp-content\/uploads\/2019\/12\/unrn.jpg\" \/>\n\t<meta property=\"og:image:width\" content=\"1268\" \/>\n\t<meta property=\"og:image:height\" content=\"480\" \/>\n\t<meta property=\"og:image:type\" content=\"image\/jpeg\" \/>\n<meta name=\"author\" content=\"Patagonia Ambiental\" \/>\n<meta name=\"twitter:card\" content=\"summary_large_image\" \/>\n<meta name=\"twitter:creator\" content=\"@PatAmb\" \/>\n<meta name=\"twitter:site\" content=\"@PatAmb\" \/>\n<script type=\"application\/ld+json\" class=\"yoast-schema-graph\">{\"@context\":\"https:\\\/\\\/schema.org\",\"@graph\":[{\"@type\":\"Article\",\"@id\":\"https:\\\/\\\/patagoniambiental.com.ar\\\/info\\\/la-sede-atlantica-de-la-unrn-firma-convenio-con-la-cooperativa-de-reciclado-cotranvi\\\/#article\",\"isPartOf\":{\"@id\":\"https:\\\/\\\/patagoniambiental.com.ar\\\/info\\\/la-sede-atlantica-de-la-unrn-firma-convenio-con-la-cooperativa-de-reciclado-cotranvi\\\/\"},\"author\":{\"name\":\"Patagonia Ambiental\",\"@id\":\"https:\\\/\\\/patagoniambiental.com.ar\\\/info\\\/#\\\/schema\\\/person\\\/db12bff64bbcbf6a253710bf0ea37b5d\"},\"headline\":\"La Sede Atl\u00e1ntica de la UNRN firma convenio con la Cooperativa de Reciclado COTRANVI\",\"datePublished\":\"2019-12-06T22:00:48+00:00\",\"mainEntityOfPage\":{\"@id\":\"https:\\\/\\\/patagoniambiental.com.ar\\\/info\\\/la-sede-atlantica-de-la-unrn-firma-convenio-con-la-cooperativa-de-reciclado-cotranvi\\\/\"},\"wordCount\":359,\"commentCount\":0,\"publisher\":{\"@id\":\"https:\\\/\\\/patagoniambiental.com.ar\\\/info\\\/#organization\"},\"image\":{\"@id\":\"https:\\\/\\\/patagoniambiental.com.ar\\\/info\\\/la-sede-atlantica-de-la-unrn-firma-convenio-con-la-cooperativa-de-reciclado-cotranvi\\\/#primaryimage\"},\"thumbnailUrl\":\"https:\\\/\\\/patagoniambiental.com.ar\\\/info\\\/wp-content\\\/uploads\\\/2019\\\/12\\\/unrn.jpg\",\"articleSection\":[\"General\",\"GIRSU\",\"Noticias\"],\"inLanguage\":\"es\",\"potentialAction\":[{\"@type\":\"CommentAction\",\"name\":\"Comment\",\"target\":[\"https:\\\/\\\/patagoniambiental.com.ar\\\/info\\\/la-sede-atlantica-de-la-unrn-firma-convenio-con-la-cooperativa-de-reciclado-cotranvi\\\/#respond\"]}]},{\"@type\":\"WebPage\",\"@id\":\"https:\\\/\\\/patagoniambiental.com.ar\\\/info\\\/la-sede-atlantica-de-la-unrn-firma-convenio-con-la-cooperativa-de-reciclado-cotranvi\\\/\",\"url\":\"https:\\\/\\\/patagoniambiental.com.ar\\\/info\\\/la-sede-atlantica-de-la-unrn-firma-convenio-con-la-cooperativa-de-reciclado-cotranvi\\\/\",\"name\":\"La Sede Atl\u00e1ntica de la UNRN firma convenio con la Cooperativa de Reciclado COTRANVI\",\"isPartOf\":{\"@id\":\"https:\\\/\\\/patagoniambiental.com.ar\\\/info\\\/#website\"},\"primaryImageOfPage\":{\"@id\":\"https:\\\/\\\/patagoniambiental.com.ar\\\/info\\\/la-sede-atlantica-de-la-unrn-firma-convenio-con-la-cooperativa-de-reciclado-cotranvi\\\/#primaryimage\"},\"image\":{\"@id\":\"https:\\\/\\\/patagoniambiental.com.ar\\\/info\\\/la-sede-atlantica-de-la-unrn-firma-convenio-con-la-cooperativa-de-reciclado-cotranvi\\\/#primaryimage\"},\"thumbnailUrl\":\"https:\\\/\\\/patagoniambiental.com.ar\\\/info\\\/wp-content\\\/uploads\\\/2019\\\/12\\\/unrn.jpg\",\"datePublished\":\"2019-12-06T22:00:48+00:00\",\"breadcrumb\":{\"@id\":\"https:\\\/\\\/patagoniambiental.com.ar\\\/info\\\/la-sede-atlantica-de-la-unrn-firma-convenio-con-la-cooperativa-de-reciclado-cotranvi\\\/#breadcrumb\"},\"inLanguage\":\"es\",\"potentialAction\":[{\"@type\":\"ReadAction\",\"target\":[\"https:\\\/\\\/patagoniambiental.com.ar\\\/info\\\/la-sede-atlantica-de-la-unrn-firma-convenio-con-la-cooperativa-de-reciclado-cotranvi\\\/\"]}]},{\"@type\":\"ImageObject\",\"inLanguage\":\"es\",\"@id\":\"https:\\\/\\\/patagoniambiental.com.ar\\\/info\\\/la-sede-atlantica-de-la-unrn-firma-convenio-con-la-cooperativa-de-reciclado-cotranvi\\\/#primaryimage\",\"url\":\"https:\\\/\\\/patagoniambiental.com.ar\\\/info\\\/wp-content\\\/uploads\\\/2019\\\/12\\\/unrn.jpg\",\"contentUrl\":\"https:\\\/\\\/patagoniambiental.com.ar\\\/info\\\/wp-content\\\/uploads\\\/2019\\\/12\\\/unrn.jpg\",\"width\":1200,\"height\":454},{\"@type\":\"BreadcrumbList\",\"@id\":\"https:\\\/\\\/patagoniambiental.com.ar\\\/info\\\/la-sede-atlantica-de-la-unrn-firma-convenio-con-la-cooperativa-de-reciclado-cotranvi\\\/#breadcrumb\",\"itemListElement\":[{\"@type\":\"ListItem\",\"position\":1,\"name\":\"Inicio\",\"item\":\"https:\\\/\\\/patagoniambiental.com.ar\\\/info\\\/\"},{\"@type\":\"ListItem\",\"position\":2,\"name\":\"La Sede Atl\u00e1ntica de la UNRN firma convenio con la Cooperativa de Reciclado COTRANVI\"}]},{\"@type\":\"WebSite\",\"@id\":\"https:\\\/\\\/patagoniambiental.com.ar\\\/info\\\/#website\",\"url\":\"https:\\\/\\\/patagoniambiental.com.ar\\\/info\\\/\",\"name\":\"Patagonia Ambiental\",\"description\":\"Monitoreo y an\u00e1lisis de la situaci\u00f3n geopol\u00edtica en el mundo y su implicancia en la Patagonia\",\"publisher\":{\"@id\":\"https:\\\/\\\/patagoniambiental.com.ar\\\/info\\\/#organization\"},\"potentialAction\":[{\"@type\":\"SearchAction\",\"target\":{\"@type\":\"EntryPoint\",\"urlTemplate\":\"https:\\\/\\\/patagoniambiental.com.ar\\\/info\\\/?s={search_term_string}\"},\"query-input\":{\"@type\":\"PropertyValueSpecification\",\"valueRequired\":true,\"valueName\":\"search_term_string\"}}],\"inLanguage\":\"es\"},{\"@type\":\"Organization\",\"@id\":\"https:\\\/\\\/patagoniambiental.com.ar\\\/info\\\/#organization\",\"name\":\"Patagonia Ambiental\",\"url\":\"https:\\\/\\\/patagoniambiental.com.ar\\\/info\\\/\",\"logo\":{\"@type\":\"ImageObject\",\"inLanguage\":\"es\",\"@id\":\"https:\\\/\\\/patagoniambiental.com.ar\\\/info\\\/#\\\/schema\\\/logo\\\/image\\\/\",\"url\":\"https:\\\/\\\/patagoniambiental.com.ar\\\/info\\\/wp-content\\\/uploads\\\/2025\\\/05\\\/LOGO-PATAGONIA-AMBIENTAL.png\",\"contentUrl\":\"https:\\\/\\\/patagoniambiental.com.ar\\\/info\\\/wp-content\\\/uploads\\\/2025\\\/05\\\/LOGO-PATAGONIA-AMBIENTAL.png\",\"width\":433,\"height\":250,\"caption\":\"Patagonia Ambiental\"},\"image\":{\"@id\":\"https:\\\/\\\/patagoniambiental.com.ar\\\/info\\\/#\\\/schema\\\/logo\\\/image\\\/\"},\"sameAs\":[\"https:\\\/\\\/www.facebook.com\\\/patagonia.ambiental\",\"https:\\\/\\\/x.com\\\/PatAmb\"]},{\"@type\":\"Person\",\"@id\":\"https:\\\/\\\/patagoniambiental.com.ar\\\/info\\\/#\\\/schema\\\/person\\\/db12bff64bbcbf6a253710bf0ea37b5d\",\"name\":\"Patagonia Ambiental\",\"description\":\"Andr\u00e9s Nievas T\u00e9cnico en manejo ambiental, consultor Ambiental y escritor para medios locales e internacionales sobre temas de geopolitica y medio ambiente.\",\"sameAs\":[\"http:\\\/\\\/www.patagoniambiental.com.ar\",\"https:\\\/\\\/www.facebook.com\\\/share\\\/1C1V8Gv9BX\\\/?mibextid=qi2Omg\",\"@patagoniambiental\",\"https:\\\/\\\/youtube.com\\\/@patagoniaambiental2023?si=BLt58t0wuXquxlYZ\"]}]}<\/script>\n<!-- \/ Yoast SEO Premium plugin. -->","yoast_head_json":{"title":"La Sede Atl\u00e1ntica de la UNRN firma convenio con la Cooperativa de Reciclado COTRANVI","robots":{"index":"index","follow":"follow","max-snippet":"max-snippet:-1","max-image-preview":"max-image-preview:large","max-video-preview":"max-video-preview:-1"},"canonical":"https:\/\/patagoniambiental.com.ar\/info\/la-sede-atlantica-de-la-unrn-firma-convenio-con-la-cooperativa-de-reciclado-cotranvi\/","og_locale":"es_ES","og_type":"article","og_title":"La Sede Atl\u00e1ntica de la UNRN firma convenio con la Cooperativa de Reciclado COTRANVI","og_description":"Viedma.-La Cooperativa para una Nueva Vida (COTRANVI)\u00a0se dedica al reciclado de residuos inorg\u00e1nicos en la ciudad de Viedma.","og_url":"https:\/\/patagoniambiental.com.ar\/info\/la-sede-atlantica-de-la-unrn-firma-convenio-con-la-cooperativa-de-reciclado-cotranvi\/","og_site_name":"Patagonia Ambiental","article_publisher":"https:\/\/www.facebook.com\/patagonia.ambiental","article_author":"https:\/\/www.facebook.com\/share\/1C1V8Gv9BX\/?mibextid=qi2Omg","article_published_time":"2019-12-06T22:00:48+00:00","og_image":[{"width":1268,"height":480,"url":"https:\/\/patagoniambiental.com.ar\/info\/wp-content\/uploads\/2019\/12\/unrn.jpg","type":"image\/jpeg"}],"author":"Patagonia Ambiental","twitter_card":"summary_large_image","twitter_creator":"@PatAmb","twitter_site":"@PatAmb","schema":{"@context":"https:\/\/schema.org","@graph":[{"@type":"Article","@id":"https:\/\/patagoniambiental.com.ar\/info\/la-sede-atlantica-de-la-unrn-firma-convenio-con-la-cooperativa-de-reciclado-cotranvi\/#article","isPartOf":{"@id":"https:\/\/patagoniambiental.com.ar\/info\/la-sede-atlantica-de-la-unrn-firma-convenio-con-la-cooperativa-de-reciclado-cotranvi\/"},"author":{"name":"Patagonia Ambiental","@id":"https:\/\/patagoniambiental.com.ar\/info\/#\/schema\/person\/db12bff64bbcbf6a253710bf0ea37b5d"},"headline":"La Sede Atl\u00e1ntica de la UNRN firma convenio con la Cooperativa de Reciclado COTRANVI","datePublished":"2019-12-06T22:00:48+00:00","mainEntityOfPage":{"@id":"https:\/\/patagoniambiental.com.ar\/info\/la-sede-atlantica-de-la-unrn-firma-convenio-con-la-cooperativa-de-reciclado-cotranvi\/"},"wordCount":359,"commentCount":0,"publisher":{"@id":"https:\/\/patagoniambiental.com.ar\/info\/#organization"},"image":{"@id":"https:\/\/patagoniambiental.com.ar\/info\/la-sede-atlantica-de-la-unrn-firma-convenio-con-la-cooperativa-de-reciclado-cotranvi\/#primaryimage"},"thumbnailUrl":"https:\/\/patagoniambiental.com.ar\/info\/wp-content\/uploads\/2019\/12\/unrn.jpg","articleSection":["General","GIRSU","Noticias"],"inLanguage":"es","potentialAction":[{"@type":"CommentAction","name":"Comment","target":["https:\/\/patagoniambiental.com.ar\/info\/la-sede-atlantica-de-la-unrn-firma-convenio-con-la-cooperativa-de-reciclado-cotranvi\/#respond"]}]},{"@type":"WebPage","@id":"https:\/\/patagoniambiental.com.ar\/info\/la-sede-atlantica-de-la-unrn-firma-convenio-con-la-cooperativa-de-reciclado-cotranvi\/","url":"https:\/\/patagoniambiental.com.ar\/info\/la-sede-atlantica-de-la-unrn-firma-convenio-con-la-cooperativa-de-reciclado-cotranvi\/","name":"La Sede Atl\u00e1ntica de la UNRN firma convenio con la Cooperativa de Reciclado COTRANVI","isPartOf":{"@id":"https:\/\/patagoniambiental.com.ar\/info\/#website"},"primaryImageOfPage":{"@id":"https:\/\/patagoniambiental.com.ar\/info\/la-sede-atlantica-de-la-unrn-firma-convenio-con-la-cooperativa-de-reciclado-cotranvi\/#primaryimage"},"image":{"@id":"https:\/\/patagoniambiental.com.ar\/info\/la-sede-atlantica-de-la-unrn-firma-convenio-con-la-cooperativa-de-reciclado-cotranvi\/#primaryimage"},"thumbnailUrl":"https:\/\/patagoniambiental.com.ar\/info\/wp-content\/uploads\/2019\/12\/unrn.jpg","datePublished":"2019-12-06T22:00:48+00:00","breadcrumb":{"@id":"https:\/\/patagoniambiental.com.ar\/info\/la-sede-atlantica-de-la-unrn-firma-convenio-con-la-cooperativa-de-reciclado-cotranvi\/#breadcrumb"},"inLanguage":"es","potentialAction":[{"@type":"ReadAction","target":["https:\/\/patagoniambiental.com.ar\/info\/la-sede-atlantica-de-la-unrn-firma-convenio-con-la-cooperativa-de-reciclado-cotranvi\/"]}]},{"@type":"ImageObject","inLanguage":"es","@id":"https:\/\/patagoniambiental.com.ar\/info\/la-sede-atlantica-de-la-unrn-firma-convenio-con-la-cooperativa-de-reciclado-cotranvi\/#primaryimage","url":"https:\/\/patagoniambiental.com.ar\/info\/wp-content\/uploads\/2019\/12\/unrn.jpg","contentUrl":"https:\/\/patagoniambiental.com.ar\/info\/wp-content\/uploads\/2019\/12\/unrn.jpg","width":1200,"height":454},{"@type":"BreadcrumbList","@id":"https:\/\/patagoniambiental.com.ar\/info\/la-sede-atlantica-de-la-unrn-firma-convenio-con-la-cooperativa-de-reciclado-cotranvi\/#breadcrumb","itemListElement":[{"@type":"ListItem","position":1,"name":"Inicio","item":"https:\/\/patagoniambiental.com.ar\/info\/"},{"@type":"ListItem","position":2,"name":"La Sede Atl\u00e1ntica de la UNRN firma convenio con la Cooperativa de Reciclado COTRANVI"}]},{"@type":"WebSite","@id":"https:\/\/patagoniambiental.com.ar\/info\/#website","url":"https:\/\/patagoniambiental.com.ar\/info\/","name":"Patagonia Ambiental","description":"Monitoreo y an\u00e1lisis de la situaci\u00f3n geopol\u00edtica en el mundo y su implicancia en la Patagonia","publisher":{"@id":"https:\/\/patagoniambiental.com.ar\/info\/#organization"},"potentialAction":[{"@type":"SearchAction","target":{"@type":"EntryPoint","urlTemplate":"https:\/\/patagoniambiental.com.ar\/info\/?s={search_term_string}"},"query-input":{"@type":"PropertyValueSpecification","valueRequired":true,"valueName":"search_term_string"}}],"inLanguage":"es"},{"@type":"Organization","@id":"https:\/\/patagoniambiental.com.ar\/info\/#organization","name":"Patagonia Ambiental","url":"https:\/\/patagoniambiental.com.ar\/info\/","logo":{"@type":"ImageObject","inLanguage":"es","@id":"https:\/\/patagoniambiental.com.ar\/info\/#\/schema\/logo\/image\/","url":"https:\/\/patagoniambiental.com.ar\/info\/wp-content\/uploads\/2025\/05\/LOGO-PATAGONIA-AMBIENTAL.png","contentUrl":"https:\/\/patagoniambiental.com.ar\/info\/wp-content\/uploads\/2025\/05\/LOGO-PATAGONIA-AMBIENTAL.png","width":433,"height":250,"caption":"Patagonia Ambiental"},"image":{"@id":"https:\/\/patagoniambiental.com.ar\/info\/#\/schema\/logo\/image\/"},"sameAs":["https:\/\/www.facebook.com\/patagonia.ambiental","https:\/\/x.com\/PatAmb"]},{"@type":"Person","@id":"https:\/\/patagoniambiental.com.ar\/info\/#\/schema\/person\/db12bff64bbcbf6a253710bf0ea37b5d","name":"Patagonia Ambiental","description":"Andr\u00e9s Nievas T\u00e9cnico en manejo ambiental, consultor Ambiental y escritor para medios locales e internacionales sobre temas de geopolitica y medio ambiente.","sameAs":["http:\/\/www.patagoniambiental.com.ar","https:\/\/www.facebook.com\/share\/1C1V8Gv9BX\/?mibextid=qi2Omg","@patagoniambiental","https:\/\/youtube.com\/@patagoniaambiental2023?si=BLt58t0wuXquxlYZ"]}]}},"_links":{"self":[{"href":"https:\/\/patagoniambiental.com.ar\/info\/wp-json\/wp\/v2\/posts\/64353","targetHints":{"allow":["GET"]}}],"collection":[{"href":"https:\/\/patagoniambiental.com.ar\/info\/wp-json\/wp\/v2\/posts"}],"about":[{"href":"https:\/\/patagoniambiental.com.ar\/info\/wp-json\/wp\/v2\/types\/post"}],"author":[{"embeddable":true,"href":"https:\/\/patagoniambiental.com.ar\/info\/wp-json\/wp\/v2\/users\/2"}],"replies":[{"embeddable":true,"href":"https:\/\/patagoniambiental.com.ar\/info\/wp-json\/wp\/v2\/comments?post=64353"}],"version-history":[{"count":0,"href":"https:\/\/patagoniambiental.com.ar\/info\/wp-json\/wp\/v2\/posts\/64353\/revisions"}],"wp:featuredmedia":[{"embeddable":true,"href":"https:\/\/patagoniambiental.com.ar\/info\/wp-json\/wp\/v2\/media\/64354"}],"wp:attachment":[{"href":"https:\/\/patagoniambiental.com.ar\/info\/wp-json\/wp\/v2\/media?parent=64353"}],"wp:term":[{"taxonomy":"category","embeddable":true,"href":"https:\/\/patagoniambiental.com.ar\/info\/wp-json\/wp\/v2\/categories?post=64353"},{"taxonomy":"post_tag","embeddable":true,"href":"https:\/\/patagoniambiental.com.ar\/info\/wp-json\/wp\/v2\/tags?post=64353"}],"curies":[{"name":"wp","href":"https:\/\/api.w.org\/{rel}","templated":true}]}}