{"id":64673,"date":"2020-01-19T07:00:11","date_gmt":"2020-01-19T10:00:11","guid":{"rendered":"http:\/\/patagoniambiental.com.ar\/info\/?p=64673"},"modified":"2020-01-14T11:09:19","modified_gmt":"2020-01-14T14:09:19","slug":"entrevista-a-laura-cambiaire-fundacion-flora-y-fauna-argentina","status":"publish","type":"post","link":"https:\/\/patagoniambiental.com.ar\/info\/entrevista-a-laura-cambiaire-fundacion-flora-y-fauna-argentina\/","title":{"rendered":"Entrevista a Laura Cambiaire, integrante de la Fundaci\u00f3n Flora y Fauna Argentina"},"content":{"rendered":"<p>Por Andr\u00e9s Nievas.-Patagonia Ambiental entrevisto a Laura Cambiaire, integrante de la Fundaci\u00f3n Flora y Fauna Argentina con sede en la Provincia de Santa Cruz\u00a0 quien nos conto sobre acerca de los or\u00edgenes de la Fundaci\u00f3n, los proyectos que tienen en marcha sobre creaci\u00f3n de Parques Nacionales, especies que se protegen en ellos y mucho m\u00e1s!<\/p>\n<p><!--more--><\/p>\n<p>&nbsp;<\/p>\n<p><strong>\u00bfC\u00f3mo nace la Fundaci\u00f3n Flora y Fauna y quienes la integran?<\/strong><\/p>\n<p>La Fundaci\u00f3n Flora y Fauna se constituy\u00f3 en el a\u00f1o 2010 como una iniciativa de ciudadanos argentinos interesados en la ampliaci\u00f3n de \u00e1reas protegidas para la conservaci\u00f3n de la biodiversidad en diferentes lugares del pa\u00eds.<\/p>\n<p>&nbsp;<\/p>\n<p><strong>\u00bfQu\u00e9 relaci\u00f3n tienen con la Fundaci\u00f3n The Conservation Land Trust? \u00bfHay trabajo conjunto?<\/strong><\/p>\n<p>&nbsp;<\/p>\n<p>The Conservation Land Trust, es la instituci\u00f3n que crearon Doug y Kris Tompkins para trabajar en Argentina hace\u00a0m\u00e1s de 20 a\u00f1os. Estos a\u00f1os de trabajo incluyeron tanto el compromiso de donaci\u00f3n de 360.000 hect\u00e1reas de Iber\u00e1, Monte Le\u00f3n, Perito Moreno y El Impenetrable para crear y ampliar Parques Nacionales.<\/p>\n<p>&nbsp;<\/p>\n<p><strong>\u00bfEn qu\u00e9 proyectos de Parques Nacionales est\u00e1n actualmente trabajando? <\/strong><\/p>\n<p><strong>\u00a0<\/strong><\/p>\n<p>Estamos trabajando en los Parque Iber\u00e1 (Corrientes), Parque Nacional El Impenetrable (Chaco), Parque Patagonia (Santa Cruz), Patagonia Azul (Chubut) y por la creaci\u00f3n del Parque Provincial Pen\u00ednsula Mitre en Ushuaia.<\/p>\n<figure id=\"attachment_64862\" aria-describedby=\"caption-attachment-64862\" style=\"width: 600px\" class=\"wp-caption alignleft\"><img fetchpriority=\"high\" decoding=\"async\" class=\"size-medium wp-image-64862\" src=\"https:\/\/patagoniambiental.com.ar\/info\/wp-content\/uploads\/2020\/01\/Sin-t\u00edtulo-2-600x246.jpg\" alt=\"\" width=\"600\" height=\"246\" \/><figcaption id=\"caption-attachment-64862\" class=\"wp-caption-text\">Parque Nacional Patagonia<\/figcaption><\/figure>\n<p>&nbsp;<\/p>\n<p><strong>\u00bfNos podr\u00eda explicar el Proyecto de creaci\u00f3n del Parque Binacional Patagonia? \u00bfEn qu\u00e9 etapa est\u00e1 actualmente? \u00bfQu\u00e9 especies de flora y fauna protege \u00a0el \u00e1rea y que actividades se pueden realizar all\u00ed?<\/strong><\/p>\n<p>La existencia de dos grandes parques nacionales con id\u00e9ntico nombre, rodeados por ic\u00f3nicas rutas (la 40 y la Carretera Austral) y esc\u00e9nicos caminos transversales (rutas 41 y la 43), vuelven a esta regi\u00f3n un sitio ideal para posicionarse como un destino tur\u00edstico binacional.<\/p>\n<p>Los dos pasos fronterizos, ubicados al margen de los grandes lagos compartidos entre Chile y Argentina, determinan el circuito por el cual circunvalar la regi\u00f3n, aprovechando todo el gradiente paisaj\u00edstico entre los sitios m\u00e1s h\u00famedos del Pac\u00edfico y los m\u00e1s \u00e1ridos del Atl\u00e1ntico.<\/p>\n<p>Esta recorrida de aproximadamente 600 km, a lo largo de un territorio de 12.000\u00a0km2, nos permite conocer procesos geol\u00f3gicos, ecol\u00f3gicos, hist\u00f3ricos y culturales propios del sector noroeste de la provincia de Santa Cruz y su regi\u00f3n hom\u00f3loga en Chile. Sus valores, los sue\u00f1os colectivos y la fuerza productiva de sus habitantes permitir\u00e1n posicionar a las comarcas vecinas frente a una nueva oportunidad de desarrollo local.<\/p>\n<p>Es el lugar ideal para disfrutar de la naturaleza en la amplia red de senderos desarrolladas en los portales de acceso p\u00fablico entre paisajes de lagos, meseta, monta\u00f1as, ca\u00f1adones y r\u00edos. La oportunidad para el avistaje de fauna aut\u00f3ctona de la Patagonia con grandes manadas de guanacos,\u00a0guanacos en manada, escurridizos zorros, c\u00f3ndores sobrevolando, golondrinas patag\u00f3nicas, \u00e1guilas mora, aguiluchos, carpinteros y, en las lagunas, es posible ver cauquenes, bandurrias, patos maiceros, pato del torrente y mac\u00e1 plateado<\/p>\n<p>La historia de sus antepasados, cazadores recolectores quedo plasmada a lo largo de todo el recorrido en pinturas rupestres y petroglifos, cuya m\u00e1xima expresi\u00f3n se encuentra en el Sitio Cueva de las Manos, patrimonio de la humanidad de la UNESCO. Tambi\u00e9n se puede visitar, acompa\u00f1ado de un gu\u00eda, el Alero Charcamata, sitio de pinturas rupestres. Y en Perito Moreno, el museo de arqueolog\u00eda Carlos Gradin y el Sal\u00f3n Iturrioz permiten conocer mejor la historia local.<\/p>\n<p>La inmensidad del paisaje, sus cielos infinitos y sus diferentes escenarios lo hacen el lugar ideal para la fotograf\u00eda.<\/p>\n<p>En el Portal La Ascensi\u00f3n, emprendedores locales proponen cabalgatas y alquiler de bicicletas y, en Los Antiguos se pueden realizar deportes\u00a0n\u00e1uticos\u00a0.<\/p>\n<p>&nbsp;<\/p>\n<p><strong>\u00bfUna vez que los proyectos de creaci\u00f3n de Parques Nacionales se finalizan, son entregados en su totalidad al estado o la Fundaci\u00f3n Flora y Fauna sigue administrando alg\u00fan sector?<\/strong><\/p>\n<p>Una vez hecha la donaci\u00f3n a la Administraci\u00f3n de Parques Nacionales, el organismo es \u00fanico administrador de las tierras donadas.<\/p>\n<p><img decoding=\"async\" class=\"wp-image-64863 alignleft\" src=\"https:\/\/patagoniambiental.com.ar\/info\/wp-content\/uploads\/2020\/01\/proyecto_patagonia-600x319.jpg\" alt=\"\" width=\"397\" height=\"211\" \/><\/p>\n<p><strong>\u00bfQu\u00e9 les dir\u00eda a las personas que a\u00fan no conocen el Parque Patagonia para que lo conozcan?<\/strong><\/p>\n<p>\u00a1Que vayan! El Parque Patagonia que nos conecta con lo m\u00e1s aut\u00e9ntico de la Patagonia. La posibilidad de ver fauna, de recorrer sus senderos, de ver paisajes sorprendentes, de sentir su ancestral cultura hacen que recorrerlo y visitarlo sea una experiencia inolvidable.<\/p>\n<p>Muchas Gracias Laura Cambiaire<\/p>\n","protected":false},"excerpt":{"rendered":"<p>Por Andr\u00e9s Nievas.-Patagonia Ambiental entrevisto a Laura Cambiaire, integrante de la Fundaci\u00f3n Flora y Fauna Argentina con sede en la [&hellip;]<\/p>\n","protected":false},"author":2,"featured_media":64634,"comment_status":"open","ping_status":"open","sticky":false,"template":"","format":"standard","meta":{"site-sidebar-layout":"default","site-content-layout":"","ast-site-content-layout":"default","site-content-style":"default","site-sidebar-style":"default","ast-global-header-display":"","ast-banner-title-visibility":"","ast-main-header-display":"","ast-hfb-above-header-display":"","ast-hfb-below-header-display":"","ast-hfb-mobile-header-display":"","site-post-title":"","ast-breadcrumbs-content":"","ast-featured-img":"","footer-sml-layout":"","ast-disable-related-posts":"","theme-transparent-header-meta":"","adv-header-id-meta":"","stick-header-meta":"","header-above-stick-meta":"","header-main-stick-meta":"","header-below-stick-meta":"","astra-migrate-meta-layouts":"default","ast-page-background-enabled":"default","ast-page-background-meta":{"desktop":{"background-color":"var(--ast-global-color-5)","background-image":"","background-repeat":"repeat","background-position":"center center","background-size":"auto","background-attachment":"scroll","background-type":"","background-media":"","overlay-type":"","overlay-color":"","overlay-opacity":"","overlay-gradient":""},"tablet":{"background-color":"","background-image":"","background-repeat":"repeat","background-position":"center center","background-size":"auto","background-attachment":"scroll","background-type":"","background-media":"","overlay-type":"","overlay-color":"","overlay-opacity":"","overlay-gradient":""},"mobile":{"background-color":"","background-image":"","background-repeat":"repeat","background-position":"center center","background-size":"auto","background-attachment":"scroll","background-type":"","background-media":"","overlay-type":"","overlay-color":"","overlay-opacity":"","overlay-gradient":""}},"ast-content-background-meta":{"desktop":{"background-color":"var(--ast-global-color-4)","background-image":"","background-repeat":"repeat","background-position":"center center","background-size":"auto","background-attachment":"scroll","background-type":"","background-media":"","overlay-type":"","overlay-color":"","overlay-opacity":"","overlay-gradient":""},"tablet":{"background-color":"var(--ast-global-color-4)","background-image":"","background-repeat":"repeat","background-position":"center center","background-size":"auto","background-attachment":"scroll","background-type":"","background-media":"","overlay-type":"","overlay-color":"","overlay-opacity":"","overlay-gradient":""},"mobile":{"background-color":"var(--ast-global-color-4)","background-image":"","background-repeat":"repeat","background-position":"center center","background-size":"auto","background-attachment":"scroll","background-type":"","background-media":"","overlay-type":"","overlay-color":"","overlay-opacity":"","overlay-gradient":""}},"footnotes":""},"categories":[51,1,3,10],"tags":[],"class_list":["post-64673","post","type-post","status-publish","format-standard","has-post-thumbnail","hentry","category-entrevistas","category-noticias","category-ong","category-rotador"],"yoast_head":"<!-- This site is optimized with the Yoast SEO Premium plugin v23.0 (Yoast SEO v27.5) - https:\/\/yoast.com\/product\/yoast-seo-premium-wordpress\/ -->\n<title>Entrevista a Laura Cambiaire, integrante de la Fundaci\u00f3n Flora y Fauna Argentina<\/title>\n<meta name=\"robots\" content=\"index, follow, max-snippet:-1, max-image-preview:large, max-video-preview:-1\" \/>\n<link rel=\"canonical\" href=\"https:\/\/patagoniambiental.com.ar\/info\/entrevista-a-laura-cambiaire-fundacion-flora-y-fauna-argentina\/\" \/>\n<meta property=\"og:locale\" content=\"es_ES\" \/>\n<meta property=\"og:type\" content=\"article\" \/>\n<meta property=\"og:title\" content=\"Entrevista a Laura Cambiaire, integrante de la Fundaci\u00f3n Flora y Fauna Argentina\" \/>\n<meta property=\"og:description\" content=\"Por Andr\u00e9s Nievas.-Patagonia Ambiental entrevisto a Laura Cambiaire, integrante de la Fundaci\u00f3n Flora y Fauna Argentina con sede en la [&hellip;]\" \/>\n<meta property=\"og:url\" content=\"https:\/\/patagoniambiental.com.ar\/info\/entrevista-a-laura-cambiaire-fundacion-flora-y-fauna-argentina\/\" \/>\n<meta property=\"og:site_name\" content=\"Patagonia Ambiental\" \/>\n<meta property=\"article:publisher\" content=\"https:\/\/www.facebook.com\/patagonia.ambiental\" \/>\n<meta property=\"article:author\" content=\"https:\/\/www.facebook.com\/share\/1C1V8Gv9BX\/?mibextid=qi2Omg\" \/>\n<meta property=\"article:published_time\" content=\"2020-01-19T10:00:11+00:00\" \/>\n<meta property=\"og:image\" content=\"https:\/\/patagoniambiental.com.ar\/info\/wp-content\/uploads\/2019\/12\/dyF6bInQ.jpeg\" \/>\n\t<meta property=\"og:image:width\" content=\"5106\" \/>\n\t<meta property=\"og:image:height\" content=\"3404\" \/>\n\t<meta property=\"og:image:type\" content=\"image\/jpeg\" \/>\n<meta name=\"author\" content=\"Patagonia Ambiental\" \/>\n<meta name=\"twitter:card\" content=\"summary_large_image\" \/>\n<meta name=\"twitter:creator\" content=\"@PatAmb\" \/>\n<meta name=\"twitter:site\" content=\"@PatAmb\" \/>\n<script type=\"application\/ld+json\" class=\"yoast-schema-graph\">{\"@context\":\"https:\\\/\\\/schema.org\",\"@graph\":[{\"@type\":\"Article\",\"@id\":\"https:\\\/\\\/patagoniambiental.com.ar\\\/info\\\/entrevista-a-laura-cambiaire-fundacion-flora-y-fauna-argentina\\\/#article\",\"isPartOf\":{\"@id\":\"https:\\\/\\\/patagoniambiental.com.ar\\\/info\\\/entrevista-a-laura-cambiaire-fundacion-flora-y-fauna-argentina\\\/\"},\"author\":{\"name\":\"Patagonia Ambiental\",\"@id\":\"https:\\\/\\\/patagoniambiental.com.ar\\\/info\\\/#\\\/schema\\\/person\\\/db12bff64bbcbf6a253710bf0ea37b5d\"},\"headline\":\"Entrevista a Laura Cambiaire, integrante de la Fundaci\u00f3n Flora y Fauna Argentina\",\"datePublished\":\"2020-01-19T10:00:11+00:00\",\"mainEntityOfPage\":{\"@id\":\"https:\\\/\\\/patagoniambiental.com.ar\\\/info\\\/entrevista-a-laura-cambiaire-fundacion-flora-y-fauna-argentina\\\/\"},\"wordCount\":786,\"commentCount\":0,\"publisher\":{\"@id\":\"https:\\\/\\\/patagoniambiental.com.ar\\\/info\\\/#organization\"},\"image\":{\"@id\":\"https:\\\/\\\/patagoniambiental.com.ar\\\/info\\\/entrevista-a-laura-cambiaire-fundacion-flora-y-fauna-argentina\\\/#primaryimage\"},\"thumbnailUrl\":\"https:\\\/\\\/patagoniambiental.com.ar\\\/info\\\/wp-content\\\/uploads\\\/2019\\\/12\\\/dyF6bInQ.jpeg\",\"articleSection\":[\"Entrevistas\",\"Noticias\",\"ONG\",\"Rotador\"],\"inLanguage\":\"es\",\"potentialAction\":[{\"@type\":\"CommentAction\",\"name\":\"Comment\",\"target\":[\"https:\\\/\\\/patagoniambiental.com.ar\\\/info\\\/entrevista-a-laura-cambiaire-fundacion-flora-y-fauna-argentina\\\/#respond\"]}]},{\"@type\":\"WebPage\",\"@id\":\"https:\\\/\\\/patagoniambiental.com.ar\\\/info\\\/entrevista-a-laura-cambiaire-fundacion-flora-y-fauna-argentina\\\/\",\"url\":\"https:\\\/\\\/patagoniambiental.com.ar\\\/info\\\/entrevista-a-laura-cambiaire-fundacion-flora-y-fauna-argentina\\\/\",\"name\":\"Entrevista a Laura Cambiaire, integrante de la Fundaci\u00f3n Flora y Fauna Argentina\",\"isPartOf\":{\"@id\":\"https:\\\/\\\/patagoniambiental.com.ar\\\/info\\\/#website\"},\"primaryImageOfPage\":{\"@id\":\"https:\\\/\\\/patagoniambiental.com.ar\\\/info\\\/entrevista-a-laura-cambiaire-fundacion-flora-y-fauna-argentina\\\/#primaryimage\"},\"image\":{\"@id\":\"https:\\\/\\\/patagoniambiental.com.ar\\\/info\\\/entrevista-a-laura-cambiaire-fundacion-flora-y-fauna-argentina\\\/#primaryimage\"},\"thumbnailUrl\":\"https:\\\/\\\/patagoniambiental.com.ar\\\/info\\\/wp-content\\\/uploads\\\/2019\\\/12\\\/dyF6bInQ.jpeg\",\"datePublished\":\"2020-01-19T10:00:11+00:00\",\"breadcrumb\":{\"@id\":\"https:\\\/\\\/patagoniambiental.com.ar\\\/info\\\/entrevista-a-laura-cambiaire-fundacion-flora-y-fauna-argentina\\\/#breadcrumb\"},\"inLanguage\":\"es\",\"potentialAction\":[{\"@type\":\"ReadAction\",\"target\":[\"https:\\\/\\\/patagoniambiental.com.ar\\\/info\\\/entrevista-a-laura-cambiaire-fundacion-flora-y-fauna-argentina\\\/\"]}]},{\"@type\":\"ImageObject\",\"inLanguage\":\"es\",\"@id\":\"https:\\\/\\\/patagoniambiental.com.ar\\\/info\\\/entrevista-a-laura-cambiaire-fundacion-flora-y-fauna-argentina\\\/#primaryimage\",\"url\":\"https:\\\/\\\/patagoniambiental.com.ar\\\/info\\\/wp-content\\\/uploads\\\/2019\\\/12\\\/dyF6bInQ.jpeg\",\"contentUrl\":\"https:\\\/\\\/patagoniambiental.com.ar\\\/info\\\/wp-content\\\/uploads\\\/2019\\\/12\\\/dyF6bInQ.jpeg\",\"width\":900,\"height\":600},{\"@type\":\"BreadcrumbList\",\"@id\":\"https:\\\/\\\/patagoniambiental.com.ar\\\/info\\\/entrevista-a-laura-cambiaire-fundacion-flora-y-fauna-argentina\\\/#breadcrumb\",\"itemListElement\":[{\"@type\":\"ListItem\",\"position\":1,\"name\":\"Inicio\",\"item\":\"https:\\\/\\\/patagoniambiental.com.ar\\\/info\\\/\"},{\"@type\":\"ListItem\",\"position\":2,\"name\":\"Entrevista a Laura Cambiaire, integrante de la Fundaci\u00f3n Flora y Fauna Argentina\"}]},{\"@type\":\"WebSite\",\"@id\":\"https:\\\/\\\/patagoniambiental.com.ar\\\/info\\\/#website\",\"url\":\"https:\\\/\\\/patagoniambiental.com.ar\\\/info\\\/\",\"name\":\"Patagonia Ambiental\",\"description\":\"Monitoreo y an\u00e1lisis de la situaci\u00f3n geopol\u00edtica en el mundo y su implicancia en la Patagonia\",\"publisher\":{\"@id\":\"https:\\\/\\\/patagoniambiental.com.ar\\\/info\\\/#organization\"},\"potentialAction\":[{\"@type\":\"SearchAction\",\"target\":{\"@type\":\"EntryPoint\",\"urlTemplate\":\"https:\\\/\\\/patagoniambiental.com.ar\\\/info\\\/?s={search_term_string}\"},\"query-input\":{\"@type\":\"PropertyValueSpecification\",\"valueRequired\":true,\"valueName\":\"search_term_string\"}}],\"inLanguage\":\"es\"},{\"@type\":\"Organization\",\"@id\":\"https:\\\/\\\/patagoniambiental.com.ar\\\/info\\\/#organization\",\"name\":\"Patagonia Ambiental\",\"url\":\"https:\\\/\\\/patagoniambiental.com.ar\\\/info\\\/\",\"logo\":{\"@type\":\"ImageObject\",\"inLanguage\":\"es\",\"@id\":\"https:\\\/\\\/patagoniambiental.com.ar\\\/info\\\/#\\\/schema\\\/logo\\\/image\\\/\",\"url\":\"https:\\\/\\\/patagoniambiental.com.ar\\\/info\\\/wp-content\\\/uploads\\\/2025\\\/05\\\/LOGO-PATAGONIA-AMBIENTAL.png\",\"contentUrl\":\"https:\\\/\\\/patagoniambiental.com.ar\\\/info\\\/wp-content\\\/uploads\\\/2025\\\/05\\\/LOGO-PATAGONIA-AMBIENTAL.png\",\"width\":433,\"height\":250,\"caption\":\"Patagonia Ambiental\"},\"image\":{\"@id\":\"https:\\\/\\\/patagoniambiental.com.ar\\\/info\\\/#\\\/schema\\\/logo\\\/image\\\/\"},\"sameAs\":[\"https:\\\/\\\/www.facebook.com\\\/patagonia.ambiental\",\"https:\\\/\\\/x.com\\\/PatAmb\"]},{\"@type\":\"Person\",\"@id\":\"https:\\\/\\\/patagoniambiental.com.ar\\\/info\\\/#\\\/schema\\\/person\\\/db12bff64bbcbf6a253710bf0ea37b5d\",\"name\":\"Patagonia Ambiental\",\"description\":\"Andr\u00e9s Nievas T\u00e9cnico en manejo ambiental, consultor Ambiental y escritor para medios locales e internacionales sobre temas de geopolitica y medio ambiente.\",\"sameAs\":[\"http:\\\/\\\/www.patagoniambiental.com.ar\",\"https:\\\/\\\/www.facebook.com\\\/share\\\/1C1V8Gv9BX\\\/?mibextid=qi2Omg\",\"@patagoniambiental\",\"https:\\\/\\\/youtube.com\\\/@patagoniaambiental2023?si=BLt58t0wuXquxlYZ\"]}]}<\/script>\n<!-- \/ Yoast SEO Premium plugin. -->","yoast_head_json":{"title":"Entrevista a Laura Cambiaire, integrante de la Fundaci\u00f3n Flora y Fauna Argentina","robots":{"index":"index","follow":"follow","max-snippet":"max-snippet:-1","max-image-preview":"max-image-preview:large","max-video-preview":"max-video-preview:-1"},"canonical":"https:\/\/patagoniambiental.com.ar\/info\/entrevista-a-laura-cambiaire-fundacion-flora-y-fauna-argentina\/","og_locale":"es_ES","og_type":"article","og_title":"Entrevista a Laura Cambiaire, integrante de la Fundaci\u00f3n Flora y Fauna Argentina","og_description":"Por Andr\u00e9s Nievas.-Patagonia Ambiental entrevisto a Laura Cambiaire, integrante de la Fundaci\u00f3n Flora y Fauna Argentina con sede en la [&hellip;]","og_url":"https:\/\/patagoniambiental.com.ar\/info\/entrevista-a-laura-cambiaire-fundacion-flora-y-fauna-argentina\/","og_site_name":"Patagonia Ambiental","article_publisher":"https:\/\/www.facebook.com\/patagonia.ambiental","article_author":"https:\/\/www.facebook.com\/share\/1C1V8Gv9BX\/?mibextid=qi2Omg","article_published_time":"2020-01-19T10:00:11+00:00","og_image":[{"width":5106,"height":3404,"url":"https:\/\/patagoniambiental.com.ar\/info\/wp-content\/uploads\/2019\/12\/dyF6bInQ.jpeg","type":"image\/jpeg"}],"author":"Patagonia Ambiental","twitter_card":"summary_large_image","twitter_creator":"@PatAmb","twitter_site":"@PatAmb","schema":{"@context":"https:\/\/schema.org","@graph":[{"@type":"Article","@id":"https:\/\/patagoniambiental.com.ar\/info\/entrevista-a-laura-cambiaire-fundacion-flora-y-fauna-argentina\/#article","isPartOf":{"@id":"https:\/\/patagoniambiental.com.ar\/info\/entrevista-a-laura-cambiaire-fundacion-flora-y-fauna-argentina\/"},"author":{"name":"Patagonia Ambiental","@id":"https:\/\/patagoniambiental.com.ar\/info\/#\/schema\/person\/db12bff64bbcbf6a253710bf0ea37b5d"},"headline":"Entrevista a Laura Cambiaire, integrante de la Fundaci\u00f3n Flora y Fauna Argentina","datePublished":"2020-01-19T10:00:11+00:00","mainEntityOfPage":{"@id":"https:\/\/patagoniambiental.com.ar\/info\/entrevista-a-laura-cambiaire-fundacion-flora-y-fauna-argentina\/"},"wordCount":786,"commentCount":0,"publisher":{"@id":"https:\/\/patagoniambiental.com.ar\/info\/#organization"},"image":{"@id":"https:\/\/patagoniambiental.com.ar\/info\/entrevista-a-laura-cambiaire-fundacion-flora-y-fauna-argentina\/#primaryimage"},"thumbnailUrl":"https:\/\/patagoniambiental.com.ar\/info\/wp-content\/uploads\/2019\/12\/dyF6bInQ.jpeg","articleSection":["Entrevistas","Noticias","ONG","Rotador"],"inLanguage":"es","potentialAction":[{"@type":"CommentAction","name":"Comment","target":["https:\/\/patagoniambiental.com.ar\/info\/entrevista-a-laura-cambiaire-fundacion-flora-y-fauna-argentina\/#respond"]}]},{"@type":"WebPage","@id":"https:\/\/patagoniambiental.com.ar\/info\/entrevista-a-laura-cambiaire-fundacion-flora-y-fauna-argentina\/","url":"https:\/\/patagoniambiental.com.ar\/info\/entrevista-a-laura-cambiaire-fundacion-flora-y-fauna-argentina\/","name":"Entrevista a Laura Cambiaire, integrante de la Fundaci\u00f3n Flora y Fauna Argentina","isPartOf":{"@id":"https:\/\/patagoniambiental.com.ar\/info\/#website"},"primaryImageOfPage":{"@id":"https:\/\/patagoniambiental.com.ar\/info\/entrevista-a-laura-cambiaire-fundacion-flora-y-fauna-argentina\/#primaryimage"},"image":{"@id":"https:\/\/patagoniambiental.com.ar\/info\/entrevista-a-laura-cambiaire-fundacion-flora-y-fauna-argentina\/#primaryimage"},"thumbnailUrl":"https:\/\/patagoniambiental.com.ar\/info\/wp-content\/uploads\/2019\/12\/dyF6bInQ.jpeg","datePublished":"2020-01-19T10:00:11+00:00","breadcrumb":{"@id":"https:\/\/patagoniambiental.com.ar\/info\/entrevista-a-laura-cambiaire-fundacion-flora-y-fauna-argentina\/#breadcrumb"},"inLanguage":"es","potentialAction":[{"@type":"ReadAction","target":["https:\/\/patagoniambiental.com.ar\/info\/entrevista-a-laura-cambiaire-fundacion-flora-y-fauna-argentina\/"]}]},{"@type":"ImageObject","inLanguage":"es","@id":"https:\/\/patagoniambiental.com.ar\/info\/entrevista-a-laura-cambiaire-fundacion-flora-y-fauna-argentina\/#primaryimage","url":"https:\/\/patagoniambiental.com.ar\/info\/wp-content\/uploads\/2019\/12\/dyF6bInQ.jpeg","contentUrl":"https:\/\/patagoniambiental.com.ar\/info\/wp-content\/uploads\/2019\/12\/dyF6bInQ.jpeg","width":900,"height":600},{"@type":"BreadcrumbList","@id":"https:\/\/patagoniambiental.com.ar\/info\/entrevista-a-laura-cambiaire-fundacion-flora-y-fauna-argentina\/#breadcrumb","itemListElement":[{"@type":"ListItem","position":1,"name":"Inicio","item":"https:\/\/patagoniambiental.com.ar\/info\/"},{"@type":"ListItem","position":2,"name":"Entrevista a Laura Cambiaire, integrante de la Fundaci\u00f3n Flora y Fauna Argentina"}]},{"@type":"WebSite","@id":"https:\/\/patagoniambiental.com.ar\/info\/#website","url":"https:\/\/patagoniambiental.com.ar\/info\/","name":"Patagonia Ambiental","description":"Monitoreo y an\u00e1lisis de la situaci\u00f3n geopol\u00edtica en el mundo y su implicancia en la Patagonia","publisher":{"@id":"https:\/\/patagoniambiental.com.ar\/info\/#organization"},"potentialAction":[{"@type":"SearchAction","target":{"@type":"EntryPoint","urlTemplate":"https:\/\/patagoniambiental.com.ar\/info\/?s={search_term_string}"},"query-input":{"@type":"PropertyValueSpecification","valueRequired":true,"valueName":"search_term_string"}}],"inLanguage":"es"},{"@type":"Organization","@id":"https:\/\/patagoniambiental.com.ar\/info\/#organization","name":"Patagonia Ambiental","url":"https:\/\/patagoniambiental.com.ar\/info\/","logo":{"@type":"ImageObject","inLanguage":"es","@id":"https:\/\/patagoniambiental.com.ar\/info\/#\/schema\/logo\/image\/","url":"https:\/\/patagoniambiental.com.ar\/info\/wp-content\/uploads\/2025\/05\/LOGO-PATAGONIA-AMBIENTAL.png","contentUrl":"https:\/\/patagoniambiental.com.ar\/info\/wp-content\/uploads\/2025\/05\/LOGO-PATAGONIA-AMBIENTAL.png","width":433,"height":250,"caption":"Patagonia Ambiental"},"image":{"@id":"https:\/\/patagoniambiental.com.ar\/info\/#\/schema\/logo\/image\/"},"sameAs":["https:\/\/www.facebook.com\/patagonia.ambiental","https:\/\/x.com\/PatAmb"]},{"@type":"Person","@id":"https:\/\/patagoniambiental.com.ar\/info\/#\/schema\/person\/db12bff64bbcbf6a253710bf0ea37b5d","name":"Patagonia Ambiental","description":"Andr\u00e9s Nievas T\u00e9cnico en manejo ambiental, consultor Ambiental y escritor para medios locales e internacionales sobre temas de geopolitica y medio ambiente.","sameAs":["http:\/\/www.patagoniambiental.com.ar","https:\/\/www.facebook.com\/share\/1C1V8Gv9BX\/?mibextid=qi2Omg","@patagoniambiental","https:\/\/youtube.com\/@patagoniaambiental2023?si=BLt58t0wuXquxlYZ"]}]}},"_links":{"self":[{"href":"https:\/\/patagoniambiental.com.ar\/info\/wp-json\/wp\/v2\/posts\/64673","targetHints":{"allow":["GET"]}}],"collection":[{"href":"https:\/\/patagoniambiental.com.ar\/info\/wp-json\/wp\/v2\/posts"}],"about":[{"href":"https:\/\/patagoniambiental.com.ar\/info\/wp-json\/wp\/v2\/types\/post"}],"author":[{"embeddable":true,"href":"https:\/\/patagoniambiental.com.ar\/info\/wp-json\/wp\/v2\/users\/2"}],"replies":[{"embeddable":true,"href":"https:\/\/patagoniambiental.com.ar\/info\/wp-json\/wp\/v2\/comments?post=64673"}],"version-history":[{"count":0,"href":"https:\/\/patagoniambiental.com.ar\/info\/wp-json\/wp\/v2\/posts\/64673\/revisions"}],"wp:featuredmedia":[{"embeddable":true,"href":"https:\/\/patagoniambiental.com.ar\/info\/wp-json\/wp\/v2\/media\/64634"}],"wp:attachment":[{"href":"https:\/\/patagoniambiental.com.ar\/info\/wp-json\/wp\/v2\/media?parent=64673"}],"wp:term":[{"taxonomy":"category","embeddable":true,"href":"https:\/\/patagoniambiental.com.ar\/info\/wp-json\/wp\/v2\/categories?post=64673"},{"taxonomy":"post_tag","embeddable":true,"href":"https:\/\/patagoniambiental.com.ar\/info\/wp-json\/wp\/v2\/tags?post=64673"}],"curies":[{"name":"wp","href":"https:\/\/api.w.org\/{rel}","templated":true}]}}