{"id":64690,"date":"2020-01-24T07:00:00","date_gmt":"2020-01-24T10:00:00","guid":{"rendered":"http:\/\/patagoniambiental.com.ar\/info\/?p=64690"},"modified":"2020-01-06T11:15:58","modified_gmt":"2020-01-06T14:15:58","slug":"la-patagonia-chilena-el-mas-estado-puro-de-la-naturaleza","status":"publish","type":"post","link":"https:\/\/patagoniambiental.com.ar\/info\/la-patagonia-chilena-el-mas-estado-puro-de-la-naturaleza\/","title":{"rendered":"La Patagonia chilena, el m\u00e1s estado puro de la naturaleza"},"content":{"rendered":"<header class=\"article-header\">\n<p class=\"article-header__subheading\">La Patagonia chilena, situada en los Andes entre Chile y Argentina, es un escenario con espectaculares paisajes y naturaleza que sorprende a todos sus visitantes.<\/p>\n<\/header>\n<p><!--more--><\/p>\n<section class=\"article-body\">\n<div id=\"article_body\" class=\"article-body__container\">\n<nav id=\"article-body__tags_457454529_0\" class=\"article-body__tags\" data-status=\"off\" data-action=\"toggle\"><\/nav>\n<address class=\"article-body__address\">La Tierra guarda lugares remotos donde la naturaleza salvaje se muestra en todo su esplendor y el ser humano y su presencia supone lo mismo que una aguja en un pajar. Uno de estos lugares donde la soledad rec\u00f3ndita y la desolaci\u00f3n son los protagonistas es la\u00a0<strong>Patagonia<\/strong>. En el extremo sur del continente Sudamericano se reparten este terreno entre Argentina y Chile, una zona de\u00a0<strong>monta\u00f1as, fiordos, canales e islas<\/strong>\u00a0en la\u00a0<strong>cordillera de los Andes<\/strong>, tanto la parte emergida como la sumergida, que da fruto a las islas y canales.<\/address>\n<div id=\"article-body-content\" class=\"article-body__content\" data-action=\"toggle\" data-status=\"on\">\n<div class=\"article-media \"><img decoding=\"async\" src=\"https:\/\/s6.eestatic.com\/2020\/01\/05\/actualidad\/Actualidad_457465181_141752223_1024x576.jpg\" sizes=\"(max-width: 479px) 100vw, (max-width: 1023px) 80vw, 40vw\" srcset=\"https:\/\/s2.eestatic.com\/2020\/01\/05\/actualidad\/Actualidad_457465181_141752226_320x180.jpg 320w, https:\/\/s4.eestatic.com\/2020\/01\/05\/actualidad\/Actualidad_457465181_141752225_640x360.jpg 640w, https:\/\/s4.eestatic.com\/2020\/01\/05\/actualidad\/Actualidad_457465181_141752224_864x486.jpg 864w, https:\/\/s6.eestatic.com\/2020\/01\/05\/actualidad\/Actualidad_457465181_141752223_1024x576.jpg 1024w, https:\/\/s1.eestatic.com\/2020\/01\/05\/actualidad\/Actualidad_457465181_141752222_1706x960.jpg 1706w\" alt=\"\" data-imgm=\"true\" \/><\/p>\n<div class=\"seedtag-gohan seedtag-adunit st-in-image\">\n<div class=\"st-container\"><\/div>\n<\/div>\n<\/div>\n<p id=\"paragraph_2\">Se considera que la Patagonia chilena comienza desde el\u00a0<strong>golfo de Corcovado<\/strong>\u00a0hasta el\u00a0<strong>cabo de Hornos<\/strong>, desde el oc\u00e9ano Pac\u00edfico hasta el l\u00edmite con Argentina. Cuando los exploradores hace casi 500 a\u00f1os llegaron a la zona la definieron como ex\u00f3tica, extensa, de belleza infinita y salvaje, y as\u00ed se puede apreciar en la actualidad. Los lugares m\u00e1s sorprendentes y destacables de la zona son:<\/p>\n<div id=\"addevweb_1_457454529_0\">\n<div id=\"SMIntext-effective-1578319491441\" class=\"SMIntext-effective SMIntext-effective-4ef6a2d4-cee6-4304-9b31-dd979f74dadf desktop\"><\/div>\n<div id=\"SMIntext-clearfix-1578319491441\" class=\"SMIntext-clearfix SMIntext-clearfix-4ef6a2d4-cee6-4304-9b31-dd979f74dadf desktop\"><\/div>\n<\/div>\n<div id=\"divVideoStepAdTop\" class=\"divVideoStep\"><\/div>\n<p id=\"paragraph_3\">El\u00a0<strong>Parque Nacional Torres Del Paine<\/strong>: octava Maravilla del mundo para muchos, donde la flora y la fauna envueltas en los majestuosos paisajes ofrecen unas de las mejores vistas de toda la Patagonia. Sus tres torres gran\u00edticas que rozan los 2.600 metros de altitud son de una belleza extraordinaria. Se puede llegar a su base mediante circuitos de un d\u00eda desde el Puerto Natales o como parte de los circuitos W o O (recorridos de varios d\u00edas que pasan por glaciares y monta\u00f1as) que recorren el parque. El mejor momento para apreciar su belleza es al amanecer, cuando las puntas de las torres se enrojecen por la luz incandescente del amanecer, pero las condiciones climatol\u00f3gicas no siempre lo permiten.<\/p>\n<div id=\"article-inline\" class=\"article-inline\"><\/div>\n<div class=\"article-media \"><img decoding=\"async\" src=\"https:\/\/s2.eestatic.com\/2020\/01\/05\/actualidad\/Actualidad_457465182_141752277_1706x1120.jpg\" alt=\"\" data-imgm=\"true\" \/><\/p>\n<div class=\"seedtag-gohan seedtag-adunit st-in-image\">\n<div class=\"st-container\"><\/div>\n<\/div>\n<\/div>\n<p id=\"paragraph_4\">En la\u00a0<strong>cueva del Milod\u00f3n<\/strong>\u00a0se atesoran las historias y vivencias de los primeros grupos humanos del continente. Su nombre se debe al mam\u00edfero herb\u00edvoro de alrededor una tonelada de peso del mismo nombre, cuyos restos fueron encontrados en la cueva. Hoy en d\u00eda, se puede ver una figura a tama\u00f1o real del Milod\u00f3n en la entrada.<\/p>\n<div class=\"article-adv\">\n<div id=\"taboola-mid-article-organic-thumbnail\" class=\" trc_related_container trc_spotlight_widget trc_elastic trc_elastic_organic-thumbnails-b \" data-placement-name=\"Mid article organic thumbnail\">\n<div class=\"trc_rbox_container\">\n<div>\n<div id=\"trc_wrapper_51506\" class=\"trc_rbox organic-thumbnails-b trc-content-organic \">\n<div id=\"trc_header_51506\" class=\"trc_rbox_header trc_rbox_border_elm\">\n<div class=\"trc_header_ext\"><\/div>\n<\/div>\n<div id=\"outer_51506\" class=\"trc_rbox_outer\">\n<div id=\"rbox-t2m\" class=\"trc_rbox_div trc_rbox_border_elm\">\n<div id=\"internal_trc_51506\">\n<div class=\"videoCube trc_spotlight_item origin-default thumbnail_start textItem videoCube_1_child trc-first-recommendation trc-spotlight-first-recommendation  trc_excludable \" data-item-id=\"-302810213113847903\" data-item-title=\"El desgarrador mensaje de la ex de Gabriel Rufi\u00e1n: &amp;#34;Lloro al saber que no podr\u00e9 recuperarle&amp;#34;\" data-item-thumb=\"https:\/\/s1.eestatic.com\/2020\/01\/05\/corazon\/famosos\/Gabriel_Rufian-ERC_Esquerra_Republicana_de_Cataluna-PNV-Amor-Rupturas_sentimentales-Famosos_457465080_141749327_1706x960.jpg\" data-item-syndicated=\"false\">\n<div class=\"thumbBlock_holder\">\n<div class=\"videoCube_aspect\"><\/div>\n<\/div>\n<p><a class=\" item-label-href \" title=\"El desgarrador mensaje de la ex de Gabriel Rufi\u00e1n: &quot;Lloro al saber que no podr\u00e9 recuperarle&quot;\" href=\"https:\/\/www.elespanol.com\/corazon\/famosos\/20200105\/desgarrador-mensaje-gabriel-rufian-lloro-no-recuperarle\/457454483_0.html\" target=\"_parent\"><span class=\"video-label-box trc-main-label \"><span class=\"video-label video-title trc_ellipsis \">El desgarrador mensaje de la ex de Gabriel Rufi\u00e1n: \u00abLloro al saber que no podr\u00e9 recuperarle\u00bb<\/span><span class=\"video-label video-external-data\">Ra\u00fal Rodr\u00edguez<\/span><span class=\"video-label video-description trc_ellipsis \" title=\"&quot;Description: La fil\u00f3loga y especialista en Literatura Hisp\u00e1nica, de la que se divorci\u00f3 hace algo m\u00e1s de un a\u00f1o, ha roto su silencio con unas duras palabras de desesperaci\u00f3n y aflicci\u00f3n.&quot;\">La fil\u00f3loga y especialista en Literatura Hisp\u00e1nica, de la que se divorci\u00f3 hace algo m\u00e1s de un a\u00f1o, ha roto su silencio con unas duras palabras de desesperaci\u00f3n y aflicci\u00f3n.<\/span><\/span><\/a><\/p>\n<div class=\" trc_user_exclude_btn \" title=\"Quitar este anuncio\"><\/div>\n<div class=\" trc_exclude_overlay trc_fade \"><\/div>\n<div class=\" trc_undo_btn \"><\/div>\n<\/div>\n<\/div>\n<\/div>\n<\/div>\n<div class=\"trc-widget-footer\"><\/div>\n<div class=\"trc_clearer\"><\/div>\n<\/div>\n<\/div>\n<\/div>\n<\/div>\n<\/div>\n<p id=\"paragraph_5\">La\u00a0<strong>Tierra del Fuego<\/strong>\u00a0es el lugar ideal para observar la naturaleza en un ambiente de tranquilidad plena. En esta isla se puede encontrar y observar al ping\u00fcino rey, el segundo m\u00e1s grande despu\u00e9s del ping\u00fcino emperador. En el\u00a0<strong>Parque Ping\u00fcino Rey<\/strong>\u00a0se puede disfrutar de ellos, adem\u00e1s del avistamiento de otras aves marinas.<\/p>\n<div class=\"article-media \"><img decoding=\"async\" src=\"https:\/\/s6.eestatic.com\/2020\/01\/05\/actualidad\/Actualidad_457465183_141752280_1024x576.jpg\" sizes=\"(max-width: 479px) 100vw, (max-width: 1023px) 80vw, 40vw\" srcset=\"https:\/\/s3.eestatic.com\/2020\/01\/05\/actualidad\/Actualidad_457465183_141752283_320x180.jpg 320w, https:\/\/s6.eestatic.com\/2020\/01\/05\/actualidad\/Actualidad_457465183_141752282_640x360.jpg 640w, https:\/\/s1.eestatic.com\/2020\/01\/05\/actualidad\/Actualidad_457465183_141752281_864x486.jpg 864w, https:\/\/s6.eestatic.com\/2020\/01\/05\/actualidad\/Actualidad_457465183_141752280_1024x576.jpg 1024w, https:\/\/s6.eestatic.com\/2020\/01\/05\/actualidad\/Actualidad_457465183_141752279_1706x960.jpg 1706w\" alt=\"\" data-imgm=\"true\" \/><\/div>\n<p id=\"paragraph_6\">En\u00a0<strong>Fuerte Bulnes<\/strong>, al sur de Punta Arenas, se puede acercar a la historia de la colonizaci\u00f3n de Magallanes y la Ant\u00e1rtica Chilena, as\u00ed como la dif\u00edcil vida que se ofrec\u00eda en la zona. Una reconstrucci\u00f3n hist\u00f3rica del fort\u00edn donde se estableci\u00f3 el primer poblado patag\u00f3nico y se tom\u00f3 posesi\u00f3n del Estrecho y las tierras aleda\u00f1as, adem\u00e1s de otros resquicios de la historia que se pueden aprender en este lugar, para lo que es aconsejable coger un gu\u00eda.<\/p>\n<p id=\"paragraph_7\">En la\u00a0<strong>Reserva Nacional Alacalufes<\/strong>\u00a0se ofrecen un mont\u00f3n de experiencias para disfrutar en el mismo d\u00eda, como navegar por el\u00a0<strong>canal Se\u00f1oret<\/strong>, andar en lancha r\u00e1pida por los fiordos, caminar para descubrir lagunas y acantilados, viajar en 4&#215;4 por los m\u00e1s secretos caminos de la\u00a0<strong>Regi\u00f3n de Magallanes<\/strong>. Pero si lo que apetece es descansar en termas, se puede ir a las\u00a0<strong>Termas de Puyuguapi<\/strong>, las m\u00e1s bellas de Chile. Estas termas, con aguas completamente puras, se encuentran entre un paisaje de enormes helechos y bosques nativos que dan vida a unos parajes naturales impresionantes.<\/p>\n<div class=\"article-media \"><img decoding=\"async\" src=\"https:\/\/s3.eestatic.com\/2020\/01\/05\/actualidad\/Actualidad_457465184_141752308_1024x576.jpg\" sizes=\"(max-width: 479px) 100vw, (max-width: 1023px) 80vw, 40vw\" srcset=\"https:\/\/s2.eestatic.com\/2020\/01\/05\/actualidad\/Actualidad_457465184_141752311_320x180.jpg 320w, https:\/\/s3.eestatic.com\/2020\/01\/05\/actualidad\/Actualidad_457465184_141752310_640x360.jpg 640w, https:\/\/s6.eestatic.com\/2020\/01\/05\/actualidad\/Actualidad_457465184_141752309_864x486.jpg 864w, https:\/\/s3.eestatic.com\/2020\/01\/05\/actualidad\/Actualidad_457465184_141752308_1024x576.jpg 1024w, https:\/\/s4.eestatic.com\/2020\/01\/05\/actualidad\/Actualidad_457465184_141752307_1706x960.jpg 1706w\" alt=\"\" data-imgm=\"true\" \/><\/div>\n<p id=\"paragraph_8\">Otra actividad que tiene un encanto especial es recorrer la\u00a0<strong>Carretera Austral<\/strong>, conducir por una de las rutas m\u00e1s esc\u00e9nicas del mundo, con m\u00e1s de 1000 kil\u00f3metros de diversidad de paisajes hasta llegar a la propia Patagonia. Este recorrido puede ser el sustituto de viajar a la zona en avi\u00f3n.<\/p>\n<p id=\"paragraph_9\">El\u00a0<strong>Parque Nacional Queulat<\/strong>\u00a0ofrece la mejor naturaleza silvestre, inexplorada e intacta. Los bosques constantemente verdes contrastan con el blanco del Ventisqueo colgante, una masa de hielo que cae desde una enorme monta\u00f1a. Para los amantes del treking, recorrer el sendero del\u00a0<strong>Bosque Encantado<\/strong>\u00a0ser\u00e1 una de las mejores actividades: comienza a 45 kil\u00f3metros de Puyuguapi, sobre la\u00a0<strong>Carretera Austral<\/strong>\u00a0y se sumerge en los bosques verdes entre lagunas, t\u00e9mpanos y cascadas. Otro recorrido para hacer treking y quedar sorprendido por la belleza del paisaje es por los\u00a0<strong>Dientes de Navarino<\/strong>: con sus cumbres aserradas, absolutamente v\u00edrgenes, ofrecen un majestuoso paisaje.<\/p>\n<p id=\"paragraph_10\">M\u00e1s informaci\u00f3n en:\u00a0<strong>infoviajes.contacto@gmail.com<\/strong><\/p>\n<div id=\"addevweb_3_457454529_0\">\n<div id=\"SMIntext-effective-1578319491888\" class=\"SMIntext-effective SMIntext-effective-95b0282d-ee56-4e27-8e35-7303a43c7899 desktop\"><\/div>\n<div id=\"SMIntext-clearfix-1578319491888\" class=\"SMIntext-clearfix SMIntext-clearfix-95b0282d-ee56-4e27-8e35-7303a43c7899 desktop\"><\/div>\n<\/div>\n<\/div>\n<div id=\"cintillomenu\" class=\"article-adv__content\"><\/div>\n<div class=\"article-adv\">\n<div id=\"cintillosharebutton-bottom\" class=\"article-adv__content\">Fuente:\u00a0https:\/\/www.elespanol.com\/viajes\/20200106\/patagonia-chilena-puro-naturaleza\/457454529_0.html<\/div>\n<\/div>\n<\/div>\n<\/section>\n","protected":false},"excerpt":{"rendered":"<p>La Patagonia chilena, situada en los Andes entre Chile y Argentina, es un escenario con espectaculares paisajes y naturaleza que [&hellip;]<\/p>\n","protected":false},"author":2,"featured_media":64691,"comment_status":"open","ping_status":"open","sticky":false,"template":"","format":"standard","meta":{"site-sidebar-layout":"default","site-content-layout":"","ast-site-content-layout":"default","site-content-style":"default","site-sidebar-style":"default","ast-global-header-display":"","ast-banner-title-visibility":"","ast-main-header-display":"","ast-hfb-above-header-display":"","ast-hfb-below-header-display":"","ast-hfb-mobile-header-display":"","site-post-title":"","ast-breadcrumbs-content":"","ast-featured-img":"","footer-sml-layout":"","ast-disable-related-posts":"","theme-transparent-header-meta":"","adv-header-id-meta":"","stick-header-meta":"","header-above-stick-meta":"","header-main-stick-meta":"","header-below-stick-meta":"","astra-migrate-meta-layouts":"default","ast-page-background-enabled":"default","ast-page-background-meta":{"desktop":{"background-color":"var(--ast-global-color-5)","background-image":"","background-repeat":"repeat","background-position":"center center","background-size":"auto","background-attachment":"scroll","background-type":"","background-media":"","overlay-type":"","overlay-color":"","overlay-opacity":"","overlay-gradient":""},"tablet":{"background-color":"","background-image":"","background-repeat":"repeat","background-position":"center center","background-size":"auto","background-attachment":"scroll","background-type":"","background-media":"","overlay-type":"","overlay-color":"","overlay-opacity":"","overlay-gradient":""},"mobile":{"background-color":"","background-image":"","background-repeat":"repeat","background-position":"center center","background-size":"auto","background-attachment":"scroll","background-type":"","background-media":"","overlay-type":"","overlay-color":"","overlay-opacity":"","overlay-gradient":""}},"ast-content-background-meta":{"desktop":{"background-color":"var(--ast-global-color-4)","background-image":"","background-repeat":"repeat","background-position":"center center","background-size":"auto","background-attachment":"scroll","background-type":"","background-media":"","overlay-type":"","overlay-color":"","overlay-opacity":"","overlay-gradient":""},"tablet":{"background-color":"var(--ast-global-color-4)","background-image":"","background-repeat":"repeat","background-position":"center center","background-size":"auto","background-attachment":"scroll","background-type":"","background-media":"","overlay-type":"","overlay-color":"","overlay-opacity":"","overlay-gradient":""},"mobile":{"background-color":"var(--ast-global-color-4)","background-image":"","background-repeat":"repeat","background-position":"center center","background-size":"auto","background-attachment":"scroll","background-type":"","background-media":"","overlay-type":"","overlay-color":"","overlay-opacity":"","overlay-gradient":""}},"footnotes":""},"categories":[11,23,1,10],"tags":[],"class_list":["post-64690","post","type-post","status-publish","format-standard","has-post-thumbnail","hentry","category-boletin","category-internacionales","category-noticias","category-rotador"],"yoast_head":"<!-- This site is optimized with the Yoast SEO Premium plugin v23.0 (Yoast SEO v27.5) - https:\/\/yoast.com\/product\/yoast-seo-premium-wordpress\/ -->\n<title>La Patagonia chilena, el m\u00e1s estado puro de la naturaleza<\/title>\n<meta name=\"robots\" content=\"index, follow, max-snippet:-1, max-image-preview:large, max-video-preview:-1\" \/>\n<link rel=\"canonical\" href=\"https:\/\/patagoniambiental.com.ar\/info\/la-patagonia-chilena-el-mas-estado-puro-de-la-naturaleza\/\" \/>\n<meta property=\"og:locale\" content=\"es_ES\" \/>\n<meta property=\"og:type\" content=\"article\" \/>\n<meta property=\"og:title\" content=\"La Patagonia chilena, el m\u00e1s estado puro de la naturaleza\" \/>\n<meta property=\"og:description\" content=\"La Patagonia chilena, situada en los Andes entre Chile y Argentina, es un escenario con espectaculares paisajes y naturaleza que [&hellip;]\" \/>\n<meta property=\"og:url\" content=\"https:\/\/patagoniambiental.com.ar\/info\/la-patagonia-chilena-el-mas-estado-puro-de-la-naturaleza\/\" \/>\n<meta property=\"og:site_name\" content=\"Patagonia Ambiental\" \/>\n<meta property=\"article:publisher\" content=\"https:\/\/www.facebook.com\/patagonia.ambiental\" \/>\n<meta property=\"article:author\" content=\"https:\/\/www.facebook.com\/share\/1C1V8Gv9BX\/?mibextid=qi2Omg\" \/>\n<meta property=\"article:published_time\" content=\"2020-01-24T10:00:00+00:00\" \/>\n<meta property=\"og:image\" content=\"https:\/\/patagoniambiental.com.ar\/info\/wp-content\/uploads\/2020\/01\/Actualidad_457465182_141752277_1706x1120.jpg\" \/>\n\t<meta property=\"og:image:width\" content=\"1706\" \/>\n\t<meta property=\"og:image:height\" content=\"1120\" \/>\n\t<meta property=\"og:image:type\" content=\"image\/jpeg\" \/>\n<meta name=\"author\" content=\"Patagonia Ambiental\" \/>\n<meta name=\"twitter:card\" content=\"summary_large_image\" \/>\n<meta name=\"twitter:creator\" content=\"@PatAmb\" \/>\n<meta name=\"twitter:site\" content=\"@PatAmb\" \/>\n<script type=\"application\/ld+json\" class=\"yoast-schema-graph\">{\"@context\":\"https:\\\/\\\/schema.org\",\"@graph\":[{\"@type\":\"Article\",\"@id\":\"https:\\\/\\\/patagoniambiental.com.ar\\\/info\\\/la-patagonia-chilena-el-mas-estado-puro-de-la-naturaleza\\\/#article\",\"isPartOf\":{\"@id\":\"https:\\\/\\\/patagoniambiental.com.ar\\\/info\\\/la-patagonia-chilena-el-mas-estado-puro-de-la-naturaleza\\\/\"},\"author\":{\"name\":\"Patagonia Ambiental\",\"@id\":\"https:\\\/\\\/patagoniambiental.com.ar\\\/info\\\/#\\\/schema\\\/person\\\/db12bff64bbcbf6a253710bf0ea37b5d\"},\"headline\":\"La Patagonia chilena, el m\u00e1s estado puro de la naturaleza\",\"datePublished\":\"2020-01-24T10:00:00+00:00\",\"mainEntityOfPage\":{\"@id\":\"https:\\\/\\\/patagoniambiental.com.ar\\\/info\\\/la-patagonia-chilena-el-mas-estado-puro-de-la-naturaleza\\\/\"},\"wordCount\":872,\"commentCount\":0,\"publisher\":{\"@id\":\"https:\\\/\\\/patagoniambiental.com.ar\\\/info\\\/#organization\"},\"image\":{\"@id\":\"https:\\\/\\\/patagoniambiental.com.ar\\\/info\\\/la-patagonia-chilena-el-mas-estado-puro-de-la-naturaleza\\\/#primaryimage\"},\"thumbnailUrl\":\"https:\\\/\\\/patagoniambiental.com.ar\\\/info\\\/wp-content\\\/uploads\\\/2020\\\/01\\\/Actualidad_457465182_141752277_1706x1120.jpg\",\"articleSection\":[\"Bolet\u00edn\",\"Internacionales\",\"Noticias\",\"Rotador\"],\"inLanguage\":\"es\",\"potentialAction\":[{\"@type\":\"CommentAction\",\"name\":\"Comment\",\"target\":[\"https:\\\/\\\/patagoniambiental.com.ar\\\/info\\\/la-patagonia-chilena-el-mas-estado-puro-de-la-naturaleza\\\/#respond\"]}]},{\"@type\":\"WebPage\",\"@id\":\"https:\\\/\\\/patagoniambiental.com.ar\\\/info\\\/la-patagonia-chilena-el-mas-estado-puro-de-la-naturaleza\\\/\",\"url\":\"https:\\\/\\\/patagoniambiental.com.ar\\\/info\\\/la-patagonia-chilena-el-mas-estado-puro-de-la-naturaleza\\\/\",\"name\":\"La Patagonia chilena, el m\u00e1s estado puro de la naturaleza\",\"isPartOf\":{\"@id\":\"https:\\\/\\\/patagoniambiental.com.ar\\\/info\\\/#website\"},\"primaryImageOfPage\":{\"@id\":\"https:\\\/\\\/patagoniambiental.com.ar\\\/info\\\/la-patagonia-chilena-el-mas-estado-puro-de-la-naturaleza\\\/#primaryimage\"},\"image\":{\"@id\":\"https:\\\/\\\/patagoniambiental.com.ar\\\/info\\\/la-patagonia-chilena-el-mas-estado-puro-de-la-naturaleza\\\/#primaryimage\"},\"thumbnailUrl\":\"https:\\\/\\\/patagoniambiental.com.ar\\\/info\\\/wp-content\\\/uploads\\\/2020\\\/01\\\/Actualidad_457465182_141752277_1706x1120.jpg\",\"datePublished\":\"2020-01-24T10:00:00+00:00\",\"breadcrumb\":{\"@id\":\"https:\\\/\\\/patagoniambiental.com.ar\\\/info\\\/la-patagonia-chilena-el-mas-estado-puro-de-la-naturaleza\\\/#breadcrumb\"},\"inLanguage\":\"es\",\"potentialAction\":[{\"@type\":\"ReadAction\",\"target\":[\"https:\\\/\\\/patagoniambiental.com.ar\\\/info\\\/la-patagonia-chilena-el-mas-estado-puro-de-la-naturaleza\\\/\"]}]},{\"@type\":\"ImageObject\",\"inLanguage\":\"es\",\"@id\":\"https:\\\/\\\/patagoniambiental.com.ar\\\/info\\\/la-patagonia-chilena-el-mas-estado-puro-de-la-naturaleza\\\/#primaryimage\",\"url\":\"https:\\\/\\\/patagoniambiental.com.ar\\\/info\\\/wp-content\\\/uploads\\\/2020\\\/01\\\/Actualidad_457465182_141752277_1706x1120.jpg\",\"contentUrl\":\"https:\\\/\\\/patagoniambiental.com.ar\\\/info\\\/wp-content\\\/uploads\\\/2020\\\/01\\\/Actualidad_457465182_141752277_1706x1120.jpg\",\"width\":914,\"height\":600},{\"@type\":\"BreadcrumbList\",\"@id\":\"https:\\\/\\\/patagoniambiental.com.ar\\\/info\\\/la-patagonia-chilena-el-mas-estado-puro-de-la-naturaleza\\\/#breadcrumb\",\"itemListElement\":[{\"@type\":\"ListItem\",\"position\":1,\"name\":\"Inicio\",\"item\":\"https:\\\/\\\/patagoniambiental.com.ar\\\/info\\\/\"},{\"@type\":\"ListItem\",\"position\":2,\"name\":\"La Patagonia chilena, el m\u00e1s estado puro de la naturaleza\"}]},{\"@type\":\"WebSite\",\"@id\":\"https:\\\/\\\/patagoniambiental.com.ar\\\/info\\\/#website\",\"url\":\"https:\\\/\\\/patagoniambiental.com.ar\\\/info\\\/\",\"name\":\"Patagonia Ambiental\",\"description\":\"Monitoreo y an\u00e1lisis de la situaci\u00f3n geopol\u00edtica en el mundo y su implicancia en la Patagonia\",\"publisher\":{\"@id\":\"https:\\\/\\\/patagoniambiental.com.ar\\\/info\\\/#organization\"},\"potentialAction\":[{\"@type\":\"SearchAction\",\"target\":{\"@type\":\"EntryPoint\",\"urlTemplate\":\"https:\\\/\\\/patagoniambiental.com.ar\\\/info\\\/?s={search_term_string}\"},\"query-input\":{\"@type\":\"PropertyValueSpecification\",\"valueRequired\":true,\"valueName\":\"search_term_string\"}}],\"inLanguage\":\"es\"},{\"@type\":\"Organization\",\"@id\":\"https:\\\/\\\/patagoniambiental.com.ar\\\/info\\\/#organization\",\"name\":\"Patagonia Ambiental\",\"url\":\"https:\\\/\\\/patagoniambiental.com.ar\\\/info\\\/\",\"logo\":{\"@type\":\"ImageObject\",\"inLanguage\":\"es\",\"@id\":\"https:\\\/\\\/patagoniambiental.com.ar\\\/info\\\/#\\\/schema\\\/logo\\\/image\\\/\",\"url\":\"https:\\\/\\\/patagoniambiental.com.ar\\\/info\\\/wp-content\\\/uploads\\\/2025\\\/05\\\/LOGO-PATAGONIA-AMBIENTAL.png\",\"contentUrl\":\"https:\\\/\\\/patagoniambiental.com.ar\\\/info\\\/wp-content\\\/uploads\\\/2025\\\/05\\\/LOGO-PATAGONIA-AMBIENTAL.png\",\"width\":433,\"height\":250,\"caption\":\"Patagonia Ambiental\"},\"image\":{\"@id\":\"https:\\\/\\\/patagoniambiental.com.ar\\\/info\\\/#\\\/schema\\\/logo\\\/image\\\/\"},\"sameAs\":[\"https:\\\/\\\/www.facebook.com\\\/patagonia.ambiental\",\"https:\\\/\\\/x.com\\\/PatAmb\"]},{\"@type\":\"Person\",\"@id\":\"https:\\\/\\\/patagoniambiental.com.ar\\\/info\\\/#\\\/schema\\\/person\\\/db12bff64bbcbf6a253710bf0ea37b5d\",\"name\":\"Patagonia Ambiental\",\"description\":\"Andr\u00e9s Nievas T\u00e9cnico en manejo ambiental, consultor Ambiental y escritor para medios locales e internacionales sobre temas de geopolitica y medio ambiente.\",\"sameAs\":[\"http:\\\/\\\/www.patagoniambiental.com.ar\",\"https:\\\/\\\/www.facebook.com\\\/share\\\/1C1V8Gv9BX\\\/?mibextid=qi2Omg\",\"@patagoniambiental\",\"https:\\\/\\\/youtube.com\\\/@patagoniaambiental2023?si=BLt58t0wuXquxlYZ\"]}]}<\/script>\n<!-- \/ Yoast SEO Premium plugin. -->","yoast_head_json":{"title":"La Patagonia chilena, el m\u00e1s estado puro de la naturaleza","robots":{"index":"index","follow":"follow","max-snippet":"max-snippet:-1","max-image-preview":"max-image-preview:large","max-video-preview":"max-video-preview:-1"},"canonical":"https:\/\/patagoniambiental.com.ar\/info\/la-patagonia-chilena-el-mas-estado-puro-de-la-naturaleza\/","og_locale":"es_ES","og_type":"article","og_title":"La Patagonia chilena, el m\u00e1s estado puro de la naturaleza","og_description":"La Patagonia chilena, situada en los Andes entre Chile y Argentina, es un escenario con espectaculares paisajes y naturaleza que [&hellip;]","og_url":"https:\/\/patagoniambiental.com.ar\/info\/la-patagonia-chilena-el-mas-estado-puro-de-la-naturaleza\/","og_site_name":"Patagonia Ambiental","article_publisher":"https:\/\/www.facebook.com\/patagonia.ambiental","article_author":"https:\/\/www.facebook.com\/share\/1C1V8Gv9BX\/?mibextid=qi2Omg","article_published_time":"2020-01-24T10:00:00+00:00","og_image":[{"width":1706,"height":1120,"url":"https:\/\/patagoniambiental.com.ar\/info\/wp-content\/uploads\/2020\/01\/Actualidad_457465182_141752277_1706x1120.jpg","type":"image\/jpeg"}],"author":"Patagonia Ambiental","twitter_card":"summary_large_image","twitter_creator":"@PatAmb","twitter_site":"@PatAmb","schema":{"@context":"https:\/\/schema.org","@graph":[{"@type":"Article","@id":"https:\/\/patagoniambiental.com.ar\/info\/la-patagonia-chilena-el-mas-estado-puro-de-la-naturaleza\/#article","isPartOf":{"@id":"https:\/\/patagoniambiental.com.ar\/info\/la-patagonia-chilena-el-mas-estado-puro-de-la-naturaleza\/"},"author":{"name":"Patagonia Ambiental","@id":"https:\/\/patagoniambiental.com.ar\/info\/#\/schema\/person\/db12bff64bbcbf6a253710bf0ea37b5d"},"headline":"La Patagonia chilena, el m\u00e1s estado puro de la naturaleza","datePublished":"2020-01-24T10:00:00+00:00","mainEntityOfPage":{"@id":"https:\/\/patagoniambiental.com.ar\/info\/la-patagonia-chilena-el-mas-estado-puro-de-la-naturaleza\/"},"wordCount":872,"commentCount":0,"publisher":{"@id":"https:\/\/patagoniambiental.com.ar\/info\/#organization"},"image":{"@id":"https:\/\/patagoniambiental.com.ar\/info\/la-patagonia-chilena-el-mas-estado-puro-de-la-naturaleza\/#primaryimage"},"thumbnailUrl":"https:\/\/patagoniambiental.com.ar\/info\/wp-content\/uploads\/2020\/01\/Actualidad_457465182_141752277_1706x1120.jpg","articleSection":["Bolet\u00edn","Internacionales","Noticias","Rotador"],"inLanguage":"es","potentialAction":[{"@type":"CommentAction","name":"Comment","target":["https:\/\/patagoniambiental.com.ar\/info\/la-patagonia-chilena-el-mas-estado-puro-de-la-naturaleza\/#respond"]}]},{"@type":"WebPage","@id":"https:\/\/patagoniambiental.com.ar\/info\/la-patagonia-chilena-el-mas-estado-puro-de-la-naturaleza\/","url":"https:\/\/patagoniambiental.com.ar\/info\/la-patagonia-chilena-el-mas-estado-puro-de-la-naturaleza\/","name":"La Patagonia chilena, el m\u00e1s estado puro de la naturaleza","isPartOf":{"@id":"https:\/\/patagoniambiental.com.ar\/info\/#website"},"primaryImageOfPage":{"@id":"https:\/\/patagoniambiental.com.ar\/info\/la-patagonia-chilena-el-mas-estado-puro-de-la-naturaleza\/#primaryimage"},"image":{"@id":"https:\/\/patagoniambiental.com.ar\/info\/la-patagonia-chilena-el-mas-estado-puro-de-la-naturaleza\/#primaryimage"},"thumbnailUrl":"https:\/\/patagoniambiental.com.ar\/info\/wp-content\/uploads\/2020\/01\/Actualidad_457465182_141752277_1706x1120.jpg","datePublished":"2020-01-24T10:00:00+00:00","breadcrumb":{"@id":"https:\/\/patagoniambiental.com.ar\/info\/la-patagonia-chilena-el-mas-estado-puro-de-la-naturaleza\/#breadcrumb"},"inLanguage":"es","potentialAction":[{"@type":"ReadAction","target":["https:\/\/patagoniambiental.com.ar\/info\/la-patagonia-chilena-el-mas-estado-puro-de-la-naturaleza\/"]}]},{"@type":"ImageObject","inLanguage":"es","@id":"https:\/\/patagoniambiental.com.ar\/info\/la-patagonia-chilena-el-mas-estado-puro-de-la-naturaleza\/#primaryimage","url":"https:\/\/patagoniambiental.com.ar\/info\/wp-content\/uploads\/2020\/01\/Actualidad_457465182_141752277_1706x1120.jpg","contentUrl":"https:\/\/patagoniambiental.com.ar\/info\/wp-content\/uploads\/2020\/01\/Actualidad_457465182_141752277_1706x1120.jpg","width":914,"height":600},{"@type":"BreadcrumbList","@id":"https:\/\/patagoniambiental.com.ar\/info\/la-patagonia-chilena-el-mas-estado-puro-de-la-naturaleza\/#breadcrumb","itemListElement":[{"@type":"ListItem","position":1,"name":"Inicio","item":"https:\/\/patagoniambiental.com.ar\/info\/"},{"@type":"ListItem","position":2,"name":"La Patagonia chilena, el m\u00e1s estado puro de la naturaleza"}]},{"@type":"WebSite","@id":"https:\/\/patagoniambiental.com.ar\/info\/#website","url":"https:\/\/patagoniambiental.com.ar\/info\/","name":"Patagonia Ambiental","description":"Monitoreo y an\u00e1lisis de la situaci\u00f3n geopol\u00edtica en el mundo y su implicancia en la Patagonia","publisher":{"@id":"https:\/\/patagoniambiental.com.ar\/info\/#organization"},"potentialAction":[{"@type":"SearchAction","target":{"@type":"EntryPoint","urlTemplate":"https:\/\/patagoniambiental.com.ar\/info\/?s={search_term_string}"},"query-input":{"@type":"PropertyValueSpecification","valueRequired":true,"valueName":"search_term_string"}}],"inLanguage":"es"},{"@type":"Organization","@id":"https:\/\/patagoniambiental.com.ar\/info\/#organization","name":"Patagonia Ambiental","url":"https:\/\/patagoniambiental.com.ar\/info\/","logo":{"@type":"ImageObject","inLanguage":"es","@id":"https:\/\/patagoniambiental.com.ar\/info\/#\/schema\/logo\/image\/","url":"https:\/\/patagoniambiental.com.ar\/info\/wp-content\/uploads\/2025\/05\/LOGO-PATAGONIA-AMBIENTAL.png","contentUrl":"https:\/\/patagoniambiental.com.ar\/info\/wp-content\/uploads\/2025\/05\/LOGO-PATAGONIA-AMBIENTAL.png","width":433,"height":250,"caption":"Patagonia Ambiental"},"image":{"@id":"https:\/\/patagoniambiental.com.ar\/info\/#\/schema\/logo\/image\/"},"sameAs":["https:\/\/www.facebook.com\/patagonia.ambiental","https:\/\/x.com\/PatAmb"]},{"@type":"Person","@id":"https:\/\/patagoniambiental.com.ar\/info\/#\/schema\/person\/db12bff64bbcbf6a253710bf0ea37b5d","name":"Patagonia Ambiental","description":"Andr\u00e9s Nievas T\u00e9cnico en manejo ambiental, consultor Ambiental y escritor para medios locales e internacionales sobre temas de geopolitica y medio ambiente.","sameAs":["http:\/\/www.patagoniambiental.com.ar","https:\/\/www.facebook.com\/share\/1C1V8Gv9BX\/?mibextid=qi2Omg","@patagoniambiental","https:\/\/youtube.com\/@patagoniaambiental2023?si=BLt58t0wuXquxlYZ"]}]}},"_links":{"self":[{"href":"https:\/\/patagoniambiental.com.ar\/info\/wp-json\/wp\/v2\/posts\/64690","targetHints":{"allow":["GET"]}}],"collection":[{"href":"https:\/\/patagoniambiental.com.ar\/info\/wp-json\/wp\/v2\/posts"}],"about":[{"href":"https:\/\/patagoniambiental.com.ar\/info\/wp-json\/wp\/v2\/types\/post"}],"author":[{"embeddable":true,"href":"https:\/\/patagoniambiental.com.ar\/info\/wp-json\/wp\/v2\/users\/2"}],"replies":[{"embeddable":true,"href":"https:\/\/patagoniambiental.com.ar\/info\/wp-json\/wp\/v2\/comments?post=64690"}],"version-history":[{"count":0,"href":"https:\/\/patagoniambiental.com.ar\/info\/wp-json\/wp\/v2\/posts\/64690\/revisions"}],"wp:featuredmedia":[{"embeddable":true,"href":"https:\/\/patagoniambiental.com.ar\/info\/wp-json\/wp\/v2\/media\/64691"}],"wp:attachment":[{"href":"https:\/\/patagoniambiental.com.ar\/info\/wp-json\/wp\/v2\/media?parent=64690"}],"wp:term":[{"taxonomy":"category","embeddable":true,"href":"https:\/\/patagoniambiental.com.ar\/info\/wp-json\/wp\/v2\/categories?post=64690"},{"taxonomy":"post_tag","embeddable":true,"href":"https:\/\/patagoniambiental.com.ar\/info\/wp-json\/wp\/v2\/tags?post=64690"}],"curies":[{"name":"wp","href":"https:\/\/api.w.org\/{rel}","templated":true}]}}