{"id":64732,"date":"2020-01-06T19:00:23","date_gmt":"2020-01-06T22:00:23","guid":{"rendered":"http:\/\/patagoniambiental.com.ar\/info\/?p=64732"},"modified":"2020-01-06T15:28:36","modified_gmt":"2020-01-06T18:28:36","slug":"planificacion-y-desarrollo-sustentable-acompana-la-temporada-turistica","status":"publish","type":"post","link":"https:\/\/patagoniambiental.com.ar\/info\/planificacion-y-desarrollo-sustentable-acompana-la-temporada-turistica\/","title":{"rendered":"Planificaci\u00f3n y Desarrollo Sustentable de Rio Negro acompa\u00f1a la temporada tur\u00edstica en Las Grutas"},"content":{"rendered":"<p>En el marco de las actividades que se desarrollan en esta temporada de verano, la secretar\u00eda de Planificaci\u00f3n y Desarrollo Sustentable, presenta diversas propuestas.<\/p>\n<p><!--more--><\/p>\n<p>&nbsp;<\/p>\n<p><a href=\"https:\/\/www.rionegro.gov.ar\/\/download\/images\/00046950.jpg\" target=\"_blank\" rel=\"noopener noreferrer\" data-auth=\"NotApplicable\"><img decoding=\"async\" class=\"alignleft\" src=\"https:\/\/www.rionegro.gov.ar\/\/download\/images\/medio\/00046950.jpg\" data-imagetype=\"External\" \/><\/a><\/p>\n<p>La titular del organismo, Laura Perilli, junto a la secretaria de Ambiente, Dina Migani, visitaron el \u00c1rea Natural Protegida Bah\u00eda San Antonio y asistieron a la presentaci\u00f3n del Bio M\u00f3vil en Las Grutas.<\/p>\n<div>\n<p>Con la finalidad de fortalecer v\u00ednculos y articular tareas\u00a0con el Municipio de San Antonio Oeste, desde el organismo ambiental entregaron indumentaria al Cuerpo de Guardas Ambientales.<\/p>\n<p>Cabe destacar que debido al aumento en la cantidad de\u00a0turistas\u00a0que recorren la costa durante la temporada, este a\u00f1o y por decisi\u00f3n del intendente de la localidad, Adri\u00e1n Casadei, se incorporaron al equipo de trabajo diez nuevos pasantes.<\/p>\n<p>\u201cEste importante aporte de recurso humano\u00a0para el resguardo de la extensa \u00e1rea protegida de la Bah\u00eda, es producto del\u00a0convenio realizado entre la intendencia y la Universidad Nacional del Comahue, implica adem\u00e1s una valiosa experiencia laboral para estos estudiantes avanzados de las carreras biol\u00f3gicas\u00a0de la instituci\u00f3n\u201d, explic\u00f3 Perilli.<\/p>\n<p>A su vez, indic\u00f3 que durante la jornada visitaron tambi\u00e9n Punta Villarino en el Puerto de San Antonio Este, un lugar de descanso y reproducci\u00f3n de los lobos marinos. \u201cCompartimos opiniones con un\u00a0prestador tur\u00edstico de avistaje de fauna marina del lugar. Finalmente llegamos a Terraza al Mar, donde nos reunimos con los guardas ambientales que protegen la\u00a0zona de nidificaron y alimento de aves acompa\u00f1ados por el director de Ambiente municipal, Diego Luzzatto\u201d, agreg\u00f3.<\/p>\n<p>\u201cResulta digno de destacar y de poner en valor la importancia del trabajo conjunto realizado\u00a0con el municipio\u00a0que siempre potencia los resultados de la tarea y nos acerca a las demandas del territorio\u201d, resalt\u00f3 Perilli.<\/p>\n<p>En el marco de las actividades desarrolladas por el organismo ambiental, acompa\u00f1\u00f3 la presentaci\u00f3n del Bio M\u00f3vil en Las Grutas. Se trata de un tr\u00e1iler acondicionado con la \u00faltima tecnolog\u00eda en el que vecinos y\u00a0turistas\u00a0pueden disfrutar de una experiencia audiovisual a trav\u00e9s de estaciones de realidad virtual.<\/p>\n<p>De este modo, se reproduce la aplicaci\u00f3n #Patagonia360, creada por la Red de Medios de la Universidad Nacional de Rio Negro. El espacio cuenta adem\u00e1s con un microcine donde se brindan charlas y proyectan cortos tur\u00edsticos y ambientales.<\/p>\n<p>Fuente: Gobierno de Rio Negro<\/p>\n<\/div>\n","protected":false},"excerpt":{"rendered":"<p>En el marco de las actividades que se desarrollan en esta temporada de verano, la secretar\u00eda de Planificaci\u00f3n y Desarrollo [&hellip;]<\/p>\n","protected":false},"author":2,"featured_media":64733,"comment_status":"open","ping_status":"open","sticky":false,"template":"","format":"standard","meta":{"site-sidebar-layout":"default","site-content-layout":"","ast-site-content-layout":"default","site-content-style":"default","site-sidebar-style":"default","ast-global-header-display":"","ast-banner-title-visibility":"","ast-main-header-display":"","ast-hfb-above-header-display":"","ast-hfb-below-header-display":"","ast-hfb-mobile-header-display":"","site-post-title":"","ast-breadcrumbs-content":"","ast-featured-img":"","footer-sml-layout":"","ast-disable-related-posts":"","theme-transparent-header-meta":"","adv-header-id-meta":"","stick-header-meta":"","header-above-stick-meta":"","header-main-stick-meta":"","header-below-stick-meta":"","astra-migrate-meta-layouts":"default","ast-page-background-enabled":"default","ast-page-background-meta":{"desktop":{"background-color":"var(--ast-global-color-5)","background-image":"","background-repeat":"repeat","background-position":"center center","background-size":"auto","background-attachment":"scroll","background-type":"","background-media":"","overlay-type":"","overlay-color":"","overlay-opacity":"","overlay-gradient":""},"tablet":{"background-color":"","background-image":"","background-repeat":"repeat","background-position":"center center","background-size":"auto","background-attachment":"scroll","background-type":"","background-media":"","overlay-type":"","overlay-color":"","overlay-opacity":"","overlay-gradient":""},"mobile":{"background-color":"","background-image":"","background-repeat":"repeat","background-position":"center center","background-size":"auto","background-attachment":"scroll","background-type":"","background-media":"","overlay-type":"","overlay-color":"","overlay-opacity":"","overlay-gradient":""}},"ast-content-background-meta":{"desktop":{"background-color":"var(--ast-global-color-4)","background-image":"","background-repeat":"repeat","background-position":"center center","background-size":"auto","background-attachment":"scroll","background-type":"","background-media":"","overlay-type":"","overlay-color":"","overlay-opacity":"","overlay-gradient":""},"tablet":{"background-color":"var(--ast-global-color-4)","background-image":"","background-repeat":"repeat","background-position":"center center","background-size":"auto","background-attachment":"scroll","background-type":"","background-media":"","overlay-type":"","overlay-color":"","overlay-opacity":"","overlay-gradient":""},"mobile":{"background-color":"var(--ast-global-color-4)","background-image":"","background-repeat":"repeat","background-position":"center center","background-size":"auto","background-attachment":"scroll","background-type":"","background-media":"","overlay-type":"","overlay-color":"","overlay-opacity":"","overlay-gradient":""}},"footnotes":""},"categories":[1,13,14],"tags":[],"class_list":["post-64732","post","type-post","status-publish","format-standard","has-post-thumbnail","hentry","category-noticias","category-provinciales","category-rio-negro"],"yoast_head":"<!-- This site is optimized with the Yoast SEO Premium plugin v23.0 (Yoast SEO v27.5) - https:\/\/yoast.com\/product\/yoast-seo-premium-wordpress\/ -->\n<title>Planificaci\u00f3n y Desarrollo Sustentable de Rio Negro acompa\u00f1a la temporada tur\u00edstica en Las Grutas<\/title>\n<meta name=\"robots\" content=\"index, follow, max-snippet:-1, max-image-preview:large, max-video-preview:-1\" \/>\n<link rel=\"canonical\" href=\"https:\/\/patagoniambiental.com.ar\/info\/planificacion-y-desarrollo-sustentable-acompana-la-temporada-turistica\/\" \/>\n<meta property=\"og:locale\" content=\"es_ES\" \/>\n<meta property=\"og:type\" content=\"article\" \/>\n<meta property=\"og:title\" content=\"Planificaci\u00f3n y Desarrollo Sustentable de Rio Negro acompa\u00f1a la temporada tur\u00edstica en Las Grutas\" \/>\n<meta property=\"og:description\" content=\"En el marco de las actividades que se desarrollan en esta temporada de verano, la secretar\u00eda de Planificaci\u00f3n y Desarrollo [&hellip;]\" \/>\n<meta property=\"og:url\" content=\"https:\/\/patagoniambiental.com.ar\/info\/planificacion-y-desarrollo-sustentable-acompana-la-temporada-turistica\/\" \/>\n<meta property=\"og:site_name\" content=\"Patagonia Ambiental\" \/>\n<meta property=\"article:publisher\" content=\"https:\/\/www.facebook.com\/patagonia.ambiental\" \/>\n<meta property=\"article:author\" content=\"https:\/\/www.facebook.com\/share\/1C1V8Gv9BX\/?mibextid=qi2Omg\" \/>\n<meta property=\"article:published_time\" content=\"2020-01-06T22:00:23+00:00\" \/>\n<meta property=\"og:image\" content=\"https:\/\/patagoniambiental.com.ar\/info\/wp-content\/uploads\/2020\/01\/00046950.jpg\" \/>\n\t<meta property=\"og:image:width\" content=\"462\" \/>\n\t<meta property=\"og:image:height\" content=\"308\" \/>\n\t<meta property=\"og:image:type\" content=\"image\/jpeg\" \/>\n<meta name=\"author\" content=\"Patagonia Ambiental\" \/>\n<meta name=\"twitter:card\" content=\"summary_large_image\" \/>\n<meta name=\"twitter:creator\" content=\"@PatAmb\" \/>\n<meta name=\"twitter:site\" content=\"@PatAmb\" \/>\n<script type=\"application\/ld+json\" class=\"yoast-schema-graph\">{\"@context\":\"https:\\\/\\\/schema.org\",\"@graph\":[{\"@type\":\"Article\",\"@id\":\"https:\\\/\\\/patagoniambiental.com.ar\\\/info\\\/planificacion-y-desarrollo-sustentable-acompana-la-temporada-turistica\\\/#article\",\"isPartOf\":{\"@id\":\"https:\\\/\\\/patagoniambiental.com.ar\\\/info\\\/planificacion-y-desarrollo-sustentable-acompana-la-temporada-turistica\\\/\"},\"author\":{\"name\":\"Patagonia Ambiental\",\"@id\":\"https:\\\/\\\/patagoniambiental.com.ar\\\/info\\\/#\\\/schema\\\/person\\\/db12bff64bbcbf6a253710bf0ea37b5d\"},\"headline\":\"Planificaci\u00f3n y Desarrollo Sustentable de Rio Negro acompa\u00f1a la temporada tur\u00edstica en Las Grutas\",\"datePublished\":\"2020-01-06T22:00:23+00:00\",\"mainEntityOfPage\":{\"@id\":\"https:\\\/\\\/patagoniambiental.com.ar\\\/info\\\/planificacion-y-desarrollo-sustentable-acompana-la-temporada-turistica\\\/\"},\"wordCount\":419,\"commentCount\":0,\"publisher\":{\"@id\":\"https:\\\/\\\/patagoniambiental.com.ar\\\/info\\\/#organization\"},\"image\":{\"@id\":\"https:\\\/\\\/patagoniambiental.com.ar\\\/info\\\/planificacion-y-desarrollo-sustentable-acompana-la-temporada-turistica\\\/#primaryimage\"},\"thumbnailUrl\":\"https:\\\/\\\/patagoniambiental.com.ar\\\/info\\\/wp-content\\\/uploads\\\/2020\\\/01\\\/00046950.jpg\",\"articleSection\":[\"Noticias\",\"Provinciales\",\"R\u00edo Negro\"],\"inLanguage\":\"es\",\"potentialAction\":[{\"@type\":\"CommentAction\",\"name\":\"Comment\",\"target\":[\"https:\\\/\\\/patagoniambiental.com.ar\\\/info\\\/planificacion-y-desarrollo-sustentable-acompana-la-temporada-turistica\\\/#respond\"]}]},{\"@type\":\"WebPage\",\"@id\":\"https:\\\/\\\/patagoniambiental.com.ar\\\/info\\\/planificacion-y-desarrollo-sustentable-acompana-la-temporada-turistica\\\/\",\"url\":\"https:\\\/\\\/patagoniambiental.com.ar\\\/info\\\/planificacion-y-desarrollo-sustentable-acompana-la-temporada-turistica\\\/\",\"name\":\"Planificaci\u00f3n y Desarrollo Sustentable de Rio Negro acompa\u00f1a la temporada tur\u00edstica en Las Grutas\",\"isPartOf\":{\"@id\":\"https:\\\/\\\/patagoniambiental.com.ar\\\/info\\\/#website\"},\"primaryImageOfPage\":{\"@id\":\"https:\\\/\\\/patagoniambiental.com.ar\\\/info\\\/planificacion-y-desarrollo-sustentable-acompana-la-temporada-turistica\\\/#primaryimage\"},\"image\":{\"@id\":\"https:\\\/\\\/patagoniambiental.com.ar\\\/info\\\/planificacion-y-desarrollo-sustentable-acompana-la-temporada-turistica\\\/#primaryimage\"},\"thumbnailUrl\":\"https:\\\/\\\/patagoniambiental.com.ar\\\/info\\\/wp-content\\\/uploads\\\/2020\\\/01\\\/00046950.jpg\",\"datePublished\":\"2020-01-06T22:00:23+00:00\",\"breadcrumb\":{\"@id\":\"https:\\\/\\\/patagoniambiental.com.ar\\\/info\\\/planificacion-y-desarrollo-sustentable-acompana-la-temporada-turistica\\\/#breadcrumb\"},\"inLanguage\":\"es\",\"potentialAction\":[{\"@type\":\"ReadAction\",\"target\":[\"https:\\\/\\\/patagoniambiental.com.ar\\\/info\\\/planificacion-y-desarrollo-sustentable-acompana-la-temporada-turistica\\\/\"]}]},{\"@type\":\"ImageObject\",\"inLanguage\":\"es\",\"@id\":\"https:\\\/\\\/patagoniambiental.com.ar\\\/info\\\/planificacion-y-desarrollo-sustentable-acompana-la-temporada-turistica\\\/#primaryimage\",\"url\":\"https:\\\/\\\/patagoniambiental.com.ar\\\/info\\\/wp-content\\\/uploads\\\/2020\\\/01\\\/00046950.jpg\",\"contentUrl\":\"https:\\\/\\\/patagoniambiental.com.ar\\\/info\\\/wp-content\\\/uploads\\\/2020\\\/01\\\/00046950.jpg\",\"width\":462,\"height\":308},{\"@type\":\"BreadcrumbList\",\"@id\":\"https:\\\/\\\/patagoniambiental.com.ar\\\/info\\\/planificacion-y-desarrollo-sustentable-acompana-la-temporada-turistica\\\/#breadcrumb\",\"itemListElement\":[{\"@type\":\"ListItem\",\"position\":1,\"name\":\"Inicio\",\"item\":\"https:\\\/\\\/patagoniambiental.com.ar\\\/info\\\/\"},{\"@type\":\"ListItem\",\"position\":2,\"name\":\"Planificaci\u00f3n y Desarrollo Sustentable de Rio Negro acompa\u00f1a la temporada tur\u00edstica en Las Grutas\"}]},{\"@type\":\"WebSite\",\"@id\":\"https:\\\/\\\/patagoniambiental.com.ar\\\/info\\\/#website\",\"url\":\"https:\\\/\\\/patagoniambiental.com.ar\\\/info\\\/\",\"name\":\"Patagonia Ambiental\",\"description\":\"Monitoreo y an\u00e1lisis de la situaci\u00f3n geopol\u00edtica en el mundo y su implicancia en la Patagonia\",\"publisher\":{\"@id\":\"https:\\\/\\\/patagoniambiental.com.ar\\\/info\\\/#organization\"},\"potentialAction\":[{\"@type\":\"SearchAction\",\"target\":{\"@type\":\"EntryPoint\",\"urlTemplate\":\"https:\\\/\\\/patagoniambiental.com.ar\\\/info\\\/?s={search_term_string}\"},\"query-input\":{\"@type\":\"PropertyValueSpecification\",\"valueRequired\":true,\"valueName\":\"search_term_string\"}}],\"inLanguage\":\"es\"},{\"@type\":\"Organization\",\"@id\":\"https:\\\/\\\/patagoniambiental.com.ar\\\/info\\\/#organization\",\"name\":\"Patagonia Ambiental\",\"url\":\"https:\\\/\\\/patagoniambiental.com.ar\\\/info\\\/\",\"logo\":{\"@type\":\"ImageObject\",\"inLanguage\":\"es\",\"@id\":\"https:\\\/\\\/patagoniambiental.com.ar\\\/info\\\/#\\\/schema\\\/logo\\\/image\\\/\",\"url\":\"https:\\\/\\\/patagoniambiental.com.ar\\\/info\\\/wp-content\\\/uploads\\\/2025\\\/05\\\/LOGO-PATAGONIA-AMBIENTAL.png\",\"contentUrl\":\"https:\\\/\\\/patagoniambiental.com.ar\\\/info\\\/wp-content\\\/uploads\\\/2025\\\/05\\\/LOGO-PATAGONIA-AMBIENTAL.png\",\"width\":433,\"height\":250,\"caption\":\"Patagonia Ambiental\"},\"image\":{\"@id\":\"https:\\\/\\\/patagoniambiental.com.ar\\\/info\\\/#\\\/schema\\\/logo\\\/image\\\/\"},\"sameAs\":[\"https:\\\/\\\/www.facebook.com\\\/patagonia.ambiental\",\"https:\\\/\\\/x.com\\\/PatAmb\"]},{\"@type\":\"Person\",\"@id\":\"https:\\\/\\\/patagoniambiental.com.ar\\\/info\\\/#\\\/schema\\\/person\\\/db12bff64bbcbf6a253710bf0ea37b5d\",\"name\":\"Patagonia Ambiental\",\"description\":\"Andr\u00e9s Nievas T\u00e9cnico en manejo ambiental, consultor Ambiental y escritor para medios locales e internacionales sobre temas de geopolitica y medio ambiente.\",\"sameAs\":[\"http:\\\/\\\/www.patagoniambiental.com.ar\",\"https:\\\/\\\/www.facebook.com\\\/share\\\/1C1V8Gv9BX\\\/?mibextid=qi2Omg\",\"@patagoniambiental\",\"https:\\\/\\\/youtube.com\\\/@patagoniaambiental2023?si=BLt58t0wuXquxlYZ\"]}]}<\/script>\n<!-- \/ Yoast SEO Premium plugin. -->","yoast_head_json":{"title":"Planificaci\u00f3n y Desarrollo Sustentable de Rio Negro acompa\u00f1a la temporada tur\u00edstica en Las Grutas","robots":{"index":"index","follow":"follow","max-snippet":"max-snippet:-1","max-image-preview":"max-image-preview:large","max-video-preview":"max-video-preview:-1"},"canonical":"https:\/\/patagoniambiental.com.ar\/info\/planificacion-y-desarrollo-sustentable-acompana-la-temporada-turistica\/","og_locale":"es_ES","og_type":"article","og_title":"Planificaci\u00f3n y Desarrollo Sustentable de Rio Negro acompa\u00f1a la temporada tur\u00edstica en Las Grutas","og_description":"En el marco de las actividades que se desarrollan en esta temporada de verano, la secretar\u00eda de Planificaci\u00f3n y Desarrollo [&hellip;]","og_url":"https:\/\/patagoniambiental.com.ar\/info\/planificacion-y-desarrollo-sustentable-acompana-la-temporada-turistica\/","og_site_name":"Patagonia Ambiental","article_publisher":"https:\/\/www.facebook.com\/patagonia.ambiental","article_author":"https:\/\/www.facebook.com\/share\/1C1V8Gv9BX\/?mibextid=qi2Omg","article_published_time":"2020-01-06T22:00:23+00:00","og_image":[{"width":462,"height":308,"url":"https:\/\/patagoniambiental.com.ar\/info\/wp-content\/uploads\/2020\/01\/00046950.jpg","type":"image\/jpeg"}],"author":"Patagonia Ambiental","twitter_card":"summary_large_image","twitter_creator":"@PatAmb","twitter_site":"@PatAmb","schema":{"@context":"https:\/\/schema.org","@graph":[{"@type":"Article","@id":"https:\/\/patagoniambiental.com.ar\/info\/planificacion-y-desarrollo-sustentable-acompana-la-temporada-turistica\/#article","isPartOf":{"@id":"https:\/\/patagoniambiental.com.ar\/info\/planificacion-y-desarrollo-sustentable-acompana-la-temporada-turistica\/"},"author":{"name":"Patagonia Ambiental","@id":"https:\/\/patagoniambiental.com.ar\/info\/#\/schema\/person\/db12bff64bbcbf6a253710bf0ea37b5d"},"headline":"Planificaci\u00f3n y Desarrollo Sustentable de Rio Negro acompa\u00f1a la temporada tur\u00edstica en Las Grutas","datePublished":"2020-01-06T22:00:23+00:00","mainEntityOfPage":{"@id":"https:\/\/patagoniambiental.com.ar\/info\/planificacion-y-desarrollo-sustentable-acompana-la-temporada-turistica\/"},"wordCount":419,"commentCount":0,"publisher":{"@id":"https:\/\/patagoniambiental.com.ar\/info\/#organization"},"image":{"@id":"https:\/\/patagoniambiental.com.ar\/info\/planificacion-y-desarrollo-sustentable-acompana-la-temporada-turistica\/#primaryimage"},"thumbnailUrl":"https:\/\/patagoniambiental.com.ar\/info\/wp-content\/uploads\/2020\/01\/00046950.jpg","articleSection":["Noticias","Provinciales","R\u00edo Negro"],"inLanguage":"es","potentialAction":[{"@type":"CommentAction","name":"Comment","target":["https:\/\/patagoniambiental.com.ar\/info\/planificacion-y-desarrollo-sustentable-acompana-la-temporada-turistica\/#respond"]}]},{"@type":"WebPage","@id":"https:\/\/patagoniambiental.com.ar\/info\/planificacion-y-desarrollo-sustentable-acompana-la-temporada-turistica\/","url":"https:\/\/patagoniambiental.com.ar\/info\/planificacion-y-desarrollo-sustentable-acompana-la-temporada-turistica\/","name":"Planificaci\u00f3n y Desarrollo Sustentable de Rio Negro acompa\u00f1a la temporada tur\u00edstica en Las Grutas","isPartOf":{"@id":"https:\/\/patagoniambiental.com.ar\/info\/#website"},"primaryImageOfPage":{"@id":"https:\/\/patagoniambiental.com.ar\/info\/planificacion-y-desarrollo-sustentable-acompana-la-temporada-turistica\/#primaryimage"},"image":{"@id":"https:\/\/patagoniambiental.com.ar\/info\/planificacion-y-desarrollo-sustentable-acompana-la-temporada-turistica\/#primaryimage"},"thumbnailUrl":"https:\/\/patagoniambiental.com.ar\/info\/wp-content\/uploads\/2020\/01\/00046950.jpg","datePublished":"2020-01-06T22:00:23+00:00","breadcrumb":{"@id":"https:\/\/patagoniambiental.com.ar\/info\/planificacion-y-desarrollo-sustentable-acompana-la-temporada-turistica\/#breadcrumb"},"inLanguage":"es","potentialAction":[{"@type":"ReadAction","target":["https:\/\/patagoniambiental.com.ar\/info\/planificacion-y-desarrollo-sustentable-acompana-la-temporada-turistica\/"]}]},{"@type":"ImageObject","inLanguage":"es","@id":"https:\/\/patagoniambiental.com.ar\/info\/planificacion-y-desarrollo-sustentable-acompana-la-temporada-turistica\/#primaryimage","url":"https:\/\/patagoniambiental.com.ar\/info\/wp-content\/uploads\/2020\/01\/00046950.jpg","contentUrl":"https:\/\/patagoniambiental.com.ar\/info\/wp-content\/uploads\/2020\/01\/00046950.jpg","width":462,"height":308},{"@type":"BreadcrumbList","@id":"https:\/\/patagoniambiental.com.ar\/info\/planificacion-y-desarrollo-sustentable-acompana-la-temporada-turistica\/#breadcrumb","itemListElement":[{"@type":"ListItem","position":1,"name":"Inicio","item":"https:\/\/patagoniambiental.com.ar\/info\/"},{"@type":"ListItem","position":2,"name":"Planificaci\u00f3n y Desarrollo Sustentable de Rio Negro acompa\u00f1a la temporada tur\u00edstica en Las Grutas"}]},{"@type":"WebSite","@id":"https:\/\/patagoniambiental.com.ar\/info\/#website","url":"https:\/\/patagoniambiental.com.ar\/info\/","name":"Patagonia Ambiental","description":"Monitoreo y an\u00e1lisis de la situaci\u00f3n geopol\u00edtica en el mundo y su implicancia en la Patagonia","publisher":{"@id":"https:\/\/patagoniambiental.com.ar\/info\/#organization"},"potentialAction":[{"@type":"SearchAction","target":{"@type":"EntryPoint","urlTemplate":"https:\/\/patagoniambiental.com.ar\/info\/?s={search_term_string}"},"query-input":{"@type":"PropertyValueSpecification","valueRequired":true,"valueName":"search_term_string"}}],"inLanguage":"es"},{"@type":"Organization","@id":"https:\/\/patagoniambiental.com.ar\/info\/#organization","name":"Patagonia Ambiental","url":"https:\/\/patagoniambiental.com.ar\/info\/","logo":{"@type":"ImageObject","inLanguage":"es","@id":"https:\/\/patagoniambiental.com.ar\/info\/#\/schema\/logo\/image\/","url":"https:\/\/patagoniambiental.com.ar\/info\/wp-content\/uploads\/2025\/05\/LOGO-PATAGONIA-AMBIENTAL.png","contentUrl":"https:\/\/patagoniambiental.com.ar\/info\/wp-content\/uploads\/2025\/05\/LOGO-PATAGONIA-AMBIENTAL.png","width":433,"height":250,"caption":"Patagonia Ambiental"},"image":{"@id":"https:\/\/patagoniambiental.com.ar\/info\/#\/schema\/logo\/image\/"},"sameAs":["https:\/\/www.facebook.com\/patagonia.ambiental","https:\/\/x.com\/PatAmb"]},{"@type":"Person","@id":"https:\/\/patagoniambiental.com.ar\/info\/#\/schema\/person\/db12bff64bbcbf6a253710bf0ea37b5d","name":"Patagonia Ambiental","description":"Andr\u00e9s Nievas T\u00e9cnico en manejo ambiental, consultor Ambiental y escritor para medios locales e internacionales sobre temas de geopolitica y medio ambiente.","sameAs":["http:\/\/www.patagoniambiental.com.ar","https:\/\/www.facebook.com\/share\/1C1V8Gv9BX\/?mibextid=qi2Omg","@patagoniambiental","https:\/\/youtube.com\/@patagoniaambiental2023?si=BLt58t0wuXquxlYZ"]}]}},"_links":{"self":[{"href":"https:\/\/patagoniambiental.com.ar\/info\/wp-json\/wp\/v2\/posts\/64732","targetHints":{"allow":["GET"]}}],"collection":[{"href":"https:\/\/patagoniambiental.com.ar\/info\/wp-json\/wp\/v2\/posts"}],"about":[{"href":"https:\/\/patagoniambiental.com.ar\/info\/wp-json\/wp\/v2\/types\/post"}],"author":[{"embeddable":true,"href":"https:\/\/patagoniambiental.com.ar\/info\/wp-json\/wp\/v2\/users\/2"}],"replies":[{"embeddable":true,"href":"https:\/\/patagoniambiental.com.ar\/info\/wp-json\/wp\/v2\/comments?post=64732"}],"version-history":[{"count":0,"href":"https:\/\/patagoniambiental.com.ar\/info\/wp-json\/wp\/v2\/posts\/64732\/revisions"}],"wp:featuredmedia":[{"embeddable":true,"href":"https:\/\/patagoniambiental.com.ar\/info\/wp-json\/wp\/v2\/media\/64733"}],"wp:attachment":[{"href":"https:\/\/patagoniambiental.com.ar\/info\/wp-json\/wp\/v2\/media?parent=64732"}],"wp:term":[{"taxonomy":"category","embeddable":true,"href":"https:\/\/patagoniambiental.com.ar\/info\/wp-json\/wp\/v2\/categories?post=64732"},{"taxonomy":"post_tag","embeddable":true,"href":"https:\/\/patagoniambiental.com.ar\/info\/wp-json\/wp\/v2\/tags?post=64732"}],"curies":[{"name":"wp","href":"https:\/\/api.w.org\/{rel}","templated":true}]}}