{"id":64919,"date":"2020-01-16T07:00:42","date_gmt":"2020-01-16T10:00:42","guid":{"rendered":"http:\/\/patagoniambiental.com.ar\/info\/?p=64919"},"modified":"2020-01-16T12:53:48","modified_gmt":"2020-01-16T15:53:48","slug":"el-gobierno-de-rio-negro-avanza-en-los-preparativos-para-el-eclipse-solar-total-en-diciembre","status":"publish","type":"post","link":"https:\/\/patagoniambiental.com.ar\/info\/el-gobierno-de-rio-negro-avanza-en-los-preparativos-para-el-eclipse-solar-total-en-diciembre\/","title":{"rendered":"El gobierno de Rio Negro avanza en los preparativos para el eclipse solar total en diciembre"},"content":{"rendered":"<p>Viedma.-Con vistas al eclipse total de sol 2020, contin\u00faa la planificaci\u00f3n de actividades tendientes a potenciar el desarrollo tur\u00edstico en las localidades de la Regi\u00f3n Sur.<\/p>\n<div>\n<p><!--more--><\/p>\n<p><a href=\"https:\/\/www.rionegro.gov.ar\/\/download\/images\/00047093.jpg\" target=\"_blank\" rel=\"noopener noreferrer\" data-auth=\"NotApplicable\"><img decoding=\"async\" class=\"alignleft\" src=\"https:\/\/www.rionegro.gov.ar\/\/download\/images\/medio\/00047093.jpg\" data-imagetype=\"External\" \/><\/a><\/p>\n<\/div>\n<p>&nbsp;<\/p>\n<div>\n<p>En San Antonio Oeste, Las Grutas, Valcheta, Nahuel Niyeu, Ramos Mex\u00eda, Sierra Colorada y Los Menucos, el secretario de Turismo, Marcelo Mancini, tom\u00f3 contacto con los intendentes as\u00ed como con sus referentes tur\u00edsticos y desarroll\u00f3 acciones de log\u00edstica previas con vistas al eclipse solar total que ocurrir\u00e1 el 14 de diciembre del corriente a\u00f1o.<\/p>\n<p>Seg\u00fan las estimaciones y el reciente antecedente de La Rioja, el fen\u00f3meno astron\u00f3mico se convertir\u00e1 en un atractivo al que responder\u00e1n cientos de miles de personas de todo el mundo las cuales elegir\u00e1n observarlo en la regi\u00f3n debido a que est\u00e1n ubicadas en la l\u00ednea que seguir\u00e1 el cono de sombra del eclipse total de sol.<\/p>\n<p>En ese sentido, el Secretario Mancini indic\u00f3 que en el di\u00e1logo con los intendentes transmiti\u00f3 \u00abel objetivo es aprovechar el evento y capitalizarlo con la provisi\u00f3n de servicios tur\u00edsticos satisfactorios y el posicionamiento de los destinos, a la vez, generar conciencia, \u00a0estimular y potenciar los peque\u00f1os emprendimientos de servicios tur\u00edsticos\u00bb.<\/p>\n<p>Cabe destacar que m\u00e1s all\u00e1 del eclipse de diciembre, el desarrollo tur\u00edstico de la Regi\u00f3n Sur forma parte de la l\u00ednea estrat\u00e9gica que el Ministerio de Turismo, Cultura y Deporte lleva adelante \u00abcon el objetivo de crear oferta de servicios y transformar la producci\u00f3n local de manufacturas en un atractivo tur\u00edstico para generar una explotaci\u00f3n tur\u00edstica sustentable que posicione a cada localidad de manera singular en el conjunto de la provincia\u00bb, indic\u00f3 el funcionario.<\/p>\n<p>Fuente: Gobierno de Rio Negro<\/p>\n<\/div>\n","protected":false},"excerpt":{"rendered":"<p>Viedma.-Con vistas al eclipse total de sol 2020, contin\u00faa la planificaci\u00f3n de actividades tendientes a potenciar el desarrollo tur\u00edstico en [&hellip;]<\/p>\n","protected":false},"author":6,"featured_media":64920,"comment_status":"open","ping_status":"open","sticky":false,"template":"","format":"standard","meta":{"site-sidebar-layout":"default","site-content-layout":"","ast-site-content-layout":"default","site-content-style":"default","site-sidebar-style":"default","ast-global-header-display":"","ast-banner-title-visibility":"","ast-main-header-display":"","ast-hfb-above-header-display":"","ast-hfb-below-header-display":"","ast-hfb-mobile-header-display":"","site-post-title":"","ast-breadcrumbs-content":"","ast-featured-img":"","footer-sml-layout":"","ast-disable-related-posts":"","theme-transparent-header-meta":"","adv-header-id-meta":"","stick-header-meta":"","header-above-stick-meta":"","header-main-stick-meta":"","header-below-stick-meta":"","astra-migrate-meta-layouts":"default","ast-page-background-enabled":"default","ast-page-background-meta":{"desktop":{"background-color":"var(--ast-global-color-5)","background-image":"","background-repeat":"repeat","background-position":"center center","background-size":"auto","background-attachment":"scroll","background-type":"","background-media":"","overlay-type":"","overlay-color":"","overlay-opacity":"","overlay-gradient":""},"tablet":{"background-color":"","background-image":"","background-repeat":"repeat","background-position":"center center","background-size":"auto","background-attachment":"scroll","background-type":"","background-media":"","overlay-type":"","overlay-color":"","overlay-opacity":"","overlay-gradient":""},"mobile":{"background-color":"","background-image":"","background-repeat":"repeat","background-position":"center center","background-size":"auto","background-attachment":"scroll","background-type":"","background-media":"","overlay-type":"","overlay-color":"","overlay-opacity":"","overlay-gradient":""}},"ast-content-background-meta":{"desktop":{"background-color":"var(--ast-global-color-4)","background-image":"","background-repeat":"repeat","background-position":"center center","background-size":"auto","background-attachment":"scroll","background-type":"","background-media":"","overlay-type":"","overlay-color":"","overlay-opacity":"","overlay-gradient":""},"tablet":{"background-color":"var(--ast-global-color-4)","background-image":"","background-repeat":"repeat","background-position":"center center","background-size":"auto","background-attachment":"scroll","background-type":"","background-media":"","overlay-type":"","overlay-color":"","overlay-opacity":"","overlay-gradient":""},"mobile":{"background-color":"var(--ast-global-color-4)","background-image":"","background-repeat":"repeat","background-position":"center center","background-size":"auto","background-attachment":"scroll","background-type":"","background-media":"","overlay-type":"","overlay-color":"","overlay-opacity":"","overlay-gradient":""}},"footnotes":""},"categories":[11,1,13,14,10],"tags":[],"class_list":["post-64919","post","type-post","status-publish","format-standard","has-post-thumbnail","hentry","category-boletin","category-noticias","category-provinciales","category-rio-negro","category-rotador"],"yoast_head":"<!-- This site is optimized with the Yoast SEO Premium plugin v23.0 (Yoast SEO v27.5) - https:\/\/yoast.com\/product\/yoast-seo-premium-wordpress\/ -->\n<title>El gobierno de Rio Negro avanza en los preparativos para el eclipse solar total en diciembre<\/title>\n<meta name=\"robots\" content=\"index, follow, max-snippet:-1, max-image-preview:large, max-video-preview:-1\" \/>\n<link rel=\"canonical\" href=\"https:\/\/patagoniambiental.com.ar\/info\/el-gobierno-de-rio-negro-avanza-en-los-preparativos-para-el-eclipse-solar-total-en-diciembre\/\" \/>\n<meta property=\"og:locale\" content=\"es_ES\" \/>\n<meta property=\"og:type\" content=\"article\" \/>\n<meta property=\"og:title\" content=\"El gobierno de Rio Negro avanza en los preparativos para el eclipse solar total en diciembre\" \/>\n<meta property=\"og:description\" content=\"Viedma.-Con vistas al eclipse total de sol 2020, contin\u00faa la planificaci\u00f3n de actividades tendientes a potenciar el desarrollo tur\u00edstico en [&hellip;]\" \/>\n<meta property=\"og:url\" content=\"https:\/\/patagoniambiental.com.ar\/info\/el-gobierno-de-rio-negro-avanza-en-los-preparativos-para-el-eclipse-solar-total-en-diciembre\/\" \/>\n<meta property=\"og:site_name\" content=\"Patagonia Ambiental\" \/>\n<meta property=\"article:publisher\" content=\"https:\/\/www.facebook.com\/patagonia.ambiental\" \/>\n<meta property=\"article:published_time\" content=\"2020-01-16T10:00:42+00:00\" \/>\n<meta property=\"article:modified_time\" content=\"2020-01-16T15:53:48+00:00\" \/>\n<meta property=\"og:image\" content=\"https:\/\/patagoniambiental.com.ar\/info\/wp-content\/uploads\/2020\/01\/00047093.jpg\" \/>\n\t<meta property=\"og:image:width\" content=\"462\" \/>\n\t<meta property=\"og:image:height\" content=\"308\" \/>\n\t<meta property=\"og:image:type\" content=\"image\/jpeg\" \/>\n<meta name=\"author\" content=\"BRAIAN ESTEVEZ\" \/>\n<meta name=\"twitter:card\" content=\"summary_large_image\" \/>\n<meta name=\"twitter:creator\" content=\"@PatAmb\" \/>\n<meta name=\"twitter:site\" content=\"@PatAmb\" \/>\n<script type=\"application\/ld+json\" class=\"yoast-schema-graph\">{\"@context\":\"https:\\\/\\\/schema.org\",\"@graph\":[{\"@type\":\"Article\",\"@id\":\"https:\\\/\\\/patagoniambiental.com.ar\\\/info\\\/el-gobierno-de-rio-negro-avanza-en-los-preparativos-para-el-eclipse-solar-total-en-diciembre\\\/#article\",\"isPartOf\":{\"@id\":\"https:\\\/\\\/patagoniambiental.com.ar\\\/info\\\/el-gobierno-de-rio-negro-avanza-en-los-preparativos-para-el-eclipse-solar-total-en-diciembre\\\/\"},\"author\":{\"name\":\"BRAIAN ESTEVEZ\",\"@id\":\"https:\\\/\\\/patagoniambiental.com.ar\\\/info\\\/#\\\/schema\\\/person\\\/e5af09d700b2e82cb10c6b8800e0c691\"},\"headline\":\"El gobierno de Rio Negro avanza en los preparativos para el eclipse solar total en diciembre\",\"datePublished\":\"2020-01-16T10:00:42+00:00\",\"dateModified\":\"2020-01-16T15:53:48+00:00\",\"mainEntityOfPage\":{\"@id\":\"https:\\\/\\\/patagoniambiental.com.ar\\\/info\\\/el-gobierno-de-rio-negro-avanza-en-los-preparativos-para-el-eclipse-solar-total-en-diciembre\\\/\"},\"wordCount\":311,\"commentCount\":0,\"publisher\":{\"@id\":\"https:\\\/\\\/patagoniambiental.com.ar\\\/info\\\/#organization\"},\"image\":{\"@id\":\"https:\\\/\\\/patagoniambiental.com.ar\\\/info\\\/el-gobierno-de-rio-negro-avanza-en-los-preparativos-para-el-eclipse-solar-total-en-diciembre\\\/#primaryimage\"},\"thumbnailUrl\":\"https:\\\/\\\/patagoniambiental.com.ar\\\/info\\\/wp-content\\\/uploads\\\/2020\\\/01\\\/00047093.jpg\",\"articleSection\":[\"Bolet\u00edn\",\"Noticias\",\"Provinciales\",\"R\u00edo Negro\",\"Rotador\"],\"inLanguage\":\"es\",\"potentialAction\":[{\"@type\":\"CommentAction\",\"name\":\"Comment\",\"target\":[\"https:\\\/\\\/patagoniambiental.com.ar\\\/info\\\/el-gobierno-de-rio-negro-avanza-en-los-preparativos-para-el-eclipse-solar-total-en-diciembre\\\/#respond\"]}]},{\"@type\":\"WebPage\",\"@id\":\"https:\\\/\\\/patagoniambiental.com.ar\\\/info\\\/el-gobierno-de-rio-negro-avanza-en-los-preparativos-para-el-eclipse-solar-total-en-diciembre\\\/\",\"url\":\"https:\\\/\\\/patagoniambiental.com.ar\\\/info\\\/el-gobierno-de-rio-negro-avanza-en-los-preparativos-para-el-eclipse-solar-total-en-diciembre\\\/\",\"name\":\"El gobierno de Rio Negro avanza en los preparativos para el eclipse solar total en diciembre\",\"isPartOf\":{\"@id\":\"https:\\\/\\\/patagoniambiental.com.ar\\\/info\\\/#website\"},\"primaryImageOfPage\":{\"@id\":\"https:\\\/\\\/patagoniambiental.com.ar\\\/info\\\/el-gobierno-de-rio-negro-avanza-en-los-preparativos-para-el-eclipse-solar-total-en-diciembre\\\/#primaryimage\"},\"image\":{\"@id\":\"https:\\\/\\\/patagoniambiental.com.ar\\\/info\\\/el-gobierno-de-rio-negro-avanza-en-los-preparativos-para-el-eclipse-solar-total-en-diciembre\\\/#primaryimage\"},\"thumbnailUrl\":\"https:\\\/\\\/patagoniambiental.com.ar\\\/info\\\/wp-content\\\/uploads\\\/2020\\\/01\\\/00047093.jpg\",\"datePublished\":\"2020-01-16T10:00:42+00:00\",\"dateModified\":\"2020-01-16T15:53:48+00:00\",\"breadcrumb\":{\"@id\":\"https:\\\/\\\/patagoniambiental.com.ar\\\/info\\\/el-gobierno-de-rio-negro-avanza-en-los-preparativos-para-el-eclipse-solar-total-en-diciembre\\\/#breadcrumb\"},\"inLanguage\":\"es\",\"potentialAction\":[{\"@type\":\"ReadAction\",\"target\":[\"https:\\\/\\\/patagoniambiental.com.ar\\\/info\\\/el-gobierno-de-rio-negro-avanza-en-los-preparativos-para-el-eclipse-solar-total-en-diciembre\\\/\"]}]},{\"@type\":\"ImageObject\",\"inLanguage\":\"es\",\"@id\":\"https:\\\/\\\/patagoniambiental.com.ar\\\/info\\\/el-gobierno-de-rio-negro-avanza-en-los-preparativos-para-el-eclipse-solar-total-en-diciembre\\\/#primaryimage\",\"url\":\"https:\\\/\\\/patagoniambiental.com.ar\\\/info\\\/wp-content\\\/uploads\\\/2020\\\/01\\\/00047093.jpg\",\"contentUrl\":\"https:\\\/\\\/patagoniambiental.com.ar\\\/info\\\/wp-content\\\/uploads\\\/2020\\\/01\\\/00047093.jpg\",\"width\":462,\"height\":308},{\"@type\":\"BreadcrumbList\",\"@id\":\"https:\\\/\\\/patagoniambiental.com.ar\\\/info\\\/el-gobierno-de-rio-negro-avanza-en-los-preparativos-para-el-eclipse-solar-total-en-diciembre\\\/#breadcrumb\",\"itemListElement\":[{\"@type\":\"ListItem\",\"position\":1,\"name\":\"Inicio\",\"item\":\"https:\\\/\\\/patagoniambiental.com.ar\\\/info\\\/\"},{\"@type\":\"ListItem\",\"position\":2,\"name\":\"El gobierno de Rio Negro avanza en los preparativos para el eclipse solar total en diciembre\"}]},{\"@type\":\"WebSite\",\"@id\":\"https:\\\/\\\/patagoniambiental.com.ar\\\/info\\\/#website\",\"url\":\"https:\\\/\\\/patagoniambiental.com.ar\\\/info\\\/\",\"name\":\"Patagonia Ambiental\",\"description\":\"Monitoreo y an\u00e1lisis de la situaci\u00f3n geopol\u00edtica en el mundo y su implicancia en la Patagonia\",\"publisher\":{\"@id\":\"https:\\\/\\\/patagoniambiental.com.ar\\\/info\\\/#organization\"},\"potentialAction\":[{\"@type\":\"SearchAction\",\"target\":{\"@type\":\"EntryPoint\",\"urlTemplate\":\"https:\\\/\\\/patagoniambiental.com.ar\\\/info\\\/?s={search_term_string}\"},\"query-input\":{\"@type\":\"PropertyValueSpecification\",\"valueRequired\":true,\"valueName\":\"search_term_string\"}}],\"inLanguage\":\"es\"},{\"@type\":\"Organization\",\"@id\":\"https:\\\/\\\/patagoniambiental.com.ar\\\/info\\\/#organization\",\"name\":\"Patagonia Ambiental\",\"url\":\"https:\\\/\\\/patagoniambiental.com.ar\\\/info\\\/\",\"logo\":{\"@type\":\"ImageObject\",\"inLanguage\":\"es\",\"@id\":\"https:\\\/\\\/patagoniambiental.com.ar\\\/info\\\/#\\\/schema\\\/logo\\\/image\\\/\",\"url\":\"https:\\\/\\\/patagoniambiental.com.ar\\\/info\\\/wp-content\\\/uploads\\\/2025\\\/05\\\/LOGO-PATAGONIA-AMBIENTAL.png\",\"contentUrl\":\"https:\\\/\\\/patagoniambiental.com.ar\\\/info\\\/wp-content\\\/uploads\\\/2025\\\/05\\\/LOGO-PATAGONIA-AMBIENTAL.png\",\"width\":433,\"height\":250,\"caption\":\"Patagonia Ambiental\"},\"image\":{\"@id\":\"https:\\\/\\\/patagoniambiental.com.ar\\\/info\\\/#\\\/schema\\\/logo\\\/image\\\/\"},\"sameAs\":[\"https:\\\/\\\/www.facebook.com\\\/patagonia.ambiental\",\"https:\\\/\\\/x.com\\\/PatAmb\"]},{\"@type\":\"Person\",\"@id\":\"https:\\\/\\\/patagoniambiental.com.ar\\\/info\\\/#\\\/schema\\\/person\\\/e5af09d700b2e82cb10c6b8800e0c691\",\"name\":\"BRAIAN ESTEVEZ\",\"sameAs\":[\"http:\\\/\\\/www.patagoniambiental.com.ar\"]}]}<\/script>\n<!-- \/ Yoast SEO Premium plugin. -->","yoast_head_json":{"title":"El gobierno de Rio Negro avanza en los preparativos para el eclipse solar total en diciembre","robots":{"index":"index","follow":"follow","max-snippet":"max-snippet:-1","max-image-preview":"max-image-preview:large","max-video-preview":"max-video-preview:-1"},"canonical":"https:\/\/patagoniambiental.com.ar\/info\/el-gobierno-de-rio-negro-avanza-en-los-preparativos-para-el-eclipse-solar-total-en-diciembre\/","og_locale":"es_ES","og_type":"article","og_title":"El gobierno de Rio Negro avanza en los preparativos para el eclipse solar total en diciembre","og_description":"Viedma.-Con vistas al eclipse total de sol 2020, contin\u00faa la planificaci\u00f3n de actividades tendientes a potenciar el desarrollo tur\u00edstico en [&hellip;]","og_url":"https:\/\/patagoniambiental.com.ar\/info\/el-gobierno-de-rio-negro-avanza-en-los-preparativos-para-el-eclipse-solar-total-en-diciembre\/","og_site_name":"Patagonia Ambiental","article_publisher":"https:\/\/www.facebook.com\/patagonia.ambiental","article_published_time":"2020-01-16T10:00:42+00:00","article_modified_time":"2020-01-16T15:53:48+00:00","og_image":[{"width":462,"height":308,"url":"https:\/\/patagoniambiental.com.ar\/info\/wp-content\/uploads\/2020\/01\/00047093.jpg","type":"image\/jpeg"}],"author":"BRAIAN ESTEVEZ","twitter_card":"summary_large_image","twitter_creator":"@PatAmb","twitter_site":"@PatAmb","schema":{"@context":"https:\/\/schema.org","@graph":[{"@type":"Article","@id":"https:\/\/patagoniambiental.com.ar\/info\/el-gobierno-de-rio-negro-avanza-en-los-preparativos-para-el-eclipse-solar-total-en-diciembre\/#article","isPartOf":{"@id":"https:\/\/patagoniambiental.com.ar\/info\/el-gobierno-de-rio-negro-avanza-en-los-preparativos-para-el-eclipse-solar-total-en-diciembre\/"},"author":{"name":"BRAIAN ESTEVEZ","@id":"https:\/\/patagoniambiental.com.ar\/info\/#\/schema\/person\/e5af09d700b2e82cb10c6b8800e0c691"},"headline":"El gobierno de Rio Negro avanza en los preparativos para el eclipse solar total en diciembre","datePublished":"2020-01-16T10:00:42+00:00","dateModified":"2020-01-16T15:53:48+00:00","mainEntityOfPage":{"@id":"https:\/\/patagoniambiental.com.ar\/info\/el-gobierno-de-rio-negro-avanza-en-los-preparativos-para-el-eclipse-solar-total-en-diciembre\/"},"wordCount":311,"commentCount":0,"publisher":{"@id":"https:\/\/patagoniambiental.com.ar\/info\/#organization"},"image":{"@id":"https:\/\/patagoniambiental.com.ar\/info\/el-gobierno-de-rio-negro-avanza-en-los-preparativos-para-el-eclipse-solar-total-en-diciembre\/#primaryimage"},"thumbnailUrl":"https:\/\/patagoniambiental.com.ar\/info\/wp-content\/uploads\/2020\/01\/00047093.jpg","articleSection":["Bolet\u00edn","Noticias","Provinciales","R\u00edo Negro","Rotador"],"inLanguage":"es","potentialAction":[{"@type":"CommentAction","name":"Comment","target":["https:\/\/patagoniambiental.com.ar\/info\/el-gobierno-de-rio-negro-avanza-en-los-preparativos-para-el-eclipse-solar-total-en-diciembre\/#respond"]}]},{"@type":"WebPage","@id":"https:\/\/patagoniambiental.com.ar\/info\/el-gobierno-de-rio-negro-avanza-en-los-preparativos-para-el-eclipse-solar-total-en-diciembre\/","url":"https:\/\/patagoniambiental.com.ar\/info\/el-gobierno-de-rio-negro-avanza-en-los-preparativos-para-el-eclipse-solar-total-en-diciembre\/","name":"El gobierno de Rio Negro avanza en los preparativos para el eclipse solar total en diciembre","isPartOf":{"@id":"https:\/\/patagoniambiental.com.ar\/info\/#website"},"primaryImageOfPage":{"@id":"https:\/\/patagoniambiental.com.ar\/info\/el-gobierno-de-rio-negro-avanza-en-los-preparativos-para-el-eclipse-solar-total-en-diciembre\/#primaryimage"},"image":{"@id":"https:\/\/patagoniambiental.com.ar\/info\/el-gobierno-de-rio-negro-avanza-en-los-preparativos-para-el-eclipse-solar-total-en-diciembre\/#primaryimage"},"thumbnailUrl":"https:\/\/patagoniambiental.com.ar\/info\/wp-content\/uploads\/2020\/01\/00047093.jpg","datePublished":"2020-01-16T10:00:42+00:00","dateModified":"2020-01-16T15:53:48+00:00","breadcrumb":{"@id":"https:\/\/patagoniambiental.com.ar\/info\/el-gobierno-de-rio-negro-avanza-en-los-preparativos-para-el-eclipse-solar-total-en-diciembre\/#breadcrumb"},"inLanguage":"es","potentialAction":[{"@type":"ReadAction","target":["https:\/\/patagoniambiental.com.ar\/info\/el-gobierno-de-rio-negro-avanza-en-los-preparativos-para-el-eclipse-solar-total-en-diciembre\/"]}]},{"@type":"ImageObject","inLanguage":"es","@id":"https:\/\/patagoniambiental.com.ar\/info\/el-gobierno-de-rio-negro-avanza-en-los-preparativos-para-el-eclipse-solar-total-en-diciembre\/#primaryimage","url":"https:\/\/patagoniambiental.com.ar\/info\/wp-content\/uploads\/2020\/01\/00047093.jpg","contentUrl":"https:\/\/patagoniambiental.com.ar\/info\/wp-content\/uploads\/2020\/01\/00047093.jpg","width":462,"height":308},{"@type":"BreadcrumbList","@id":"https:\/\/patagoniambiental.com.ar\/info\/el-gobierno-de-rio-negro-avanza-en-los-preparativos-para-el-eclipse-solar-total-en-diciembre\/#breadcrumb","itemListElement":[{"@type":"ListItem","position":1,"name":"Inicio","item":"https:\/\/patagoniambiental.com.ar\/info\/"},{"@type":"ListItem","position":2,"name":"El gobierno de Rio Negro avanza en los preparativos para el eclipse solar total en diciembre"}]},{"@type":"WebSite","@id":"https:\/\/patagoniambiental.com.ar\/info\/#website","url":"https:\/\/patagoniambiental.com.ar\/info\/","name":"Patagonia Ambiental","description":"Monitoreo y an\u00e1lisis de la situaci\u00f3n geopol\u00edtica en el mundo y su implicancia en la Patagonia","publisher":{"@id":"https:\/\/patagoniambiental.com.ar\/info\/#organization"},"potentialAction":[{"@type":"SearchAction","target":{"@type":"EntryPoint","urlTemplate":"https:\/\/patagoniambiental.com.ar\/info\/?s={search_term_string}"},"query-input":{"@type":"PropertyValueSpecification","valueRequired":true,"valueName":"search_term_string"}}],"inLanguage":"es"},{"@type":"Organization","@id":"https:\/\/patagoniambiental.com.ar\/info\/#organization","name":"Patagonia Ambiental","url":"https:\/\/patagoniambiental.com.ar\/info\/","logo":{"@type":"ImageObject","inLanguage":"es","@id":"https:\/\/patagoniambiental.com.ar\/info\/#\/schema\/logo\/image\/","url":"https:\/\/patagoniambiental.com.ar\/info\/wp-content\/uploads\/2025\/05\/LOGO-PATAGONIA-AMBIENTAL.png","contentUrl":"https:\/\/patagoniambiental.com.ar\/info\/wp-content\/uploads\/2025\/05\/LOGO-PATAGONIA-AMBIENTAL.png","width":433,"height":250,"caption":"Patagonia Ambiental"},"image":{"@id":"https:\/\/patagoniambiental.com.ar\/info\/#\/schema\/logo\/image\/"},"sameAs":["https:\/\/www.facebook.com\/patagonia.ambiental","https:\/\/x.com\/PatAmb"]},{"@type":"Person","@id":"https:\/\/patagoniambiental.com.ar\/info\/#\/schema\/person\/e5af09d700b2e82cb10c6b8800e0c691","name":"BRAIAN ESTEVEZ","sameAs":["http:\/\/www.patagoniambiental.com.ar"]}]}},"_links":{"self":[{"href":"https:\/\/patagoniambiental.com.ar\/info\/wp-json\/wp\/v2\/posts\/64919","targetHints":{"allow":["GET"]}}],"collection":[{"href":"https:\/\/patagoniambiental.com.ar\/info\/wp-json\/wp\/v2\/posts"}],"about":[{"href":"https:\/\/patagoniambiental.com.ar\/info\/wp-json\/wp\/v2\/types\/post"}],"author":[{"embeddable":true,"href":"https:\/\/patagoniambiental.com.ar\/info\/wp-json\/wp\/v2\/users\/6"}],"replies":[{"embeddable":true,"href":"https:\/\/patagoniambiental.com.ar\/info\/wp-json\/wp\/v2\/comments?post=64919"}],"version-history":[{"count":0,"href":"https:\/\/patagoniambiental.com.ar\/info\/wp-json\/wp\/v2\/posts\/64919\/revisions"}],"wp:featuredmedia":[{"embeddable":true,"href":"https:\/\/patagoniambiental.com.ar\/info\/wp-json\/wp\/v2\/media\/64920"}],"wp:attachment":[{"href":"https:\/\/patagoniambiental.com.ar\/info\/wp-json\/wp\/v2\/media?parent=64919"}],"wp:term":[{"taxonomy":"category","embeddable":true,"href":"https:\/\/patagoniambiental.com.ar\/info\/wp-json\/wp\/v2\/categories?post=64919"},{"taxonomy":"post_tag","embeddable":true,"href":"https:\/\/patagoniambiental.com.ar\/info\/wp-json\/wp\/v2\/tags?post=64919"}],"curies":[{"name":"wp","href":"https:\/\/api.w.org\/{rel}","templated":true}]}}