{"id":65300,"date":"2020-02-23T07:00:04","date_gmt":"2020-02-23T10:00:04","guid":{"rendered":"http:\/\/patagoniambiental.com.ar\/info\/?p=65300"},"modified":"2020-02-20T12:54:23","modified_gmt":"2020-02-20T15:54:23","slug":"astroturismo-el-eclipse-solar-2020-en-villa-la-angostura-sera-del-9725","status":"publish","type":"post","link":"https:\/\/patagoniambiental.com.ar\/info\/astroturismo-el-eclipse-solar-2020-en-villa-la-angostura-sera-del-9725\/","title":{"rendered":"ASTROTURISMO  El eclipse solar 2020 en Villa la Angostura ser\u00e1 del 97,25%"},"content":{"rendered":"<p style=\"font-weight: 400;\">Villa la Angostura.-En esta bell\u00edsima localidad de Neuqu\u00e9n, que se gan\u00f3 el apodo de \u201cJard\u00edn de la Patagonia\u201d y se encuentra a solo 150 km de la zona donde el eclipse se ver\u00e1 total, el Sol ser\u00e1 eclipsado en un m\u00e1ximo del 97,25% por la Luna. All\u00ed el eclipse iniciar\u00e1 a las 11:44:11,5 segundos en tanto que a las 13:06:28,0 el Sol estar\u00e1 eclipsado en su mayor porci\u00f3n que ser\u00e1 del 97,25% y, a las 14:32:31,2 segundos, culminar\u00e1.<\/p>\n<p><!--more--><\/p>\n<p>Escribe: Juli\u00e1n Akira<\/p>\n<p>\u2026\u2026\u2026\u2026\u2026\u2026..\u2026\u2026&#8230;<\/p>\n<p>As\u00ed mismo los especialistas del sitio oficial EclipseSolar2020.Org agregaron que, si bien esta comuna cordillerana no se encuentra dentro de la zona geogr\u00e1fica desde donde el Sol se ver\u00e1 un 100% eclipsado por la Luna, la cercan\u00eda a la zona de totalidad que tiene Villa la Angostura har\u00e1 evidentemente que sea uno de los lugares elegidos para albergar a parte de los millares de astro turistas que el 14 de diciembre llegaran a la Patagonia para presenciar el fen\u00f3meno celeste.<\/p>\n<p>Para saber c\u00f3mo ser vera el eclipse solar de fin de a\u00f1o en otros municipios de la provincia de Neuqu\u00e9n se puede ingresar al Sitio Oficial\u00a0<a href=\"http:\/\/www.eclipsesolar2020.org\/\" data-saferedirecturl=\"https:\/\/www.google.com\/url?q=http:\/\/www.EclipseSolar2020.Org&amp;source=gmail&amp;ust=1582300259657000&amp;usg=AFQjCNEow-KylA6zQQatKAbHX-ti398fXA\">www.EclipseSolar2020.Org<\/a><\/p>\n<p>Fuente: EclipseSolar2020.org<\/p>\n","protected":false},"excerpt":{"rendered":"<p>Villa la Angostura.-En esta bell\u00edsima localidad de Neuqu\u00e9n, que se gan\u00f3 el apodo de \u201cJard\u00edn de la Patagonia\u201d y se [&hellip;]<\/p>\n","protected":false},"author":6,"featured_media":65301,"comment_status":"open","ping_status":"open","sticky":false,"template":"","format":"standard","meta":{"site-sidebar-layout":"default","site-content-layout":"","ast-site-content-layout":"default","site-content-style":"default","site-sidebar-style":"default","ast-global-header-display":"","ast-banner-title-visibility":"","ast-main-header-display":"","ast-hfb-above-header-display":"","ast-hfb-below-header-display":"","ast-hfb-mobile-header-display":"","site-post-title":"","ast-breadcrumbs-content":"","ast-featured-img":"","footer-sml-layout":"","ast-disable-related-posts":"","theme-transparent-header-meta":"","adv-header-id-meta":"","stick-header-meta":"","header-above-stick-meta":"","header-main-stick-meta":"","header-below-stick-meta":"","astra-migrate-meta-layouts":"default","ast-page-background-enabled":"default","ast-page-background-meta":{"desktop":{"background-color":"var(--ast-global-color-5)","background-image":"","background-repeat":"repeat","background-position":"center center","background-size":"auto","background-attachment":"scroll","background-type":"","background-media":"","overlay-type":"","overlay-color":"","overlay-opacity":"","overlay-gradient":""},"tablet":{"background-color":"","background-image":"","background-repeat":"repeat","background-position":"center center","background-size":"auto","background-attachment":"scroll","background-type":"","background-media":"","overlay-type":"","overlay-color":"","overlay-opacity":"","overlay-gradient":""},"mobile":{"background-color":"","background-image":"","background-repeat":"repeat","background-position":"center center","background-size":"auto","background-attachment":"scroll","background-type":"","background-media":"","overlay-type":"","overlay-color":"","overlay-opacity":"","overlay-gradient":""}},"ast-content-background-meta":{"desktop":{"background-color":"var(--ast-global-color-4)","background-image":"","background-repeat":"repeat","background-position":"center center","background-size":"auto","background-attachment":"scroll","background-type":"","background-media":"","overlay-type":"","overlay-color":"","overlay-opacity":"","overlay-gradient":""},"tablet":{"background-color":"var(--ast-global-color-4)","background-image":"","background-repeat":"repeat","background-position":"center center","background-size":"auto","background-attachment":"scroll","background-type":"","background-media":"","overlay-type":"","overlay-color":"","overlay-opacity":"","overlay-gradient":""},"mobile":{"background-color":"var(--ast-global-color-4)","background-image":"","background-repeat":"repeat","background-position":"center center","background-size":"auto","background-attachment":"scroll","background-type":"","background-media":"","overlay-type":"","overlay-color":"","overlay-opacity":"","overlay-gradient":""}},"footnotes":""},"categories":[11,1,27,10],"tags":[],"class_list":["post-65300","post","type-post","status-publish","format-standard","has-post-thumbnail","hentry","category-boletin","category-noticias","category-patagonia","category-rotador"],"yoast_head":"<!-- This site is optimized with the Yoast SEO Premium plugin v23.0 (Yoast SEO v27.5) - https:\/\/yoast.com\/product\/yoast-seo-premium-wordpress\/ -->\n<title>ASTROTURISMO El eclipse solar 2020 en Villa la Angostura ser\u00e1 del 97,25%<\/title>\n<meta name=\"robots\" content=\"index, follow, max-snippet:-1, max-image-preview:large, max-video-preview:-1\" \/>\n<link rel=\"canonical\" href=\"https:\/\/patagoniambiental.com.ar\/info\/astroturismo-el-eclipse-solar-2020-en-villa-la-angostura-sera-del-9725\/\" \/>\n<meta property=\"og:locale\" content=\"es_ES\" \/>\n<meta property=\"og:type\" content=\"article\" \/>\n<meta property=\"og:title\" content=\"ASTROTURISMO El eclipse solar 2020 en Villa la Angostura ser\u00e1 del 97,25%\" \/>\n<meta property=\"og:description\" content=\"Villa la Angostura.-En esta bell\u00edsima localidad de Neuqu\u00e9n, que se gan\u00f3 el apodo de \u201cJard\u00edn de la Patagonia\u201d y se [&hellip;]\" \/>\n<meta property=\"og:url\" content=\"https:\/\/patagoniambiental.com.ar\/info\/astroturismo-el-eclipse-solar-2020-en-villa-la-angostura-sera-del-9725\/\" \/>\n<meta property=\"og:site_name\" content=\"Patagonia Ambiental\" \/>\n<meta property=\"article:publisher\" content=\"https:\/\/www.facebook.com\/patagonia.ambiental\" \/>\n<meta property=\"article:published_time\" content=\"2020-02-23T10:00:04+00:00\" \/>\n<meta property=\"og:image\" content=\"https:\/\/patagoniambiental.com.ar\/info\/wp-content\/uploads\/2020\/02\/Sin-t\u00edtulo-7.jpg\" \/>\n\t<meta property=\"og:image:width\" content=\"919\" \/>\n\t<meta property=\"og:image:height\" content=\"375\" \/>\n\t<meta property=\"og:image:type\" content=\"image\/jpeg\" \/>\n<meta name=\"author\" content=\"BRAIAN ESTEVEZ\" \/>\n<meta name=\"twitter:card\" content=\"summary_large_image\" \/>\n<meta name=\"twitter:creator\" content=\"@PatAmb\" \/>\n<meta name=\"twitter:site\" content=\"@PatAmb\" \/>\n<script type=\"application\/ld+json\" class=\"yoast-schema-graph\">{\"@context\":\"https:\\\/\\\/schema.org\",\"@graph\":[{\"@type\":\"Article\",\"@id\":\"https:\\\/\\\/patagoniambiental.com.ar\\\/info\\\/astroturismo-el-eclipse-solar-2020-en-villa-la-angostura-sera-del-9725\\\/#article\",\"isPartOf\":{\"@id\":\"https:\\\/\\\/patagoniambiental.com.ar\\\/info\\\/astroturismo-el-eclipse-solar-2020-en-villa-la-angostura-sera-del-9725\\\/\"},\"author\":{\"name\":\"BRAIAN ESTEVEZ\",\"@id\":\"https:\\\/\\\/patagoniambiental.com.ar\\\/info\\\/#\\\/schema\\\/person\\\/e5af09d700b2e82cb10c6b8800e0c691\"},\"headline\":\"ASTROTURISMO El eclipse solar 2020 en Villa la Angostura ser\u00e1 del 97,25%\",\"datePublished\":\"2020-02-23T10:00:04+00:00\",\"mainEntityOfPage\":{\"@id\":\"https:\\\/\\\/patagoniambiental.com.ar\\\/info\\\/astroturismo-el-eclipse-solar-2020-en-villa-la-angostura-sera-del-9725\\\/\"},\"wordCount\":209,\"commentCount\":0,\"publisher\":{\"@id\":\"https:\\\/\\\/patagoniambiental.com.ar\\\/info\\\/#organization\"},\"image\":{\"@id\":\"https:\\\/\\\/patagoniambiental.com.ar\\\/info\\\/astroturismo-el-eclipse-solar-2020-en-villa-la-angostura-sera-del-9725\\\/#primaryimage\"},\"thumbnailUrl\":\"https:\\\/\\\/patagoniambiental.com.ar\\\/info\\\/wp-content\\\/uploads\\\/2020\\\/02\\\/Sin-t\u00edtulo-7.jpg\",\"articleSection\":[\"Bolet\u00edn\",\"Noticias\",\"Patagonia\",\"Rotador\"],\"inLanguage\":\"es\",\"potentialAction\":[{\"@type\":\"CommentAction\",\"name\":\"Comment\",\"target\":[\"https:\\\/\\\/patagoniambiental.com.ar\\\/info\\\/astroturismo-el-eclipse-solar-2020-en-villa-la-angostura-sera-del-9725\\\/#respond\"]}]},{\"@type\":\"WebPage\",\"@id\":\"https:\\\/\\\/patagoniambiental.com.ar\\\/info\\\/astroturismo-el-eclipse-solar-2020-en-villa-la-angostura-sera-del-9725\\\/\",\"url\":\"https:\\\/\\\/patagoniambiental.com.ar\\\/info\\\/astroturismo-el-eclipse-solar-2020-en-villa-la-angostura-sera-del-9725\\\/\",\"name\":\"ASTROTURISMO El eclipse solar 2020 en Villa la Angostura ser\u00e1 del 97,25%\",\"isPartOf\":{\"@id\":\"https:\\\/\\\/patagoniambiental.com.ar\\\/info\\\/#website\"},\"primaryImageOfPage\":{\"@id\":\"https:\\\/\\\/patagoniambiental.com.ar\\\/info\\\/astroturismo-el-eclipse-solar-2020-en-villa-la-angostura-sera-del-9725\\\/#primaryimage\"},\"image\":{\"@id\":\"https:\\\/\\\/patagoniambiental.com.ar\\\/info\\\/astroturismo-el-eclipse-solar-2020-en-villa-la-angostura-sera-del-9725\\\/#primaryimage\"},\"thumbnailUrl\":\"https:\\\/\\\/patagoniambiental.com.ar\\\/info\\\/wp-content\\\/uploads\\\/2020\\\/02\\\/Sin-t\u00edtulo-7.jpg\",\"datePublished\":\"2020-02-23T10:00:04+00:00\",\"breadcrumb\":{\"@id\":\"https:\\\/\\\/patagoniambiental.com.ar\\\/info\\\/astroturismo-el-eclipse-solar-2020-en-villa-la-angostura-sera-del-9725\\\/#breadcrumb\"},\"inLanguage\":\"es\",\"potentialAction\":[{\"@type\":\"ReadAction\",\"target\":[\"https:\\\/\\\/patagoniambiental.com.ar\\\/info\\\/astroturismo-el-eclipse-solar-2020-en-villa-la-angostura-sera-del-9725\\\/\"]}]},{\"@type\":\"ImageObject\",\"inLanguage\":\"es\",\"@id\":\"https:\\\/\\\/patagoniambiental.com.ar\\\/info\\\/astroturismo-el-eclipse-solar-2020-en-villa-la-angostura-sera-del-9725\\\/#primaryimage\",\"url\":\"https:\\\/\\\/patagoniambiental.com.ar\\\/info\\\/wp-content\\\/uploads\\\/2020\\\/02\\\/Sin-t\u00edtulo-7.jpg\",\"contentUrl\":\"https:\\\/\\\/patagoniambiental.com.ar\\\/info\\\/wp-content\\\/uploads\\\/2020\\\/02\\\/Sin-t\u00edtulo-7.jpg\",\"width\":919,\"height\":375},{\"@type\":\"BreadcrumbList\",\"@id\":\"https:\\\/\\\/patagoniambiental.com.ar\\\/info\\\/astroturismo-el-eclipse-solar-2020-en-villa-la-angostura-sera-del-9725\\\/#breadcrumb\",\"itemListElement\":[{\"@type\":\"ListItem\",\"position\":1,\"name\":\"Inicio\",\"item\":\"https:\\\/\\\/patagoniambiental.com.ar\\\/info\\\/\"},{\"@type\":\"ListItem\",\"position\":2,\"name\":\"ASTROTURISMO El eclipse solar 2020 en Villa la Angostura ser\u00e1 del 97,25%\"}]},{\"@type\":\"WebSite\",\"@id\":\"https:\\\/\\\/patagoniambiental.com.ar\\\/info\\\/#website\",\"url\":\"https:\\\/\\\/patagoniambiental.com.ar\\\/info\\\/\",\"name\":\"Patagonia Ambiental\",\"description\":\"Monitoreo y an\u00e1lisis de la situaci\u00f3n geopol\u00edtica en el mundo y su implicancia en la Patagonia\",\"publisher\":{\"@id\":\"https:\\\/\\\/patagoniambiental.com.ar\\\/info\\\/#organization\"},\"potentialAction\":[{\"@type\":\"SearchAction\",\"target\":{\"@type\":\"EntryPoint\",\"urlTemplate\":\"https:\\\/\\\/patagoniambiental.com.ar\\\/info\\\/?s={search_term_string}\"},\"query-input\":{\"@type\":\"PropertyValueSpecification\",\"valueRequired\":true,\"valueName\":\"search_term_string\"}}],\"inLanguage\":\"es\"},{\"@type\":\"Organization\",\"@id\":\"https:\\\/\\\/patagoniambiental.com.ar\\\/info\\\/#organization\",\"name\":\"Patagonia Ambiental\",\"url\":\"https:\\\/\\\/patagoniambiental.com.ar\\\/info\\\/\",\"logo\":{\"@type\":\"ImageObject\",\"inLanguage\":\"es\",\"@id\":\"https:\\\/\\\/patagoniambiental.com.ar\\\/info\\\/#\\\/schema\\\/logo\\\/image\\\/\",\"url\":\"https:\\\/\\\/patagoniambiental.com.ar\\\/info\\\/wp-content\\\/uploads\\\/2025\\\/05\\\/LOGO-PATAGONIA-AMBIENTAL.png\",\"contentUrl\":\"https:\\\/\\\/patagoniambiental.com.ar\\\/info\\\/wp-content\\\/uploads\\\/2025\\\/05\\\/LOGO-PATAGONIA-AMBIENTAL.png\",\"width\":433,\"height\":250,\"caption\":\"Patagonia Ambiental\"},\"image\":{\"@id\":\"https:\\\/\\\/patagoniambiental.com.ar\\\/info\\\/#\\\/schema\\\/logo\\\/image\\\/\"},\"sameAs\":[\"https:\\\/\\\/www.facebook.com\\\/patagonia.ambiental\",\"https:\\\/\\\/x.com\\\/PatAmb\"]},{\"@type\":\"Person\",\"@id\":\"https:\\\/\\\/patagoniambiental.com.ar\\\/info\\\/#\\\/schema\\\/person\\\/e5af09d700b2e82cb10c6b8800e0c691\",\"name\":\"BRAIAN ESTEVEZ\",\"sameAs\":[\"http:\\\/\\\/www.patagoniambiental.com.ar\"]}]}<\/script>\n<!-- \/ Yoast SEO Premium plugin. -->","yoast_head_json":{"title":"ASTROTURISMO El eclipse solar 2020 en Villa la Angostura ser\u00e1 del 97,25%","robots":{"index":"index","follow":"follow","max-snippet":"max-snippet:-1","max-image-preview":"max-image-preview:large","max-video-preview":"max-video-preview:-1"},"canonical":"https:\/\/patagoniambiental.com.ar\/info\/astroturismo-el-eclipse-solar-2020-en-villa-la-angostura-sera-del-9725\/","og_locale":"es_ES","og_type":"article","og_title":"ASTROTURISMO El eclipse solar 2020 en Villa la Angostura ser\u00e1 del 97,25%","og_description":"Villa la Angostura.-En esta bell\u00edsima localidad de Neuqu\u00e9n, que se gan\u00f3 el apodo de \u201cJard\u00edn de la Patagonia\u201d y se [&hellip;]","og_url":"https:\/\/patagoniambiental.com.ar\/info\/astroturismo-el-eclipse-solar-2020-en-villa-la-angostura-sera-del-9725\/","og_site_name":"Patagonia Ambiental","article_publisher":"https:\/\/www.facebook.com\/patagonia.ambiental","article_published_time":"2020-02-23T10:00:04+00:00","og_image":[{"width":919,"height":375,"url":"https:\/\/patagoniambiental.com.ar\/info\/wp-content\/uploads\/2020\/02\/Sin-t\u00edtulo-7.jpg","type":"image\/jpeg"}],"author":"BRAIAN ESTEVEZ","twitter_card":"summary_large_image","twitter_creator":"@PatAmb","twitter_site":"@PatAmb","schema":{"@context":"https:\/\/schema.org","@graph":[{"@type":"Article","@id":"https:\/\/patagoniambiental.com.ar\/info\/astroturismo-el-eclipse-solar-2020-en-villa-la-angostura-sera-del-9725\/#article","isPartOf":{"@id":"https:\/\/patagoniambiental.com.ar\/info\/astroturismo-el-eclipse-solar-2020-en-villa-la-angostura-sera-del-9725\/"},"author":{"name":"BRAIAN ESTEVEZ","@id":"https:\/\/patagoniambiental.com.ar\/info\/#\/schema\/person\/e5af09d700b2e82cb10c6b8800e0c691"},"headline":"ASTROTURISMO El eclipse solar 2020 en Villa la Angostura ser\u00e1 del 97,25%","datePublished":"2020-02-23T10:00:04+00:00","mainEntityOfPage":{"@id":"https:\/\/patagoniambiental.com.ar\/info\/astroturismo-el-eclipse-solar-2020-en-villa-la-angostura-sera-del-9725\/"},"wordCount":209,"commentCount":0,"publisher":{"@id":"https:\/\/patagoniambiental.com.ar\/info\/#organization"},"image":{"@id":"https:\/\/patagoniambiental.com.ar\/info\/astroturismo-el-eclipse-solar-2020-en-villa-la-angostura-sera-del-9725\/#primaryimage"},"thumbnailUrl":"https:\/\/patagoniambiental.com.ar\/info\/wp-content\/uploads\/2020\/02\/Sin-t\u00edtulo-7.jpg","articleSection":["Bolet\u00edn","Noticias","Patagonia","Rotador"],"inLanguage":"es","potentialAction":[{"@type":"CommentAction","name":"Comment","target":["https:\/\/patagoniambiental.com.ar\/info\/astroturismo-el-eclipse-solar-2020-en-villa-la-angostura-sera-del-9725\/#respond"]}]},{"@type":"WebPage","@id":"https:\/\/patagoniambiental.com.ar\/info\/astroturismo-el-eclipse-solar-2020-en-villa-la-angostura-sera-del-9725\/","url":"https:\/\/patagoniambiental.com.ar\/info\/astroturismo-el-eclipse-solar-2020-en-villa-la-angostura-sera-del-9725\/","name":"ASTROTURISMO El eclipse solar 2020 en Villa la Angostura ser\u00e1 del 97,25%","isPartOf":{"@id":"https:\/\/patagoniambiental.com.ar\/info\/#website"},"primaryImageOfPage":{"@id":"https:\/\/patagoniambiental.com.ar\/info\/astroturismo-el-eclipse-solar-2020-en-villa-la-angostura-sera-del-9725\/#primaryimage"},"image":{"@id":"https:\/\/patagoniambiental.com.ar\/info\/astroturismo-el-eclipse-solar-2020-en-villa-la-angostura-sera-del-9725\/#primaryimage"},"thumbnailUrl":"https:\/\/patagoniambiental.com.ar\/info\/wp-content\/uploads\/2020\/02\/Sin-t\u00edtulo-7.jpg","datePublished":"2020-02-23T10:00:04+00:00","breadcrumb":{"@id":"https:\/\/patagoniambiental.com.ar\/info\/astroturismo-el-eclipse-solar-2020-en-villa-la-angostura-sera-del-9725\/#breadcrumb"},"inLanguage":"es","potentialAction":[{"@type":"ReadAction","target":["https:\/\/patagoniambiental.com.ar\/info\/astroturismo-el-eclipse-solar-2020-en-villa-la-angostura-sera-del-9725\/"]}]},{"@type":"ImageObject","inLanguage":"es","@id":"https:\/\/patagoniambiental.com.ar\/info\/astroturismo-el-eclipse-solar-2020-en-villa-la-angostura-sera-del-9725\/#primaryimage","url":"https:\/\/patagoniambiental.com.ar\/info\/wp-content\/uploads\/2020\/02\/Sin-t\u00edtulo-7.jpg","contentUrl":"https:\/\/patagoniambiental.com.ar\/info\/wp-content\/uploads\/2020\/02\/Sin-t\u00edtulo-7.jpg","width":919,"height":375},{"@type":"BreadcrumbList","@id":"https:\/\/patagoniambiental.com.ar\/info\/astroturismo-el-eclipse-solar-2020-en-villa-la-angostura-sera-del-9725\/#breadcrumb","itemListElement":[{"@type":"ListItem","position":1,"name":"Inicio","item":"https:\/\/patagoniambiental.com.ar\/info\/"},{"@type":"ListItem","position":2,"name":"ASTROTURISMO El eclipse solar 2020 en Villa la Angostura ser\u00e1 del 97,25%"}]},{"@type":"WebSite","@id":"https:\/\/patagoniambiental.com.ar\/info\/#website","url":"https:\/\/patagoniambiental.com.ar\/info\/","name":"Patagonia Ambiental","description":"Monitoreo y an\u00e1lisis de la situaci\u00f3n geopol\u00edtica en el mundo y su implicancia en la Patagonia","publisher":{"@id":"https:\/\/patagoniambiental.com.ar\/info\/#organization"},"potentialAction":[{"@type":"SearchAction","target":{"@type":"EntryPoint","urlTemplate":"https:\/\/patagoniambiental.com.ar\/info\/?s={search_term_string}"},"query-input":{"@type":"PropertyValueSpecification","valueRequired":true,"valueName":"search_term_string"}}],"inLanguage":"es"},{"@type":"Organization","@id":"https:\/\/patagoniambiental.com.ar\/info\/#organization","name":"Patagonia Ambiental","url":"https:\/\/patagoniambiental.com.ar\/info\/","logo":{"@type":"ImageObject","inLanguage":"es","@id":"https:\/\/patagoniambiental.com.ar\/info\/#\/schema\/logo\/image\/","url":"https:\/\/patagoniambiental.com.ar\/info\/wp-content\/uploads\/2025\/05\/LOGO-PATAGONIA-AMBIENTAL.png","contentUrl":"https:\/\/patagoniambiental.com.ar\/info\/wp-content\/uploads\/2025\/05\/LOGO-PATAGONIA-AMBIENTAL.png","width":433,"height":250,"caption":"Patagonia Ambiental"},"image":{"@id":"https:\/\/patagoniambiental.com.ar\/info\/#\/schema\/logo\/image\/"},"sameAs":["https:\/\/www.facebook.com\/patagonia.ambiental","https:\/\/x.com\/PatAmb"]},{"@type":"Person","@id":"https:\/\/patagoniambiental.com.ar\/info\/#\/schema\/person\/e5af09d700b2e82cb10c6b8800e0c691","name":"BRAIAN ESTEVEZ","sameAs":["http:\/\/www.patagoniambiental.com.ar"]}]}},"_links":{"self":[{"href":"https:\/\/patagoniambiental.com.ar\/info\/wp-json\/wp\/v2\/posts\/65300","targetHints":{"allow":["GET"]}}],"collection":[{"href":"https:\/\/patagoniambiental.com.ar\/info\/wp-json\/wp\/v2\/posts"}],"about":[{"href":"https:\/\/patagoniambiental.com.ar\/info\/wp-json\/wp\/v2\/types\/post"}],"author":[{"embeddable":true,"href":"https:\/\/patagoniambiental.com.ar\/info\/wp-json\/wp\/v2\/users\/6"}],"replies":[{"embeddable":true,"href":"https:\/\/patagoniambiental.com.ar\/info\/wp-json\/wp\/v2\/comments?post=65300"}],"version-history":[{"count":0,"href":"https:\/\/patagoniambiental.com.ar\/info\/wp-json\/wp\/v2\/posts\/65300\/revisions"}],"wp:featuredmedia":[{"embeddable":true,"href":"https:\/\/patagoniambiental.com.ar\/info\/wp-json\/wp\/v2\/media\/65301"}],"wp:attachment":[{"href":"https:\/\/patagoniambiental.com.ar\/info\/wp-json\/wp\/v2\/media?parent=65300"}],"wp:term":[{"taxonomy":"category","embeddable":true,"href":"https:\/\/patagoniambiental.com.ar\/info\/wp-json\/wp\/v2\/categories?post=65300"},{"taxonomy":"post_tag","embeddable":true,"href":"https:\/\/patagoniambiental.com.ar\/info\/wp-json\/wp\/v2\/tags?post=65300"}],"curies":[{"name":"wp","href":"https:\/\/api.w.org\/{rel}","templated":true}]}}