{"id":65377,"date":"2020-02-26T19:00:37","date_gmt":"2020-02-26T22:00:37","guid":{"rendered":"http:\/\/patagoniambiental.com.ar\/info\/?p=65377"},"modified":"2020-02-26T10:26:00","modified_gmt":"2020-02-26T13:26:00","slug":"preguntas-frecuentes-sobre-el-eclipse-solar-del-14-de-diciembre-2020","status":"publish","type":"post","link":"https:\/\/patagoniambiental.com.ar\/info\/preguntas-frecuentes-sobre-el-eclipse-solar-del-14-de-diciembre-2020\/","title":{"rendered":"Preguntas frecuentes sobre el Eclipse solar del 14 de diciembre 2020"},"content":{"rendered":"<p><strong>\u00bfQu\u00e9 es EclipseSolar.org?<\/strong><\/p>\n<p>EclipseSolar2020.Org es la plataforma web del Planetario de San Luis Argentina creada para transmitir, en el marco del exitoso Programa Ciencia con la Gente, la informaci\u00f3n mas relevante y completa sobre el Eclipse Solar del 14 de diciembre de 2020 en Argentina y Chile\u00a0<a href=\"http:\/\/www.planetariodesanluis.org\/\">www.PlanetarioDeSanLuis.Org<\/a><\/p>\n<p>\u201cA fines de 2020 ocurrir\u00e1 uno de los fen\u00f3menos naturales mas impactantes para la humanidad de todo tiempo y lugar. Se trata de un eclipse solar cuya faja de umbra o sombra mas oscura, de miles de kil\u00f3metros de largo por tan solo unos 100 de ancho, permitir\u00e1 que los observadores situados en \u00e9se camino, que beneficiara a unas pocas localidades del centro sur de Chile y Argentina, sean testigos del espectacular momento en que el Sol es bloqueado 100% por la Luna. Las personas que est\u00e9n situadas geogr\u00e1ficamente al sur o al norte de \u00e9sa angosta faja tambi\u00e9n ver\u00e1n eclipsado al Sol pero solo en parte y, cuanto mas distantes de la faja se encuentren, el porcentaje bloqueado del Sol disminuir\u00e1. A su vez, quienes est\u00e9n todav\u00eda mas alejados, ver\u00e1n a la estrella solar sin ning\u00fan cambio\u201d<\/p>\n<p>Mart\u00edn Fern\u00e1ndez, Director del Planetario de San Luis<\/p>\n<p>&nbsp;<\/p>\n<p><strong><em>\u00bfCual es el camino de la sombra parcial o penumbra?<\/em><\/strong><\/p>\n<p><em>El eclipse se vera parcial en parte del Oc\u00e9ano Pac\u00edfico; una amplia regi\u00f3n de Sudam\u00e9rica; parte de la Ant\u00e1rtida; parte del Oc\u00e9ano Atl\u00e1ntico y parte de \u00c1frica<\/em><\/p>\n<p><strong><em>\u00bfCual es la ficha horaria del camino de la sombra total o umbra?<\/em><\/strong><\/p>\n<p>10:41:17.5\u00a0Inicia en el Oc\u00e9ano Pac\u00edfico Sur con direcci\u00f2n Oeste Este<br \/>\n11:37:54.3 t\u00a0Toca el continente Sudamericano en el Centro-Sur de Chile<br \/>\n11:42:02.4\u00a0Toca el territorio de Argentina en el Centro-Sur del pa\u00eds<br \/>\n11:59:56.1\u00a0Deja el territorio continental de Argentina e ingresa en el Oc\u00e9ano Atl\u00e1ntico<br \/>\n11:57:56.9\u00a0Finaliza en el Oc\u00e9ano Atl\u00e1ntico Sur cerca de las costas de \u00c1frica<\/p>\n<p>*Lunes 14 de diciembre de 2020 (Hora Oficial Argentina = UT + 3hs)<\/p>\n<p>&nbsp;<\/p>\n<p><strong>\u00bfC\u00f3mo ser\u00e1 el recorrido del eclipse total en Argentina?<\/strong><\/p>\n<p>EL ECLIPSE TOTAL CRUZARA EL NORTE DE LA PATAGONIA DE LA CORDILLERA DE LOS ANDES A LA COSTA ATLANTICA<\/p>\n<p>En Argentina la primer localidad que recibir\u00e1 la fase total ser\u00e1 al Oeste en Jun\u00edn de Los Andes Neuqu\u00e9n y la \u00faltima que lo ver\u00e1 al Este ser\u00e1 Balneario El Condor en R\u00edo Negro.<\/p>\n<p>As\u00ed mismo R\u00edo Negro tiene, a unos 20 km al Noroeste del pueblo de Sierra Colorada, el mejor punto geogr\u00e1fico del planeta para ver la Fase Total del Eclipse Solar 2020 debido a que all\u00ec su duraci\u00f3n, de 2m 0,97s ser\u00e1 la m\u00e1xima. Se trata de una zona agreste y deshabitada<\/p>\n<p>&nbsp;<\/p>\n<p><em><strong>\u00bfC\u00f3mo son las estad\u00edsticas del clima durante el ems del eclipse?<\/strong><\/em><\/p>\n<p>*En Jun\u00edn de los Andes diciembre es agradable, algo ventoso, seco y mayormente despejado<\/p>\n<p>*En Sierra Colorada diciembre es caluroso, bastante ventoso y mayormente despejado<\/p>\n<p>*En Las Grutas el clima semi\u00e1rido y en diciembre agradable con pocas precipitaciones<\/p>\n<p>&nbsp;<\/p>\n<p><em><strong>\u00bfC\u00f3mo es la ficha t\u00e9cnica del Eclipse total en las ciudades de Jun\u00edn de los Andes y Las Grutas?<\/strong><\/em><\/p>\n<p><em><br \/>\n<\/em>JUNIN DE LOS ANDES (Hora Arg)<br \/>\nInicio eclipse parcial: 11:43:49,7<br \/>\nInicio eclipse total: 13:06:16,8<br \/>\nMaximo eclipse total: 13:06:49,5<br \/>\nFin eclipse total: 13:07:22.3<br \/>\nDuraci\u00f3n eclipse total: 1m 05,6s<br \/>\nAltura del Sol m\u00e0ximo: 72,0 \u00ba<br \/>\nFin eclipse parcial: 14:33:35,4<\/p>\n<p><em><br \/>\n<\/em>LAS GRUTAS (Hora Arg)<br \/>\nInicio eclipse parcial: 11:54:56,7<br \/>\nInicio eclipse total: 13:18:40,2<br \/>\nMaximo eclipse total: 13:19:43,5<br \/>\nFin eclipse total: 13:20:46.8<br \/>\nDuraci\u00f3n eclipse total: 2m 06,6s<br \/>\nAltura del Sol m\u00e0ximo: 72,4 \u00ba<br \/>\nFin eclipse parcial: 14:45:40,7<\/p>\n<p><em><br \/>\n<\/em>BALNEARIO EL CONDOR (RIO NEGRO)<\/p>\n<p><em>Ser\u00e1 la \u00faltima localidad habitada del pa\u00eds y el continente en ver el Eclipse Total de Sol en tanto que desde su centro geogr\u00e1fico la fase total iniciar\u00e0 a las 13:24:31,7 (Hora Arg) y su duraci\u00f3n ser\u00e0 de 1m 49,2s<\/em><\/p>\n<p>&nbsp;<\/p>\n<p>&nbsp;<\/p>\n<p><em><strong>\u00bfCu\u00e1les son de este a oeste las localidades que ver\u00e1n el Eclipse Total de Sol?<\/strong><\/em><\/p>\n<p>De Oeste a Este las localidades que ver\u00e1n el Eclipse Total de Sol<\/p>\n<p>Neuqu\u00e9n:\u00a0Jun\u00edn de Los Andes &#8211; Malleo &#8211; Pilolil &#8211; Alumin\u00e9 &#8211; Estancia San Ignacio &#8211; Las Coloradas &#8211; Sa\u00f1ico &#8211; Estancia La Negra &#8211; Zaina Yegua &#8211; Piedra del Aguila &#8211; Bajada Colorada<\/p>\n<p>R\u00eco Negro:\u00a0Aguada de Guzm\u00e1n &#8211; Sierra Colorada &#8211; M. Ramos Mej\u00eda &#8211; Nahuel Niyeu &#8211; Musters &#8211; Valcheta &#8211; Aguada Cecilio &#8211; Mancha Blanca &#8211; Las Grutas &#8211; San Antonio Oeste &#8211; San Antonio Este &#8211; G.Lorenzo Vintter &#8211; Nuevo Le\u00f3n &#8211; Bah\u00eda Creek &#8211; G.Liborio Bernal &#8211; La Lober\u00eda &#8211;\u00a0*Viedma &#8211; El C\u00f3ndor<\/p>\n<p>*Viedma, el dato curioso: Solo una peque\u00f1\u00edsima zona urbana del sur de Viedma ver\u00e1 el Eclipse Total de Sol mientras que en su mayor parte, la zona norte de la localidad, ver\u00e1 un Eclipse Parcial<\/p>\n<p>Buenos Aires:\u00a0Una min\u00fascula zona rural del sur del Partido de Patagones, ubicada al Sureste de Viedma, ser\u00e1 el \u00fanico lugar de la provincia de Buenos Aires que ver\u00e1 la fase total del eclipse solar<\/p>\n<p>&nbsp;<\/p>\n<p><em><strong>\u00bfC\u00f3mo elijo la localifdad para ver el Eclipse total de Sol?<\/strong><\/em><\/p>\n<p>El momento mas impactante de un eclipse solar es cuando el Sol es 100% bloqueado por la Luna y \u00e8se suceso solamente se apreciara desde las localidades anteriormente indicadas<\/p>\n<p>Todas las localidades indicadas est\u00e0n dentro de los l\u00edmites de las l\u00edneas azules, como figura en el mapa de abajo y a su vez, cuanto m\u00e0s cerca se est\u00e8 de la l\u00ednea roja central, ser\u00e0 mayor la duraci\u00f3n de la totalidad<\/p>\n<p>El marcador globo magenta marca el punto de mayor duraci\u00f3n de tiempo del eclipse total a lo largo de todo su recorrido y, en el caso del eclipse del 14 de diciembre, ser\u00e1 de 2 minutos 09.7 segundos<\/p>\n<p>Fuera de esas l\u00edneas azules solo se ver\u00e0 un eclipse parcial y, la majestuosa corona solar y otros varios fen\u00f3menos naturales simult\u00e0neos que m\u00e0s abajo del sitio se mencionan, no se apreciaran<\/p>\n<p>Sin embargo, si la infraestructura de alojamientos de las localidades situadas dentro de las l\u00edneas azules colapsan, una buena opci\u00f3n es hospedarse en las siguientes ciudades, ya que son las mas cercanas:<\/p>\n<p>NEUQU\u00c9N:\u00a0San Mart\u00ecn de los Andes se encuentra a unos 40 kil\u00f2metros de distancia de la faja de totalidad<\/p>\n<p>RIO NEGRO, BUENOS AIRES:\u00a0Viedma-Carmen de Patagones\u00a0situada a pocos minutos de la faja de totalidad<\/p>\n<p>&nbsp;<\/p>\n<p>&nbsp;<\/p>\n<p><em><strong>\u00bfC\u00f3mo estar\u00e1 el clima el d\u00eda del Eclipse Solar en la localidad elegida para verlo?<\/strong><\/em><\/p>\n<p>La elecci\u00f3n de la localidad es primordial para ver el eclipse total desde la mejor ubicaci\u00f3n posible, pero otra consideraci\u00f3n, tambi\u00e9n muy importante, es el pronostico del tiempo para el d\u00eda del eclipse y los datos estad\u00edsticos del clima del lugar durante el mes de diciembre<\/p>\n<p>Como se dijo anteriormente, cuanto mas cerca se este de la l\u00ednea roja central que muestra el mapa, la fase total del eclipse total tendr\u00e1 mayor duraci\u00f3n de tiempo. Sin embargo es muy importante elegir una localidad con la mejor oportunidad de tener un cielo sin nubes, ya que es mejor ver un eclipse m\u00e1s corto en un cielo claro, que un eclipse m\u00e1s largo en un cielo cubierto<\/p>\n<p>A su vez es recomendable verificar el clima durante el d\u00eda previo al eclipse ya que el corto per\u00edodo de tiempo permitir\u00e1 una predicci\u00f3n meteorol\u00f3gica m\u00e1s precisa y, en caso que el clima no sea favorable para la localidad elegida, puede planificarse el traslado a una ubicaci\u00f3n alternativa<\/p>\n<p>Fuente:\u00a0http:\/\/www.eclipsesolar2020.org\/<\/p>\n","protected":false},"excerpt":{"rendered":"<p>\u00bfQu\u00e9 es EclipseSolar.org? EclipseSolar2020.Org es la plataforma web del Planetario de San Luis Argentina creada para transmitir, en el marco [&hellip;]<\/p>\n","protected":false},"author":6,"featured_media":65378,"comment_status":"open","ping_status":"open","sticky":false,"template":"","format":"standard","meta":{"site-sidebar-layout":"default","site-content-layout":"","ast-site-content-layout":"default","site-content-style":"default","site-sidebar-style":"default","ast-global-header-display":"","ast-banner-title-visibility":"","ast-main-header-display":"","ast-hfb-above-header-display":"","ast-hfb-below-header-display":"","ast-hfb-mobile-header-display":"","site-post-title":"","ast-breadcrumbs-content":"","ast-featured-img":"","footer-sml-layout":"","ast-disable-related-posts":"","theme-transparent-header-meta":"","adv-header-id-meta":"","stick-header-meta":"","header-above-stick-meta":"","header-main-stick-meta":"","header-below-stick-meta":"","astra-migrate-meta-layouts":"default","ast-page-background-enabled":"default","ast-page-background-meta":{"desktop":{"background-color":"var(--ast-global-color-5)","background-image":"","background-repeat":"repeat","background-position":"center center","background-size":"auto","background-attachment":"scroll","background-type":"","background-media":"","overlay-type":"","overlay-color":"","overlay-opacity":"","overlay-gradient":""},"tablet":{"background-color":"","background-image":"","background-repeat":"repeat","background-position":"center center","background-size":"auto","background-attachment":"scroll","background-type":"","background-media":"","overlay-type":"","overlay-color":"","overlay-opacity":"","overlay-gradient":""},"mobile":{"background-color":"","background-image":"","background-repeat":"repeat","background-position":"center center","background-size":"auto","background-attachment":"scroll","background-type":"","background-media":"","overlay-type":"","overlay-color":"","overlay-opacity":"","overlay-gradient":""}},"ast-content-background-meta":{"desktop":{"background-color":"var(--ast-global-color-4)","background-image":"","background-repeat":"repeat","background-position":"center center","background-size":"auto","background-attachment":"scroll","background-type":"","background-media":"","overlay-type":"","overlay-color":"","overlay-opacity":"","overlay-gradient":""},"tablet":{"background-color":"var(--ast-global-color-4)","background-image":"","background-repeat":"repeat","background-position":"center center","background-size":"auto","background-attachment":"scroll","background-type":"","background-media":"","overlay-type":"","overlay-color":"","overlay-opacity":"","overlay-gradient":""},"mobile":{"background-color":"var(--ast-global-color-4)","background-image":"","background-repeat":"repeat","background-position":"center center","background-size":"auto","background-attachment":"scroll","background-type":"","background-media":"","overlay-type":"","overlay-color":"","overlay-opacity":"","overlay-gradient":""}},"footnotes":""},"categories":[51,1],"tags":[],"class_list":["post-65377","post","type-post","status-publish","format-standard","has-post-thumbnail","hentry","category-entrevistas","category-noticias"],"yoast_head":"<!-- This site is optimized with the Yoast SEO Premium plugin v23.0 (Yoast SEO v27.5) - https:\/\/yoast.com\/product\/yoast-seo-premium-wordpress\/ -->\n<title>Preguntas frecuentes sobre el Eclipse solar del 14 de diciembre 2020<\/title>\n<meta name=\"robots\" content=\"index, follow, max-snippet:-1, max-image-preview:large, max-video-preview:-1\" \/>\n<link rel=\"canonical\" href=\"https:\/\/patagoniambiental.com.ar\/info\/preguntas-frecuentes-sobre-el-eclipse-solar-del-14-de-diciembre-2020\/\" \/>\n<meta property=\"og:locale\" content=\"es_ES\" \/>\n<meta property=\"og:type\" content=\"article\" \/>\n<meta property=\"og:title\" content=\"Preguntas frecuentes sobre el Eclipse solar del 14 de diciembre 2020\" \/>\n<meta property=\"og:description\" content=\"\u00bfQu\u00e9 es EclipseSolar.org? EclipseSolar2020.Org es la plataforma web del Planetario de San Luis Argentina creada para transmitir, en el marco [&hellip;]\" \/>\n<meta property=\"og:url\" content=\"https:\/\/patagoniambiental.com.ar\/info\/preguntas-frecuentes-sobre-el-eclipse-solar-del-14-de-diciembre-2020\/\" \/>\n<meta property=\"og:site_name\" content=\"Patagonia Ambiental\" \/>\n<meta property=\"article:publisher\" content=\"https:\/\/www.facebook.com\/patagonia.ambiental\" \/>\n<meta property=\"article:published_time\" content=\"2020-02-26T22:00:37+00:00\" \/>\n<meta property=\"og:image\" content=\"https:\/\/patagoniambiental.com.ar\/info\/wp-content\/uploads\/2020\/02\/banner-doble-izq.jpg\" \/>\n\t<meta property=\"og:image:width\" content=\"650\" \/>\n\t<meta property=\"og:image:height\" content=\"230\" \/>\n\t<meta property=\"og:image:type\" content=\"image\/jpeg\" \/>\n<meta name=\"author\" content=\"BRAIAN ESTEVEZ\" \/>\n<meta name=\"twitter:card\" content=\"summary_large_image\" \/>\n<meta name=\"twitter:creator\" content=\"@PatAmb\" \/>\n<meta name=\"twitter:site\" content=\"@PatAmb\" \/>\n<script type=\"application\/ld+json\" class=\"yoast-schema-graph\">{\"@context\":\"https:\\\/\\\/schema.org\",\"@graph\":[{\"@type\":\"Article\",\"@id\":\"https:\\\/\\\/patagoniambiental.com.ar\\\/info\\\/preguntas-frecuentes-sobre-el-eclipse-solar-del-14-de-diciembre-2020\\\/#article\",\"isPartOf\":{\"@id\":\"https:\\\/\\\/patagoniambiental.com.ar\\\/info\\\/preguntas-frecuentes-sobre-el-eclipse-solar-del-14-de-diciembre-2020\\\/\"},\"author\":{\"name\":\"BRAIAN ESTEVEZ\",\"@id\":\"https:\\\/\\\/patagoniambiental.com.ar\\\/info\\\/#\\\/schema\\\/person\\\/e5af09d700b2e82cb10c6b8800e0c691\"},\"headline\":\"Preguntas frecuentes sobre el Eclipse solar del 14 de diciembre 2020\",\"datePublished\":\"2020-02-26T22:00:37+00:00\",\"mainEntityOfPage\":{\"@id\":\"https:\\\/\\\/patagoniambiental.com.ar\\\/info\\\/preguntas-frecuentes-sobre-el-eclipse-solar-del-14-de-diciembre-2020\\\/\"},\"wordCount\":1291,\"commentCount\":0,\"publisher\":{\"@id\":\"https:\\\/\\\/patagoniambiental.com.ar\\\/info\\\/#organization\"},\"image\":{\"@id\":\"https:\\\/\\\/patagoniambiental.com.ar\\\/info\\\/preguntas-frecuentes-sobre-el-eclipse-solar-del-14-de-diciembre-2020\\\/#primaryimage\"},\"thumbnailUrl\":\"https:\\\/\\\/patagoniambiental.com.ar\\\/info\\\/wp-content\\\/uploads\\\/2020\\\/02\\\/banner-doble-izq.jpg\",\"articleSection\":[\"Entrevistas\",\"Noticias\"],\"inLanguage\":\"es\",\"potentialAction\":[{\"@type\":\"CommentAction\",\"name\":\"Comment\",\"target\":[\"https:\\\/\\\/patagoniambiental.com.ar\\\/info\\\/preguntas-frecuentes-sobre-el-eclipse-solar-del-14-de-diciembre-2020\\\/#respond\"]}]},{\"@type\":\"WebPage\",\"@id\":\"https:\\\/\\\/patagoniambiental.com.ar\\\/info\\\/preguntas-frecuentes-sobre-el-eclipse-solar-del-14-de-diciembre-2020\\\/\",\"url\":\"https:\\\/\\\/patagoniambiental.com.ar\\\/info\\\/preguntas-frecuentes-sobre-el-eclipse-solar-del-14-de-diciembre-2020\\\/\",\"name\":\"Preguntas frecuentes sobre el Eclipse solar del 14 de diciembre 2020\",\"isPartOf\":{\"@id\":\"https:\\\/\\\/patagoniambiental.com.ar\\\/info\\\/#website\"},\"primaryImageOfPage\":{\"@id\":\"https:\\\/\\\/patagoniambiental.com.ar\\\/info\\\/preguntas-frecuentes-sobre-el-eclipse-solar-del-14-de-diciembre-2020\\\/#primaryimage\"},\"image\":{\"@id\":\"https:\\\/\\\/patagoniambiental.com.ar\\\/info\\\/preguntas-frecuentes-sobre-el-eclipse-solar-del-14-de-diciembre-2020\\\/#primaryimage\"},\"thumbnailUrl\":\"https:\\\/\\\/patagoniambiental.com.ar\\\/info\\\/wp-content\\\/uploads\\\/2020\\\/02\\\/banner-doble-izq.jpg\",\"datePublished\":\"2020-02-26T22:00:37+00:00\",\"breadcrumb\":{\"@id\":\"https:\\\/\\\/patagoniambiental.com.ar\\\/info\\\/preguntas-frecuentes-sobre-el-eclipse-solar-del-14-de-diciembre-2020\\\/#breadcrumb\"},\"inLanguage\":\"es\",\"potentialAction\":[{\"@type\":\"ReadAction\",\"target\":[\"https:\\\/\\\/patagoniambiental.com.ar\\\/info\\\/preguntas-frecuentes-sobre-el-eclipse-solar-del-14-de-diciembre-2020\\\/\"]}]},{\"@type\":\"ImageObject\",\"inLanguage\":\"es\",\"@id\":\"https:\\\/\\\/patagoniambiental.com.ar\\\/info\\\/preguntas-frecuentes-sobre-el-eclipse-solar-del-14-de-diciembre-2020\\\/#primaryimage\",\"url\":\"https:\\\/\\\/patagoniambiental.com.ar\\\/info\\\/wp-content\\\/uploads\\\/2020\\\/02\\\/banner-doble-izq.jpg\",\"contentUrl\":\"https:\\\/\\\/patagoniambiental.com.ar\\\/info\\\/wp-content\\\/uploads\\\/2020\\\/02\\\/banner-doble-izq.jpg\",\"width\":650,\"height\":230},{\"@type\":\"BreadcrumbList\",\"@id\":\"https:\\\/\\\/patagoniambiental.com.ar\\\/info\\\/preguntas-frecuentes-sobre-el-eclipse-solar-del-14-de-diciembre-2020\\\/#breadcrumb\",\"itemListElement\":[{\"@type\":\"ListItem\",\"position\":1,\"name\":\"Inicio\",\"item\":\"https:\\\/\\\/patagoniambiental.com.ar\\\/info\\\/\"},{\"@type\":\"ListItem\",\"position\":2,\"name\":\"Preguntas frecuentes sobre el Eclipse solar del 14 de diciembre 2020\"}]},{\"@type\":\"WebSite\",\"@id\":\"https:\\\/\\\/patagoniambiental.com.ar\\\/info\\\/#website\",\"url\":\"https:\\\/\\\/patagoniambiental.com.ar\\\/info\\\/\",\"name\":\"Patagonia Ambiental\",\"description\":\"Monitoreo y an\u00e1lisis de la situaci\u00f3n geopol\u00edtica en el mundo y su implicancia en la Patagonia\",\"publisher\":{\"@id\":\"https:\\\/\\\/patagoniambiental.com.ar\\\/info\\\/#organization\"},\"potentialAction\":[{\"@type\":\"SearchAction\",\"target\":{\"@type\":\"EntryPoint\",\"urlTemplate\":\"https:\\\/\\\/patagoniambiental.com.ar\\\/info\\\/?s={search_term_string}\"},\"query-input\":{\"@type\":\"PropertyValueSpecification\",\"valueRequired\":true,\"valueName\":\"search_term_string\"}}],\"inLanguage\":\"es\"},{\"@type\":\"Organization\",\"@id\":\"https:\\\/\\\/patagoniambiental.com.ar\\\/info\\\/#organization\",\"name\":\"Patagonia Ambiental\",\"url\":\"https:\\\/\\\/patagoniambiental.com.ar\\\/info\\\/\",\"logo\":{\"@type\":\"ImageObject\",\"inLanguage\":\"es\",\"@id\":\"https:\\\/\\\/patagoniambiental.com.ar\\\/info\\\/#\\\/schema\\\/logo\\\/image\\\/\",\"url\":\"https:\\\/\\\/patagoniambiental.com.ar\\\/info\\\/wp-content\\\/uploads\\\/2025\\\/05\\\/LOGO-PATAGONIA-AMBIENTAL.png\",\"contentUrl\":\"https:\\\/\\\/patagoniambiental.com.ar\\\/info\\\/wp-content\\\/uploads\\\/2025\\\/05\\\/LOGO-PATAGONIA-AMBIENTAL.png\",\"width\":433,\"height\":250,\"caption\":\"Patagonia Ambiental\"},\"image\":{\"@id\":\"https:\\\/\\\/patagoniambiental.com.ar\\\/info\\\/#\\\/schema\\\/logo\\\/image\\\/\"},\"sameAs\":[\"https:\\\/\\\/www.facebook.com\\\/patagonia.ambiental\",\"https:\\\/\\\/x.com\\\/PatAmb\"]},{\"@type\":\"Person\",\"@id\":\"https:\\\/\\\/patagoniambiental.com.ar\\\/info\\\/#\\\/schema\\\/person\\\/e5af09d700b2e82cb10c6b8800e0c691\",\"name\":\"BRAIAN ESTEVEZ\",\"sameAs\":[\"http:\\\/\\\/www.patagoniambiental.com.ar\"]}]}<\/script>\n<!-- \/ Yoast SEO Premium plugin. -->","yoast_head_json":{"title":"Preguntas frecuentes sobre el Eclipse solar del 14 de diciembre 2020","robots":{"index":"index","follow":"follow","max-snippet":"max-snippet:-1","max-image-preview":"max-image-preview:large","max-video-preview":"max-video-preview:-1"},"canonical":"https:\/\/patagoniambiental.com.ar\/info\/preguntas-frecuentes-sobre-el-eclipse-solar-del-14-de-diciembre-2020\/","og_locale":"es_ES","og_type":"article","og_title":"Preguntas frecuentes sobre el Eclipse solar del 14 de diciembre 2020","og_description":"\u00bfQu\u00e9 es EclipseSolar.org? EclipseSolar2020.Org es la plataforma web del Planetario de San Luis Argentina creada para transmitir, en el marco [&hellip;]","og_url":"https:\/\/patagoniambiental.com.ar\/info\/preguntas-frecuentes-sobre-el-eclipse-solar-del-14-de-diciembre-2020\/","og_site_name":"Patagonia Ambiental","article_publisher":"https:\/\/www.facebook.com\/patagonia.ambiental","article_published_time":"2020-02-26T22:00:37+00:00","og_image":[{"width":650,"height":230,"url":"https:\/\/patagoniambiental.com.ar\/info\/wp-content\/uploads\/2020\/02\/banner-doble-izq.jpg","type":"image\/jpeg"}],"author":"BRAIAN ESTEVEZ","twitter_card":"summary_large_image","twitter_creator":"@PatAmb","twitter_site":"@PatAmb","schema":{"@context":"https:\/\/schema.org","@graph":[{"@type":"Article","@id":"https:\/\/patagoniambiental.com.ar\/info\/preguntas-frecuentes-sobre-el-eclipse-solar-del-14-de-diciembre-2020\/#article","isPartOf":{"@id":"https:\/\/patagoniambiental.com.ar\/info\/preguntas-frecuentes-sobre-el-eclipse-solar-del-14-de-diciembre-2020\/"},"author":{"name":"BRAIAN ESTEVEZ","@id":"https:\/\/patagoniambiental.com.ar\/info\/#\/schema\/person\/e5af09d700b2e82cb10c6b8800e0c691"},"headline":"Preguntas frecuentes sobre el Eclipse solar del 14 de diciembre 2020","datePublished":"2020-02-26T22:00:37+00:00","mainEntityOfPage":{"@id":"https:\/\/patagoniambiental.com.ar\/info\/preguntas-frecuentes-sobre-el-eclipse-solar-del-14-de-diciembre-2020\/"},"wordCount":1291,"commentCount":0,"publisher":{"@id":"https:\/\/patagoniambiental.com.ar\/info\/#organization"},"image":{"@id":"https:\/\/patagoniambiental.com.ar\/info\/preguntas-frecuentes-sobre-el-eclipse-solar-del-14-de-diciembre-2020\/#primaryimage"},"thumbnailUrl":"https:\/\/patagoniambiental.com.ar\/info\/wp-content\/uploads\/2020\/02\/banner-doble-izq.jpg","articleSection":["Entrevistas","Noticias"],"inLanguage":"es","potentialAction":[{"@type":"CommentAction","name":"Comment","target":["https:\/\/patagoniambiental.com.ar\/info\/preguntas-frecuentes-sobre-el-eclipse-solar-del-14-de-diciembre-2020\/#respond"]}]},{"@type":"WebPage","@id":"https:\/\/patagoniambiental.com.ar\/info\/preguntas-frecuentes-sobre-el-eclipse-solar-del-14-de-diciembre-2020\/","url":"https:\/\/patagoniambiental.com.ar\/info\/preguntas-frecuentes-sobre-el-eclipse-solar-del-14-de-diciembre-2020\/","name":"Preguntas frecuentes sobre el Eclipse solar del 14 de diciembre 2020","isPartOf":{"@id":"https:\/\/patagoniambiental.com.ar\/info\/#website"},"primaryImageOfPage":{"@id":"https:\/\/patagoniambiental.com.ar\/info\/preguntas-frecuentes-sobre-el-eclipse-solar-del-14-de-diciembre-2020\/#primaryimage"},"image":{"@id":"https:\/\/patagoniambiental.com.ar\/info\/preguntas-frecuentes-sobre-el-eclipse-solar-del-14-de-diciembre-2020\/#primaryimage"},"thumbnailUrl":"https:\/\/patagoniambiental.com.ar\/info\/wp-content\/uploads\/2020\/02\/banner-doble-izq.jpg","datePublished":"2020-02-26T22:00:37+00:00","breadcrumb":{"@id":"https:\/\/patagoniambiental.com.ar\/info\/preguntas-frecuentes-sobre-el-eclipse-solar-del-14-de-diciembre-2020\/#breadcrumb"},"inLanguage":"es","potentialAction":[{"@type":"ReadAction","target":["https:\/\/patagoniambiental.com.ar\/info\/preguntas-frecuentes-sobre-el-eclipse-solar-del-14-de-diciembre-2020\/"]}]},{"@type":"ImageObject","inLanguage":"es","@id":"https:\/\/patagoniambiental.com.ar\/info\/preguntas-frecuentes-sobre-el-eclipse-solar-del-14-de-diciembre-2020\/#primaryimage","url":"https:\/\/patagoniambiental.com.ar\/info\/wp-content\/uploads\/2020\/02\/banner-doble-izq.jpg","contentUrl":"https:\/\/patagoniambiental.com.ar\/info\/wp-content\/uploads\/2020\/02\/banner-doble-izq.jpg","width":650,"height":230},{"@type":"BreadcrumbList","@id":"https:\/\/patagoniambiental.com.ar\/info\/preguntas-frecuentes-sobre-el-eclipse-solar-del-14-de-diciembre-2020\/#breadcrumb","itemListElement":[{"@type":"ListItem","position":1,"name":"Inicio","item":"https:\/\/patagoniambiental.com.ar\/info\/"},{"@type":"ListItem","position":2,"name":"Preguntas frecuentes sobre el Eclipse solar del 14 de diciembre 2020"}]},{"@type":"WebSite","@id":"https:\/\/patagoniambiental.com.ar\/info\/#website","url":"https:\/\/patagoniambiental.com.ar\/info\/","name":"Patagonia Ambiental","description":"Monitoreo y an\u00e1lisis de la situaci\u00f3n geopol\u00edtica en el mundo y su implicancia en la Patagonia","publisher":{"@id":"https:\/\/patagoniambiental.com.ar\/info\/#organization"},"potentialAction":[{"@type":"SearchAction","target":{"@type":"EntryPoint","urlTemplate":"https:\/\/patagoniambiental.com.ar\/info\/?s={search_term_string}"},"query-input":{"@type":"PropertyValueSpecification","valueRequired":true,"valueName":"search_term_string"}}],"inLanguage":"es"},{"@type":"Organization","@id":"https:\/\/patagoniambiental.com.ar\/info\/#organization","name":"Patagonia Ambiental","url":"https:\/\/patagoniambiental.com.ar\/info\/","logo":{"@type":"ImageObject","inLanguage":"es","@id":"https:\/\/patagoniambiental.com.ar\/info\/#\/schema\/logo\/image\/","url":"https:\/\/patagoniambiental.com.ar\/info\/wp-content\/uploads\/2025\/05\/LOGO-PATAGONIA-AMBIENTAL.png","contentUrl":"https:\/\/patagoniambiental.com.ar\/info\/wp-content\/uploads\/2025\/05\/LOGO-PATAGONIA-AMBIENTAL.png","width":433,"height":250,"caption":"Patagonia Ambiental"},"image":{"@id":"https:\/\/patagoniambiental.com.ar\/info\/#\/schema\/logo\/image\/"},"sameAs":["https:\/\/www.facebook.com\/patagonia.ambiental","https:\/\/x.com\/PatAmb"]},{"@type":"Person","@id":"https:\/\/patagoniambiental.com.ar\/info\/#\/schema\/person\/e5af09d700b2e82cb10c6b8800e0c691","name":"BRAIAN ESTEVEZ","sameAs":["http:\/\/www.patagoniambiental.com.ar"]}]}},"_links":{"self":[{"href":"https:\/\/patagoniambiental.com.ar\/info\/wp-json\/wp\/v2\/posts\/65377","targetHints":{"allow":["GET"]}}],"collection":[{"href":"https:\/\/patagoniambiental.com.ar\/info\/wp-json\/wp\/v2\/posts"}],"about":[{"href":"https:\/\/patagoniambiental.com.ar\/info\/wp-json\/wp\/v2\/types\/post"}],"author":[{"embeddable":true,"href":"https:\/\/patagoniambiental.com.ar\/info\/wp-json\/wp\/v2\/users\/6"}],"replies":[{"embeddable":true,"href":"https:\/\/patagoniambiental.com.ar\/info\/wp-json\/wp\/v2\/comments?post=65377"}],"version-history":[{"count":0,"href":"https:\/\/patagoniambiental.com.ar\/info\/wp-json\/wp\/v2\/posts\/65377\/revisions"}],"wp:featuredmedia":[{"embeddable":true,"href":"https:\/\/patagoniambiental.com.ar\/info\/wp-json\/wp\/v2\/media\/65378"}],"wp:attachment":[{"href":"https:\/\/patagoniambiental.com.ar\/info\/wp-json\/wp\/v2\/media?parent=65377"}],"wp:term":[{"taxonomy":"category","embeddable":true,"href":"https:\/\/patagoniambiental.com.ar\/info\/wp-json\/wp\/v2\/categories?post=65377"},{"taxonomy":"post_tag","embeddable":true,"href":"https:\/\/patagoniambiental.com.ar\/info\/wp-json\/wp\/v2\/tags?post=65377"}],"curies":[{"name":"wp","href":"https:\/\/api.w.org\/{rel}","templated":true}]}}