{"id":65497,"date":"2020-03-05T19:00:22","date_gmt":"2020-03-05T22:00:22","guid":{"rendered":"http:\/\/patagoniambiental.com.ar\/info\/?p=65497"},"modified":"2020-03-05T13:27:37","modified_gmt":"2020-03-05T16:27:37","slug":"el-irnad-participa-en-el-encuentro-ambiental-mas-importante-de-la-decada","status":"publish","type":"post","link":"https:\/\/patagoniambiental.com.ar\/info\/el-irnad-participa-en-el-encuentro-ambiental-mas-importante-de-la-decada\/","title":{"rendered":"El IRNAD participa en el encuentro ambiental m\u00e1s importante de la d\u00e9cada"},"content":{"rendered":"<div>\n<p class=\"x_gmail-Standard\" style=\"text-align: left;\" align=\"center\"><i>Bariloche<\/i>.- El doctor Lucas Garibaldi, director del Instituto de Investigaciones en Recursos Naturales, Agroecolog\u00eda y Desarrollo Rural, unidad ejecutora de doble dependencia entre la Universidad Nacional de R\u00edo Negro y CONICET (IRNAD UNRN\/CONICET), fue convocado a integrar un encuentro cient\u00edfico que tiene la misi\u00f3n de reunir evidencia sobre el estado de la biodiversidad, a nivel mundial, durante el \u00faltimo decenio.<\/p>\n<\/div>\n<p><!--more--><\/p>\n<p class=\"x_gmail-CuerpoA\">Se trata una destacada oportunidad en la cual el IRNAD, como representante de la Universidad Nacional de R\u00edo Negro, presentar\u00e1 el resultado de sus investigaciones con colegas de distintas partes del mundo a fin de impulsar un cambio transformador en el planeta.<\/p>\n<p class=\"x_gmail-Standard\">\n<p class=\"x_gmail-Standard\">El evento es organizado por\u00a0<i>Future Earth<\/i>, una red global de cient\u00edficos\/as, investigadores\/as e innovadores\/as que colaboran con la Convenci\u00f3n de la Diversidad Biol\u00f3gica (CDB). Re\u00fane a expertos\/as mundiales en biodiversidad para definir medidas posteriores a 2020 que ayuden a preservar los sistemas de soporte vital de la Tierra como el clima, el suelo, la biodiversidad, el agua dulce y los oc\u00e9anos.<\/p>\n<p class=\"x_gmail-Standard\">\n<p class=\"x_gmail-Standard\">El informe final ser\u00e1 presentado ante la CDB compuesto por 196 partes, quienes establecer\u00e1n el Plan Estrat\u00e9gico para la Diversidad Biol\u00f3gica de los pr\u00f3ximos diez a\u00f1os con la misi\u00f3n de detener la p\u00e9rdida de la naturaleza y mejorar los beneficios que \u00e9sta brinda a las personas.<\/p>\n<p class=\"x_gmail-Standard\">\n<p class=\"x_gmail-Standard\">Adem\u00e1s, el viaje acad\u00e9mico incluye el dictado de una conferencia en la reuni\u00f3n XVI EcoFlor sobre diez acciones que los gobiernos pueden aplicar en pos de la intensificaci\u00f3n ecol\u00f3gica, pr\u00e1ctica que mejora el rendimiento de los cultivos y, a la vez, minimiza los efectos perjudiciales de la agricultura sobre la biodiversidad e incrementa el rendimiento.\u00a0Este encuentro est\u00e1 organizado por el centro\u00a0<i>Basque Centre for Climate Change (BC3<\/i>) de investigaci\u00f3n sobre las causas y consecuencias del cambio clim\u00e1tico y\u00a0<i>University of the Basque Country<\/i>.<\/p>\n<div><i>&#8212;<\/i><\/div>\n<p>&nbsp;<\/p>\n<div class=\"x_gmail_signature\" dir=\"ltr\">\n<div dir=\"ltr\">\n<div dir=\"ltr\">\n<div dir=\"ltr\">\n<div dir=\"ltr\">\n<div dir=\"ltr\">\n<div dir=\"ltr\">\n<div dir=\"ltr\">\n<div dir=\"ltr\">\n<div dir=\"ltr\">\n<div dir=\"ltr\">\n<div dir=\"ltr\">\n<div>\n<div><span style=\"font-family: trebuchet ms, sans-serif;\">Departamento de Comunicaci\u00f3n<\/span><\/div>\n<div><span style=\"font-family: trebuchet ms, sans-serif;\">Universidad Nacional de R\u00edo Negro &#8211; Sede Andina\u00a0<\/span><\/div>\n<div><span style=\"font-family: trebuchet ms, sans-serif;\">Mitre 630 1\u00ba \u00abB\u00bb &#8211; San Carlos de Bariloche<\/span><\/div>\n<div><span style=\"font-family: trebuchet ms, sans-serif;\">(0294) 474 6118<\/span><\/div>\n<div><span style=\"font-family: trebuchet ms, sans-serif;\"><a href=\"mailto:comunicacion.andina@unrn.edu.ar\" target=\"_blank\" rel=\"noopener noreferrer\" data-auth=\"NotApplicable\">comunicacion.andina@unrn.edu.ar<\/a><\/span><\/div>\n<div><span style=\"font-family: trebuchet ms, sans-serif;\"><a href=\"http:\/\/www.unrn.edu.ar\/\" target=\"_blank\" rel=\"noopener noreferrer\" data-auth=\"NotApplicable\">www.unrn.edu.ar<\/a><\/span><\/div>\n<div><span style=\"font-family: trebuchet ms, sans-serif;\">Facebook: @<a href=\"https:\/\/www.facebook.com\/unrnsedeandina\" target=\"_blank\" rel=\"noopener noreferrer\" data-auth=\"NotApplicable\">unrnsedeandina<\/a><br \/>\n<\/span><\/div>\n<div><span style=\"font-family: trebuchet ms, sans-serif;\">Twitter: @unrnsedeandina<\/span><\/div>\n<div>Intagram: Instagram\/@unrionegro<\/div>\n<div><span style=\"font-family: trebuchet ms, sans-serif;\"><a href=\"http:\/\/www.unrn.tv\/\" target=\"_blank\" rel=\"noopener noreferrer\" data-auth=\"NotApplicable\">www.unrn.tv<\/a><br \/>\n<\/span><\/div>\n<div><span style=\"font-family: trebuchet ms, sans-serif;\">www.raund.media<\/span><\/div>\n<\/div>\n<div><\/div>\n<div><\/div>\n<\/div>\n<\/div>\n<\/div>\n<\/div>\n<\/div>\n<\/div>\n<\/div>\n<\/div>\n<\/div>\n<\/div>\n<\/div>\n<\/div>\n","protected":false},"excerpt":{"rendered":"<p>Bariloche.- El doctor Lucas Garibaldi, director del Instituto de Investigaciones en Recursos Naturales, Agroecolog\u00eda y Desarrollo Rural, unidad ejecutora de [&hellip;]<\/p>\n","protected":false},"author":6,"featured_media":55785,"comment_status":"open","ping_status":"open","sticky":false,"template":"","format":"standard","meta":{"site-sidebar-layout":"default","site-content-layout":"","ast-site-content-layout":"default","site-content-style":"default","site-sidebar-style":"default","ast-global-header-display":"","ast-banner-title-visibility":"","ast-main-header-display":"","ast-hfb-above-header-display":"","ast-hfb-below-header-display":"","ast-hfb-mobile-header-display":"","site-post-title":"","ast-breadcrumbs-content":"","ast-featured-img":"","footer-sml-layout":"","ast-disable-related-posts":"","theme-transparent-header-meta":"","adv-header-id-meta":"","stick-header-meta":"","header-above-stick-meta":"","header-main-stick-meta":"","header-below-stick-meta":"","astra-migrate-meta-layouts":"default","ast-page-background-enabled":"default","ast-page-background-meta":{"desktop":{"background-color":"var(--ast-global-color-5)","background-image":"","background-repeat":"repeat","background-position":"center center","background-size":"auto","background-attachment":"scroll","background-type":"","background-media":"","overlay-type":"","overlay-color":"","overlay-opacity":"","overlay-gradient":""},"tablet":{"background-color":"","background-image":"","background-repeat":"repeat","background-position":"center center","background-size":"auto","background-attachment":"scroll","background-type":"","background-media":"","overlay-type":"","overlay-color":"","overlay-opacity":"","overlay-gradient":""},"mobile":{"background-color":"","background-image":"","background-repeat":"repeat","background-position":"center center","background-size":"auto","background-attachment":"scroll","background-type":"","background-media":"","overlay-type":"","overlay-color":"","overlay-opacity":"","overlay-gradient":""}},"ast-content-background-meta":{"desktop":{"background-color":"var(--ast-global-color-4)","background-image":"","background-repeat":"repeat","background-position":"center center","background-size":"auto","background-attachment":"scroll","background-type":"","background-media":"","overlay-type":"","overlay-color":"","overlay-opacity":"","overlay-gradient":""},"tablet":{"background-color":"var(--ast-global-color-4)","background-image":"","background-repeat":"repeat","background-position":"center center","background-size":"auto","background-attachment":"scroll","background-type":"","background-media":"","overlay-type":"","overlay-color":"","overlay-opacity":"","overlay-gradient":""},"mobile":{"background-color":"var(--ast-global-color-4)","background-image":"","background-repeat":"repeat","background-position":"center center","background-size":"auto","background-attachment":"scroll","background-type":"","background-media":"","overlay-type":"","overlay-color":"","overlay-opacity":"","overlay-gradient":""}},"footnotes":""},"categories":[23,1],"tags":[],"class_list":["post-65497","post","type-post","status-publish","format-standard","has-post-thumbnail","hentry","category-internacionales","category-noticias"],"yoast_head":"<!-- This site is optimized with the Yoast SEO Premium plugin v23.0 (Yoast SEO v27.5) - https:\/\/yoast.com\/product\/yoast-seo-premium-wordpress\/ -->\n<title>El IRNAD participa en el encuentro ambiental m\u00e1s importante de la d\u00e9cada<\/title>\n<meta name=\"robots\" content=\"index, follow, max-snippet:-1, max-image-preview:large, max-video-preview:-1\" \/>\n<link rel=\"canonical\" href=\"https:\/\/patagoniambiental.com.ar\/info\/el-irnad-participa-en-el-encuentro-ambiental-mas-importante-de-la-decada\/\" \/>\n<meta property=\"og:locale\" content=\"es_ES\" \/>\n<meta property=\"og:type\" content=\"article\" \/>\n<meta property=\"og:title\" content=\"El IRNAD participa en el encuentro ambiental m\u00e1s importante de la d\u00e9cada\" \/>\n<meta property=\"og:description\" content=\"Bariloche.- El doctor Lucas Garibaldi, director del Instituto de Investigaciones en Recursos Naturales, Agroecolog\u00eda y Desarrollo Rural, unidad ejecutora de [&hellip;]\" \/>\n<meta property=\"og:url\" content=\"https:\/\/patagoniambiental.com.ar\/info\/el-irnad-participa-en-el-encuentro-ambiental-mas-importante-de-la-decada\/\" \/>\n<meta property=\"og:site_name\" content=\"Patagonia Ambiental\" \/>\n<meta property=\"article:publisher\" content=\"https:\/\/www.facebook.com\/patagonia.ambiental\" \/>\n<meta property=\"article:published_time\" content=\"2020-03-05T22:00:22+00:00\" \/>\n<meta property=\"og:image\" content=\"https:\/\/patagoniambiental.com.ar\/info\/wp-content\/uploads\/2018\/10\/thumbnail_Lucas-Garibaldi-congreso-espa\u00f1a-y-brasil-1.jpg\" \/>\n\t<meta property=\"og:image:width\" content=\"1280\" \/>\n\t<meta property=\"og:image:height\" content=\"853\" \/>\n\t<meta property=\"og:image:type\" content=\"image\/jpeg\" \/>\n<meta name=\"author\" content=\"BRAIAN ESTEVEZ\" \/>\n<meta name=\"twitter:card\" content=\"summary_large_image\" \/>\n<meta name=\"twitter:creator\" content=\"@PatAmb\" \/>\n<meta name=\"twitter:site\" content=\"@PatAmb\" \/>\n<script type=\"application\/ld+json\" class=\"yoast-schema-graph\">{\"@context\":\"https:\\\/\\\/schema.org\",\"@graph\":[{\"@type\":\"Article\",\"@id\":\"https:\\\/\\\/patagoniambiental.com.ar\\\/info\\\/el-irnad-participa-en-el-encuentro-ambiental-mas-importante-de-la-decada\\\/#article\",\"isPartOf\":{\"@id\":\"https:\\\/\\\/patagoniambiental.com.ar\\\/info\\\/el-irnad-participa-en-el-encuentro-ambiental-mas-importante-de-la-decada\\\/\"},\"author\":{\"name\":\"BRAIAN ESTEVEZ\",\"@id\":\"https:\\\/\\\/patagoniambiental.com.ar\\\/info\\\/#\\\/schema\\\/person\\\/e5af09d700b2e82cb10c6b8800e0c691\"},\"headline\":\"El IRNAD participa en el encuentro ambiental m\u00e1s importante de la d\u00e9cada\",\"datePublished\":\"2020-03-05T22:00:22+00:00\",\"mainEntityOfPage\":{\"@id\":\"https:\\\/\\\/patagoniambiental.com.ar\\\/info\\\/el-irnad-participa-en-el-encuentro-ambiental-mas-importante-de-la-decada\\\/\"},\"wordCount\":381,\"commentCount\":0,\"publisher\":{\"@id\":\"https:\\\/\\\/patagoniambiental.com.ar\\\/info\\\/#organization\"},\"image\":{\"@id\":\"https:\\\/\\\/patagoniambiental.com.ar\\\/info\\\/el-irnad-participa-en-el-encuentro-ambiental-mas-importante-de-la-decada\\\/#primaryimage\"},\"thumbnailUrl\":\"https:\\\/\\\/patagoniambiental.com.ar\\\/info\\\/wp-content\\\/uploads\\\/2018\\\/10\\\/thumbnail_Lucas-Garibaldi-congreso-espa\u00f1a-y-brasil-1.jpg\",\"articleSection\":[\"Internacionales\",\"Noticias\"],\"inLanguage\":\"es\",\"potentialAction\":[{\"@type\":\"CommentAction\",\"name\":\"Comment\",\"target\":[\"https:\\\/\\\/patagoniambiental.com.ar\\\/info\\\/el-irnad-participa-en-el-encuentro-ambiental-mas-importante-de-la-decada\\\/#respond\"]}]},{\"@type\":\"WebPage\",\"@id\":\"https:\\\/\\\/patagoniambiental.com.ar\\\/info\\\/el-irnad-participa-en-el-encuentro-ambiental-mas-importante-de-la-decada\\\/\",\"url\":\"https:\\\/\\\/patagoniambiental.com.ar\\\/info\\\/el-irnad-participa-en-el-encuentro-ambiental-mas-importante-de-la-decada\\\/\",\"name\":\"El IRNAD participa en el encuentro ambiental m\u00e1s importante de la d\u00e9cada\",\"isPartOf\":{\"@id\":\"https:\\\/\\\/patagoniambiental.com.ar\\\/info\\\/#website\"},\"primaryImageOfPage\":{\"@id\":\"https:\\\/\\\/patagoniambiental.com.ar\\\/info\\\/el-irnad-participa-en-el-encuentro-ambiental-mas-importante-de-la-decada\\\/#primaryimage\"},\"image\":{\"@id\":\"https:\\\/\\\/patagoniambiental.com.ar\\\/info\\\/el-irnad-participa-en-el-encuentro-ambiental-mas-importante-de-la-decada\\\/#primaryimage\"},\"thumbnailUrl\":\"https:\\\/\\\/patagoniambiental.com.ar\\\/info\\\/wp-content\\\/uploads\\\/2018\\\/10\\\/thumbnail_Lucas-Garibaldi-congreso-espa\u00f1a-y-brasil-1.jpg\",\"datePublished\":\"2020-03-05T22:00:22+00:00\",\"breadcrumb\":{\"@id\":\"https:\\\/\\\/patagoniambiental.com.ar\\\/info\\\/el-irnad-participa-en-el-encuentro-ambiental-mas-importante-de-la-decada\\\/#breadcrumb\"},\"inLanguage\":\"es\",\"potentialAction\":[{\"@type\":\"ReadAction\",\"target\":[\"https:\\\/\\\/patagoniambiental.com.ar\\\/info\\\/el-irnad-participa-en-el-encuentro-ambiental-mas-importante-de-la-decada\\\/\"]}]},{\"@type\":\"ImageObject\",\"inLanguage\":\"es\",\"@id\":\"https:\\\/\\\/patagoniambiental.com.ar\\\/info\\\/el-irnad-participa-en-el-encuentro-ambiental-mas-importante-de-la-decada\\\/#primaryimage\",\"url\":\"https:\\\/\\\/patagoniambiental.com.ar\\\/info\\\/wp-content\\\/uploads\\\/2018\\\/10\\\/thumbnail_Lucas-Garibaldi-congreso-espa\u00f1a-y-brasil-1.jpg\",\"contentUrl\":\"https:\\\/\\\/patagoniambiental.com.ar\\\/info\\\/wp-content\\\/uploads\\\/2018\\\/10\\\/thumbnail_Lucas-Garibaldi-congreso-espa\u00f1a-y-brasil-1.jpg\",\"width\":900,\"height\":600},{\"@type\":\"BreadcrumbList\",\"@id\":\"https:\\\/\\\/patagoniambiental.com.ar\\\/info\\\/el-irnad-participa-en-el-encuentro-ambiental-mas-importante-de-la-decada\\\/#breadcrumb\",\"itemListElement\":[{\"@type\":\"ListItem\",\"position\":1,\"name\":\"Inicio\",\"item\":\"https:\\\/\\\/patagoniambiental.com.ar\\\/info\\\/\"},{\"@type\":\"ListItem\",\"position\":2,\"name\":\"El IRNAD participa en el encuentro ambiental m\u00e1s importante de la d\u00e9cada\"}]},{\"@type\":\"WebSite\",\"@id\":\"https:\\\/\\\/patagoniambiental.com.ar\\\/info\\\/#website\",\"url\":\"https:\\\/\\\/patagoniambiental.com.ar\\\/info\\\/\",\"name\":\"Patagonia Ambiental\",\"description\":\"Monitoreo y an\u00e1lisis de la situaci\u00f3n geopol\u00edtica en el mundo y su implicancia en la Patagonia\",\"publisher\":{\"@id\":\"https:\\\/\\\/patagoniambiental.com.ar\\\/info\\\/#organization\"},\"potentialAction\":[{\"@type\":\"SearchAction\",\"target\":{\"@type\":\"EntryPoint\",\"urlTemplate\":\"https:\\\/\\\/patagoniambiental.com.ar\\\/info\\\/?s={search_term_string}\"},\"query-input\":{\"@type\":\"PropertyValueSpecification\",\"valueRequired\":true,\"valueName\":\"search_term_string\"}}],\"inLanguage\":\"es\"},{\"@type\":\"Organization\",\"@id\":\"https:\\\/\\\/patagoniambiental.com.ar\\\/info\\\/#organization\",\"name\":\"Patagonia Ambiental\",\"url\":\"https:\\\/\\\/patagoniambiental.com.ar\\\/info\\\/\",\"logo\":{\"@type\":\"ImageObject\",\"inLanguage\":\"es\",\"@id\":\"https:\\\/\\\/patagoniambiental.com.ar\\\/info\\\/#\\\/schema\\\/logo\\\/image\\\/\",\"url\":\"https:\\\/\\\/patagoniambiental.com.ar\\\/info\\\/wp-content\\\/uploads\\\/2025\\\/05\\\/LOGO-PATAGONIA-AMBIENTAL.png\",\"contentUrl\":\"https:\\\/\\\/patagoniambiental.com.ar\\\/info\\\/wp-content\\\/uploads\\\/2025\\\/05\\\/LOGO-PATAGONIA-AMBIENTAL.png\",\"width\":433,\"height\":250,\"caption\":\"Patagonia Ambiental\"},\"image\":{\"@id\":\"https:\\\/\\\/patagoniambiental.com.ar\\\/info\\\/#\\\/schema\\\/logo\\\/image\\\/\"},\"sameAs\":[\"https:\\\/\\\/www.facebook.com\\\/patagonia.ambiental\",\"https:\\\/\\\/x.com\\\/PatAmb\"]},{\"@type\":\"Person\",\"@id\":\"https:\\\/\\\/patagoniambiental.com.ar\\\/info\\\/#\\\/schema\\\/person\\\/e5af09d700b2e82cb10c6b8800e0c691\",\"name\":\"BRAIAN ESTEVEZ\",\"sameAs\":[\"http:\\\/\\\/www.patagoniambiental.com.ar\"]}]}<\/script>\n<!-- \/ Yoast SEO Premium plugin. -->","yoast_head_json":{"title":"El IRNAD participa en el encuentro ambiental m\u00e1s importante de la d\u00e9cada","robots":{"index":"index","follow":"follow","max-snippet":"max-snippet:-1","max-image-preview":"max-image-preview:large","max-video-preview":"max-video-preview:-1"},"canonical":"https:\/\/patagoniambiental.com.ar\/info\/el-irnad-participa-en-el-encuentro-ambiental-mas-importante-de-la-decada\/","og_locale":"es_ES","og_type":"article","og_title":"El IRNAD participa en el encuentro ambiental m\u00e1s importante de la d\u00e9cada","og_description":"Bariloche.- El doctor Lucas Garibaldi, director del Instituto de Investigaciones en Recursos Naturales, Agroecolog\u00eda y Desarrollo Rural, unidad ejecutora de [&hellip;]","og_url":"https:\/\/patagoniambiental.com.ar\/info\/el-irnad-participa-en-el-encuentro-ambiental-mas-importante-de-la-decada\/","og_site_name":"Patagonia Ambiental","article_publisher":"https:\/\/www.facebook.com\/patagonia.ambiental","article_published_time":"2020-03-05T22:00:22+00:00","og_image":[{"width":1280,"height":853,"url":"https:\/\/patagoniambiental.com.ar\/info\/wp-content\/uploads\/2018\/10\/thumbnail_Lucas-Garibaldi-congreso-espa\u00f1a-y-brasil-1.jpg","type":"image\/jpeg"}],"author":"BRAIAN ESTEVEZ","twitter_card":"summary_large_image","twitter_creator":"@PatAmb","twitter_site":"@PatAmb","schema":{"@context":"https:\/\/schema.org","@graph":[{"@type":"Article","@id":"https:\/\/patagoniambiental.com.ar\/info\/el-irnad-participa-en-el-encuentro-ambiental-mas-importante-de-la-decada\/#article","isPartOf":{"@id":"https:\/\/patagoniambiental.com.ar\/info\/el-irnad-participa-en-el-encuentro-ambiental-mas-importante-de-la-decada\/"},"author":{"name":"BRAIAN ESTEVEZ","@id":"https:\/\/patagoniambiental.com.ar\/info\/#\/schema\/person\/e5af09d700b2e82cb10c6b8800e0c691"},"headline":"El IRNAD participa en el encuentro ambiental m\u00e1s importante de la d\u00e9cada","datePublished":"2020-03-05T22:00:22+00:00","mainEntityOfPage":{"@id":"https:\/\/patagoniambiental.com.ar\/info\/el-irnad-participa-en-el-encuentro-ambiental-mas-importante-de-la-decada\/"},"wordCount":381,"commentCount":0,"publisher":{"@id":"https:\/\/patagoniambiental.com.ar\/info\/#organization"},"image":{"@id":"https:\/\/patagoniambiental.com.ar\/info\/el-irnad-participa-en-el-encuentro-ambiental-mas-importante-de-la-decada\/#primaryimage"},"thumbnailUrl":"https:\/\/patagoniambiental.com.ar\/info\/wp-content\/uploads\/2018\/10\/thumbnail_Lucas-Garibaldi-congreso-espa\u00f1a-y-brasil-1.jpg","articleSection":["Internacionales","Noticias"],"inLanguage":"es","potentialAction":[{"@type":"CommentAction","name":"Comment","target":["https:\/\/patagoniambiental.com.ar\/info\/el-irnad-participa-en-el-encuentro-ambiental-mas-importante-de-la-decada\/#respond"]}]},{"@type":"WebPage","@id":"https:\/\/patagoniambiental.com.ar\/info\/el-irnad-participa-en-el-encuentro-ambiental-mas-importante-de-la-decada\/","url":"https:\/\/patagoniambiental.com.ar\/info\/el-irnad-participa-en-el-encuentro-ambiental-mas-importante-de-la-decada\/","name":"El IRNAD participa en el encuentro ambiental m\u00e1s importante de la d\u00e9cada","isPartOf":{"@id":"https:\/\/patagoniambiental.com.ar\/info\/#website"},"primaryImageOfPage":{"@id":"https:\/\/patagoniambiental.com.ar\/info\/el-irnad-participa-en-el-encuentro-ambiental-mas-importante-de-la-decada\/#primaryimage"},"image":{"@id":"https:\/\/patagoniambiental.com.ar\/info\/el-irnad-participa-en-el-encuentro-ambiental-mas-importante-de-la-decada\/#primaryimage"},"thumbnailUrl":"https:\/\/patagoniambiental.com.ar\/info\/wp-content\/uploads\/2018\/10\/thumbnail_Lucas-Garibaldi-congreso-espa\u00f1a-y-brasil-1.jpg","datePublished":"2020-03-05T22:00:22+00:00","breadcrumb":{"@id":"https:\/\/patagoniambiental.com.ar\/info\/el-irnad-participa-en-el-encuentro-ambiental-mas-importante-de-la-decada\/#breadcrumb"},"inLanguage":"es","potentialAction":[{"@type":"ReadAction","target":["https:\/\/patagoniambiental.com.ar\/info\/el-irnad-participa-en-el-encuentro-ambiental-mas-importante-de-la-decada\/"]}]},{"@type":"ImageObject","inLanguage":"es","@id":"https:\/\/patagoniambiental.com.ar\/info\/el-irnad-participa-en-el-encuentro-ambiental-mas-importante-de-la-decada\/#primaryimage","url":"https:\/\/patagoniambiental.com.ar\/info\/wp-content\/uploads\/2018\/10\/thumbnail_Lucas-Garibaldi-congreso-espa\u00f1a-y-brasil-1.jpg","contentUrl":"https:\/\/patagoniambiental.com.ar\/info\/wp-content\/uploads\/2018\/10\/thumbnail_Lucas-Garibaldi-congreso-espa\u00f1a-y-brasil-1.jpg","width":900,"height":600},{"@type":"BreadcrumbList","@id":"https:\/\/patagoniambiental.com.ar\/info\/el-irnad-participa-en-el-encuentro-ambiental-mas-importante-de-la-decada\/#breadcrumb","itemListElement":[{"@type":"ListItem","position":1,"name":"Inicio","item":"https:\/\/patagoniambiental.com.ar\/info\/"},{"@type":"ListItem","position":2,"name":"El IRNAD participa en el encuentro ambiental m\u00e1s importante de la d\u00e9cada"}]},{"@type":"WebSite","@id":"https:\/\/patagoniambiental.com.ar\/info\/#website","url":"https:\/\/patagoniambiental.com.ar\/info\/","name":"Patagonia Ambiental","description":"Monitoreo y an\u00e1lisis de la situaci\u00f3n geopol\u00edtica en el mundo y su implicancia en la Patagonia","publisher":{"@id":"https:\/\/patagoniambiental.com.ar\/info\/#organization"},"potentialAction":[{"@type":"SearchAction","target":{"@type":"EntryPoint","urlTemplate":"https:\/\/patagoniambiental.com.ar\/info\/?s={search_term_string}"},"query-input":{"@type":"PropertyValueSpecification","valueRequired":true,"valueName":"search_term_string"}}],"inLanguage":"es"},{"@type":"Organization","@id":"https:\/\/patagoniambiental.com.ar\/info\/#organization","name":"Patagonia Ambiental","url":"https:\/\/patagoniambiental.com.ar\/info\/","logo":{"@type":"ImageObject","inLanguage":"es","@id":"https:\/\/patagoniambiental.com.ar\/info\/#\/schema\/logo\/image\/","url":"https:\/\/patagoniambiental.com.ar\/info\/wp-content\/uploads\/2025\/05\/LOGO-PATAGONIA-AMBIENTAL.png","contentUrl":"https:\/\/patagoniambiental.com.ar\/info\/wp-content\/uploads\/2025\/05\/LOGO-PATAGONIA-AMBIENTAL.png","width":433,"height":250,"caption":"Patagonia Ambiental"},"image":{"@id":"https:\/\/patagoniambiental.com.ar\/info\/#\/schema\/logo\/image\/"},"sameAs":["https:\/\/www.facebook.com\/patagonia.ambiental","https:\/\/x.com\/PatAmb"]},{"@type":"Person","@id":"https:\/\/patagoniambiental.com.ar\/info\/#\/schema\/person\/e5af09d700b2e82cb10c6b8800e0c691","name":"BRAIAN ESTEVEZ","sameAs":["http:\/\/www.patagoniambiental.com.ar"]}]}},"_links":{"self":[{"href":"https:\/\/patagoniambiental.com.ar\/info\/wp-json\/wp\/v2\/posts\/65497","targetHints":{"allow":["GET"]}}],"collection":[{"href":"https:\/\/patagoniambiental.com.ar\/info\/wp-json\/wp\/v2\/posts"}],"about":[{"href":"https:\/\/patagoniambiental.com.ar\/info\/wp-json\/wp\/v2\/types\/post"}],"author":[{"embeddable":true,"href":"https:\/\/patagoniambiental.com.ar\/info\/wp-json\/wp\/v2\/users\/6"}],"replies":[{"embeddable":true,"href":"https:\/\/patagoniambiental.com.ar\/info\/wp-json\/wp\/v2\/comments?post=65497"}],"version-history":[{"count":0,"href":"https:\/\/patagoniambiental.com.ar\/info\/wp-json\/wp\/v2\/posts\/65497\/revisions"}],"wp:featuredmedia":[{"embeddable":true,"href":"https:\/\/patagoniambiental.com.ar\/info\/wp-json\/wp\/v2\/media\/55785"}],"wp:attachment":[{"href":"https:\/\/patagoniambiental.com.ar\/info\/wp-json\/wp\/v2\/media?parent=65497"}],"wp:term":[{"taxonomy":"category","embeddable":true,"href":"https:\/\/patagoniambiental.com.ar\/info\/wp-json\/wp\/v2\/categories?post=65497"},{"taxonomy":"post_tag","embeddable":true,"href":"https:\/\/patagoniambiental.com.ar\/info\/wp-json\/wp\/v2\/tags?post=65497"}],"curies":[{"name":"wp","href":"https:\/\/api.w.org\/{rel}","templated":true}]}}