{"id":65655,"date":"2020-03-16T07:00:24","date_gmt":"2020-03-16T10:00:24","guid":{"rendered":"http:\/\/patagoniambiental.com.ar\/info\/?p=65655"},"modified":"2020-03-16T08:14:44","modified_gmt":"2020-03-16T11:14:44","slug":"en-rio-negro-incorporan-en-el-diseno-curricular-educativo-la-causa-de-las-islas-malvinas","status":"publish","type":"post","link":"https:\/\/patagoniambiental.com.ar\/info\/en-rio-negro-incorporan-en-el-diseno-curricular-educativo-la-causa-de-las-islas-malvinas\/","title":{"rendered":"En Rio Negro incorporan en el dise\u00f1o curricular educativo la Causa de las Islas Malvinas"},"content":{"rendered":"<div id=\"main-wrapper\">\n<div class=\"switch-wrapper\">\n<div class=\"network-wrapper\">\n<section id=\"wpsite-route\">\n<div class=\"wpsite-content\">\n<div class=\"not-typed\">\n<section id=\"site-post\" class=\"comunicacion-posts\">\n<article class=\"the-post\">\n<div class=\"post_content\">\n<p>Viedma.-La Legislatura de R\u00edo Negro sancion\u00f3 por unanimidad, la ley enviada por el poder ejecutivo, que incorpora en el dise\u00f1o curricular educativo de todos los niveles y como eje transversal, la Causa de las Islas Malvinas, Ge\u00f3rgias del Sur, S\u00e1ndwich del Sur y los espacios mar\u00edtimos circundantes, de acuerdo con lo prescripto en la disposici\u00f3n transitoria primera de la constituci\u00f3n nacional.<\/p>\n<p><!--more--><\/p>\n<div class=\"content\">\n<div>\n<p>El tratamiento cont\u00f3 con la presencia de Jorge Torres, Ricardo Flores y Ruben Pablos excombatientes e Integrantes de la Direcci\u00f3n Provincial de Veteranos de Guerra y del Observatorio Malvinas Argentinas de la Legislatura de R\u00edo Negro.<\/p>\n<p>La legisladora M\u00f3nica Silva, actu\u00f3 de miembro informante del proyecto y resalt\u00f3 que, esta iniciativa pretende enfatizar, profundizar y dejar en claro que en provincia de R\u00edo Negro, este tema es de inter\u00e9s prioritario porque se est\u00e1 proponiendo desde el poder ejecutivo la aprobaci\u00f3n de esta ley.<\/p>\n<p>Adem\u00e1s, la legisladora Silva destac\u00f3 que la guerra de Malvinas dej\u00f3 la p\u00e9rdida de m\u00e1s de seiscientas j\u00f3venes vidas \u201cluchando valientemente\u201d, y cinco eran rionegrinas, \u201cesto nos deja el compromiso tremendo, de contar esto, de tener a la escuela rionegrina, desde el jard\u00edn de infantes hasta la escuela secundaria, como viabilizadora de una pol\u00edtica p\u00fablica que implique poner de manifiesto el compromiso que tenemos sobre la soberan\u00eda de las Islas Malvinas y el compromiso que tenemos con nuestros h\u00e9roes\u201d.<\/p>\n<p>Por \u00faltimo, Silva resalt\u00f3 que la ley propone un mapa bicontinental, aprobado por ley nacional que contiene a la Argentina en su expresi\u00f3n m\u00e1s tradicional pero tambi\u00e9n, con el mapa completo de la Ant\u00e1rtida y tiene se\u00f1alada claramente las islas \u201cque nosotros jamas dejaremos de reclamar soberan\u00eda\u201d.<\/p>\n<p>Antes de la votaci\u00f3n, los legisladores de todas las bancadas, entonaron la marcha de Malvinas y realizaron una foto en el recinto, junto al presidente de la legislatura, Alejando Palmieri, y los excombatientes de la guerra de Malvinas.<\/p>\n<p>&nbsp;<\/p>\n<\/div>\n<\/div>\n<\/div>\n<\/article>\n<\/section>\n<\/div>\n<\/div>\n<\/section>\n<\/div>\n<\/div>\n<\/div>\n<p>Fuente: Legislatura de Rio Negro<\/p>\n","protected":false},"excerpt":{"rendered":"<p>Viedma.-La Legislatura de R\u00edo Negro sancion\u00f3 por unanimidad, la ley enviada por el poder ejecutivo, que incorpora en el dise\u00f1o [&hellip;]<\/p>\n","protected":false},"author":6,"featured_media":49962,"comment_status":"open","ping_status":"open","sticky":false,"template":"","format":"standard","meta":{"site-sidebar-layout":"default","site-content-layout":"","ast-site-content-layout":"default","site-content-style":"default","site-sidebar-style":"default","ast-global-header-display":"","ast-banner-title-visibility":"","ast-main-header-display":"","ast-hfb-above-header-display":"","ast-hfb-below-header-display":"","ast-hfb-mobile-header-display":"","site-post-title":"","ast-breadcrumbs-content":"","ast-featured-img":"","footer-sml-layout":"","ast-disable-related-posts":"","theme-transparent-header-meta":"","adv-header-id-meta":"","stick-header-meta":"","header-above-stick-meta":"","header-main-stick-meta":"","header-below-stick-meta":"","astra-migrate-meta-layouts":"default","ast-page-background-enabled":"default","ast-page-background-meta":{"desktop":{"background-color":"var(--ast-global-color-5)","background-image":"","background-repeat":"repeat","background-position":"center center","background-size":"auto","background-attachment":"scroll","background-type":"","background-media":"","overlay-type":"","overlay-color":"","overlay-opacity":"","overlay-gradient":""},"tablet":{"background-color":"","background-image":"","background-repeat":"repeat","background-position":"center center","background-size":"auto","background-attachment":"scroll","background-type":"","background-media":"","overlay-type":"","overlay-color":"","overlay-opacity":"","overlay-gradient":""},"mobile":{"background-color":"","background-image":"","background-repeat":"repeat","background-position":"center center","background-size":"auto","background-attachment":"scroll","background-type":"","background-media":"","overlay-type":"","overlay-color":"","overlay-opacity":"","overlay-gradient":""}},"ast-content-background-meta":{"desktop":{"background-color":"var(--ast-global-color-4)","background-image":"","background-repeat":"repeat","background-position":"center center","background-size":"auto","background-attachment":"scroll","background-type":"","background-media":"","overlay-type":"","overlay-color":"","overlay-opacity":"","overlay-gradient":""},"tablet":{"background-color":"var(--ast-global-color-4)","background-image":"","background-repeat":"repeat","background-position":"center center","background-size":"auto","background-attachment":"scroll","background-type":"","background-media":"","overlay-type":"","overlay-color":"","overlay-opacity":"","overlay-gradient":""},"mobile":{"background-color":"var(--ast-global-color-4)","background-image":"","background-repeat":"repeat","background-position":"center center","background-size":"auto","background-attachment":"scroll","background-type":"","background-media":"","overlay-type":"","overlay-color":"","overlay-opacity":"","overlay-gradient":""}},"footnotes":""},"categories":[11,13,14,10],"tags":[],"class_list":["post-65655","post","type-post","status-publish","format-standard","has-post-thumbnail","hentry","category-boletin","category-provinciales","category-rio-negro","category-rotador"],"yoast_head":"<!-- This site is optimized with the Yoast SEO Premium plugin v23.0 (Yoast SEO v27.5) - https:\/\/yoast.com\/product\/yoast-seo-premium-wordpress\/ -->\n<title>En Rio Negro incorporan en el dise\u00f1o curricular educativo la Causa de las Islas Malvinas<\/title>\n<meta name=\"robots\" content=\"index, follow, max-snippet:-1, max-image-preview:large, max-video-preview:-1\" \/>\n<link rel=\"canonical\" href=\"https:\/\/patagoniambiental.com.ar\/info\/en-rio-negro-incorporan-en-el-diseno-curricular-educativo-la-causa-de-las-islas-malvinas\/\" \/>\n<meta property=\"og:locale\" content=\"es_ES\" \/>\n<meta property=\"og:type\" content=\"article\" \/>\n<meta property=\"og:title\" content=\"En Rio Negro incorporan en el dise\u00f1o curricular educativo la Causa de las Islas Malvinas\" \/>\n<meta property=\"og:description\" content=\"Viedma.-La Legislatura de R\u00edo Negro sancion\u00f3 por unanimidad, la ley enviada por el poder ejecutivo, que incorpora en el dise\u00f1o [&hellip;]\" \/>\n<meta property=\"og:url\" content=\"https:\/\/patagoniambiental.com.ar\/info\/en-rio-negro-incorporan-en-el-diseno-curricular-educativo-la-causa-de-las-islas-malvinas\/\" \/>\n<meta property=\"og:site_name\" content=\"Patagonia Ambiental\" \/>\n<meta property=\"article:publisher\" content=\"https:\/\/www.facebook.com\/patagonia.ambiental\" \/>\n<meta property=\"article:published_time\" content=\"2020-03-16T10:00:24+00:00\" \/>\n<meta property=\"article:modified_time\" content=\"2020-03-16T11:14:44+00:00\" \/>\n<meta property=\"og:image\" content=\"https:\/\/patagoniambiental.com.ar\/info\/wp-content\/uploads\/2018\/07\/600e4c058cb41de75cac38ce01c7c4da-1000malvinas_satelital.jpg\" \/>\n\t<meta property=\"og:image:width\" content=\"1000\" \/>\n\t<meta property=\"og:image:height\" content=\"667\" \/>\n\t<meta property=\"og:image:type\" content=\"image\/jpeg\" \/>\n<meta name=\"author\" content=\"BRAIAN ESTEVEZ\" \/>\n<meta name=\"twitter:card\" content=\"summary_large_image\" \/>\n<meta name=\"twitter:creator\" content=\"@PatAmb\" \/>\n<meta name=\"twitter:site\" content=\"@PatAmb\" \/>\n<script type=\"application\/ld+json\" class=\"yoast-schema-graph\">{\"@context\":\"https:\\\/\\\/schema.org\",\"@graph\":[{\"@type\":\"Article\",\"@id\":\"https:\\\/\\\/patagoniambiental.com.ar\\\/info\\\/en-rio-negro-incorporan-en-el-diseno-curricular-educativo-la-causa-de-las-islas-malvinas\\\/#article\",\"isPartOf\":{\"@id\":\"https:\\\/\\\/patagoniambiental.com.ar\\\/info\\\/en-rio-negro-incorporan-en-el-diseno-curricular-educativo-la-causa-de-las-islas-malvinas\\\/\"},\"author\":{\"name\":\"BRAIAN ESTEVEZ\",\"@id\":\"https:\\\/\\\/patagoniambiental.com.ar\\\/info\\\/#\\\/schema\\\/person\\\/e5af09d700b2e82cb10c6b8800e0c691\"},\"headline\":\"En Rio Negro incorporan en el dise\u00f1o curricular educativo la Causa de las Islas Malvinas\",\"datePublished\":\"2020-03-16T10:00:24+00:00\",\"dateModified\":\"2020-03-16T11:14:44+00:00\",\"mainEntityOfPage\":{\"@id\":\"https:\\\/\\\/patagoniambiental.com.ar\\\/info\\\/en-rio-negro-incorporan-en-el-diseno-curricular-educativo-la-causa-de-las-islas-malvinas\\\/\"},\"wordCount\":360,\"commentCount\":0,\"publisher\":{\"@id\":\"https:\\\/\\\/patagoniambiental.com.ar\\\/info\\\/#organization\"},\"image\":{\"@id\":\"https:\\\/\\\/patagoniambiental.com.ar\\\/info\\\/en-rio-negro-incorporan-en-el-diseno-curricular-educativo-la-causa-de-las-islas-malvinas\\\/#primaryimage\"},\"thumbnailUrl\":\"https:\\\/\\\/patagoniambiental.com.ar\\\/info\\\/wp-content\\\/uploads\\\/2018\\\/07\\\/600e4c058cb41de75cac38ce01c7c4da-1000malvinas_satelital.jpg\",\"articleSection\":[\"Bolet\u00edn\",\"Provinciales\",\"R\u00edo Negro\",\"Rotador\"],\"inLanguage\":\"es\",\"potentialAction\":[{\"@type\":\"CommentAction\",\"name\":\"Comment\",\"target\":[\"https:\\\/\\\/patagoniambiental.com.ar\\\/info\\\/en-rio-negro-incorporan-en-el-diseno-curricular-educativo-la-causa-de-las-islas-malvinas\\\/#respond\"]}]},{\"@type\":\"WebPage\",\"@id\":\"https:\\\/\\\/patagoniambiental.com.ar\\\/info\\\/en-rio-negro-incorporan-en-el-diseno-curricular-educativo-la-causa-de-las-islas-malvinas\\\/\",\"url\":\"https:\\\/\\\/patagoniambiental.com.ar\\\/info\\\/en-rio-negro-incorporan-en-el-diseno-curricular-educativo-la-causa-de-las-islas-malvinas\\\/\",\"name\":\"En Rio Negro incorporan en el dise\u00f1o curricular educativo la Causa de las Islas Malvinas\",\"isPartOf\":{\"@id\":\"https:\\\/\\\/patagoniambiental.com.ar\\\/info\\\/#website\"},\"primaryImageOfPage\":{\"@id\":\"https:\\\/\\\/patagoniambiental.com.ar\\\/info\\\/en-rio-negro-incorporan-en-el-diseno-curricular-educativo-la-causa-de-las-islas-malvinas\\\/#primaryimage\"},\"image\":{\"@id\":\"https:\\\/\\\/patagoniambiental.com.ar\\\/info\\\/en-rio-negro-incorporan-en-el-diseno-curricular-educativo-la-causa-de-las-islas-malvinas\\\/#primaryimage\"},\"thumbnailUrl\":\"https:\\\/\\\/patagoniambiental.com.ar\\\/info\\\/wp-content\\\/uploads\\\/2018\\\/07\\\/600e4c058cb41de75cac38ce01c7c4da-1000malvinas_satelital.jpg\",\"datePublished\":\"2020-03-16T10:00:24+00:00\",\"dateModified\":\"2020-03-16T11:14:44+00:00\",\"breadcrumb\":{\"@id\":\"https:\\\/\\\/patagoniambiental.com.ar\\\/info\\\/en-rio-negro-incorporan-en-el-diseno-curricular-educativo-la-causa-de-las-islas-malvinas\\\/#breadcrumb\"},\"inLanguage\":\"es\",\"potentialAction\":[{\"@type\":\"ReadAction\",\"target\":[\"https:\\\/\\\/patagoniambiental.com.ar\\\/info\\\/en-rio-negro-incorporan-en-el-diseno-curricular-educativo-la-causa-de-las-islas-malvinas\\\/\"]}]},{\"@type\":\"ImageObject\",\"inLanguage\":\"es\",\"@id\":\"https:\\\/\\\/patagoniambiental.com.ar\\\/info\\\/en-rio-negro-incorporan-en-el-diseno-curricular-educativo-la-causa-de-las-islas-malvinas\\\/#primaryimage\",\"url\":\"https:\\\/\\\/patagoniambiental.com.ar\\\/info\\\/wp-content\\\/uploads\\\/2018\\\/07\\\/600e4c058cb41de75cac38ce01c7c4da-1000malvinas_satelital.jpg\",\"contentUrl\":\"https:\\\/\\\/patagoniambiental.com.ar\\\/info\\\/wp-content\\\/uploads\\\/2018\\\/07\\\/600e4c058cb41de75cac38ce01c7c4da-1000malvinas_satelital.jpg\",\"width\":1000,\"height\":667},{\"@type\":\"BreadcrumbList\",\"@id\":\"https:\\\/\\\/patagoniambiental.com.ar\\\/info\\\/en-rio-negro-incorporan-en-el-diseno-curricular-educativo-la-causa-de-las-islas-malvinas\\\/#breadcrumb\",\"itemListElement\":[{\"@type\":\"ListItem\",\"position\":1,\"name\":\"Inicio\",\"item\":\"https:\\\/\\\/patagoniambiental.com.ar\\\/info\\\/\"},{\"@type\":\"ListItem\",\"position\":2,\"name\":\"En Rio Negro incorporan en el dise\u00f1o curricular educativo la Causa de las Islas Malvinas\"}]},{\"@type\":\"WebSite\",\"@id\":\"https:\\\/\\\/patagoniambiental.com.ar\\\/info\\\/#website\",\"url\":\"https:\\\/\\\/patagoniambiental.com.ar\\\/info\\\/\",\"name\":\"Patagonia Ambiental\",\"description\":\"Monitoreo y an\u00e1lisis de la situaci\u00f3n geopol\u00edtica en el mundo y su implicancia en la Patagonia\",\"publisher\":{\"@id\":\"https:\\\/\\\/patagoniambiental.com.ar\\\/info\\\/#organization\"},\"potentialAction\":[{\"@type\":\"SearchAction\",\"target\":{\"@type\":\"EntryPoint\",\"urlTemplate\":\"https:\\\/\\\/patagoniambiental.com.ar\\\/info\\\/?s={search_term_string}\"},\"query-input\":{\"@type\":\"PropertyValueSpecification\",\"valueRequired\":true,\"valueName\":\"search_term_string\"}}],\"inLanguage\":\"es\"},{\"@type\":\"Organization\",\"@id\":\"https:\\\/\\\/patagoniambiental.com.ar\\\/info\\\/#organization\",\"name\":\"Patagonia Ambiental\",\"url\":\"https:\\\/\\\/patagoniambiental.com.ar\\\/info\\\/\",\"logo\":{\"@type\":\"ImageObject\",\"inLanguage\":\"es\",\"@id\":\"https:\\\/\\\/patagoniambiental.com.ar\\\/info\\\/#\\\/schema\\\/logo\\\/image\\\/\",\"url\":\"https:\\\/\\\/patagoniambiental.com.ar\\\/info\\\/wp-content\\\/uploads\\\/2025\\\/05\\\/LOGO-PATAGONIA-AMBIENTAL.png\",\"contentUrl\":\"https:\\\/\\\/patagoniambiental.com.ar\\\/info\\\/wp-content\\\/uploads\\\/2025\\\/05\\\/LOGO-PATAGONIA-AMBIENTAL.png\",\"width\":433,\"height\":250,\"caption\":\"Patagonia Ambiental\"},\"image\":{\"@id\":\"https:\\\/\\\/patagoniambiental.com.ar\\\/info\\\/#\\\/schema\\\/logo\\\/image\\\/\"},\"sameAs\":[\"https:\\\/\\\/www.facebook.com\\\/patagonia.ambiental\",\"https:\\\/\\\/x.com\\\/PatAmb\"]},{\"@type\":\"Person\",\"@id\":\"https:\\\/\\\/patagoniambiental.com.ar\\\/info\\\/#\\\/schema\\\/person\\\/e5af09d700b2e82cb10c6b8800e0c691\",\"name\":\"BRAIAN ESTEVEZ\",\"sameAs\":[\"http:\\\/\\\/www.patagoniambiental.com.ar\"]}]}<\/script>\n<!-- \/ Yoast SEO Premium plugin. -->","yoast_head_json":{"title":"En Rio Negro incorporan en el dise\u00f1o curricular educativo la Causa de las Islas Malvinas","robots":{"index":"index","follow":"follow","max-snippet":"max-snippet:-1","max-image-preview":"max-image-preview:large","max-video-preview":"max-video-preview:-1"},"canonical":"https:\/\/patagoniambiental.com.ar\/info\/en-rio-negro-incorporan-en-el-diseno-curricular-educativo-la-causa-de-las-islas-malvinas\/","og_locale":"es_ES","og_type":"article","og_title":"En Rio Negro incorporan en el dise\u00f1o curricular educativo la Causa de las Islas Malvinas","og_description":"Viedma.-La Legislatura de R\u00edo Negro sancion\u00f3 por unanimidad, la ley enviada por el poder ejecutivo, que incorpora en el dise\u00f1o [&hellip;]","og_url":"https:\/\/patagoniambiental.com.ar\/info\/en-rio-negro-incorporan-en-el-diseno-curricular-educativo-la-causa-de-las-islas-malvinas\/","og_site_name":"Patagonia Ambiental","article_publisher":"https:\/\/www.facebook.com\/patagonia.ambiental","article_published_time":"2020-03-16T10:00:24+00:00","article_modified_time":"2020-03-16T11:14:44+00:00","og_image":[{"width":1000,"height":667,"url":"https:\/\/patagoniambiental.com.ar\/info\/wp-content\/uploads\/2018\/07\/600e4c058cb41de75cac38ce01c7c4da-1000malvinas_satelital.jpg","type":"image\/jpeg"}],"author":"BRAIAN ESTEVEZ","twitter_card":"summary_large_image","twitter_creator":"@PatAmb","twitter_site":"@PatAmb","schema":{"@context":"https:\/\/schema.org","@graph":[{"@type":"Article","@id":"https:\/\/patagoniambiental.com.ar\/info\/en-rio-negro-incorporan-en-el-diseno-curricular-educativo-la-causa-de-las-islas-malvinas\/#article","isPartOf":{"@id":"https:\/\/patagoniambiental.com.ar\/info\/en-rio-negro-incorporan-en-el-diseno-curricular-educativo-la-causa-de-las-islas-malvinas\/"},"author":{"name":"BRAIAN ESTEVEZ","@id":"https:\/\/patagoniambiental.com.ar\/info\/#\/schema\/person\/e5af09d700b2e82cb10c6b8800e0c691"},"headline":"En Rio Negro incorporan en el dise\u00f1o curricular educativo la Causa de las Islas Malvinas","datePublished":"2020-03-16T10:00:24+00:00","dateModified":"2020-03-16T11:14:44+00:00","mainEntityOfPage":{"@id":"https:\/\/patagoniambiental.com.ar\/info\/en-rio-negro-incorporan-en-el-diseno-curricular-educativo-la-causa-de-las-islas-malvinas\/"},"wordCount":360,"commentCount":0,"publisher":{"@id":"https:\/\/patagoniambiental.com.ar\/info\/#organization"},"image":{"@id":"https:\/\/patagoniambiental.com.ar\/info\/en-rio-negro-incorporan-en-el-diseno-curricular-educativo-la-causa-de-las-islas-malvinas\/#primaryimage"},"thumbnailUrl":"https:\/\/patagoniambiental.com.ar\/info\/wp-content\/uploads\/2018\/07\/600e4c058cb41de75cac38ce01c7c4da-1000malvinas_satelital.jpg","articleSection":["Bolet\u00edn","Provinciales","R\u00edo Negro","Rotador"],"inLanguage":"es","potentialAction":[{"@type":"CommentAction","name":"Comment","target":["https:\/\/patagoniambiental.com.ar\/info\/en-rio-negro-incorporan-en-el-diseno-curricular-educativo-la-causa-de-las-islas-malvinas\/#respond"]}]},{"@type":"WebPage","@id":"https:\/\/patagoniambiental.com.ar\/info\/en-rio-negro-incorporan-en-el-diseno-curricular-educativo-la-causa-de-las-islas-malvinas\/","url":"https:\/\/patagoniambiental.com.ar\/info\/en-rio-negro-incorporan-en-el-diseno-curricular-educativo-la-causa-de-las-islas-malvinas\/","name":"En Rio Negro incorporan en el dise\u00f1o curricular educativo la Causa de las Islas Malvinas","isPartOf":{"@id":"https:\/\/patagoniambiental.com.ar\/info\/#website"},"primaryImageOfPage":{"@id":"https:\/\/patagoniambiental.com.ar\/info\/en-rio-negro-incorporan-en-el-diseno-curricular-educativo-la-causa-de-las-islas-malvinas\/#primaryimage"},"image":{"@id":"https:\/\/patagoniambiental.com.ar\/info\/en-rio-negro-incorporan-en-el-diseno-curricular-educativo-la-causa-de-las-islas-malvinas\/#primaryimage"},"thumbnailUrl":"https:\/\/patagoniambiental.com.ar\/info\/wp-content\/uploads\/2018\/07\/600e4c058cb41de75cac38ce01c7c4da-1000malvinas_satelital.jpg","datePublished":"2020-03-16T10:00:24+00:00","dateModified":"2020-03-16T11:14:44+00:00","breadcrumb":{"@id":"https:\/\/patagoniambiental.com.ar\/info\/en-rio-negro-incorporan-en-el-diseno-curricular-educativo-la-causa-de-las-islas-malvinas\/#breadcrumb"},"inLanguage":"es","potentialAction":[{"@type":"ReadAction","target":["https:\/\/patagoniambiental.com.ar\/info\/en-rio-negro-incorporan-en-el-diseno-curricular-educativo-la-causa-de-las-islas-malvinas\/"]}]},{"@type":"ImageObject","inLanguage":"es","@id":"https:\/\/patagoniambiental.com.ar\/info\/en-rio-negro-incorporan-en-el-diseno-curricular-educativo-la-causa-de-las-islas-malvinas\/#primaryimage","url":"https:\/\/patagoniambiental.com.ar\/info\/wp-content\/uploads\/2018\/07\/600e4c058cb41de75cac38ce01c7c4da-1000malvinas_satelital.jpg","contentUrl":"https:\/\/patagoniambiental.com.ar\/info\/wp-content\/uploads\/2018\/07\/600e4c058cb41de75cac38ce01c7c4da-1000malvinas_satelital.jpg","width":1000,"height":667},{"@type":"BreadcrumbList","@id":"https:\/\/patagoniambiental.com.ar\/info\/en-rio-negro-incorporan-en-el-diseno-curricular-educativo-la-causa-de-las-islas-malvinas\/#breadcrumb","itemListElement":[{"@type":"ListItem","position":1,"name":"Inicio","item":"https:\/\/patagoniambiental.com.ar\/info\/"},{"@type":"ListItem","position":2,"name":"En Rio Negro incorporan en el dise\u00f1o curricular educativo la Causa de las Islas Malvinas"}]},{"@type":"WebSite","@id":"https:\/\/patagoniambiental.com.ar\/info\/#website","url":"https:\/\/patagoniambiental.com.ar\/info\/","name":"Patagonia Ambiental","description":"Monitoreo y an\u00e1lisis de la situaci\u00f3n geopol\u00edtica en el mundo y su implicancia en la Patagonia","publisher":{"@id":"https:\/\/patagoniambiental.com.ar\/info\/#organization"},"potentialAction":[{"@type":"SearchAction","target":{"@type":"EntryPoint","urlTemplate":"https:\/\/patagoniambiental.com.ar\/info\/?s={search_term_string}"},"query-input":{"@type":"PropertyValueSpecification","valueRequired":true,"valueName":"search_term_string"}}],"inLanguage":"es"},{"@type":"Organization","@id":"https:\/\/patagoniambiental.com.ar\/info\/#organization","name":"Patagonia Ambiental","url":"https:\/\/patagoniambiental.com.ar\/info\/","logo":{"@type":"ImageObject","inLanguage":"es","@id":"https:\/\/patagoniambiental.com.ar\/info\/#\/schema\/logo\/image\/","url":"https:\/\/patagoniambiental.com.ar\/info\/wp-content\/uploads\/2025\/05\/LOGO-PATAGONIA-AMBIENTAL.png","contentUrl":"https:\/\/patagoniambiental.com.ar\/info\/wp-content\/uploads\/2025\/05\/LOGO-PATAGONIA-AMBIENTAL.png","width":433,"height":250,"caption":"Patagonia Ambiental"},"image":{"@id":"https:\/\/patagoniambiental.com.ar\/info\/#\/schema\/logo\/image\/"},"sameAs":["https:\/\/www.facebook.com\/patagonia.ambiental","https:\/\/x.com\/PatAmb"]},{"@type":"Person","@id":"https:\/\/patagoniambiental.com.ar\/info\/#\/schema\/person\/e5af09d700b2e82cb10c6b8800e0c691","name":"BRAIAN ESTEVEZ","sameAs":["http:\/\/www.patagoniambiental.com.ar"]}]}},"_links":{"self":[{"href":"https:\/\/patagoniambiental.com.ar\/info\/wp-json\/wp\/v2\/posts\/65655","targetHints":{"allow":["GET"]}}],"collection":[{"href":"https:\/\/patagoniambiental.com.ar\/info\/wp-json\/wp\/v2\/posts"}],"about":[{"href":"https:\/\/patagoniambiental.com.ar\/info\/wp-json\/wp\/v2\/types\/post"}],"author":[{"embeddable":true,"href":"https:\/\/patagoniambiental.com.ar\/info\/wp-json\/wp\/v2\/users\/6"}],"replies":[{"embeddable":true,"href":"https:\/\/patagoniambiental.com.ar\/info\/wp-json\/wp\/v2\/comments?post=65655"}],"version-history":[{"count":0,"href":"https:\/\/patagoniambiental.com.ar\/info\/wp-json\/wp\/v2\/posts\/65655\/revisions"}],"wp:featuredmedia":[{"embeddable":true,"href":"https:\/\/patagoniambiental.com.ar\/info\/wp-json\/wp\/v2\/media\/49962"}],"wp:attachment":[{"href":"https:\/\/patagoniambiental.com.ar\/info\/wp-json\/wp\/v2\/media?parent=65655"}],"wp:term":[{"taxonomy":"category","embeddable":true,"href":"https:\/\/patagoniambiental.com.ar\/info\/wp-json\/wp\/v2\/categories?post=65655"},{"taxonomy":"post_tag","embeddable":true,"href":"https:\/\/patagoniambiental.com.ar\/info\/wp-json\/wp\/v2\/tags?post=65655"}],"curies":[{"name":"wp","href":"https:\/\/api.w.org\/{rel}","templated":true}]}}