{"id":65715,"date":"2020-03-20T07:00:12","date_gmt":"2020-03-20T10:00:12","guid":{"rendered":"http:\/\/patagoniambiental.com.ar\/info\/?p=65715"},"modified":"2020-03-19T10:18:20","modified_gmt":"2020-03-19T13:18:20","slug":"el-agua-de-los-canales-de-venecia-se-esta-aclarando-debido-a-la-ausencia-de-turistas","status":"publish","type":"post","link":"https:\/\/patagoniambiental.com.ar\/info\/el-agua-de-los-canales-de-venecia-se-esta-aclarando-debido-a-la-ausencia-de-turistas\/","title":{"rendered":"El agua de los canales de Venecia se est\u00e1 aclarando debido a la ausencia de turistas"},"content":{"rendered":"<section class=\"elementor-element elementor-element-cafcb66 elementor-section-stretched elementor-section-boxed elementor-section-height-default elementor-section-height-default elementor-section elementor-top-section\" data-id=\"cafcb66\" data-element_type=\"section\" data-settings=\"{&quot;stretch_section&quot;:&quot;section-stretched&quot;}\">\n<div class=\"elementor-container elementor-column-gap-default\">\n<div class=\"elementor-row\">\n<div class=\"elementor-element elementor-element-02f6ae1 elementor-column elementor-col-100 elementor-top-column\" data-id=\"02f6ae1\" data-element_type=\"column\">\n<div class=\"elementor-column-wrap  elementor-element-populated\">\n<div class=\"elementor-widget-wrap\">\n<div class=\"elementor-element elementor-element-8ce2f32 elementor-widget elementor-widget-theme-post-title elementor-page-title elementor-widget-heading\" data-id=\"8ce2f32\" data-element_type=\"widget\" data-widget_type=\"theme-post-title.default\">\n<div class=\"elementor-widget-container\">\n<div class=\"elementor-element elementor-element-6c8d61a elementor-column elementor-col-16 elementor-top-column\" data-id=\"6c8d61a\" data-element_type=\"column\">\n<div class=\"elementor-column-wrap  elementor-element-populated\">\n<div class=\"elementor-widget-wrap\">\n<div class=\"elementor-element elementor-element-21444835 elementor-share-buttons--view-icon elementor-share-buttons--skin-minimal elementor-grid-1 elementor-widget__width-inherit elementor-grid-mobile-5 elementor-share-buttons--shape-square elementor-share-buttons--color-official elementor-widget elementor-widget-share-buttons elementor-sticky elementor-sticky__spacer\" data-id=\"21444835\" data-element_type=\"widget\" data-settings=\"{&quot;sticky&quot;:&quot;top&quot;,&quot;sticky_offset&quot;:130,&quot;sticky_parent&quot;:&quot;yes&quot;,&quot;sticky_on&quot;:[&quot;desktop&quot;,&quot;tablet&quot;,&quot;mobile&quot;],&quot;sticky_effects_offset&quot;:0}\" data-widget_type=\"share-buttons.default\">\n<div class=\"elementor-widget-container\">\n<div class=\"elementor-grid\">\n<div class=\"elementor-grid-item\">\n<div class=\"elementor-share-btn elementor-share-btn_pinterest\"><\/div>\n<\/div>\n<\/div>\n<\/div>\n<\/div>\n<\/div>\n<\/div>\n<\/div>\n<div class=\"elementor-element elementor-element-17cb9695 elementor-column elementor-col-66 elementor-top-column\" data-id=\"17cb9695\" data-element_type=\"column\">\n<div class=\"elementor-column-wrap  elementor-element-populated\">\n<div class=\"elementor-widget-wrap\">\n<div class=\"elementor-element elementor-element-39375d7d elementor-widget elementor-widget-theme-post-content\" data-id=\"39375d7d\" data-element_type=\"widget\" data-widget_type=\"theme-post-content.default\">\n<div class=\"elementor-widget-container\">\n<p>Uno de los efectos inmediatos que ya se est\u00e1 observando a partir del aislamiento por Coronavirus, es la\u00a0<a href=\"https:\/\/intriper.com\/imagenes-satelitales-revelan-una-caida-drastica-de-la-contaminacion-en-china-desde-la-llegada-del-coronavirus\/\">disminuci\u00f3n de contaminaci\u00f3n,<\/a>\u00a0especialmente en sitios con una alta concentraci\u00f3n de personas (locales y turistas). China mostr\u00f3 un cielo que hace muchos a\u00f1os no se ve\u00eda: celeste, libre de smog, y esto se deb\u00eda a la dr\u00e1stica disminuci\u00f3n de veh\u00edculos, tr\u00e1nsito de ciudadanos y disminuci\u00f3n de producci\u00f3n de f\u00e1bricas.<\/p>\n<\/div>\n<\/div>\n<\/div>\n<\/div>\n<\/div>\n<\/div>\n<\/div>\n<\/div>\n<\/div>\n<\/div>\n<\/div>\n<\/div>\n<\/section>\n<p><!--more--><\/p>\n<section class=\"elementor-element elementor-element-56c51a13 elementor-section-boxed elementor-section-height-default elementor-section-height-default elementor-section elementor-top-section\" data-id=\"56c51a13\" data-element_type=\"section\">\n<div class=\"elementor-container elementor-column-gap-default\">\n<div class=\"elementor-row\">\n<div class=\"elementor-element elementor-element-a5f7a98 elementor-column elementor-col-100 elementor-top-column\" data-id=\"a5f7a98\" data-element_type=\"column\" data-settings=\"{&quot;background_background&quot;:&quot;classic&quot;}\">\n<div class=\"elementor-column-wrap  elementor-element-populated\">\n<div class=\"elementor-widget-wrap\">\n<section class=\"elementor-element elementor-element-31b0a686 elementor-section-boxed elementor-section-height-default elementor-section-height-default elementor-section elementor-inner-section\" data-id=\"31b0a686\" data-element_type=\"section\">\n<div class=\"elementor-container elementor-column-gap-default\">\n<div class=\"elementor-row\">\n<div class=\"elementor-element elementor-element-5c958318 elementor-column elementor-col-33 elementor-inner-column\" data-id=\"5c958318\" data-element_type=\"column\">\n<div class=\"elementor-column-wrap\">\n<div class=\"elementor-widget-wrap\"><\/div>\n<\/div>\n<\/div>\n<div class=\"elementor-element elementor-element-6d95fe59 elementor-column elementor-col-33 elementor-inner-column\" data-id=\"6d95fe59\" data-element_type=\"column\">\n<div class=\"elementor-column-wrap  elementor-element-populated\">\n<div class=\"elementor-widget-wrap\">\n<div class=\"elementor-element elementor-element-50cf6439 elementor-author-box--layout-image-above elementor-author-box--align-center elementor-widget__width-inherit elementor-absolute elementor-author-box--avatar-yes elementor-author-box--link-no elementor-widget elementor-widget-author-box\" data-id=\"50cf6439\" data-element_type=\"widget\" data-settings=\"{&quot;_position&quot;:&quot;absolute&quot;}\" data-widget_type=\"author-box.default\">\n<div class=\"elementor-widget-container\">\n<div class=\"elementor-author-box\"><a class=\"elementor-author-box__avatar\" href=\"https:\/\/intriper.com\/\" target=\"_blank\" rel=\"noopener\"><img decoding=\"async\" src=\"https:\/\/secure.gravatar.com\/avatar\/3d52853cd09c00cad873c67bce71d33a?s=300&amp;d=identicon&amp;r=g\" alt=\"Santiago Cravero\" \/><\/a><\/p>\n<div class=\"elementor-author-box__text\"><\/div>\n<\/div>\n<\/div>\n<\/div>\n<\/div>\n<\/div>\n<\/div>\n<\/div>\n<\/div>\n<\/section>\n<\/div>\n<\/div>\n<\/div>\n<\/div>\n<\/div>\n<\/section>\n<section class=\"elementor-element elementor-element-69c29672 elementor-section-stretched elementor-section-boxed elementor-section-height-default elementor-section-height-default elementor-section elementor-top-section\" data-id=\"69c29672\" data-element_type=\"section\" data-settings=\"{&quot;stretch_section&quot;:&quot;section-stretched&quot;}\">\n<div class=\"elementor-container elementor-column-gap-default\">\n<div class=\"elementor-row\">\n<div class=\"elementor-element elementor-element-6c8d61a elementor-column elementor-col-16 elementor-top-column\" data-id=\"6c8d61a\" data-element_type=\"column\">\n<div class=\"elementor-column-wrap  elementor-element-populated\">\n<div class=\"elementor-widget-wrap\">\n<div class=\"elementor-element elementor-element-21444835 elementor-share-buttons--view-icon elementor-share-buttons--skin-minimal elementor-grid-1 elementor-widget__width-inherit elementor-grid-mobile-5 elementor-share-buttons--shape-square elementor-share-buttons--color-official elementor-widget elementor-widget-share-buttons elementor-sticky elementor-sticky__spacer\" data-id=\"21444835\" data-element_type=\"widget\" data-settings=\"{&quot;sticky&quot;:&quot;top&quot;,&quot;sticky_offset&quot;:130,&quot;sticky_parent&quot;:&quot;yes&quot;,&quot;sticky_on&quot;:[&quot;desktop&quot;,&quot;tablet&quot;,&quot;mobile&quot;],&quot;sticky_effects_offset&quot;:0}\" data-widget_type=\"share-buttons.default\">\n<div class=\"elementor-widget-container\">\n<div class=\"elementor-grid\">\n<div class=\"elementor-grid-item\">\n<div class=\"elementor-share-btn elementor-share-btn_twitter\"><\/div>\n<\/div>\n<div class=\"elementor-grid-item\">\n<div class=\"elementor-share-btn elementor-share-btn_google\"><\/div>\n<\/div>\n<div class=\"elementor-grid-item\">\n<div class=\"elementor-share-btn elementor-share-btn_linkedin\"><\/div>\n<\/div>\n<div class=\"elementor-grid-item\"><\/div>\n<\/div>\n<\/div>\n<\/div>\n<\/div>\n<\/div>\n<\/div>\n<div class=\"elementor-element elementor-element-17cb9695 elementor-column elementor-col-66 elementor-top-column\" data-id=\"17cb9695\" data-element_type=\"column\">\n<div class=\"elementor-column-wrap  elementor-element-populated\">\n<div class=\"elementor-widget-wrap\">\n<div class=\"elementor-element elementor-element-39375d7d elementor-widget elementor-widget-theme-post-content\" data-id=\"39375d7d\" data-element_type=\"widget\" data-widget_type=\"theme-post-content.default\">\n<div class=\"elementor-widget-container\">\n<p>&nbsp;<\/p>\n<p>En el caso de Venecia, la falta de turistas y tr\u00e1fico de barcos a lo largo de los canales est\u00e1 teniendo algunos efectos positivos. Como es sabido, toda\u00a0<a href=\"https:\/\/intriper.com\/italia-fue-declarada-zona-roja-el-gobierno-prohibe-todos-los-movimientos-para-contener-el-brote-de-coronavirus\/\">Italia est\u00e1 bloqueada debido al coronavirus<\/a>, lo que significa que Venecia, una de las atracciones tur\u00edsticas m\u00e1s grandes del pa\u00eds, est\u00e1 viendo mucho menos tr\u00e1fico peatonal y de botes, incluso literalmente vac\u00eda por momentos.<\/p>\n<p>Este dr\u00e1stico cambio ha llevado a que los residentes locales notaran un cambio en la calidad del agua de la ciudad.<\/p>\n<blockquote class=\"wp-block-quote\"><p>Ya no es turbia, el agua del canal de la ciudad ahora es mucho m\u00e1s clara, e incluso puedes ver peque\u00f1os peces nadando.<\/p><\/blockquote>\n<p><iframe id=\"instagram-embed-0\" class=\"instagram-media instagram-media-rendered\" src=\"https:\/\/www.instagram.com\/p\/B91ytYrlFLz\/embed\/captioned\/?cr=1&amp;v=12&amp;wp=540&amp;rd=https%3A%2F%2Fintriper.com&amp;rp=%2Fel-agua-de-los-canales-de-venecia-se-aclarando-debido-a-la-ausencia-de-turistas%2F%3Ffbclid%3DIwAR04YxI7UQmxZ03_GZPbZLPm9DPZnhvgm56S_0gwufzOz1MmYATUpqUSxCA#%7B%22ci%22%3A0%2C%22os%22%3A5552.379999999857%2C%22ls%22%3A4254.849999999806%2C%22le%22%3A4276.094999999941%7D\" height=\"832\" frameborder=\"0\" scrolling=\"no\" allowfullscreen=\"allowfullscreen\" data-instgrm-payload-id=\"instagram-media-payload-0\" data-mce-fragment=\"1\"><\/iframe>El grupo de\u00a0<a href=\"https:\/\/www.facebook.com\/groups\/378156922321320\/permalink\/1799656913504640\/\">Facebook Venezia Pulita\u00a0<\/a>se ha llenado de fotos de los canales transparentes que los residentes publican junto a una serie de comentarios optimistas.<\/p>\n<p><iframe title=\"Grabacion-de-pantalla-2020-03-16-a-las-21.03.18\" src=\"https:\/\/cdn.jwplayer.com\/players\/CNO3xYKq-t5XLZS6g.html\" width=\"640\" height=\"360\" frameborder=\"0\" scrolling=\"auto\" allowfullscreen=\"allowfullscreen\" data-mce-fragment=\"1\"><\/iframe><\/p>\n<blockquote class=\"wp-block-quote\"><p>Un veneciano escribi\u00f3: \u201cQu\u00e9 maravilla fue esta Venecia; este virus trajo algo \u2026 hermoso \u201c.<\/p><\/blockquote>\n<p>Seg\u00fan el alcalde de Venecia, \u201cel agua ahora se ve m\u00e1s clara porque hay menos tr\u00e1fico en los canales, lo que permite que el sedimento permanezca en el fondo. Es porque hay menos tr\u00e1fico de botes que generalmente lleva sedimento a la parte superior de la superficie del agua \u201c.<\/p>\n<figure class=\"wp-block-image size-large\"><img decoding=\"async\" class=\"wp-image-93957\" src=\"https:\/\/cdn1.intriper.com\/wp-content\/uploads\/2020\/03\/16215316\/89875967_10221212452483416_7836533973219016704_o-1024x462.jpg\" sizes=\"(max-width: 1024px) 100vw, 1024px\" srcset=\"https:\/\/cdn1.intriper.com\/wp-content\/uploads\/2020\/03\/16215316\/89875967_10221212452483416_7836533973219016704_o-1024x462.jpg 1024w, https:\/\/cdn1.intriper.com\/wp-content\/uploads\/2020\/03\/16215316\/89875967_10221212452483416_7836533973219016704_o-300x135.jpg 300w, https:\/\/cdn1.intriper.com\/wp-content\/uploads\/2020\/03\/16215316\/89875967_10221212452483416_7836533973219016704_o-768x347.jpg 768w, https:\/\/cdn1.intriper.com\/wp-content\/uploads\/2020\/03\/16215316\/89875967_10221212452483416_7836533973219016704_o.jpg 1417w\" alt=\"\" \/><\/figure>\n<p>La calidad del aire tambi\u00e9n ha mejorado, y la oficina del alcalde dice que el aire \u201cest\u00e1 menos contaminado ya que hay menos vaporetti y tr\u00e1fico de botes que lo habitual debido al movimiento restringido de los residentes\u201d.<\/p>\n<h4>Seguinos en\u00a0<a href=\"https:\/\/instagram.com\/intriper\">instagram.com\/intriper<\/a><\/h4>\n<p><iframe id=\"instagram-embed-1\" class=\"instagram-media instagram-media-rendered\" src=\"https:\/\/www.instagram.com\/p\/B90MN_ql5af\/embed\/captioned\/?cr=1&amp;v=12&amp;wp=540&amp;rd=https%3A%2F%2Fintriper.com&amp;rp=%2Fel-agua-de-los-canales-de-venecia-se-aclarando-debido-a-la-ausencia-de-turistas%2F%3Ffbclid%3DIwAR04YxI7UQmxZ03_GZPbZLPm9DPZnhvgm56S_0gwufzOz1MmYATUpqUSxCA#%7B%22ci%22%3A1%2C%22os%22%3A5557.869999999866%2C%22ls%22%3A4254.849999999806%2C%22le%22%3A4276.094999999941%7D\" height=\"832\" frameborder=\"0\" scrolling=\"no\" allowfullscreen=\"allowfullscreen\" data-instgrm-payload-id=\"instagram-media-payload-1\" data-mce-fragment=\"1\"><\/iframe><\/p>\n<h3>Fuente:\u00a0https:\/\/intriper.com\/el-agua-de-los-canales-de-venecia-se-aclarando-debido-a-la-ausencia-de-turistas\/?fbclid=IwAR04YxI7UQmxZ03_GZPbZLPm9DPZnhvgm56S_0gwufzOz1MmYATUpqUSxCA<\/h3>\n<\/div>\n<\/div>\n<\/div>\n<\/div>\n<\/div>\n<\/div>\n<\/div>\n<\/section>\n","protected":false},"excerpt":{"rendered":"<p>Uno de los efectos inmediatos que ya se est\u00e1 observando a partir del aislamiento por Coronavirus, es la\u00a0disminuci\u00f3n de contaminaci\u00f3n,\u00a0especialmente [&hellip;]<\/p>\n","protected":false},"author":6,"featured_media":65716,"comment_status":"open","ping_status":"open","sticky":false,"template":"","format":"standard","meta":{"site-sidebar-layout":"default","site-content-layout":"","ast-site-content-layout":"default","site-content-style":"default","site-sidebar-style":"default","ast-global-header-display":"","ast-banner-title-visibility":"","ast-main-header-display":"","ast-hfb-above-header-display":"","ast-hfb-below-header-display":"","ast-hfb-mobile-header-display":"","site-post-title":"","ast-breadcrumbs-content":"","ast-featured-img":"","footer-sml-layout":"","ast-disable-related-posts":"","theme-transparent-header-meta":"","adv-header-id-meta":"","stick-header-meta":"","header-above-stick-meta":"","header-main-stick-meta":"","header-below-stick-meta":"","astra-migrate-meta-layouts":"default","ast-page-background-enabled":"default","ast-page-background-meta":{"desktop":{"background-color":"var(--ast-global-color-5)","background-image":"","background-repeat":"repeat","background-position":"center center","background-size":"auto","background-attachment":"scroll","background-type":"","background-media":"","overlay-type":"","overlay-color":"","overlay-opacity":"","overlay-gradient":""},"tablet":{"background-color":"","background-image":"","background-repeat":"repeat","background-position":"center center","background-size":"auto","background-attachment":"scroll","background-type":"","background-media":"","overlay-type":"","overlay-color":"","overlay-opacity":"","overlay-gradient":""},"mobile":{"background-color":"","background-image":"","background-repeat":"repeat","background-position":"center center","background-size":"auto","background-attachment":"scroll","background-type":"","background-media":"","overlay-type":"","overlay-color":"","overlay-opacity":"","overlay-gradient":""}},"ast-content-background-meta":{"desktop":{"background-color":"var(--ast-global-color-4)","background-image":"","background-repeat":"repeat","background-position":"center center","background-size":"auto","background-attachment":"scroll","background-type":"","background-media":"","overlay-type":"","overlay-color":"","overlay-opacity":"","overlay-gradient":""},"tablet":{"background-color":"var(--ast-global-color-4)","background-image":"","background-repeat":"repeat","background-position":"center center","background-size":"auto","background-attachment":"scroll","background-type":"","background-media":"","overlay-type":"","overlay-color":"","overlay-opacity":"","overlay-gradient":""},"mobile":{"background-color":"var(--ast-global-color-4)","background-image":"","background-repeat":"repeat","background-position":"center center","background-size":"auto","background-attachment":"scroll","background-type":"","background-media":"","overlay-type":"","overlay-color":"","overlay-opacity":"","overlay-gradient":""}},"footnotes":""},"categories":[11,23,1,10],"tags":[],"class_list":["post-65715","post","type-post","status-publish","format-standard","has-post-thumbnail","hentry","category-boletin","category-internacionales","category-noticias","category-rotador"],"yoast_head":"<!-- This site is optimized with the Yoast SEO Premium plugin v23.0 (Yoast SEO v27.5) - https:\/\/yoast.com\/product\/yoast-seo-premium-wordpress\/ -->\n<title>El agua de los canales de Venecia se est\u00e1 aclarando debido a la ausencia de turistas<\/title>\n<meta name=\"robots\" content=\"index, follow, max-snippet:-1, max-image-preview:large, max-video-preview:-1\" \/>\n<link rel=\"canonical\" href=\"https:\/\/patagoniambiental.com.ar\/info\/el-agua-de-los-canales-de-venecia-se-esta-aclarando-debido-a-la-ausencia-de-turistas\/\" \/>\n<meta property=\"og:locale\" content=\"es_ES\" \/>\n<meta property=\"og:type\" content=\"article\" \/>\n<meta property=\"og:title\" content=\"El agua de los canales de Venecia se est\u00e1 aclarando debido a la ausencia de turistas\" \/>\n<meta property=\"og:description\" content=\"Uno de los efectos inmediatos que ya se est\u00e1 observando a partir del aislamiento por Coronavirus, es la\u00a0disminuci\u00f3n de contaminaci\u00f3n,\u00a0especialmente [&hellip;]\" \/>\n<meta property=\"og:url\" content=\"https:\/\/patagoniambiental.com.ar\/info\/el-agua-de-los-canales-de-venecia-se-esta-aclarando-debido-a-la-ausencia-de-turistas\/\" \/>\n<meta property=\"og:site_name\" content=\"Patagonia Ambiental\" \/>\n<meta property=\"article:publisher\" content=\"https:\/\/www.facebook.com\/patagonia.ambiental\" \/>\n<meta property=\"article:published_time\" content=\"2020-03-20T10:00:12+00:00\" \/>\n<meta property=\"og:image\" content=\"https:\/\/patagoniambiental.com.ar\/info\/wp-content\/uploads\/2020\/03\/89875967_10221212452483416_7836533973219016704_o-1024x462.jpg\" \/>\n\t<meta property=\"og:image:width\" content=\"1024\" \/>\n\t<meta property=\"og:image:height\" content=\"462\" \/>\n\t<meta property=\"og:image:type\" content=\"image\/jpeg\" \/>\n<meta name=\"author\" content=\"BRAIAN ESTEVEZ\" \/>\n<meta name=\"twitter:card\" content=\"summary_large_image\" \/>\n<meta name=\"twitter:creator\" content=\"@PatAmb\" \/>\n<meta name=\"twitter:site\" content=\"@PatAmb\" \/>\n<script type=\"application\/ld+json\" class=\"yoast-schema-graph\">{\"@context\":\"https:\\\/\\\/schema.org\",\"@graph\":[{\"@type\":\"Article\",\"@id\":\"https:\\\/\\\/patagoniambiental.com.ar\\\/info\\\/el-agua-de-los-canales-de-venecia-se-esta-aclarando-debido-a-la-ausencia-de-turistas\\\/#article\",\"isPartOf\":{\"@id\":\"https:\\\/\\\/patagoniambiental.com.ar\\\/info\\\/el-agua-de-los-canales-de-venecia-se-esta-aclarando-debido-a-la-ausencia-de-turistas\\\/\"},\"author\":{\"name\":\"BRAIAN ESTEVEZ\",\"@id\":\"https:\\\/\\\/patagoniambiental.com.ar\\\/info\\\/#\\\/schema\\\/person\\\/e5af09d700b2e82cb10c6b8800e0c691\"},\"headline\":\"El agua de los canales de Venecia se est\u00e1 aclarando debido a la ausencia de turistas\",\"datePublished\":\"2020-03-20T10:00:12+00:00\",\"mainEntityOfPage\":{\"@id\":\"https:\\\/\\\/patagoniambiental.com.ar\\\/info\\\/el-agua-de-los-canales-de-venecia-se-esta-aclarando-debido-a-la-ausencia-de-turistas\\\/\"},\"wordCount\":363,\"commentCount\":0,\"publisher\":{\"@id\":\"https:\\\/\\\/patagoniambiental.com.ar\\\/info\\\/#organization\"},\"image\":{\"@id\":\"https:\\\/\\\/patagoniambiental.com.ar\\\/info\\\/el-agua-de-los-canales-de-venecia-se-esta-aclarando-debido-a-la-ausencia-de-turistas\\\/#primaryimage\"},\"thumbnailUrl\":\"https:\\\/\\\/patagoniambiental.com.ar\\\/info\\\/wp-content\\\/uploads\\\/2020\\\/03\\\/89875967_10221212452483416_7836533973219016704_o-1024x462.jpg\",\"articleSection\":[\"Bolet\u00edn\",\"Internacionales\",\"Noticias\",\"Rotador\"],\"inLanguage\":\"es\",\"potentialAction\":[{\"@type\":\"CommentAction\",\"name\":\"Comment\",\"target\":[\"https:\\\/\\\/patagoniambiental.com.ar\\\/info\\\/el-agua-de-los-canales-de-venecia-se-esta-aclarando-debido-a-la-ausencia-de-turistas\\\/#respond\"]}]},{\"@type\":\"WebPage\",\"@id\":\"https:\\\/\\\/patagoniambiental.com.ar\\\/info\\\/el-agua-de-los-canales-de-venecia-se-esta-aclarando-debido-a-la-ausencia-de-turistas\\\/\",\"url\":\"https:\\\/\\\/patagoniambiental.com.ar\\\/info\\\/el-agua-de-los-canales-de-venecia-se-esta-aclarando-debido-a-la-ausencia-de-turistas\\\/\",\"name\":\"El agua de los canales de Venecia se est\u00e1 aclarando debido a la ausencia de turistas\",\"isPartOf\":{\"@id\":\"https:\\\/\\\/patagoniambiental.com.ar\\\/info\\\/#website\"},\"primaryImageOfPage\":{\"@id\":\"https:\\\/\\\/patagoniambiental.com.ar\\\/info\\\/el-agua-de-los-canales-de-venecia-se-esta-aclarando-debido-a-la-ausencia-de-turistas\\\/#primaryimage\"},\"image\":{\"@id\":\"https:\\\/\\\/patagoniambiental.com.ar\\\/info\\\/el-agua-de-los-canales-de-venecia-se-esta-aclarando-debido-a-la-ausencia-de-turistas\\\/#primaryimage\"},\"thumbnailUrl\":\"https:\\\/\\\/patagoniambiental.com.ar\\\/info\\\/wp-content\\\/uploads\\\/2020\\\/03\\\/89875967_10221212452483416_7836533973219016704_o-1024x462.jpg\",\"datePublished\":\"2020-03-20T10:00:12+00:00\",\"breadcrumb\":{\"@id\":\"https:\\\/\\\/patagoniambiental.com.ar\\\/info\\\/el-agua-de-los-canales-de-venecia-se-esta-aclarando-debido-a-la-ausencia-de-turistas\\\/#breadcrumb\"},\"inLanguage\":\"es\",\"potentialAction\":[{\"@type\":\"ReadAction\",\"target\":[\"https:\\\/\\\/patagoniambiental.com.ar\\\/info\\\/el-agua-de-los-canales-de-venecia-se-esta-aclarando-debido-a-la-ausencia-de-turistas\\\/\"]}]},{\"@type\":\"ImageObject\",\"inLanguage\":\"es\",\"@id\":\"https:\\\/\\\/patagoniambiental.com.ar\\\/info\\\/el-agua-de-los-canales-de-venecia-se-esta-aclarando-debido-a-la-ausencia-de-turistas\\\/#primaryimage\",\"url\":\"https:\\\/\\\/patagoniambiental.com.ar\\\/info\\\/wp-content\\\/uploads\\\/2020\\\/03\\\/89875967_10221212452483416_7836533973219016704_o-1024x462.jpg\",\"contentUrl\":\"https:\\\/\\\/patagoniambiental.com.ar\\\/info\\\/wp-content\\\/uploads\\\/2020\\\/03\\\/89875967_10221212452483416_7836533973219016704_o-1024x462.jpg\",\"width\":1024,\"height\":462},{\"@type\":\"BreadcrumbList\",\"@id\":\"https:\\\/\\\/patagoniambiental.com.ar\\\/info\\\/el-agua-de-los-canales-de-venecia-se-esta-aclarando-debido-a-la-ausencia-de-turistas\\\/#breadcrumb\",\"itemListElement\":[{\"@type\":\"ListItem\",\"position\":1,\"name\":\"Inicio\",\"item\":\"https:\\\/\\\/patagoniambiental.com.ar\\\/info\\\/\"},{\"@type\":\"ListItem\",\"position\":2,\"name\":\"El agua de los canales de Venecia se est\u00e1 aclarando debido a la ausencia de turistas\"}]},{\"@type\":\"WebSite\",\"@id\":\"https:\\\/\\\/patagoniambiental.com.ar\\\/info\\\/#website\",\"url\":\"https:\\\/\\\/patagoniambiental.com.ar\\\/info\\\/\",\"name\":\"Patagonia Ambiental\",\"description\":\"Monitoreo y an\u00e1lisis de la situaci\u00f3n geopol\u00edtica en el mundo y su implicancia en la Patagonia\",\"publisher\":{\"@id\":\"https:\\\/\\\/patagoniambiental.com.ar\\\/info\\\/#organization\"},\"potentialAction\":[{\"@type\":\"SearchAction\",\"target\":{\"@type\":\"EntryPoint\",\"urlTemplate\":\"https:\\\/\\\/patagoniambiental.com.ar\\\/info\\\/?s={search_term_string}\"},\"query-input\":{\"@type\":\"PropertyValueSpecification\",\"valueRequired\":true,\"valueName\":\"search_term_string\"}}],\"inLanguage\":\"es\"},{\"@type\":\"Organization\",\"@id\":\"https:\\\/\\\/patagoniambiental.com.ar\\\/info\\\/#organization\",\"name\":\"Patagonia Ambiental\",\"url\":\"https:\\\/\\\/patagoniambiental.com.ar\\\/info\\\/\",\"logo\":{\"@type\":\"ImageObject\",\"inLanguage\":\"es\",\"@id\":\"https:\\\/\\\/patagoniambiental.com.ar\\\/info\\\/#\\\/schema\\\/logo\\\/image\\\/\",\"url\":\"https:\\\/\\\/patagoniambiental.com.ar\\\/info\\\/wp-content\\\/uploads\\\/2025\\\/05\\\/LOGO-PATAGONIA-AMBIENTAL.png\",\"contentUrl\":\"https:\\\/\\\/patagoniambiental.com.ar\\\/info\\\/wp-content\\\/uploads\\\/2025\\\/05\\\/LOGO-PATAGONIA-AMBIENTAL.png\",\"width\":433,\"height\":250,\"caption\":\"Patagonia Ambiental\"},\"image\":{\"@id\":\"https:\\\/\\\/patagoniambiental.com.ar\\\/info\\\/#\\\/schema\\\/logo\\\/image\\\/\"},\"sameAs\":[\"https:\\\/\\\/www.facebook.com\\\/patagonia.ambiental\",\"https:\\\/\\\/x.com\\\/PatAmb\"]},{\"@type\":\"Person\",\"@id\":\"https:\\\/\\\/patagoniambiental.com.ar\\\/info\\\/#\\\/schema\\\/person\\\/e5af09d700b2e82cb10c6b8800e0c691\",\"name\":\"BRAIAN ESTEVEZ\",\"sameAs\":[\"http:\\\/\\\/www.patagoniambiental.com.ar\"]}]}<\/script>\n<!-- \/ Yoast SEO Premium plugin. -->","yoast_head_json":{"title":"El agua de los canales de Venecia se est\u00e1 aclarando debido a la ausencia de turistas","robots":{"index":"index","follow":"follow","max-snippet":"max-snippet:-1","max-image-preview":"max-image-preview:large","max-video-preview":"max-video-preview:-1"},"canonical":"https:\/\/patagoniambiental.com.ar\/info\/el-agua-de-los-canales-de-venecia-se-esta-aclarando-debido-a-la-ausencia-de-turistas\/","og_locale":"es_ES","og_type":"article","og_title":"El agua de los canales de Venecia se est\u00e1 aclarando debido a la ausencia de turistas","og_description":"Uno de los efectos inmediatos que ya se est\u00e1 observando a partir del aislamiento por Coronavirus, es la\u00a0disminuci\u00f3n de contaminaci\u00f3n,\u00a0especialmente [&hellip;]","og_url":"https:\/\/patagoniambiental.com.ar\/info\/el-agua-de-los-canales-de-venecia-se-esta-aclarando-debido-a-la-ausencia-de-turistas\/","og_site_name":"Patagonia Ambiental","article_publisher":"https:\/\/www.facebook.com\/patagonia.ambiental","article_published_time":"2020-03-20T10:00:12+00:00","og_image":[{"width":1024,"height":462,"url":"https:\/\/patagoniambiental.com.ar\/info\/wp-content\/uploads\/2020\/03\/89875967_10221212452483416_7836533973219016704_o-1024x462.jpg","type":"image\/jpeg"}],"author":"BRAIAN ESTEVEZ","twitter_card":"summary_large_image","twitter_creator":"@PatAmb","twitter_site":"@PatAmb","schema":{"@context":"https:\/\/schema.org","@graph":[{"@type":"Article","@id":"https:\/\/patagoniambiental.com.ar\/info\/el-agua-de-los-canales-de-venecia-se-esta-aclarando-debido-a-la-ausencia-de-turistas\/#article","isPartOf":{"@id":"https:\/\/patagoniambiental.com.ar\/info\/el-agua-de-los-canales-de-venecia-se-esta-aclarando-debido-a-la-ausencia-de-turistas\/"},"author":{"name":"BRAIAN ESTEVEZ","@id":"https:\/\/patagoniambiental.com.ar\/info\/#\/schema\/person\/e5af09d700b2e82cb10c6b8800e0c691"},"headline":"El agua de los canales de Venecia se est\u00e1 aclarando debido a la ausencia de turistas","datePublished":"2020-03-20T10:00:12+00:00","mainEntityOfPage":{"@id":"https:\/\/patagoniambiental.com.ar\/info\/el-agua-de-los-canales-de-venecia-se-esta-aclarando-debido-a-la-ausencia-de-turistas\/"},"wordCount":363,"commentCount":0,"publisher":{"@id":"https:\/\/patagoniambiental.com.ar\/info\/#organization"},"image":{"@id":"https:\/\/patagoniambiental.com.ar\/info\/el-agua-de-los-canales-de-venecia-se-esta-aclarando-debido-a-la-ausencia-de-turistas\/#primaryimage"},"thumbnailUrl":"https:\/\/patagoniambiental.com.ar\/info\/wp-content\/uploads\/2020\/03\/89875967_10221212452483416_7836533973219016704_o-1024x462.jpg","articleSection":["Bolet\u00edn","Internacionales","Noticias","Rotador"],"inLanguage":"es","potentialAction":[{"@type":"CommentAction","name":"Comment","target":["https:\/\/patagoniambiental.com.ar\/info\/el-agua-de-los-canales-de-venecia-se-esta-aclarando-debido-a-la-ausencia-de-turistas\/#respond"]}]},{"@type":"WebPage","@id":"https:\/\/patagoniambiental.com.ar\/info\/el-agua-de-los-canales-de-venecia-se-esta-aclarando-debido-a-la-ausencia-de-turistas\/","url":"https:\/\/patagoniambiental.com.ar\/info\/el-agua-de-los-canales-de-venecia-se-esta-aclarando-debido-a-la-ausencia-de-turistas\/","name":"El agua de los canales de Venecia se est\u00e1 aclarando debido a la ausencia de turistas","isPartOf":{"@id":"https:\/\/patagoniambiental.com.ar\/info\/#website"},"primaryImageOfPage":{"@id":"https:\/\/patagoniambiental.com.ar\/info\/el-agua-de-los-canales-de-venecia-se-esta-aclarando-debido-a-la-ausencia-de-turistas\/#primaryimage"},"image":{"@id":"https:\/\/patagoniambiental.com.ar\/info\/el-agua-de-los-canales-de-venecia-se-esta-aclarando-debido-a-la-ausencia-de-turistas\/#primaryimage"},"thumbnailUrl":"https:\/\/patagoniambiental.com.ar\/info\/wp-content\/uploads\/2020\/03\/89875967_10221212452483416_7836533973219016704_o-1024x462.jpg","datePublished":"2020-03-20T10:00:12+00:00","breadcrumb":{"@id":"https:\/\/patagoniambiental.com.ar\/info\/el-agua-de-los-canales-de-venecia-se-esta-aclarando-debido-a-la-ausencia-de-turistas\/#breadcrumb"},"inLanguage":"es","potentialAction":[{"@type":"ReadAction","target":["https:\/\/patagoniambiental.com.ar\/info\/el-agua-de-los-canales-de-venecia-se-esta-aclarando-debido-a-la-ausencia-de-turistas\/"]}]},{"@type":"ImageObject","inLanguage":"es","@id":"https:\/\/patagoniambiental.com.ar\/info\/el-agua-de-los-canales-de-venecia-se-esta-aclarando-debido-a-la-ausencia-de-turistas\/#primaryimage","url":"https:\/\/patagoniambiental.com.ar\/info\/wp-content\/uploads\/2020\/03\/89875967_10221212452483416_7836533973219016704_o-1024x462.jpg","contentUrl":"https:\/\/patagoniambiental.com.ar\/info\/wp-content\/uploads\/2020\/03\/89875967_10221212452483416_7836533973219016704_o-1024x462.jpg","width":1024,"height":462},{"@type":"BreadcrumbList","@id":"https:\/\/patagoniambiental.com.ar\/info\/el-agua-de-los-canales-de-venecia-se-esta-aclarando-debido-a-la-ausencia-de-turistas\/#breadcrumb","itemListElement":[{"@type":"ListItem","position":1,"name":"Inicio","item":"https:\/\/patagoniambiental.com.ar\/info\/"},{"@type":"ListItem","position":2,"name":"El agua de los canales de Venecia se est\u00e1 aclarando debido a la ausencia de turistas"}]},{"@type":"WebSite","@id":"https:\/\/patagoniambiental.com.ar\/info\/#website","url":"https:\/\/patagoniambiental.com.ar\/info\/","name":"Patagonia Ambiental","description":"Monitoreo y an\u00e1lisis de la situaci\u00f3n geopol\u00edtica en el mundo y su implicancia en la Patagonia","publisher":{"@id":"https:\/\/patagoniambiental.com.ar\/info\/#organization"},"potentialAction":[{"@type":"SearchAction","target":{"@type":"EntryPoint","urlTemplate":"https:\/\/patagoniambiental.com.ar\/info\/?s={search_term_string}"},"query-input":{"@type":"PropertyValueSpecification","valueRequired":true,"valueName":"search_term_string"}}],"inLanguage":"es"},{"@type":"Organization","@id":"https:\/\/patagoniambiental.com.ar\/info\/#organization","name":"Patagonia Ambiental","url":"https:\/\/patagoniambiental.com.ar\/info\/","logo":{"@type":"ImageObject","inLanguage":"es","@id":"https:\/\/patagoniambiental.com.ar\/info\/#\/schema\/logo\/image\/","url":"https:\/\/patagoniambiental.com.ar\/info\/wp-content\/uploads\/2025\/05\/LOGO-PATAGONIA-AMBIENTAL.png","contentUrl":"https:\/\/patagoniambiental.com.ar\/info\/wp-content\/uploads\/2025\/05\/LOGO-PATAGONIA-AMBIENTAL.png","width":433,"height":250,"caption":"Patagonia Ambiental"},"image":{"@id":"https:\/\/patagoniambiental.com.ar\/info\/#\/schema\/logo\/image\/"},"sameAs":["https:\/\/www.facebook.com\/patagonia.ambiental","https:\/\/x.com\/PatAmb"]},{"@type":"Person","@id":"https:\/\/patagoniambiental.com.ar\/info\/#\/schema\/person\/e5af09d700b2e82cb10c6b8800e0c691","name":"BRAIAN ESTEVEZ","sameAs":["http:\/\/www.patagoniambiental.com.ar"]}]}},"_links":{"self":[{"href":"https:\/\/patagoniambiental.com.ar\/info\/wp-json\/wp\/v2\/posts\/65715","targetHints":{"allow":["GET"]}}],"collection":[{"href":"https:\/\/patagoniambiental.com.ar\/info\/wp-json\/wp\/v2\/posts"}],"about":[{"href":"https:\/\/patagoniambiental.com.ar\/info\/wp-json\/wp\/v2\/types\/post"}],"author":[{"embeddable":true,"href":"https:\/\/patagoniambiental.com.ar\/info\/wp-json\/wp\/v2\/users\/6"}],"replies":[{"embeddable":true,"href":"https:\/\/patagoniambiental.com.ar\/info\/wp-json\/wp\/v2\/comments?post=65715"}],"version-history":[{"count":0,"href":"https:\/\/patagoniambiental.com.ar\/info\/wp-json\/wp\/v2\/posts\/65715\/revisions"}],"wp:featuredmedia":[{"embeddable":true,"href":"https:\/\/patagoniambiental.com.ar\/info\/wp-json\/wp\/v2\/media\/65716"}],"wp:attachment":[{"href":"https:\/\/patagoniambiental.com.ar\/info\/wp-json\/wp\/v2\/media?parent=65715"}],"wp:term":[{"taxonomy":"category","embeddable":true,"href":"https:\/\/patagoniambiental.com.ar\/info\/wp-json\/wp\/v2\/categories?post=65715"},{"taxonomy":"post_tag","embeddable":true,"href":"https:\/\/patagoniambiental.com.ar\/info\/wp-json\/wp\/v2\/tags?post=65715"}],"curies":[{"name":"wp","href":"https:\/\/api.w.org\/{rel}","templated":true}]}}