{"id":65723,"date":"2020-03-20T19:00:29","date_gmt":"2020-03-20T22:00:29","guid":{"rendered":"http:\/\/patagoniambiental.com.ar\/info\/?p=65723"},"modified":"2020-03-20T09:31:08","modified_gmt":"2020-03-20T12:31:08","slug":"vialidad-rionegrina-adopto-medidas-preventivas-en-las-balsas-guardia-mitre-y-villa-llanquin","status":"publish","type":"post","link":"https:\/\/patagoniambiental.com.ar\/info\/vialidad-rionegrina-adopto-medidas-preventivas-en-las-balsas-guardia-mitre-y-villa-llanquin\/","title":{"rendered":"Vialidad Rionegrina adopt\u00f3 medidas preventivas en las balsas Guardia Mitre y Villa Llanqu\u00edn"},"content":{"rendered":"<p>Ante el receso general excepcional de la Administraci\u00f3n P\u00fablica, la Direcci\u00f3n de Vialidad Rionegrina ha adoptado una serie de medidas de restricci\u00f3n en relaci\u00f3n al servicio de balsa en las localidades de Guardia Mitre y Villa LLanqu\u00edn.<\/p>\n<p><!--more--><\/p>\n<p><a href=\"https:\/\/www.rionegro.gov.ar\/\/download\/images\/00048212.jpg\" target=\"_blank\" rel=\"noopener noreferrer\" data-auth=\"NotApplicable\"><img decoding=\"async\" class=\"alignleft\" src=\"https:\/\/www.rionegro.gov.ar\/\/download\/images\/medio\/00048212.jpg\" data-imagetype=\"External\" \/><\/a><\/p>\n<div>\n<p>&#8211; La Balsa Sauce Blanco, que vincula Guardia Mitre con la ruta nacional 250, prestar\u00e1 servicios en el d\u00eda de hoy de 7 a 15 y de 18 a 21. Desde el d\u00eda 20 de marzo hasta el 31 de marzo inclusive, la embarcaci\u00f3n funcionar\u00e1 en dos turnos de tres horas cada uno: de 8 a 11 y de 18 a 21.<\/p>\n<p>&#8211; La Balsa de Villa Llanqu\u00edn, que conecta a esa comisi\u00f3n de fomento con la ruta nacional N\u00ba 40, se mantiene desde el d\u00eda de hoy y hasta el 31 de marzo inclusive, cerrada y fuera de funcionamiento. Permanecer\u00e1 una guardia en el lugar, a los fines de brindar el servicio de cruce s\u00f3lo en casos de extrema urgencia.<\/p>\n<p>Desde la Direcci\u00f3n de Vialidad Rionegrina se informa que las medidas adoptadas tienen como objetivo principal restringir la circulaci\u00f3n de personas y garantizar el distanciamiento social. Solicitamos a la poblaci\u00f3n respetar estrictamente las mencionadas disposiciones, como as\u00ed tambi\u00e9n cada una de las medidas tomadas por el Gobierno Provincial a los fines de prevenir la propagaci\u00f3n del coronavirus.<\/p>\n<p>Fuente: Gobierno de Rio Negro<\/p>\n<p>&nbsp;<\/p>\n<\/div>\n","protected":false},"excerpt":{"rendered":"<p>Ante el receso general excepcional de la Administraci\u00f3n P\u00fablica, la Direcci\u00f3n de Vialidad Rionegrina ha adoptado una serie de medidas [&hellip;]<\/p>\n","protected":false},"author":6,"featured_media":65724,"comment_status":"open","ping_status":"open","sticky":false,"template":"","format":"standard","meta":{"site-sidebar-layout":"default","site-content-layout":"","ast-site-content-layout":"default","site-content-style":"default","site-sidebar-style":"default","ast-global-header-display":"","ast-banner-title-visibility":"","ast-main-header-display":"","ast-hfb-above-header-display":"","ast-hfb-below-header-display":"","ast-hfb-mobile-header-display":"","site-post-title":"","ast-breadcrumbs-content":"","ast-featured-img":"","footer-sml-layout":"","ast-disable-related-posts":"","theme-transparent-header-meta":"","adv-header-id-meta":"","stick-header-meta":"","header-above-stick-meta":"","header-main-stick-meta":"","header-below-stick-meta":"","astra-migrate-meta-layouts":"default","ast-page-background-enabled":"default","ast-page-background-meta":{"desktop":{"background-color":"var(--ast-global-color-5)","background-image":"","background-repeat":"repeat","background-position":"center center","background-size":"auto","background-attachment":"scroll","background-type":"","background-media":"","overlay-type":"","overlay-color":"","overlay-opacity":"","overlay-gradient":""},"tablet":{"background-color":"","background-image":"","background-repeat":"repeat","background-position":"center center","background-size":"auto","background-attachment":"scroll","background-type":"","background-media":"","overlay-type":"","overlay-color":"","overlay-opacity":"","overlay-gradient":""},"mobile":{"background-color":"","background-image":"","background-repeat":"repeat","background-position":"center center","background-size":"auto","background-attachment":"scroll","background-type":"","background-media":"","overlay-type":"","overlay-color":"","overlay-opacity":"","overlay-gradient":""}},"ast-content-background-meta":{"desktop":{"background-color":"var(--ast-global-color-4)","background-image":"","background-repeat":"repeat","background-position":"center center","background-size":"auto","background-attachment":"scroll","background-type":"","background-media":"","overlay-type":"","overlay-color":"","overlay-opacity":"","overlay-gradient":""},"tablet":{"background-color":"var(--ast-global-color-4)","background-image":"","background-repeat":"repeat","background-position":"center center","background-size":"auto","background-attachment":"scroll","background-type":"","background-media":"","overlay-type":"","overlay-color":"","overlay-opacity":"","overlay-gradient":""},"mobile":{"background-color":"var(--ast-global-color-4)","background-image":"","background-repeat":"repeat","background-position":"center center","background-size":"auto","background-attachment":"scroll","background-type":"","background-media":"","overlay-type":"","overlay-color":"","overlay-opacity":"","overlay-gradient":""}},"footnotes":""},"categories":[1,13,14],"tags":[],"class_list":["post-65723","post","type-post","status-publish","format-standard","has-post-thumbnail","hentry","category-noticias","category-provinciales","category-rio-negro"],"yoast_head":"<!-- This site is optimized with the Yoast SEO Premium plugin v23.0 (Yoast SEO v27.4) - https:\/\/yoast.com\/product\/yoast-seo-premium-wordpress\/ -->\n<title>Vialidad Rionegrina adopt\u00f3 medidas preventivas en las balsas Guardia Mitre y Villa Llanqu\u00edn<\/title>\n<meta name=\"robots\" content=\"index, follow, max-snippet:-1, max-image-preview:large, max-video-preview:-1\" \/>\n<link rel=\"canonical\" href=\"https:\/\/patagoniambiental.com.ar\/info\/vialidad-rionegrina-adopto-medidas-preventivas-en-las-balsas-guardia-mitre-y-villa-llanquin\/\" \/>\n<meta property=\"og:locale\" content=\"es_ES\" \/>\n<meta property=\"og:type\" content=\"article\" \/>\n<meta property=\"og:title\" content=\"Vialidad Rionegrina adopt\u00f3 medidas preventivas en las balsas Guardia Mitre y Villa Llanqu\u00edn\" \/>\n<meta property=\"og:description\" content=\"Ante el receso general excepcional de la Administraci\u00f3n P\u00fablica, la Direcci\u00f3n de Vialidad Rionegrina ha adoptado una serie de medidas [&hellip;]\" \/>\n<meta property=\"og:url\" content=\"https:\/\/patagoniambiental.com.ar\/info\/vialidad-rionegrina-adopto-medidas-preventivas-en-las-balsas-guardia-mitre-y-villa-llanquin\/\" \/>\n<meta property=\"og:site_name\" content=\"Patagonia Ambiental\" \/>\n<meta property=\"article:publisher\" content=\"https:\/\/www.facebook.com\/patagonia.ambiental\" \/>\n<meta property=\"article:published_time\" content=\"2020-03-20T22:00:29+00:00\" \/>\n<meta property=\"og:image\" content=\"https:\/\/patagoniambiental.com.ar\/info\/wp-content\/uploads\/2020\/03\/00048212.jpg\" \/>\n\t<meta property=\"og:image:width\" content=\"462\" \/>\n\t<meta property=\"og:image:height\" content=\"308\" \/>\n\t<meta property=\"og:image:type\" content=\"image\/jpeg\" \/>\n<meta name=\"author\" content=\"BRAIAN ESTEVEZ\" \/>\n<meta name=\"twitter:card\" content=\"summary_large_image\" \/>\n<meta name=\"twitter:creator\" content=\"@PatAmb\" \/>\n<meta name=\"twitter:site\" content=\"@PatAmb\" \/>\n<script type=\"application\/ld+json\" class=\"yoast-schema-graph\">{\"@context\":\"https:\\\/\\\/schema.org\",\"@graph\":[{\"@type\":\"Article\",\"@id\":\"https:\\\/\\\/patagoniambiental.com.ar\\\/info\\\/vialidad-rionegrina-adopto-medidas-preventivas-en-las-balsas-guardia-mitre-y-villa-llanquin\\\/#article\",\"isPartOf\":{\"@id\":\"https:\\\/\\\/patagoniambiental.com.ar\\\/info\\\/vialidad-rionegrina-adopto-medidas-preventivas-en-las-balsas-guardia-mitre-y-villa-llanquin\\\/\"},\"author\":{\"name\":\"BRAIAN ESTEVEZ\",\"@id\":\"https:\\\/\\\/patagoniambiental.com.ar\\\/info\\\/#\\\/schema\\\/person\\\/e5af09d700b2e82cb10c6b8800e0c691\"},\"headline\":\"Vialidad Rionegrina adopt\u00f3 medidas preventivas en las balsas Guardia Mitre y Villa Llanqu\u00edn\",\"datePublished\":\"2020-03-20T22:00:29+00:00\",\"mainEntityOfPage\":{\"@id\":\"https:\\\/\\\/patagoniambiental.com.ar\\\/info\\\/vialidad-rionegrina-adopto-medidas-preventivas-en-las-balsas-guardia-mitre-y-villa-llanquin\\\/\"},\"wordCount\":240,\"commentCount\":0,\"publisher\":{\"@id\":\"https:\\\/\\\/patagoniambiental.com.ar\\\/info\\\/#organization\"},\"image\":{\"@id\":\"https:\\\/\\\/patagoniambiental.com.ar\\\/info\\\/vialidad-rionegrina-adopto-medidas-preventivas-en-las-balsas-guardia-mitre-y-villa-llanquin\\\/#primaryimage\"},\"thumbnailUrl\":\"https:\\\/\\\/patagoniambiental.com.ar\\\/info\\\/wp-content\\\/uploads\\\/2020\\\/03\\\/00048212.jpg\",\"articleSection\":[\"Noticias\",\"Provinciales\",\"R\u00edo Negro\"],\"inLanguage\":\"es\",\"potentialAction\":[{\"@type\":\"CommentAction\",\"name\":\"Comment\",\"target\":[\"https:\\\/\\\/patagoniambiental.com.ar\\\/info\\\/vialidad-rionegrina-adopto-medidas-preventivas-en-las-balsas-guardia-mitre-y-villa-llanquin\\\/#respond\"]}]},{\"@type\":\"WebPage\",\"@id\":\"https:\\\/\\\/patagoniambiental.com.ar\\\/info\\\/vialidad-rionegrina-adopto-medidas-preventivas-en-las-balsas-guardia-mitre-y-villa-llanquin\\\/\",\"url\":\"https:\\\/\\\/patagoniambiental.com.ar\\\/info\\\/vialidad-rionegrina-adopto-medidas-preventivas-en-las-balsas-guardia-mitre-y-villa-llanquin\\\/\",\"name\":\"Vialidad Rionegrina adopt\u00f3 medidas preventivas en las balsas Guardia Mitre y Villa Llanqu\u00edn\",\"isPartOf\":{\"@id\":\"https:\\\/\\\/patagoniambiental.com.ar\\\/info\\\/#website\"},\"primaryImageOfPage\":{\"@id\":\"https:\\\/\\\/patagoniambiental.com.ar\\\/info\\\/vialidad-rionegrina-adopto-medidas-preventivas-en-las-balsas-guardia-mitre-y-villa-llanquin\\\/#primaryimage\"},\"image\":{\"@id\":\"https:\\\/\\\/patagoniambiental.com.ar\\\/info\\\/vialidad-rionegrina-adopto-medidas-preventivas-en-las-balsas-guardia-mitre-y-villa-llanquin\\\/#primaryimage\"},\"thumbnailUrl\":\"https:\\\/\\\/patagoniambiental.com.ar\\\/info\\\/wp-content\\\/uploads\\\/2020\\\/03\\\/00048212.jpg\",\"datePublished\":\"2020-03-20T22:00:29+00:00\",\"breadcrumb\":{\"@id\":\"https:\\\/\\\/patagoniambiental.com.ar\\\/info\\\/vialidad-rionegrina-adopto-medidas-preventivas-en-las-balsas-guardia-mitre-y-villa-llanquin\\\/#breadcrumb\"},\"inLanguage\":\"es\",\"potentialAction\":[{\"@type\":\"ReadAction\",\"target\":[\"https:\\\/\\\/patagoniambiental.com.ar\\\/info\\\/vialidad-rionegrina-adopto-medidas-preventivas-en-las-balsas-guardia-mitre-y-villa-llanquin\\\/\"]}]},{\"@type\":\"ImageObject\",\"inLanguage\":\"es\",\"@id\":\"https:\\\/\\\/patagoniambiental.com.ar\\\/info\\\/vialidad-rionegrina-adopto-medidas-preventivas-en-las-balsas-guardia-mitre-y-villa-llanquin\\\/#primaryimage\",\"url\":\"https:\\\/\\\/patagoniambiental.com.ar\\\/info\\\/wp-content\\\/uploads\\\/2020\\\/03\\\/00048212.jpg\",\"contentUrl\":\"https:\\\/\\\/patagoniambiental.com.ar\\\/info\\\/wp-content\\\/uploads\\\/2020\\\/03\\\/00048212.jpg\",\"width\":462,\"height\":308},{\"@type\":\"BreadcrumbList\",\"@id\":\"https:\\\/\\\/patagoniambiental.com.ar\\\/info\\\/vialidad-rionegrina-adopto-medidas-preventivas-en-las-balsas-guardia-mitre-y-villa-llanquin\\\/#breadcrumb\",\"itemListElement\":[{\"@type\":\"ListItem\",\"position\":1,\"name\":\"Inicio\",\"item\":\"https:\\\/\\\/patagoniambiental.com.ar\\\/info\\\/\"},{\"@type\":\"ListItem\",\"position\":2,\"name\":\"Vialidad Rionegrina adopt\u00f3 medidas preventivas en las balsas Guardia Mitre y Villa Llanqu\u00edn\"}]},{\"@type\":\"WebSite\",\"@id\":\"https:\\\/\\\/patagoniambiental.com.ar\\\/info\\\/#website\",\"url\":\"https:\\\/\\\/patagoniambiental.com.ar\\\/info\\\/\",\"name\":\"Patagonia Ambiental\",\"description\":\"Monitoreo y an\u00e1lisis de la situaci\u00f3n geopol\u00edtica en el mundo y su implicancia en la Patagonia\",\"publisher\":{\"@id\":\"https:\\\/\\\/patagoniambiental.com.ar\\\/info\\\/#organization\"},\"potentialAction\":[{\"@type\":\"SearchAction\",\"target\":{\"@type\":\"EntryPoint\",\"urlTemplate\":\"https:\\\/\\\/patagoniambiental.com.ar\\\/info\\\/?s={search_term_string}\"},\"query-input\":{\"@type\":\"PropertyValueSpecification\",\"valueRequired\":true,\"valueName\":\"search_term_string\"}}],\"inLanguage\":\"es\"},{\"@type\":\"Organization\",\"@id\":\"https:\\\/\\\/patagoniambiental.com.ar\\\/info\\\/#organization\",\"name\":\"Patagonia Ambiental\",\"url\":\"https:\\\/\\\/patagoniambiental.com.ar\\\/info\\\/\",\"logo\":{\"@type\":\"ImageObject\",\"inLanguage\":\"es\",\"@id\":\"https:\\\/\\\/patagoniambiental.com.ar\\\/info\\\/#\\\/schema\\\/logo\\\/image\\\/\",\"url\":\"https:\\\/\\\/patagoniambiental.com.ar\\\/info\\\/wp-content\\\/uploads\\\/2025\\\/05\\\/LOGO-PATAGONIA-AMBIENTAL.png\",\"contentUrl\":\"https:\\\/\\\/patagoniambiental.com.ar\\\/info\\\/wp-content\\\/uploads\\\/2025\\\/05\\\/LOGO-PATAGONIA-AMBIENTAL.png\",\"width\":433,\"height\":250,\"caption\":\"Patagonia Ambiental\"},\"image\":{\"@id\":\"https:\\\/\\\/patagoniambiental.com.ar\\\/info\\\/#\\\/schema\\\/logo\\\/image\\\/\"},\"sameAs\":[\"https:\\\/\\\/www.facebook.com\\\/patagonia.ambiental\",\"https:\\\/\\\/x.com\\\/PatAmb\"]},{\"@type\":\"Person\",\"@id\":\"https:\\\/\\\/patagoniambiental.com.ar\\\/info\\\/#\\\/schema\\\/person\\\/e5af09d700b2e82cb10c6b8800e0c691\",\"name\":\"BRAIAN ESTEVEZ\",\"sameAs\":[\"http:\\\/\\\/www.patagoniambiental.com.ar\"]}]}<\/script>\n<!-- \/ Yoast SEO Premium plugin. -->","yoast_head_json":{"title":"Vialidad Rionegrina adopt\u00f3 medidas preventivas en las balsas Guardia Mitre y Villa Llanqu\u00edn","robots":{"index":"index","follow":"follow","max-snippet":"max-snippet:-1","max-image-preview":"max-image-preview:large","max-video-preview":"max-video-preview:-1"},"canonical":"https:\/\/patagoniambiental.com.ar\/info\/vialidad-rionegrina-adopto-medidas-preventivas-en-las-balsas-guardia-mitre-y-villa-llanquin\/","og_locale":"es_ES","og_type":"article","og_title":"Vialidad Rionegrina adopt\u00f3 medidas preventivas en las balsas Guardia Mitre y Villa Llanqu\u00edn","og_description":"Ante el receso general excepcional de la Administraci\u00f3n P\u00fablica, la Direcci\u00f3n de Vialidad Rionegrina ha adoptado una serie de medidas [&hellip;]","og_url":"https:\/\/patagoniambiental.com.ar\/info\/vialidad-rionegrina-adopto-medidas-preventivas-en-las-balsas-guardia-mitre-y-villa-llanquin\/","og_site_name":"Patagonia Ambiental","article_publisher":"https:\/\/www.facebook.com\/patagonia.ambiental","article_published_time":"2020-03-20T22:00:29+00:00","og_image":[{"width":462,"height":308,"url":"https:\/\/patagoniambiental.com.ar\/info\/wp-content\/uploads\/2020\/03\/00048212.jpg","type":"image\/jpeg"}],"author":"BRAIAN ESTEVEZ","twitter_card":"summary_large_image","twitter_creator":"@PatAmb","twitter_site":"@PatAmb","schema":{"@context":"https:\/\/schema.org","@graph":[{"@type":"Article","@id":"https:\/\/patagoniambiental.com.ar\/info\/vialidad-rionegrina-adopto-medidas-preventivas-en-las-balsas-guardia-mitre-y-villa-llanquin\/#article","isPartOf":{"@id":"https:\/\/patagoniambiental.com.ar\/info\/vialidad-rionegrina-adopto-medidas-preventivas-en-las-balsas-guardia-mitre-y-villa-llanquin\/"},"author":{"name":"BRAIAN ESTEVEZ","@id":"https:\/\/patagoniambiental.com.ar\/info\/#\/schema\/person\/e5af09d700b2e82cb10c6b8800e0c691"},"headline":"Vialidad Rionegrina adopt\u00f3 medidas preventivas en las balsas Guardia Mitre y Villa Llanqu\u00edn","datePublished":"2020-03-20T22:00:29+00:00","mainEntityOfPage":{"@id":"https:\/\/patagoniambiental.com.ar\/info\/vialidad-rionegrina-adopto-medidas-preventivas-en-las-balsas-guardia-mitre-y-villa-llanquin\/"},"wordCount":240,"commentCount":0,"publisher":{"@id":"https:\/\/patagoniambiental.com.ar\/info\/#organization"},"image":{"@id":"https:\/\/patagoniambiental.com.ar\/info\/vialidad-rionegrina-adopto-medidas-preventivas-en-las-balsas-guardia-mitre-y-villa-llanquin\/#primaryimage"},"thumbnailUrl":"https:\/\/patagoniambiental.com.ar\/info\/wp-content\/uploads\/2020\/03\/00048212.jpg","articleSection":["Noticias","Provinciales","R\u00edo Negro"],"inLanguage":"es","potentialAction":[{"@type":"CommentAction","name":"Comment","target":["https:\/\/patagoniambiental.com.ar\/info\/vialidad-rionegrina-adopto-medidas-preventivas-en-las-balsas-guardia-mitre-y-villa-llanquin\/#respond"]}]},{"@type":"WebPage","@id":"https:\/\/patagoniambiental.com.ar\/info\/vialidad-rionegrina-adopto-medidas-preventivas-en-las-balsas-guardia-mitre-y-villa-llanquin\/","url":"https:\/\/patagoniambiental.com.ar\/info\/vialidad-rionegrina-adopto-medidas-preventivas-en-las-balsas-guardia-mitre-y-villa-llanquin\/","name":"Vialidad Rionegrina adopt\u00f3 medidas preventivas en las balsas Guardia Mitre y Villa Llanqu\u00edn","isPartOf":{"@id":"https:\/\/patagoniambiental.com.ar\/info\/#website"},"primaryImageOfPage":{"@id":"https:\/\/patagoniambiental.com.ar\/info\/vialidad-rionegrina-adopto-medidas-preventivas-en-las-balsas-guardia-mitre-y-villa-llanquin\/#primaryimage"},"image":{"@id":"https:\/\/patagoniambiental.com.ar\/info\/vialidad-rionegrina-adopto-medidas-preventivas-en-las-balsas-guardia-mitre-y-villa-llanquin\/#primaryimage"},"thumbnailUrl":"https:\/\/patagoniambiental.com.ar\/info\/wp-content\/uploads\/2020\/03\/00048212.jpg","datePublished":"2020-03-20T22:00:29+00:00","breadcrumb":{"@id":"https:\/\/patagoniambiental.com.ar\/info\/vialidad-rionegrina-adopto-medidas-preventivas-en-las-balsas-guardia-mitre-y-villa-llanquin\/#breadcrumb"},"inLanguage":"es","potentialAction":[{"@type":"ReadAction","target":["https:\/\/patagoniambiental.com.ar\/info\/vialidad-rionegrina-adopto-medidas-preventivas-en-las-balsas-guardia-mitre-y-villa-llanquin\/"]}]},{"@type":"ImageObject","inLanguage":"es","@id":"https:\/\/patagoniambiental.com.ar\/info\/vialidad-rionegrina-adopto-medidas-preventivas-en-las-balsas-guardia-mitre-y-villa-llanquin\/#primaryimage","url":"https:\/\/patagoniambiental.com.ar\/info\/wp-content\/uploads\/2020\/03\/00048212.jpg","contentUrl":"https:\/\/patagoniambiental.com.ar\/info\/wp-content\/uploads\/2020\/03\/00048212.jpg","width":462,"height":308},{"@type":"BreadcrumbList","@id":"https:\/\/patagoniambiental.com.ar\/info\/vialidad-rionegrina-adopto-medidas-preventivas-en-las-balsas-guardia-mitre-y-villa-llanquin\/#breadcrumb","itemListElement":[{"@type":"ListItem","position":1,"name":"Inicio","item":"https:\/\/patagoniambiental.com.ar\/info\/"},{"@type":"ListItem","position":2,"name":"Vialidad Rionegrina adopt\u00f3 medidas preventivas en las balsas Guardia Mitre y Villa Llanqu\u00edn"}]},{"@type":"WebSite","@id":"https:\/\/patagoniambiental.com.ar\/info\/#website","url":"https:\/\/patagoniambiental.com.ar\/info\/","name":"Patagonia Ambiental","description":"Monitoreo y an\u00e1lisis de la situaci\u00f3n geopol\u00edtica en el mundo y su implicancia en la Patagonia","publisher":{"@id":"https:\/\/patagoniambiental.com.ar\/info\/#organization"},"potentialAction":[{"@type":"SearchAction","target":{"@type":"EntryPoint","urlTemplate":"https:\/\/patagoniambiental.com.ar\/info\/?s={search_term_string}"},"query-input":{"@type":"PropertyValueSpecification","valueRequired":true,"valueName":"search_term_string"}}],"inLanguage":"es"},{"@type":"Organization","@id":"https:\/\/patagoniambiental.com.ar\/info\/#organization","name":"Patagonia Ambiental","url":"https:\/\/patagoniambiental.com.ar\/info\/","logo":{"@type":"ImageObject","inLanguage":"es","@id":"https:\/\/patagoniambiental.com.ar\/info\/#\/schema\/logo\/image\/","url":"https:\/\/patagoniambiental.com.ar\/info\/wp-content\/uploads\/2025\/05\/LOGO-PATAGONIA-AMBIENTAL.png","contentUrl":"https:\/\/patagoniambiental.com.ar\/info\/wp-content\/uploads\/2025\/05\/LOGO-PATAGONIA-AMBIENTAL.png","width":433,"height":250,"caption":"Patagonia Ambiental"},"image":{"@id":"https:\/\/patagoniambiental.com.ar\/info\/#\/schema\/logo\/image\/"},"sameAs":["https:\/\/www.facebook.com\/patagonia.ambiental","https:\/\/x.com\/PatAmb"]},{"@type":"Person","@id":"https:\/\/patagoniambiental.com.ar\/info\/#\/schema\/person\/e5af09d700b2e82cb10c6b8800e0c691","name":"BRAIAN ESTEVEZ","sameAs":["http:\/\/www.patagoniambiental.com.ar"]}]}},"_links":{"self":[{"href":"https:\/\/patagoniambiental.com.ar\/info\/wp-json\/wp\/v2\/posts\/65723","targetHints":{"allow":["GET"]}}],"collection":[{"href":"https:\/\/patagoniambiental.com.ar\/info\/wp-json\/wp\/v2\/posts"}],"about":[{"href":"https:\/\/patagoniambiental.com.ar\/info\/wp-json\/wp\/v2\/types\/post"}],"author":[{"embeddable":true,"href":"https:\/\/patagoniambiental.com.ar\/info\/wp-json\/wp\/v2\/users\/6"}],"replies":[{"embeddable":true,"href":"https:\/\/patagoniambiental.com.ar\/info\/wp-json\/wp\/v2\/comments?post=65723"}],"version-history":[{"count":0,"href":"https:\/\/patagoniambiental.com.ar\/info\/wp-json\/wp\/v2\/posts\/65723\/revisions"}],"wp:featuredmedia":[{"embeddable":true,"href":"https:\/\/patagoniambiental.com.ar\/info\/wp-json\/wp\/v2\/media\/65724"}],"wp:attachment":[{"href":"https:\/\/patagoniambiental.com.ar\/info\/wp-json\/wp\/v2\/media?parent=65723"}],"wp:term":[{"taxonomy":"category","embeddable":true,"href":"https:\/\/patagoniambiental.com.ar\/info\/wp-json\/wp\/v2\/categories?post=65723"},{"taxonomy":"post_tag","embeddable":true,"href":"https:\/\/patagoniambiental.com.ar\/info\/wp-json\/wp\/v2\/tags?post=65723"}],"curies":[{"name":"wp","href":"https:\/\/api.w.org\/{rel}","templated":true}]}}