{"id":66065,"date":"2020-04-28T07:00:43","date_gmt":"2020-04-28T10:00:43","guid":{"rendered":"http:\/\/patagoniambiental.com.ar\/info\/?p=66065"},"modified":"2020-04-27T17:09:29","modified_gmt":"2020-04-27T20:09:29","slug":"el-maca-tobiano-una-especie-amenazada-por-el-desarrollo-de-actividades-humanas-en-la-patagonia-argentina","status":"publish","type":"post","link":"https:\/\/patagoniambiental.com.ar\/info\/el-maca-tobiano-una-especie-amenazada-por-el-desarrollo-de-actividades-humanas-en-la-patagonia-argentina\/","title":{"rendered":"El Mac\u00e1 Tobiano, una especie amenazada por el desarrollo de actividades humanas en la Patagonia argentina"},"content":{"rendered":"<p>El Mac\u00e1 Tobiano, una especie amenazada por el desarrollo de actividades humanas en la Patagonia argentina<\/p>\n<p><!--more--><\/p>\n<p>El Cabur\u00e9, que dicen trae suerte con las \u201cguainas\u201d y con la \u201ctimba\u201d, en realidad son mitos que traen \u201cmala suerte\u201d a la conservaci\u00f3n de la especie<br \/>\nAvistaje de aves en Ba\u00f1ado La Estrella, una de las 7 Maravillas Naturales Argentinas<br \/>\nEl llamativo Loro vinoso es una de las especies m\u00e1s bellas que a\u00fan se puede observar en la Selva Misionera<br \/>\nAves Argentinas te cuenta sobre \u201cEl Suind\u00e1\u201d, una hermosa lechuza que se encuentra entre el misticismo y una realidad no muy alentadora para su especie<br \/>\nEn esta oportunidad, desde la ONG Aves Argentina, del Programa Bosque Atl\u00e1ntico, comparten con los lectores informaci\u00f3n de una especie amenazada de la Patagonia Argentina. Fue categorizada \u2018en peligro cr\u00edtico\u2019 por la Uni\u00f3n Internacional de la Conservaci\u00f3n de la Naturaleza. Esta categor\u00eda indica que la especie puede desaparecer en s\u00f3lo 10 a\u00f1os si no se toman inmediatamente medidas extremas.<\/p>\n<p>A trav\u00e9s de una alianza con Aves Argentinas, la centenaria organizaci\u00f3n ambientalista que impulsa su Programa Bosque Atl\u00e1ntico, compartimos en forma semanal algunos de los secretos sobre la biodiversidad de las especies de aves del pa\u00eds, y de nuestra Maravilla Natural Argentina, la Selva Misionera. Exclusivo de Misiones Online.<\/p>\n<p>En esta oportunidad, compartiremos informaci\u00f3n de aves de importancia del Sur argentino, una muy especial. El mac\u00e1 tobiano (Podiceps gallardoi), un ave end\u00e9mica de la Patagonia Austral que pertenece a la familia Podicipedidae, una peque\u00f1a familia de aves, representada s\u00f3lo por 23 especies a nivel mundial, que se caracterizan por estar particularmente bien adaptadas a la vida acu\u00e1tica.<\/p>\n<p>En Argentina podemos encontrar otras 6 especies de esta familia, entre ellos el mac\u00e1 com\u00fan (Rollandia rolland), el mac\u00e1 grande o huala (Podicephorus major), el mac\u00e1 plateado (Podiceps occipitalis), el mac\u00e1 plateado del norte (Podiceps juninensis), el mac\u00e1 gris (Tachybaptus dominicus) y el mac\u00e1 pico grueso (Podilymbus podiceps).<\/p>\n<p>Los mac\u00e1es son las \u00fanicas aves capaces de desarrollar todo su ciclo de vida en el agua. Ni siquiera necesitan ocupar tierra firme para su reproducci\u00f3n, ya que construyen nidos flotantes, anclados a la vegetaci\u00f3n acu\u00e1tica de los lagos y lagunas que habitan.<\/p>\n<p>A diferencia de la mayor\u00eda del resto de las aves, sus patas est\u00e1n ubicadas en la parte posterior de su cuerpo y poseen dedos lobulados. Est\u00e1 disposici\u00f3n que genera inestabilidad y torpeza en tierra firme, resulta ser un eficiente m\u00e9todo de propulsi\u00f3n bajo el agua, ya que con rotaciones precisas le permite bucear con rapidez y agilidad entre la vegetaci\u00f3n acu\u00e1tica.<\/p>\n<p>El mac\u00e1 tobiano fue descubierto por la ciencia reci\u00e9n en 1974 en la Meseta de Las Vizcachas, cerca de Calafate, en el oeste de la provincia de Santa Cruz.<\/p>\n<p>Inicialmente se crey\u00f3 que era una de las aves m\u00e1s raras de la Argentina, con solo 150 individuos, pero gracias a posteriores exploraciones a otras mesetas del oeste de Santa Cruz se descubri\u00f3 que la poblaci\u00f3n era bastante mayor. Por ese entonces se estim\u00f3 que la poblaci\u00f3n total deb\u00eda rondar entre los 3000 y 5000 individuos.<\/p>\n<p>A finales de los 80\u2019s se detectaron adem\u00e1s los primeros mac\u00e1es tobianos en las cercan\u00edas de Puerto Natales, Chile, aunque a\u00fan no se ha registrado reproducci\u00f3n en el vecino pa\u00eds.<\/p>\n<p>Es un ave de tama\u00f1o mediano, de unos 35 cm. Ambos sexos son similares. F\u00e1cil de distinguir gracias a su cuello, ventral y flancos blanco brillante y su cabeza completamente negra, con la frente blanca y un vistoso copete er\u00e9ctil de color casta\u00f1o rojizo. En la parte posterior del cuello tiene una l\u00ednea oscura.<\/p>\n<p>Foto: Dar\u00edo Podest\u00e1.<\/p>\n<p>Las plumas cobertoras son negruzcas y su dorso es tambi\u00e9n oscuro, casi negro. A esto se debe su nombre \u201ctobiano\u201d, ya que asemeja al pelaje hom\u00f3logo en caballos. En la zona donde reproduce se alimenta exclusivamente de peque\u00f1os invertebrados, como caracoles, crust\u00e1ceos y larvas de insectos, mientras que en los estuarios, donde pasa el invierno, parece tambi\u00e9n aprovechar peque\u00f1os peces como la sardina fueguina, adem\u00e1s de crust\u00e1ceos y otros invertebrados que son abundantes.<\/p>\n<p>En las mesetas del oeste de Santa Cruz, que se elevan entre los 500 y los 1500 metros de altitud sobre el nivel del mar, se encuentra un vasto sistema de lagunas bas\u00e1lticas que recolectan las escasas precipitaciones anuales y concentran las mayores comunidades de aves de estos \u00e1ridos paisajes. A pesar de las bajas temperaturas y los fuertes vientos, all\u00ed habita y se reproduce durante los meses de verano el mac\u00e1 tobiano.<\/p>\n<p>De comportamiento gregario, se re\u00fane para formar colonias de diferentes tama\u00f1os (entre 5 y 75 parejas por colonia) y construye sus nidos, en forma de plataformas flotantes, con la \u00fanica planta acu\u00e1tica que crece en estos lagos, conocida localmente como \u2018vinagrilla\u2019, responsable del caracter\u00edstico color rojizo de las lagunas de esa regi\u00f3n.<\/p>\n<p>El ciclo reproductivo se inicia hacia fines de noviembre con vistosos y complejos cortejos, que incluyen saltos, aleteos, carreteos, buceos y veloces movimientos del cuello. A continuaci\u00f3n, la pareja construye el nido en conjunto y si bien pone dos huevos, hay pocos registros de parejas de mac\u00e1es criando ambos pichones: cuando el primer huevo eclosiona, el segundo es abandonado en el 97% de los casos, resultando en una tasa de reproducci\u00f3n extremadamente baja (comparativamente, otros mac\u00e1es cr\u00edan hasta 6 pichones por camada).<\/p>\n<p>El per\u00edodo de incubaci\u00f3n es de aproximadamente 3 semanas y es llevado a cabo por los dos individuos de la pareja. Si bien al nacer los pichones pueden, en circunstancias extraordinarias, nadar desde el primer d\u00eda, su sistema de termorregulaci\u00f3n no estar\u00e1 desarrollado del todo hasta dos semanas despu\u00e9s, por lo que pasar\u00e1 la mayor parte de sus primeros d\u00edas en el lomo de sus padres, al abrigo del fr\u00edo y el viento, entre sus alas.<\/p>\n<p>Foto: Lucila Guevara.<\/p>\n<p>Hacia fines de marzo y con la llegada de las primeras heladas, los mac\u00e1es inician su migraci\u00f3n hacia los estuarios de los r\u00edos Gallego, Coyle, Santa Cruz y Chico, sobre la costa atl\u00e1ntica de la misma provincia. All\u00ed pasar\u00e1n el invierno y solo el observador atento podr\u00e1 distinguirlos a la distancia. Antes de iniciar su migraci\u00f3n de primavera de regreso a las mesetas, se ha registrado como la mayor parte de la poblaci\u00f3n de mac\u00e1 tobiano se concentra en un \u00fanico estuario, el del R\u00edo Santa Cruz-Chico.<\/p>\n<p>En 2009, ornit\u00f3logos y conservacionistas de Aves Argentinas volvieron a visitar las lagunas de las mesetas santacruce\u00f1as y notaron con gran preocupaci\u00f3n lo dif\u00edcil que resultaba encontrar esta ave. Tras dos campa\u00f1as subsiguientes pudieron colectar suficiente informaci\u00f3n como para determinar que hab\u00eda sufrido una reducci\u00f3n de su poblaci\u00f3n del 80% en 25 a\u00f1os. Solo quedaban 800 individuos. Por esto, fue categorizada \u2018en peligro cr\u00edtico\u2019 por la Uni\u00f3n Internacional de la Conservaci\u00f3n de la Naturaleza. Esta categor\u00eda indica que la especie puede desaparecer en s\u00f3lo 10 a\u00f1os si no se toman inmediatamente medidas extremas.<\/p>\n<p>Como causas para este declive se determinaron la presencia del vis\u00f3n americano (Neovison vis\u00f3n) en las lagunas de nidificaci\u00f3n \u2013 t\u00e9cnicos del equipo han sido testigos de c\u00f3mo un solo individuo de vis\u00f3n aniquil\u00f3 una colonia, matando m\u00e1s de 30 adultos en una sola noche \u2013, la expansi\u00f3n de la gaviota cocinera (Larusdominicanus) \u2013 debido sobre todo al crecimiento de los centros urbanos\/basureros a cielo abierto y que preda sobre los nidos \u2013, la introducci\u00f3n de la trucha arco\u00edris (Oncorhynchus mykiss) \u2013 que modifica los perfiles limnol\u00f3gicos de las lagunas \u2013 y los cambios en los patrones clim\u00e1ticos, que alteran los ciclos h\u00eddricos del sistema de lagunas y la disponibilidad de la vinagrilla para la construcci\u00f3n de nidos.<\/p>\n<p>En los diez a\u00f1os que han pasado desde que se conociera el fr\u00e1gil estado de conservaci\u00f3n de esta especie, y gracias al trabajo comprometido de bi\u00f3logos, conservacionistas, ornit\u00f3logos de Aves Argentinas, Ambiente Sur y el CONICET, se ha logrado estabilizar a la poblaci\u00f3n de mac\u00e1 tobiano.<\/p>\n<p>Sin embargo, sigue siendo una especie en peligro cr\u00edtico y hoy enfrenta nuevas amenazas debido al desarrollo de nuevas actividades humanas. Se han iniciado las obras para la construcci\u00f3n de dos represas hidroel\u00e9ctricas sobre el r\u00edo Santa Cruz, que modificar\u00e1n irreversiblemente las caracter\u00edsticas del estuario y la comunidad biol\u00f3gica que de \u00e9l depende. Como mencion\u00e1bamos m\u00e1s arriba, en este estuario se congrega la mayor parte de la poblaci\u00f3n de mac\u00e1 tobiano a fines del invierno y las consecuencias que puedan tener las represas sobre este estuario podr\u00edan afectar a la totalidad de su poblaci\u00f3n.<\/p>\n<p>Por esto, urge hoy estudiar caracter\u00edsticas espec\u00edficas todav\u00eda desconocidas de la especie, como sus rutas migratorias y sus sitios de descanso o la fidelidad de los individuos a las lagunas de reproducci\u00f3n, para comprender mejor cu\u00e1les son sus requerimientos ecol\u00f3gicos y proponer estrategias de conservaci\u00f3n superadoras que aseguren la preservaci\u00f3n de la especie para el futuro.<\/p>\n<p>Por Tamara Zalewski \/ Aves Argentinas<\/p>\n","protected":false},"excerpt":{"rendered":"<p>El Mac\u00e1 Tobiano, una especie amenazada por el desarrollo de actividades humanas en la Patagonia argentina<\/p>\n","protected":false},"author":6,"featured_media":66066,"comment_status":"open","ping_status":"open","sticky":false,"template":"","format":"standard","meta":{"site-sidebar-layout":"default","site-content-layout":"","ast-site-content-layout":"default","site-content-style":"default","site-sidebar-style":"default","ast-global-header-display":"","ast-banner-title-visibility":"","ast-main-header-display":"","ast-hfb-above-header-display":"","ast-hfb-below-header-display":"","ast-hfb-mobile-header-display":"","site-post-title":"","ast-breadcrumbs-content":"","ast-featured-img":"","footer-sml-layout":"","ast-disable-related-posts":"","theme-transparent-header-meta":"","adv-header-id-meta":"","stick-header-meta":"","header-above-stick-meta":"","header-main-stick-meta":"","header-below-stick-meta":"","astra-migrate-meta-layouts":"default","ast-page-background-enabled":"default","ast-page-background-meta":{"desktop":{"background-color":"var(--ast-global-color-5)","background-image":"","background-repeat":"repeat","background-position":"center center","background-size":"auto","background-attachment":"scroll","background-type":"","background-media":"","overlay-type":"","overlay-color":"","overlay-opacity":"","overlay-gradient":""},"tablet":{"background-color":"","background-image":"","background-repeat":"repeat","background-position":"center center","background-size":"auto","background-attachment":"scroll","background-type":"","background-media":"","overlay-type":"","overlay-color":"","overlay-opacity":"","overlay-gradient":""},"mobile":{"background-color":"","background-image":"","background-repeat":"repeat","background-position":"center center","background-size":"auto","background-attachment":"scroll","background-type":"","background-media":"","overlay-type":"","overlay-color":"","overlay-opacity":"","overlay-gradient":""}},"ast-content-background-meta":{"desktop":{"background-color":"var(--ast-global-color-4)","background-image":"","background-repeat":"repeat","background-position":"center center","background-size":"auto","background-attachment":"scroll","background-type":"","background-media":"","overlay-type":"","overlay-color":"","overlay-opacity":"","overlay-gradient":""},"tablet":{"background-color":"var(--ast-global-color-4)","background-image":"","background-repeat":"repeat","background-position":"center center","background-size":"auto","background-attachment":"scroll","background-type":"","background-media":"","overlay-type":"","overlay-color":"","overlay-opacity":"","overlay-gradient":""},"mobile":{"background-color":"var(--ast-global-color-4)","background-image":"","background-repeat":"repeat","background-position":"center center","background-size":"auto","background-attachment":"scroll","background-type":"","background-media":"","overlay-type":"","overlay-color":"","overlay-opacity":"","overlay-gradient":""}},"footnotes":""},"categories":[11,53,1,10],"tags":[],"class_list":["post-66065","post","type-post","status-publish","format-standard","has-post-thumbnail","hentry","category-boletin","category-general","category-noticias","category-rotador"],"yoast_head":"<!-- This site is optimized with the Yoast SEO Premium plugin v23.0 (Yoast SEO v27.5) - https:\/\/yoast.com\/product\/yoast-seo-premium-wordpress\/ -->\n<title>El Mac\u00e1 Tobiano, una especie amenazada por el desarrollo de actividades humanas en la Patagonia argentina<\/title>\n<meta name=\"robots\" content=\"index, follow, max-snippet:-1, max-image-preview:large, max-video-preview:-1\" \/>\n<link rel=\"canonical\" href=\"https:\/\/patagoniambiental.com.ar\/info\/el-maca-tobiano-una-especie-amenazada-por-el-desarrollo-de-actividades-humanas-en-la-patagonia-argentina\/\" \/>\n<meta property=\"og:locale\" content=\"es_ES\" \/>\n<meta property=\"og:type\" content=\"article\" \/>\n<meta property=\"og:title\" content=\"El Mac\u00e1 Tobiano, una especie amenazada por el desarrollo de actividades humanas en la Patagonia argentina\" \/>\n<meta property=\"og:description\" content=\"El Mac\u00e1 Tobiano, una especie amenazada por el desarrollo de actividades humanas en la Patagonia argentina\" \/>\n<meta property=\"og:url\" content=\"https:\/\/patagoniambiental.com.ar\/info\/el-maca-tobiano-una-especie-amenazada-por-el-desarrollo-de-actividades-humanas-en-la-patagonia-argentina\/\" \/>\n<meta property=\"og:site_name\" content=\"Patagonia Ambiental\" \/>\n<meta property=\"article:publisher\" content=\"https:\/\/www.facebook.com\/patagonia.ambiental\" \/>\n<meta property=\"article:published_time\" content=\"2020-04-28T10:00:43+00:00\" \/>\n<meta property=\"og:image\" content=\"https:\/\/patagoniambiental.com.ar\/info\/wp-content\/uploads\/2020\/04\/Mac\u00e1-Tobiano-Ignazi_Gonzalo-1-730x487.jpg\" \/>\n\t<meta property=\"og:image:width\" content=\"730\" \/>\n\t<meta property=\"og:image:height\" content=\"487\" \/>\n\t<meta property=\"og:image:type\" content=\"image\/jpeg\" \/>\n<meta name=\"author\" content=\"BRAIAN ESTEVEZ\" \/>\n<meta name=\"twitter:card\" content=\"summary_large_image\" \/>\n<meta name=\"twitter:creator\" content=\"@PatAmb\" \/>\n<meta name=\"twitter:site\" content=\"@PatAmb\" \/>\n<script type=\"application\/ld+json\" class=\"yoast-schema-graph\">{\"@context\":\"https:\\\/\\\/schema.org\",\"@graph\":[{\"@type\":\"Article\",\"@id\":\"https:\\\/\\\/patagoniambiental.com.ar\\\/info\\\/el-maca-tobiano-una-especie-amenazada-por-el-desarrollo-de-actividades-humanas-en-la-patagonia-argentina\\\/#article\",\"isPartOf\":{\"@id\":\"https:\\\/\\\/patagoniambiental.com.ar\\\/info\\\/el-maca-tobiano-una-especie-amenazada-por-el-desarrollo-de-actividades-humanas-en-la-patagonia-argentina\\\/\"},\"author\":{\"name\":\"BRAIAN ESTEVEZ\",\"@id\":\"https:\\\/\\\/patagoniambiental.com.ar\\\/info\\\/#\\\/schema\\\/person\\\/e5af09d700b2e82cb10c6b8800e0c691\"},\"headline\":\"El Mac\u00e1 Tobiano, una especie amenazada por el desarrollo de actividades humanas en la Patagonia argentina\",\"datePublished\":\"2020-04-28T10:00:43+00:00\",\"mainEntityOfPage\":{\"@id\":\"https:\\\/\\\/patagoniambiental.com.ar\\\/info\\\/el-maca-tobiano-una-especie-amenazada-por-el-desarrollo-de-actividades-humanas-en-la-patagonia-argentina\\\/\"},\"wordCount\":1579,\"commentCount\":0,\"publisher\":{\"@id\":\"https:\\\/\\\/patagoniambiental.com.ar\\\/info\\\/#organization\"},\"image\":{\"@id\":\"https:\\\/\\\/patagoniambiental.com.ar\\\/info\\\/el-maca-tobiano-una-especie-amenazada-por-el-desarrollo-de-actividades-humanas-en-la-patagonia-argentina\\\/#primaryimage\"},\"thumbnailUrl\":\"https:\\\/\\\/patagoniambiental.com.ar\\\/info\\\/wp-content\\\/uploads\\\/2020\\\/04\\\/Mac\u00e1-Tobiano-Ignazi_Gonzalo-1-730x487.jpg\",\"articleSection\":[\"Bolet\u00edn\",\"General\",\"Noticias\",\"Rotador\"],\"inLanguage\":\"es\",\"potentialAction\":[{\"@type\":\"CommentAction\",\"name\":\"Comment\",\"target\":[\"https:\\\/\\\/patagoniambiental.com.ar\\\/info\\\/el-maca-tobiano-una-especie-amenazada-por-el-desarrollo-de-actividades-humanas-en-la-patagonia-argentina\\\/#respond\"]}]},{\"@type\":\"WebPage\",\"@id\":\"https:\\\/\\\/patagoniambiental.com.ar\\\/info\\\/el-maca-tobiano-una-especie-amenazada-por-el-desarrollo-de-actividades-humanas-en-la-patagonia-argentina\\\/\",\"url\":\"https:\\\/\\\/patagoniambiental.com.ar\\\/info\\\/el-maca-tobiano-una-especie-amenazada-por-el-desarrollo-de-actividades-humanas-en-la-patagonia-argentina\\\/\",\"name\":\"El Mac\u00e1 Tobiano, una especie amenazada por el desarrollo de actividades humanas en la Patagonia argentina\",\"isPartOf\":{\"@id\":\"https:\\\/\\\/patagoniambiental.com.ar\\\/info\\\/#website\"},\"primaryImageOfPage\":{\"@id\":\"https:\\\/\\\/patagoniambiental.com.ar\\\/info\\\/el-maca-tobiano-una-especie-amenazada-por-el-desarrollo-de-actividades-humanas-en-la-patagonia-argentina\\\/#primaryimage\"},\"image\":{\"@id\":\"https:\\\/\\\/patagoniambiental.com.ar\\\/info\\\/el-maca-tobiano-una-especie-amenazada-por-el-desarrollo-de-actividades-humanas-en-la-patagonia-argentina\\\/#primaryimage\"},\"thumbnailUrl\":\"https:\\\/\\\/patagoniambiental.com.ar\\\/info\\\/wp-content\\\/uploads\\\/2020\\\/04\\\/Mac\u00e1-Tobiano-Ignazi_Gonzalo-1-730x487.jpg\",\"datePublished\":\"2020-04-28T10:00:43+00:00\",\"breadcrumb\":{\"@id\":\"https:\\\/\\\/patagoniambiental.com.ar\\\/info\\\/el-maca-tobiano-una-especie-amenazada-por-el-desarrollo-de-actividades-humanas-en-la-patagonia-argentina\\\/#breadcrumb\"},\"inLanguage\":\"es\",\"potentialAction\":[{\"@type\":\"ReadAction\",\"target\":[\"https:\\\/\\\/patagoniambiental.com.ar\\\/info\\\/el-maca-tobiano-una-especie-amenazada-por-el-desarrollo-de-actividades-humanas-en-la-patagonia-argentina\\\/\"]}]},{\"@type\":\"ImageObject\",\"inLanguage\":\"es\",\"@id\":\"https:\\\/\\\/patagoniambiental.com.ar\\\/info\\\/el-maca-tobiano-una-especie-amenazada-por-el-desarrollo-de-actividades-humanas-en-la-patagonia-argentina\\\/#primaryimage\",\"url\":\"https:\\\/\\\/patagoniambiental.com.ar\\\/info\\\/wp-content\\\/uploads\\\/2020\\\/04\\\/Mac\u00e1-Tobiano-Ignazi_Gonzalo-1-730x487.jpg\",\"contentUrl\":\"https:\\\/\\\/patagoniambiental.com.ar\\\/info\\\/wp-content\\\/uploads\\\/2020\\\/04\\\/Mac\u00e1-Tobiano-Ignazi_Gonzalo-1-730x487.jpg\",\"width\":730,\"height\":487},{\"@type\":\"BreadcrumbList\",\"@id\":\"https:\\\/\\\/patagoniambiental.com.ar\\\/info\\\/el-maca-tobiano-una-especie-amenazada-por-el-desarrollo-de-actividades-humanas-en-la-patagonia-argentina\\\/#breadcrumb\",\"itemListElement\":[{\"@type\":\"ListItem\",\"position\":1,\"name\":\"Inicio\",\"item\":\"https:\\\/\\\/patagoniambiental.com.ar\\\/info\\\/\"},{\"@type\":\"ListItem\",\"position\":2,\"name\":\"El Mac\u00e1 Tobiano, una especie amenazada por el desarrollo de actividades humanas en la Patagonia argentina\"}]},{\"@type\":\"WebSite\",\"@id\":\"https:\\\/\\\/patagoniambiental.com.ar\\\/info\\\/#website\",\"url\":\"https:\\\/\\\/patagoniambiental.com.ar\\\/info\\\/\",\"name\":\"Patagonia Ambiental\",\"description\":\"Monitoreo y an\u00e1lisis de la situaci\u00f3n geopol\u00edtica en el mundo y su implicancia en la Patagonia\",\"publisher\":{\"@id\":\"https:\\\/\\\/patagoniambiental.com.ar\\\/info\\\/#organization\"},\"potentialAction\":[{\"@type\":\"SearchAction\",\"target\":{\"@type\":\"EntryPoint\",\"urlTemplate\":\"https:\\\/\\\/patagoniambiental.com.ar\\\/info\\\/?s={search_term_string}\"},\"query-input\":{\"@type\":\"PropertyValueSpecification\",\"valueRequired\":true,\"valueName\":\"search_term_string\"}}],\"inLanguage\":\"es\"},{\"@type\":\"Organization\",\"@id\":\"https:\\\/\\\/patagoniambiental.com.ar\\\/info\\\/#organization\",\"name\":\"Patagonia Ambiental\",\"url\":\"https:\\\/\\\/patagoniambiental.com.ar\\\/info\\\/\",\"logo\":{\"@type\":\"ImageObject\",\"inLanguage\":\"es\",\"@id\":\"https:\\\/\\\/patagoniambiental.com.ar\\\/info\\\/#\\\/schema\\\/logo\\\/image\\\/\",\"url\":\"https:\\\/\\\/patagoniambiental.com.ar\\\/info\\\/wp-content\\\/uploads\\\/2025\\\/05\\\/LOGO-PATAGONIA-AMBIENTAL.png\",\"contentUrl\":\"https:\\\/\\\/patagoniambiental.com.ar\\\/info\\\/wp-content\\\/uploads\\\/2025\\\/05\\\/LOGO-PATAGONIA-AMBIENTAL.png\",\"width\":433,\"height\":250,\"caption\":\"Patagonia Ambiental\"},\"image\":{\"@id\":\"https:\\\/\\\/patagoniambiental.com.ar\\\/info\\\/#\\\/schema\\\/logo\\\/image\\\/\"},\"sameAs\":[\"https:\\\/\\\/www.facebook.com\\\/patagonia.ambiental\",\"https:\\\/\\\/x.com\\\/PatAmb\"]},{\"@type\":\"Person\",\"@id\":\"https:\\\/\\\/patagoniambiental.com.ar\\\/info\\\/#\\\/schema\\\/person\\\/e5af09d700b2e82cb10c6b8800e0c691\",\"name\":\"BRAIAN ESTEVEZ\",\"sameAs\":[\"http:\\\/\\\/www.patagoniambiental.com.ar\"]}]}<\/script>\n<!-- \/ Yoast SEO Premium plugin. -->","yoast_head_json":{"title":"El Mac\u00e1 Tobiano, una especie amenazada por el desarrollo de actividades humanas en la Patagonia argentina","robots":{"index":"index","follow":"follow","max-snippet":"max-snippet:-1","max-image-preview":"max-image-preview:large","max-video-preview":"max-video-preview:-1"},"canonical":"https:\/\/patagoniambiental.com.ar\/info\/el-maca-tobiano-una-especie-amenazada-por-el-desarrollo-de-actividades-humanas-en-la-patagonia-argentina\/","og_locale":"es_ES","og_type":"article","og_title":"El Mac\u00e1 Tobiano, una especie amenazada por el desarrollo de actividades humanas en la Patagonia argentina","og_description":"El Mac\u00e1 Tobiano, una especie amenazada por el desarrollo de actividades humanas en la Patagonia argentina","og_url":"https:\/\/patagoniambiental.com.ar\/info\/el-maca-tobiano-una-especie-amenazada-por-el-desarrollo-de-actividades-humanas-en-la-patagonia-argentina\/","og_site_name":"Patagonia Ambiental","article_publisher":"https:\/\/www.facebook.com\/patagonia.ambiental","article_published_time":"2020-04-28T10:00:43+00:00","og_image":[{"width":730,"height":487,"url":"https:\/\/patagoniambiental.com.ar\/info\/wp-content\/uploads\/2020\/04\/Mac\u00e1-Tobiano-Ignazi_Gonzalo-1-730x487.jpg","type":"image\/jpeg"}],"author":"BRAIAN ESTEVEZ","twitter_card":"summary_large_image","twitter_creator":"@PatAmb","twitter_site":"@PatAmb","schema":{"@context":"https:\/\/schema.org","@graph":[{"@type":"Article","@id":"https:\/\/patagoniambiental.com.ar\/info\/el-maca-tobiano-una-especie-amenazada-por-el-desarrollo-de-actividades-humanas-en-la-patagonia-argentina\/#article","isPartOf":{"@id":"https:\/\/patagoniambiental.com.ar\/info\/el-maca-tobiano-una-especie-amenazada-por-el-desarrollo-de-actividades-humanas-en-la-patagonia-argentina\/"},"author":{"name":"BRAIAN ESTEVEZ","@id":"https:\/\/patagoniambiental.com.ar\/info\/#\/schema\/person\/e5af09d700b2e82cb10c6b8800e0c691"},"headline":"El Mac\u00e1 Tobiano, una especie amenazada por el desarrollo de actividades humanas en la Patagonia argentina","datePublished":"2020-04-28T10:00:43+00:00","mainEntityOfPage":{"@id":"https:\/\/patagoniambiental.com.ar\/info\/el-maca-tobiano-una-especie-amenazada-por-el-desarrollo-de-actividades-humanas-en-la-patagonia-argentina\/"},"wordCount":1579,"commentCount":0,"publisher":{"@id":"https:\/\/patagoniambiental.com.ar\/info\/#organization"},"image":{"@id":"https:\/\/patagoniambiental.com.ar\/info\/el-maca-tobiano-una-especie-amenazada-por-el-desarrollo-de-actividades-humanas-en-la-patagonia-argentina\/#primaryimage"},"thumbnailUrl":"https:\/\/patagoniambiental.com.ar\/info\/wp-content\/uploads\/2020\/04\/Mac\u00e1-Tobiano-Ignazi_Gonzalo-1-730x487.jpg","articleSection":["Bolet\u00edn","General","Noticias","Rotador"],"inLanguage":"es","potentialAction":[{"@type":"CommentAction","name":"Comment","target":["https:\/\/patagoniambiental.com.ar\/info\/el-maca-tobiano-una-especie-amenazada-por-el-desarrollo-de-actividades-humanas-en-la-patagonia-argentina\/#respond"]}]},{"@type":"WebPage","@id":"https:\/\/patagoniambiental.com.ar\/info\/el-maca-tobiano-una-especie-amenazada-por-el-desarrollo-de-actividades-humanas-en-la-patagonia-argentina\/","url":"https:\/\/patagoniambiental.com.ar\/info\/el-maca-tobiano-una-especie-amenazada-por-el-desarrollo-de-actividades-humanas-en-la-patagonia-argentina\/","name":"El Mac\u00e1 Tobiano, una especie amenazada por el desarrollo de actividades humanas en la Patagonia argentina","isPartOf":{"@id":"https:\/\/patagoniambiental.com.ar\/info\/#website"},"primaryImageOfPage":{"@id":"https:\/\/patagoniambiental.com.ar\/info\/el-maca-tobiano-una-especie-amenazada-por-el-desarrollo-de-actividades-humanas-en-la-patagonia-argentina\/#primaryimage"},"image":{"@id":"https:\/\/patagoniambiental.com.ar\/info\/el-maca-tobiano-una-especie-amenazada-por-el-desarrollo-de-actividades-humanas-en-la-patagonia-argentina\/#primaryimage"},"thumbnailUrl":"https:\/\/patagoniambiental.com.ar\/info\/wp-content\/uploads\/2020\/04\/Mac\u00e1-Tobiano-Ignazi_Gonzalo-1-730x487.jpg","datePublished":"2020-04-28T10:00:43+00:00","breadcrumb":{"@id":"https:\/\/patagoniambiental.com.ar\/info\/el-maca-tobiano-una-especie-amenazada-por-el-desarrollo-de-actividades-humanas-en-la-patagonia-argentina\/#breadcrumb"},"inLanguage":"es","potentialAction":[{"@type":"ReadAction","target":["https:\/\/patagoniambiental.com.ar\/info\/el-maca-tobiano-una-especie-amenazada-por-el-desarrollo-de-actividades-humanas-en-la-patagonia-argentina\/"]}]},{"@type":"ImageObject","inLanguage":"es","@id":"https:\/\/patagoniambiental.com.ar\/info\/el-maca-tobiano-una-especie-amenazada-por-el-desarrollo-de-actividades-humanas-en-la-patagonia-argentina\/#primaryimage","url":"https:\/\/patagoniambiental.com.ar\/info\/wp-content\/uploads\/2020\/04\/Mac\u00e1-Tobiano-Ignazi_Gonzalo-1-730x487.jpg","contentUrl":"https:\/\/patagoniambiental.com.ar\/info\/wp-content\/uploads\/2020\/04\/Mac\u00e1-Tobiano-Ignazi_Gonzalo-1-730x487.jpg","width":730,"height":487},{"@type":"BreadcrumbList","@id":"https:\/\/patagoniambiental.com.ar\/info\/el-maca-tobiano-una-especie-amenazada-por-el-desarrollo-de-actividades-humanas-en-la-patagonia-argentina\/#breadcrumb","itemListElement":[{"@type":"ListItem","position":1,"name":"Inicio","item":"https:\/\/patagoniambiental.com.ar\/info\/"},{"@type":"ListItem","position":2,"name":"El Mac\u00e1 Tobiano, una especie amenazada por el desarrollo de actividades humanas en la Patagonia argentina"}]},{"@type":"WebSite","@id":"https:\/\/patagoniambiental.com.ar\/info\/#website","url":"https:\/\/patagoniambiental.com.ar\/info\/","name":"Patagonia Ambiental","description":"Monitoreo y an\u00e1lisis de la situaci\u00f3n geopol\u00edtica en el mundo y su implicancia en la Patagonia","publisher":{"@id":"https:\/\/patagoniambiental.com.ar\/info\/#organization"},"potentialAction":[{"@type":"SearchAction","target":{"@type":"EntryPoint","urlTemplate":"https:\/\/patagoniambiental.com.ar\/info\/?s={search_term_string}"},"query-input":{"@type":"PropertyValueSpecification","valueRequired":true,"valueName":"search_term_string"}}],"inLanguage":"es"},{"@type":"Organization","@id":"https:\/\/patagoniambiental.com.ar\/info\/#organization","name":"Patagonia Ambiental","url":"https:\/\/patagoniambiental.com.ar\/info\/","logo":{"@type":"ImageObject","inLanguage":"es","@id":"https:\/\/patagoniambiental.com.ar\/info\/#\/schema\/logo\/image\/","url":"https:\/\/patagoniambiental.com.ar\/info\/wp-content\/uploads\/2025\/05\/LOGO-PATAGONIA-AMBIENTAL.png","contentUrl":"https:\/\/patagoniambiental.com.ar\/info\/wp-content\/uploads\/2025\/05\/LOGO-PATAGONIA-AMBIENTAL.png","width":433,"height":250,"caption":"Patagonia Ambiental"},"image":{"@id":"https:\/\/patagoniambiental.com.ar\/info\/#\/schema\/logo\/image\/"},"sameAs":["https:\/\/www.facebook.com\/patagonia.ambiental","https:\/\/x.com\/PatAmb"]},{"@type":"Person","@id":"https:\/\/patagoniambiental.com.ar\/info\/#\/schema\/person\/e5af09d700b2e82cb10c6b8800e0c691","name":"BRAIAN ESTEVEZ","sameAs":["http:\/\/www.patagoniambiental.com.ar"]}]}},"_links":{"self":[{"href":"https:\/\/patagoniambiental.com.ar\/info\/wp-json\/wp\/v2\/posts\/66065","targetHints":{"allow":["GET"]}}],"collection":[{"href":"https:\/\/patagoniambiental.com.ar\/info\/wp-json\/wp\/v2\/posts"}],"about":[{"href":"https:\/\/patagoniambiental.com.ar\/info\/wp-json\/wp\/v2\/types\/post"}],"author":[{"embeddable":true,"href":"https:\/\/patagoniambiental.com.ar\/info\/wp-json\/wp\/v2\/users\/6"}],"replies":[{"embeddable":true,"href":"https:\/\/patagoniambiental.com.ar\/info\/wp-json\/wp\/v2\/comments?post=66065"}],"version-history":[{"count":0,"href":"https:\/\/patagoniambiental.com.ar\/info\/wp-json\/wp\/v2\/posts\/66065\/revisions"}],"wp:featuredmedia":[{"embeddable":true,"href":"https:\/\/patagoniambiental.com.ar\/info\/wp-json\/wp\/v2\/media\/66066"}],"wp:attachment":[{"href":"https:\/\/patagoniambiental.com.ar\/info\/wp-json\/wp\/v2\/media?parent=66065"}],"wp:term":[{"taxonomy":"category","embeddable":true,"href":"https:\/\/patagoniambiental.com.ar\/info\/wp-json\/wp\/v2\/categories?post=66065"},{"taxonomy":"post_tag","embeddable":true,"href":"https:\/\/patagoniambiental.com.ar\/info\/wp-json\/wp\/v2\/tags?post=66065"}],"curies":[{"name":"wp","href":"https:\/\/api.w.org\/{rel}","templated":true}]}}