{"id":66091,"date":"2020-04-29T07:00:15","date_gmt":"2020-04-29T10:00:15","guid":{"rendered":"http:\/\/patagoniambiental.com.ar\/info\/?p=66091"},"modified":"2020-04-29T14:53:24","modified_gmt":"2020-04-29T17:53:24","slug":"preguntas-frecuentes-sobre-la-ramcc","status":"publish","type":"post","link":"https:\/\/patagoniambiental.com.ar\/info\/preguntas-frecuentes-sobre-la-ramcc\/","title":{"rendered":"Preguntas frecuentes sobre la RAMCC"},"content":{"rendered":"<p><strong>\u00bfQue es la RAMCC?<\/strong><\/p>\n<p>El Cambio Clim\u00e1tico es el principal desaf\u00edo que enfrenta la humanidad. Este fen\u00f3meno es causado en gran parte por el aumento continuo de la concentraci\u00f3n de gases de efecto invernadero (GEI) en la atm\u00f3sfera desde la Revoluci\u00f3n Industrial, los cuales provienen en su mayor\u00eda de actividades realizadas por el hombre.<\/p>\n<p><!--more--><\/p>\n<p>Los efectos del Cambio Clim\u00e1tico ya son evidentes a ra\u00edz del aumento global de la temperatura media terrestre lo que genera impactos de todo tipo en los distintos ecosistemas del mundo. Todo esto pone en riesgo la supervivencia de numerosas especies, con graves efectos para la biodiversidad y para todos los sistemas econ\u00f3micos humanos. Por lo tanto, de acuerdo al IPCC (Panel Intergubernamental sobre Cambio Clim\u00e1tico), es necesario actuar de inmediato para limitar el incremento promedio de la temperatura global a menos de 2\u00b0C.<\/p>\n<p><img fetchpriority=\"high\" decoding=\"async\" class=\"size-full wp-image-66092 alignleft\" src=\"https:\/\/patagoniambiental.com.ar\/info\/wp-content\/uploads\/2020\/04\/Sin-t\u00edtulo-4.jpg\" alt=\"\" width=\"598\" height=\"356\" \/><\/p>\n<p>Para atender este problema, se conform\u00f3 la \u00abRed Argentina de Municipios frente al Cambio Clim\u00e1tico\u00bb (RAMCC), durante las Primeras Jornadas Internacionales \u00abMunicipios y Cambio Clim\u00e1tico\u00bb, realizadas en la ciudad de Monte Caseros, Corrientes, entre el 25 y 27 de noviembre de 2010. La RAMCC, es un instrumento de coordinaci\u00f3n e impulso de las pol\u00edticas p\u00fablicas locales de lucha contra el cambio clim\u00e1tico de las ciudades y pueblos de la Argentina<\/p>\n<p><strong>\u00bfCuales son sus objetivos?<\/strong><\/p>\n<p>Ejecutar proyectos o programas municipales, regionales o nacionales, relacionados con la mitigaci\u00f3n y\/o adaptaci\u00f3n al cambio clim\u00e1tico, a partir de la movilizaci\u00f3n de recursos locales, nacionales e internacionales.<\/p>\n<p><strong>\u00bfQue actividades realizan?<\/strong><\/p>\n<p>Los municipios adheridos a la RAMCC comparten aprendizajes y socializan herramientas que permiten aumentar el impacto de sus acciones. Para ello:<\/p>\n<ul>\n<li>Se capacitan y colaboran en la elaboraci\u00f3n de proyectos, programas y ordenanzas municipales (Plan Local de Acci\u00f3n Clim\u00e1tica, Programas de Gesti\u00f3n Integral de Residuos S\u00f3lidos Urbanos, etc.).<\/li>\n<li>Organizan espacios presenciales (Encuentros, Jornadas, Seminarios, etc.) en los municipios integrantes de la RAMCC, para exponer sus propuestas y difundir los resultados alcanzados.<\/li>\n<li>Comparten fuentes de recursos y oportunidades de financiamiento.<\/li>\n<li>Se organizan comunicacionalmente para difundir sus buenas practicas.<\/li>\n<li>Se articulan con los gobiernos provinciales y nacional, para facilitar el dialogo y la tomar de decisiones consensuadas en las tem\u00e1ticas de su inter\u00e9s.<\/li>\n<li>Organizan actividades colectivas con las que buscan mostrar el impacto de su funcionamiento articulado.<\/li>\n<li>Se articulan con otras redes municipales de otros pa\u00edses para intercambiar experiencias.<\/li>\n<\/ul>\n<p><strong>\u00bfCuales son los Municipios y comunas miembros de la RAMCC?<\/strong><\/p>\n<p>Al presente la RAMCC est\u00e1 conformada por 212 Municipios y Comunas del pa\u00eds. Dichos gobiernos est\u00e1n distribuidos en 18 provincias. La Red abarca una gran diversidad de realidades e integra ciudades de m\u00e1s de 1 mill\u00f3n de habitantes, como as\u00ed tambi\u00e9n peque\u00f1as localidades del interior del pa\u00eds. En este contexto se propone articular acciones en centros urbanos donde viven 10 millones de personas aproximadamente.<\/p>\n<p>Esta diversidad permite que la Red tome una variedad heterog\u00e9nea de temas ambientales y que los desaf\u00edos afrontados sean escalables y nacionales. Incluso, la diversidad se da en cuestiones productivas, geogr\u00e1ficas, demogr\u00e1ficas, etc. Esto connota la variedad de oportunidades y acciones para enfrentar el cambio clim\u00e1tico que se promueven desde la RAMCC.<\/p>\n<p><b>\u00bfQue son los Planes locales de acci\u00f3n clim\u00e1tica?<\/b><\/p>\n<p>Las ciudades han ganado protagonismo en la acci\u00f3n clim\u00e1tica por su intervenci\u00f3n directa en el territorio y la cercan\u00eda a vecinos e instituciones. Por ello, una de las acciones promovidas por la Red es el desarrollo de Planes Locales de Acci\u00f3n Clim\u00e1tica (PLAC).<\/p>\n<p>La RAMCC, con acompa\u00f1amiento de ICLEI (Local Governments for Sustainability), ha adaptado el est\u00e1ndar de reporte de emisiones de gases de efecto invernadero (GEI) utilizado internacionalmente, conocido como Global Protocol for Community-Scale Greenhouse Gas Emission Inventories (GPC). En la actualidad, 100 municipios poseen su inventario de GEI bajo este protocolo.<\/p>\n<p><strong>\u00bf Realizan Capacitaciones internacionales?<\/strong><\/p>\n<p>A partir del 2016 la Red ha asumido el desaf\u00edo de ayudar a formar a las autoridades de los gobiernos locales en pol\u00edticas de vanguardia e innovaci\u00f3n, y para ello organiz\u00f3 6 viajes internacionales (Alemania, Dinamarca, Finlandia, Francia y Suecia).<\/p>\n<p>A partir de las experiencias de intercambio y formaci\u00f3n con ciudades europeas la Red rubric\u00f3 en marzo del presente a\u00f1o un convenio con la Red de Eco-municipios Suecos (SEKOM).<\/p>\n<p><strong>\u00bfCuando fue nombrada\u00a0 la RAMCC como coordinadora nacional del Global Covenant of Mayors?<\/strong><\/p>\n<p>El Pacto Mundial de Alcaldes para el Clima y la Energ\u00eda (Global Covenant of Mayors for Climate and Energy) es una alianza internacional de gobiernos locales que comparten la visi\u00f3n a largo plazo de promover y apoyar la acci\u00f3n voluntaria para combatir el cambio clim\u00e1tico y pasar a una sociedad baja en emisiones y resiliente. A la fecha est\u00e1 conformada por 7.478 pueblos y ciudades de todo el mundo y entre ellas unas 80 son miembros de la RAMCC.<\/p>\n<p>El d\u00eda 12 de mayo de 2017, la Uni\u00f3n Europea (UE), a trav\u00e9s del proyecto de Cooperaci\u00f3n Urbana Internacional en Am\u00e9rica Latina y el Caribe (IUC-LAC), nombr\u00f3 a la RAMCC como Coordinadora Nacional. En este marco, la RAMCC toma la obligaci\u00f3n de fomentar la adhesi\u00f3n de nuevos municipios y colaborar en el cumplimiento de los compromisos del Pacto.<\/p>\n<p><strong>\u00bfQue acuerdo tiene la RAMCC con el Acuerdo con el Copenhagen Centre on Energy Efficiency?<\/strong><\/p>\n<p>En el mes de Agosto, la RAMCC inici\u00f3 su alianza con el Centro de Eficiencia Energ\u00e9tica de Copenhague, instituci\u00f3n de investigaci\u00f3n y asesoramiento dedicada a acelerar la implementaci\u00f3n de las pol\u00edticas, programas y acciones de eficiencia energ\u00e9tica globalmente. El Centro de Copenhague es el Centro para la Eficiencia Energ\u00e9tica de la iniciativa Sustainable Energy for All (SEforALL) de las Naciones Unidas.<\/p>\n<p>El objetivo del Acuerdo es desarrollar proyectos locales de eficiencia energ\u00e9tica en Argentina, para contribuir con los Objetivos de Desarrollo Sostenible hacia el 2030, duplicando la tasa mundial de mejora de la eficiencia energ\u00e9tica.<\/p>\n<p><strong>\u00bfComo se conforman los grupos de trabajo para la elaboraci\u00f3n de estrategias nacionales?<\/strong><\/p>\n<p>La RAMCC se encuentra desarrollando seis Estrategias Nacionales a partir de la integraci\u00f3n en grupos de trabajo de funcionarios de gobiernos locales, acad\u00e9micos, representantes de organismos t\u00e9cnicos nacionales y organismos de la cooperaci\u00f3n internacional. Los mismos son coordinados por la RAMCC y asesorados por expertos nacionales e internacionales. Los ejes de trabajo son: rehabilitaci\u00f3n energ\u00e9tica de edificios p\u00fablicos, distritos t\u00e9rmicos, valorizaci\u00f3n energ\u00e9tica de residuos, utilizaci\u00f3n de la biomasa como fuente de energ\u00eda limpia, eficiencia de la luminaria publica y transporte p\u00fablico el\u00e9ctrico.<\/p>\n<p>Los municipios conformaron grupos de trabajo (uno por cada Programa Nacional) y se re\u00fanen peri\u00f3dicamente para discutir los mismos y evaluar las posibilidades de financiamiento y ejecuci\u00f3n. De esta forma se busca alcanzar la escala necesaria para apoyar a los potenciales interesados\u00a0 desde el punto de vista econ\u00f3mico.<\/p>\n<p><strong>\u00bfComo articulan\u00a0 con el Ministerio de Ambiente y Desarrollo Sustentable de la Naci\u00f3n?<\/strong><\/p>\n<p>El d\u00eda 4 de septiembre de 2017, la Secretar\u00eda Ejecutiva y un grupo de intendentes de la RAMCC concret\u00f3 un encuentro con el Ministro de Ambiente y Desarrollo Sostenible, Rabino Sergio Bergman. All\u00ed se defini\u00f3 avanzar hacia la firma de un Convenio Marco y articular el trabajo con el programa de Municipios Sustentables que el Ministerio lleva adelante. Durante la reuni\u00f3n, la RAMCC comunic\u00f3 el trabajo de los seis Programas Nacionales que son desarrollados por los municipios que integran el espacio.<\/p>\n<p>Por otra parte, la RAMCC mantiene relaciones fluidas y constantes con la Direcci\u00f3n Nacional de Cambio Clim\u00e1tico del Ministerio de Ambiente y Desarrollo Sostenible. La articulaci\u00f3n tiene como fin alinear los objetivos definidos en la Contribuci\u00f3n Prevista y Determinada a Nivel Nacional con los trabajos y proyectos propuestos por la RAMCC hacia los gobiernos locales.<\/p>\n<p><strong>\u00bfComo esta integrado su Consejo de intendentes?<\/strong><\/p>\n<p>El 14 de marzo de 2019 se eligi\u00f3 en Asamblea Nacional un nuevo Consejo de Intendentes, \u00f3rgano que coordina las acciones de la RAMCC.<br \/>\nEl mismo se encuentra integrado por:<\/p>\n<ul>\n<li>Municipalidad de General Alvear (Mendoza) &#8211;\u00a0<strong>Walter Marcolini<\/strong><\/li>\n<li>Municipalidad de Godoy Cruz (Mendoza) &#8211;\u00a0<strong>Tadeo Garc\u00eda Zalazar<\/strong><\/li>\n<li>Municipalidad de Loncopue (Neuqu\u00e9n) &#8211;\u00a0<strong>Mar\u00eda Fernanda Villone<\/strong><\/li>\n<li>Municipalidad de Los Molles (San Luis) &#8211;\u00a0<strong>Sandra Altarmirano<\/strong><\/li>\n<li>Municipalidad de Rauch (Buenos Aires) &#8211;\u00a0<strong>Roberto Suescun<\/strong><\/li>\n<li>Comuna de Soldini (Santa Fe) &#8211;\u00a0<strong>Alejandro Luciani<\/strong><\/li>\n<li>Municipalidad de Camilo Aldao (C\u00f3rdoba) &#8211;\u00a0<strong>Carlos Carignano<\/strong><\/li>\n<li>Municipalidad de Rosario (Santa Fe) &#8211;\u00a0<strong>Monica Fein<\/strong><\/li>\n<li>Municipalidad de Corrientes (Corrientes) &#8211;\u00a0<strong>Eduardo Tassano<\/strong><\/li>\n<li>Municipalidad de San Vicente (Misiones) &#8211;\u00a0<strong>Waldomiro Dos Santos<\/strong><\/li>\n<li>Municipalidad de Bell Ville (C\u00f3rdoba)<strong>\u00a0<\/strong>&#8211;<strong>\u00a0Carlos Briner<\/strong><\/li>\n<li>Municipalidad de Salta (Salta) &#8211;<strong>\u00a0Gustavo S\u00e1enz<\/strong><\/li>\n<li>Comuna de Villa Eloisa (Santa Fe)\u00a0&#8211;<strong>\u00a0Mauricio Tartaglini<\/strong><\/li>\n<li>Municipalidad de Yerba Buena (Tucuman) &#8211;\u00a0<strong>Mariano Campero<\/strong><\/li>\n<li>Municipalidad de Reconquista (Santa Fe) &#8211;\u00a0<strong>Amadeo Vallejos<\/strong><\/li>\n<li>Municipalidad de Juan Jorba (San Luis) &#8211; S<strong>tella Maris Acosta<\/strong><\/li>\n<li>Municipalidad de San Martin de los Andes (Neuquen) &#8211;\u00a0<strong>Brunilda Rebolledo<\/strong><\/li>\n<li>Municipalidad de Avellaneda (Santa Fe)<strong>\u00a0&#8211; Dionisio Scarpin<\/strong><\/li>\n<li>Municipalidad de Villaguay (Entre Rios)<strong>\u00a0&#8211; Maria Claudia Monjo<\/strong><\/li>\n<li>Municipalidad de Cerrito (Entre Rios) &#8211;<strong>\u00a0Amilcar Ulises Tomassi<\/strong><\/li>\n<li>Municipalidad de San Lorenzo (Santa Fe) &#8211; L<strong>eonardo Raimundi<\/strong><\/li>\n<li>Comuna de Centeno (Santa Fe) &#8211;<strong>\u00a0Juan Ramon Gufi<\/strong><\/li>\n<li>Municipalidad de Salliquelo (Buenos Aires) &#8211;\u00a0<strong>Jose Hernandez<\/strong><\/li>\n<li>Comuna de Llambi Campbell (Santa Fe)\u00a0<strong>&#8211; Adrian Tagliari<\/strong><\/li>\n<li>Municipalidad de Palpala (Jujuy) &#8211;<strong>\u00a0Pablo Palomares<\/strong><\/li>\n<\/ul>\n","protected":false},"excerpt":{"rendered":"<p>\u00bfQue es la RAMCC? El Cambio Clim\u00e1tico es el principal desaf\u00edo que enfrenta la humanidad. Este fen\u00f3meno es causado en [&hellip;]<\/p>\n","protected":false},"author":6,"featured_media":66092,"comment_status":"open","ping_status":"open","sticky":false,"template":"","format":"standard","meta":{"site-sidebar-layout":"default","site-content-layout":"","ast-site-content-layout":"default","site-content-style":"default","site-sidebar-style":"default","ast-global-header-display":"","ast-banner-title-visibility":"","ast-main-header-display":"","ast-hfb-above-header-display":"","ast-hfb-below-header-display":"","ast-hfb-mobile-header-display":"","site-post-title":"","ast-breadcrumbs-content":"","ast-featured-img":"","footer-sml-layout":"","ast-disable-related-posts":"","theme-transparent-header-meta":"","adv-header-id-meta":"","stick-header-meta":"","header-above-stick-meta":"","header-main-stick-meta":"","header-below-stick-meta":"","astra-migrate-meta-layouts":"default","ast-page-background-enabled":"default","ast-page-background-meta":{"desktop":{"background-color":"var(--ast-global-color-5)","background-image":"","background-repeat":"repeat","background-position":"center center","background-size":"auto","background-attachment":"scroll","background-type":"","background-media":"","overlay-type":"","overlay-color":"","overlay-opacity":"","overlay-gradient":""},"tablet":{"background-color":"","background-image":"","background-repeat":"repeat","background-position":"center center","background-size":"auto","background-attachment":"scroll","background-type":"","background-media":"","overlay-type":"","overlay-color":"","overlay-opacity":"","overlay-gradient":""},"mobile":{"background-color":"","background-image":"","background-repeat":"repeat","background-position":"center center","background-size":"auto","background-attachment":"scroll","background-type":"","background-media":"","overlay-type":"","overlay-color":"","overlay-opacity":"","overlay-gradient":""}},"ast-content-background-meta":{"desktop":{"background-color":"var(--ast-global-color-4)","background-image":"","background-repeat":"repeat","background-position":"center center","background-size":"auto","background-attachment":"scroll","background-type":"","background-media":"","overlay-type":"","overlay-color":"","overlay-opacity":"","overlay-gradient":""},"tablet":{"background-color":"var(--ast-global-color-4)","background-image":"","background-repeat":"repeat","background-position":"center center","background-size":"auto","background-attachment":"scroll","background-type":"","background-media":"","overlay-type":"","overlay-color":"","overlay-opacity":"","overlay-gradient":""},"mobile":{"background-color":"var(--ast-global-color-4)","background-image":"","background-repeat":"repeat","background-position":"center center","background-size":"auto","background-attachment":"scroll","background-type":"","background-media":"","overlay-type":"","overlay-color":"","overlay-opacity":"","overlay-gradient":""}},"footnotes":""},"categories":[51,1,10],"tags":[],"class_list":["post-66091","post","type-post","status-publish","format-standard","has-post-thumbnail","hentry","category-entrevistas","category-noticias","category-rotador"],"yoast_head":"<!-- This site is optimized with the Yoast SEO Premium plugin v23.0 (Yoast SEO v27.5) - https:\/\/yoast.com\/product\/yoast-seo-premium-wordpress\/ -->\n<title>Preguntas frecuentes sobre la RAMCC<\/title>\n<meta name=\"robots\" content=\"index, follow, max-snippet:-1, max-image-preview:large, max-video-preview:-1\" \/>\n<link rel=\"canonical\" href=\"https:\/\/patagoniambiental.com.ar\/info\/preguntas-frecuentes-sobre-la-ramcc\/\" \/>\n<meta property=\"og:locale\" content=\"es_ES\" \/>\n<meta property=\"og:type\" content=\"article\" \/>\n<meta property=\"og:title\" content=\"Preguntas frecuentes sobre la RAMCC\" \/>\n<meta property=\"og:description\" content=\"\u00bfQue es la RAMCC? El Cambio Clim\u00e1tico es el principal desaf\u00edo que enfrenta la humanidad. Este fen\u00f3meno es causado en [&hellip;]\" \/>\n<meta property=\"og:url\" content=\"https:\/\/patagoniambiental.com.ar\/info\/preguntas-frecuentes-sobre-la-ramcc\/\" \/>\n<meta property=\"og:site_name\" content=\"Patagonia Ambiental\" \/>\n<meta property=\"article:publisher\" content=\"https:\/\/www.facebook.com\/patagonia.ambiental\" \/>\n<meta property=\"article:published_time\" content=\"2020-04-29T10:00:15+00:00\" \/>\n<meta property=\"article:modified_time\" content=\"2020-04-29T17:53:24+00:00\" \/>\n<meta property=\"og:image\" content=\"https:\/\/patagoniambiental.com.ar\/info\/wp-content\/uploads\/2020\/04\/Sin-t\u00edtulo-4.jpg\" \/>\n\t<meta property=\"og:image:width\" content=\"598\" \/>\n\t<meta property=\"og:image:height\" content=\"356\" \/>\n\t<meta property=\"og:image:type\" content=\"image\/jpeg\" \/>\n<meta name=\"author\" content=\"BRAIAN ESTEVEZ\" \/>\n<meta name=\"twitter:card\" content=\"summary_large_image\" \/>\n<meta name=\"twitter:creator\" content=\"@PatAmb\" \/>\n<meta name=\"twitter:site\" content=\"@PatAmb\" \/>\n<script type=\"application\/ld+json\" class=\"yoast-schema-graph\">{\"@context\":\"https:\\\/\\\/schema.org\",\"@graph\":[{\"@type\":\"Article\",\"@id\":\"https:\\\/\\\/patagoniambiental.com.ar\\\/info\\\/preguntas-frecuentes-sobre-la-ramcc\\\/#article\",\"isPartOf\":{\"@id\":\"https:\\\/\\\/patagoniambiental.com.ar\\\/info\\\/preguntas-frecuentes-sobre-la-ramcc\\\/\"},\"author\":{\"name\":\"BRAIAN ESTEVEZ\",\"@id\":\"https:\\\/\\\/patagoniambiental.com.ar\\\/info\\\/#\\\/schema\\\/person\\\/e5af09d700b2e82cb10c6b8800e0c691\"},\"headline\":\"Preguntas frecuentes sobre la RAMCC\",\"datePublished\":\"2020-04-29T10:00:15+00:00\",\"dateModified\":\"2020-04-29T17:53:24+00:00\",\"mainEntityOfPage\":{\"@id\":\"https:\\\/\\\/patagoniambiental.com.ar\\\/info\\\/preguntas-frecuentes-sobre-la-ramcc\\\/\"},\"wordCount\":1575,\"commentCount\":0,\"publisher\":{\"@id\":\"https:\\\/\\\/patagoniambiental.com.ar\\\/info\\\/#organization\"},\"image\":{\"@id\":\"https:\\\/\\\/patagoniambiental.com.ar\\\/info\\\/preguntas-frecuentes-sobre-la-ramcc\\\/#primaryimage\"},\"thumbnailUrl\":\"https:\\\/\\\/patagoniambiental.com.ar\\\/info\\\/wp-content\\\/uploads\\\/2020\\\/04\\\/Sin-t\u00edtulo-4.jpg\",\"articleSection\":[\"Entrevistas\",\"Noticias\",\"Rotador\"],\"inLanguage\":\"es\",\"potentialAction\":[{\"@type\":\"CommentAction\",\"name\":\"Comment\",\"target\":[\"https:\\\/\\\/patagoniambiental.com.ar\\\/info\\\/preguntas-frecuentes-sobre-la-ramcc\\\/#respond\"]}]},{\"@type\":\"WebPage\",\"@id\":\"https:\\\/\\\/patagoniambiental.com.ar\\\/info\\\/preguntas-frecuentes-sobre-la-ramcc\\\/\",\"url\":\"https:\\\/\\\/patagoniambiental.com.ar\\\/info\\\/preguntas-frecuentes-sobre-la-ramcc\\\/\",\"name\":\"Preguntas frecuentes sobre la RAMCC\",\"isPartOf\":{\"@id\":\"https:\\\/\\\/patagoniambiental.com.ar\\\/info\\\/#website\"},\"primaryImageOfPage\":{\"@id\":\"https:\\\/\\\/patagoniambiental.com.ar\\\/info\\\/preguntas-frecuentes-sobre-la-ramcc\\\/#primaryimage\"},\"image\":{\"@id\":\"https:\\\/\\\/patagoniambiental.com.ar\\\/info\\\/preguntas-frecuentes-sobre-la-ramcc\\\/#primaryimage\"},\"thumbnailUrl\":\"https:\\\/\\\/patagoniambiental.com.ar\\\/info\\\/wp-content\\\/uploads\\\/2020\\\/04\\\/Sin-t\u00edtulo-4.jpg\",\"datePublished\":\"2020-04-29T10:00:15+00:00\",\"dateModified\":\"2020-04-29T17:53:24+00:00\",\"breadcrumb\":{\"@id\":\"https:\\\/\\\/patagoniambiental.com.ar\\\/info\\\/preguntas-frecuentes-sobre-la-ramcc\\\/#breadcrumb\"},\"inLanguage\":\"es\",\"potentialAction\":[{\"@type\":\"ReadAction\",\"target\":[\"https:\\\/\\\/patagoniambiental.com.ar\\\/info\\\/preguntas-frecuentes-sobre-la-ramcc\\\/\"]}]},{\"@type\":\"ImageObject\",\"inLanguage\":\"es\",\"@id\":\"https:\\\/\\\/patagoniambiental.com.ar\\\/info\\\/preguntas-frecuentes-sobre-la-ramcc\\\/#primaryimage\",\"url\":\"https:\\\/\\\/patagoniambiental.com.ar\\\/info\\\/wp-content\\\/uploads\\\/2020\\\/04\\\/Sin-t\u00edtulo-4.jpg\",\"contentUrl\":\"https:\\\/\\\/patagoniambiental.com.ar\\\/info\\\/wp-content\\\/uploads\\\/2020\\\/04\\\/Sin-t\u00edtulo-4.jpg\",\"width\":598,\"height\":356},{\"@type\":\"BreadcrumbList\",\"@id\":\"https:\\\/\\\/patagoniambiental.com.ar\\\/info\\\/preguntas-frecuentes-sobre-la-ramcc\\\/#breadcrumb\",\"itemListElement\":[{\"@type\":\"ListItem\",\"position\":1,\"name\":\"Inicio\",\"item\":\"https:\\\/\\\/patagoniambiental.com.ar\\\/info\\\/\"},{\"@type\":\"ListItem\",\"position\":2,\"name\":\"Preguntas frecuentes sobre la RAMCC\"}]},{\"@type\":\"WebSite\",\"@id\":\"https:\\\/\\\/patagoniambiental.com.ar\\\/info\\\/#website\",\"url\":\"https:\\\/\\\/patagoniambiental.com.ar\\\/info\\\/\",\"name\":\"Patagonia Ambiental\",\"description\":\"Monitoreo y an\u00e1lisis de la situaci\u00f3n geopol\u00edtica en el mundo y su implicancia en la Patagonia\",\"publisher\":{\"@id\":\"https:\\\/\\\/patagoniambiental.com.ar\\\/info\\\/#organization\"},\"potentialAction\":[{\"@type\":\"SearchAction\",\"target\":{\"@type\":\"EntryPoint\",\"urlTemplate\":\"https:\\\/\\\/patagoniambiental.com.ar\\\/info\\\/?s={search_term_string}\"},\"query-input\":{\"@type\":\"PropertyValueSpecification\",\"valueRequired\":true,\"valueName\":\"search_term_string\"}}],\"inLanguage\":\"es\"},{\"@type\":\"Organization\",\"@id\":\"https:\\\/\\\/patagoniambiental.com.ar\\\/info\\\/#organization\",\"name\":\"Patagonia Ambiental\",\"url\":\"https:\\\/\\\/patagoniambiental.com.ar\\\/info\\\/\",\"logo\":{\"@type\":\"ImageObject\",\"inLanguage\":\"es\",\"@id\":\"https:\\\/\\\/patagoniambiental.com.ar\\\/info\\\/#\\\/schema\\\/logo\\\/image\\\/\",\"url\":\"https:\\\/\\\/patagoniambiental.com.ar\\\/info\\\/wp-content\\\/uploads\\\/2025\\\/05\\\/LOGO-PATAGONIA-AMBIENTAL.png\",\"contentUrl\":\"https:\\\/\\\/patagoniambiental.com.ar\\\/info\\\/wp-content\\\/uploads\\\/2025\\\/05\\\/LOGO-PATAGONIA-AMBIENTAL.png\",\"width\":433,\"height\":250,\"caption\":\"Patagonia Ambiental\"},\"image\":{\"@id\":\"https:\\\/\\\/patagoniambiental.com.ar\\\/info\\\/#\\\/schema\\\/logo\\\/image\\\/\"},\"sameAs\":[\"https:\\\/\\\/www.facebook.com\\\/patagonia.ambiental\",\"https:\\\/\\\/x.com\\\/PatAmb\"]},{\"@type\":\"Person\",\"@id\":\"https:\\\/\\\/patagoniambiental.com.ar\\\/info\\\/#\\\/schema\\\/person\\\/e5af09d700b2e82cb10c6b8800e0c691\",\"name\":\"BRAIAN ESTEVEZ\",\"sameAs\":[\"http:\\\/\\\/www.patagoniambiental.com.ar\"]}]}<\/script>\n<!-- \/ Yoast SEO Premium plugin. -->","yoast_head_json":{"title":"Preguntas frecuentes sobre la RAMCC","robots":{"index":"index","follow":"follow","max-snippet":"max-snippet:-1","max-image-preview":"max-image-preview:large","max-video-preview":"max-video-preview:-1"},"canonical":"https:\/\/patagoniambiental.com.ar\/info\/preguntas-frecuentes-sobre-la-ramcc\/","og_locale":"es_ES","og_type":"article","og_title":"Preguntas frecuentes sobre la RAMCC","og_description":"\u00bfQue es la RAMCC? El Cambio Clim\u00e1tico es el principal desaf\u00edo que enfrenta la humanidad. Este fen\u00f3meno es causado en [&hellip;]","og_url":"https:\/\/patagoniambiental.com.ar\/info\/preguntas-frecuentes-sobre-la-ramcc\/","og_site_name":"Patagonia Ambiental","article_publisher":"https:\/\/www.facebook.com\/patagonia.ambiental","article_published_time":"2020-04-29T10:00:15+00:00","article_modified_time":"2020-04-29T17:53:24+00:00","og_image":[{"width":598,"height":356,"url":"https:\/\/patagoniambiental.com.ar\/info\/wp-content\/uploads\/2020\/04\/Sin-t\u00edtulo-4.jpg","type":"image\/jpeg"}],"author":"BRAIAN ESTEVEZ","twitter_card":"summary_large_image","twitter_creator":"@PatAmb","twitter_site":"@PatAmb","schema":{"@context":"https:\/\/schema.org","@graph":[{"@type":"Article","@id":"https:\/\/patagoniambiental.com.ar\/info\/preguntas-frecuentes-sobre-la-ramcc\/#article","isPartOf":{"@id":"https:\/\/patagoniambiental.com.ar\/info\/preguntas-frecuentes-sobre-la-ramcc\/"},"author":{"name":"BRAIAN ESTEVEZ","@id":"https:\/\/patagoniambiental.com.ar\/info\/#\/schema\/person\/e5af09d700b2e82cb10c6b8800e0c691"},"headline":"Preguntas frecuentes sobre la RAMCC","datePublished":"2020-04-29T10:00:15+00:00","dateModified":"2020-04-29T17:53:24+00:00","mainEntityOfPage":{"@id":"https:\/\/patagoniambiental.com.ar\/info\/preguntas-frecuentes-sobre-la-ramcc\/"},"wordCount":1575,"commentCount":0,"publisher":{"@id":"https:\/\/patagoniambiental.com.ar\/info\/#organization"},"image":{"@id":"https:\/\/patagoniambiental.com.ar\/info\/preguntas-frecuentes-sobre-la-ramcc\/#primaryimage"},"thumbnailUrl":"https:\/\/patagoniambiental.com.ar\/info\/wp-content\/uploads\/2020\/04\/Sin-t\u00edtulo-4.jpg","articleSection":["Entrevistas","Noticias","Rotador"],"inLanguage":"es","potentialAction":[{"@type":"CommentAction","name":"Comment","target":["https:\/\/patagoniambiental.com.ar\/info\/preguntas-frecuentes-sobre-la-ramcc\/#respond"]}]},{"@type":"WebPage","@id":"https:\/\/patagoniambiental.com.ar\/info\/preguntas-frecuentes-sobre-la-ramcc\/","url":"https:\/\/patagoniambiental.com.ar\/info\/preguntas-frecuentes-sobre-la-ramcc\/","name":"Preguntas frecuentes sobre la RAMCC","isPartOf":{"@id":"https:\/\/patagoniambiental.com.ar\/info\/#website"},"primaryImageOfPage":{"@id":"https:\/\/patagoniambiental.com.ar\/info\/preguntas-frecuentes-sobre-la-ramcc\/#primaryimage"},"image":{"@id":"https:\/\/patagoniambiental.com.ar\/info\/preguntas-frecuentes-sobre-la-ramcc\/#primaryimage"},"thumbnailUrl":"https:\/\/patagoniambiental.com.ar\/info\/wp-content\/uploads\/2020\/04\/Sin-t\u00edtulo-4.jpg","datePublished":"2020-04-29T10:00:15+00:00","dateModified":"2020-04-29T17:53:24+00:00","breadcrumb":{"@id":"https:\/\/patagoniambiental.com.ar\/info\/preguntas-frecuentes-sobre-la-ramcc\/#breadcrumb"},"inLanguage":"es","potentialAction":[{"@type":"ReadAction","target":["https:\/\/patagoniambiental.com.ar\/info\/preguntas-frecuentes-sobre-la-ramcc\/"]}]},{"@type":"ImageObject","inLanguage":"es","@id":"https:\/\/patagoniambiental.com.ar\/info\/preguntas-frecuentes-sobre-la-ramcc\/#primaryimage","url":"https:\/\/patagoniambiental.com.ar\/info\/wp-content\/uploads\/2020\/04\/Sin-t\u00edtulo-4.jpg","contentUrl":"https:\/\/patagoniambiental.com.ar\/info\/wp-content\/uploads\/2020\/04\/Sin-t\u00edtulo-4.jpg","width":598,"height":356},{"@type":"BreadcrumbList","@id":"https:\/\/patagoniambiental.com.ar\/info\/preguntas-frecuentes-sobre-la-ramcc\/#breadcrumb","itemListElement":[{"@type":"ListItem","position":1,"name":"Inicio","item":"https:\/\/patagoniambiental.com.ar\/info\/"},{"@type":"ListItem","position":2,"name":"Preguntas frecuentes sobre la RAMCC"}]},{"@type":"WebSite","@id":"https:\/\/patagoniambiental.com.ar\/info\/#website","url":"https:\/\/patagoniambiental.com.ar\/info\/","name":"Patagonia Ambiental","description":"Monitoreo y an\u00e1lisis de la situaci\u00f3n geopol\u00edtica en el mundo y su implicancia en la Patagonia","publisher":{"@id":"https:\/\/patagoniambiental.com.ar\/info\/#organization"},"potentialAction":[{"@type":"SearchAction","target":{"@type":"EntryPoint","urlTemplate":"https:\/\/patagoniambiental.com.ar\/info\/?s={search_term_string}"},"query-input":{"@type":"PropertyValueSpecification","valueRequired":true,"valueName":"search_term_string"}}],"inLanguage":"es"},{"@type":"Organization","@id":"https:\/\/patagoniambiental.com.ar\/info\/#organization","name":"Patagonia Ambiental","url":"https:\/\/patagoniambiental.com.ar\/info\/","logo":{"@type":"ImageObject","inLanguage":"es","@id":"https:\/\/patagoniambiental.com.ar\/info\/#\/schema\/logo\/image\/","url":"https:\/\/patagoniambiental.com.ar\/info\/wp-content\/uploads\/2025\/05\/LOGO-PATAGONIA-AMBIENTAL.png","contentUrl":"https:\/\/patagoniambiental.com.ar\/info\/wp-content\/uploads\/2025\/05\/LOGO-PATAGONIA-AMBIENTAL.png","width":433,"height":250,"caption":"Patagonia Ambiental"},"image":{"@id":"https:\/\/patagoniambiental.com.ar\/info\/#\/schema\/logo\/image\/"},"sameAs":["https:\/\/www.facebook.com\/patagonia.ambiental","https:\/\/x.com\/PatAmb"]},{"@type":"Person","@id":"https:\/\/patagoniambiental.com.ar\/info\/#\/schema\/person\/e5af09d700b2e82cb10c6b8800e0c691","name":"BRAIAN ESTEVEZ","sameAs":["http:\/\/www.patagoniambiental.com.ar"]}]}},"_links":{"self":[{"href":"https:\/\/patagoniambiental.com.ar\/info\/wp-json\/wp\/v2\/posts\/66091","targetHints":{"allow":["GET"]}}],"collection":[{"href":"https:\/\/patagoniambiental.com.ar\/info\/wp-json\/wp\/v2\/posts"}],"about":[{"href":"https:\/\/patagoniambiental.com.ar\/info\/wp-json\/wp\/v2\/types\/post"}],"author":[{"embeddable":true,"href":"https:\/\/patagoniambiental.com.ar\/info\/wp-json\/wp\/v2\/users\/6"}],"replies":[{"embeddable":true,"href":"https:\/\/patagoniambiental.com.ar\/info\/wp-json\/wp\/v2\/comments?post=66091"}],"version-history":[{"count":0,"href":"https:\/\/patagoniambiental.com.ar\/info\/wp-json\/wp\/v2\/posts\/66091\/revisions"}],"wp:featuredmedia":[{"embeddable":true,"href":"https:\/\/patagoniambiental.com.ar\/info\/wp-json\/wp\/v2\/media\/66092"}],"wp:attachment":[{"href":"https:\/\/patagoniambiental.com.ar\/info\/wp-json\/wp\/v2\/media?parent=66091"}],"wp:term":[{"taxonomy":"category","embeddable":true,"href":"https:\/\/patagoniambiental.com.ar\/info\/wp-json\/wp\/v2\/categories?post=66091"},{"taxonomy":"post_tag","embeddable":true,"href":"https:\/\/patagoniambiental.com.ar\/info\/wp-json\/wp\/v2\/tags?post=66091"}],"curies":[{"name":"wp","href":"https:\/\/api.w.org\/{rel}","templated":true}]}}