{"id":66177,"date":"2020-05-09T07:00:44","date_gmt":"2020-05-09T10:00:44","guid":{"rendered":"http:\/\/patagoniambiental.com.ar\/info\/?p=66177"},"modified":"2020-05-07T15:50:01","modified_gmt":"2020-05-07T18:50:01","slug":"charlas-de-pandemia-el-juicio-por-jurados-experiencias-provinciales-entrevista-al-doctor-en-derecho-andres-harfuch","status":"publish","type":"post","link":"https:\/\/patagoniambiental.com.ar\/info\/charlas-de-pandemia-el-juicio-por-jurados-experiencias-provinciales-entrevista-al-doctor-en-derecho-andres-harfuch\/","title":{"rendered":"Charlas de Pandemia: \u00abEl juicio por jurados. Experiencias provinciales.\u00bb Entrevista al Doctor en Derecho Andr\u00e9s Harfuch"},"content":{"rendered":"<p>Viedma.-El mi\u00e9rcoles 13 de mayo, a las 17 hs., se presentar\u00e1 la quinta entrega del ciclo Charlas de Pandemia, organizado por el Instituto de Investigaci\u00f3n en Pol\u00edticas P\u00fablicas y Gobierno (IIPPyG) de la UNRN.<\/p>\n<p><!--more--><\/p>\n<p>En esta ocasi\u00f3n, el Dr. Andr\u00e9s Harfuch (UBA), ser\u00e1 entrevistado por Daniela Heim y Miguel Cardella, ambos docentes de la Sede Atl\u00e1ntica, como siempre a trav\u00e9s de la plataforma Google Meet.<\/p>\n<p>Andr\u00e9s Harfuch se desempe\u00f1a como Profesor adjunto regular de Derecho Penal y Procesal Penal de la UBA, es Vicepresidente de la Asociaci\u00f3n Argentina de Juicio por Jurados y miembro titular del Instituto de Estudios Comparados en Ciencias Penales y Sociales (Inecip). Fue consultor en varios procesos de reforma judicial latinoamericana (Rep\u00fablica Dominicana 2002, Bolivia y Per\u00fa 2003, Ecuador 2003 y 2005, Panam\u00e1 2006, Paraguay 2008) y en nuestro pa\u00eds (provincias de La Rioja, Buenos Aires, Entre R\u00edos) tanto en materia de dise\u00f1o de leyes como de implementaci\u00f3n.<\/p>\n<p>Harfuch adem\u00e1s es autor de cinco libros y de m\u00faltiples art\u00edculos cient\u00edficos. Su Tesis de Doctorado en la UBA, \u00abEl Veredicto del Jurado\u00bb, fue calificada summa cum laude (con los m\u00e1ximos honores).<\/p>\n<p>Para registrarse y participar de la charla, de forma gratuita, completar https:\/\/forms.gle\/RNE<\/p>\n<p>&nbsp;<\/p>\n<p>Fuente: UNRN<\/p>\n","protected":false},"excerpt":{"rendered":"<p>Viedma.-El mi\u00e9rcoles 13 de mayo, a las 17 hs., se presentar\u00e1 la quinta entrega del ciclo Charlas de Pandemia, organizado [&hellip;]<\/p>\n","protected":false},"author":6,"featured_media":66178,"comment_status":"open","ping_status":"open","sticky":false,"template":"","format":"standard","meta":{"site-sidebar-layout":"default","site-content-layout":"","ast-site-content-layout":"default","site-content-style":"default","site-sidebar-style":"default","ast-global-header-display":"","ast-banner-title-visibility":"","ast-main-header-display":"","ast-hfb-above-header-display":"","ast-hfb-below-header-display":"","ast-hfb-mobile-header-display":"","site-post-title":"","ast-breadcrumbs-content":"","ast-featured-img":"","footer-sml-layout":"","ast-disable-related-posts":"","theme-transparent-header-meta":"","adv-header-id-meta":"","stick-header-meta":"","header-above-stick-meta":"","header-main-stick-meta":"","header-below-stick-meta":"","astra-migrate-meta-layouts":"default","ast-page-background-enabled":"default","ast-page-background-meta":{"desktop":{"background-color":"var(--ast-global-color-5)","background-image":"","background-repeat":"repeat","background-position":"center center","background-size":"auto","background-attachment":"scroll","background-type":"","background-media":"","overlay-type":"","overlay-color":"","overlay-opacity":"","overlay-gradient":""},"tablet":{"background-color":"","background-image":"","background-repeat":"repeat","background-position":"center center","background-size":"auto","background-attachment":"scroll","background-type":"","background-media":"","overlay-type":"","overlay-color":"","overlay-opacity":"","overlay-gradient":""},"mobile":{"background-color":"","background-image":"","background-repeat":"repeat","background-position":"center center","background-size":"auto","background-attachment":"scroll","background-type":"","background-media":"","overlay-type":"","overlay-color":"","overlay-opacity":"","overlay-gradient":""}},"ast-content-background-meta":{"desktop":{"background-color":"var(--ast-global-color-4)","background-image":"","background-repeat":"repeat","background-position":"center center","background-size":"auto","background-attachment":"scroll","background-type":"","background-media":"","overlay-type":"","overlay-color":"","overlay-opacity":"","overlay-gradient":""},"tablet":{"background-color":"var(--ast-global-color-4)","background-image":"","background-repeat":"repeat","background-position":"center center","background-size":"auto","background-attachment":"scroll","background-type":"","background-media":"","overlay-type":"","overlay-color":"","overlay-opacity":"","overlay-gradient":""},"mobile":{"background-color":"var(--ast-global-color-4)","background-image":"","background-repeat":"repeat","background-position":"center center","background-size":"auto","background-attachment":"scroll","background-type":"","background-media":"","overlay-type":"","overlay-color":"","overlay-opacity":"","overlay-gradient":""}},"footnotes":""},"categories":[51,1,10],"tags":[],"class_list":["post-66177","post","type-post","status-publish","format-standard","has-post-thumbnail","hentry","category-entrevistas","category-noticias","category-rotador"],"yoast_head":"<!-- This site is optimized with the Yoast SEO Premium plugin v23.0 (Yoast SEO v27.5) - https:\/\/yoast.com\/product\/yoast-seo-premium-wordpress\/ -->\n<title>Charlas de Pandemia: &quot;El juicio por jurados. Experiencias provinciales.&quot; Entrevista al Doctor en Derecho Andr\u00e9s Harfuch<\/title>\n<meta name=\"robots\" content=\"index, follow, max-snippet:-1, max-image-preview:large, max-video-preview:-1\" \/>\n<link rel=\"canonical\" href=\"https:\/\/patagoniambiental.com.ar\/info\/charlas-de-pandemia-el-juicio-por-jurados-experiencias-provinciales-entrevista-al-doctor-en-derecho-andres-harfuch\/\" \/>\n<meta property=\"og:locale\" content=\"es_ES\" \/>\n<meta property=\"og:type\" content=\"article\" \/>\n<meta property=\"og:title\" content=\"Charlas de Pandemia: &quot;El juicio por jurados. Experiencias provinciales.&quot; Entrevista al Doctor en Derecho Andr\u00e9s Harfuch\" \/>\n<meta property=\"og:description\" content=\"Viedma.-El mi\u00e9rcoles 13 de mayo, a las 17 hs., se presentar\u00e1 la quinta entrega del ciclo Charlas de Pandemia, organizado [&hellip;]\" \/>\n<meta property=\"og:url\" content=\"https:\/\/patagoniambiental.com.ar\/info\/charlas-de-pandemia-el-juicio-por-jurados-experiencias-provinciales-entrevista-al-doctor-en-derecho-andres-harfuch\/\" \/>\n<meta property=\"og:site_name\" content=\"Patagonia Ambiental\" \/>\n<meta property=\"article:publisher\" content=\"https:\/\/www.facebook.com\/patagonia.ambiental\" \/>\n<meta property=\"article:published_time\" content=\"2020-05-09T10:00:44+00:00\" \/>\n<meta property=\"og:image\" content=\"https:\/\/patagoniambiental.com.ar\/info\/wp-content\/uploads\/2020\/05\/thumbnail_HARFUCH-2.jpg\" \/>\n\t<meta property=\"og:image:width\" content=\"960\" \/>\n\t<meta property=\"og:image:height\" content=\"540\" \/>\n\t<meta property=\"og:image:type\" content=\"image\/jpeg\" \/>\n<meta name=\"author\" content=\"BRAIAN ESTEVEZ\" \/>\n<meta name=\"twitter:card\" content=\"summary_large_image\" \/>\n<meta name=\"twitter:creator\" content=\"@PatAmb\" \/>\n<meta name=\"twitter:site\" content=\"@PatAmb\" \/>\n<script type=\"application\/ld+json\" class=\"yoast-schema-graph\">{\"@context\":\"https:\\\/\\\/schema.org\",\"@graph\":[{\"@type\":\"Article\",\"@id\":\"https:\\\/\\\/patagoniambiental.com.ar\\\/info\\\/charlas-de-pandemia-el-juicio-por-jurados-experiencias-provinciales-entrevista-al-doctor-en-derecho-andres-harfuch\\\/#article\",\"isPartOf\":{\"@id\":\"https:\\\/\\\/patagoniambiental.com.ar\\\/info\\\/charlas-de-pandemia-el-juicio-por-jurados-experiencias-provinciales-entrevista-al-doctor-en-derecho-andres-harfuch\\\/\"},\"author\":{\"name\":\"BRAIAN ESTEVEZ\",\"@id\":\"https:\\\/\\\/patagoniambiental.com.ar\\\/info\\\/#\\\/schema\\\/person\\\/e5af09d700b2e82cb10c6b8800e0c691\"},\"headline\":\"Charlas de Pandemia: \u00abEl juicio por jurados. Experiencias provinciales.\u00bb Entrevista al Doctor en Derecho Andr\u00e9s Harfuch\",\"datePublished\":\"2020-05-09T10:00:44+00:00\",\"mainEntityOfPage\":{\"@id\":\"https:\\\/\\\/patagoniambiental.com.ar\\\/info\\\/charlas-de-pandemia-el-juicio-por-jurados-experiencias-provinciales-entrevista-al-doctor-en-derecho-andres-harfuch\\\/\"},\"wordCount\":233,\"commentCount\":0,\"publisher\":{\"@id\":\"https:\\\/\\\/patagoniambiental.com.ar\\\/info\\\/#organization\"},\"image\":{\"@id\":\"https:\\\/\\\/patagoniambiental.com.ar\\\/info\\\/charlas-de-pandemia-el-juicio-por-jurados-experiencias-provinciales-entrevista-al-doctor-en-derecho-andres-harfuch\\\/#primaryimage\"},\"thumbnailUrl\":\"https:\\\/\\\/patagoniambiental.com.ar\\\/info\\\/wp-content\\\/uploads\\\/2020\\\/05\\\/thumbnail_HARFUCH-2.jpg\",\"articleSection\":[\"Entrevistas\",\"Noticias\",\"Rotador\"],\"inLanguage\":\"es\",\"potentialAction\":[{\"@type\":\"CommentAction\",\"name\":\"Comment\",\"target\":[\"https:\\\/\\\/patagoniambiental.com.ar\\\/info\\\/charlas-de-pandemia-el-juicio-por-jurados-experiencias-provinciales-entrevista-al-doctor-en-derecho-andres-harfuch\\\/#respond\"]}]},{\"@type\":\"WebPage\",\"@id\":\"https:\\\/\\\/patagoniambiental.com.ar\\\/info\\\/charlas-de-pandemia-el-juicio-por-jurados-experiencias-provinciales-entrevista-al-doctor-en-derecho-andres-harfuch\\\/\",\"url\":\"https:\\\/\\\/patagoniambiental.com.ar\\\/info\\\/charlas-de-pandemia-el-juicio-por-jurados-experiencias-provinciales-entrevista-al-doctor-en-derecho-andres-harfuch\\\/\",\"name\":\"Charlas de Pandemia: \\\"El juicio por jurados. Experiencias provinciales.\\\" Entrevista al Doctor en Derecho Andr\u00e9s Harfuch\",\"isPartOf\":{\"@id\":\"https:\\\/\\\/patagoniambiental.com.ar\\\/info\\\/#website\"},\"primaryImageOfPage\":{\"@id\":\"https:\\\/\\\/patagoniambiental.com.ar\\\/info\\\/charlas-de-pandemia-el-juicio-por-jurados-experiencias-provinciales-entrevista-al-doctor-en-derecho-andres-harfuch\\\/#primaryimage\"},\"image\":{\"@id\":\"https:\\\/\\\/patagoniambiental.com.ar\\\/info\\\/charlas-de-pandemia-el-juicio-por-jurados-experiencias-provinciales-entrevista-al-doctor-en-derecho-andres-harfuch\\\/#primaryimage\"},\"thumbnailUrl\":\"https:\\\/\\\/patagoniambiental.com.ar\\\/info\\\/wp-content\\\/uploads\\\/2020\\\/05\\\/thumbnail_HARFUCH-2.jpg\",\"datePublished\":\"2020-05-09T10:00:44+00:00\",\"breadcrumb\":{\"@id\":\"https:\\\/\\\/patagoniambiental.com.ar\\\/info\\\/charlas-de-pandemia-el-juicio-por-jurados-experiencias-provinciales-entrevista-al-doctor-en-derecho-andres-harfuch\\\/#breadcrumb\"},\"inLanguage\":\"es\",\"potentialAction\":[{\"@type\":\"ReadAction\",\"target\":[\"https:\\\/\\\/patagoniambiental.com.ar\\\/info\\\/charlas-de-pandemia-el-juicio-por-jurados-experiencias-provinciales-entrevista-al-doctor-en-derecho-andres-harfuch\\\/\"]}]},{\"@type\":\"ImageObject\",\"inLanguage\":\"es\",\"@id\":\"https:\\\/\\\/patagoniambiental.com.ar\\\/info\\\/charlas-de-pandemia-el-juicio-por-jurados-experiencias-provinciales-entrevista-al-doctor-en-derecho-andres-harfuch\\\/#primaryimage\",\"url\":\"https:\\\/\\\/patagoniambiental.com.ar\\\/info\\\/wp-content\\\/uploads\\\/2020\\\/05\\\/thumbnail_HARFUCH-2.jpg\",\"contentUrl\":\"https:\\\/\\\/patagoniambiental.com.ar\\\/info\\\/wp-content\\\/uploads\\\/2020\\\/05\\\/thumbnail_HARFUCH-2.jpg\",\"width\":960,\"height\":540},{\"@type\":\"BreadcrumbList\",\"@id\":\"https:\\\/\\\/patagoniambiental.com.ar\\\/info\\\/charlas-de-pandemia-el-juicio-por-jurados-experiencias-provinciales-entrevista-al-doctor-en-derecho-andres-harfuch\\\/#breadcrumb\",\"itemListElement\":[{\"@type\":\"ListItem\",\"position\":1,\"name\":\"Inicio\",\"item\":\"https:\\\/\\\/patagoniambiental.com.ar\\\/info\\\/\"},{\"@type\":\"ListItem\",\"position\":2,\"name\":\"Charlas de Pandemia: \u00abEl juicio por jurados. Experiencias provinciales.\u00bb Entrevista al Doctor en Derecho Andr\u00e9s Harfuch\"}]},{\"@type\":\"WebSite\",\"@id\":\"https:\\\/\\\/patagoniambiental.com.ar\\\/info\\\/#website\",\"url\":\"https:\\\/\\\/patagoniambiental.com.ar\\\/info\\\/\",\"name\":\"Patagonia Ambiental\",\"description\":\"Monitoreo y an\u00e1lisis de la situaci\u00f3n geopol\u00edtica en el mundo y su implicancia en la Patagonia\",\"publisher\":{\"@id\":\"https:\\\/\\\/patagoniambiental.com.ar\\\/info\\\/#organization\"},\"potentialAction\":[{\"@type\":\"SearchAction\",\"target\":{\"@type\":\"EntryPoint\",\"urlTemplate\":\"https:\\\/\\\/patagoniambiental.com.ar\\\/info\\\/?s={search_term_string}\"},\"query-input\":{\"@type\":\"PropertyValueSpecification\",\"valueRequired\":true,\"valueName\":\"search_term_string\"}}],\"inLanguage\":\"es\"},{\"@type\":\"Organization\",\"@id\":\"https:\\\/\\\/patagoniambiental.com.ar\\\/info\\\/#organization\",\"name\":\"Patagonia Ambiental\",\"url\":\"https:\\\/\\\/patagoniambiental.com.ar\\\/info\\\/\",\"logo\":{\"@type\":\"ImageObject\",\"inLanguage\":\"es\",\"@id\":\"https:\\\/\\\/patagoniambiental.com.ar\\\/info\\\/#\\\/schema\\\/logo\\\/image\\\/\",\"url\":\"https:\\\/\\\/patagoniambiental.com.ar\\\/info\\\/wp-content\\\/uploads\\\/2025\\\/05\\\/LOGO-PATAGONIA-AMBIENTAL.png\",\"contentUrl\":\"https:\\\/\\\/patagoniambiental.com.ar\\\/info\\\/wp-content\\\/uploads\\\/2025\\\/05\\\/LOGO-PATAGONIA-AMBIENTAL.png\",\"width\":433,\"height\":250,\"caption\":\"Patagonia Ambiental\"},\"image\":{\"@id\":\"https:\\\/\\\/patagoniambiental.com.ar\\\/info\\\/#\\\/schema\\\/logo\\\/image\\\/\"},\"sameAs\":[\"https:\\\/\\\/www.facebook.com\\\/patagonia.ambiental\",\"https:\\\/\\\/x.com\\\/PatAmb\"]},{\"@type\":\"Person\",\"@id\":\"https:\\\/\\\/patagoniambiental.com.ar\\\/info\\\/#\\\/schema\\\/person\\\/e5af09d700b2e82cb10c6b8800e0c691\",\"name\":\"BRAIAN ESTEVEZ\",\"sameAs\":[\"http:\\\/\\\/www.patagoniambiental.com.ar\"]}]}<\/script>\n<!-- \/ Yoast SEO Premium plugin. -->","yoast_head_json":{"title":"Charlas de Pandemia: \"El juicio por jurados. Experiencias provinciales.\" Entrevista al Doctor en Derecho Andr\u00e9s Harfuch","robots":{"index":"index","follow":"follow","max-snippet":"max-snippet:-1","max-image-preview":"max-image-preview:large","max-video-preview":"max-video-preview:-1"},"canonical":"https:\/\/patagoniambiental.com.ar\/info\/charlas-de-pandemia-el-juicio-por-jurados-experiencias-provinciales-entrevista-al-doctor-en-derecho-andres-harfuch\/","og_locale":"es_ES","og_type":"article","og_title":"Charlas de Pandemia: \"El juicio por jurados. Experiencias provinciales.\" Entrevista al Doctor en Derecho Andr\u00e9s Harfuch","og_description":"Viedma.-El mi\u00e9rcoles 13 de mayo, a las 17 hs., se presentar\u00e1 la quinta entrega del ciclo Charlas de Pandemia, organizado [&hellip;]","og_url":"https:\/\/patagoniambiental.com.ar\/info\/charlas-de-pandemia-el-juicio-por-jurados-experiencias-provinciales-entrevista-al-doctor-en-derecho-andres-harfuch\/","og_site_name":"Patagonia Ambiental","article_publisher":"https:\/\/www.facebook.com\/patagonia.ambiental","article_published_time":"2020-05-09T10:00:44+00:00","og_image":[{"width":960,"height":540,"url":"https:\/\/patagoniambiental.com.ar\/info\/wp-content\/uploads\/2020\/05\/thumbnail_HARFUCH-2.jpg","type":"image\/jpeg"}],"author":"BRAIAN ESTEVEZ","twitter_card":"summary_large_image","twitter_creator":"@PatAmb","twitter_site":"@PatAmb","schema":{"@context":"https:\/\/schema.org","@graph":[{"@type":"Article","@id":"https:\/\/patagoniambiental.com.ar\/info\/charlas-de-pandemia-el-juicio-por-jurados-experiencias-provinciales-entrevista-al-doctor-en-derecho-andres-harfuch\/#article","isPartOf":{"@id":"https:\/\/patagoniambiental.com.ar\/info\/charlas-de-pandemia-el-juicio-por-jurados-experiencias-provinciales-entrevista-al-doctor-en-derecho-andres-harfuch\/"},"author":{"name":"BRAIAN ESTEVEZ","@id":"https:\/\/patagoniambiental.com.ar\/info\/#\/schema\/person\/e5af09d700b2e82cb10c6b8800e0c691"},"headline":"Charlas de Pandemia: \u00abEl juicio por jurados. Experiencias provinciales.\u00bb Entrevista al Doctor en Derecho Andr\u00e9s Harfuch","datePublished":"2020-05-09T10:00:44+00:00","mainEntityOfPage":{"@id":"https:\/\/patagoniambiental.com.ar\/info\/charlas-de-pandemia-el-juicio-por-jurados-experiencias-provinciales-entrevista-al-doctor-en-derecho-andres-harfuch\/"},"wordCount":233,"commentCount":0,"publisher":{"@id":"https:\/\/patagoniambiental.com.ar\/info\/#organization"},"image":{"@id":"https:\/\/patagoniambiental.com.ar\/info\/charlas-de-pandemia-el-juicio-por-jurados-experiencias-provinciales-entrevista-al-doctor-en-derecho-andres-harfuch\/#primaryimage"},"thumbnailUrl":"https:\/\/patagoniambiental.com.ar\/info\/wp-content\/uploads\/2020\/05\/thumbnail_HARFUCH-2.jpg","articleSection":["Entrevistas","Noticias","Rotador"],"inLanguage":"es","potentialAction":[{"@type":"CommentAction","name":"Comment","target":["https:\/\/patagoniambiental.com.ar\/info\/charlas-de-pandemia-el-juicio-por-jurados-experiencias-provinciales-entrevista-al-doctor-en-derecho-andres-harfuch\/#respond"]}]},{"@type":"WebPage","@id":"https:\/\/patagoniambiental.com.ar\/info\/charlas-de-pandemia-el-juicio-por-jurados-experiencias-provinciales-entrevista-al-doctor-en-derecho-andres-harfuch\/","url":"https:\/\/patagoniambiental.com.ar\/info\/charlas-de-pandemia-el-juicio-por-jurados-experiencias-provinciales-entrevista-al-doctor-en-derecho-andres-harfuch\/","name":"Charlas de Pandemia: \"El juicio por jurados. Experiencias provinciales.\" Entrevista al Doctor en Derecho Andr\u00e9s Harfuch","isPartOf":{"@id":"https:\/\/patagoniambiental.com.ar\/info\/#website"},"primaryImageOfPage":{"@id":"https:\/\/patagoniambiental.com.ar\/info\/charlas-de-pandemia-el-juicio-por-jurados-experiencias-provinciales-entrevista-al-doctor-en-derecho-andres-harfuch\/#primaryimage"},"image":{"@id":"https:\/\/patagoniambiental.com.ar\/info\/charlas-de-pandemia-el-juicio-por-jurados-experiencias-provinciales-entrevista-al-doctor-en-derecho-andres-harfuch\/#primaryimage"},"thumbnailUrl":"https:\/\/patagoniambiental.com.ar\/info\/wp-content\/uploads\/2020\/05\/thumbnail_HARFUCH-2.jpg","datePublished":"2020-05-09T10:00:44+00:00","breadcrumb":{"@id":"https:\/\/patagoniambiental.com.ar\/info\/charlas-de-pandemia-el-juicio-por-jurados-experiencias-provinciales-entrevista-al-doctor-en-derecho-andres-harfuch\/#breadcrumb"},"inLanguage":"es","potentialAction":[{"@type":"ReadAction","target":["https:\/\/patagoniambiental.com.ar\/info\/charlas-de-pandemia-el-juicio-por-jurados-experiencias-provinciales-entrevista-al-doctor-en-derecho-andres-harfuch\/"]}]},{"@type":"ImageObject","inLanguage":"es","@id":"https:\/\/patagoniambiental.com.ar\/info\/charlas-de-pandemia-el-juicio-por-jurados-experiencias-provinciales-entrevista-al-doctor-en-derecho-andres-harfuch\/#primaryimage","url":"https:\/\/patagoniambiental.com.ar\/info\/wp-content\/uploads\/2020\/05\/thumbnail_HARFUCH-2.jpg","contentUrl":"https:\/\/patagoniambiental.com.ar\/info\/wp-content\/uploads\/2020\/05\/thumbnail_HARFUCH-2.jpg","width":960,"height":540},{"@type":"BreadcrumbList","@id":"https:\/\/patagoniambiental.com.ar\/info\/charlas-de-pandemia-el-juicio-por-jurados-experiencias-provinciales-entrevista-al-doctor-en-derecho-andres-harfuch\/#breadcrumb","itemListElement":[{"@type":"ListItem","position":1,"name":"Inicio","item":"https:\/\/patagoniambiental.com.ar\/info\/"},{"@type":"ListItem","position":2,"name":"Charlas de Pandemia: \u00abEl juicio por jurados. Experiencias provinciales.\u00bb Entrevista al Doctor en Derecho Andr\u00e9s Harfuch"}]},{"@type":"WebSite","@id":"https:\/\/patagoniambiental.com.ar\/info\/#website","url":"https:\/\/patagoniambiental.com.ar\/info\/","name":"Patagonia Ambiental","description":"Monitoreo y an\u00e1lisis de la situaci\u00f3n geopol\u00edtica en el mundo y su implicancia en la Patagonia","publisher":{"@id":"https:\/\/patagoniambiental.com.ar\/info\/#organization"},"potentialAction":[{"@type":"SearchAction","target":{"@type":"EntryPoint","urlTemplate":"https:\/\/patagoniambiental.com.ar\/info\/?s={search_term_string}"},"query-input":{"@type":"PropertyValueSpecification","valueRequired":true,"valueName":"search_term_string"}}],"inLanguage":"es"},{"@type":"Organization","@id":"https:\/\/patagoniambiental.com.ar\/info\/#organization","name":"Patagonia Ambiental","url":"https:\/\/patagoniambiental.com.ar\/info\/","logo":{"@type":"ImageObject","inLanguage":"es","@id":"https:\/\/patagoniambiental.com.ar\/info\/#\/schema\/logo\/image\/","url":"https:\/\/patagoniambiental.com.ar\/info\/wp-content\/uploads\/2025\/05\/LOGO-PATAGONIA-AMBIENTAL.png","contentUrl":"https:\/\/patagoniambiental.com.ar\/info\/wp-content\/uploads\/2025\/05\/LOGO-PATAGONIA-AMBIENTAL.png","width":433,"height":250,"caption":"Patagonia Ambiental"},"image":{"@id":"https:\/\/patagoniambiental.com.ar\/info\/#\/schema\/logo\/image\/"},"sameAs":["https:\/\/www.facebook.com\/patagonia.ambiental","https:\/\/x.com\/PatAmb"]},{"@type":"Person","@id":"https:\/\/patagoniambiental.com.ar\/info\/#\/schema\/person\/e5af09d700b2e82cb10c6b8800e0c691","name":"BRAIAN ESTEVEZ","sameAs":["http:\/\/www.patagoniambiental.com.ar"]}]}},"_links":{"self":[{"href":"https:\/\/patagoniambiental.com.ar\/info\/wp-json\/wp\/v2\/posts\/66177","targetHints":{"allow":["GET"]}}],"collection":[{"href":"https:\/\/patagoniambiental.com.ar\/info\/wp-json\/wp\/v2\/posts"}],"about":[{"href":"https:\/\/patagoniambiental.com.ar\/info\/wp-json\/wp\/v2\/types\/post"}],"author":[{"embeddable":true,"href":"https:\/\/patagoniambiental.com.ar\/info\/wp-json\/wp\/v2\/users\/6"}],"replies":[{"embeddable":true,"href":"https:\/\/patagoniambiental.com.ar\/info\/wp-json\/wp\/v2\/comments?post=66177"}],"version-history":[{"count":0,"href":"https:\/\/patagoniambiental.com.ar\/info\/wp-json\/wp\/v2\/posts\/66177\/revisions"}],"wp:featuredmedia":[{"embeddable":true,"href":"https:\/\/patagoniambiental.com.ar\/info\/wp-json\/wp\/v2\/media\/66178"}],"wp:attachment":[{"href":"https:\/\/patagoniambiental.com.ar\/info\/wp-json\/wp\/v2\/media?parent=66177"}],"wp:term":[{"taxonomy":"category","embeddable":true,"href":"https:\/\/patagoniambiental.com.ar\/info\/wp-json\/wp\/v2\/categories?post=66177"},{"taxonomy":"post_tag","embeddable":true,"href":"https:\/\/patagoniambiental.com.ar\/info\/wp-json\/wp\/v2\/tags?post=66177"}],"curies":[{"name":"wp","href":"https:\/\/api.w.org\/{rel}","templated":true}]}}