{"id":6632,"date":"2015-08-05T19:00:06","date_gmt":"2015-08-05T22:00:06","guid":{"rendered":"http:\/\/patagoniambiental.com.ar\/?p=6632"},"modified":"2015-08-05T19:00:06","modified_gmt":"2015-08-05T22:00:06","slug":"caminando-los-senderos-cercanos-a-esquel","status":"publish","type":"post","link":"https:\/\/patagoniambiental.com.ar\/info\/caminando-los-senderos-cercanos-a-esquel\/","title":{"rendered":"Caminando los senderos cercanos a Esquel"},"content":{"rendered":"<p style=\"text-align: justify;\">Esquel &#8211; Desaf\u00edos, naturaleza y relax en la temporada de verano en Esquel, punto de partida para conocer variados tramos que atraviesan la provincia de Chubut en la llamada Huella Andina, el primer sendero de largo recorrido de la Argentina.<!--more--><\/p>\n<p style=\"text-align: justify;\">El senderismo es una excelente opci\u00f3n para interrumpir el vertiginoso ritmo cotidiano y reponerse para el a\u00f1o que comienza. Se trata de un ejercicio que no s\u00f3lo nos renueva f\u00edsicamente sino que tambi\u00e9n nos permite liberarnos del estr\u00e9s, mejorar la respiraci\u00f3n lejos de la contaminaci\u00f3n de las grandes ciudades y disfrutar de un estilo de vida m\u00e1s saludable.<\/p>\n<p style=\"text-align: justify;\">Huella Andina es una excelente opci\u00f3n en este sentido, con un recorrido troncal de baja-media y alta dificultad, que une mediante senderos se\u00f1alizados un total de aproximadamente 560 km. Comenz\u00f3 a gestarse en 2009 en Esquel y su dise\u00f1o se ampli\u00f3 hasta cubrir desde la zona de Villa Pehuenia, en la provincia de Neuqu\u00e9n, hasta el \u00e1rea del lago Baguilt en Trevelin, Chubut, pasando por las inmediaciones de localidades como Esquel, Jun\u00edn de los Andes, San Mart\u00edn de los Andes, Villa La Angostura, San Carlos de Bariloche, El Bols\u00f3n, Lago Puelo, El Hoyo, Epuyen, y Cholila.<\/p>\n<p style=\"text-align: justify;\">\u00abEste proyecto naci\u00f3 a\u00f1os atr\u00e1s en el Parque Nacional Los Alerces y forma parte del Plan Estrat\u00e9gico de Esquel que tambi\u00e9n fue tomado por la Universidad de la Patagonia y la Intendencia del Parque. Se busc\u00f3 ofrecer un conjunto de senderos dividido en etapas o m\u00f3dulos.<\/p>\n<p style=\"text-align: justify;\">Algunos pueden ser recorridos en un d\u00eda por personas sin ning\u00fan tipo de entrenamiento especial, para que sean accesibles para todo p\u00fablico\u00bb, afirm\u00f3 Florencia Aversa, asesora de la la Subsecretar\u00eda de Desarrollo Tur\u00edstico del Ministerio de Turismo de la Naci\u00f3n (MINTUR).<\/p>\n<p style=\"text-align: justify;\">Dentro de los objetivos de su implementaci\u00f3n vale la pena destacar la puesta en valor de los recursos culturales y naturales de la zona oeste cordillerana a trav\u00e9s del senderismo, promover oportunidades para la educaci\u00f3n ambiental y propiciar la mayor integraci\u00f3n de los Parques.<\/p>\n<p style=\"text-align: justify;\">En cercan\u00edas de Esquel, existen cinco tramos dentro del Parque Nacional Los Alerces y uno m\u00e1s en la Reserva Provincial del Lago Baggilt, que invita a transitar por el camino a Paso Ancho entre Aldea Escolar y el cruce con la Ruta 259, que conduce a Chile.<\/p>\n<p style=\"text-align: justify;\">La proximidad a la ciudad facilita significativamente el ingreso de los caminantes a los diversos recorridos desde el centro urbano, y algunos pueden recorrerse tambi\u00e9n a caballo o en bicicleta. La se\u00f1alizaci\u00f3n unificada est\u00e1 compuesta por dos franjas, una azul y la otra blanca, que indican el camino hasta la pr\u00f3xima parada.<\/p>\n<p style=\"text-align: justify;\">FUENTE: Diario R\u00edo Negro<\/p>\n<p>&nbsp;<\/p>\n<p>Uno de los tramos habilitados une Aldea Escolar con Ruca Nehuen, que permite disfrutar de las vistas al valle \u00ab16 de Octubre\u00bb y diversos cordones monta\u00f1osos: hacia el suroeste, el Cord\u00f3n de los Galeses; hacia el noroeste, el Cord\u00f3n Situaci\u00f3n; y hacia la estepa, Sierra Colorada, Nahuel Pan y el Cord\u00f3n Esquel. Los caminantes con experiencia en senderos de monta\u00f1a pueden animarse a un segundo tramo de Huella Andina, que une Ruca Nehuen con Lago Baggilt, con un total de 16 kil\u00f3metros. La vista alcanza la represa de Futaleuf\u00fa y la Cordillera de fondo. El camino en subida pero de baja dificultad arriba al \u00c1rea Natural Protegida Lago Baggilt: de ahora en m\u00e1s la senda atraviesa un denso bosque de coihues y lengas hasta llegar al lago, con zonas de playa rodeadas por enormes monta\u00f1as de roca.<\/p>\n<p>&nbsp;<\/p>\n<p>Los aventureros con paciencia y buena suerte tendr\u00e1n gratas sorpresas a lo largo de la Huella Andina: a los paisajes naturales suelen sumarse hallazgos de fauna aut\u00f3ctona que los sorprender\u00e1n. Por ejemplo, a principios de diciembre, un grupo de personas tuvo la oportunidad de apreciar dos ejemplares de huemul cerca de la seccional Arrayanes en el Parque Nacional Los Alerces.<\/p>\n<p>&nbsp;<\/p>\n<p>Mientras transitaban en direcci\u00f3n a la villa Futalaufquen, pudieron divisar un ejemplar que se movilizaba entre el follaje y otro animal que cruz\u00f3 la ruta rumbo a la parte alta. Lo excepcional del hallazgo tuvo que ver con que el huemul es considerado \u00abel fantasma de la cordillera\u00bb, es decir, de muy dif\u00edcil avistaje, con 60 ejemplares en el Parque Nacional Los Alerces y 600 en total en la Patagonia.<\/p>\n<p>&nbsp;<\/p>\n<p>\u00abEsquel cuida tu naturaleza\u00bb es el programa que lleva adelante la ciudad chubutense orientado al desarrollo del turismo sustentable. Huella Andina es una excelente oportunidad para descubrir la amplia propuesta tur\u00edstica de la Comarca de los Alerces, tan atractiva como inagotable.<\/p>\n<p>&nbsp;<\/p>\n<p>&nbsp;<\/p>\n<p><strong>Algunos tips o Recomendaciones para disfrutar la Huella Andina:<\/strong><\/p>\n<p>&nbsp;<\/p>\n<p>1- Para las etapas de Huella Andina es obligatorio registrarse, por su seguridad y la de todos. Consulte las modalidades de registro.<\/p>\n<p>&nbsp;<\/p>\n<p>2- Elija etapas de acuerdo a su nivel de experiencia y condici\u00f3n f\u00edsica.<\/p>\n<p>&nbsp;<\/p>\n<p>3- Comience a caminar temprano por la ma\u00f1ana, las etapas son largas, as\u00ed tendr\u00e1 la seguridad de poder disfrutar de la caminata y llegar con luz de d\u00eda a destino.<\/p>\n<p>&nbsp;<\/p>\n<p>4- Si hace fuego aseg\u00farese de haberlo apagado correctamente antes de irse.<\/p>\n<p>&nbsp;<\/p>\n<p>5- Antes de salir recuerde cargar agua y llevar siempre consigo 2 litros por persona como m\u00ednimo.<\/p>\n<p>&nbsp;<\/p>\n<p>6- Recuerde que no existe se\u00f1al de celular en la mayor parte de los recorridos, no conf\u00ede en este medio como garant\u00eda de seguridad. Regrese con los residuos que genere en su traves\u00eda. Gracias por mantener en el entorno tal como lo encontr\u00f3 al llegar, y no dejar rastros de su visita.<\/p>\n","protected":false},"excerpt":{"rendered":"<p>Esquel &#8211; Desaf\u00edos, naturaleza y relax en la temporada de verano en Esquel, punto de partida para conocer variados tramos [&hellip;]<\/p>\n","protected":false},"author":2,"featured_media":6635,"comment_status":"closed","ping_status":"closed","sticky":false,"template":"","format":"standard","meta":{"site-sidebar-layout":"default","site-content-layout":"","ast-site-content-layout":"default","site-content-style":"default","site-sidebar-style":"default","ast-global-header-display":"","ast-banner-title-visibility":"","ast-main-header-display":"","ast-hfb-above-header-display":"","ast-hfb-below-header-display":"","ast-hfb-mobile-header-display":"","site-post-title":"","ast-breadcrumbs-content":"","ast-featured-img":"","footer-sml-layout":"","ast-disable-related-posts":"","theme-transparent-header-meta":"","adv-header-id-meta":"","stick-header-meta":"","header-above-stick-meta":"","header-main-stick-meta":"","header-below-stick-meta":"","astra-migrate-meta-layouts":"default","ast-page-background-enabled":"default","ast-page-background-meta":{"desktop":{"background-color":"var(--ast-global-color-5)","background-image":"","background-repeat":"repeat","background-position":"center center","background-size":"auto","background-attachment":"scroll","background-type":"","background-media":"","overlay-type":"","overlay-color":"","overlay-opacity":"","overlay-gradient":""},"tablet":{"background-color":"","background-image":"","background-repeat":"repeat","background-position":"center center","background-size":"auto","background-attachment":"scroll","background-type":"","background-media":"","overlay-type":"","overlay-color":"","overlay-opacity":"","overlay-gradient":""},"mobile":{"background-color":"","background-image":"","background-repeat":"repeat","background-position":"center center","background-size":"auto","background-attachment":"scroll","background-type":"","background-media":"","overlay-type":"","overlay-color":"","overlay-opacity":"","overlay-gradient":""}},"ast-content-background-meta":{"desktop":{"background-color":"var(--ast-global-color-4)","background-image":"","background-repeat":"repeat","background-position":"center center","background-size":"auto","background-attachment":"scroll","background-type":"","background-media":"","overlay-type":"","overlay-color":"","overlay-opacity":"","overlay-gradient":""},"tablet":{"background-color":"var(--ast-global-color-4)","background-image":"","background-repeat":"repeat","background-position":"center center","background-size":"auto","background-attachment":"scroll","background-type":"","background-media":"","overlay-type":"","overlay-color":"","overlay-opacity":"","overlay-gradient":""},"mobile":{"background-color":"var(--ast-global-color-4)","background-image":"","background-repeat":"repeat","background-position":"center center","background-size":"auto","background-attachment":"scroll","background-type":"","background-media":"","overlay-type":"","overlay-color":"","overlay-opacity":"","overlay-gradient":""}},"footnotes":""},"categories":[53,1],"tags":[792,1005,1131,2056],"class_list":["post-6632","post","type-post","status-publish","format-standard","has-post-thumbnail","hentry","category-general","category-noticias","tag-esquel","tag-huella-andina","tag-huemul","tag-senderos"],"yoast_head":"<!-- This site is optimized with the Yoast SEO Premium plugin v23.0 (Yoast SEO v27.4) - https:\/\/yoast.com\/product\/yoast-seo-premium-wordpress\/ -->\n<title>Caminando los senderos cercanos a Esquel<\/title>\n<meta name=\"robots\" content=\"index, follow, max-snippet:-1, max-image-preview:large, max-video-preview:-1\" \/>\n<link rel=\"canonical\" href=\"https:\/\/patagoniambiental.com.ar\/info\/caminando-los-senderos-cercanos-a-esquel\/\" \/>\n<meta property=\"og:locale\" content=\"es_ES\" \/>\n<meta property=\"og:type\" content=\"article\" \/>\n<meta property=\"og:title\" content=\"Caminando los senderos cercanos a Esquel\" \/>\n<meta property=\"og:description\" content=\"Esquel &#8211; Desaf\u00edos, naturaleza y relax en la temporada de verano en Esquel, punto de partida para conocer variados tramos [&hellip;]\" \/>\n<meta property=\"og:url\" content=\"https:\/\/patagoniambiental.com.ar\/info\/caminando-los-senderos-cercanos-a-esquel\/\" \/>\n<meta property=\"og:site_name\" content=\"Patagonia Ambiental\" \/>\n<meta property=\"article:publisher\" content=\"https:\/\/www.facebook.com\/patagonia.ambiental\" \/>\n<meta property=\"article:author\" content=\"https:\/\/www.facebook.com\/share\/1C1V8Gv9BX\/?mibextid=qi2Omg\" \/>\n<meta property=\"article:published_time\" content=\"2015-08-05T22:00:06+00:00\" \/>\n<meta name=\"author\" content=\"Patagonia Ambiental\" \/>\n<meta name=\"twitter:card\" content=\"summary_large_image\" \/>\n<meta name=\"twitter:creator\" content=\"@PatAmb\" \/>\n<meta name=\"twitter:site\" content=\"@PatAmb\" \/>\n<script type=\"application\/ld+json\" class=\"yoast-schema-graph\">{\"@context\":\"https:\\\/\\\/schema.org\",\"@graph\":[{\"@type\":\"Article\",\"@id\":\"https:\\\/\\\/patagoniambiental.com.ar\\\/info\\\/caminando-los-senderos-cercanos-a-esquel\\\/#article\",\"isPartOf\":{\"@id\":\"https:\\\/\\\/patagoniambiental.com.ar\\\/info\\\/caminando-los-senderos-cercanos-a-esquel\\\/\"},\"author\":{\"name\":\"Patagonia Ambiental\",\"@id\":\"https:\\\/\\\/patagoniambiental.com.ar\\\/info\\\/#\\\/schema\\\/person\\\/db12bff64bbcbf6a253710bf0ea37b5d\"},\"headline\":\"Caminando los senderos cercanos a Esquel\",\"datePublished\":\"2015-08-05T22:00:06+00:00\",\"mainEntityOfPage\":{\"@id\":\"https:\\\/\\\/patagoniambiental.com.ar\\\/info\\\/caminando-los-senderos-cercanos-a-esquel\\\/\"},\"wordCount\":965,\"publisher\":{\"@id\":\"https:\\\/\\\/patagoniambiental.com.ar\\\/info\\\/#organization\"},\"image\":{\"@id\":\"https:\\\/\\\/patagoniambiental.com.ar\\\/info\\\/caminando-los-senderos-cercanos-a-esquel\\\/#primaryimage\"},\"thumbnailUrl\":\"\",\"keywords\":[\"Esquel\",\"Huella Andina\",\"Huemul\",\"senderos\"],\"articleSection\":[\"General\",\"Noticias\"],\"inLanguage\":\"es\"},{\"@type\":\"WebPage\",\"@id\":\"https:\\\/\\\/patagoniambiental.com.ar\\\/info\\\/caminando-los-senderos-cercanos-a-esquel\\\/\",\"url\":\"https:\\\/\\\/patagoniambiental.com.ar\\\/info\\\/caminando-los-senderos-cercanos-a-esquel\\\/\",\"name\":\"Caminando los senderos cercanos a Esquel\",\"isPartOf\":{\"@id\":\"https:\\\/\\\/patagoniambiental.com.ar\\\/info\\\/#website\"},\"primaryImageOfPage\":{\"@id\":\"https:\\\/\\\/patagoniambiental.com.ar\\\/info\\\/caminando-los-senderos-cercanos-a-esquel\\\/#primaryimage\"},\"image\":{\"@id\":\"https:\\\/\\\/patagoniambiental.com.ar\\\/info\\\/caminando-los-senderos-cercanos-a-esquel\\\/#primaryimage\"},\"thumbnailUrl\":\"\",\"datePublished\":\"2015-08-05T22:00:06+00:00\",\"breadcrumb\":{\"@id\":\"https:\\\/\\\/patagoniambiental.com.ar\\\/info\\\/caminando-los-senderos-cercanos-a-esquel\\\/#breadcrumb\"},\"inLanguage\":\"es\",\"potentialAction\":[{\"@type\":\"ReadAction\",\"target\":[\"https:\\\/\\\/patagoniambiental.com.ar\\\/info\\\/caminando-los-senderos-cercanos-a-esquel\\\/\"]}]},{\"@type\":\"ImageObject\",\"inLanguage\":\"es\",\"@id\":\"https:\\\/\\\/patagoniambiental.com.ar\\\/info\\\/caminando-los-senderos-cercanos-a-esquel\\\/#primaryimage\",\"url\":\"\",\"contentUrl\":\"\"},{\"@type\":\"BreadcrumbList\",\"@id\":\"https:\\\/\\\/patagoniambiental.com.ar\\\/info\\\/caminando-los-senderos-cercanos-a-esquel\\\/#breadcrumb\",\"itemListElement\":[{\"@type\":\"ListItem\",\"position\":1,\"name\":\"Inicio\",\"item\":\"https:\\\/\\\/patagoniambiental.com.ar\\\/info\\\/\"},{\"@type\":\"ListItem\",\"position\":2,\"name\":\"Caminando los senderos cercanos a Esquel\"}]},{\"@type\":\"WebSite\",\"@id\":\"https:\\\/\\\/patagoniambiental.com.ar\\\/info\\\/#website\",\"url\":\"https:\\\/\\\/patagoniambiental.com.ar\\\/info\\\/\",\"name\":\"Patagonia Ambiental\",\"description\":\"Monitoreo y an\u00e1lisis de la situaci\u00f3n geopol\u00edtica en el mundo y su implicancia en la Patagonia\",\"publisher\":{\"@id\":\"https:\\\/\\\/patagoniambiental.com.ar\\\/info\\\/#organization\"},\"potentialAction\":[{\"@type\":\"SearchAction\",\"target\":{\"@type\":\"EntryPoint\",\"urlTemplate\":\"https:\\\/\\\/patagoniambiental.com.ar\\\/info\\\/?s={search_term_string}\"},\"query-input\":{\"@type\":\"PropertyValueSpecification\",\"valueRequired\":true,\"valueName\":\"search_term_string\"}}],\"inLanguage\":\"es\"},{\"@type\":\"Organization\",\"@id\":\"https:\\\/\\\/patagoniambiental.com.ar\\\/info\\\/#organization\",\"name\":\"Patagonia Ambiental\",\"url\":\"https:\\\/\\\/patagoniambiental.com.ar\\\/info\\\/\",\"logo\":{\"@type\":\"ImageObject\",\"inLanguage\":\"es\",\"@id\":\"https:\\\/\\\/patagoniambiental.com.ar\\\/info\\\/#\\\/schema\\\/logo\\\/image\\\/\",\"url\":\"https:\\\/\\\/patagoniambiental.com.ar\\\/info\\\/wp-content\\\/uploads\\\/2025\\\/05\\\/LOGO-PATAGONIA-AMBIENTAL.png\",\"contentUrl\":\"https:\\\/\\\/patagoniambiental.com.ar\\\/info\\\/wp-content\\\/uploads\\\/2025\\\/05\\\/LOGO-PATAGONIA-AMBIENTAL.png\",\"width\":433,\"height\":250,\"caption\":\"Patagonia Ambiental\"},\"image\":{\"@id\":\"https:\\\/\\\/patagoniambiental.com.ar\\\/info\\\/#\\\/schema\\\/logo\\\/image\\\/\"},\"sameAs\":[\"https:\\\/\\\/www.facebook.com\\\/patagonia.ambiental\",\"https:\\\/\\\/x.com\\\/PatAmb\"]},{\"@type\":\"Person\",\"@id\":\"https:\\\/\\\/patagoniambiental.com.ar\\\/info\\\/#\\\/schema\\\/person\\\/db12bff64bbcbf6a253710bf0ea37b5d\",\"name\":\"Patagonia Ambiental\",\"description\":\"Andr\u00e9s Nievas T\u00e9cnico en manejo ambiental, consultor Ambiental y escritor para medios locales e internacionales sobre temas de geopolitica y medio ambiente.\",\"sameAs\":[\"http:\\\/\\\/www.patagoniambiental.com.ar\",\"https:\\\/\\\/www.facebook.com\\\/share\\\/1C1V8Gv9BX\\\/?mibextid=qi2Omg\",\"@patagoniambiental\",\"https:\\\/\\\/youtube.com\\\/@patagoniaambiental2023?si=BLt58t0wuXquxlYZ\"]}]}<\/script>\n<!-- \/ Yoast SEO Premium plugin. -->","yoast_head_json":{"title":"Caminando los senderos cercanos a Esquel","robots":{"index":"index","follow":"follow","max-snippet":"max-snippet:-1","max-image-preview":"max-image-preview:large","max-video-preview":"max-video-preview:-1"},"canonical":"https:\/\/patagoniambiental.com.ar\/info\/caminando-los-senderos-cercanos-a-esquel\/","og_locale":"es_ES","og_type":"article","og_title":"Caminando los senderos cercanos a Esquel","og_description":"Esquel &#8211; Desaf\u00edos, naturaleza y relax en la temporada de verano en Esquel, punto de partida para conocer variados tramos [&hellip;]","og_url":"https:\/\/patagoniambiental.com.ar\/info\/caminando-los-senderos-cercanos-a-esquel\/","og_site_name":"Patagonia Ambiental","article_publisher":"https:\/\/www.facebook.com\/patagonia.ambiental","article_author":"https:\/\/www.facebook.com\/share\/1C1V8Gv9BX\/?mibextid=qi2Omg","article_published_time":"2015-08-05T22:00:06+00:00","author":"Patagonia Ambiental","twitter_card":"summary_large_image","twitter_creator":"@PatAmb","twitter_site":"@PatAmb","schema":{"@context":"https:\/\/schema.org","@graph":[{"@type":"Article","@id":"https:\/\/patagoniambiental.com.ar\/info\/caminando-los-senderos-cercanos-a-esquel\/#article","isPartOf":{"@id":"https:\/\/patagoniambiental.com.ar\/info\/caminando-los-senderos-cercanos-a-esquel\/"},"author":{"name":"Patagonia Ambiental","@id":"https:\/\/patagoniambiental.com.ar\/info\/#\/schema\/person\/db12bff64bbcbf6a253710bf0ea37b5d"},"headline":"Caminando los senderos cercanos a Esquel","datePublished":"2015-08-05T22:00:06+00:00","mainEntityOfPage":{"@id":"https:\/\/patagoniambiental.com.ar\/info\/caminando-los-senderos-cercanos-a-esquel\/"},"wordCount":965,"publisher":{"@id":"https:\/\/patagoniambiental.com.ar\/info\/#organization"},"image":{"@id":"https:\/\/patagoniambiental.com.ar\/info\/caminando-los-senderos-cercanos-a-esquel\/#primaryimage"},"thumbnailUrl":"","keywords":["Esquel","Huella Andina","Huemul","senderos"],"articleSection":["General","Noticias"],"inLanguage":"es"},{"@type":"WebPage","@id":"https:\/\/patagoniambiental.com.ar\/info\/caminando-los-senderos-cercanos-a-esquel\/","url":"https:\/\/patagoniambiental.com.ar\/info\/caminando-los-senderos-cercanos-a-esquel\/","name":"Caminando los senderos cercanos a Esquel","isPartOf":{"@id":"https:\/\/patagoniambiental.com.ar\/info\/#website"},"primaryImageOfPage":{"@id":"https:\/\/patagoniambiental.com.ar\/info\/caminando-los-senderos-cercanos-a-esquel\/#primaryimage"},"image":{"@id":"https:\/\/patagoniambiental.com.ar\/info\/caminando-los-senderos-cercanos-a-esquel\/#primaryimage"},"thumbnailUrl":"","datePublished":"2015-08-05T22:00:06+00:00","breadcrumb":{"@id":"https:\/\/patagoniambiental.com.ar\/info\/caminando-los-senderos-cercanos-a-esquel\/#breadcrumb"},"inLanguage":"es","potentialAction":[{"@type":"ReadAction","target":["https:\/\/patagoniambiental.com.ar\/info\/caminando-los-senderos-cercanos-a-esquel\/"]}]},{"@type":"ImageObject","inLanguage":"es","@id":"https:\/\/patagoniambiental.com.ar\/info\/caminando-los-senderos-cercanos-a-esquel\/#primaryimage","url":"","contentUrl":""},{"@type":"BreadcrumbList","@id":"https:\/\/patagoniambiental.com.ar\/info\/caminando-los-senderos-cercanos-a-esquel\/#breadcrumb","itemListElement":[{"@type":"ListItem","position":1,"name":"Inicio","item":"https:\/\/patagoniambiental.com.ar\/info\/"},{"@type":"ListItem","position":2,"name":"Caminando los senderos cercanos a Esquel"}]},{"@type":"WebSite","@id":"https:\/\/patagoniambiental.com.ar\/info\/#website","url":"https:\/\/patagoniambiental.com.ar\/info\/","name":"Patagonia Ambiental","description":"Monitoreo y an\u00e1lisis de la situaci\u00f3n geopol\u00edtica en el mundo y su implicancia en la Patagonia","publisher":{"@id":"https:\/\/patagoniambiental.com.ar\/info\/#organization"},"potentialAction":[{"@type":"SearchAction","target":{"@type":"EntryPoint","urlTemplate":"https:\/\/patagoniambiental.com.ar\/info\/?s={search_term_string}"},"query-input":{"@type":"PropertyValueSpecification","valueRequired":true,"valueName":"search_term_string"}}],"inLanguage":"es"},{"@type":"Organization","@id":"https:\/\/patagoniambiental.com.ar\/info\/#organization","name":"Patagonia Ambiental","url":"https:\/\/patagoniambiental.com.ar\/info\/","logo":{"@type":"ImageObject","inLanguage":"es","@id":"https:\/\/patagoniambiental.com.ar\/info\/#\/schema\/logo\/image\/","url":"https:\/\/patagoniambiental.com.ar\/info\/wp-content\/uploads\/2025\/05\/LOGO-PATAGONIA-AMBIENTAL.png","contentUrl":"https:\/\/patagoniambiental.com.ar\/info\/wp-content\/uploads\/2025\/05\/LOGO-PATAGONIA-AMBIENTAL.png","width":433,"height":250,"caption":"Patagonia Ambiental"},"image":{"@id":"https:\/\/patagoniambiental.com.ar\/info\/#\/schema\/logo\/image\/"},"sameAs":["https:\/\/www.facebook.com\/patagonia.ambiental","https:\/\/x.com\/PatAmb"]},{"@type":"Person","@id":"https:\/\/patagoniambiental.com.ar\/info\/#\/schema\/person\/db12bff64bbcbf6a253710bf0ea37b5d","name":"Patagonia Ambiental","description":"Andr\u00e9s Nievas T\u00e9cnico en manejo ambiental, consultor Ambiental y escritor para medios locales e internacionales sobre temas de geopolitica y medio ambiente.","sameAs":["http:\/\/www.patagoniambiental.com.ar","https:\/\/www.facebook.com\/share\/1C1V8Gv9BX\/?mibextid=qi2Omg","@patagoniambiental","https:\/\/youtube.com\/@patagoniaambiental2023?si=BLt58t0wuXquxlYZ"]}]}},"_links":{"self":[{"href":"https:\/\/patagoniambiental.com.ar\/info\/wp-json\/wp\/v2\/posts\/6632","targetHints":{"allow":["GET"]}}],"collection":[{"href":"https:\/\/patagoniambiental.com.ar\/info\/wp-json\/wp\/v2\/posts"}],"about":[{"href":"https:\/\/patagoniambiental.com.ar\/info\/wp-json\/wp\/v2\/types\/post"}],"author":[{"embeddable":true,"href":"https:\/\/patagoniambiental.com.ar\/info\/wp-json\/wp\/v2\/users\/2"}],"replies":[{"embeddable":true,"href":"https:\/\/patagoniambiental.com.ar\/info\/wp-json\/wp\/v2\/comments?post=6632"}],"version-history":[{"count":0,"href":"https:\/\/patagoniambiental.com.ar\/info\/wp-json\/wp\/v2\/posts\/6632\/revisions"}],"wp:featuredmedia":[{"embeddable":true,"href":"https:\/\/patagoniambiental.com.ar\/info\/wp-json\/"}],"wp:attachment":[{"href":"https:\/\/patagoniambiental.com.ar\/info\/wp-json\/wp\/v2\/media?parent=6632"}],"wp:term":[{"taxonomy":"category","embeddable":true,"href":"https:\/\/patagoniambiental.com.ar\/info\/wp-json\/wp\/v2\/categories?post=6632"},{"taxonomy":"post_tag","embeddable":true,"href":"https:\/\/patagoniambiental.com.ar\/info\/wp-json\/wp\/v2\/tags?post=6632"}],"curies":[{"name":"wp","href":"https:\/\/api.w.org\/{rel}","templated":true}]}}