{"id":66591,"date":"2020-06-04T19:00:32","date_gmt":"2020-06-04T22:00:32","guid":{"rendered":"http:\/\/patagoniambiental.com.ar\/info\/?p=66591"},"modified":"2020-06-04T09:37:09","modified_gmt":"2020-06-04T12:37:09","slug":"al-noroeste-de-la-provincia-de-rio-negro-descubren-un-pequeno-dinosaurio-carnivoro-con-alas-en-la-patagonia-argentina","status":"publish","type":"post","link":"https:\/\/patagoniambiental.com.ar\/info\/al-noroeste-de-la-provincia-de-rio-negro-descubren-un-pequeno-dinosaurio-carnivoro-con-alas-en-la-patagonia-argentina\/","title":{"rendered":"AL NOROESTE DE LA PROVINCIA DE R\u00cdO NEGRO Descubren un peque\u00f1o dinosaurio carn\u00edvoro con alas en la Patagonia argentina"},"content":{"rendered":"<p>Paleont\u00f3logos argentinos presentaron una nueva especie de dinosaurio de 90 millones de a\u00f1os de antig\u00fcedad que ten\u00eda patas semejantes a un raptor y alas en la parte superior de su cuerpo, por lo que su hallazgo aporta informaci\u00f3n para comprender c\u00f3mo evolucionaron y surgieron las aves.<\/p>\n<p><!--more--><img fetchpriority=\"high\" decoding=\"async\" class=\"size-medium wp-image-66592 alignleft\" src=\"https:\/\/patagoniambiental.com.ar\/info\/wp-content\/uploads\/2020\/06\/07-JD-Los-f\u00f3siles-fueron-extra\u00eddos-en-campo-junto-con-la-roca-que-lo-rodea-para-su-preparaci\u00f3n-en-detalle-en-laboratorio-600x400.jpg\" alt=\"\" width=\"600\" height=\"400\" \/><\/p>\n<p>El hallazgo de este dinosaurio emparentado con las aves se produjo al sur del embalse Ezequiel Ramos Mex\u00eda, en la provincia de R\u00edo Negro. Se trata de un animal peque\u00f1o y \u00e1gil que no superaba el metro y medio de longitud.<\/p>\n<p>Si bien no pod\u00eda volar, este dinosaurio pod\u00eda efectuar movimientos semejantes a los que realizan<br \/>\nlas aves modernas durante el vuelo y habr\u00eda usado las alas para equilibrarse en los momentos en<br \/>\nque corr\u00eda, por ejemplo, para atacar a sus presas.<br \/>\nEl becario Matias Motta del Laboratorio de Anatom\u00eda Comparada y Evoluci\u00f3n de los Vertebrados<br \/>\ndel Museo Argentino de Ciencias Naturales (LACEV-MACN-CONICET) indic\u00f3 a la Agencia CTyS-<br \/>\nUNLaM que \u201cesta nueva especie, a la que denominamos Overoraptor chimentoi, es un nuevo<br \/>\nintegrante dentro el grupo de dinosaurios carn\u00edvoros denominados paravianos\u201d.<br \/>\n\u201cEste animal pose\u00eda una garra muy afilada en el dedo \u00edndice de su pie, la cual seguramente le<br \/>\nserv\u00eda para atacar a sus presas, y ten\u00eda una pata alargada y gr\u00e1cil, lo que indica que era un animal<br \/>\ncorredor\u201d, coment\u00f3 el autor principal del estudio publicado en la revista The Science of Nature.<br \/>\nEl doctor Federico Agnolin, investigador del MACN-CONICET y de la Fundaci\u00f3n Azara, destac\u00f3 que<br \/>\nlo que m\u00e1s les sorprendi\u00f3 es que \u201csus patas eran como las de un raptor, pero sus miembros<br \/>\nsuperiores eran extremadamente largos y robustos, parecidos a los de las aves modernas\u201d.<br \/>\nEn el a\u00f1o 2013, se encontr\u00f3 una peque\u00f1a garrita y otros restos f\u00f3siles de este animal. En tanto, en<br \/>\nel a\u00f1o 2018, gracias a la financiaci\u00f3n de la National Geographic Society y del Sr. Coleman Burke,<br \/>\nlos investigadores pudieron realizar una nueva campa\u00f1a en la que pudieron rescatar m\u00e1s<br \/>\nelementos de este ejemplar.<br \/>\n\u201cEn la segunda campa\u00f1a, pudimos encontrar m\u00e1s elementos \u00f3seos, incluyendo parte del brazo o<br \/>\nala de este animal, ya que no sab\u00edamos c\u00f3mo llamarla en este momento, incluyendo la ulna, los<br \/>\nmetacarpos, varias v\u00e9rtebras dela cola, el pie casi completo, parte de la cadera, todos huesos que<br \/>\nnos dan informaci\u00f3n anat\u00f3mica muy novedosa\u201d, relat\u00f3 el paleont\u00f3logo Federico Briss\u00f3n Egli del<br \/>\nMACN &#8211; CONICET.<br \/>\nLas partes halladas aportan nuevos datos sobre c\u00f3mo evolucionaron las aves a partir de este<br \/>\ngrupo de dinosaurios. El doctor Fernando Novas, jefe del LACEV-MACN, explic\u00f3 que \u201clas aves no<br \/>\nson m\u00e1s que dinosaurios emplumados que viven hoy, comparten el planeta Tierra con nosotros y<br \/>\ntuvieron origen en dinosaurios con aspecto de velocirraptores\u201d.<br \/>\nPreviamente, se hab\u00edan hallado dinosaurios que marcaban esta transici\u00f3n hacia las aves. \u201cSe<br \/>\nconoc\u00edan formas peque\u00f1as, como el Buitreraptor, hallado en otro yacimiento de R\u00edo Negro; otras<br \/>\nespecies de tama\u00f1o intermedio como el Unenlagia, de masa corporal semejante a la de un \u00f1and\u00fa;<\/p>\n<p>y formas mucho m\u00e1s grandes y peligrosas como el Austroraptor, el cual ten\u00eda aproximadamente<br \/>\ncinco metros de largo\u201d, describi\u00f3 el paleont\u00f3logo Novas.<br \/>\nHasta el hallazgo de esta nueva especie, todos los dinosaurios carn\u00edvoros que se conoc\u00edan de la<br \/>\nPatagonia con aspecto de aves pertenec\u00edan al grupo de los unenl\u00e1gidos, los cuales eran \u00e1giles y<br \/>\ncaminaban en las patas traseras. Estas especies, ten\u00edan una garra recurvada en el dedo \u00edndice del<br \/>\npie, puntiaguda, de peque\u00f1o tama\u00f1o, que seguramente era de ayuda para estos carn\u00edvoros al<br \/>\nmomento de atrapar a sus presas.<br \/>\n\u201cAl contrario de lo que asumimos en un comienzo, el Overoraptor no es integrante de esta familia<br \/>\nde los unenl\u00e1gidos, sino de otro grupo que incluye a una especie de Madagascar llamada<br \/>\nRahonavis\u201d, precis\u00f3 Novas. Y agreg\u00f3: \u201cAhora, sabemos que los continentes australes estuvieron<br \/>\nhabitados por variados paravianos, incluyendo a los unenl\u00e1gidos y los \u2018overoraptores\u2019; esto habla<br \/>\nde una gran diversidad de formas que apenas estamos empezando a conocer\u201d.<br \/>\nCon al hallazgo del Overaptor chimentoi -cuyo nombre alude al patr\u00f3n de color overo, con<br \/>\nmanchas oscuras, con el cual sus f\u00f3siles han sido preservados, y hace referencia al paleont\u00f3logo<br \/>\nNicol\u00e1s Chimento que efectu\u00f3 su hallazgo en 2013-, la Patagonia argentina aporta un nuevo<br \/>\nrepresentante de estos dinosaurios muy cercanamente emparentado con las aves. Ambas<br \/>\nexpediciones en las que se encontraron sus restos f\u00f3siles, efectuadas en 2013 y 2018, contaron<br \/>\ncon el apoyo de la Secretar\u00eda de Cultura de R\u00edo Negro, como as\u00ed tambi\u00e9n de la empresa SIMA<br \/>\nIngenier\u00eda y la familia Violante.<br \/>\nLa transici\u00f3n ordenada entre los raptores y las aves<br \/>\nEl investigador Federico Agnolin coment\u00f3: \u201cCuando estudiamos en detalle al Overoraptor, nos<br \/>\ndimos cuenta que en realidad este dinosaurio era capaz de aletear, es decir, que hab\u00edamos<br \/>\nencontrado con un paso previamente desconocido en la transici\u00f3n entre los dinosaurios raptores y<br \/>\nlas aves; est\u00e1bamos justo en el medio\u201d.<br \/>\n\u201cEste animal result\u00f3 pertenecer a un nuevo grupo de dinosaurios del Hemisferio Sur; seguramente<br \/>\nera r\u00e1pido, \u00e1gil y, como todos sus parientes, ser\u00eda carn\u00edvoro. Si bien no conocemos demasiado de<br \/>\neste animal, esperamos regresar a este yacimiento al noroeste de R\u00edo Negro para encontrar m\u00e1s<br \/>\nrestos de esta especie y as\u00ed dilucidar m\u00e1s aspectos sobre la vida de estos peque\u00f1os dinosaurios\u201d,<br \/>\nasever\u00f3 Motta.<br \/>\n\u201cUn aspecto importante de esta investigaci\u00f3n es el parentesco del Overoraptor con una especie de<br \/>\nMadagascar\u201d, indic\u00f3 Federico Briss\u00f3n Egli. Y a\u00f1adi\u00f3: \u201cSudam\u00e9rica y \u00c1frica comparten una rica y<br \/>\nlarga historia geol\u00f3gica; seguramente, restos de especies relacionadas al Overoraptor y Rahonavis<br \/>\nempiecen a surgir en otras localidades gondw\u00e1nicas, aquel s\u00faper-continente del hemisferio sur,<br \/>\nque ven\u00eda fragment\u00e1ndose desde millones de a\u00f1os antes de que viviera esta especie que damos a<br \/>\nconocer\u201d.<br \/>\nEl paleont\u00f3logo Agnolin consider\u00f3 que \u201ceste hallazgo se suma a los que se vienen realizando hace<br \/>\nd\u00e9cadas en la Patagonia argentina y demuestra la importancia que tiene la paleontolog\u00eda en la<br \/>\nzona, porque incluso nos permite empezar a develar c\u00f3mo fue que se originaron las aves y c\u00f3mo<br \/>\nfue que los dinosaurios fueron evolucionando a trav\u00e9s del tiempo\u201d.<\/p>\n<p>Fuente:<\/p>\n<div>Lic. Emanuel Pujol<br \/>\nAgencia de divulgaci\u00f3n cient\u00edfica CTyS-UNLaM<br \/>\nUniversidad Nacional de La Matanza<br \/>\nCel. +54 11 3115 8831<br \/>\n<a href=\"http:\/\/www.ctys.com.ar\/\" target=\"_blank\" rel=\"noopener\" data-saferedirecturl=\"https:\/\/www.google.com\/url?q=http:\/\/www.ctys.com.ar&amp;source=gmail&amp;ust=1591360220550000&amp;usg=AFQjCNG_Q17jvoNH8dkSPbCQ-oCWCQWLhQ\">www.ctys.com.ar<\/a><\/div>\n<div>@CTyS_UNLaM<\/div>\n","protected":false},"excerpt":{"rendered":"<p>Paleont\u00f3logos argentinos presentaron una nueva especie de dinosaurio de 90 millones de a\u00f1os de antig\u00fcedad que ten\u00eda patas semejantes a [&hellip;]<\/p>\n","protected":false},"author":6,"featured_media":66593,"comment_status":"open","ping_status":"open","sticky":false,"template":"","format":"standard","meta":{"site-sidebar-layout":"default","site-content-layout":"","ast-site-content-layout":"default","site-content-style":"default","site-sidebar-style":"default","ast-global-header-display":"","ast-banner-title-visibility":"","ast-main-header-display":"","ast-hfb-above-header-display":"","ast-hfb-below-header-display":"","ast-hfb-mobile-header-display":"","site-post-title":"","ast-breadcrumbs-content":"","ast-featured-img":"","footer-sml-layout":"","ast-disable-related-posts":"","theme-transparent-header-meta":"","adv-header-id-meta":"","stick-header-meta":"","header-above-stick-meta":"","header-main-stick-meta":"","header-below-stick-meta":"","astra-migrate-meta-layouts":"default","ast-page-background-enabled":"default","ast-page-background-meta":{"desktop":{"background-color":"var(--ast-global-color-5)","background-image":"","background-repeat":"repeat","background-position":"center center","background-size":"auto","background-attachment":"scroll","background-type":"","background-media":"","overlay-type":"","overlay-color":"","overlay-opacity":"","overlay-gradient":""},"tablet":{"background-color":"","background-image":"","background-repeat":"repeat","background-position":"center center","background-size":"auto","background-attachment":"scroll","background-type":"","background-media":"","overlay-type":"","overlay-color":"","overlay-opacity":"","overlay-gradient":""},"mobile":{"background-color":"","background-image":"","background-repeat":"repeat","background-position":"center center","background-size":"auto","background-attachment":"scroll","background-type":"","background-media":"","overlay-type":"","overlay-color":"","overlay-opacity":"","overlay-gradient":""}},"ast-content-background-meta":{"desktop":{"background-color":"var(--ast-global-color-4)","background-image":"","background-repeat":"repeat","background-position":"center center","background-size":"auto","background-attachment":"scroll","background-type":"","background-media":"","overlay-type":"","overlay-color":"","overlay-opacity":"","overlay-gradient":""},"tablet":{"background-color":"var(--ast-global-color-4)","background-image":"","background-repeat":"repeat","background-position":"center center","background-size":"auto","background-attachment":"scroll","background-type":"","background-media":"","overlay-type":"","overlay-color":"","overlay-opacity":"","overlay-gradient":""},"mobile":{"background-color":"var(--ast-global-color-4)","background-image":"","background-repeat":"repeat","background-position":"center center","background-size":"auto","background-attachment":"scroll","background-type":"","background-media":"","overlay-type":"","overlay-color":"","overlay-opacity":"","overlay-gradient":""}},"footnotes":""},"categories":[53,1],"tags":[],"class_list":["post-66591","post","type-post","status-publish","format-standard","has-post-thumbnail","hentry","category-general","category-noticias"],"yoast_head":"<!-- This site is optimized with the Yoast SEO Premium plugin v23.0 (Yoast SEO v27.4) - https:\/\/yoast.com\/product\/yoast-seo-premium-wordpress\/ -->\n<title>AL NOROESTE DE LA PROVINCIA DE R\u00cdO NEGRO Descubren un peque\u00f1o dinosaurio carn\u00edvoro con alas en la Patagonia argentina<\/title>\n<meta name=\"robots\" content=\"index, follow, max-snippet:-1, max-image-preview:large, max-video-preview:-1\" \/>\n<link rel=\"canonical\" href=\"https:\/\/patagoniambiental.com.ar\/info\/al-noroeste-de-la-provincia-de-rio-negro-descubren-un-pequeno-dinosaurio-carnivoro-con-alas-en-la-patagonia-argentina\/\" \/>\n<meta property=\"og:locale\" content=\"es_ES\" \/>\n<meta property=\"og:type\" content=\"article\" \/>\n<meta property=\"og:title\" content=\"AL NOROESTE DE LA PROVINCIA DE R\u00cdO NEGRO Descubren un peque\u00f1o dinosaurio carn\u00edvoro con alas en la Patagonia argentina\" \/>\n<meta property=\"og:description\" content=\"Paleont\u00f3logos argentinos presentaron una nueva especie de dinosaurio de 90 millones de a\u00f1os de antig\u00fcedad que ten\u00eda patas semejantes a [&hellip;]\" \/>\n<meta property=\"og:url\" content=\"https:\/\/patagoniambiental.com.ar\/info\/al-noroeste-de-la-provincia-de-rio-negro-descubren-un-pequeno-dinosaurio-carnivoro-con-alas-en-la-patagonia-argentina\/\" \/>\n<meta property=\"og:site_name\" content=\"Patagonia Ambiental\" \/>\n<meta property=\"article:publisher\" content=\"https:\/\/www.facebook.com\/patagonia.ambiental\" \/>\n<meta property=\"article:published_time\" content=\"2020-06-04T22:00:32+00:00\" \/>\n<meta property=\"og:image\" content=\"https:\/\/patagoniambiental.com.ar\/info\/wp-content\/uploads\/2020\/06\/08.jpg\" \/>\n\t<meta property=\"og:image:width\" content=\"1500\" \/>\n\t<meta property=\"og:image:height\" content=\"983\" \/>\n\t<meta property=\"og:image:type\" content=\"image\/jpeg\" \/>\n<meta name=\"author\" content=\"BRAIAN ESTEVEZ\" \/>\n<meta name=\"twitter:card\" content=\"summary_large_image\" \/>\n<meta name=\"twitter:creator\" content=\"@PatAmb\" \/>\n<meta name=\"twitter:site\" content=\"@PatAmb\" \/>\n<script type=\"application\/ld+json\" class=\"yoast-schema-graph\">{\"@context\":\"https:\\\/\\\/schema.org\",\"@graph\":[{\"@type\":\"Article\",\"@id\":\"https:\\\/\\\/patagoniambiental.com.ar\\\/info\\\/al-noroeste-de-la-provincia-de-rio-negro-descubren-un-pequeno-dinosaurio-carnivoro-con-alas-en-la-patagonia-argentina\\\/#article\",\"isPartOf\":{\"@id\":\"https:\\\/\\\/patagoniambiental.com.ar\\\/info\\\/al-noroeste-de-la-provincia-de-rio-negro-descubren-un-pequeno-dinosaurio-carnivoro-con-alas-en-la-patagonia-argentina\\\/\"},\"author\":{\"name\":\"BRAIAN ESTEVEZ\",\"@id\":\"https:\\\/\\\/patagoniambiental.com.ar\\\/info\\\/#\\\/schema\\\/person\\\/e5af09d700b2e82cb10c6b8800e0c691\"},\"headline\":\"AL NOROESTE DE LA PROVINCIA DE R\u00cdO NEGRO Descubren un peque\u00f1o dinosaurio carn\u00edvoro con alas en la Patagonia argentina\",\"datePublished\":\"2020-06-04T22:00:32+00:00\",\"mainEntityOfPage\":{\"@id\":\"https:\\\/\\\/patagoniambiental.com.ar\\\/info\\\/al-noroeste-de-la-provincia-de-rio-negro-descubren-un-pequeno-dinosaurio-carnivoro-con-alas-en-la-patagonia-argentina\\\/\"},\"wordCount\":1122,\"commentCount\":0,\"publisher\":{\"@id\":\"https:\\\/\\\/patagoniambiental.com.ar\\\/info\\\/#organization\"},\"image\":{\"@id\":\"https:\\\/\\\/patagoniambiental.com.ar\\\/info\\\/al-noroeste-de-la-provincia-de-rio-negro-descubren-un-pequeno-dinosaurio-carnivoro-con-alas-en-la-patagonia-argentina\\\/#primaryimage\"},\"thumbnailUrl\":\"https:\\\/\\\/patagoniambiental.com.ar\\\/info\\\/wp-content\\\/uploads\\\/2020\\\/06\\\/08.jpg\",\"articleSection\":[\"General\",\"Noticias\"],\"inLanguage\":\"es\",\"potentialAction\":[{\"@type\":\"CommentAction\",\"name\":\"Comment\",\"target\":[\"https:\\\/\\\/patagoniambiental.com.ar\\\/info\\\/al-noroeste-de-la-provincia-de-rio-negro-descubren-un-pequeno-dinosaurio-carnivoro-con-alas-en-la-patagonia-argentina\\\/#respond\"]}]},{\"@type\":\"WebPage\",\"@id\":\"https:\\\/\\\/patagoniambiental.com.ar\\\/info\\\/al-noroeste-de-la-provincia-de-rio-negro-descubren-un-pequeno-dinosaurio-carnivoro-con-alas-en-la-patagonia-argentina\\\/\",\"url\":\"https:\\\/\\\/patagoniambiental.com.ar\\\/info\\\/al-noroeste-de-la-provincia-de-rio-negro-descubren-un-pequeno-dinosaurio-carnivoro-con-alas-en-la-patagonia-argentina\\\/\",\"name\":\"AL NOROESTE DE LA PROVINCIA DE R\u00cdO NEGRO Descubren un peque\u00f1o dinosaurio carn\u00edvoro con alas en la Patagonia argentina\",\"isPartOf\":{\"@id\":\"https:\\\/\\\/patagoniambiental.com.ar\\\/info\\\/#website\"},\"primaryImageOfPage\":{\"@id\":\"https:\\\/\\\/patagoniambiental.com.ar\\\/info\\\/al-noroeste-de-la-provincia-de-rio-negro-descubren-un-pequeno-dinosaurio-carnivoro-con-alas-en-la-patagonia-argentina\\\/#primaryimage\"},\"image\":{\"@id\":\"https:\\\/\\\/patagoniambiental.com.ar\\\/info\\\/al-noroeste-de-la-provincia-de-rio-negro-descubren-un-pequeno-dinosaurio-carnivoro-con-alas-en-la-patagonia-argentina\\\/#primaryimage\"},\"thumbnailUrl\":\"https:\\\/\\\/patagoniambiental.com.ar\\\/info\\\/wp-content\\\/uploads\\\/2020\\\/06\\\/08.jpg\",\"datePublished\":\"2020-06-04T22:00:32+00:00\",\"breadcrumb\":{\"@id\":\"https:\\\/\\\/patagoniambiental.com.ar\\\/info\\\/al-noroeste-de-la-provincia-de-rio-negro-descubren-un-pequeno-dinosaurio-carnivoro-con-alas-en-la-patagonia-argentina\\\/#breadcrumb\"},\"inLanguage\":\"es\",\"potentialAction\":[{\"@type\":\"ReadAction\",\"target\":[\"https:\\\/\\\/patagoniambiental.com.ar\\\/info\\\/al-noroeste-de-la-provincia-de-rio-negro-descubren-un-pequeno-dinosaurio-carnivoro-con-alas-en-la-patagonia-argentina\\\/\"]}]},{\"@type\":\"ImageObject\",\"inLanguage\":\"es\",\"@id\":\"https:\\\/\\\/patagoniambiental.com.ar\\\/info\\\/al-noroeste-de-la-provincia-de-rio-negro-descubren-un-pequeno-dinosaurio-carnivoro-con-alas-en-la-patagonia-argentina\\\/#primaryimage\",\"url\":\"https:\\\/\\\/patagoniambiental.com.ar\\\/info\\\/wp-content\\\/uploads\\\/2020\\\/06\\\/08.jpg\",\"contentUrl\":\"https:\\\/\\\/patagoniambiental.com.ar\\\/info\\\/wp-content\\\/uploads\\\/2020\\\/06\\\/08.jpg\",\"width\":916,\"height\":600},{\"@type\":\"BreadcrumbList\",\"@id\":\"https:\\\/\\\/patagoniambiental.com.ar\\\/info\\\/al-noroeste-de-la-provincia-de-rio-negro-descubren-un-pequeno-dinosaurio-carnivoro-con-alas-en-la-patagonia-argentina\\\/#breadcrumb\",\"itemListElement\":[{\"@type\":\"ListItem\",\"position\":1,\"name\":\"Inicio\",\"item\":\"https:\\\/\\\/patagoniambiental.com.ar\\\/info\\\/\"},{\"@type\":\"ListItem\",\"position\":2,\"name\":\"AL NOROESTE DE LA PROVINCIA DE R\u00cdO NEGRO Descubren un peque\u00f1o dinosaurio carn\u00edvoro con alas en la Patagonia argentina\"}]},{\"@type\":\"WebSite\",\"@id\":\"https:\\\/\\\/patagoniambiental.com.ar\\\/info\\\/#website\",\"url\":\"https:\\\/\\\/patagoniambiental.com.ar\\\/info\\\/\",\"name\":\"Patagonia Ambiental\",\"description\":\"Monitoreo y an\u00e1lisis de la situaci\u00f3n geopol\u00edtica en el mundo y su implicancia en la Patagonia\",\"publisher\":{\"@id\":\"https:\\\/\\\/patagoniambiental.com.ar\\\/info\\\/#organization\"},\"potentialAction\":[{\"@type\":\"SearchAction\",\"target\":{\"@type\":\"EntryPoint\",\"urlTemplate\":\"https:\\\/\\\/patagoniambiental.com.ar\\\/info\\\/?s={search_term_string}\"},\"query-input\":{\"@type\":\"PropertyValueSpecification\",\"valueRequired\":true,\"valueName\":\"search_term_string\"}}],\"inLanguage\":\"es\"},{\"@type\":\"Organization\",\"@id\":\"https:\\\/\\\/patagoniambiental.com.ar\\\/info\\\/#organization\",\"name\":\"Patagonia Ambiental\",\"url\":\"https:\\\/\\\/patagoniambiental.com.ar\\\/info\\\/\",\"logo\":{\"@type\":\"ImageObject\",\"inLanguage\":\"es\",\"@id\":\"https:\\\/\\\/patagoniambiental.com.ar\\\/info\\\/#\\\/schema\\\/logo\\\/image\\\/\",\"url\":\"https:\\\/\\\/patagoniambiental.com.ar\\\/info\\\/wp-content\\\/uploads\\\/2025\\\/05\\\/LOGO-PATAGONIA-AMBIENTAL.png\",\"contentUrl\":\"https:\\\/\\\/patagoniambiental.com.ar\\\/info\\\/wp-content\\\/uploads\\\/2025\\\/05\\\/LOGO-PATAGONIA-AMBIENTAL.png\",\"width\":433,\"height\":250,\"caption\":\"Patagonia Ambiental\"},\"image\":{\"@id\":\"https:\\\/\\\/patagoniambiental.com.ar\\\/info\\\/#\\\/schema\\\/logo\\\/image\\\/\"},\"sameAs\":[\"https:\\\/\\\/www.facebook.com\\\/patagonia.ambiental\",\"https:\\\/\\\/x.com\\\/PatAmb\"]},{\"@type\":\"Person\",\"@id\":\"https:\\\/\\\/patagoniambiental.com.ar\\\/info\\\/#\\\/schema\\\/person\\\/e5af09d700b2e82cb10c6b8800e0c691\",\"name\":\"BRAIAN ESTEVEZ\",\"sameAs\":[\"http:\\\/\\\/www.patagoniambiental.com.ar\"]}]}<\/script>\n<!-- \/ Yoast SEO Premium plugin. -->","yoast_head_json":{"title":"AL NOROESTE DE LA PROVINCIA DE R\u00cdO NEGRO Descubren un peque\u00f1o dinosaurio carn\u00edvoro con alas en la Patagonia argentina","robots":{"index":"index","follow":"follow","max-snippet":"max-snippet:-1","max-image-preview":"max-image-preview:large","max-video-preview":"max-video-preview:-1"},"canonical":"https:\/\/patagoniambiental.com.ar\/info\/al-noroeste-de-la-provincia-de-rio-negro-descubren-un-pequeno-dinosaurio-carnivoro-con-alas-en-la-patagonia-argentina\/","og_locale":"es_ES","og_type":"article","og_title":"AL NOROESTE DE LA PROVINCIA DE R\u00cdO NEGRO Descubren un peque\u00f1o dinosaurio carn\u00edvoro con alas en la Patagonia argentina","og_description":"Paleont\u00f3logos argentinos presentaron una nueva especie de dinosaurio de 90 millones de a\u00f1os de antig\u00fcedad que ten\u00eda patas semejantes a [&hellip;]","og_url":"https:\/\/patagoniambiental.com.ar\/info\/al-noroeste-de-la-provincia-de-rio-negro-descubren-un-pequeno-dinosaurio-carnivoro-con-alas-en-la-patagonia-argentina\/","og_site_name":"Patagonia Ambiental","article_publisher":"https:\/\/www.facebook.com\/patagonia.ambiental","article_published_time":"2020-06-04T22:00:32+00:00","og_image":[{"width":1500,"height":983,"url":"https:\/\/patagoniambiental.com.ar\/info\/wp-content\/uploads\/2020\/06\/08.jpg","type":"image\/jpeg"}],"author":"BRAIAN ESTEVEZ","twitter_card":"summary_large_image","twitter_creator":"@PatAmb","twitter_site":"@PatAmb","schema":{"@context":"https:\/\/schema.org","@graph":[{"@type":"Article","@id":"https:\/\/patagoniambiental.com.ar\/info\/al-noroeste-de-la-provincia-de-rio-negro-descubren-un-pequeno-dinosaurio-carnivoro-con-alas-en-la-patagonia-argentina\/#article","isPartOf":{"@id":"https:\/\/patagoniambiental.com.ar\/info\/al-noroeste-de-la-provincia-de-rio-negro-descubren-un-pequeno-dinosaurio-carnivoro-con-alas-en-la-patagonia-argentina\/"},"author":{"name":"BRAIAN ESTEVEZ","@id":"https:\/\/patagoniambiental.com.ar\/info\/#\/schema\/person\/e5af09d700b2e82cb10c6b8800e0c691"},"headline":"AL NOROESTE DE LA PROVINCIA DE R\u00cdO NEGRO Descubren un peque\u00f1o dinosaurio carn\u00edvoro con alas en la Patagonia argentina","datePublished":"2020-06-04T22:00:32+00:00","mainEntityOfPage":{"@id":"https:\/\/patagoniambiental.com.ar\/info\/al-noroeste-de-la-provincia-de-rio-negro-descubren-un-pequeno-dinosaurio-carnivoro-con-alas-en-la-patagonia-argentina\/"},"wordCount":1122,"commentCount":0,"publisher":{"@id":"https:\/\/patagoniambiental.com.ar\/info\/#organization"},"image":{"@id":"https:\/\/patagoniambiental.com.ar\/info\/al-noroeste-de-la-provincia-de-rio-negro-descubren-un-pequeno-dinosaurio-carnivoro-con-alas-en-la-patagonia-argentina\/#primaryimage"},"thumbnailUrl":"https:\/\/patagoniambiental.com.ar\/info\/wp-content\/uploads\/2020\/06\/08.jpg","articleSection":["General","Noticias"],"inLanguage":"es","potentialAction":[{"@type":"CommentAction","name":"Comment","target":["https:\/\/patagoniambiental.com.ar\/info\/al-noroeste-de-la-provincia-de-rio-negro-descubren-un-pequeno-dinosaurio-carnivoro-con-alas-en-la-patagonia-argentina\/#respond"]}]},{"@type":"WebPage","@id":"https:\/\/patagoniambiental.com.ar\/info\/al-noroeste-de-la-provincia-de-rio-negro-descubren-un-pequeno-dinosaurio-carnivoro-con-alas-en-la-patagonia-argentina\/","url":"https:\/\/patagoniambiental.com.ar\/info\/al-noroeste-de-la-provincia-de-rio-negro-descubren-un-pequeno-dinosaurio-carnivoro-con-alas-en-la-patagonia-argentina\/","name":"AL NOROESTE DE LA PROVINCIA DE R\u00cdO NEGRO Descubren un peque\u00f1o dinosaurio carn\u00edvoro con alas en la Patagonia argentina","isPartOf":{"@id":"https:\/\/patagoniambiental.com.ar\/info\/#website"},"primaryImageOfPage":{"@id":"https:\/\/patagoniambiental.com.ar\/info\/al-noroeste-de-la-provincia-de-rio-negro-descubren-un-pequeno-dinosaurio-carnivoro-con-alas-en-la-patagonia-argentina\/#primaryimage"},"image":{"@id":"https:\/\/patagoniambiental.com.ar\/info\/al-noroeste-de-la-provincia-de-rio-negro-descubren-un-pequeno-dinosaurio-carnivoro-con-alas-en-la-patagonia-argentina\/#primaryimage"},"thumbnailUrl":"https:\/\/patagoniambiental.com.ar\/info\/wp-content\/uploads\/2020\/06\/08.jpg","datePublished":"2020-06-04T22:00:32+00:00","breadcrumb":{"@id":"https:\/\/patagoniambiental.com.ar\/info\/al-noroeste-de-la-provincia-de-rio-negro-descubren-un-pequeno-dinosaurio-carnivoro-con-alas-en-la-patagonia-argentina\/#breadcrumb"},"inLanguage":"es","potentialAction":[{"@type":"ReadAction","target":["https:\/\/patagoniambiental.com.ar\/info\/al-noroeste-de-la-provincia-de-rio-negro-descubren-un-pequeno-dinosaurio-carnivoro-con-alas-en-la-patagonia-argentina\/"]}]},{"@type":"ImageObject","inLanguage":"es","@id":"https:\/\/patagoniambiental.com.ar\/info\/al-noroeste-de-la-provincia-de-rio-negro-descubren-un-pequeno-dinosaurio-carnivoro-con-alas-en-la-patagonia-argentina\/#primaryimage","url":"https:\/\/patagoniambiental.com.ar\/info\/wp-content\/uploads\/2020\/06\/08.jpg","contentUrl":"https:\/\/patagoniambiental.com.ar\/info\/wp-content\/uploads\/2020\/06\/08.jpg","width":916,"height":600},{"@type":"BreadcrumbList","@id":"https:\/\/patagoniambiental.com.ar\/info\/al-noroeste-de-la-provincia-de-rio-negro-descubren-un-pequeno-dinosaurio-carnivoro-con-alas-en-la-patagonia-argentina\/#breadcrumb","itemListElement":[{"@type":"ListItem","position":1,"name":"Inicio","item":"https:\/\/patagoniambiental.com.ar\/info\/"},{"@type":"ListItem","position":2,"name":"AL NOROESTE DE LA PROVINCIA DE R\u00cdO NEGRO Descubren un peque\u00f1o dinosaurio carn\u00edvoro con alas en la Patagonia argentina"}]},{"@type":"WebSite","@id":"https:\/\/patagoniambiental.com.ar\/info\/#website","url":"https:\/\/patagoniambiental.com.ar\/info\/","name":"Patagonia Ambiental","description":"Monitoreo y an\u00e1lisis de la situaci\u00f3n geopol\u00edtica en el mundo y su implicancia en la Patagonia","publisher":{"@id":"https:\/\/patagoniambiental.com.ar\/info\/#organization"},"potentialAction":[{"@type":"SearchAction","target":{"@type":"EntryPoint","urlTemplate":"https:\/\/patagoniambiental.com.ar\/info\/?s={search_term_string}"},"query-input":{"@type":"PropertyValueSpecification","valueRequired":true,"valueName":"search_term_string"}}],"inLanguage":"es"},{"@type":"Organization","@id":"https:\/\/patagoniambiental.com.ar\/info\/#organization","name":"Patagonia Ambiental","url":"https:\/\/patagoniambiental.com.ar\/info\/","logo":{"@type":"ImageObject","inLanguage":"es","@id":"https:\/\/patagoniambiental.com.ar\/info\/#\/schema\/logo\/image\/","url":"https:\/\/patagoniambiental.com.ar\/info\/wp-content\/uploads\/2025\/05\/LOGO-PATAGONIA-AMBIENTAL.png","contentUrl":"https:\/\/patagoniambiental.com.ar\/info\/wp-content\/uploads\/2025\/05\/LOGO-PATAGONIA-AMBIENTAL.png","width":433,"height":250,"caption":"Patagonia Ambiental"},"image":{"@id":"https:\/\/patagoniambiental.com.ar\/info\/#\/schema\/logo\/image\/"},"sameAs":["https:\/\/www.facebook.com\/patagonia.ambiental","https:\/\/x.com\/PatAmb"]},{"@type":"Person","@id":"https:\/\/patagoniambiental.com.ar\/info\/#\/schema\/person\/e5af09d700b2e82cb10c6b8800e0c691","name":"BRAIAN ESTEVEZ","sameAs":["http:\/\/www.patagoniambiental.com.ar"]}]}},"_links":{"self":[{"href":"https:\/\/patagoniambiental.com.ar\/info\/wp-json\/wp\/v2\/posts\/66591","targetHints":{"allow":["GET"]}}],"collection":[{"href":"https:\/\/patagoniambiental.com.ar\/info\/wp-json\/wp\/v2\/posts"}],"about":[{"href":"https:\/\/patagoniambiental.com.ar\/info\/wp-json\/wp\/v2\/types\/post"}],"author":[{"embeddable":true,"href":"https:\/\/patagoniambiental.com.ar\/info\/wp-json\/wp\/v2\/users\/6"}],"replies":[{"embeddable":true,"href":"https:\/\/patagoniambiental.com.ar\/info\/wp-json\/wp\/v2\/comments?post=66591"}],"version-history":[{"count":0,"href":"https:\/\/patagoniambiental.com.ar\/info\/wp-json\/wp\/v2\/posts\/66591\/revisions"}],"wp:featuredmedia":[{"embeddable":true,"href":"https:\/\/patagoniambiental.com.ar\/info\/wp-json\/wp\/v2\/media\/66593"}],"wp:attachment":[{"href":"https:\/\/patagoniambiental.com.ar\/info\/wp-json\/wp\/v2\/media?parent=66591"}],"wp:term":[{"taxonomy":"category","embeddable":true,"href":"https:\/\/patagoniambiental.com.ar\/info\/wp-json\/wp\/v2\/categories?post=66591"},{"taxonomy":"post_tag","embeddable":true,"href":"https:\/\/patagoniambiental.com.ar\/info\/wp-json\/wp\/v2\/tags?post=66591"}],"curies":[{"name":"wp","href":"https:\/\/api.w.org\/{rel}","templated":true}]}}