{"id":67134,"date":"2020-07-08T07:00:02","date_gmt":"2020-07-08T10:00:02","guid":{"rendered":"http:\/\/patagoniambiental.com.ar\/info\/?p=67134"},"modified":"2020-07-08T09:59:37","modified_gmt":"2020-07-08T12:59:37","slug":"planifican-manejo-del-agua-en-santa-rosa","status":"publish","type":"post","link":"https:\/\/patagoniambiental.com.ar\/info\/planifican-manejo-del-agua-en-santa-rosa\/","title":{"rendered":"Planifican manejo del agua en Santa Rosa"},"content":{"rendered":"<div class=\"td_block_wrap tdb_title td_uid_9_5f05c166adb70_rand tdb-single-title td-pb-border-top td_block_template_9\" data-td-block-uid=\"td_uid_9_5f05c166adb70\">\n<div class=\"tdb-block-inner td-fix-index\"><\/div>\n<\/div>\n<div class=\"td_block_wrap tdb_single_date td_uid_12_5f05c166ae953_rand td-pb-border-top td_block_template_9 tdb-post-meta\" data-td-block-uid=\"td_uid_12_5f05c166ae953\"><\/div>\n<div class=\"td_block_wrap tdb_single_post_share td_uid_13_5f05c166aed3a_rand td-pb-border-top td_block_template_9\" data-td-block-uid=\"td_uid_13_5f05c166aed3a\">\n<div id=\"td_uid_13_5f05c166aed3a\" class=\"td-post-sharing tdb-block td-ps-bg td-ps-padding td-post-sharing-style2 \">\n<div class=\"td-post-sharing-visible\">\n<div class=\"td-social-but-text\">Santa Rosa.-El secretario de Recursos H\u00eddricos de la provincia, N\u00e9stor Lastiri, se reuni\u00f3 con el intendente de Santa Rosa, Luciano Di N\u00e1poli.<\/div>\n<div><!--more--><\/div>\n<div><\/div>\n<div class=\"td-social-but-text\">Durante el encuentro trabajaron en la planificaci\u00f3n conjunta para el \u00f3ptimo manejo del agua pensando en el desarrollo urban\u00edstico de la ciudad, por lo que el eje fue el cuidado y la preservaci\u00f3n del acu\u00edfero local, teniendo en cuenta la calidad y cantidad de agua, como as\u00ed tambi\u00e9n la vulnerabilidad. Adem\u00e1s, abordaron el monitoreo de la Laguna Don Tom\u00e1s, que realizan de manera conjunta.<\/div>\n<\/div>\n<\/div>\n<\/div>\n<p>\u00abDesde la Secretar\u00eda de Recursos H\u00eddricos tenemos la obligaci\u00f3n de cuidar el uso principal del mismo que es el agua potable\u00bb, remarc\u00f3 Lastiri y agradeci\u00f3 a Di N\u00e1poli por haber propiciado el encuentro, \u00abpermite observar el cambio de paradigma que se est\u00e1 llevando a cabo respecto al rol que posee el cuidado del agua en todas las tem\u00e1ticas\u00bb, afirmaron desde la prensa oficial. A su vez, el secretario reafirm\u00f3 el inter\u00e9s de que ambas partes sigan trabajando de manera conjunta, acord\u00e1ndose un plan de trabajo con gesti\u00f3n conjunta y coordinada que promueva el desarrollo urban\u00edstico sustentable.<\/p>\n<div class=\"td_block_wrap tdb_single_content td_uid_15_5f05c166afc41_rand td-pb-border-top td_block_template_9 td-post-content tagdiv-type\" data-td-block-uid=\"td_uid_15_5f05c166afc41\">\n<div class=\"tdb-block-inner td-fix-index\">\n<p>De la reuni\u00f3n participaron, en representaci\u00f3n de la Secretar\u00eda de Recursos H\u00eddricos, el director de Pol\u00edticas H\u00eddricas, Gast\u00f3n Buss, la directora de Investigaci\u00f3n H\u00eddrica, Pamela Pratts, y el representante ante Coirco, Juan Greco. Mientras que la comitiva municipal la integraron, adem\u00e1s de Di N\u00e1poli, el secretario de Planeamiento Urbano, Obras, Ambiente y Servicios P\u00fablicos, Guillermo Bergonzi, y el subsecretario de Planeamiento Urbano y Obras Particulares, Javier Hern\u00e1ndez.<\/p>\n<div class=\"td-a-ad id_bottom_ad\">Funte: Diario La Arena<\/div>\n<\/div>\n<\/div>\n","protected":false},"excerpt":{"rendered":"<p>Santa Rosa.-El secretario de Recursos H\u00eddricos de la provincia, N\u00e9stor Lastiri, se reuni\u00f3 con el intendente de Santa Rosa, Luciano [&hellip;]<\/p>\n","protected":false},"author":6,"featured_media":47217,"comment_status":"open","ping_status":"open","sticky":false,"template":"","format":"standard","meta":{"site-sidebar-layout":"default","site-content-layout":"","ast-site-content-layout":"default","site-content-style":"default","site-sidebar-style":"default","ast-global-header-display":"","ast-banner-title-visibility":"","ast-main-header-display":"","ast-hfb-above-header-display":"","ast-hfb-below-header-display":"","ast-hfb-mobile-header-display":"","site-post-title":"","ast-breadcrumbs-content":"","ast-featured-img":"","footer-sml-layout":"","ast-disable-related-posts":"","theme-transparent-header-meta":"","adv-header-id-meta":"","stick-header-meta":"","header-above-stick-meta":"","header-main-stick-meta":"","header-below-stick-meta":"","astra-migrate-meta-layouts":"default","ast-page-background-enabled":"default","ast-page-background-meta":{"desktop":{"background-color":"var(--ast-global-color-5)","background-image":"","background-repeat":"repeat","background-position":"center center","background-size":"auto","background-attachment":"scroll","background-type":"","background-media":"","overlay-type":"","overlay-color":"","overlay-opacity":"","overlay-gradient":""},"tablet":{"background-color":"","background-image":"","background-repeat":"repeat","background-position":"center center","background-size":"auto","background-attachment":"scroll","background-type":"","background-media":"","overlay-type":"","overlay-color":"","overlay-opacity":"","overlay-gradient":""},"mobile":{"background-color":"","background-image":"","background-repeat":"repeat","background-position":"center center","background-size":"auto","background-attachment":"scroll","background-type":"","background-media":"","overlay-type":"","overlay-color":"","overlay-opacity":"","overlay-gradient":""}},"ast-content-background-meta":{"desktop":{"background-color":"var(--ast-global-color-4)","background-image":"","background-repeat":"repeat","background-position":"center center","background-size":"auto","background-attachment":"scroll","background-type":"","background-media":"","overlay-type":"","overlay-color":"","overlay-opacity":"","overlay-gradient":""},"tablet":{"background-color":"var(--ast-global-color-4)","background-image":"","background-repeat":"repeat","background-position":"center center","background-size":"auto","background-attachment":"scroll","background-type":"","background-media":"","overlay-type":"","overlay-color":"","overlay-opacity":"","overlay-gradient":""},"mobile":{"background-color":"var(--ast-global-color-4)","background-image":"","background-repeat":"repeat","background-position":"center center","background-size":"auto","background-attachment":"scroll","background-type":"","background-media":"","overlay-type":"","overlay-color":"","overlay-opacity":"","overlay-gradient":""}},"footnotes":""},"categories":[11,59,1,13,10],"tags":[],"class_list":["post-67134","post","type-post","status-publish","format-standard","has-post-thumbnail","hentry","category-boletin","category-la-pampa","category-noticias","category-provinciales","category-rotador"],"yoast_head":"<!-- This site is optimized with the Yoast SEO Premium plugin v23.0 (Yoast SEO v27.5) - https:\/\/yoast.com\/product\/yoast-seo-premium-wordpress\/ -->\n<title>Planifican manejo del agua en Santa Rosa<\/title>\n<meta name=\"robots\" content=\"index, follow, max-snippet:-1, max-image-preview:large, max-video-preview:-1\" \/>\n<link rel=\"canonical\" href=\"https:\/\/patagoniambiental.com.ar\/info\/planifican-manejo-del-agua-en-santa-rosa\/\" \/>\n<meta property=\"og:locale\" content=\"es_ES\" \/>\n<meta property=\"og:type\" content=\"article\" \/>\n<meta property=\"og:title\" content=\"Planifican manejo del agua en Santa Rosa\" \/>\n<meta property=\"og:description\" content=\"Santa Rosa.-El secretario de Recursos H\u00eddricos de la provincia, N\u00e9stor Lastiri, se reuni\u00f3 con el intendente de Santa Rosa, Luciano [&hellip;]\" \/>\n<meta property=\"og:url\" content=\"https:\/\/patagoniambiental.com.ar\/info\/planifican-manejo-del-agua-en-santa-rosa\/\" \/>\n<meta property=\"og:site_name\" content=\"Patagonia Ambiental\" \/>\n<meta property=\"article:publisher\" content=\"https:\/\/www.facebook.com\/patagonia.ambiental\" \/>\n<meta property=\"article:published_time\" content=\"2020-07-08T10:00:02+00:00\" \/>\n<meta property=\"article:modified_time\" content=\"2020-07-08T12:59:37+00:00\" \/>\n<meta property=\"og:image\" content=\"https:\/\/patagoniambiental.com.ar\/info\/wp-content\/uploads\/2018\/05\/Santa-Rosa.jpg\" \/>\n\t<meta property=\"og:image:width\" content=\"600\" \/>\n\t<meta property=\"og:image:height\" content=\"450\" \/>\n\t<meta property=\"og:image:type\" content=\"image\/jpeg\" \/>\n<meta name=\"author\" content=\"BRAIAN ESTEVEZ\" \/>\n<meta name=\"twitter:card\" content=\"summary_large_image\" \/>\n<meta name=\"twitter:creator\" content=\"@PatAmb\" \/>\n<meta name=\"twitter:site\" content=\"@PatAmb\" \/>\n<script type=\"application\/ld+json\" class=\"yoast-schema-graph\">{\"@context\":\"https:\\\/\\\/schema.org\",\"@graph\":[{\"@type\":\"Article\",\"@id\":\"https:\\\/\\\/patagoniambiental.com.ar\\\/info\\\/planifican-manejo-del-agua-en-santa-rosa\\\/#article\",\"isPartOf\":{\"@id\":\"https:\\\/\\\/patagoniambiental.com.ar\\\/info\\\/planifican-manejo-del-agua-en-santa-rosa\\\/\"},\"author\":{\"name\":\"BRAIAN ESTEVEZ\",\"@id\":\"https:\\\/\\\/patagoniambiental.com.ar\\\/info\\\/#\\\/schema\\\/person\\\/e5af09d700b2e82cb10c6b8800e0c691\"},\"headline\":\"Planifican manejo del agua en Santa Rosa\",\"datePublished\":\"2020-07-08T10:00:02+00:00\",\"dateModified\":\"2020-07-08T12:59:37+00:00\",\"mainEntityOfPage\":{\"@id\":\"https:\\\/\\\/patagoniambiental.com.ar\\\/info\\\/planifican-manejo-del-agua-en-santa-rosa\\\/\"},\"wordCount\":293,\"commentCount\":0,\"publisher\":{\"@id\":\"https:\\\/\\\/patagoniambiental.com.ar\\\/info\\\/#organization\"},\"image\":{\"@id\":\"https:\\\/\\\/patagoniambiental.com.ar\\\/info\\\/planifican-manejo-del-agua-en-santa-rosa\\\/#primaryimage\"},\"thumbnailUrl\":\"https:\\\/\\\/patagoniambiental.com.ar\\\/info\\\/wp-content\\\/uploads\\\/2018\\\/05\\\/Santa-Rosa.jpg\",\"articleSection\":[\"Bolet\u00edn\",\"La Pampa\",\"Noticias\",\"Provinciales\",\"Rotador\"],\"inLanguage\":\"es\",\"potentialAction\":[{\"@type\":\"CommentAction\",\"name\":\"Comment\",\"target\":[\"https:\\\/\\\/patagoniambiental.com.ar\\\/info\\\/planifican-manejo-del-agua-en-santa-rosa\\\/#respond\"]}]},{\"@type\":\"WebPage\",\"@id\":\"https:\\\/\\\/patagoniambiental.com.ar\\\/info\\\/planifican-manejo-del-agua-en-santa-rosa\\\/\",\"url\":\"https:\\\/\\\/patagoniambiental.com.ar\\\/info\\\/planifican-manejo-del-agua-en-santa-rosa\\\/\",\"name\":\"Planifican manejo del agua en Santa Rosa\",\"isPartOf\":{\"@id\":\"https:\\\/\\\/patagoniambiental.com.ar\\\/info\\\/#website\"},\"primaryImageOfPage\":{\"@id\":\"https:\\\/\\\/patagoniambiental.com.ar\\\/info\\\/planifican-manejo-del-agua-en-santa-rosa\\\/#primaryimage\"},\"image\":{\"@id\":\"https:\\\/\\\/patagoniambiental.com.ar\\\/info\\\/planifican-manejo-del-agua-en-santa-rosa\\\/#primaryimage\"},\"thumbnailUrl\":\"https:\\\/\\\/patagoniambiental.com.ar\\\/info\\\/wp-content\\\/uploads\\\/2018\\\/05\\\/Santa-Rosa.jpg\",\"datePublished\":\"2020-07-08T10:00:02+00:00\",\"dateModified\":\"2020-07-08T12:59:37+00:00\",\"breadcrumb\":{\"@id\":\"https:\\\/\\\/patagoniambiental.com.ar\\\/info\\\/planifican-manejo-del-agua-en-santa-rosa\\\/#breadcrumb\"},\"inLanguage\":\"es\",\"potentialAction\":[{\"@type\":\"ReadAction\",\"target\":[\"https:\\\/\\\/patagoniambiental.com.ar\\\/info\\\/planifican-manejo-del-agua-en-santa-rosa\\\/\"]}]},{\"@type\":\"ImageObject\",\"inLanguage\":\"es\",\"@id\":\"https:\\\/\\\/patagoniambiental.com.ar\\\/info\\\/planifican-manejo-del-agua-en-santa-rosa\\\/#primaryimage\",\"url\":\"https:\\\/\\\/patagoniambiental.com.ar\\\/info\\\/wp-content\\\/uploads\\\/2018\\\/05\\\/Santa-Rosa.jpg\",\"contentUrl\":\"https:\\\/\\\/patagoniambiental.com.ar\\\/info\\\/wp-content\\\/uploads\\\/2018\\\/05\\\/Santa-Rosa.jpg\",\"width\":600,\"height\":450,\"caption\":\"https:\\\/\\\/www.taringa.net\\\/posts\\\/imagenes\\\/19144003\\\/Santa-Rosa---La-Pampa.html\"},{\"@type\":\"BreadcrumbList\",\"@id\":\"https:\\\/\\\/patagoniambiental.com.ar\\\/info\\\/planifican-manejo-del-agua-en-santa-rosa\\\/#breadcrumb\",\"itemListElement\":[{\"@type\":\"ListItem\",\"position\":1,\"name\":\"Inicio\",\"item\":\"https:\\\/\\\/patagoniambiental.com.ar\\\/info\\\/\"},{\"@type\":\"ListItem\",\"position\":2,\"name\":\"Planifican manejo del agua en Santa Rosa\"}]},{\"@type\":\"WebSite\",\"@id\":\"https:\\\/\\\/patagoniambiental.com.ar\\\/info\\\/#website\",\"url\":\"https:\\\/\\\/patagoniambiental.com.ar\\\/info\\\/\",\"name\":\"Patagonia Ambiental\",\"description\":\"Monitoreo y an\u00e1lisis de la situaci\u00f3n geopol\u00edtica en el mundo y su implicancia en la Patagonia\",\"publisher\":{\"@id\":\"https:\\\/\\\/patagoniambiental.com.ar\\\/info\\\/#organization\"},\"potentialAction\":[{\"@type\":\"SearchAction\",\"target\":{\"@type\":\"EntryPoint\",\"urlTemplate\":\"https:\\\/\\\/patagoniambiental.com.ar\\\/info\\\/?s={search_term_string}\"},\"query-input\":{\"@type\":\"PropertyValueSpecification\",\"valueRequired\":true,\"valueName\":\"search_term_string\"}}],\"inLanguage\":\"es\"},{\"@type\":\"Organization\",\"@id\":\"https:\\\/\\\/patagoniambiental.com.ar\\\/info\\\/#organization\",\"name\":\"Patagonia Ambiental\",\"url\":\"https:\\\/\\\/patagoniambiental.com.ar\\\/info\\\/\",\"logo\":{\"@type\":\"ImageObject\",\"inLanguage\":\"es\",\"@id\":\"https:\\\/\\\/patagoniambiental.com.ar\\\/info\\\/#\\\/schema\\\/logo\\\/image\\\/\",\"url\":\"https:\\\/\\\/patagoniambiental.com.ar\\\/info\\\/wp-content\\\/uploads\\\/2025\\\/05\\\/LOGO-PATAGONIA-AMBIENTAL.png\",\"contentUrl\":\"https:\\\/\\\/patagoniambiental.com.ar\\\/info\\\/wp-content\\\/uploads\\\/2025\\\/05\\\/LOGO-PATAGONIA-AMBIENTAL.png\",\"width\":433,\"height\":250,\"caption\":\"Patagonia Ambiental\"},\"image\":{\"@id\":\"https:\\\/\\\/patagoniambiental.com.ar\\\/info\\\/#\\\/schema\\\/logo\\\/image\\\/\"},\"sameAs\":[\"https:\\\/\\\/www.facebook.com\\\/patagonia.ambiental\",\"https:\\\/\\\/x.com\\\/PatAmb\"]},{\"@type\":\"Person\",\"@id\":\"https:\\\/\\\/patagoniambiental.com.ar\\\/info\\\/#\\\/schema\\\/person\\\/e5af09d700b2e82cb10c6b8800e0c691\",\"name\":\"BRAIAN ESTEVEZ\",\"sameAs\":[\"http:\\\/\\\/www.patagoniambiental.com.ar\"]}]}<\/script>\n<!-- \/ Yoast SEO Premium plugin. -->","yoast_head_json":{"title":"Planifican manejo del agua en Santa Rosa","robots":{"index":"index","follow":"follow","max-snippet":"max-snippet:-1","max-image-preview":"max-image-preview:large","max-video-preview":"max-video-preview:-1"},"canonical":"https:\/\/patagoniambiental.com.ar\/info\/planifican-manejo-del-agua-en-santa-rosa\/","og_locale":"es_ES","og_type":"article","og_title":"Planifican manejo del agua en Santa Rosa","og_description":"Santa Rosa.-El secretario de Recursos H\u00eddricos de la provincia, N\u00e9stor Lastiri, se reuni\u00f3 con el intendente de Santa Rosa, Luciano [&hellip;]","og_url":"https:\/\/patagoniambiental.com.ar\/info\/planifican-manejo-del-agua-en-santa-rosa\/","og_site_name":"Patagonia Ambiental","article_publisher":"https:\/\/www.facebook.com\/patagonia.ambiental","article_published_time":"2020-07-08T10:00:02+00:00","article_modified_time":"2020-07-08T12:59:37+00:00","og_image":[{"width":600,"height":450,"url":"https:\/\/patagoniambiental.com.ar\/info\/wp-content\/uploads\/2018\/05\/Santa-Rosa.jpg","type":"image\/jpeg"}],"author":"BRAIAN ESTEVEZ","twitter_card":"summary_large_image","twitter_creator":"@PatAmb","twitter_site":"@PatAmb","schema":{"@context":"https:\/\/schema.org","@graph":[{"@type":"Article","@id":"https:\/\/patagoniambiental.com.ar\/info\/planifican-manejo-del-agua-en-santa-rosa\/#article","isPartOf":{"@id":"https:\/\/patagoniambiental.com.ar\/info\/planifican-manejo-del-agua-en-santa-rosa\/"},"author":{"name":"BRAIAN ESTEVEZ","@id":"https:\/\/patagoniambiental.com.ar\/info\/#\/schema\/person\/e5af09d700b2e82cb10c6b8800e0c691"},"headline":"Planifican manejo del agua en Santa Rosa","datePublished":"2020-07-08T10:00:02+00:00","dateModified":"2020-07-08T12:59:37+00:00","mainEntityOfPage":{"@id":"https:\/\/patagoniambiental.com.ar\/info\/planifican-manejo-del-agua-en-santa-rosa\/"},"wordCount":293,"commentCount":0,"publisher":{"@id":"https:\/\/patagoniambiental.com.ar\/info\/#organization"},"image":{"@id":"https:\/\/patagoniambiental.com.ar\/info\/planifican-manejo-del-agua-en-santa-rosa\/#primaryimage"},"thumbnailUrl":"https:\/\/patagoniambiental.com.ar\/info\/wp-content\/uploads\/2018\/05\/Santa-Rosa.jpg","articleSection":["Bolet\u00edn","La Pampa","Noticias","Provinciales","Rotador"],"inLanguage":"es","potentialAction":[{"@type":"CommentAction","name":"Comment","target":["https:\/\/patagoniambiental.com.ar\/info\/planifican-manejo-del-agua-en-santa-rosa\/#respond"]}]},{"@type":"WebPage","@id":"https:\/\/patagoniambiental.com.ar\/info\/planifican-manejo-del-agua-en-santa-rosa\/","url":"https:\/\/patagoniambiental.com.ar\/info\/planifican-manejo-del-agua-en-santa-rosa\/","name":"Planifican manejo del agua en Santa Rosa","isPartOf":{"@id":"https:\/\/patagoniambiental.com.ar\/info\/#website"},"primaryImageOfPage":{"@id":"https:\/\/patagoniambiental.com.ar\/info\/planifican-manejo-del-agua-en-santa-rosa\/#primaryimage"},"image":{"@id":"https:\/\/patagoniambiental.com.ar\/info\/planifican-manejo-del-agua-en-santa-rosa\/#primaryimage"},"thumbnailUrl":"https:\/\/patagoniambiental.com.ar\/info\/wp-content\/uploads\/2018\/05\/Santa-Rosa.jpg","datePublished":"2020-07-08T10:00:02+00:00","dateModified":"2020-07-08T12:59:37+00:00","breadcrumb":{"@id":"https:\/\/patagoniambiental.com.ar\/info\/planifican-manejo-del-agua-en-santa-rosa\/#breadcrumb"},"inLanguage":"es","potentialAction":[{"@type":"ReadAction","target":["https:\/\/patagoniambiental.com.ar\/info\/planifican-manejo-del-agua-en-santa-rosa\/"]}]},{"@type":"ImageObject","inLanguage":"es","@id":"https:\/\/patagoniambiental.com.ar\/info\/planifican-manejo-del-agua-en-santa-rosa\/#primaryimage","url":"https:\/\/patagoniambiental.com.ar\/info\/wp-content\/uploads\/2018\/05\/Santa-Rosa.jpg","contentUrl":"https:\/\/patagoniambiental.com.ar\/info\/wp-content\/uploads\/2018\/05\/Santa-Rosa.jpg","width":600,"height":450,"caption":"https:\/\/www.taringa.net\/posts\/imagenes\/19144003\/Santa-Rosa---La-Pampa.html"},{"@type":"BreadcrumbList","@id":"https:\/\/patagoniambiental.com.ar\/info\/planifican-manejo-del-agua-en-santa-rosa\/#breadcrumb","itemListElement":[{"@type":"ListItem","position":1,"name":"Inicio","item":"https:\/\/patagoniambiental.com.ar\/info\/"},{"@type":"ListItem","position":2,"name":"Planifican manejo del agua en Santa Rosa"}]},{"@type":"WebSite","@id":"https:\/\/patagoniambiental.com.ar\/info\/#website","url":"https:\/\/patagoniambiental.com.ar\/info\/","name":"Patagonia Ambiental","description":"Monitoreo y an\u00e1lisis de la situaci\u00f3n geopol\u00edtica en el mundo y su implicancia en la Patagonia","publisher":{"@id":"https:\/\/patagoniambiental.com.ar\/info\/#organization"},"potentialAction":[{"@type":"SearchAction","target":{"@type":"EntryPoint","urlTemplate":"https:\/\/patagoniambiental.com.ar\/info\/?s={search_term_string}"},"query-input":{"@type":"PropertyValueSpecification","valueRequired":true,"valueName":"search_term_string"}}],"inLanguage":"es"},{"@type":"Organization","@id":"https:\/\/patagoniambiental.com.ar\/info\/#organization","name":"Patagonia Ambiental","url":"https:\/\/patagoniambiental.com.ar\/info\/","logo":{"@type":"ImageObject","inLanguage":"es","@id":"https:\/\/patagoniambiental.com.ar\/info\/#\/schema\/logo\/image\/","url":"https:\/\/patagoniambiental.com.ar\/info\/wp-content\/uploads\/2025\/05\/LOGO-PATAGONIA-AMBIENTAL.png","contentUrl":"https:\/\/patagoniambiental.com.ar\/info\/wp-content\/uploads\/2025\/05\/LOGO-PATAGONIA-AMBIENTAL.png","width":433,"height":250,"caption":"Patagonia Ambiental"},"image":{"@id":"https:\/\/patagoniambiental.com.ar\/info\/#\/schema\/logo\/image\/"},"sameAs":["https:\/\/www.facebook.com\/patagonia.ambiental","https:\/\/x.com\/PatAmb"]},{"@type":"Person","@id":"https:\/\/patagoniambiental.com.ar\/info\/#\/schema\/person\/e5af09d700b2e82cb10c6b8800e0c691","name":"BRAIAN ESTEVEZ","sameAs":["http:\/\/www.patagoniambiental.com.ar"]}]}},"_links":{"self":[{"href":"https:\/\/patagoniambiental.com.ar\/info\/wp-json\/wp\/v2\/posts\/67134","targetHints":{"allow":["GET"]}}],"collection":[{"href":"https:\/\/patagoniambiental.com.ar\/info\/wp-json\/wp\/v2\/posts"}],"about":[{"href":"https:\/\/patagoniambiental.com.ar\/info\/wp-json\/wp\/v2\/types\/post"}],"author":[{"embeddable":true,"href":"https:\/\/patagoniambiental.com.ar\/info\/wp-json\/wp\/v2\/users\/6"}],"replies":[{"embeddable":true,"href":"https:\/\/patagoniambiental.com.ar\/info\/wp-json\/wp\/v2\/comments?post=67134"}],"version-history":[{"count":0,"href":"https:\/\/patagoniambiental.com.ar\/info\/wp-json\/wp\/v2\/posts\/67134\/revisions"}],"wp:featuredmedia":[{"embeddable":true,"href":"https:\/\/patagoniambiental.com.ar\/info\/wp-json\/wp\/v2\/media\/47217"}],"wp:attachment":[{"href":"https:\/\/patagoniambiental.com.ar\/info\/wp-json\/wp\/v2\/media?parent=67134"}],"wp:term":[{"taxonomy":"category","embeddable":true,"href":"https:\/\/patagoniambiental.com.ar\/info\/wp-json\/wp\/v2\/categories?post=67134"},{"taxonomy":"post_tag","embeddable":true,"href":"https:\/\/patagoniambiental.com.ar\/info\/wp-json\/wp\/v2\/tags?post=67134"}],"curies":[{"name":"wp","href":"https:\/\/api.w.org\/{rel}","templated":true}]}}