{"id":67341,"date":"2020-07-21T07:00:19","date_gmt":"2020-07-21T10:00:19","guid":{"rendered":"http:\/\/patagoniambiental.com.ar\/info\/?p=67341"},"modified":"2020-07-21T08:22:55","modified_gmt":"2020-07-21T11:22:55","slug":"el-ministerio-de-ambiente-promueve-un-diploma-de-posgrado-para-la-formacion-de-especialistas-en-cambio-climatico","status":"publish","type":"post","link":"https:\/\/patagoniambiental.com.ar\/info\/el-ministerio-de-ambiente-promueve-un-diploma-de-posgrado-para-la-formacion-de-especialistas-en-cambio-climatico\/","title":{"rendered":"El Ministerio de Ambiente promueve un diploma de posgrado para la formaci\u00f3n de especialistas en cambio clim\u00e1tico"},"content":{"rendered":"<div>Ciudad Aut\u00f3noma de Buenos Aires, 20 de julio de 2020.-\u00a0 Se realizar\u00e1 a distancia, en conjunto con las universidades nacionales de Quilmes y de Jujuy. La inscripci\u00f3n es gratuita y se aceptar\u00e1n postulaciones hasta el 24 de julio.<\/div>\n<p><!--more--><\/p>\n<div><\/div>\n<div>El Ministerio de Ambiente y Desarrollo Sostenible de la Naci\u00f3n, la Universidad Nacional de Quilmes y la Universidad Nacional de Jujuy impulsan el diploma de posgrado \u201cBases y Herramientas para la Gesti\u00f3n Integral del Cambio Clim\u00e1tico\u201d. El curso se desarrollar\u00e1 en modalidad a distancia, entre agosto y diciembre del corriente.<\/div>\n<div><\/div>\n<div>Con esta iniciativa, el Ministerio \u2014a trav\u00e9s de la Secretar\u00eda de Cambio Clim\u00e1tico, Desarrollo Sostenible e Innovaci\u00f3n\u2014 y las mencionadas casas de estudio buscan fortalecer capacidades y formar especialistas en la mencionada tem\u00e1tica. La finalidad es que quienes cursen el posgrado puedan comprender, desde un abordaje interdisciplinario, conceptos, principios clave y causas del cambio clim\u00e1tico, con vistas a evaluar las problem\u00e1ticas asociadas y las acciones regionales, nacionales e internacionales para hacer frente a este fen\u00f3meno, en los diferentes sectores y escalas territoriales.<\/div>\n<div><\/div>\n<div>El diploma tendr\u00e1 190 horas de cursada distribuidas en 15 m\u00f3dulos. Estos \u00faltimos estar\u00e1n centrados en: miradas cr\u00edticas sobre el cambio clim\u00e1tico y el desarrollo; introducci\u00f3n a las cuestiones ambientales y del abordaje del cambio clim\u00e1tico; energ\u00eda; mitigaci\u00f3n frente al cambio clim\u00e1tico; impactos del fen\u00f3meno; vulnerabilidad, adaptaci\u00f3n y resiliencia; vinculaci\u00f3n de la tem\u00e1tica con la salud; planes de acci\u00f3n contra el cambio clim\u00e1tico; otros aspectos sociales (migraciones, refugiados ambientales y transici\u00f3n justa); cambio clim\u00e1tico y g\u00e9nero; aspectos econ\u00f3micos y regulatorios; comunicaci\u00f3n del cambio clim\u00e1tico; marco legal, pol\u00edtico e institucional; integridad socioambiental frente al cambio clim\u00e1tico; y un m\u00f3dulo a elecci\u00f3n, seg\u00fan sector de inter\u00e9s.<\/div>\n<div><\/div>\n<div>Las clases se realizar\u00e1n en modalidad virtual, elaboradas por profesores y profesoras de diferentes puntos del pa\u00eds. Habr\u00e1 acceso a clases magistrales y conversatorios con especialistas nacionales e internacionales, adem\u00e1s de foros para los y las estudiantes.<\/div>\n<div><\/div>\n<div>Para postularse, se requerir\u00e1 t\u00edtulo universitario o acreditar estudios terciarios de al menos cuatro a\u00f1os. Para completar los cupos de admisi\u00f3n, se tendr\u00e1 en cuenta el balance de g\u00e9nero y la distribuci\u00f3n federal. Adem\u00e1s, se reservar\u00e1n admisiones para los y las estudiantes provenientes de Am\u00e9rica Latina y el Caribe.<\/div>\n<div><\/div>\n<div>Para conocer m\u00e1s, <a class=\"\" href=\"https:\/\/www.argentina.gob.ar\/sites\/default\/files\/diploma_cc_mayds_final.pdf\">cliquear aqu\u00ed<\/a>. Para realizar la inscripci\u00f3n gratuita, <a href=\"https:\/\/docs.google.com\/forms\/d\/e\/1FAIpQLSefV_DaGUHzcakFKoTsJHbxkgXdgrWjKv31CXasAWRIe0qsKA\/viewform\">visitar el siguiente enlace<\/a>. Hay tiempo hasta el viernes 24 de julio.<\/div>\n<div><\/div>\n<table border=\"0\" cellspacing=\"0\" cellpadding=\"0\">\n<tbody>\n<tr>\n<td class=\"stack-column\" align=\"center\" valign=\"top\">\n<div class=\"eddie-wrapper\"><img decoding=\"async\" class=\"fluid\" src=\"http:\/\/cdn.pemres02.net\/3674\/curepomesa-de-trabajo-1.png\" alt=\"\" width=\"auto\" height=\"auto\" data-margin=\"15px 0px\" \/><\/div>\n<\/td>\n<\/tr>\n<\/tbody>\n<\/table>\n<p>Fuente: Ministerio de Ambiente y Desarrollo Sustentable de la Naci\u00f3n<\/p>\n","protected":false},"excerpt":{"rendered":"<p>Ciudad Aut\u00f3noma de Buenos Aires, 20 de julio de 2020.-\u00a0 Se realizar\u00e1 a distancia, en conjunto con las universidades nacionales [&hellip;]<\/p>\n","protected":false},"author":6,"featured_media":67342,"comment_status":"open","ping_status":"open","sticky":false,"template":"","format":"standard","meta":{"site-sidebar-layout":"default","site-content-layout":"","ast-site-content-layout":"default","site-content-style":"default","site-sidebar-style":"default","ast-global-header-display":"","ast-banner-title-visibility":"","ast-main-header-display":"","ast-hfb-above-header-display":"","ast-hfb-below-header-display":"","ast-hfb-mobile-header-display":"","site-post-title":"","ast-breadcrumbs-content":"","ast-featured-img":"","footer-sml-layout":"","ast-disable-related-posts":"","theme-transparent-header-meta":"","adv-header-id-meta":"","stick-header-meta":"","header-above-stick-meta":"","header-main-stick-meta":"","header-below-stick-meta":"","astra-migrate-meta-layouts":"default","ast-page-background-enabled":"default","ast-page-background-meta":{"desktop":{"background-color":"var(--ast-global-color-5)","background-image":"","background-repeat":"repeat","background-position":"center center","background-size":"auto","background-attachment":"scroll","background-type":"","background-media":"","overlay-type":"","overlay-color":"","overlay-opacity":"","overlay-gradient":""},"tablet":{"background-color":"","background-image":"","background-repeat":"repeat","background-position":"center center","background-size":"auto","background-attachment":"scroll","background-type":"","background-media":"","overlay-type":"","overlay-color":"","overlay-opacity":"","overlay-gradient":""},"mobile":{"background-color":"","background-image":"","background-repeat":"repeat","background-position":"center center","background-size":"auto","background-attachment":"scroll","background-type":"","background-media":"","overlay-type":"","overlay-color":"","overlay-opacity":"","overlay-gradient":""}},"ast-content-background-meta":{"desktop":{"background-color":"var(--ast-global-color-4)","background-image":"","background-repeat":"repeat","background-position":"center center","background-size":"auto","background-attachment":"scroll","background-type":"","background-media":"","overlay-type":"","overlay-color":"","overlay-opacity":"","overlay-gradient":""},"tablet":{"background-color":"var(--ast-global-color-4)","background-image":"","background-repeat":"repeat","background-position":"center center","background-size":"auto","background-attachment":"scroll","background-type":"","background-media":"","overlay-type":"","overlay-color":"","overlay-opacity":"","overlay-gradient":""},"mobile":{"background-color":"var(--ast-global-color-4)","background-image":"","background-repeat":"repeat","background-position":"center center","background-size":"auto","background-attachment":"scroll","background-type":"","background-media":"","overlay-type":"","overlay-color":"","overlay-opacity":"","overlay-gradient":""}},"footnotes":""},"categories":[11,19,1,10],"tags":[],"class_list":["post-67341","post","type-post","status-publish","format-standard","has-post-thumbnail","hentry","category-boletin","category-nacionales","category-noticias","category-rotador"],"yoast_head":"<!-- This site is optimized with the Yoast SEO Premium plugin v23.0 (Yoast SEO v27.5) - https:\/\/yoast.com\/product\/yoast-seo-premium-wordpress\/ -->\n<title>El Ministerio de Ambiente promueve un diploma de posgrado para la formaci\u00f3n de especialistas en cambio clim\u00e1tico<\/title>\n<meta name=\"robots\" content=\"index, follow, max-snippet:-1, max-image-preview:large, max-video-preview:-1\" \/>\n<link rel=\"canonical\" href=\"https:\/\/patagoniambiental.com.ar\/info\/el-ministerio-de-ambiente-promueve-un-diploma-de-posgrado-para-la-formacion-de-especialistas-en-cambio-climatico\/\" \/>\n<meta property=\"og:locale\" content=\"es_ES\" \/>\n<meta property=\"og:type\" content=\"article\" \/>\n<meta property=\"og:title\" content=\"El Ministerio de Ambiente promueve un diploma de posgrado para la formaci\u00f3n de especialistas en cambio clim\u00e1tico\" \/>\n<meta property=\"og:description\" content=\"Ciudad Aut\u00f3noma de Buenos Aires, 20 de julio de 2020.-\u00a0 Se realizar\u00e1 a distancia, en conjunto con las universidades nacionales [&hellip;]\" \/>\n<meta property=\"og:url\" content=\"https:\/\/patagoniambiental.com.ar\/info\/el-ministerio-de-ambiente-promueve-un-diploma-de-posgrado-para-la-formacion-de-especialistas-en-cambio-climatico\/\" \/>\n<meta property=\"og:site_name\" content=\"Patagonia Ambiental\" \/>\n<meta property=\"article:publisher\" content=\"https:\/\/www.facebook.com\/patagonia.ambiental\" \/>\n<meta property=\"article:published_time\" content=\"2020-07-21T10:00:19+00:00\" \/>\n<meta property=\"article:modified_time\" content=\"2020-07-21T11:22:55+00:00\" \/>\n<meta property=\"og:image\" content=\"https:\/\/patagoniambiental.com.ar\/info\/wp-content\/uploads\/2020\/07\/curepomesa-de-trabajo-1.png\" \/>\n\t<meta property=\"og:image:width\" content=\"600\" \/>\n\t<meta property=\"og:image:height\" content=\"400\" \/>\n\t<meta property=\"og:image:type\" content=\"image\/png\" \/>\n<meta name=\"author\" content=\"BRAIAN ESTEVEZ\" \/>\n<meta name=\"twitter:card\" content=\"summary_large_image\" \/>\n<meta name=\"twitter:creator\" content=\"@PatAmb\" \/>\n<meta name=\"twitter:site\" content=\"@PatAmb\" \/>\n<script type=\"application\/ld+json\" class=\"yoast-schema-graph\">{\"@context\":\"https:\\\/\\\/schema.org\",\"@graph\":[{\"@type\":\"Article\",\"@id\":\"https:\\\/\\\/patagoniambiental.com.ar\\\/info\\\/el-ministerio-de-ambiente-promueve-un-diploma-de-posgrado-para-la-formacion-de-especialistas-en-cambio-climatico\\\/#article\",\"isPartOf\":{\"@id\":\"https:\\\/\\\/patagoniambiental.com.ar\\\/info\\\/el-ministerio-de-ambiente-promueve-un-diploma-de-posgrado-para-la-formacion-de-especialistas-en-cambio-climatico\\\/\"},\"author\":{\"name\":\"BRAIAN ESTEVEZ\",\"@id\":\"https:\\\/\\\/patagoniambiental.com.ar\\\/info\\\/#\\\/schema\\\/person\\\/e5af09d700b2e82cb10c6b8800e0c691\"},\"headline\":\"El Ministerio de Ambiente promueve un diploma de posgrado para la formaci\u00f3n de especialistas en cambio clim\u00e1tico\",\"datePublished\":\"2020-07-21T10:00:19+00:00\",\"dateModified\":\"2020-07-21T11:22:55+00:00\",\"mainEntityOfPage\":{\"@id\":\"https:\\\/\\\/patagoniambiental.com.ar\\\/info\\\/el-ministerio-de-ambiente-promueve-un-diploma-de-posgrado-para-la-formacion-de-especialistas-en-cambio-climatico\\\/\"},\"wordCount\":461,\"commentCount\":0,\"publisher\":{\"@id\":\"https:\\\/\\\/patagoniambiental.com.ar\\\/info\\\/#organization\"},\"image\":{\"@id\":\"https:\\\/\\\/patagoniambiental.com.ar\\\/info\\\/el-ministerio-de-ambiente-promueve-un-diploma-de-posgrado-para-la-formacion-de-especialistas-en-cambio-climatico\\\/#primaryimage\"},\"thumbnailUrl\":\"https:\\\/\\\/patagoniambiental.com.ar\\\/info\\\/wp-content\\\/uploads\\\/2020\\\/07\\\/curepomesa-de-trabajo-1.png\",\"articleSection\":[\"Bolet\u00edn\",\"Nacionales\",\"Noticias\",\"Rotador\"],\"inLanguage\":\"es\",\"potentialAction\":[{\"@type\":\"CommentAction\",\"name\":\"Comment\",\"target\":[\"https:\\\/\\\/patagoniambiental.com.ar\\\/info\\\/el-ministerio-de-ambiente-promueve-un-diploma-de-posgrado-para-la-formacion-de-especialistas-en-cambio-climatico\\\/#respond\"]}]},{\"@type\":\"WebPage\",\"@id\":\"https:\\\/\\\/patagoniambiental.com.ar\\\/info\\\/el-ministerio-de-ambiente-promueve-un-diploma-de-posgrado-para-la-formacion-de-especialistas-en-cambio-climatico\\\/\",\"url\":\"https:\\\/\\\/patagoniambiental.com.ar\\\/info\\\/el-ministerio-de-ambiente-promueve-un-diploma-de-posgrado-para-la-formacion-de-especialistas-en-cambio-climatico\\\/\",\"name\":\"El Ministerio de Ambiente promueve un diploma de posgrado para la formaci\u00f3n de especialistas en cambio clim\u00e1tico\",\"isPartOf\":{\"@id\":\"https:\\\/\\\/patagoniambiental.com.ar\\\/info\\\/#website\"},\"primaryImageOfPage\":{\"@id\":\"https:\\\/\\\/patagoniambiental.com.ar\\\/info\\\/el-ministerio-de-ambiente-promueve-un-diploma-de-posgrado-para-la-formacion-de-especialistas-en-cambio-climatico\\\/#primaryimage\"},\"image\":{\"@id\":\"https:\\\/\\\/patagoniambiental.com.ar\\\/info\\\/el-ministerio-de-ambiente-promueve-un-diploma-de-posgrado-para-la-formacion-de-especialistas-en-cambio-climatico\\\/#primaryimage\"},\"thumbnailUrl\":\"https:\\\/\\\/patagoniambiental.com.ar\\\/info\\\/wp-content\\\/uploads\\\/2020\\\/07\\\/curepomesa-de-trabajo-1.png\",\"datePublished\":\"2020-07-21T10:00:19+00:00\",\"dateModified\":\"2020-07-21T11:22:55+00:00\",\"breadcrumb\":{\"@id\":\"https:\\\/\\\/patagoniambiental.com.ar\\\/info\\\/el-ministerio-de-ambiente-promueve-un-diploma-de-posgrado-para-la-formacion-de-especialistas-en-cambio-climatico\\\/#breadcrumb\"},\"inLanguage\":\"es\",\"potentialAction\":[{\"@type\":\"ReadAction\",\"target\":[\"https:\\\/\\\/patagoniambiental.com.ar\\\/info\\\/el-ministerio-de-ambiente-promueve-un-diploma-de-posgrado-para-la-formacion-de-especialistas-en-cambio-climatico\\\/\"]}]},{\"@type\":\"ImageObject\",\"inLanguage\":\"es\",\"@id\":\"https:\\\/\\\/patagoniambiental.com.ar\\\/info\\\/el-ministerio-de-ambiente-promueve-un-diploma-de-posgrado-para-la-formacion-de-especialistas-en-cambio-climatico\\\/#primaryimage\",\"url\":\"https:\\\/\\\/patagoniambiental.com.ar\\\/info\\\/wp-content\\\/uploads\\\/2020\\\/07\\\/curepomesa-de-trabajo-1.png\",\"contentUrl\":\"https:\\\/\\\/patagoniambiental.com.ar\\\/info\\\/wp-content\\\/uploads\\\/2020\\\/07\\\/curepomesa-de-trabajo-1.png\",\"width\":600,\"height\":400},{\"@type\":\"BreadcrumbList\",\"@id\":\"https:\\\/\\\/patagoniambiental.com.ar\\\/info\\\/el-ministerio-de-ambiente-promueve-un-diploma-de-posgrado-para-la-formacion-de-especialistas-en-cambio-climatico\\\/#breadcrumb\",\"itemListElement\":[{\"@type\":\"ListItem\",\"position\":1,\"name\":\"Inicio\",\"item\":\"https:\\\/\\\/patagoniambiental.com.ar\\\/info\\\/\"},{\"@type\":\"ListItem\",\"position\":2,\"name\":\"El Ministerio de Ambiente promueve un diploma de posgrado para la formaci\u00f3n de especialistas en cambio clim\u00e1tico\"}]},{\"@type\":\"WebSite\",\"@id\":\"https:\\\/\\\/patagoniambiental.com.ar\\\/info\\\/#website\",\"url\":\"https:\\\/\\\/patagoniambiental.com.ar\\\/info\\\/\",\"name\":\"Patagonia Ambiental\",\"description\":\"Monitoreo y an\u00e1lisis de la situaci\u00f3n geopol\u00edtica en el mundo y su implicancia en la Patagonia\",\"publisher\":{\"@id\":\"https:\\\/\\\/patagoniambiental.com.ar\\\/info\\\/#organization\"},\"potentialAction\":[{\"@type\":\"SearchAction\",\"target\":{\"@type\":\"EntryPoint\",\"urlTemplate\":\"https:\\\/\\\/patagoniambiental.com.ar\\\/info\\\/?s={search_term_string}\"},\"query-input\":{\"@type\":\"PropertyValueSpecification\",\"valueRequired\":true,\"valueName\":\"search_term_string\"}}],\"inLanguage\":\"es\"},{\"@type\":\"Organization\",\"@id\":\"https:\\\/\\\/patagoniambiental.com.ar\\\/info\\\/#organization\",\"name\":\"Patagonia Ambiental\",\"url\":\"https:\\\/\\\/patagoniambiental.com.ar\\\/info\\\/\",\"logo\":{\"@type\":\"ImageObject\",\"inLanguage\":\"es\",\"@id\":\"https:\\\/\\\/patagoniambiental.com.ar\\\/info\\\/#\\\/schema\\\/logo\\\/image\\\/\",\"url\":\"https:\\\/\\\/patagoniambiental.com.ar\\\/info\\\/wp-content\\\/uploads\\\/2025\\\/05\\\/LOGO-PATAGONIA-AMBIENTAL.png\",\"contentUrl\":\"https:\\\/\\\/patagoniambiental.com.ar\\\/info\\\/wp-content\\\/uploads\\\/2025\\\/05\\\/LOGO-PATAGONIA-AMBIENTAL.png\",\"width\":433,\"height\":250,\"caption\":\"Patagonia Ambiental\"},\"image\":{\"@id\":\"https:\\\/\\\/patagoniambiental.com.ar\\\/info\\\/#\\\/schema\\\/logo\\\/image\\\/\"},\"sameAs\":[\"https:\\\/\\\/www.facebook.com\\\/patagonia.ambiental\",\"https:\\\/\\\/x.com\\\/PatAmb\"]},{\"@type\":\"Person\",\"@id\":\"https:\\\/\\\/patagoniambiental.com.ar\\\/info\\\/#\\\/schema\\\/person\\\/e5af09d700b2e82cb10c6b8800e0c691\",\"name\":\"BRAIAN ESTEVEZ\",\"sameAs\":[\"http:\\\/\\\/www.patagoniambiental.com.ar\"]}]}<\/script>\n<!-- \/ Yoast SEO Premium plugin. -->","yoast_head_json":{"title":"El Ministerio de Ambiente promueve un diploma de posgrado para la formaci\u00f3n de especialistas en cambio clim\u00e1tico","robots":{"index":"index","follow":"follow","max-snippet":"max-snippet:-1","max-image-preview":"max-image-preview:large","max-video-preview":"max-video-preview:-1"},"canonical":"https:\/\/patagoniambiental.com.ar\/info\/el-ministerio-de-ambiente-promueve-un-diploma-de-posgrado-para-la-formacion-de-especialistas-en-cambio-climatico\/","og_locale":"es_ES","og_type":"article","og_title":"El Ministerio de Ambiente promueve un diploma de posgrado para la formaci\u00f3n de especialistas en cambio clim\u00e1tico","og_description":"Ciudad Aut\u00f3noma de Buenos Aires, 20 de julio de 2020.-\u00a0 Se realizar\u00e1 a distancia, en conjunto con las universidades nacionales [&hellip;]","og_url":"https:\/\/patagoniambiental.com.ar\/info\/el-ministerio-de-ambiente-promueve-un-diploma-de-posgrado-para-la-formacion-de-especialistas-en-cambio-climatico\/","og_site_name":"Patagonia Ambiental","article_publisher":"https:\/\/www.facebook.com\/patagonia.ambiental","article_published_time":"2020-07-21T10:00:19+00:00","article_modified_time":"2020-07-21T11:22:55+00:00","og_image":[{"width":600,"height":400,"url":"https:\/\/patagoniambiental.com.ar\/info\/wp-content\/uploads\/2020\/07\/curepomesa-de-trabajo-1.png","type":"image\/png"}],"author":"BRAIAN ESTEVEZ","twitter_card":"summary_large_image","twitter_creator":"@PatAmb","twitter_site":"@PatAmb","schema":{"@context":"https:\/\/schema.org","@graph":[{"@type":"Article","@id":"https:\/\/patagoniambiental.com.ar\/info\/el-ministerio-de-ambiente-promueve-un-diploma-de-posgrado-para-la-formacion-de-especialistas-en-cambio-climatico\/#article","isPartOf":{"@id":"https:\/\/patagoniambiental.com.ar\/info\/el-ministerio-de-ambiente-promueve-un-diploma-de-posgrado-para-la-formacion-de-especialistas-en-cambio-climatico\/"},"author":{"name":"BRAIAN ESTEVEZ","@id":"https:\/\/patagoniambiental.com.ar\/info\/#\/schema\/person\/e5af09d700b2e82cb10c6b8800e0c691"},"headline":"El Ministerio de Ambiente promueve un diploma de posgrado para la formaci\u00f3n de especialistas en cambio clim\u00e1tico","datePublished":"2020-07-21T10:00:19+00:00","dateModified":"2020-07-21T11:22:55+00:00","mainEntityOfPage":{"@id":"https:\/\/patagoniambiental.com.ar\/info\/el-ministerio-de-ambiente-promueve-un-diploma-de-posgrado-para-la-formacion-de-especialistas-en-cambio-climatico\/"},"wordCount":461,"commentCount":0,"publisher":{"@id":"https:\/\/patagoniambiental.com.ar\/info\/#organization"},"image":{"@id":"https:\/\/patagoniambiental.com.ar\/info\/el-ministerio-de-ambiente-promueve-un-diploma-de-posgrado-para-la-formacion-de-especialistas-en-cambio-climatico\/#primaryimage"},"thumbnailUrl":"https:\/\/patagoniambiental.com.ar\/info\/wp-content\/uploads\/2020\/07\/curepomesa-de-trabajo-1.png","articleSection":["Bolet\u00edn","Nacionales","Noticias","Rotador"],"inLanguage":"es","potentialAction":[{"@type":"CommentAction","name":"Comment","target":["https:\/\/patagoniambiental.com.ar\/info\/el-ministerio-de-ambiente-promueve-un-diploma-de-posgrado-para-la-formacion-de-especialistas-en-cambio-climatico\/#respond"]}]},{"@type":"WebPage","@id":"https:\/\/patagoniambiental.com.ar\/info\/el-ministerio-de-ambiente-promueve-un-diploma-de-posgrado-para-la-formacion-de-especialistas-en-cambio-climatico\/","url":"https:\/\/patagoniambiental.com.ar\/info\/el-ministerio-de-ambiente-promueve-un-diploma-de-posgrado-para-la-formacion-de-especialistas-en-cambio-climatico\/","name":"El Ministerio de Ambiente promueve un diploma de posgrado para la formaci\u00f3n de especialistas en cambio clim\u00e1tico","isPartOf":{"@id":"https:\/\/patagoniambiental.com.ar\/info\/#website"},"primaryImageOfPage":{"@id":"https:\/\/patagoniambiental.com.ar\/info\/el-ministerio-de-ambiente-promueve-un-diploma-de-posgrado-para-la-formacion-de-especialistas-en-cambio-climatico\/#primaryimage"},"image":{"@id":"https:\/\/patagoniambiental.com.ar\/info\/el-ministerio-de-ambiente-promueve-un-diploma-de-posgrado-para-la-formacion-de-especialistas-en-cambio-climatico\/#primaryimage"},"thumbnailUrl":"https:\/\/patagoniambiental.com.ar\/info\/wp-content\/uploads\/2020\/07\/curepomesa-de-trabajo-1.png","datePublished":"2020-07-21T10:00:19+00:00","dateModified":"2020-07-21T11:22:55+00:00","breadcrumb":{"@id":"https:\/\/patagoniambiental.com.ar\/info\/el-ministerio-de-ambiente-promueve-un-diploma-de-posgrado-para-la-formacion-de-especialistas-en-cambio-climatico\/#breadcrumb"},"inLanguage":"es","potentialAction":[{"@type":"ReadAction","target":["https:\/\/patagoniambiental.com.ar\/info\/el-ministerio-de-ambiente-promueve-un-diploma-de-posgrado-para-la-formacion-de-especialistas-en-cambio-climatico\/"]}]},{"@type":"ImageObject","inLanguage":"es","@id":"https:\/\/patagoniambiental.com.ar\/info\/el-ministerio-de-ambiente-promueve-un-diploma-de-posgrado-para-la-formacion-de-especialistas-en-cambio-climatico\/#primaryimage","url":"https:\/\/patagoniambiental.com.ar\/info\/wp-content\/uploads\/2020\/07\/curepomesa-de-trabajo-1.png","contentUrl":"https:\/\/patagoniambiental.com.ar\/info\/wp-content\/uploads\/2020\/07\/curepomesa-de-trabajo-1.png","width":600,"height":400},{"@type":"BreadcrumbList","@id":"https:\/\/patagoniambiental.com.ar\/info\/el-ministerio-de-ambiente-promueve-un-diploma-de-posgrado-para-la-formacion-de-especialistas-en-cambio-climatico\/#breadcrumb","itemListElement":[{"@type":"ListItem","position":1,"name":"Inicio","item":"https:\/\/patagoniambiental.com.ar\/info\/"},{"@type":"ListItem","position":2,"name":"El Ministerio de Ambiente promueve un diploma de posgrado para la formaci\u00f3n de especialistas en cambio clim\u00e1tico"}]},{"@type":"WebSite","@id":"https:\/\/patagoniambiental.com.ar\/info\/#website","url":"https:\/\/patagoniambiental.com.ar\/info\/","name":"Patagonia Ambiental","description":"Monitoreo y an\u00e1lisis de la situaci\u00f3n geopol\u00edtica en el mundo y su implicancia en la Patagonia","publisher":{"@id":"https:\/\/patagoniambiental.com.ar\/info\/#organization"},"potentialAction":[{"@type":"SearchAction","target":{"@type":"EntryPoint","urlTemplate":"https:\/\/patagoniambiental.com.ar\/info\/?s={search_term_string}"},"query-input":{"@type":"PropertyValueSpecification","valueRequired":true,"valueName":"search_term_string"}}],"inLanguage":"es"},{"@type":"Organization","@id":"https:\/\/patagoniambiental.com.ar\/info\/#organization","name":"Patagonia Ambiental","url":"https:\/\/patagoniambiental.com.ar\/info\/","logo":{"@type":"ImageObject","inLanguage":"es","@id":"https:\/\/patagoniambiental.com.ar\/info\/#\/schema\/logo\/image\/","url":"https:\/\/patagoniambiental.com.ar\/info\/wp-content\/uploads\/2025\/05\/LOGO-PATAGONIA-AMBIENTAL.png","contentUrl":"https:\/\/patagoniambiental.com.ar\/info\/wp-content\/uploads\/2025\/05\/LOGO-PATAGONIA-AMBIENTAL.png","width":433,"height":250,"caption":"Patagonia Ambiental"},"image":{"@id":"https:\/\/patagoniambiental.com.ar\/info\/#\/schema\/logo\/image\/"},"sameAs":["https:\/\/www.facebook.com\/patagonia.ambiental","https:\/\/x.com\/PatAmb"]},{"@type":"Person","@id":"https:\/\/patagoniambiental.com.ar\/info\/#\/schema\/person\/e5af09d700b2e82cb10c6b8800e0c691","name":"BRAIAN ESTEVEZ","sameAs":["http:\/\/www.patagoniambiental.com.ar"]}]}},"_links":{"self":[{"href":"https:\/\/patagoniambiental.com.ar\/info\/wp-json\/wp\/v2\/posts\/67341","targetHints":{"allow":["GET"]}}],"collection":[{"href":"https:\/\/patagoniambiental.com.ar\/info\/wp-json\/wp\/v2\/posts"}],"about":[{"href":"https:\/\/patagoniambiental.com.ar\/info\/wp-json\/wp\/v2\/types\/post"}],"author":[{"embeddable":true,"href":"https:\/\/patagoniambiental.com.ar\/info\/wp-json\/wp\/v2\/users\/6"}],"replies":[{"embeddable":true,"href":"https:\/\/patagoniambiental.com.ar\/info\/wp-json\/wp\/v2\/comments?post=67341"}],"version-history":[{"count":0,"href":"https:\/\/patagoniambiental.com.ar\/info\/wp-json\/wp\/v2\/posts\/67341\/revisions"}],"wp:featuredmedia":[{"embeddable":true,"href":"https:\/\/patagoniambiental.com.ar\/info\/wp-json\/wp\/v2\/media\/67342"}],"wp:attachment":[{"href":"https:\/\/patagoniambiental.com.ar\/info\/wp-json\/wp\/v2\/media?parent=67341"}],"wp:term":[{"taxonomy":"category","embeddable":true,"href":"https:\/\/patagoniambiental.com.ar\/info\/wp-json\/wp\/v2\/categories?post=67341"},{"taxonomy":"post_tag","embeddable":true,"href":"https:\/\/patagoniambiental.com.ar\/info\/wp-json\/wp\/v2\/tags?post=67341"}],"curies":[{"name":"wp","href":"https:\/\/api.w.org\/{rel}","templated":true}]}}