{"id":67620,"date":"2020-07-31T07:00:17","date_gmt":"2020-07-31T10:00:17","guid":{"rendered":"http:\/\/patagoniambiental.com.ar\/info\/?p=67620"},"modified":"2020-08-05T09:28:54","modified_gmt":"2020-08-05T12:28:54","slug":"christian-martino-el-paillaquino-que-recicla-los-desechos-de-aysen-patagonia","status":"publish","type":"post","link":"https:\/\/patagoniambiental.com.ar\/info\/christian-martino-el-paillaquino-que-recicla-los-desechos-de-aysen-patagonia\/","title":{"rendered":"Christian Martino, el paillaquino que recicla los desechos de Aysen Patagonia"},"content":{"rendered":"<header class=\"entry-header\">\n<div class=\"header-details-wrapper\">\n<div class=\"entry-header-details\">\n<p class=\"entry-title\">Christian Martino naci\u00f3 en Paillaco, pero se hizo conocido en Aysen reciclando basura y valorizando la ecolog\u00eda.<\/p>\n<\/div>\n<div><!--more--><\/div>\n<div><\/div>\n<div class=\"entry-header-details\"><span class=\"author-links\"><span class=\"item-metadata posts-author\"><span class=\"\">By<\/span>\u00a0<a href=\"http:\/\/diarioelpaillaquino.cl\/author\/c1651036\/\">Wladimr Mayorga\u00a0<\/a><\/span><span class=\"item-metadata posts-date\">10 horas ago<\/span><\/span><\/div>\n<\/div>\n<\/header>\n<p>&nbsp;<\/p>\n<div class=\"entry-content\">\n<p>&nbsp;<\/p>\n<p>Hijo de Reinaldo Martino y Sobrino de Angel y Cecilia, Christian sali\u00f3 muy joven a estudiar fuera de Paillaco y luego termin\u00f3 en la Patagonia Chilena. Esta es su historia<\/p>\n<p><strong>\u00bfC\u00f3mo llegaste a Aysen?<\/strong><\/p>\n<p>R: Llegue a Puerto Aysen en 1998, principalmente, buscando nuevas oportunidades. En ese entonces trabajaba en Temuco como vendedor de una empresa y se me ofreci\u00f3 venir para hacer un reemplazo, por lo cual acced\u00ed inmediatamente.<\/p>\n<p>Trabaje el primer a\u00f1o como vendedor en la regi\u00f3n de Aysen, al pasar el tiempo me independic\u00e9 creando una peque\u00f1a distribuidora de confites, pero no me fue muy bien.<\/p>\n<p>Como soy T\u00e9cnico Pesquero se me present\u00f3 la oportunidad de ingresar en la industria de la pesca en donde estuve alrededor de cinco a\u00f1os, y en la cual pude darme cuenta y aprender de la gran cantidad de residuos que se generan en los procesos los cuales eran finalmente dispuestos en vertederos saturados de basura.<\/p>\n<p>\u00bf<strong>C\u00f3mo naci\u00f3 la idea de reciclar y hacer de esa acci\u00f3n una productiva?<\/strong><\/p>\n<p>R: La idea naci\u00f3 cuando trabaje en una industria salmonera,\u00a0\u00a0donde comenc\u00e9 a pensar la forma de hacer algo y evitar que todos esos residuos s\u00f3lidos inorg\u00e1nicos llegaran a los vertederos.\u00a0\u00a0Empec\u00e9 investigando y contactando a empresas que reciclan estos residuos, como cart\u00f3n y papel, pl\u00e1sticos, pol\u00edmeros, vidrios, etc. Luego de adquirir un terreno camino Aysen a Puerto Chacabuco, comenc\u00e9 a crear una Planta de Tratamiento de\u00a0\u00a0Residuos S\u00f3lidos Inorg\u00e1nicos Domiciliarios e Industriales a trav\u00e9s de la teor\u00eda de las tres R, Reducci\u00f3n \u2013 Reutilizaci\u00f3n \u2013 Reciclaje.\u00a0\u00a0Hemos conseguido minimizar enormemente residuos que se dispon\u00edan a los vertederos saturados de la regi\u00f3n.<\/p>\n<p><strong>\u00bfEn que consiste el trabajo que realizas en Aysen?<\/strong><\/p>\n<p>R: Actualmente soy due\u00f1o de una planta de Tratamiento de Residuos S\u00f3lidos Inorg\u00e1nicos Domiciliarios e Industriales, cuya idea principal y fundamental es a trav\u00e9s de la reducci\u00f3n, reutilizaci\u00f3n y reciclaje con el fin de evitar la disposici\u00f3n de \u00e9stos a vertederos saturados de basura. Esto lo hemos conseguido en el tiempo con un gran trabajo con las comunidades, organizaciones, corporaciones, agrupaciones, municipalidades, etc. Es as\u00ed como creamos una gran agrupaci\u00f3n de Educadoras por la Sustentabilidad \u201cReinventaysen\u201c, en donde participa el 100% de los establecimientos educacionales de la comuna de Puerto Aysen en los cuales se crea a cada uno de los alumnos conciencia ambiental,\u00a0\u00a0principalmente enfocado en el cuidado del medio ambiente e incentivando el reciclaje de los residuos. Al d\u00eda de hoy nos alegramos de ya haber instalado un punto limpio en cada establecimiento educacional, en donde los ni\u00f1os llevan el reciclaje desde sus hogares y\u00a0\u00a0donde peri\u00f3dicamente pasa el Trencito Ecol\u00f3gico a una recolecci\u00f3n entretenida de los residuos.<\/p>\n<p>En la regi\u00f3n de Ays\u00e9n la principal actividad econ\u00f3mica es la salmonicultura y acuicultura los cuales son grandes generados de residuos s\u00f3lidos inorg\u00e1nicos, es por esto que gran parte de esta industria ha comenzado a disponer de estos materiales en nuestra planta, donde nosotros Certificamos su disposici\u00f3n final.<\/p>\n<p>Llevamos trabajando m\u00e1s de 12 a\u00f1os pudiendo reciclar e incorporar a la econom\u00eda circular muchas toneladas de residuos s\u00f3lidos inorg\u00e1nicos.\u00a0\u00a0Continuamos muy concentrados en nuestro desarrollo de nuestra empresa incorporando prontamente energ\u00eda, maquinaria y tecnolog\u00eda para un mejor manejo, desarrollo y disposici\u00f3n de los residuos.<\/p>\n<p>\u00bf<strong>Crees que esa idea pueda ser aplicada en Paillaco?<\/strong><\/p>\n<p>R: S\u00ed, puede ser aplicada, pero necesitamos el compromiso de la autoridad de quien decide el destino de los residuos (Municipalidad).\u00a0\u00a0Cada Municipio del pa\u00eds es quien se hace cargo y decide la disposici\u00f3n de los residuos generados en nuestro diario vivir. Muchos de ellos gastan el 100 % de su recurso en la disposici\u00f3n de estos residuos en vertederos, por lo cual posteriormente no poseen\u00a0\u00a0dinero para reciclar.<\/p>\n<p>Esto conlleva a que llevarlo a cabo en forma permanente es necesario disponer del compromiso y recursos del municipio por la baja valorizaci\u00f3n que tienen en su destino final.<\/p>\n<p>\u00bf<strong>Qu\u00e9 recuerdos tienes de Paillaco?<\/strong><\/p>\n<p>R: Tengo muy gratos recuerdo de Paillaco, mi pueblo natal. A pesar de que sal\u00ed de \u00e9l siendo muy peque\u00f1o a estudiar, hice muy buenos amigos con los cuales he mantenido con el tiempo a pesar de la distancia, adem\u00e1s gran parte de mi familia paterna y materna se encuentra all\u00ed.<\/p>\n<p>Recuerdo los veranos con mucha m\u00fasica en donde camin\u00e1bamos dando vueltas y vueltas \u201ctaquillando\u201d en la hermosa plaza de armas de Paillaco<\/p>\n<p>Fuente: Entrevista realizada por el medio electr\u00f3nico www.lavozdepaillaco.cl<\/p>\n<div id=\"wpdevar_comment_2\"><\/div>\n<\/div>\n","protected":false},"excerpt":{"rendered":"<p>Christian Martino naci\u00f3 en Paillaco, pero se hizo conocido en Aysen reciclando basura y valorizando la ecolog\u00eda.<\/p>\n","protected":false},"author":6,"featured_media":67621,"comment_status":"open","ping_status":"open","sticky":false,"template":"","format":"standard","meta":{"site-sidebar-layout":"default","site-content-layout":"","ast-site-content-layout":"default","site-content-style":"default","site-sidebar-style":"default","ast-global-header-display":"","ast-banner-title-visibility":"","ast-main-header-display":"","ast-hfb-above-header-display":"","ast-hfb-below-header-display":"","ast-hfb-mobile-header-display":"","site-post-title":"","ast-breadcrumbs-content":"","ast-featured-img":"","footer-sml-layout":"","ast-disable-related-posts":"","theme-transparent-header-meta":"","adv-header-id-meta":"","stick-header-meta":"","header-above-stick-meta":"","header-main-stick-meta":"","header-below-stick-meta":"","astra-migrate-meta-layouts":"default","ast-page-background-enabled":"default","ast-page-background-meta":{"desktop":{"background-color":"var(--ast-global-color-5)","background-image":"","background-repeat":"repeat","background-position":"center center","background-size":"auto","background-attachment":"scroll","background-type":"","background-media":"","overlay-type":"","overlay-color":"","overlay-opacity":"","overlay-gradient":""},"tablet":{"background-color":"","background-image":"","background-repeat":"repeat","background-position":"center center","background-size":"auto","background-attachment":"scroll","background-type":"","background-media":"","overlay-type":"","overlay-color":"","overlay-opacity":"","overlay-gradient":""},"mobile":{"background-color":"","background-image":"","background-repeat":"repeat","background-position":"center center","background-size":"auto","background-attachment":"scroll","background-type":"","background-media":"","overlay-type":"","overlay-color":"","overlay-opacity":"","overlay-gradient":""}},"ast-content-background-meta":{"desktop":{"background-color":"var(--ast-global-color-4)","background-image":"","background-repeat":"repeat","background-position":"center center","background-size":"auto","background-attachment":"scroll","background-type":"","background-media":"","overlay-type":"","overlay-color":"","overlay-opacity":"","overlay-gradient":""},"tablet":{"background-color":"var(--ast-global-color-4)","background-image":"","background-repeat":"repeat","background-position":"center center","background-size":"auto","background-attachment":"scroll","background-type":"","background-media":"","overlay-type":"","overlay-color":"","overlay-opacity":"","overlay-gradient":""},"mobile":{"background-color":"var(--ast-global-color-4)","background-image":"","background-repeat":"repeat","background-position":"center center","background-size":"auto","background-attachment":"scroll","background-type":"","background-media":"","overlay-type":"","overlay-color":"","overlay-opacity":"","overlay-gradient":""}},"footnotes":""},"categories":[51,1],"tags":[],"class_list":["post-67620","post","type-post","status-publish","format-standard","has-post-thumbnail","hentry","category-entrevistas","category-noticias"],"yoast_head":"<!-- This site is optimized with the Yoast SEO Premium plugin v23.0 (Yoast SEO v27.5) - https:\/\/yoast.com\/product\/yoast-seo-premium-wordpress\/ -->\n<title>Christian Martino, el paillaquino que recicla los desechos de Aysen Patagonia<\/title>\n<meta name=\"robots\" content=\"index, follow, max-snippet:-1, max-image-preview:large, max-video-preview:-1\" \/>\n<link rel=\"canonical\" href=\"https:\/\/patagoniambiental.com.ar\/info\/christian-martino-el-paillaquino-que-recicla-los-desechos-de-aysen-patagonia\/\" \/>\n<meta property=\"og:locale\" content=\"es_ES\" \/>\n<meta property=\"og:type\" content=\"article\" \/>\n<meta property=\"og:title\" content=\"Christian Martino, el paillaquino que recicla los desechos de Aysen Patagonia\" \/>\n<meta property=\"og:description\" content=\"Christian Martino naci\u00f3 en Paillaco, pero se hizo conocido en Aysen reciclando basura y valorizando la ecolog\u00eda.\" \/>\n<meta property=\"og:url\" content=\"https:\/\/patagoniambiental.com.ar\/info\/christian-martino-el-paillaquino-que-recicla-los-desechos-de-aysen-patagonia\/\" \/>\n<meta property=\"og:site_name\" content=\"Patagonia Ambiental\" \/>\n<meta property=\"article:publisher\" content=\"https:\/\/www.facebook.com\/patagonia.ambiental\" \/>\n<meta property=\"article:published_time\" content=\"2020-07-31T10:00:17+00:00\" \/>\n<meta property=\"article:modified_time\" content=\"2020-08-05T12:28:54+00:00\" \/>\n<meta property=\"og:image\" content=\"https:\/\/patagoniambiental.com.ar\/info\/wp-content\/uploads\/2020\/08\/Cristian-Martino.jpg\" \/>\n\t<meta property=\"og:image:width\" content=\"1024\" \/>\n\t<meta property=\"og:image:height\" content=\"768\" \/>\n\t<meta property=\"og:image:type\" content=\"image\/jpeg\" \/>\n<meta name=\"author\" content=\"BRAIAN ESTEVEZ\" \/>\n<meta name=\"twitter:card\" content=\"summary_large_image\" \/>\n<meta name=\"twitter:creator\" content=\"@PatAmb\" \/>\n<meta name=\"twitter:site\" content=\"@PatAmb\" \/>\n<script type=\"application\/ld+json\" class=\"yoast-schema-graph\">{\"@context\":\"https:\\\/\\\/schema.org\",\"@graph\":[{\"@type\":\"Article\",\"@id\":\"https:\\\/\\\/patagoniambiental.com.ar\\\/info\\\/christian-martino-el-paillaquino-que-recicla-los-desechos-de-aysen-patagonia\\\/#article\",\"isPartOf\":{\"@id\":\"https:\\\/\\\/patagoniambiental.com.ar\\\/info\\\/christian-martino-el-paillaquino-que-recicla-los-desechos-de-aysen-patagonia\\\/\"},\"author\":{\"name\":\"BRAIAN ESTEVEZ\",\"@id\":\"https:\\\/\\\/patagoniambiental.com.ar\\\/info\\\/#\\\/schema\\\/person\\\/e5af09d700b2e82cb10c6b8800e0c691\"},\"headline\":\"Christian Martino, el paillaquino que recicla los desechos de Aysen Patagonia\",\"datePublished\":\"2020-07-31T10:00:17+00:00\",\"dateModified\":\"2020-08-05T12:28:54+00:00\",\"mainEntityOfPage\":{\"@id\":\"https:\\\/\\\/patagoniambiental.com.ar\\\/info\\\/christian-martino-el-paillaquino-que-recicla-los-desechos-de-aysen-patagonia\\\/\"},\"wordCount\":812,\"commentCount\":0,\"publisher\":{\"@id\":\"https:\\\/\\\/patagoniambiental.com.ar\\\/info\\\/#organization\"},\"image\":{\"@id\":\"https:\\\/\\\/patagoniambiental.com.ar\\\/info\\\/christian-martino-el-paillaquino-que-recicla-los-desechos-de-aysen-patagonia\\\/#primaryimage\"},\"thumbnailUrl\":\"https:\\\/\\\/patagoniambiental.com.ar\\\/info\\\/wp-content\\\/uploads\\\/2020\\\/08\\\/Cristian-Martino.jpg\",\"articleSection\":[\"Entrevistas\",\"Noticias\"],\"inLanguage\":\"es\",\"potentialAction\":[{\"@type\":\"CommentAction\",\"name\":\"Comment\",\"target\":[\"https:\\\/\\\/patagoniambiental.com.ar\\\/info\\\/christian-martino-el-paillaquino-que-recicla-los-desechos-de-aysen-patagonia\\\/#respond\"]}]},{\"@type\":\"WebPage\",\"@id\":\"https:\\\/\\\/patagoniambiental.com.ar\\\/info\\\/christian-martino-el-paillaquino-que-recicla-los-desechos-de-aysen-patagonia\\\/\",\"url\":\"https:\\\/\\\/patagoniambiental.com.ar\\\/info\\\/christian-martino-el-paillaquino-que-recicla-los-desechos-de-aysen-patagonia\\\/\",\"name\":\"Christian Martino, el paillaquino que recicla los desechos de Aysen Patagonia\",\"isPartOf\":{\"@id\":\"https:\\\/\\\/patagoniambiental.com.ar\\\/info\\\/#website\"},\"primaryImageOfPage\":{\"@id\":\"https:\\\/\\\/patagoniambiental.com.ar\\\/info\\\/christian-martino-el-paillaquino-que-recicla-los-desechos-de-aysen-patagonia\\\/#primaryimage\"},\"image\":{\"@id\":\"https:\\\/\\\/patagoniambiental.com.ar\\\/info\\\/christian-martino-el-paillaquino-que-recicla-los-desechos-de-aysen-patagonia\\\/#primaryimage\"},\"thumbnailUrl\":\"https:\\\/\\\/patagoniambiental.com.ar\\\/info\\\/wp-content\\\/uploads\\\/2020\\\/08\\\/Cristian-Martino.jpg\",\"datePublished\":\"2020-07-31T10:00:17+00:00\",\"dateModified\":\"2020-08-05T12:28:54+00:00\",\"breadcrumb\":{\"@id\":\"https:\\\/\\\/patagoniambiental.com.ar\\\/info\\\/christian-martino-el-paillaquino-que-recicla-los-desechos-de-aysen-patagonia\\\/#breadcrumb\"},\"inLanguage\":\"es\",\"potentialAction\":[{\"@type\":\"ReadAction\",\"target\":[\"https:\\\/\\\/patagoniambiental.com.ar\\\/info\\\/christian-martino-el-paillaquino-que-recicla-los-desechos-de-aysen-patagonia\\\/\"]}]},{\"@type\":\"ImageObject\",\"inLanguage\":\"es\",\"@id\":\"https:\\\/\\\/patagoniambiental.com.ar\\\/info\\\/christian-martino-el-paillaquino-que-recicla-los-desechos-de-aysen-patagonia\\\/#primaryimage\",\"url\":\"https:\\\/\\\/patagoniambiental.com.ar\\\/info\\\/wp-content\\\/uploads\\\/2020\\\/08\\\/Cristian-Martino.jpg\",\"contentUrl\":\"https:\\\/\\\/patagoniambiental.com.ar\\\/info\\\/wp-content\\\/uploads\\\/2020\\\/08\\\/Cristian-Martino.jpg\",\"width\":800,\"height\":600,\"caption\":\"https:\\\/\\\/diarioelpaillaquino.cl\\\/christian-martino-el-paillaquino-que-recicla-los-desechos-de-aysen-patagonia\\\/\"},{\"@type\":\"BreadcrumbList\",\"@id\":\"https:\\\/\\\/patagoniambiental.com.ar\\\/info\\\/christian-martino-el-paillaquino-que-recicla-los-desechos-de-aysen-patagonia\\\/#breadcrumb\",\"itemListElement\":[{\"@type\":\"ListItem\",\"position\":1,\"name\":\"Inicio\",\"item\":\"https:\\\/\\\/patagoniambiental.com.ar\\\/info\\\/\"},{\"@type\":\"ListItem\",\"position\":2,\"name\":\"Christian Martino, el paillaquino que recicla los desechos de Aysen Patagonia\"}]},{\"@type\":\"WebSite\",\"@id\":\"https:\\\/\\\/patagoniambiental.com.ar\\\/info\\\/#website\",\"url\":\"https:\\\/\\\/patagoniambiental.com.ar\\\/info\\\/\",\"name\":\"Patagonia Ambiental\",\"description\":\"Monitoreo y an\u00e1lisis de la situaci\u00f3n geopol\u00edtica en el mundo y su implicancia en la Patagonia\",\"publisher\":{\"@id\":\"https:\\\/\\\/patagoniambiental.com.ar\\\/info\\\/#organization\"},\"potentialAction\":[{\"@type\":\"SearchAction\",\"target\":{\"@type\":\"EntryPoint\",\"urlTemplate\":\"https:\\\/\\\/patagoniambiental.com.ar\\\/info\\\/?s={search_term_string}\"},\"query-input\":{\"@type\":\"PropertyValueSpecification\",\"valueRequired\":true,\"valueName\":\"search_term_string\"}}],\"inLanguage\":\"es\"},{\"@type\":\"Organization\",\"@id\":\"https:\\\/\\\/patagoniambiental.com.ar\\\/info\\\/#organization\",\"name\":\"Patagonia Ambiental\",\"url\":\"https:\\\/\\\/patagoniambiental.com.ar\\\/info\\\/\",\"logo\":{\"@type\":\"ImageObject\",\"inLanguage\":\"es\",\"@id\":\"https:\\\/\\\/patagoniambiental.com.ar\\\/info\\\/#\\\/schema\\\/logo\\\/image\\\/\",\"url\":\"https:\\\/\\\/patagoniambiental.com.ar\\\/info\\\/wp-content\\\/uploads\\\/2025\\\/05\\\/LOGO-PATAGONIA-AMBIENTAL.png\",\"contentUrl\":\"https:\\\/\\\/patagoniambiental.com.ar\\\/info\\\/wp-content\\\/uploads\\\/2025\\\/05\\\/LOGO-PATAGONIA-AMBIENTAL.png\",\"width\":433,\"height\":250,\"caption\":\"Patagonia Ambiental\"},\"image\":{\"@id\":\"https:\\\/\\\/patagoniambiental.com.ar\\\/info\\\/#\\\/schema\\\/logo\\\/image\\\/\"},\"sameAs\":[\"https:\\\/\\\/www.facebook.com\\\/patagonia.ambiental\",\"https:\\\/\\\/x.com\\\/PatAmb\"]},{\"@type\":\"Person\",\"@id\":\"https:\\\/\\\/patagoniambiental.com.ar\\\/info\\\/#\\\/schema\\\/person\\\/e5af09d700b2e82cb10c6b8800e0c691\",\"name\":\"BRAIAN ESTEVEZ\",\"sameAs\":[\"http:\\\/\\\/www.patagoniambiental.com.ar\"]}]}<\/script>\n<!-- \/ Yoast SEO Premium plugin. -->","yoast_head_json":{"title":"Christian Martino, el paillaquino que recicla los desechos de Aysen Patagonia","robots":{"index":"index","follow":"follow","max-snippet":"max-snippet:-1","max-image-preview":"max-image-preview:large","max-video-preview":"max-video-preview:-1"},"canonical":"https:\/\/patagoniambiental.com.ar\/info\/christian-martino-el-paillaquino-que-recicla-los-desechos-de-aysen-patagonia\/","og_locale":"es_ES","og_type":"article","og_title":"Christian Martino, el paillaquino que recicla los desechos de Aysen Patagonia","og_description":"Christian Martino naci\u00f3 en Paillaco, pero se hizo conocido en Aysen reciclando basura y valorizando la ecolog\u00eda.","og_url":"https:\/\/patagoniambiental.com.ar\/info\/christian-martino-el-paillaquino-que-recicla-los-desechos-de-aysen-patagonia\/","og_site_name":"Patagonia Ambiental","article_publisher":"https:\/\/www.facebook.com\/patagonia.ambiental","article_published_time":"2020-07-31T10:00:17+00:00","article_modified_time":"2020-08-05T12:28:54+00:00","og_image":[{"width":1024,"height":768,"url":"https:\/\/patagoniambiental.com.ar\/info\/wp-content\/uploads\/2020\/08\/Cristian-Martino.jpg","type":"image\/jpeg"}],"author":"BRAIAN ESTEVEZ","twitter_card":"summary_large_image","twitter_creator":"@PatAmb","twitter_site":"@PatAmb","schema":{"@context":"https:\/\/schema.org","@graph":[{"@type":"Article","@id":"https:\/\/patagoniambiental.com.ar\/info\/christian-martino-el-paillaquino-que-recicla-los-desechos-de-aysen-patagonia\/#article","isPartOf":{"@id":"https:\/\/patagoniambiental.com.ar\/info\/christian-martino-el-paillaquino-que-recicla-los-desechos-de-aysen-patagonia\/"},"author":{"name":"BRAIAN ESTEVEZ","@id":"https:\/\/patagoniambiental.com.ar\/info\/#\/schema\/person\/e5af09d700b2e82cb10c6b8800e0c691"},"headline":"Christian Martino, el paillaquino que recicla los desechos de Aysen Patagonia","datePublished":"2020-07-31T10:00:17+00:00","dateModified":"2020-08-05T12:28:54+00:00","mainEntityOfPage":{"@id":"https:\/\/patagoniambiental.com.ar\/info\/christian-martino-el-paillaquino-que-recicla-los-desechos-de-aysen-patagonia\/"},"wordCount":812,"commentCount":0,"publisher":{"@id":"https:\/\/patagoniambiental.com.ar\/info\/#organization"},"image":{"@id":"https:\/\/patagoniambiental.com.ar\/info\/christian-martino-el-paillaquino-que-recicla-los-desechos-de-aysen-patagonia\/#primaryimage"},"thumbnailUrl":"https:\/\/patagoniambiental.com.ar\/info\/wp-content\/uploads\/2020\/08\/Cristian-Martino.jpg","articleSection":["Entrevistas","Noticias"],"inLanguage":"es","potentialAction":[{"@type":"CommentAction","name":"Comment","target":["https:\/\/patagoniambiental.com.ar\/info\/christian-martino-el-paillaquino-que-recicla-los-desechos-de-aysen-patagonia\/#respond"]}]},{"@type":"WebPage","@id":"https:\/\/patagoniambiental.com.ar\/info\/christian-martino-el-paillaquino-que-recicla-los-desechos-de-aysen-patagonia\/","url":"https:\/\/patagoniambiental.com.ar\/info\/christian-martino-el-paillaquino-que-recicla-los-desechos-de-aysen-patagonia\/","name":"Christian Martino, el paillaquino que recicla los desechos de Aysen Patagonia","isPartOf":{"@id":"https:\/\/patagoniambiental.com.ar\/info\/#website"},"primaryImageOfPage":{"@id":"https:\/\/patagoniambiental.com.ar\/info\/christian-martino-el-paillaquino-que-recicla-los-desechos-de-aysen-patagonia\/#primaryimage"},"image":{"@id":"https:\/\/patagoniambiental.com.ar\/info\/christian-martino-el-paillaquino-que-recicla-los-desechos-de-aysen-patagonia\/#primaryimage"},"thumbnailUrl":"https:\/\/patagoniambiental.com.ar\/info\/wp-content\/uploads\/2020\/08\/Cristian-Martino.jpg","datePublished":"2020-07-31T10:00:17+00:00","dateModified":"2020-08-05T12:28:54+00:00","breadcrumb":{"@id":"https:\/\/patagoniambiental.com.ar\/info\/christian-martino-el-paillaquino-que-recicla-los-desechos-de-aysen-patagonia\/#breadcrumb"},"inLanguage":"es","potentialAction":[{"@type":"ReadAction","target":["https:\/\/patagoniambiental.com.ar\/info\/christian-martino-el-paillaquino-que-recicla-los-desechos-de-aysen-patagonia\/"]}]},{"@type":"ImageObject","inLanguage":"es","@id":"https:\/\/patagoniambiental.com.ar\/info\/christian-martino-el-paillaquino-que-recicla-los-desechos-de-aysen-patagonia\/#primaryimage","url":"https:\/\/patagoniambiental.com.ar\/info\/wp-content\/uploads\/2020\/08\/Cristian-Martino.jpg","contentUrl":"https:\/\/patagoniambiental.com.ar\/info\/wp-content\/uploads\/2020\/08\/Cristian-Martino.jpg","width":800,"height":600,"caption":"https:\/\/diarioelpaillaquino.cl\/christian-martino-el-paillaquino-que-recicla-los-desechos-de-aysen-patagonia\/"},{"@type":"BreadcrumbList","@id":"https:\/\/patagoniambiental.com.ar\/info\/christian-martino-el-paillaquino-que-recicla-los-desechos-de-aysen-patagonia\/#breadcrumb","itemListElement":[{"@type":"ListItem","position":1,"name":"Inicio","item":"https:\/\/patagoniambiental.com.ar\/info\/"},{"@type":"ListItem","position":2,"name":"Christian Martino, el paillaquino que recicla los desechos de Aysen Patagonia"}]},{"@type":"WebSite","@id":"https:\/\/patagoniambiental.com.ar\/info\/#website","url":"https:\/\/patagoniambiental.com.ar\/info\/","name":"Patagonia Ambiental","description":"Monitoreo y an\u00e1lisis de la situaci\u00f3n geopol\u00edtica en el mundo y su implicancia en la Patagonia","publisher":{"@id":"https:\/\/patagoniambiental.com.ar\/info\/#organization"},"potentialAction":[{"@type":"SearchAction","target":{"@type":"EntryPoint","urlTemplate":"https:\/\/patagoniambiental.com.ar\/info\/?s={search_term_string}"},"query-input":{"@type":"PropertyValueSpecification","valueRequired":true,"valueName":"search_term_string"}}],"inLanguage":"es"},{"@type":"Organization","@id":"https:\/\/patagoniambiental.com.ar\/info\/#organization","name":"Patagonia Ambiental","url":"https:\/\/patagoniambiental.com.ar\/info\/","logo":{"@type":"ImageObject","inLanguage":"es","@id":"https:\/\/patagoniambiental.com.ar\/info\/#\/schema\/logo\/image\/","url":"https:\/\/patagoniambiental.com.ar\/info\/wp-content\/uploads\/2025\/05\/LOGO-PATAGONIA-AMBIENTAL.png","contentUrl":"https:\/\/patagoniambiental.com.ar\/info\/wp-content\/uploads\/2025\/05\/LOGO-PATAGONIA-AMBIENTAL.png","width":433,"height":250,"caption":"Patagonia Ambiental"},"image":{"@id":"https:\/\/patagoniambiental.com.ar\/info\/#\/schema\/logo\/image\/"},"sameAs":["https:\/\/www.facebook.com\/patagonia.ambiental","https:\/\/x.com\/PatAmb"]},{"@type":"Person","@id":"https:\/\/patagoniambiental.com.ar\/info\/#\/schema\/person\/e5af09d700b2e82cb10c6b8800e0c691","name":"BRAIAN ESTEVEZ","sameAs":["http:\/\/www.patagoniambiental.com.ar"]}]}},"_links":{"self":[{"href":"https:\/\/patagoniambiental.com.ar\/info\/wp-json\/wp\/v2\/posts\/67620","targetHints":{"allow":["GET"]}}],"collection":[{"href":"https:\/\/patagoniambiental.com.ar\/info\/wp-json\/wp\/v2\/posts"}],"about":[{"href":"https:\/\/patagoniambiental.com.ar\/info\/wp-json\/wp\/v2\/types\/post"}],"author":[{"embeddable":true,"href":"https:\/\/patagoniambiental.com.ar\/info\/wp-json\/wp\/v2\/users\/6"}],"replies":[{"embeddable":true,"href":"https:\/\/patagoniambiental.com.ar\/info\/wp-json\/wp\/v2\/comments?post=67620"}],"version-history":[{"count":0,"href":"https:\/\/patagoniambiental.com.ar\/info\/wp-json\/wp\/v2\/posts\/67620\/revisions"}],"wp:featuredmedia":[{"embeddable":true,"href":"https:\/\/patagoniambiental.com.ar\/info\/wp-json\/wp\/v2\/media\/67621"}],"wp:attachment":[{"href":"https:\/\/patagoniambiental.com.ar\/info\/wp-json\/wp\/v2\/media?parent=67620"}],"wp:term":[{"taxonomy":"category","embeddable":true,"href":"https:\/\/patagoniambiental.com.ar\/info\/wp-json\/wp\/v2\/categories?post=67620"},{"taxonomy":"post_tag","embeddable":true,"href":"https:\/\/patagoniambiental.com.ar\/info\/wp-json\/wp\/v2\/tags?post=67620"}],"curies":[{"name":"wp","href":"https:\/\/api.w.org\/{rel}","templated":true}]}}